{"id":85672,"date":"2025-05-28T12:25:16","date_gmt":"2025-05-28T15:25:16","guid":{"rendered":"https:\/\/cleitonpinheiro.com.br\/site\/?p=85672"},"modified":"2025-05-28T12:25:21","modified_gmt":"2025-05-28T15:25:21","slug":"mec-fara-recomposicao-de-r-400-milhoes-do-orcamento-das-universidades","status":"publish","type":"post","link":"https:\/\/cleitonpinheiro.com.br\/site\/mec-fara-recomposicao-de-r-400-milhoes-do-orcamento-das-universidades\/","title":{"rendered":"MEC far\u00e1 recomposi\u00e7\u00e3o de R$ 400 milh\u00f5es do or\u00e7amento das universidades"},"content":{"rendered":"\n<figure class=\"wp-block-image size-large\"><img fetchpriority=\"high\" decoding=\"async\" width=\"1024\" height=\"613\" src=\"https:\/\/cleitonpinheiro.com.br\/site\/wp-content\/uploads\/2025\/05\/lula3311-1024x613.webp\" alt=\"\" class=\"wp-image-85673\" srcset=\"https:\/\/cleitonpinheiro.com.br\/site\/wp-content\/uploads\/2025\/05\/lula3311-1024x613.webp 1024w, https:\/\/cleitonpinheiro.com.br\/site\/wp-content\/uploads\/2025\/05\/lula3311-300x179.webp 300w, https:\/\/cleitonpinheiro.com.br\/site\/wp-content\/uploads\/2025\/05\/lula3311-768x459.webp 768w, https:\/\/cleitonpinheiro.com.br\/site\/wp-content\/uploads\/2025\/05\/lula3311.webp 1170w\" sizes=\"(max-width: 1024px) 100vw, 1024px\" \/><figcaption class=\"wp-element-caption\">\u00a9 Lula Marques\/Ag\u00eancia Brasil\n<\/figcaption><\/figure>\n\n\n\n<p>O governo federal far\u00e1 a recomposi\u00e7\u00e3o de R$ 400 milh\u00f5es no or\u00e7amento de 2025 das universidades e institutos federais de ensino. Al\u00e9m disso, R$ 300 milh\u00f5es que estavam retidos por decreto ser\u00e3o liberados. As informa\u00e7\u00f5es s\u00e3o do ministro da Educa\u00e7\u00e3o, Camilo Santana, ap\u00f3s reuni\u00e3o com reitores, no Pal\u00e1cio do Planalto, em Bras\u00edlia.<\/p>\n\n\n\n<p>De acordo com ele, ao passar pelo Congresso Nacional, o or\u00e7amento dessas institui\u00e7\u00f5es sofreu um corte de R$ 340 milh\u00f5es em rela\u00e7\u00e3o ao que foi encaminhado pelo governo. Agora o Minist\u00e9rio da Educa\u00e7\u00e3o (MEC) far\u00e1 a recomposi\u00e7\u00e3o, mais um acr\u00e9scimo de R$ 60 milh\u00f5es.<\/p>\n\n\n\n<p>Al\u00e9m disso, segundo Santana, o congelamento de R$ 31,3 bilh\u00f5es de gastos n\u00e3o obrigat\u00f3rios do Or\u00e7amento de 2025, anunciado na semana passada, n\u00e3o afetar\u00e1 as institui\u00e7\u00f5es federais de ensino.<\/p>\n\n\n\n<p>\u201cFoi um compromisso meu desde o in\u00edcio [do governo], 2023, nem universidade e institutos federais sofreram cortes; 2024 tamb\u00e9m. Ent\u00e3o, cumpriremos tamb\u00e9m esse compromisso em 2025, para que as nossas institui\u00e7\u00f5es n\u00e3o sejam afetadas por qualquer corte ou bloqueio ou contingenciamento no nosso or\u00e7amento\u201d, refor\u00e7ou.<\/p>\n\n\n\n<blockquote class=\"wp-block-quote is-layout-flow wp-block-quote-is-layout-flow\"><\/blockquote>\n\n\n\n<p>O Congresso Nacional aprovou o Or\u00e7amento de 2025 apenas no fim de mar\u00e7o. Em caso de atraso, a lei prev\u00ea limite de gastos discricion\u00e1rios (n\u00e3o obrigat\u00f3rios) de 1\/12 por m\u00eas, dos valores inicialmente previstos no projeto do Or\u00e7amento. Um decreto do presidente Luiz In\u00e1cio Lula da Silva, entretanto, determinou que cada \u00f3rg\u00e3o federal pudesse empenhar, at\u00e9 maio, apenas 1\/18 dos gastos discricion\u00e1rios a cada m\u00eas.<\/p>\n\n\n\n<p>Com isso, R$ 300 milh\u00f5es das universidades e institutos federais ficaram retidos. Valores que, segundo Santana, ser\u00e3o liberados nos pr\u00f3ximos dois dias.<\/p>\n\n\n\n<p>\u201cComo o repasse estava sendo feito menor, de 1\/18, em vez de 1\/12, fica retira esse recurso. Ent\u00e3o n\u00f3s vamos agora devolver, recompor esses R$ 300 milh\u00f5es do financeiro\u201d, disse.<\/p>\n\n\n\n<p>\u201cA partir de agora as universidades ficam fora de cumprir 1\/18, volta a 1\/12, recebendo normalmente a partir de junho os seus recursos\u201d, refor\u00e7ou.<\/p>\n\n\n\n<p>O ministro falou sobre as diversas a\u00e7\u00f5es do governo federal para as universidades e institutos federais, como expans\u00e3o de unidades, reajuste de bolsas e aumento salarial de professores e t\u00e9cnicos. Segundo ele, o or\u00e7amento geral cresceu nos \u00faltimos anos, entretanto, a grande reclama\u00e7\u00e3o dos reitores \u00e9 com o or\u00e7amento discricion\u00e1rio, que paga o custeio das institui\u00e7\u00f5es.<\/p>\n\n\n\n<p>\u201cRealmente, se voc\u00ea for olhar o discricion\u00e1rio, corrigir pela infla\u00e7\u00e3o, ele est\u00e1, ainda, abaixo do que era em 2014. Ent\u00e3o, essa \u00e9 a grande reclama\u00e7\u00e3o, apesar do esfor\u00e7o que o governo federal fez para fazer essa recomposi\u00e7\u00e3o\u201d, contou.<\/p>\n\n\n\n<h2 class=\"wp-block-heading\">Sustentabilidade<\/h2>\n\n\n\n<p>Outro compromisso feito por Camilo Santana aos reitores \u00e9 a constru\u00e7\u00e3o de um projeto de lei para garantir sustentabilidade or\u00e7ament\u00e1ria ao ensino superior, da mesma forma que a educa\u00e7\u00e3o b\u00e1sica, que tem o Fundo de Manuten\u00e7\u00e3o e Desenvolvimento da Educa\u00e7\u00e3o B\u00e1sica e de Valoriza\u00e7\u00e3o dos Profissionais da Educa\u00e7\u00e3o (Fundeb).<\/p>\n\n\n\n<p>\u201cLembrando que as universidades s\u00e3o respons\u00e1veis por mais de 90% da pesquisa feita nesse pa\u00eds, [\u00e9 preciso um instrumento] que d\u00ea mais sustentabilidade, mais garantia de planejamento dos nossos reitores e reitoras das nossas institui\u00e7\u00f5es\u201d, disse o ministro.<\/p>\n\n\n\n<p>Tamb\u00e9m ser\u00e1 aberto um grupo de trabalho para dar mais efici\u00eancia \u00e0s institui\u00e7\u00f5es federais.<\/p>\n\n\n\n<p>\u201cN\u00e3o s\u00f3 dos dados de matr\u00edcula, de aprova\u00e7\u00e3o, de conclus\u00e3o, mas tamb\u00e9m na efici\u00eancia dos gastos da universidade, criar a ata de registro de pre\u00e7o para universidade, projetos padr\u00f5es para as universidades\u201d, explicou.<\/p>\n\n\n\n<p>Texto: Andreia Verd\u00e9lio \u2013 Rep\u00f3rter da Ag\u00eancia Brasil<br><\/p>\n","protected":false},"excerpt":{"rendered":"<p>O governo federal far\u00e1 a recomposi\u00e7\u00e3o de R$ 400 milh\u00f5es no or\u00e7amento de 2025 das universidades e institutos federais de ensino. Al\u00e9m disso, R$ 300 milh\u00f5es que estavam retidos por decreto ser\u00e3o liberados. As informa\u00e7\u00f5es s\u00e3o do ministro da Educa\u00e7\u00e3o, Camilo Santana, ap\u00f3s reuni\u00e3o com reitores, no Pal\u00e1cio do Planalto, em Bras\u00edlia. De acordo com [&hellip;]<\/p>\n","protected":false},"author":13,"featured_media":85673,"comment_status":"open","ping_status":"open","sticky":false,"template":"","format":"standard","meta":{"_acf_changed":false,"footnotes":""},"categories":[898,23,21],"tags":[],"class_list":["post-85672","post","type-post","status-publish","format-standard","has-post-thumbnail","hentry","category-manchete-segundaria","category-politica","category-todas-noticias"],"acf":[],"yoast_head":"<!-- This site is optimized with the Yoast SEO plugin v24.4 - https:\/\/yoast.com\/wordpress\/plugins\/seo\/ -->\n<title>MEC far\u00e1 recomposi\u00e7\u00e3o de R$ 400 milh\u00f5es do or\u00e7amento das universidades - PORTAL DE NOT\u00cdCIAS CLEITON PINHEIRO<\/title>\n<meta name=\"robots\" content=\"index, follow, max-snippet:-1, max-image-preview:large, max-video-preview:-1\" \/>\n<link rel=\"canonical\" href=\"https:\/\/cleitonpinheiro.com.br\/site\/mec-fara-recomposicao-de-r-400-milhoes-do-orcamento-das-universidades\/\" \/>\n<meta property=\"og:locale\" content=\"pt_BR\" \/>\n<meta property=\"og:type\" content=\"article\" \/>\n<meta property=\"og:title\" content=\"MEC far\u00e1 recomposi\u00e7\u00e3o de R$ 400 milh\u00f5es do or\u00e7amento das universidades - PORTAL DE NOT\u00cdCIAS CLEITON PINHEIRO\" \/>\n<meta property=\"og:description\" content=\"O governo federal far\u00e1 a recomposi\u00e7\u00e3o de R$ 400 milh\u00f5es no or\u00e7amento de 2025 das universidades e institutos federais de ensino. Al\u00e9m disso, R$ 300 milh\u00f5es que estavam retidos por decreto ser\u00e3o liberados. As informa\u00e7\u00f5es s\u00e3o do ministro da Educa\u00e7\u00e3o, Camilo Santana, ap\u00f3s reuni\u00e3o com reitores, no Pal\u00e1cio do Planalto, em Bras\u00edlia. De acordo com [&hellip;]\" \/>\n<meta property=\"og:url\" content=\"https:\/\/cleitonpinheiro.com.br\/site\/mec-fara-recomposicao-de-r-400-milhoes-do-orcamento-das-universidades\/\" \/>\n<meta property=\"og:site_name\" content=\"PORTAL DE NOT\u00cdCIAS CLEITON PINHEIRO\" \/>\n<meta property=\"article:publisher\" content=\"https:\/\/www.facebook.com\/portalcpnoticias\/\" \/>\n<meta property=\"article:published_time\" content=\"2025-05-28T15:25:16+00:00\" \/>\n<meta property=\"article:modified_time\" content=\"2025-05-28T15:25:21+00:00\" \/>\n<meta property=\"og:image\" content=\"https:\/\/cleitonpinheiro.com.br\/site\/wp-content\/uploads\/2025\/05\/lula3311.webp\" \/>\n\t<meta property=\"og:image:width\" content=\"1170\" \/>\n\t<meta property=\"og:image:height\" content=\"700\" \/>\n\t<meta property=\"og:image:type\" content=\"image\/webp\" \/>\n<meta name=\"author\" content=\"Reda\u00e7\u00e3o CP\" \/>\n<meta name=\"twitter:card\" content=\"summary_large_image\" \/>\n<meta name=\"twitter:label1\" content=\"Escrito por\" \/>\n\t<meta name=\"twitter:data1\" content=\"Reda\u00e7\u00e3o CP\" \/>\n\t<meta name=\"twitter:label2\" content=\"Est. tempo de leitura\" \/>\n\t<meta name=\"twitter:data2\" content=\"4 minutos\" \/>\n<script type=\"application\/ld+json\" class=\"yoast-schema-graph\">{\"@context\":\"https:\/\/schema.org\",\"@graph\":[{\"@type\":\"Article\",\"@id\":\"https:\/\/cleitonpinheiro.com.br\/site\/mec-fara-recomposicao-de-r-400-milhoes-do-orcamento-das-universidades\/#article\",\"isPartOf\":{\"@id\":\"https:\/\/cleitonpinheiro.com.br\/site\/mec-fara-recomposicao-de-r-400-milhoes-do-orcamento-das-universidades\/\"},\"author\":{\"name\":\"Reda\u00e7\u00e3o CP\",\"@id\":\"https:\/\/cleitonpinheiro.com.br\/site\/#\/schema\/person\/8f04544e0bc40a1b68775b08360f87db\"},\"headline\":\"MEC far\u00e1 recomposi\u00e7\u00e3o de R$ 400 milh\u00f5es do or\u00e7amento das universidades\",\"datePublished\":\"2025-05-28T15:25:16+00:00\",\"dateModified\":\"2025-05-28T15:25:21+00:00\",\"mainEntityOfPage\":{\"@id\":\"https:\/\/cleitonpinheiro.com.br\/site\/mec-fara-recomposicao-de-r-400-milhoes-do-orcamento-das-universidades\/\"},\"wordCount\":637,\"commentCount\":0,\"publisher\":{\"@id\":\"https:\/\/cleitonpinheiro.com.br\/site\/#organization\"},\"image\":{\"@id\":\"https:\/\/cleitonpinheiro.com.br\/site\/mec-fara-recomposicao-de-r-400-milhoes-do-orcamento-das-universidades\/#primaryimage\"},\"thumbnailUrl\":\"https:\/\/cleitonpinheiro.com.br\/site\/wp-content\/uploads\/2025\/05\/lula3311.webp\",\"articleSection\":[\"MANCHETE SEGUND\u00c1RIA\",\"POL\u00cdTICA\",\"TODAS NOTICIAS\"],\"inLanguage\":\"pt-BR\",\"potentialAction\":[{\"@type\":\"CommentAction\",\"name\":\"Comment\",\"target\":[\"https:\/\/cleitonpinheiro.com.br\/site\/mec-fara-recomposicao-de-r-400-milhoes-do-orcamento-das-universidades\/#respond\"]}]},{\"@type\":\"WebPage\",\"@id\":\"https:\/\/cleitonpinheiro.com.br\/site\/mec-fara-recomposicao-de-r-400-milhoes-do-orcamento-das-universidades\/\",\"url\":\"https:\/\/cleitonpinheiro.com.br\/site\/mec-fara-recomposicao-de-r-400-milhoes-do-orcamento-das-universidades\/\",\"name\":\"MEC far\u00e1 recomposi\u00e7\u00e3o de R$ 400 milh\u00f5es do or\u00e7amento das universidades - PORTAL DE NOT\u00cdCIAS CLEITON PINHEIRO\",\"isPartOf\":{\"@id\":\"https:\/\/cleitonpinheiro.com.br\/site\/#website\"},\"primaryImageOfPage\":{\"@id\":\"https:\/\/cleitonpinheiro.com.br\/site\/mec-fara-recomposicao-de-r-400-milhoes-do-orcamento-das-universidades\/#primaryimage\"},\"image\":{\"@id\":\"https:\/\/cleitonpinheiro.com.br\/site\/mec-fara-recomposicao-de-r-400-milhoes-do-orcamento-das-universidades\/#primaryimage\"},\"thumbnailUrl\":\"https:\/\/cleitonpinheiro.com.br\/site\/wp-content\/uploads\/2025\/05\/lula3311.webp\",\"datePublished\":\"2025-05-28T15:25:16+00:00\",\"dateModified\":\"2025-05-28T15:25:21+00:00\",\"breadcrumb\":{\"@id\":\"https:\/\/cleitonpinheiro.com.br\/site\/mec-fara-recomposicao-de-r-400-milhoes-do-orcamento-das-universidades\/#breadcrumb\"},\"inLanguage\":\"pt-BR\",\"potentialAction\":[{\"@type\":\"ReadAction\",\"target\":[\"https:\/\/cleitonpinheiro.com.br\/site\/mec-fara-recomposicao-de-r-400-milhoes-do-orcamento-das-universidades\/\"]}]},{\"@type\":\"ImageObject\",\"inLanguage\":\"pt-BR\",\"@id\":\"https:\/\/cleitonpinheiro.com.br\/site\/mec-fara-recomposicao-de-r-400-milhoes-do-orcamento-das-universidades\/#primaryimage\",\"url\":\"https:\/\/cleitonpinheiro.com.br\/site\/wp-content\/uploads\/2025\/05\/lula3311.webp\",\"contentUrl\":\"https:\/\/cleitonpinheiro.com.br\/site\/wp-content\/uploads\/2025\/05\/lula3311.webp\",\"width\":1170,\"height\":700,\"caption\":\"\u00a9 Lula Marques\/Ag\u00eancia Brasil\"},{\"@type\":\"BreadcrumbList\",\"@id\":\"https:\/\/cleitonpinheiro.com.br\/site\/mec-fara-recomposicao-de-r-400-milhoes-do-orcamento-das-universidades\/#breadcrumb\",\"itemListElement\":[{\"@type\":\"ListItem\",\"position\":1,\"name\":\"In\u00edcio\",\"item\":\"https:\/\/cleitonpinheiro.com.br\/site\/\"},{\"@type\":\"ListItem\",\"position\":2,\"name\":\"MEC far\u00e1 recomposi\u00e7\u00e3o de R$ 400 milh\u00f5es do or\u00e7amento das universidades\"}]},{\"@type\":\"WebSite\",\"@id\":\"https:\/\/cleitonpinheiro.com.br\/site\/#website\",\"url\":\"https:\/\/cleitonpinheiro.com.br\/site\/\",\"name\":\"PORTAL DE NOT\u00cdCIAS CLEITON PINHEIRO\",\"description\":\"FALANDO A VERDADE\",\"publisher\":{\"@id\":\"https:\/\/cleitonpinheiro.com.br\/site\/#organization\"},\"potentialAction\":[{\"@type\":\"SearchAction\",\"target\":{\"@type\":\"EntryPoint\",\"urlTemplate\":\"https:\/\/cleitonpinheiro.com.br\/site\/?s={search_term_string}\"},\"query-input\":{\"@type\":\"PropertyValueSpecification\",\"valueRequired\":true,\"valueName\":\"search_term_string\"}}],\"inLanguage\":\"pt-BR\"},{\"@type\":\"Organization\",\"@id\":\"https:\/\/cleitonpinheiro.com.br\/site\/#organization\",\"name\":\"CPNOT\u00cdCIAS\",\"url\":\"https:\/\/cleitonpinheiro.com.br\/site\/\",\"logo\":{\"@type\":\"ImageObject\",\"inLanguage\":\"pt-BR\",\"@id\":\"https:\/\/cleitonpinheiro.com.br\/site\/#\/schema\/logo\/image\/\",\"url\":\"https:\/\/cleitonpinheiro.com.br\/site\/wp-content\/uploads\/2022\/08\/Logo-pequena-2.png\",\"contentUrl\":\"https:\/\/cleitonpinheiro.com.br\/site\/wp-content\/uploads\/2022\/08\/Logo-pequena-2.png\",\"width\":500,\"height\":500,\"caption\":\"CPNOT\u00cdCIAS\"},\"image\":{\"@id\":\"https:\/\/cleitonpinheiro.com.br\/site\/#\/schema\/logo\/image\/\"},\"sameAs\":[\"https:\/\/www.facebook.com\/portalcpnoticias\/\"]},{\"@type\":\"Person\",\"@id\":\"https:\/\/cleitonpinheiro.com.br\/site\/#\/schema\/person\/8f04544e0bc40a1b68775b08360f87db\",\"name\":\"Reda\u00e7\u00e3o CP\",\"image\":{\"@type\":\"ImageObject\",\"inLanguage\":\"pt-BR\",\"@id\":\"https:\/\/cleitonpinheiro.com.br\/site\/#\/schema\/person\/image\/\",\"url\":\"https:\/\/secure.gravatar.com\/avatar\/0bcf19cb29fdc8fc588c490c7ae1b3e174dac268586a63fbe1d1893a0f9020cd?s=96&r=g\",\"contentUrl\":\"https:\/\/secure.gravatar.com\/avatar\/0bcf19cb29fdc8fc588c490c7ae1b3e174dac268586a63fbe1d1893a0f9020cd?s=96&r=g\",\"caption\":\"Reda\u00e7\u00e3o CP\"},\"url\":\"https:\/\/cleitonpinheiro.com.br\/site\/author\/redacao\/\"}]}<\/script>\n<!-- \/ Yoast SEO plugin. -->","yoast_head_json":{"title":"MEC far\u00e1 recomposi\u00e7\u00e3o de R$ 400 milh\u00f5es do or\u00e7amento das universidades - PORTAL DE NOT\u00cdCIAS CLEITON PINHEIRO","robots":{"index":"index","follow":"follow","max-snippet":"max-snippet:-1","max-image-preview":"max-image-preview:large","max-video-preview":"max-video-preview:-1"},"canonical":"https:\/\/cleitonpinheiro.com.br\/site\/mec-fara-recomposicao-de-r-400-milhoes-do-orcamento-das-universidades\/","og_locale":"pt_BR","og_type":"article","og_title":"MEC far\u00e1 recomposi\u00e7\u00e3o de R$ 400 milh\u00f5es do or\u00e7amento das universidades - PORTAL DE NOT\u00cdCIAS CLEITON PINHEIRO","og_description":"O governo federal far\u00e1 a recomposi\u00e7\u00e3o de R$ 400 milh\u00f5es no or\u00e7amento de 2025 das universidades e institutos federais de ensino. Al\u00e9m disso, R$ 300 milh\u00f5es que estavam retidos por decreto ser\u00e3o liberados. As informa\u00e7\u00f5es s\u00e3o do ministro da Educa\u00e7\u00e3o, Camilo Santana, ap\u00f3s reuni\u00e3o com reitores, no Pal\u00e1cio do Planalto, em Bras\u00edlia. De acordo com [&hellip;]","og_url":"https:\/\/cleitonpinheiro.com.br\/site\/mec-fara-recomposicao-de-r-400-milhoes-do-orcamento-das-universidades\/","og_site_name":"PORTAL DE NOT\u00cdCIAS CLEITON PINHEIRO","article_publisher":"https:\/\/www.facebook.com\/portalcpnoticias\/","article_published_time":"2025-05-28T15:25:16+00:00","article_modified_time":"2025-05-28T15:25:21+00:00","og_image":[{"width":1170,"height":700,"url":"https:\/\/cleitonpinheiro.com.br\/site\/wp-content\/uploads\/2025\/05\/lula3311.webp","type":"image\/webp"}],"author":"Reda\u00e7\u00e3o CP","twitter_card":"summary_large_image","twitter_misc":{"Escrito por":"Reda\u00e7\u00e3o CP","Est. tempo de leitura":"4 minutos"},"schema":{"@context":"https:\/\/schema.org","@graph":[{"@type":"Article","@id":"https:\/\/cleitonpinheiro.com.br\/site\/mec-fara-recomposicao-de-r-400-milhoes-do-orcamento-das-universidades\/#article","isPartOf":{"@id":"https:\/\/cleitonpinheiro.com.br\/site\/mec-fara-recomposicao-de-r-400-milhoes-do-orcamento-das-universidades\/"},"author":{"name":"Reda\u00e7\u00e3o CP","@id":"https:\/\/cleitonpinheiro.com.br\/site\/#\/schema\/person\/8f04544e0bc40a1b68775b08360f87db"},"headline":"MEC far\u00e1 recomposi\u00e7\u00e3o de R$ 400 milh\u00f5es do or\u00e7amento das universidades","datePublished":"2025-05-28T15:25:16+00:00","dateModified":"2025-05-28T15:25:21+00:00","mainEntityOfPage":{"@id":"https:\/\/cleitonpinheiro.com.br\/site\/mec-fara-recomposicao-de-r-400-milhoes-do-orcamento-das-universidades\/"},"wordCount":637,"commentCount":0,"publisher":{"@id":"https:\/\/cleitonpinheiro.com.br\/site\/#organization"},"image":{"@id":"https:\/\/cleitonpinheiro.com.br\/site\/mec-fara-recomposicao-de-r-400-milhoes-do-orcamento-das-universidades\/#primaryimage"},"thumbnailUrl":"https:\/\/cleitonpinheiro.com.br\/site\/wp-content\/uploads\/2025\/05\/lula3311.webp","articleSection":["MANCHETE SEGUND\u00c1RIA","POL\u00cdTICA","TODAS NOTICIAS"],"inLanguage":"pt-BR","potentialAction":[{"@type":"CommentAction","name":"Comment","target":["https:\/\/cleitonpinheiro.com.br\/site\/mec-fara-recomposicao-de-r-400-milhoes-do-orcamento-das-universidades\/#respond"]}]},{"@type":"WebPage","@id":"https:\/\/cleitonpinheiro.com.br\/site\/mec-fara-recomposicao-de-r-400-milhoes-do-orcamento-das-universidades\/","url":"https:\/\/cleitonpinheiro.com.br\/site\/mec-fara-recomposicao-de-r-400-milhoes-do-orcamento-das-universidades\/","name":"MEC far\u00e1 recomposi\u00e7\u00e3o de R$ 400 milh\u00f5es do or\u00e7amento das universidades - PORTAL DE NOT\u00cdCIAS CLEITON PINHEIRO","isPartOf":{"@id":"https:\/\/cleitonpinheiro.com.br\/site\/#website"},"primaryImageOfPage":{"@id":"https:\/\/cleitonpinheiro.com.br\/site\/mec-fara-recomposicao-de-r-400-milhoes-do-orcamento-das-universidades\/#primaryimage"},"image":{"@id":"https:\/\/cleitonpinheiro.com.br\/site\/mec-fara-recomposicao-de-r-400-milhoes-do-orcamento-das-universidades\/#primaryimage"},"thumbnailUrl":"https:\/\/cleitonpinheiro.com.br\/site\/wp-content\/uploads\/2025\/05\/lula3311.webp","datePublished":"2025-05-28T15:25:16+00:00","dateModified":"2025-05-28T15:25:21+00:00","breadcrumb":{"@id":"https:\/\/cleitonpinheiro.com.br\/site\/mec-fara-recomposicao-de-r-400-milhoes-do-orcamento-das-universidades\/#breadcrumb"},"inLanguage":"pt-BR","potentialAction":[{"@type":"ReadAction","target":["https:\/\/cleitonpinheiro.com.br\/site\/mec-fara-recomposicao-de-r-400-milhoes-do-orcamento-das-universidades\/"]}]},{"@type":"ImageObject","inLanguage":"pt-BR","@id":"https:\/\/cleitonpinheiro.com.br\/site\/mec-fara-recomposicao-de-r-400-milhoes-do-orcamento-das-universidades\/#primaryimage","url":"https:\/\/cleitonpinheiro.com.br\/site\/wp-content\/uploads\/2025\/05\/lula3311.webp","contentUrl":"https:\/\/cleitonpinheiro.com.br\/site\/wp-content\/uploads\/2025\/05\/lula3311.webp","width":1170,"height":700,"caption":"\u00a9 Lula Marques\/Ag\u00eancia Brasil"},{"@type":"BreadcrumbList","@id":"https:\/\/cleitonpinheiro.com.br\/site\/mec-fara-recomposicao-de-r-400-milhoes-do-orcamento-das-universidades\/#breadcrumb","itemListElement":[{"@type":"ListItem","position":1,"name":"In\u00edcio","item":"https:\/\/cleitonpinheiro.com.br\/site\/"},{"@type":"ListItem","position":2,"name":"MEC far\u00e1 recomposi\u00e7\u00e3o de R$ 400 milh\u00f5es do or\u00e7amento das universidades"}]},{"@type":"WebSite","@id":"https:\/\/cleitonpinheiro.com.br\/site\/#website","url":"https:\/\/cleitonpinheiro.com.br\/site\/","name":"PORTAL DE NOT\u00cdCIAS CLEITON PINHEIRO","description":"FALANDO A VERDADE","publisher":{"@id":"https:\/\/cleitonpinheiro.com.br\/site\/#organization"},"potentialAction":[{"@type":"SearchAction","target":{"@type":"EntryPoint","urlTemplate":"https:\/\/cleitonpinheiro.com.br\/site\/?s={search_term_string}"},"query-input":{"@type":"PropertyValueSpecification","valueRequired":true,"valueName":"search_term_string"}}],"inLanguage":"pt-BR"},{"@type":"Organization","@id":"https:\/\/cleitonpinheiro.com.br\/site\/#organization","name":"CPNOT\u00cdCIAS","url":"https:\/\/cleitonpinheiro.com.br\/site\/","logo":{"@type":"ImageObject","inLanguage":"pt-BR","@id":"https:\/\/cleitonpinheiro.com.br\/site\/#\/schema\/logo\/image\/","url":"https:\/\/cleitonpinheiro.com.br\/site\/wp-content\/uploads\/2022\/08\/Logo-pequena-2.png","contentUrl":"https:\/\/cleitonpinheiro.com.br\/site\/wp-content\/uploads\/2022\/08\/Logo-pequena-2.png","width":500,"height":500,"caption":"CPNOT\u00cdCIAS"},"image":{"@id":"https:\/\/cleitonpinheiro.com.br\/site\/#\/schema\/logo\/image\/"},"sameAs":["https:\/\/www.facebook.com\/portalcpnoticias\/"]},{"@type":"Person","@id":"https:\/\/cleitonpinheiro.com.br\/site\/#\/schema\/person\/8f04544e0bc40a1b68775b08360f87db","name":"Reda\u00e7\u00e3o CP","image":{"@type":"ImageObject","inLanguage":"pt-BR","@id":"https:\/\/cleitonpinheiro.com.br\/site\/#\/schema\/person\/image\/","url":"https:\/\/secure.gravatar.com\/avatar\/0bcf19cb29fdc8fc588c490c7ae1b3e174dac268586a63fbe1d1893a0f9020cd?s=96&r=g","contentUrl":"https:\/\/secure.gravatar.com\/avatar\/0bcf19cb29fdc8fc588c490c7ae1b3e174dac268586a63fbe1d1893a0f9020cd?s=96&r=g","caption":"Reda\u00e7\u00e3o CP"},"url":"https:\/\/cleitonpinheiro.com.br\/site\/author\/redacao\/"}]}},"views":199,"_links":{"self":[{"href":"https:\/\/cleitonpinheiro.com.br\/site\/wp-json\/wp\/v2\/posts\/85672","targetHints":{"allow":["GET"]}}],"collection":[{"href":"https:\/\/cleitonpinheiro.com.br\/site\/wp-json\/wp\/v2\/posts"}],"about":[{"href":"https:\/\/cleitonpinheiro.com.br\/site\/wp-json\/wp\/v2\/types\/post"}],"author":[{"embeddable":true,"href":"https:\/\/cleitonpinheiro.com.br\/site\/wp-json\/wp\/v2\/users\/13"}],"replies":[{"embeddable":true,"href":"https:\/\/cleitonpinheiro.com.br\/site\/wp-json\/wp\/v2\/comments?post=85672"}],"version-history":[{"count":1,"href":"https:\/\/cleitonpinheiro.com.br\/site\/wp-json\/wp\/v2\/posts\/85672\/revisions"}],"predecessor-version":[{"id":85674,"href":"https:\/\/cleitonpinheiro.com.br\/site\/wp-json\/wp\/v2\/posts\/85672\/revisions\/85674"}],"wp:featuredmedia":[{"embeddable":true,"href":"https:\/\/cleitonpinheiro.com.br\/site\/wp-json\/wp\/v2\/media\/85673"}],"wp:attachment":[{"href":"https:\/\/cleitonpinheiro.com.br\/site\/wp-json\/wp\/v2\/media?parent=85672"}],"wp:term":[{"taxonomy":"category","embeddable":true,"href":"https:\/\/cleitonpinheiro.com.br\/site\/wp-json\/wp\/v2\/categories?post=85672"},{"taxonomy":"post_tag","embeddable":true,"href":"https:\/\/cleitonpinheiro.com.br\/site\/wp-json\/wp\/v2\/tags?post=85672"}],"curies":[{"name":"wp","href":"https:\/\/api.w.org\/{rel}","templated":true}]}}