{"id":85675,"date":"2025-05-28T12:28:13","date_gmt":"2025-05-28T15:28:13","guid":{"rendered":"https:\/\/cleitonpinheiro.com.br\/site\/?p=85675"},"modified":"2025-05-28T12:28:18","modified_gmt":"2025-05-28T15:28:18","slug":"judicializacao-representa-um-terco-do-gasto-estadual-com-medicamentos","status":"publish","type":"post","link":"https:\/\/cleitonpinheiro.com.br\/site\/judicializacao-representa-um-terco-do-gasto-estadual-com-medicamentos\/","title":{"rendered":"Judicializa\u00e7\u00e3o representa um ter\u00e7o do gasto estadual com medicamentos"},"content":{"rendered":"\n<figure class=\"wp-block-image size-large\"><img fetchpriority=\"high\" decoding=\"async\" width=\"1024\" height=\"613\" src=\"https:\/\/cleitonpinheiro.com.br\/site\/wp-content\/uploads\/2025\/05\/medicamentos_0-1024x613.webp\" alt=\"\" class=\"wp-image-85676\" srcset=\"https:\/\/cleitonpinheiro.com.br\/site\/wp-content\/uploads\/2025\/05\/medicamentos_0-1024x613.webp 1024w, https:\/\/cleitonpinheiro.com.br\/site\/wp-content\/uploads\/2025\/05\/medicamentos_0-300x179.webp 300w, https:\/\/cleitonpinheiro.com.br\/site\/wp-content\/uploads\/2025\/05\/medicamentos_0-768x459.webp 768w, https:\/\/cleitonpinheiro.com.br\/site\/wp-content\/uploads\/2025\/05\/medicamentos_0.webp 1170w\" sizes=\"(max-width: 1024px) 100vw, 1024px\" \/><\/figure>\n\n\n\n<p>Do total de gastos dos estados brasileiros com medicamentos em 2023, em m\u00e9dia um ter\u00e7o (32,9%) ocorreu por for\u00e7a de decis\u00f5es judiciais. Os dados fazem parte da Pesquisa Assist\u00eancia Farmac\u00eautica no Sistema \u00danico de Sa\u00fade (SUS), divulgada nesta ter\u00e7a-feira (27) pelo Instituto de Pesquisa Econ\u00f4mica Aplicada (Ipea).<\/p>\n\n\n\n<p>A pesquisa foi feita em coopera\u00e7\u00e3o t\u00e9cnica com o Conselho Nacional de Secretarias Municipais de Sa\u00fade (Conasems) e o Conselho Nacional de Secret\u00e1rios de Sa\u00fade (Conass). Foram ouvidos gestores de sa\u00fade de 25 estados, incluindo o Distrito Federal, e de 1.865 munic\u00edpios. Todos os estados registraram gastos do tipo com medicamentos, assim como 58,7% dos munic\u00edpios (total de 1.904).<\/p>\n\n\n\n<p>A frequ\u00eancia de munic\u00edpios com fornecimento de medicamentos judicializados foi maior nas regi\u00f5es Centro-Oeste (80,5%), Sudeste (73,3%) e Sul (57,6%), e menor nas regi\u00f5es Norte (49%) e Nordeste (46,3%).<\/p>\n\n\n\n<p>Segundo o Conselho Nacional de Justi\u00e7a (CNJ), no ano passado, foram 162.046 novos casos relacionados \u00e0 sa\u00fade p\u00fablica na 1\u00aa inst\u00e2ncia do judici\u00e1rio. Esse n\u00famero era de 76.836 em 2020, um aumento de 110,9%.<\/p>\n\n\n\n<p>Outra refer\u00eancia s\u00e3o os dados do Siga Brasil, sistema de acesso p\u00fablico que cont\u00e9m informa\u00e7\u00f5es de execu\u00e7\u00e3o or\u00e7ament\u00e1ria e financeira da Uni\u00e3o. Em 2024, o Minist\u00e9rio da Sa\u00fade teve despesa de R$ 3,2 bilh\u00f5es relacionada \u00e0s demandas judiciais de medicamentos.<\/p>\n\n\n\n<p>Para os pesquisadores do Ipea, essa realidade dificulta o planejamento da assist\u00eancia farmac\u00eautica e compromete o or\u00e7amento para aquisi\u00e7\u00e3o de medicamentos, o que reduz a disponibilidade financeira para fornecimento de medicamentos para toda a popula\u00e7\u00e3o.<\/p>\n\n\n\n<p>O presidente do Conasems Hisham Hamida diz que os munic\u00edpios t\u00eam assumido responsabilidades maiores, sem aporte financeiro dos governos federal e estadual.<\/p>\n\n\n\n<p>\u201cEstamos sendo obrigados a custear medicamentos de alt\u00edssimo custo por decis\u00f5es judiciais, muitas vezes sem o devido crit\u00e9rio t\u00e9cnico e sem previs\u00e3o or\u00e7ament\u00e1ria. Isso desorganiza completamente o planejamento da gest\u00e3o municipal e compromete o or\u00e7amento\u201d, diz Hamida.<\/p>\n\n\n\n<p>Na compara\u00e7\u00e3o entre 2019 e 2023, munic\u00edpios aumentaram os gastos em 40%, com diminui\u00e7\u00e3o de 21% dos repasses federais e 22% dos repasses estaduais. Em rela\u00e7\u00e3o \u00e0s despesas dos estados, houve crescimento de 25,1% no gasto e redu\u00e7\u00e3o de 6,2% do repasse federal.<\/p>\n\n\n\n<p>Segundo os pesquisadores do Ipea, os resultados mostram a necessidade de rediscuss\u00e3o do financiamento da assist\u00eancia farmac\u00eautica e do gerenciamento da aquisi\u00e7\u00e3o de medicamentos pelas tr\u00eas esferas de governo.<\/p>\n\n\n\n<p>Texto: Ag\u00eancia Brasil<\/p>\n","protected":false},"excerpt":{"rendered":"<p>Do total de gastos dos estados brasileiros com medicamentos em 2023, em m\u00e9dia um ter\u00e7o (32,9%) ocorreu por for\u00e7a de decis\u00f5es judiciais. Os dados fazem parte da Pesquisa Assist\u00eancia Farmac\u00eautica no Sistema \u00danico de Sa\u00fade (SUS), divulgada nesta ter\u00e7a-feira (27) pelo Instituto de Pesquisa Econ\u00f4mica Aplicada (Ipea). A pesquisa foi feita em coopera\u00e7\u00e3o t\u00e9cnica com [&hellip;]<\/p>\n","protected":false},"author":13,"featured_media":85676,"comment_status":"open","ping_status":"open","sticky":false,"template":"","format":"standard","meta":{"_acf_changed":false,"footnotes":""},"categories":[19,898,21],"tags":[],"class_list":["post-85675","post","type-post","status-publish","format-standard","has-post-thumbnail","hentry","category-brasil-mundo","category-manchete-segundaria","category-todas-noticias"],"acf":[],"yoast_head":"<!-- This site is optimized with the Yoast SEO plugin v24.4 - https:\/\/yoast.com\/wordpress\/plugins\/seo\/ -->\n<title>Judicializa\u00e7\u00e3o representa um ter\u00e7o do gasto estadual com medicamentos - PORTAL DE NOT\u00cdCIAS CLEITON PINHEIRO<\/title>\n<meta name=\"robots\" content=\"index, follow, max-snippet:-1, max-image-preview:large, max-video-preview:-1\" \/>\n<link rel=\"canonical\" href=\"https:\/\/cleitonpinheiro.com.br\/site\/judicializacao-representa-um-terco-do-gasto-estadual-com-medicamentos\/\" \/>\n<meta property=\"og:locale\" content=\"pt_BR\" \/>\n<meta property=\"og:type\" content=\"article\" \/>\n<meta property=\"og:title\" content=\"Judicializa\u00e7\u00e3o representa um ter\u00e7o do gasto estadual com medicamentos - PORTAL DE NOT\u00cdCIAS CLEITON PINHEIRO\" \/>\n<meta property=\"og:description\" content=\"Do total de gastos dos estados brasileiros com medicamentos em 2023, em m\u00e9dia um ter\u00e7o (32,9%) ocorreu por for\u00e7a de decis\u00f5es judiciais. Os dados fazem parte da Pesquisa Assist\u00eancia Farmac\u00eautica no Sistema \u00danico de Sa\u00fade (SUS), divulgada nesta ter\u00e7a-feira (27) pelo Instituto de Pesquisa Econ\u00f4mica Aplicada (Ipea). A pesquisa foi feita em coopera\u00e7\u00e3o t\u00e9cnica com [&hellip;]\" \/>\n<meta property=\"og:url\" content=\"https:\/\/cleitonpinheiro.com.br\/site\/judicializacao-representa-um-terco-do-gasto-estadual-com-medicamentos\/\" \/>\n<meta property=\"og:site_name\" content=\"PORTAL DE NOT\u00cdCIAS CLEITON PINHEIRO\" \/>\n<meta property=\"article:publisher\" content=\"https:\/\/www.facebook.com\/portalcpnoticias\/\" \/>\n<meta property=\"article:published_time\" content=\"2025-05-28T15:28:13+00:00\" \/>\n<meta property=\"article:modified_time\" content=\"2025-05-28T15:28:18+00:00\" \/>\n<meta property=\"og:image\" content=\"https:\/\/cleitonpinheiro.com.br\/site\/wp-content\/uploads\/2025\/05\/medicamentos_0.webp\" \/>\n\t<meta property=\"og:image:width\" content=\"1170\" \/>\n\t<meta property=\"og:image:height\" content=\"700\" \/>\n\t<meta property=\"og:image:type\" content=\"image\/webp\" \/>\n<meta name=\"author\" content=\"Reda\u00e7\u00e3o CP\" \/>\n<meta name=\"twitter:card\" content=\"summary_large_image\" \/>\n<meta name=\"twitter:label1\" content=\"Escrito por\" \/>\n\t<meta name=\"twitter:data1\" content=\"Reda\u00e7\u00e3o CP\" \/>\n\t<meta name=\"twitter:label2\" content=\"Est. tempo de leitura\" \/>\n\t<meta name=\"twitter:data2\" content=\"3 minutos\" \/>\n<script type=\"application\/ld+json\" class=\"yoast-schema-graph\">{\"@context\":\"https:\/\/schema.org\",\"@graph\":[{\"@type\":\"Article\",\"@id\":\"https:\/\/cleitonpinheiro.com.br\/site\/judicializacao-representa-um-terco-do-gasto-estadual-com-medicamentos\/#article\",\"isPartOf\":{\"@id\":\"https:\/\/cleitonpinheiro.com.br\/site\/judicializacao-representa-um-terco-do-gasto-estadual-com-medicamentos\/\"},\"author\":{\"name\":\"Reda\u00e7\u00e3o CP\",\"@id\":\"https:\/\/cleitonpinheiro.com.br\/site\/#\/schema\/person\/8f04544e0bc40a1b68775b08360f87db\"},\"headline\":\"Judicializa\u00e7\u00e3o representa um ter\u00e7o do gasto estadual com medicamentos\",\"datePublished\":\"2025-05-28T15:28:13+00:00\",\"dateModified\":\"2025-05-28T15:28:18+00:00\",\"mainEntityOfPage\":{\"@id\":\"https:\/\/cleitonpinheiro.com.br\/site\/judicializacao-representa-um-terco-do-gasto-estadual-com-medicamentos\/\"},\"wordCount\":428,\"commentCount\":0,\"publisher\":{\"@id\":\"https:\/\/cleitonpinheiro.com.br\/site\/#organization\"},\"image\":{\"@id\":\"https:\/\/cleitonpinheiro.com.br\/site\/judicializacao-representa-um-terco-do-gasto-estadual-com-medicamentos\/#primaryimage\"},\"thumbnailUrl\":\"https:\/\/cleitonpinheiro.com.br\/site\/wp-content\/uploads\/2025\/05\/medicamentos_0.webp\",\"articleSection\":[\"BRASIL \/ MUNDO\",\"MANCHETE SEGUND\u00c1RIA\",\"TODAS NOTICIAS\"],\"inLanguage\":\"pt-BR\",\"potentialAction\":[{\"@type\":\"CommentAction\",\"name\":\"Comment\",\"target\":[\"https:\/\/cleitonpinheiro.com.br\/site\/judicializacao-representa-um-terco-do-gasto-estadual-com-medicamentos\/#respond\"]}]},{\"@type\":\"WebPage\",\"@id\":\"https:\/\/cleitonpinheiro.com.br\/site\/judicializacao-representa-um-terco-do-gasto-estadual-com-medicamentos\/\",\"url\":\"https:\/\/cleitonpinheiro.com.br\/site\/judicializacao-representa-um-terco-do-gasto-estadual-com-medicamentos\/\",\"name\":\"Judicializa\u00e7\u00e3o representa um ter\u00e7o do gasto estadual com medicamentos - PORTAL DE NOT\u00cdCIAS CLEITON PINHEIRO\",\"isPartOf\":{\"@id\":\"https:\/\/cleitonpinheiro.com.br\/site\/#website\"},\"primaryImageOfPage\":{\"@id\":\"https:\/\/cleitonpinheiro.com.br\/site\/judicializacao-representa-um-terco-do-gasto-estadual-com-medicamentos\/#primaryimage\"},\"image\":{\"@id\":\"https:\/\/cleitonpinheiro.com.br\/site\/judicializacao-representa-um-terco-do-gasto-estadual-com-medicamentos\/#primaryimage\"},\"thumbnailUrl\":\"https:\/\/cleitonpinheiro.com.br\/site\/wp-content\/uploads\/2025\/05\/medicamentos_0.webp\",\"datePublished\":\"2025-05-28T15:28:13+00:00\",\"dateModified\":\"2025-05-28T15:28:18+00:00\",\"breadcrumb\":{\"@id\":\"https:\/\/cleitonpinheiro.com.br\/site\/judicializacao-representa-um-terco-do-gasto-estadual-com-medicamentos\/#breadcrumb\"},\"inLanguage\":\"pt-BR\",\"potentialAction\":[{\"@type\":\"ReadAction\",\"target\":[\"https:\/\/cleitonpinheiro.com.br\/site\/judicializacao-representa-um-terco-do-gasto-estadual-com-medicamentos\/\"]}]},{\"@type\":\"ImageObject\",\"inLanguage\":\"pt-BR\",\"@id\":\"https:\/\/cleitonpinheiro.com.br\/site\/judicializacao-representa-um-terco-do-gasto-estadual-com-medicamentos\/#primaryimage\",\"url\":\"https:\/\/cleitonpinheiro.com.br\/site\/wp-content\/uploads\/2025\/05\/medicamentos_0.webp\",\"contentUrl\":\"https:\/\/cleitonpinheiro.com.br\/site\/wp-content\/uploads\/2025\/05\/medicamentos_0.webp\",\"width\":1170,\"height\":700},{\"@type\":\"BreadcrumbList\",\"@id\":\"https:\/\/cleitonpinheiro.com.br\/site\/judicializacao-representa-um-terco-do-gasto-estadual-com-medicamentos\/#breadcrumb\",\"itemListElement\":[{\"@type\":\"ListItem\",\"position\":1,\"name\":\"In\u00edcio\",\"item\":\"https:\/\/cleitonpinheiro.com.br\/site\/\"},{\"@type\":\"ListItem\",\"position\":2,\"name\":\"Judicializa\u00e7\u00e3o representa um ter\u00e7o do gasto estadual com medicamentos\"}]},{\"@type\":\"WebSite\",\"@id\":\"https:\/\/cleitonpinheiro.com.br\/site\/#website\",\"url\":\"https:\/\/cleitonpinheiro.com.br\/site\/\",\"name\":\"PORTAL DE NOT\u00cdCIAS CLEITON PINHEIRO\",\"description\":\"FALANDO A VERDADE\",\"publisher\":{\"@id\":\"https:\/\/cleitonpinheiro.com.br\/site\/#organization\"},\"potentialAction\":[{\"@type\":\"SearchAction\",\"target\":{\"@type\":\"EntryPoint\",\"urlTemplate\":\"https:\/\/cleitonpinheiro.com.br\/site\/?s={search_term_string}\"},\"query-input\":{\"@type\":\"PropertyValueSpecification\",\"valueRequired\":true,\"valueName\":\"search_term_string\"}}],\"inLanguage\":\"pt-BR\"},{\"@type\":\"Organization\",\"@id\":\"https:\/\/cleitonpinheiro.com.br\/site\/#organization\",\"name\":\"CPNOT\u00cdCIAS\",\"url\":\"https:\/\/cleitonpinheiro.com.br\/site\/\",\"logo\":{\"@type\":\"ImageObject\",\"inLanguage\":\"pt-BR\",\"@id\":\"https:\/\/cleitonpinheiro.com.br\/site\/#\/schema\/logo\/image\/\",\"url\":\"https:\/\/cleitonpinheiro.com.br\/site\/wp-content\/uploads\/2022\/08\/Logo-pequena-2.png\",\"contentUrl\":\"https:\/\/cleitonpinheiro.com.br\/site\/wp-content\/uploads\/2022\/08\/Logo-pequena-2.png\",\"width\":500,\"height\":500,\"caption\":\"CPNOT\u00cdCIAS\"},\"image\":{\"@id\":\"https:\/\/cleitonpinheiro.com.br\/site\/#\/schema\/logo\/image\/\"},\"sameAs\":[\"https:\/\/www.facebook.com\/portalcpnoticias\/\"]},{\"@type\":\"Person\",\"@id\":\"https:\/\/cleitonpinheiro.com.br\/site\/#\/schema\/person\/8f04544e0bc40a1b68775b08360f87db\",\"name\":\"Reda\u00e7\u00e3o CP\",\"image\":{\"@type\":\"ImageObject\",\"inLanguage\":\"pt-BR\",\"@id\":\"https:\/\/cleitonpinheiro.com.br\/site\/#\/schema\/person\/image\/\",\"url\":\"https:\/\/secure.gravatar.com\/avatar\/0bcf19cb29fdc8fc588c490c7ae1b3e174dac268586a63fbe1d1893a0f9020cd?s=96&r=g\",\"contentUrl\":\"https:\/\/secure.gravatar.com\/avatar\/0bcf19cb29fdc8fc588c490c7ae1b3e174dac268586a63fbe1d1893a0f9020cd?s=96&r=g\",\"caption\":\"Reda\u00e7\u00e3o CP\"},\"url\":\"https:\/\/cleitonpinheiro.com.br\/site\/author\/redacao\/\"}]}<\/script>\n<!-- \/ Yoast SEO plugin. -->","yoast_head_json":{"title":"Judicializa\u00e7\u00e3o representa um ter\u00e7o do gasto estadual com medicamentos - PORTAL DE NOT\u00cdCIAS CLEITON PINHEIRO","robots":{"index":"index","follow":"follow","max-snippet":"max-snippet:-1","max-image-preview":"max-image-preview:large","max-video-preview":"max-video-preview:-1"},"canonical":"https:\/\/cleitonpinheiro.com.br\/site\/judicializacao-representa-um-terco-do-gasto-estadual-com-medicamentos\/","og_locale":"pt_BR","og_type":"article","og_title":"Judicializa\u00e7\u00e3o representa um ter\u00e7o do gasto estadual com medicamentos - PORTAL DE NOT\u00cdCIAS CLEITON PINHEIRO","og_description":"Do total de gastos dos estados brasileiros com medicamentos em 2023, em m\u00e9dia um ter\u00e7o (32,9%) ocorreu por for\u00e7a de decis\u00f5es judiciais. Os dados fazem parte da Pesquisa Assist\u00eancia Farmac\u00eautica no Sistema \u00danico de Sa\u00fade (SUS), divulgada nesta ter\u00e7a-feira (27) pelo Instituto de Pesquisa Econ\u00f4mica Aplicada (Ipea). A pesquisa foi feita em coopera\u00e7\u00e3o t\u00e9cnica com [&hellip;]","og_url":"https:\/\/cleitonpinheiro.com.br\/site\/judicializacao-representa-um-terco-do-gasto-estadual-com-medicamentos\/","og_site_name":"PORTAL DE NOT\u00cdCIAS CLEITON PINHEIRO","article_publisher":"https:\/\/www.facebook.com\/portalcpnoticias\/","article_published_time":"2025-05-28T15:28:13+00:00","article_modified_time":"2025-05-28T15:28:18+00:00","og_image":[{"width":1170,"height":700,"url":"https:\/\/cleitonpinheiro.com.br\/site\/wp-content\/uploads\/2025\/05\/medicamentos_0.webp","type":"image\/webp"}],"author":"Reda\u00e7\u00e3o CP","twitter_card":"summary_large_image","twitter_misc":{"Escrito por":"Reda\u00e7\u00e3o CP","Est. tempo de leitura":"3 minutos"},"schema":{"@context":"https:\/\/schema.org","@graph":[{"@type":"Article","@id":"https:\/\/cleitonpinheiro.com.br\/site\/judicializacao-representa-um-terco-do-gasto-estadual-com-medicamentos\/#article","isPartOf":{"@id":"https:\/\/cleitonpinheiro.com.br\/site\/judicializacao-representa-um-terco-do-gasto-estadual-com-medicamentos\/"},"author":{"name":"Reda\u00e7\u00e3o CP","@id":"https:\/\/cleitonpinheiro.com.br\/site\/#\/schema\/person\/8f04544e0bc40a1b68775b08360f87db"},"headline":"Judicializa\u00e7\u00e3o representa um ter\u00e7o do gasto estadual com medicamentos","datePublished":"2025-05-28T15:28:13+00:00","dateModified":"2025-05-28T15:28:18+00:00","mainEntityOfPage":{"@id":"https:\/\/cleitonpinheiro.com.br\/site\/judicializacao-representa-um-terco-do-gasto-estadual-com-medicamentos\/"},"wordCount":428,"commentCount":0,"publisher":{"@id":"https:\/\/cleitonpinheiro.com.br\/site\/#organization"},"image":{"@id":"https:\/\/cleitonpinheiro.com.br\/site\/judicializacao-representa-um-terco-do-gasto-estadual-com-medicamentos\/#primaryimage"},"thumbnailUrl":"https:\/\/cleitonpinheiro.com.br\/site\/wp-content\/uploads\/2025\/05\/medicamentos_0.webp","articleSection":["BRASIL \/ MUNDO","MANCHETE SEGUND\u00c1RIA","TODAS NOTICIAS"],"inLanguage":"pt-BR","potentialAction":[{"@type":"CommentAction","name":"Comment","target":["https:\/\/cleitonpinheiro.com.br\/site\/judicializacao-representa-um-terco-do-gasto-estadual-com-medicamentos\/#respond"]}]},{"@type":"WebPage","@id":"https:\/\/cleitonpinheiro.com.br\/site\/judicializacao-representa-um-terco-do-gasto-estadual-com-medicamentos\/","url":"https:\/\/cleitonpinheiro.com.br\/site\/judicializacao-representa-um-terco-do-gasto-estadual-com-medicamentos\/","name":"Judicializa\u00e7\u00e3o representa um ter\u00e7o do gasto estadual com medicamentos - PORTAL DE NOT\u00cdCIAS CLEITON PINHEIRO","isPartOf":{"@id":"https:\/\/cleitonpinheiro.com.br\/site\/#website"},"primaryImageOfPage":{"@id":"https:\/\/cleitonpinheiro.com.br\/site\/judicializacao-representa-um-terco-do-gasto-estadual-com-medicamentos\/#primaryimage"},"image":{"@id":"https:\/\/cleitonpinheiro.com.br\/site\/judicializacao-representa-um-terco-do-gasto-estadual-com-medicamentos\/#primaryimage"},"thumbnailUrl":"https:\/\/cleitonpinheiro.com.br\/site\/wp-content\/uploads\/2025\/05\/medicamentos_0.webp","datePublished":"2025-05-28T15:28:13+00:00","dateModified":"2025-05-28T15:28:18+00:00","breadcrumb":{"@id":"https:\/\/cleitonpinheiro.com.br\/site\/judicializacao-representa-um-terco-do-gasto-estadual-com-medicamentos\/#breadcrumb"},"inLanguage":"pt-BR","potentialAction":[{"@type":"ReadAction","target":["https:\/\/cleitonpinheiro.com.br\/site\/judicializacao-representa-um-terco-do-gasto-estadual-com-medicamentos\/"]}]},{"@type":"ImageObject","inLanguage":"pt-BR","@id":"https:\/\/cleitonpinheiro.com.br\/site\/judicializacao-representa-um-terco-do-gasto-estadual-com-medicamentos\/#primaryimage","url":"https:\/\/cleitonpinheiro.com.br\/site\/wp-content\/uploads\/2025\/05\/medicamentos_0.webp","contentUrl":"https:\/\/cleitonpinheiro.com.br\/site\/wp-content\/uploads\/2025\/05\/medicamentos_0.webp","width":1170,"height":700},{"@type":"BreadcrumbList","@id":"https:\/\/cleitonpinheiro.com.br\/site\/judicializacao-representa-um-terco-do-gasto-estadual-com-medicamentos\/#breadcrumb","itemListElement":[{"@type":"ListItem","position":1,"name":"In\u00edcio","item":"https:\/\/cleitonpinheiro.com.br\/site\/"},{"@type":"ListItem","position":2,"name":"Judicializa\u00e7\u00e3o representa um ter\u00e7o do gasto estadual com medicamentos"}]},{"@type":"WebSite","@id":"https:\/\/cleitonpinheiro.com.br\/site\/#website","url":"https:\/\/cleitonpinheiro.com.br\/site\/","name":"PORTAL DE NOT\u00cdCIAS CLEITON PINHEIRO","description":"FALANDO A VERDADE","publisher":{"@id":"https:\/\/cleitonpinheiro.com.br\/site\/#organization"},"potentialAction":[{"@type":"SearchAction","target":{"@type":"EntryPoint","urlTemplate":"https:\/\/cleitonpinheiro.com.br\/site\/?s={search_term_string}"},"query-input":{"@type":"PropertyValueSpecification","valueRequired":true,"valueName":"search_term_string"}}],"inLanguage":"pt-BR"},{"@type":"Organization","@id":"https:\/\/cleitonpinheiro.com.br\/site\/#organization","name":"CPNOT\u00cdCIAS","url":"https:\/\/cleitonpinheiro.com.br\/site\/","logo":{"@type":"ImageObject","inLanguage":"pt-BR","@id":"https:\/\/cleitonpinheiro.com.br\/site\/#\/schema\/logo\/image\/","url":"https:\/\/cleitonpinheiro.com.br\/site\/wp-content\/uploads\/2022\/08\/Logo-pequena-2.png","contentUrl":"https:\/\/cleitonpinheiro.com.br\/site\/wp-content\/uploads\/2022\/08\/Logo-pequena-2.png","width":500,"height":500,"caption":"CPNOT\u00cdCIAS"},"image":{"@id":"https:\/\/cleitonpinheiro.com.br\/site\/#\/schema\/logo\/image\/"},"sameAs":["https:\/\/www.facebook.com\/portalcpnoticias\/"]},{"@type":"Person","@id":"https:\/\/cleitonpinheiro.com.br\/site\/#\/schema\/person\/8f04544e0bc40a1b68775b08360f87db","name":"Reda\u00e7\u00e3o CP","image":{"@type":"ImageObject","inLanguage":"pt-BR","@id":"https:\/\/cleitonpinheiro.com.br\/site\/#\/schema\/person\/image\/","url":"https:\/\/secure.gravatar.com\/avatar\/0bcf19cb29fdc8fc588c490c7ae1b3e174dac268586a63fbe1d1893a0f9020cd?s=96&r=g","contentUrl":"https:\/\/secure.gravatar.com\/avatar\/0bcf19cb29fdc8fc588c490c7ae1b3e174dac268586a63fbe1d1893a0f9020cd?s=96&r=g","caption":"Reda\u00e7\u00e3o CP"},"url":"https:\/\/cleitonpinheiro.com.br\/site\/author\/redacao\/"}]}},"views":168,"_links":{"self":[{"href":"https:\/\/cleitonpinheiro.com.br\/site\/wp-json\/wp\/v2\/posts\/85675","targetHints":{"allow":["GET"]}}],"collection":[{"href":"https:\/\/cleitonpinheiro.com.br\/site\/wp-json\/wp\/v2\/posts"}],"about":[{"href":"https:\/\/cleitonpinheiro.com.br\/site\/wp-json\/wp\/v2\/types\/post"}],"author":[{"embeddable":true,"href":"https:\/\/cleitonpinheiro.com.br\/site\/wp-json\/wp\/v2\/users\/13"}],"replies":[{"embeddable":true,"href":"https:\/\/cleitonpinheiro.com.br\/site\/wp-json\/wp\/v2\/comments?post=85675"}],"version-history":[{"count":1,"href":"https:\/\/cleitonpinheiro.com.br\/site\/wp-json\/wp\/v2\/posts\/85675\/revisions"}],"predecessor-version":[{"id":85677,"href":"https:\/\/cleitonpinheiro.com.br\/site\/wp-json\/wp\/v2\/posts\/85675\/revisions\/85677"}],"wp:featuredmedia":[{"embeddable":true,"href":"https:\/\/cleitonpinheiro.com.br\/site\/wp-json\/wp\/v2\/media\/85676"}],"wp:attachment":[{"href":"https:\/\/cleitonpinheiro.com.br\/site\/wp-json\/wp\/v2\/media?parent=85675"}],"wp:term":[{"taxonomy":"category","embeddable":true,"href":"https:\/\/cleitonpinheiro.com.br\/site\/wp-json\/wp\/v2\/categories?post=85675"},{"taxonomy":"post_tag","embeddable":true,"href":"https:\/\/cleitonpinheiro.com.br\/site\/wp-json\/wp\/v2\/tags?post=85675"}],"curies":[{"name":"wp","href":"https:\/\/api.w.org\/{rel}","templated":true}]}}