{"id":85678,"date":"2025-05-28T12:32:38","date_gmt":"2025-05-28T15:32:38","guid":{"rendered":"https:\/\/cleitonpinheiro.com.br\/site\/?p=85678"},"modified":"2025-05-28T12:32:43","modified_gmt":"2025-05-28T15:32:43","slug":"descontos-indevidos-do-inss-serao-ressarcidos-ate-31-de-dezembro","status":"publish","type":"post","link":"https:\/\/cleitonpinheiro.com.br\/site\/descontos-indevidos-do-inss-serao-ressarcidos-ate-31-de-dezembro\/","title":{"rendered":"Descontos indevidos do INSS ser\u00e3o ressarcidos at\u00e9 31 de dezembro"},"content":{"rendered":"\n<figure class=\"wp-block-image size-large\"><img fetchpriority=\"high\" decoding=\"async\" width=\"1024\" height=\"613\" src=\"https:\/\/cleitonpinheiro.com.br\/site\/wp-content\/uploads\/2025\/05\/dji_0982-1024x613.webp\" alt=\"\" class=\"wp-image-85679\" srcset=\"https:\/\/cleitonpinheiro.com.br\/site\/wp-content\/uploads\/2025\/05\/dji_0982-1024x613.webp 1024w, https:\/\/cleitonpinheiro.com.br\/site\/wp-content\/uploads\/2025\/05\/dji_0982-300x179.webp 300w, https:\/\/cleitonpinheiro.com.br\/site\/wp-content\/uploads\/2025\/05\/dji_0982-768x459.webp 768w, https:\/\/cleitonpinheiro.com.br\/site\/wp-content\/uploads\/2025\/05\/dji_0982.webp 1170w\" sizes=\"(max-width: 1024px) 100vw, 1024px\" \/><figcaption class=\"wp-element-caption\">\u00a9 Rafa Neddermeyer\/Ag\u00eancia Brasil\n<\/figcaption><\/figure>\n\n\n\n<p>Os aposentados e pensionistas que sofreram descontos ilegais no Instituto Nacional do Seguro Social (INSS) ser\u00e3o ressarcidos at\u00e9 31 de dezembro, disse nesta ter\u00e7a-feira (27) o presidente do \u00f3rg\u00e3o, Gilberto Waller J\u00fanior. Em reuni\u00e3o do Conselho Nacional da Previd\u00eancia Social (CNPS), ele disse que o Tesouro Nacional poder\u00e1 adiantar parte do reembolso, com o valor bloqueado e apreendido das entidades sendo devolvido ao governo posteriormente.<\/p>\n\n\n\n<p>Segundo Waller, o cronograma de devolu\u00e7\u00e3o sair\u00e1 em breve. \u201cCom certeza, at\u00e9 31 de dezembro todo mundo que foi lesado ser\u00e1 ressarcido\u201d, disse.<\/p>\n\n\n\n<p>Em rela\u00e7\u00e3o \u00e0s fontes de recursos, Waller disse que R$ 1 bilh\u00e3o em recursos bloqueados das entidades investigadas j\u00e1 est\u00e3o dispon\u00edveis para o ressarcimento. O INSS aguarda a Justi\u00e7a decidir sobre o bloqueio de outros R$ 2,5 bilh\u00f5es, pedido pela Advocacia-Geral da Uni\u00e3o (AGU).<\/p>\n\n\n\n<p>\u201cMais de R$ 1 bilh\u00e3o foram bloqueados para garantir ressarcimento ao er\u00e1rio, e a AGU pediu bloqueio de mais R$ 2,5 bilh\u00f5es, o que est\u00e1 pendente de decis\u00e3o judicial\u201d, ressaltou o presidente do INSS.<\/p>\n\n\n\n<p>Em seguida, o ministro da Previd\u00eancia Social, Wolney Queiroz, acrescentou que o ressarcimento ocorrer\u00e1 independentemente da busca de recursos pela AGU.<\/p>\n\n\n\n<p>A antecipa\u00e7\u00e3o de recursos do Tesouro Nacional, explicou o presidente do INSS, \u00e9 cogitada por causa da demora em vender os bens das associa\u00e7\u00f5es e entidades bloqueados pela Justi\u00e7a.<\/p>\n\n\n\n<h2 class=\"wp-block-heading\">Estimativas<\/h2>\n\n\n\n<p>Waller reiterou que o valor retirado indevidamente de aposentados e pensionistas ainda \u00e9 desconhecido, mas ficar\u00e1 menor que os R$ 5,9 bilh\u00f5es descontados de mar\u00e7o de 2020 a abril de 2025 de 9 milh\u00f5es de aposentados e pensionistas, o que inclui valores retirados com autoriza\u00e7\u00e3o. O desconto m\u00e9dio n\u00e3o autorizado est\u00e1 em R$ 48 por m\u00eas, enquanto as retiradas entre R$ 60 e R$ 70 t\u00eam percentual menor de contesta\u00e7\u00e3o.<\/p>\n\n\n\n<p>O presidente do INSS tamb\u00e9m informou que os descontos ilegais se concentram nos \u00faltimos dois anos, n\u00e3o nos \u00faltimos cinco anos. Segundo Waller, isso deve diminuir o valor a ser ressarcido.<\/p>\n\n\n\n<p>H\u00e1 cerca de duas semanas, cerca de 9 milh\u00f5es de aposentados e pensionistas foram notificados pelo aplicativo Meu INSS e devem informar se os descontos para associa\u00e7\u00f5es e entidades foram autorizados ou s\u00e3o ilegais. Nesta ter\u00e7a-feira, o INSS publicou a lista de cerca de 4,7 mil ag\u00eancias dos Correios que atender\u00e3o os segurados com dificuldade de acesso \u00e0 internet.<\/p>\n\n\n\n<h2 class=\"wp-block-heading\">Decis\u00f5es suspensas<\/h2>\n\n\n\n<p>A reuni\u00e3o do CNPS deste m\u00eas n\u00e3o teve a participa\u00e7\u00e3o dos representantes das associa\u00e7\u00f5es investigadas pela Pol\u00edcia Federal, afastados preventivamente pelo ministro da Previd\u00eancia, Wolney Queiroz. Por causa do afastamento, a reuni\u00e3o desta ter\u00e7a n\u00e3o teve decis\u00f5es deliberativas.<\/p>\n\n\n\n<p>O CNPS, que decide sobre quest\u00f5es como o teto de juros do cr\u00e9dito consignado do INSS, s\u00f3 voltar\u00e1 a deliberar ap\u00f3s as centrais sindicais indicarem os substitutos dos conselheiros afastados. H\u00e1 a expectativa de que, no encontro de junho, os nomes dos futuros conselheiros sejam definidos.<\/p>\n\n\n\n<p>Texto: Wellton M\u00e1ximo &#8211; Rep\u00f3rter da Ag\u00eancia Brasil<\/p>\n","protected":false},"excerpt":{"rendered":"<p>Os aposentados e pensionistas que sofreram descontos ilegais no Instituto Nacional do Seguro Social (INSS) ser\u00e3o ressarcidos at\u00e9 31 de dezembro, disse nesta ter\u00e7a-feira (27) o presidente do \u00f3rg\u00e3o, Gilberto Waller J\u00fanior. Em reuni\u00e3o do Conselho Nacional da Previd\u00eancia Social (CNPS), ele disse que o Tesouro Nacional poder\u00e1 adiantar parte do reembolso, com o valor [&hellip;]<\/p>\n","protected":false},"author":13,"featured_media":85679,"comment_status":"open","ping_status":"open","sticky":false,"template":"","format":"standard","meta":{"_acf_changed":false,"footnotes":""},"categories":[19,898,21],"tags":[],"class_list":["post-85678","post","type-post","status-publish","format-standard","has-post-thumbnail","hentry","category-brasil-mundo","category-manchete-segundaria","category-todas-noticias"],"acf":[],"yoast_head":"<!-- This site is optimized with the Yoast SEO plugin v24.4 - https:\/\/yoast.com\/wordpress\/plugins\/seo\/ -->\n<title>Descontos indevidos do INSS ser\u00e3o ressarcidos at\u00e9 31 de dezembro - PORTAL DE NOT\u00cdCIAS CLEITON PINHEIRO<\/title>\n<meta name=\"robots\" content=\"index, follow, max-snippet:-1, max-image-preview:large, max-video-preview:-1\" \/>\n<link rel=\"canonical\" href=\"https:\/\/cleitonpinheiro.com.br\/site\/descontos-indevidos-do-inss-serao-ressarcidos-ate-31-de-dezembro\/\" \/>\n<meta property=\"og:locale\" content=\"pt_BR\" \/>\n<meta property=\"og:type\" content=\"article\" \/>\n<meta property=\"og:title\" content=\"Descontos indevidos do INSS ser\u00e3o ressarcidos at\u00e9 31 de dezembro - PORTAL DE NOT\u00cdCIAS CLEITON PINHEIRO\" \/>\n<meta property=\"og:description\" content=\"Os aposentados e pensionistas que sofreram descontos ilegais no Instituto Nacional do Seguro Social (INSS) ser\u00e3o ressarcidos at\u00e9 31 de dezembro, disse nesta ter\u00e7a-feira (27) o presidente do \u00f3rg\u00e3o, Gilberto Waller J\u00fanior. Em reuni\u00e3o do Conselho Nacional da Previd\u00eancia Social (CNPS), ele disse que o Tesouro Nacional poder\u00e1 adiantar parte do reembolso, com o valor [&hellip;]\" \/>\n<meta property=\"og:url\" content=\"https:\/\/cleitonpinheiro.com.br\/site\/descontos-indevidos-do-inss-serao-ressarcidos-ate-31-de-dezembro\/\" \/>\n<meta property=\"og:site_name\" content=\"PORTAL DE NOT\u00cdCIAS CLEITON PINHEIRO\" \/>\n<meta property=\"article:publisher\" content=\"https:\/\/www.facebook.com\/portalcpnoticias\/\" \/>\n<meta property=\"article:published_time\" content=\"2025-05-28T15:32:38+00:00\" \/>\n<meta property=\"article:modified_time\" content=\"2025-05-28T15:32:43+00:00\" \/>\n<meta property=\"og:image\" content=\"https:\/\/cleitonpinheiro.com.br\/site\/wp-content\/uploads\/2025\/05\/dji_0982.webp\" \/>\n\t<meta property=\"og:image:width\" content=\"1170\" \/>\n\t<meta property=\"og:image:height\" content=\"700\" \/>\n\t<meta property=\"og:image:type\" content=\"image\/webp\" \/>\n<meta name=\"author\" content=\"Reda\u00e7\u00e3o CP\" \/>\n<meta name=\"twitter:card\" content=\"summary_large_image\" \/>\n<meta name=\"twitter:label1\" content=\"Escrito por\" \/>\n\t<meta name=\"twitter:data1\" content=\"Reda\u00e7\u00e3o CP\" \/>\n\t<meta name=\"twitter:label2\" content=\"Est. tempo de leitura\" \/>\n\t<meta name=\"twitter:data2\" content=\"4 minutos\" \/>\n<script type=\"application\/ld+json\" class=\"yoast-schema-graph\">{\"@context\":\"https:\/\/schema.org\",\"@graph\":[{\"@type\":\"Article\",\"@id\":\"https:\/\/cleitonpinheiro.com.br\/site\/descontos-indevidos-do-inss-serao-ressarcidos-ate-31-de-dezembro\/#article\",\"isPartOf\":{\"@id\":\"https:\/\/cleitonpinheiro.com.br\/site\/descontos-indevidos-do-inss-serao-ressarcidos-ate-31-de-dezembro\/\"},\"author\":{\"name\":\"Reda\u00e7\u00e3o CP\",\"@id\":\"https:\/\/cleitonpinheiro.com.br\/site\/#\/schema\/person\/8f04544e0bc40a1b68775b08360f87db\"},\"headline\":\"Descontos indevidos do INSS ser\u00e3o ressarcidos at\u00e9 31 de dezembro\",\"datePublished\":\"2025-05-28T15:32:38+00:00\",\"dateModified\":\"2025-05-28T15:32:43+00:00\",\"mainEntityOfPage\":{\"@id\":\"https:\/\/cleitonpinheiro.com.br\/site\/descontos-indevidos-do-inss-serao-ressarcidos-ate-31-de-dezembro\/\"},\"wordCount\":524,\"commentCount\":0,\"publisher\":{\"@id\":\"https:\/\/cleitonpinheiro.com.br\/site\/#organization\"},\"image\":{\"@id\":\"https:\/\/cleitonpinheiro.com.br\/site\/descontos-indevidos-do-inss-serao-ressarcidos-ate-31-de-dezembro\/#primaryimage\"},\"thumbnailUrl\":\"https:\/\/cleitonpinheiro.com.br\/site\/wp-content\/uploads\/2025\/05\/dji_0982.webp\",\"articleSection\":[\"BRASIL \/ MUNDO\",\"MANCHETE SEGUND\u00c1RIA\",\"TODAS NOTICIAS\"],\"inLanguage\":\"pt-BR\",\"potentialAction\":[{\"@type\":\"CommentAction\",\"name\":\"Comment\",\"target\":[\"https:\/\/cleitonpinheiro.com.br\/site\/descontos-indevidos-do-inss-serao-ressarcidos-ate-31-de-dezembro\/#respond\"]}]},{\"@type\":\"WebPage\",\"@id\":\"https:\/\/cleitonpinheiro.com.br\/site\/descontos-indevidos-do-inss-serao-ressarcidos-ate-31-de-dezembro\/\",\"url\":\"https:\/\/cleitonpinheiro.com.br\/site\/descontos-indevidos-do-inss-serao-ressarcidos-ate-31-de-dezembro\/\",\"name\":\"Descontos indevidos do INSS ser\u00e3o ressarcidos at\u00e9 31 de dezembro - PORTAL DE NOT\u00cdCIAS CLEITON PINHEIRO\",\"isPartOf\":{\"@id\":\"https:\/\/cleitonpinheiro.com.br\/site\/#website\"},\"primaryImageOfPage\":{\"@id\":\"https:\/\/cleitonpinheiro.com.br\/site\/descontos-indevidos-do-inss-serao-ressarcidos-ate-31-de-dezembro\/#primaryimage\"},\"image\":{\"@id\":\"https:\/\/cleitonpinheiro.com.br\/site\/descontos-indevidos-do-inss-serao-ressarcidos-ate-31-de-dezembro\/#primaryimage\"},\"thumbnailUrl\":\"https:\/\/cleitonpinheiro.com.br\/site\/wp-content\/uploads\/2025\/05\/dji_0982.webp\",\"datePublished\":\"2025-05-28T15:32:38+00:00\",\"dateModified\":\"2025-05-28T15:32:43+00:00\",\"breadcrumb\":{\"@id\":\"https:\/\/cleitonpinheiro.com.br\/site\/descontos-indevidos-do-inss-serao-ressarcidos-ate-31-de-dezembro\/#breadcrumb\"},\"inLanguage\":\"pt-BR\",\"potentialAction\":[{\"@type\":\"ReadAction\",\"target\":[\"https:\/\/cleitonpinheiro.com.br\/site\/descontos-indevidos-do-inss-serao-ressarcidos-ate-31-de-dezembro\/\"]}]},{\"@type\":\"ImageObject\",\"inLanguage\":\"pt-BR\",\"@id\":\"https:\/\/cleitonpinheiro.com.br\/site\/descontos-indevidos-do-inss-serao-ressarcidos-ate-31-de-dezembro\/#primaryimage\",\"url\":\"https:\/\/cleitonpinheiro.com.br\/site\/wp-content\/uploads\/2025\/05\/dji_0982.webp\",\"contentUrl\":\"https:\/\/cleitonpinheiro.com.br\/site\/wp-content\/uploads\/2025\/05\/dji_0982.webp\",\"width\":1170,\"height\":700,\"caption\":\"\u00a9 Rafa Neddermeyer\/Ag\u00eancia Brasil\"},{\"@type\":\"BreadcrumbList\",\"@id\":\"https:\/\/cleitonpinheiro.com.br\/site\/descontos-indevidos-do-inss-serao-ressarcidos-ate-31-de-dezembro\/#breadcrumb\",\"itemListElement\":[{\"@type\":\"ListItem\",\"position\":1,\"name\":\"In\u00edcio\",\"item\":\"https:\/\/cleitonpinheiro.com.br\/site\/\"},{\"@type\":\"ListItem\",\"position\":2,\"name\":\"Descontos indevidos do INSS ser\u00e3o ressarcidos at\u00e9 31 de dezembro\"}]},{\"@type\":\"WebSite\",\"@id\":\"https:\/\/cleitonpinheiro.com.br\/site\/#website\",\"url\":\"https:\/\/cleitonpinheiro.com.br\/site\/\",\"name\":\"PORTAL DE NOT\u00cdCIAS CLEITON PINHEIRO\",\"description\":\"FALANDO A VERDADE\",\"publisher\":{\"@id\":\"https:\/\/cleitonpinheiro.com.br\/site\/#organization\"},\"potentialAction\":[{\"@type\":\"SearchAction\",\"target\":{\"@type\":\"EntryPoint\",\"urlTemplate\":\"https:\/\/cleitonpinheiro.com.br\/site\/?s={search_term_string}\"},\"query-input\":{\"@type\":\"PropertyValueSpecification\",\"valueRequired\":true,\"valueName\":\"search_term_string\"}}],\"inLanguage\":\"pt-BR\"},{\"@type\":\"Organization\",\"@id\":\"https:\/\/cleitonpinheiro.com.br\/site\/#organization\",\"name\":\"CPNOT\u00cdCIAS\",\"url\":\"https:\/\/cleitonpinheiro.com.br\/site\/\",\"logo\":{\"@type\":\"ImageObject\",\"inLanguage\":\"pt-BR\",\"@id\":\"https:\/\/cleitonpinheiro.com.br\/site\/#\/schema\/logo\/image\/\",\"url\":\"https:\/\/cleitonpinheiro.com.br\/site\/wp-content\/uploads\/2022\/08\/Logo-pequena-2.png\",\"contentUrl\":\"https:\/\/cleitonpinheiro.com.br\/site\/wp-content\/uploads\/2022\/08\/Logo-pequena-2.png\",\"width\":500,\"height\":500,\"caption\":\"CPNOT\u00cdCIAS\"},\"image\":{\"@id\":\"https:\/\/cleitonpinheiro.com.br\/site\/#\/schema\/logo\/image\/\"},\"sameAs\":[\"https:\/\/www.facebook.com\/portalcpnoticias\/\"]},{\"@type\":\"Person\",\"@id\":\"https:\/\/cleitonpinheiro.com.br\/site\/#\/schema\/person\/8f04544e0bc40a1b68775b08360f87db\",\"name\":\"Reda\u00e7\u00e3o CP\",\"image\":{\"@type\":\"ImageObject\",\"inLanguage\":\"pt-BR\",\"@id\":\"https:\/\/cleitonpinheiro.com.br\/site\/#\/schema\/person\/image\/\",\"url\":\"https:\/\/secure.gravatar.com\/avatar\/0bcf19cb29fdc8fc588c490c7ae1b3e174dac268586a63fbe1d1893a0f9020cd?s=96&r=g\",\"contentUrl\":\"https:\/\/secure.gravatar.com\/avatar\/0bcf19cb29fdc8fc588c490c7ae1b3e174dac268586a63fbe1d1893a0f9020cd?s=96&r=g\",\"caption\":\"Reda\u00e7\u00e3o CP\"},\"url\":\"https:\/\/cleitonpinheiro.com.br\/site\/author\/redacao\/\"}]}<\/script>\n<!-- \/ Yoast SEO plugin. -->","yoast_head_json":{"title":"Descontos indevidos do INSS ser\u00e3o ressarcidos at\u00e9 31 de dezembro - PORTAL DE NOT\u00cdCIAS CLEITON PINHEIRO","robots":{"index":"index","follow":"follow","max-snippet":"max-snippet:-1","max-image-preview":"max-image-preview:large","max-video-preview":"max-video-preview:-1"},"canonical":"https:\/\/cleitonpinheiro.com.br\/site\/descontos-indevidos-do-inss-serao-ressarcidos-ate-31-de-dezembro\/","og_locale":"pt_BR","og_type":"article","og_title":"Descontos indevidos do INSS ser\u00e3o ressarcidos at\u00e9 31 de dezembro - PORTAL DE NOT\u00cdCIAS CLEITON PINHEIRO","og_description":"Os aposentados e pensionistas que sofreram descontos ilegais no Instituto Nacional do Seguro Social (INSS) ser\u00e3o ressarcidos at\u00e9 31 de dezembro, disse nesta ter\u00e7a-feira (27) o presidente do \u00f3rg\u00e3o, Gilberto Waller J\u00fanior. Em reuni\u00e3o do Conselho Nacional da Previd\u00eancia Social (CNPS), ele disse que o Tesouro Nacional poder\u00e1 adiantar parte do reembolso, com o valor [&hellip;]","og_url":"https:\/\/cleitonpinheiro.com.br\/site\/descontos-indevidos-do-inss-serao-ressarcidos-ate-31-de-dezembro\/","og_site_name":"PORTAL DE NOT\u00cdCIAS CLEITON PINHEIRO","article_publisher":"https:\/\/www.facebook.com\/portalcpnoticias\/","article_published_time":"2025-05-28T15:32:38+00:00","article_modified_time":"2025-05-28T15:32:43+00:00","og_image":[{"width":1170,"height":700,"url":"https:\/\/cleitonpinheiro.com.br\/site\/wp-content\/uploads\/2025\/05\/dji_0982.webp","type":"image\/webp"}],"author":"Reda\u00e7\u00e3o CP","twitter_card":"summary_large_image","twitter_misc":{"Escrito por":"Reda\u00e7\u00e3o CP","Est. tempo de leitura":"4 minutos"},"schema":{"@context":"https:\/\/schema.org","@graph":[{"@type":"Article","@id":"https:\/\/cleitonpinheiro.com.br\/site\/descontos-indevidos-do-inss-serao-ressarcidos-ate-31-de-dezembro\/#article","isPartOf":{"@id":"https:\/\/cleitonpinheiro.com.br\/site\/descontos-indevidos-do-inss-serao-ressarcidos-ate-31-de-dezembro\/"},"author":{"name":"Reda\u00e7\u00e3o CP","@id":"https:\/\/cleitonpinheiro.com.br\/site\/#\/schema\/person\/8f04544e0bc40a1b68775b08360f87db"},"headline":"Descontos indevidos do INSS ser\u00e3o ressarcidos at\u00e9 31 de dezembro","datePublished":"2025-05-28T15:32:38+00:00","dateModified":"2025-05-28T15:32:43+00:00","mainEntityOfPage":{"@id":"https:\/\/cleitonpinheiro.com.br\/site\/descontos-indevidos-do-inss-serao-ressarcidos-ate-31-de-dezembro\/"},"wordCount":524,"commentCount":0,"publisher":{"@id":"https:\/\/cleitonpinheiro.com.br\/site\/#organization"},"image":{"@id":"https:\/\/cleitonpinheiro.com.br\/site\/descontos-indevidos-do-inss-serao-ressarcidos-ate-31-de-dezembro\/#primaryimage"},"thumbnailUrl":"https:\/\/cleitonpinheiro.com.br\/site\/wp-content\/uploads\/2025\/05\/dji_0982.webp","articleSection":["BRASIL \/ MUNDO","MANCHETE SEGUND\u00c1RIA","TODAS NOTICIAS"],"inLanguage":"pt-BR","potentialAction":[{"@type":"CommentAction","name":"Comment","target":["https:\/\/cleitonpinheiro.com.br\/site\/descontos-indevidos-do-inss-serao-ressarcidos-ate-31-de-dezembro\/#respond"]}]},{"@type":"WebPage","@id":"https:\/\/cleitonpinheiro.com.br\/site\/descontos-indevidos-do-inss-serao-ressarcidos-ate-31-de-dezembro\/","url":"https:\/\/cleitonpinheiro.com.br\/site\/descontos-indevidos-do-inss-serao-ressarcidos-ate-31-de-dezembro\/","name":"Descontos indevidos do INSS ser\u00e3o ressarcidos at\u00e9 31 de dezembro - PORTAL DE NOT\u00cdCIAS CLEITON PINHEIRO","isPartOf":{"@id":"https:\/\/cleitonpinheiro.com.br\/site\/#website"},"primaryImageOfPage":{"@id":"https:\/\/cleitonpinheiro.com.br\/site\/descontos-indevidos-do-inss-serao-ressarcidos-ate-31-de-dezembro\/#primaryimage"},"image":{"@id":"https:\/\/cleitonpinheiro.com.br\/site\/descontos-indevidos-do-inss-serao-ressarcidos-ate-31-de-dezembro\/#primaryimage"},"thumbnailUrl":"https:\/\/cleitonpinheiro.com.br\/site\/wp-content\/uploads\/2025\/05\/dji_0982.webp","datePublished":"2025-05-28T15:32:38+00:00","dateModified":"2025-05-28T15:32:43+00:00","breadcrumb":{"@id":"https:\/\/cleitonpinheiro.com.br\/site\/descontos-indevidos-do-inss-serao-ressarcidos-ate-31-de-dezembro\/#breadcrumb"},"inLanguage":"pt-BR","potentialAction":[{"@type":"ReadAction","target":["https:\/\/cleitonpinheiro.com.br\/site\/descontos-indevidos-do-inss-serao-ressarcidos-ate-31-de-dezembro\/"]}]},{"@type":"ImageObject","inLanguage":"pt-BR","@id":"https:\/\/cleitonpinheiro.com.br\/site\/descontos-indevidos-do-inss-serao-ressarcidos-ate-31-de-dezembro\/#primaryimage","url":"https:\/\/cleitonpinheiro.com.br\/site\/wp-content\/uploads\/2025\/05\/dji_0982.webp","contentUrl":"https:\/\/cleitonpinheiro.com.br\/site\/wp-content\/uploads\/2025\/05\/dji_0982.webp","width":1170,"height":700,"caption":"\u00a9 Rafa Neddermeyer\/Ag\u00eancia Brasil"},{"@type":"BreadcrumbList","@id":"https:\/\/cleitonpinheiro.com.br\/site\/descontos-indevidos-do-inss-serao-ressarcidos-ate-31-de-dezembro\/#breadcrumb","itemListElement":[{"@type":"ListItem","position":1,"name":"In\u00edcio","item":"https:\/\/cleitonpinheiro.com.br\/site\/"},{"@type":"ListItem","position":2,"name":"Descontos indevidos do INSS ser\u00e3o ressarcidos at\u00e9 31 de dezembro"}]},{"@type":"WebSite","@id":"https:\/\/cleitonpinheiro.com.br\/site\/#website","url":"https:\/\/cleitonpinheiro.com.br\/site\/","name":"PORTAL DE NOT\u00cdCIAS CLEITON PINHEIRO","description":"FALANDO A VERDADE","publisher":{"@id":"https:\/\/cleitonpinheiro.com.br\/site\/#organization"},"potentialAction":[{"@type":"SearchAction","target":{"@type":"EntryPoint","urlTemplate":"https:\/\/cleitonpinheiro.com.br\/site\/?s={search_term_string}"},"query-input":{"@type":"PropertyValueSpecification","valueRequired":true,"valueName":"search_term_string"}}],"inLanguage":"pt-BR"},{"@type":"Organization","@id":"https:\/\/cleitonpinheiro.com.br\/site\/#organization","name":"CPNOT\u00cdCIAS","url":"https:\/\/cleitonpinheiro.com.br\/site\/","logo":{"@type":"ImageObject","inLanguage":"pt-BR","@id":"https:\/\/cleitonpinheiro.com.br\/site\/#\/schema\/logo\/image\/","url":"https:\/\/cleitonpinheiro.com.br\/site\/wp-content\/uploads\/2022\/08\/Logo-pequena-2.png","contentUrl":"https:\/\/cleitonpinheiro.com.br\/site\/wp-content\/uploads\/2022\/08\/Logo-pequena-2.png","width":500,"height":500,"caption":"CPNOT\u00cdCIAS"},"image":{"@id":"https:\/\/cleitonpinheiro.com.br\/site\/#\/schema\/logo\/image\/"},"sameAs":["https:\/\/www.facebook.com\/portalcpnoticias\/"]},{"@type":"Person","@id":"https:\/\/cleitonpinheiro.com.br\/site\/#\/schema\/person\/8f04544e0bc40a1b68775b08360f87db","name":"Reda\u00e7\u00e3o CP","image":{"@type":"ImageObject","inLanguage":"pt-BR","@id":"https:\/\/cleitonpinheiro.com.br\/site\/#\/schema\/person\/image\/","url":"https:\/\/secure.gravatar.com\/avatar\/0bcf19cb29fdc8fc588c490c7ae1b3e174dac268586a63fbe1d1893a0f9020cd?s=96&r=g","contentUrl":"https:\/\/secure.gravatar.com\/avatar\/0bcf19cb29fdc8fc588c490c7ae1b3e174dac268586a63fbe1d1893a0f9020cd?s=96&r=g","caption":"Reda\u00e7\u00e3o CP"},"url":"https:\/\/cleitonpinheiro.com.br\/site\/author\/redacao\/"}]}},"views":188,"_links":{"self":[{"href":"https:\/\/cleitonpinheiro.com.br\/site\/wp-json\/wp\/v2\/posts\/85678","targetHints":{"allow":["GET"]}}],"collection":[{"href":"https:\/\/cleitonpinheiro.com.br\/site\/wp-json\/wp\/v2\/posts"}],"about":[{"href":"https:\/\/cleitonpinheiro.com.br\/site\/wp-json\/wp\/v2\/types\/post"}],"author":[{"embeddable":true,"href":"https:\/\/cleitonpinheiro.com.br\/site\/wp-json\/wp\/v2\/users\/13"}],"replies":[{"embeddable":true,"href":"https:\/\/cleitonpinheiro.com.br\/site\/wp-json\/wp\/v2\/comments?post=85678"}],"version-history":[{"count":1,"href":"https:\/\/cleitonpinheiro.com.br\/site\/wp-json\/wp\/v2\/posts\/85678\/revisions"}],"predecessor-version":[{"id":85680,"href":"https:\/\/cleitonpinheiro.com.br\/site\/wp-json\/wp\/v2\/posts\/85678\/revisions\/85680"}],"wp:featuredmedia":[{"embeddable":true,"href":"https:\/\/cleitonpinheiro.com.br\/site\/wp-json\/wp\/v2\/media\/85679"}],"wp:attachment":[{"href":"https:\/\/cleitonpinheiro.com.br\/site\/wp-json\/wp\/v2\/media?parent=85678"}],"wp:term":[{"taxonomy":"category","embeddable":true,"href":"https:\/\/cleitonpinheiro.com.br\/site\/wp-json\/wp\/v2\/categories?post=85678"},{"taxonomy":"post_tag","embeddable":true,"href":"https:\/\/cleitonpinheiro.com.br\/site\/wp-json\/wp\/v2\/tags?post=85678"}],"curies":[{"name":"wp","href":"https:\/\/api.w.org\/{rel}","templated":true}]}}