{"id":85682,"date":"2025-05-28T12:54:00","date_gmt":"2025-05-28T15:54:00","guid":{"rendered":"https:\/\/cleitonpinheiro.com.br\/site\/?p=85682"},"modified":"2025-05-28T12:54:25","modified_gmt":"2025-05-28T15:54:25","slug":"governo-do-tocantins-prorroga-inscricoes-para-1a-edicao-do-terrao-no-bairro","status":"publish","type":"post","link":"https:\/\/cleitonpinheiro.com.br\/site\/governo-do-tocantins-prorroga-inscricoes-para-1a-edicao-do-terrao-no-bairro\/","title":{"rendered":"Governo do Tocantins prorroga inscri\u00e7\u00f5es para 1\u00aa edi\u00e7\u00e3o do Terr\u00e3o no Bairro"},"content":{"rendered":"\n<figure class=\"wp-block-image size-full\"><img fetchpriority=\"high\" decoding=\"async\" width=\"883\" height=\"546\" src=\"https:\/\/cleitonpinheiro.com.br\/site\/wp-content\/uploads\/2025\/05\/426452.jpg\" alt=\"\" class=\"wp-image-85683\" srcset=\"https:\/\/cleitonpinheiro.com.br\/site\/wp-content\/uploads\/2025\/05\/426452.jpg 883w, https:\/\/cleitonpinheiro.com.br\/site\/wp-content\/uploads\/2025\/05\/426452-300x186.jpg 300w, https:\/\/cleitonpinheiro.com.br\/site\/wp-content\/uploads\/2025\/05\/426452-768x475.jpg 768w\" sizes=\"(max-width: 883px) 100vw, 883px\" \/><\/figure>\n\n\n\n<p>O Governo do Tocantins, por meio da Secretaria de Estado dos Esportes e Juventude (Seju), prorroga, at\u00e9 o dia 18 de junho, as inscri\u00e7\u00f5es para a 1\u00aa edi\u00e7\u00e3o do projeto&nbsp;<em>Terr\u00e3o no Bairro,&nbsp;<\/em>que ser\u00e1 realizado no bairro Aureny III, em Palmas, e ter\u00e1 R$ 24 mil em premia\u00e7\u00f5es, al\u00e9m de trof\u00e9us e medalhas. A ficha de inscri\u00e7\u00e3o est\u00e1 dispon\u00edvel no&nbsp;<a href=\"https:\/\/docs.google.com\/forms\/d\/e\/1FAIpQLSeArc-RPpx8MRh0GU1BXDW-Uur53nmDm4Fz49Z1oLkN641X-Q\/viewform\">link<\/a>.<\/p>\n\n\n\n<p>O congresso t\u00e9cnico ocorrer\u00e1 no dia 20 de junho e as vagas s\u00e3o limitadas a 150 equipes. A competi\u00e7\u00e3o reunir\u00e1 atletas das categorias de base e adultos no futebol society.&nbsp;<\/p>\n\n\n\n<p>O&nbsp;<em>Terr\u00e3o no Bairro<\/em>&nbsp;ser\u00e1 disputado no feminino (na categoria aberta, a partir de 16 anos) e no masculino (sub-9, sub-11, sub-13, sub-15, aberto e master 40+). O projeto seguir\u00e1 as normas previstas no regulamento oficial do torneio e as regras espec\u00edficas da Confedera\u00e7\u00e3o do Brasil de Futebol 7 Society (CBF7S).<\/p>\n\n\n\n<p>Para garantir a participa\u00e7\u00e3o, o respons\u00e1vel por cada equipe dever\u00e1 baixar, preencher e anexar a ficha de inscri\u00e7\u00e3o no mesmo endere\u00e7o eletr\u00f4nico. Para inscri\u00e7\u00f5es de atletas menores de idade, dever\u00e3o ser apresentadas autoriza\u00e7\u00f5es por escrito pelo seu respons\u00e1vel legal, anexada na ficha de inscri\u00e7\u00e3o de sua equipe. O regulamento oficial da competi\u00e7\u00e3o e demais informa\u00e7\u00f5es tamb\u00e9m podem ser consultados pelo WhatsApp (63) 99268-4152.<\/p>\n\n\n\n<p>Por Taianne Moreira\/Governo do Tocantins<\/p>\n","protected":false},"excerpt":{"rendered":"<p>O Governo do Tocantins, por meio da Secretaria de Estado dos Esportes e Juventude (Seju), prorroga, at\u00e9 o dia 18 de junho, as inscri\u00e7\u00f5es para a 1\u00aa edi\u00e7\u00e3o do projeto&nbsp;Terr\u00e3o no Bairro,&nbsp;que ser\u00e1 realizado no bairro Aureny III, em Palmas, e ter\u00e1 R$ 24 mil em premia\u00e7\u00f5es, al\u00e9m de trof\u00e9us e medalhas. A ficha de [&hellip;]<\/p>\n","protected":false},"author":13,"featured_media":85683,"comment_status":"open","ping_status":"open","sticky":false,"template":"","format":"standard","meta":{"_acf_changed":false,"footnotes":""},"categories":[1,20,21],"tags":[],"class_list":["post-85682","post","type-post","status-publish","format-standard","has-post-thumbnail","hentry","category-esporte","category-noticias-em-destaque","category-todas-noticias"],"acf":[],"yoast_head":"<!-- This site is optimized with the Yoast SEO plugin v24.4 - https:\/\/yoast.com\/wordpress\/plugins\/seo\/ -->\n<title>Governo do Tocantins prorroga inscri\u00e7\u00f5es para 1\u00aa edi\u00e7\u00e3o do Terr\u00e3o no Bairro - PORTAL DE NOT\u00cdCIAS CLEITON PINHEIRO<\/title>\n<meta name=\"robots\" content=\"index, follow, max-snippet:-1, max-image-preview:large, max-video-preview:-1\" \/>\n<link rel=\"canonical\" href=\"https:\/\/cleitonpinheiro.com.br\/site\/governo-do-tocantins-prorroga-inscricoes-para-1a-edicao-do-terrao-no-bairro\/\" \/>\n<meta property=\"og:locale\" content=\"pt_BR\" \/>\n<meta property=\"og:type\" content=\"article\" \/>\n<meta property=\"og:title\" content=\"Governo do Tocantins prorroga inscri\u00e7\u00f5es para 1\u00aa edi\u00e7\u00e3o do Terr\u00e3o no Bairro - PORTAL DE NOT\u00cdCIAS CLEITON PINHEIRO\" \/>\n<meta property=\"og:description\" content=\"O Governo do Tocantins, por meio da Secretaria de Estado dos Esportes e Juventude (Seju), prorroga, at\u00e9 o dia 18 de junho, as inscri\u00e7\u00f5es para a 1\u00aa edi\u00e7\u00e3o do projeto&nbsp;Terr\u00e3o no Bairro,&nbsp;que ser\u00e1 realizado no bairro Aureny III, em Palmas, e ter\u00e1 R$ 24 mil em premia\u00e7\u00f5es, al\u00e9m de trof\u00e9us e medalhas. A ficha de [&hellip;]\" \/>\n<meta property=\"og:url\" content=\"https:\/\/cleitonpinheiro.com.br\/site\/governo-do-tocantins-prorroga-inscricoes-para-1a-edicao-do-terrao-no-bairro\/\" \/>\n<meta property=\"og:site_name\" content=\"PORTAL DE NOT\u00cdCIAS CLEITON PINHEIRO\" \/>\n<meta property=\"article:publisher\" content=\"https:\/\/www.facebook.com\/portalcpnoticias\/\" \/>\n<meta property=\"article:published_time\" content=\"2025-05-28T15:54:00+00:00\" \/>\n<meta property=\"article:modified_time\" content=\"2025-05-28T15:54:25+00:00\" \/>\n<meta property=\"og:image\" content=\"https:\/\/cleitonpinheiro.com.br\/site\/wp-content\/uploads\/2025\/05\/426452.jpg\" \/>\n\t<meta property=\"og:image:width\" content=\"883\" \/>\n\t<meta property=\"og:image:height\" content=\"546\" \/>\n\t<meta property=\"og:image:type\" content=\"image\/jpeg\" \/>\n<meta name=\"author\" content=\"Reda\u00e7\u00e3o CP\" \/>\n<meta name=\"twitter:card\" content=\"summary_large_image\" \/>\n<meta name=\"twitter:label1\" content=\"Escrito por\" \/>\n\t<meta name=\"twitter:data1\" content=\"Reda\u00e7\u00e3o CP\" \/>\n\t<meta name=\"twitter:label2\" content=\"Est. tempo de leitura\" \/>\n\t<meta name=\"twitter:data2\" content=\"2 minutos\" \/>\n<script type=\"application\/ld+json\" class=\"yoast-schema-graph\">{\"@context\":\"https:\/\/schema.org\",\"@graph\":[{\"@type\":\"Article\",\"@id\":\"https:\/\/cleitonpinheiro.com.br\/site\/governo-do-tocantins-prorroga-inscricoes-para-1a-edicao-do-terrao-no-bairro\/#article\",\"isPartOf\":{\"@id\":\"https:\/\/cleitonpinheiro.com.br\/site\/governo-do-tocantins-prorroga-inscricoes-para-1a-edicao-do-terrao-no-bairro\/\"},\"author\":{\"name\":\"Reda\u00e7\u00e3o CP\",\"@id\":\"https:\/\/cleitonpinheiro.com.br\/site\/#\/schema\/person\/8f04544e0bc40a1b68775b08360f87db\"},\"headline\":\"Governo do Tocantins prorroga inscri\u00e7\u00f5es para 1\u00aa edi\u00e7\u00e3o do Terr\u00e3o no Bairro\",\"datePublished\":\"2025-05-28T15:54:00+00:00\",\"dateModified\":\"2025-05-28T15:54:25+00:00\",\"mainEntityOfPage\":{\"@id\":\"https:\/\/cleitonpinheiro.com.br\/site\/governo-do-tocantins-prorroga-inscricoes-para-1a-edicao-do-terrao-no-bairro\/\"},\"wordCount\":251,\"commentCount\":0,\"publisher\":{\"@id\":\"https:\/\/cleitonpinheiro.com.br\/site\/#organization\"},\"image\":{\"@id\":\"https:\/\/cleitonpinheiro.com.br\/site\/governo-do-tocantins-prorroga-inscricoes-para-1a-edicao-do-terrao-no-bairro\/#primaryimage\"},\"thumbnailUrl\":\"https:\/\/cleitonpinheiro.com.br\/site\/wp-content\/uploads\/2025\/05\/426452.jpg\",\"articleSection\":[\"ESPORTE\",\"NOT\u00cdCIAS EM DESTAQUE\",\"TODAS NOTICIAS\"],\"inLanguage\":\"pt-BR\",\"potentialAction\":[{\"@type\":\"CommentAction\",\"name\":\"Comment\",\"target\":[\"https:\/\/cleitonpinheiro.com.br\/site\/governo-do-tocantins-prorroga-inscricoes-para-1a-edicao-do-terrao-no-bairro\/#respond\"]}]},{\"@type\":\"WebPage\",\"@id\":\"https:\/\/cleitonpinheiro.com.br\/site\/governo-do-tocantins-prorroga-inscricoes-para-1a-edicao-do-terrao-no-bairro\/\",\"url\":\"https:\/\/cleitonpinheiro.com.br\/site\/governo-do-tocantins-prorroga-inscricoes-para-1a-edicao-do-terrao-no-bairro\/\",\"name\":\"Governo do Tocantins prorroga inscri\u00e7\u00f5es para 1\u00aa edi\u00e7\u00e3o do Terr\u00e3o no Bairro - PORTAL DE NOT\u00cdCIAS CLEITON PINHEIRO\",\"isPartOf\":{\"@id\":\"https:\/\/cleitonpinheiro.com.br\/site\/#website\"},\"primaryImageOfPage\":{\"@id\":\"https:\/\/cleitonpinheiro.com.br\/site\/governo-do-tocantins-prorroga-inscricoes-para-1a-edicao-do-terrao-no-bairro\/#primaryimage\"},\"image\":{\"@id\":\"https:\/\/cleitonpinheiro.com.br\/site\/governo-do-tocantins-prorroga-inscricoes-para-1a-edicao-do-terrao-no-bairro\/#primaryimage\"},\"thumbnailUrl\":\"https:\/\/cleitonpinheiro.com.br\/site\/wp-content\/uploads\/2025\/05\/426452.jpg\",\"datePublished\":\"2025-05-28T15:54:00+00:00\",\"dateModified\":\"2025-05-28T15:54:25+00:00\",\"breadcrumb\":{\"@id\":\"https:\/\/cleitonpinheiro.com.br\/site\/governo-do-tocantins-prorroga-inscricoes-para-1a-edicao-do-terrao-no-bairro\/#breadcrumb\"},\"inLanguage\":\"pt-BR\",\"potentialAction\":[{\"@type\":\"ReadAction\",\"target\":[\"https:\/\/cleitonpinheiro.com.br\/site\/governo-do-tocantins-prorroga-inscricoes-para-1a-edicao-do-terrao-no-bairro\/\"]}]},{\"@type\":\"ImageObject\",\"inLanguage\":\"pt-BR\",\"@id\":\"https:\/\/cleitonpinheiro.com.br\/site\/governo-do-tocantins-prorroga-inscricoes-para-1a-edicao-do-terrao-no-bairro\/#primaryimage\",\"url\":\"https:\/\/cleitonpinheiro.com.br\/site\/wp-content\/uploads\/2025\/05\/426452.jpg\",\"contentUrl\":\"https:\/\/cleitonpinheiro.com.br\/site\/wp-content\/uploads\/2025\/05\/426452.jpg\",\"width\":883,\"height\":546},{\"@type\":\"BreadcrumbList\",\"@id\":\"https:\/\/cleitonpinheiro.com.br\/site\/governo-do-tocantins-prorroga-inscricoes-para-1a-edicao-do-terrao-no-bairro\/#breadcrumb\",\"itemListElement\":[{\"@type\":\"ListItem\",\"position\":1,\"name\":\"In\u00edcio\",\"item\":\"https:\/\/cleitonpinheiro.com.br\/site\/\"},{\"@type\":\"ListItem\",\"position\":2,\"name\":\"Governo do Tocantins prorroga inscri\u00e7\u00f5es para 1\u00aa edi\u00e7\u00e3o do Terr\u00e3o no Bairro\"}]},{\"@type\":\"WebSite\",\"@id\":\"https:\/\/cleitonpinheiro.com.br\/site\/#website\",\"url\":\"https:\/\/cleitonpinheiro.com.br\/site\/\",\"name\":\"PORTAL DE NOT\u00cdCIAS CLEITON PINHEIRO\",\"description\":\"FALANDO A VERDADE\",\"publisher\":{\"@id\":\"https:\/\/cleitonpinheiro.com.br\/site\/#organization\"},\"potentialAction\":[{\"@type\":\"SearchAction\",\"target\":{\"@type\":\"EntryPoint\",\"urlTemplate\":\"https:\/\/cleitonpinheiro.com.br\/site\/?s={search_term_string}\"},\"query-input\":{\"@type\":\"PropertyValueSpecification\",\"valueRequired\":true,\"valueName\":\"search_term_string\"}}],\"inLanguage\":\"pt-BR\"},{\"@type\":\"Organization\",\"@id\":\"https:\/\/cleitonpinheiro.com.br\/site\/#organization\",\"name\":\"CPNOT\u00cdCIAS\",\"url\":\"https:\/\/cleitonpinheiro.com.br\/site\/\",\"logo\":{\"@type\":\"ImageObject\",\"inLanguage\":\"pt-BR\",\"@id\":\"https:\/\/cleitonpinheiro.com.br\/site\/#\/schema\/logo\/image\/\",\"url\":\"https:\/\/cleitonpinheiro.com.br\/site\/wp-content\/uploads\/2022\/08\/Logo-pequena-2.png\",\"contentUrl\":\"https:\/\/cleitonpinheiro.com.br\/site\/wp-content\/uploads\/2022\/08\/Logo-pequena-2.png\",\"width\":500,\"height\":500,\"caption\":\"CPNOT\u00cdCIAS\"},\"image\":{\"@id\":\"https:\/\/cleitonpinheiro.com.br\/site\/#\/schema\/logo\/image\/\"},\"sameAs\":[\"https:\/\/www.facebook.com\/portalcpnoticias\/\"]},{\"@type\":\"Person\",\"@id\":\"https:\/\/cleitonpinheiro.com.br\/site\/#\/schema\/person\/8f04544e0bc40a1b68775b08360f87db\",\"name\":\"Reda\u00e7\u00e3o CP\",\"image\":{\"@type\":\"ImageObject\",\"inLanguage\":\"pt-BR\",\"@id\":\"https:\/\/cleitonpinheiro.com.br\/site\/#\/schema\/person\/image\/\",\"url\":\"https:\/\/secure.gravatar.com\/avatar\/0bcf19cb29fdc8fc588c490c7ae1b3e174dac268586a63fbe1d1893a0f9020cd?s=96&r=g\",\"contentUrl\":\"https:\/\/secure.gravatar.com\/avatar\/0bcf19cb29fdc8fc588c490c7ae1b3e174dac268586a63fbe1d1893a0f9020cd?s=96&r=g\",\"caption\":\"Reda\u00e7\u00e3o CP\"},\"url\":\"https:\/\/cleitonpinheiro.com.br\/site\/author\/redacao\/\"}]}<\/script>\n<!-- \/ Yoast SEO plugin. -->","yoast_head_json":{"title":"Governo do Tocantins prorroga inscri\u00e7\u00f5es para 1\u00aa edi\u00e7\u00e3o do Terr\u00e3o no Bairro - PORTAL DE NOT\u00cdCIAS CLEITON PINHEIRO","robots":{"index":"index","follow":"follow","max-snippet":"max-snippet:-1","max-image-preview":"max-image-preview:large","max-video-preview":"max-video-preview:-1"},"canonical":"https:\/\/cleitonpinheiro.com.br\/site\/governo-do-tocantins-prorroga-inscricoes-para-1a-edicao-do-terrao-no-bairro\/","og_locale":"pt_BR","og_type":"article","og_title":"Governo do Tocantins prorroga inscri\u00e7\u00f5es para 1\u00aa edi\u00e7\u00e3o do Terr\u00e3o no Bairro - PORTAL DE NOT\u00cdCIAS CLEITON PINHEIRO","og_description":"O Governo do Tocantins, por meio da Secretaria de Estado dos Esportes e Juventude (Seju), prorroga, at\u00e9 o dia 18 de junho, as inscri\u00e7\u00f5es para a 1\u00aa edi\u00e7\u00e3o do projeto&nbsp;Terr\u00e3o no Bairro,&nbsp;que ser\u00e1 realizado no bairro Aureny III, em Palmas, e ter\u00e1 R$ 24 mil em premia\u00e7\u00f5es, al\u00e9m de trof\u00e9us e medalhas. A ficha de [&hellip;]","og_url":"https:\/\/cleitonpinheiro.com.br\/site\/governo-do-tocantins-prorroga-inscricoes-para-1a-edicao-do-terrao-no-bairro\/","og_site_name":"PORTAL DE NOT\u00cdCIAS CLEITON PINHEIRO","article_publisher":"https:\/\/www.facebook.com\/portalcpnoticias\/","article_published_time":"2025-05-28T15:54:00+00:00","article_modified_time":"2025-05-28T15:54:25+00:00","og_image":[{"width":883,"height":546,"url":"https:\/\/cleitonpinheiro.com.br\/site\/wp-content\/uploads\/2025\/05\/426452.jpg","type":"image\/jpeg"}],"author":"Reda\u00e7\u00e3o CP","twitter_card":"summary_large_image","twitter_misc":{"Escrito por":"Reda\u00e7\u00e3o CP","Est. tempo de leitura":"2 minutos"},"schema":{"@context":"https:\/\/schema.org","@graph":[{"@type":"Article","@id":"https:\/\/cleitonpinheiro.com.br\/site\/governo-do-tocantins-prorroga-inscricoes-para-1a-edicao-do-terrao-no-bairro\/#article","isPartOf":{"@id":"https:\/\/cleitonpinheiro.com.br\/site\/governo-do-tocantins-prorroga-inscricoes-para-1a-edicao-do-terrao-no-bairro\/"},"author":{"name":"Reda\u00e7\u00e3o CP","@id":"https:\/\/cleitonpinheiro.com.br\/site\/#\/schema\/person\/8f04544e0bc40a1b68775b08360f87db"},"headline":"Governo do Tocantins prorroga inscri\u00e7\u00f5es para 1\u00aa edi\u00e7\u00e3o do Terr\u00e3o no Bairro","datePublished":"2025-05-28T15:54:00+00:00","dateModified":"2025-05-28T15:54:25+00:00","mainEntityOfPage":{"@id":"https:\/\/cleitonpinheiro.com.br\/site\/governo-do-tocantins-prorroga-inscricoes-para-1a-edicao-do-terrao-no-bairro\/"},"wordCount":251,"commentCount":0,"publisher":{"@id":"https:\/\/cleitonpinheiro.com.br\/site\/#organization"},"image":{"@id":"https:\/\/cleitonpinheiro.com.br\/site\/governo-do-tocantins-prorroga-inscricoes-para-1a-edicao-do-terrao-no-bairro\/#primaryimage"},"thumbnailUrl":"https:\/\/cleitonpinheiro.com.br\/site\/wp-content\/uploads\/2025\/05\/426452.jpg","articleSection":["ESPORTE","NOT\u00cdCIAS EM DESTAQUE","TODAS NOTICIAS"],"inLanguage":"pt-BR","potentialAction":[{"@type":"CommentAction","name":"Comment","target":["https:\/\/cleitonpinheiro.com.br\/site\/governo-do-tocantins-prorroga-inscricoes-para-1a-edicao-do-terrao-no-bairro\/#respond"]}]},{"@type":"WebPage","@id":"https:\/\/cleitonpinheiro.com.br\/site\/governo-do-tocantins-prorroga-inscricoes-para-1a-edicao-do-terrao-no-bairro\/","url":"https:\/\/cleitonpinheiro.com.br\/site\/governo-do-tocantins-prorroga-inscricoes-para-1a-edicao-do-terrao-no-bairro\/","name":"Governo do Tocantins prorroga inscri\u00e7\u00f5es para 1\u00aa edi\u00e7\u00e3o do Terr\u00e3o no Bairro - PORTAL DE NOT\u00cdCIAS CLEITON PINHEIRO","isPartOf":{"@id":"https:\/\/cleitonpinheiro.com.br\/site\/#website"},"primaryImageOfPage":{"@id":"https:\/\/cleitonpinheiro.com.br\/site\/governo-do-tocantins-prorroga-inscricoes-para-1a-edicao-do-terrao-no-bairro\/#primaryimage"},"image":{"@id":"https:\/\/cleitonpinheiro.com.br\/site\/governo-do-tocantins-prorroga-inscricoes-para-1a-edicao-do-terrao-no-bairro\/#primaryimage"},"thumbnailUrl":"https:\/\/cleitonpinheiro.com.br\/site\/wp-content\/uploads\/2025\/05\/426452.jpg","datePublished":"2025-05-28T15:54:00+00:00","dateModified":"2025-05-28T15:54:25+00:00","breadcrumb":{"@id":"https:\/\/cleitonpinheiro.com.br\/site\/governo-do-tocantins-prorroga-inscricoes-para-1a-edicao-do-terrao-no-bairro\/#breadcrumb"},"inLanguage":"pt-BR","potentialAction":[{"@type":"ReadAction","target":["https:\/\/cleitonpinheiro.com.br\/site\/governo-do-tocantins-prorroga-inscricoes-para-1a-edicao-do-terrao-no-bairro\/"]}]},{"@type":"ImageObject","inLanguage":"pt-BR","@id":"https:\/\/cleitonpinheiro.com.br\/site\/governo-do-tocantins-prorroga-inscricoes-para-1a-edicao-do-terrao-no-bairro\/#primaryimage","url":"https:\/\/cleitonpinheiro.com.br\/site\/wp-content\/uploads\/2025\/05\/426452.jpg","contentUrl":"https:\/\/cleitonpinheiro.com.br\/site\/wp-content\/uploads\/2025\/05\/426452.jpg","width":883,"height":546},{"@type":"BreadcrumbList","@id":"https:\/\/cleitonpinheiro.com.br\/site\/governo-do-tocantins-prorroga-inscricoes-para-1a-edicao-do-terrao-no-bairro\/#breadcrumb","itemListElement":[{"@type":"ListItem","position":1,"name":"In\u00edcio","item":"https:\/\/cleitonpinheiro.com.br\/site\/"},{"@type":"ListItem","position":2,"name":"Governo do Tocantins prorroga inscri\u00e7\u00f5es para 1\u00aa edi\u00e7\u00e3o do Terr\u00e3o no Bairro"}]},{"@type":"WebSite","@id":"https:\/\/cleitonpinheiro.com.br\/site\/#website","url":"https:\/\/cleitonpinheiro.com.br\/site\/","name":"PORTAL DE NOT\u00cdCIAS CLEITON PINHEIRO","description":"FALANDO A VERDADE","publisher":{"@id":"https:\/\/cleitonpinheiro.com.br\/site\/#organization"},"potentialAction":[{"@type":"SearchAction","target":{"@type":"EntryPoint","urlTemplate":"https:\/\/cleitonpinheiro.com.br\/site\/?s={search_term_string}"},"query-input":{"@type":"PropertyValueSpecification","valueRequired":true,"valueName":"search_term_string"}}],"inLanguage":"pt-BR"},{"@type":"Organization","@id":"https:\/\/cleitonpinheiro.com.br\/site\/#organization","name":"CPNOT\u00cdCIAS","url":"https:\/\/cleitonpinheiro.com.br\/site\/","logo":{"@type":"ImageObject","inLanguage":"pt-BR","@id":"https:\/\/cleitonpinheiro.com.br\/site\/#\/schema\/logo\/image\/","url":"https:\/\/cleitonpinheiro.com.br\/site\/wp-content\/uploads\/2022\/08\/Logo-pequena-2.png","contentUrl":"https:\/\/cleitonpinheiro.com.br\/site\/wp-content\/uploads\/2022\/08\/Logo-pequena-2.png","width":500,"height":500,"caption":"CPNOT\u00cdCIAS"},"image":{"@id":"https:\/\/cleitonpinheiro.com.br\/site\/#\/schema\/logo\/image\/"},"sameAs":["https:\/\/www.facebook.com\/portalcpnoticias\/"]},{"@type":"Person","@id":"https:\/\/cleitonpinheiro.com.br\/site\/#\/schema\/person\/8f04544e0bc40a1b68775b08360f87db","name":"Reda\u00e7\u00e3o CP","image":{"@type":"ImageObject","inLanguage":"pt-BR","@id":"https:\/\/cleitonpinheiro.com.br\/site\/#\/schema\/person\/image\/","url":"https:\/\/secure.gravatar.com\/avatar\/0bcf19cb29fdc8fc588c490c7ae1b3e174dac268586a63fbe1d1893a0f9020cd?s=96&r=g","contentUrl":"https:\/\/secure.gravatar.com\/avatar\/0bcf19cb29fdc8fc588c490c7ae1b3e174dac268586a63fbe1d1893a0f9020cd?s=96&r=g","caption":"Reda\u00e7\u00e3o CP"},"url":"https:\/\/cleitonpinheiro.com.br\/site\/author\/redacao\/"}]}},"views":208,"_links":{"self":[{"href":"https:\/\/cleitonpinheiro.com.br\/site\/wp-json\/wp\/v2\/posts\/85682","targetHints":{"allow":["GET"]}}],"collection":[{"href":"https:\/\/cleitonpinheiro.com.br\/site\/wp-json\/wp\/v2\/posts"}],"about":[{"href":"https:\/\/cleitonpinheiro.com.br\/site\/wp-json\/wp\/v2\/types\/post"}],"author":[{"embeddable":true,"href":"https:\/\/cleitonpinheiro.com.br\/site\/wp-json\/wp\/v2\/users\/13"}],"replies":[{"embeddable":true,"href":"https:\/\/cleitonpinheiro.com.br\/site\/wp-json\/wp\/v2\/comments?post=85682"}],"version-history":[{"count":1,"href":"https:\/\/cleitonpinheiro.com.br\/site\/wp-json\/wp\/v2\/posts\/85682\/revisions"}],"predecessor-version":[{"id":85684,"href":"https:\/\/cleitonpinheiro.com.br\/site\/wp-json\/wp\/v2\/posts\/85682\/revisions\/85684"}],"wp:featuredmedia":[{"embeddable":true,"href":"https:\/\/cleitonpinheiro.com.br\/site\/wp-json\/wp\/v2\/media\/85683"}],"wp:attachment":[{"href":"https:\/\/cleitonpinheiro.com.br\/site\/wp-json\/wp\/v2\/media?parent=85682"}],"wp:term":[{"taxonomy":"category","embeddable":true,"href":"https:\/\/cleitonpinheiro.com.br\/site\/wp-json\/wp\/v2\/categories?post=85682"},{"taxonomy":"post_tag","embeddable":true,"href":"https:\/\/cleitonpinheiro.com.br\/site\/wp-json\/wp\/v2\/tags?post=85682"}],"curies":[{"name":"wp","href":"https:\/\/api.w.org\/{rel}","templated":true}]}}