{"id":85689,"date":"2025-05-28T13:03:29","date_gmt":"2025-05-28T16:03:29","guid":{"rendered":"https:\/\/cleitonpinheiro.com.br\/site\/?p=85689"},"modified":"2025-05-30T14:14:50","modified_gmt":"2025-05-30T17:14:50","slug":"prazo-para-enviar-a-declaracao-de-bens-e-valores-comeca-na-proxima-segunda-2-de-junho","status":"publish","type":"post","link":"https:\/\/cleitonpinheiro.com.br\/site\/prazo-para-enviar-a-declaracao-de-bens-e-valores-comeca-na-proxima-segunda-2-de-junho\/","title":{"rendered":"Prazo para enviar a Declara\u00e7\u00e3o de Bens e Valores come\u00e7a na pr\u00f3xima segunda, 2 de junho"},"content":{"rendered":"\n<figure class=\"wp-block-image size-full\"><img fetchpriority=\"high\" decoding=\"async\" width=\"960\" height=\"720\" src=\"https:\/\/cleitonpinheiro.com.br\/site\/wp-content\/uploads\/2025\/05\/tamanho-site-4.png\" alt=\"\" class=\"wp-image-85691\" srcset=\"https:\/\/cleitonpinheiro.com.br\/site\/wp-content\/uploads\/2025\/05\/tamanho-site-4.png 960w, https:\/\/cleitonpinheiro.com.br\/site\/wp-content\/uploads\/2025\/05\/tamanho-site-4-300x225.png 300w, https:\/\/cleitonpinheiro.com.br\/site\/wp-content\/uploads\/2025\/05\/tamanho-site-4-768x576.png 768w\" sizes=\"(max-width: 960px) 100vw, 960px\" \/><\/figure>\n\n\n\n<p>A AJUSP-TO informa a seus associados que foi publicado no Di\u00e1rio Oficial do Tocantins n\u00ba 6.821, do \u00faltimo dia 23 de maio, o prazo para a Atualiza\u00e7\u00e3o Anual da Declara\u00e7\u00e3o de Bens e Valores, referente ao ano-base 2024, dos servidores p\u00fablicos do Poder Executivo tocantinense. A informa\u00e7\u00e3o est\u00e1 na Portaria n\u00ba 1139\/2025 assinada pelo secret\u00e1rio de Estado da Administra\u00e7\u00e3o, Paulo C\u00e9sar Benfica, dispon\u00edvel na p\u00e1gina 14, do Di\u00e1rio Oficial.<\/p>\n\n\n\n<p>Ficou estabelecido o prazo de 02 de junho a 1\u00ba de julho para que os servidores p\u00fablicos realizem o envio da Declara\u00e7\u00e3o de Bens e Valores, por meio do Portal de Servi\u00e7os do Governo do Tocantins, na internet. O prazo, portanto, come\u00e7a a contar a partir da pr\u00f3xima segunda-feira e o envio \u00e9 obrigat\u00f3rio para todos os agentes p\u00fablicos estaduais ativos que estejam em exerc\u00edcio de mandato, cargo, emprego ou fun\u00e7\u00e3o p\u00fablica, e que tenham sido admitidos at\u00e9 30 de abril de 2025.<\/p>\n\n\n\n<p>Nos pr\u00f3ximos dias, a Secretaria da Administra\u00e7\u00e3o (SECAD) deve divulgar mais informa\u00e7\u00f5es a respeito. \u00c9 importante lembrar que, segundo a Portaria, est\u00e3o dispensados os aposentados, militares da reserva ou reformados, pensionistas, estagi\u00e1rios, bolsistas e empregados de empresas terceirizadas.<\/p>\n\n\n\n<p>A AJUSP-TO ressalta que o n\u00e3o envio da declara\u00e7\u00e3o prejudica o servidor e acarreta na ado\u00e7\u00e3o das medidas previstas na lei vigente, inclusive comunica\u00e7\u00e3o \u00e0 Controladoria-Geral do Estado. (Assessoria de Comunica\u00e7\u00e3o AJUSP-TO)<\/p>\n","protected":false},"excerpt":{"rendered":"<p>A AJUSP-TO informa a seus associados que foi publicado no Di\u00e1rio Oficial do Tocantins n\u00ba 6.821, do \u00faltimo dia 23 de maio, o prazo para a Atualiza\u00e7\u00e3o Anual da Declara\u00e7\u00e3o de Bens e Valores, referente ao ano-base 2024, dos servidores p\u00fablicos do Poder Executivo tocantinense. A informa\u00e7\u00e3o est\u00e1 na Portaria n\u00ba 1139\/2025 assinada pelo secret\u00e1rio [&hellip;]<\/p>\n","protected":false},"author":13,"featured_media":85691,"comment_status":"open","ping_status":"open","sticky":false,"template":"","format":"standard","meta":{"_acf_changed":false,"footnotes":""},"categories":[25,898,21],"tags":[],"class_list":["post-85689","post","type-post","status-publish","format-standard","has-post-thumbnail","hentry","category-funcionalismo","category-manchete-segundaria","category-todas-noticias"],"acf":[],"yoast_head":"<!-- This site is optimized with the Yoast SEO plugin v24.4 - https:\/\/yoast.com\/wordpress\/plugins\/seo\/ -->\n<title>Prazo para enviar a Declara\u00e7\u00e3o de Bens e Valores come\u00e7a na pr\u00f3xima segunda, 2 de junho - PORTAL DE NOT\u00cdCIAS CLEITON PINHEIRO<\/title>\n<meta name=\"robots\" content=\"index, follow, max-snippet:-1, max-image-preview:large, max-video-preview:-1\" \/>\n<link rel=\"canonical\" href=\"https:\/\/cleitonpinheiro.com.br\/site\/prazo-para-enviar-a-declaracao-de-bens-e-valores-comeca-na-proxima-segunda-2-de-junho\/\" \/>\n<meta property=\"og:locale\" content=\"pt_BR\" \/>\n<meta property=\"og:type\" content=\"article\" \/>\n<meta property=\"og:title\" content=\"Prazo para enviar a Declara\u00e7\u00e3o de Bens e Valores come\u00e7a na pr\u00f3xima segunda, 2 de junho - PORTAL DE NOT\u00cdCIAS CLEITON PINHEIRO\" \/>\n<meta property=\"og:description\" content=\"A AJUSP-TO informa a seus associados que foi publicado no Di\u00e1rio Oficial do Tocantins n\u00ba 6.821, do \u00faltimo dia 23 de maio, o prazo para a Atualiza\u00e7\u00e3o Anual da Declara\u00e7\u00e3o de Bens e Valores, referente ao ano-base 2024, dos servidores p\u00fablicos do Poder Executivo tocantinense. A informa\u00e7\u00e3o est\u00e1 na Portaria n\u00ba 1139\/2025 assinada pelo secret\u00e1rio [&hellip;]\" \/>\n<meta property=\"og:url\" content=\"https:\/\/cleitonpinheiro.com.br\/site\/prazo-para-enviar-a-declaracao-de-bens-e-valores-comeca-na-proxima-segunda-2-de-junho\/\" \/>\n<meta property=\"og:site_name\" content=\"PORTAL DE NOT\u00cdCIAS CLEITON PINHEIRO\" \/>\n<meta property=\"article:publisher\" content=\"https:\/\/www.facebook.com\/portalcpnoticias\/\" \/>\n<meta property=\"article:published_time\" content=\"2025-05-28T16:03:29+00:00\" \/>\n<meta property=\"article:modified_time\" content=\"2025-05-30T17:14:50+00:00\" \/>\n<meta property=\"og:image\" content=\"https:\/\/cleitonpinheiro.com.br\/site\/wp-content\/uploads\/2025\/05\/tamanho-site-4.png\" \/>\n\t<meta property=\"og:image:width\" content=\"960\" \/>\n\t<meta property=\"og:image:height\" content=\"720\" \/>\n\t<meta property=\"og:image:type\" content=\"image\/png\" \/>\n<meta name=\"author\" content=\"Reda\u00e7\u00e3o CP\" \/>\n<meta name=\"twitter:card\" content=\"summary_large_image\" \/>\n<meta name=\"twitter:label1\" content=\"Escrito por\" \/>\n\t<meta name=\"twitter:data1\" content=\"Reda\u00e7\u00e3o CP\" \/>\n\t<meta name=\"twitter:label2\" content=\"Est. tempo de leitura\" \/>\n\t<meta name=\"twitter:data2\" content=\"2 minutos\" \/>\n<script type=\"application\/ld+json\" class=\"yoast-schema-graph\">{\"@context\":\"https:\/\/schema.org\",\"@graph\":[{\"@type\":\"Article\",\"@id\":\"https:\/\/cleitonpinheiro.com.br\/site\/prazo-para-enviar-a-declaracao-de-bens-e-valores-comeca-na-proxima-segunda-2-de-junho\/#article\",\"isPartOf\":{\"@id\":\"https:\/\/cleitonpinheiro.com.br\/site\/prazo-para-enviar-a-declaracao-de-bens-e-valores-comeca-na-proxima-segunda-2-de-junho\/\"},\"author\":{\"name\":\"Reda\u00e7\u00e3o CP\",\"@id\":\"https:\/\/cleitonpinheiro.com.br\/site\/#\/schema\/person\/8f04544e0bc40a1b68775b08360f87db\"},\"headline\":\"Prazo para enviar a Declara\u00e7\u00e3o de Bens e Valores come\u00e7a na pr\u00f3xima segunda, 2 de junho\",\"datePublished\":\"2025-05-28T16:03:29+00:00\",\"dateModified\":\"2025-05-30T17:14:50+00:00\",\"mainEntityOfPage\":{\"@id\":\"https:\/\/cleitonpinheiro.com.br\/site\/prazo-para-enviar-a-declaracao-de-bens-e-valores-comeca-na-proxima-segunda-2-de-junho\/\"},\"wordCount\":259,\"commentCount\":0,\"publisher\":{\"@id\":\"https:\/\/cleitonpinheiro.com.br\/site\/#organization\"},\"image\":{\"@id\":\"https:\/\/cleitonpinheiro.com.br\/site\/prazo-para-enviar-a-declaracao-de-bens-e-valores-comeca-na-proxima-segunda-2-de-junho\/#primaryimage\"},\"thumbnailUrl\":\"https:\/\/cleitonpinheiro.com.br\/site\/wp-content\/uploads\/2025\/05\/tamanho-site-4.png\",\"articleSection\":[\"FUNCIONALISMO\",\"MANCHETE SEGUND\u00c1RIA\",\"TODAS NOTICIAS\"],\"inLanguage\":\"pt-BR\",\"potentialAction\":[{\"@type\":\"CommentAction\",\"name\":\"Comment\",\"target\":[\"https:\/\/cleitonpinheiro.com.br\/site\/prazo-para-enviar-a-declaracao-de-bens-e-valores-comeca-na-proxima-segunda-2-de-junho\/#respond\"]}]},{\"@type\":\"WebPage\",\"@id\":\"https:\/\/cleitonpinheiro.com.br\/site\/prazo-para-enviar-a-declaracao-de-bens-e-valores-comeca-na-proxima-segunda-2-de-junho\/\",\"url\":\"https:\/\/cleitonpinheiro.com.br\/site\/prazo-para-enviar-a-declaracao-de-bens-e-valores-comeca-na-proxima-segunda-2-de-junho\/\",\"name\":\"Prazo para enviar a Declara\u00e7\u00e3o de Bens e Valores come\u00e7a na pr\u00f3xima segunda, 2 de junho - PORTAL DE NOT\u00cdCIAS CLEITON PINHEIRO\",\"isPartOf\":{\"@id\":\"https:\/\/cleitonpinheiro.com.br\/site\/#website\"},\"primaryImageOfPage\":{\"@id\":\"https:\/\/cleitonpinheiro.com.br\/site\/prazo-para-enviar-a-declaracao-de-bens-e-valores-comeca-na-proxima-segunda-2-de-junho\/#primaryimage\"},\"image\":{\"@id\":\"https:\/\/cleitonpinheiro.com.br\/site\/prazo-para-enviar-a-declaracao-de-bens-e-valores-comeca-na-proxima-segunda-2-de-junho\/#primaryimage\"},\"thumbnailUrl\":\"https:\/\/cleitonpinheiro.com.br\/site\/wp-content\/uploads\/2025\/05\/tamanho-site-4.png\",\"datePublished\":\"2025-05-28T16:03:29+00:00\",\"dateModified\":\"2025-05-30T17:14:50+00:00\",\"breadcrumb\":{\"@id\":\"https:\/\/cleitonpinheiro.com.br\/site\/prazo-para-enviar-a-declaracao-de-bens-e-valores-comeca-na-proxima-segunda-2-de-junho\/#breadcrumb\"},\"inLanguage\":\"pt-BR\",\"potentialAction\":[{\"@type\":\"ReadAction\",\"target\":[\"https:\/\/cleitonpinheiro.com.br\/site\/prazo-para-enviar-a-declaracao-de-bens-e-valores-comeca-na-proxima-segunda-2-de-junho\/\"]}]},{\"@type\":\"ImageObject\",\"inLanguage\":\"pt-BR\",\"@id\":\"https:\/\/cleitonpinheiro.com.br\/site\/prazo-para-enviar-a-declaracao-de-bens-e-valores-comeca-na-proxima-segunda-2-de-junho\/#primaryimage\",\"url\":\"https:\/\/cleitonpinheiro.com.br\/site\/wp-content\/uploads\/2025\/05\/tamanho-site-4.png\",\"contentUrl\":\"https:\/\/cleitonpinheiro.com.br\/site\/wp-content\/uploads\/2025\/05\/tamanho-site-4.png\",\"width\":960,\"height\":720},{\"@type\":\"BreadcrumbList\",\"@id\":\"https:\/\/cleitonpinheiro.com.br\/site\/prazo-para-enviar-a-declaracao-de-bens-e-valores-comeca-na-proxima-segunda-2-de-junho\/#breadcrumb\",\"itemListElement\":[{\"@type\":\"ListItem\",\"position\":1,\"name\":\"In\u00edcio\",\"item\":\"https:\/\/cleitonpinheiro.com.br\/site\/\"},{\"@type\":\"ListItem\",\"position\":2,\"name\":\"Prazo para enviar a Declara\u00e7\u00e3o de Bens e Valores come\u00e7a na pr\u00f3xima segunda, 2 de junho\"}]},{\"@type\":\"WebSite\",\"@id\":\"https:\/\/cleitonpinheiro.com.br\/site\/#website\",\"url\":\"https:\/\/cleitonpinheiro.com.br\/site\/\",\"name\":\"PORTAL DE NOT\u00cdCIAS CLEITON PINHEIRO\",\"description\":\"FALANDO A VERDADE\",\"publisher\":{\"@id\":\"https:\/\/cleitonpinheiro.com.br\/site\/#organization\"},\"potentialAction\":[{\"@type\":\"SearchAction\",\"target\":{\"@type\":\"EntryPoint\",\"urlTemplate\":\"https:\/\/cleitonpinheiro.com.br\/site\/?s={search_term_string}\"},\"query-input\":{\"@type\":\"PropertyValueSpecification\",\"valueRequired\":true,\"valueName\":\"search_term_string\"}}],\"inLanguage\":\"pt-BR\"},{\"@type\":\"Organization\",\"@id\":\"https:\/\/cleitonpinheiro.com.br\/site\/#organization\",\"name\":\"CPNOT\u00cdCIAS\",\"url\":\"https:\/\/cleitonpinheiro.com.br\/site\/\",\"logo\":{\"@type\":\"ImageObject\",\"inLanguage\":\"pt-BR\",\"@id\":\"https:\/\/cleitonpinheiro.com.br\/site\/#\/schema\/logo\/image\/\",\"url\":\"https:\/\/cleitonpinheiro.com.br\/site\/wp-content\/uploads\/2022\/08\/Logo-pequena-2.png\",\"contentUrl\":\"https:\/\/cleitonpinheiro.com.br\/site\/wp-content\/uploads\/2022\/08\/Logo-pequena-2.png\",\"width\":500,\"height\":500,\"caption\":\"CPNOT\u00cdCIAS\"},\"image\":{\"@id\":\"https:\/\/cleitonpinheiro.com.br\/site\/#\/schema\/logo\/image\/\"},\"sameAs\":[\"https:\/\/www.facebook.com\/portalcpnoticias\/\"]},{\"@type\":\"Person\",\"@id\":\"https:\/\/cleitonpinheiro.com.br\/site\/#\/schema\/person\/8f04544e0bc40a1b68775b08360f87db\",\"name\":\"Reda\u00e7\u00e3o CP\",\"image\":{\"@type\":\"ImageObject\",\"inLanguage\":\"pt-BR\",\"@id\":\"https:\/\/cleitonpinheiro.com.br\/site\/#\/schema\/person\/image\/\",\"url\":\"https:\/\/secure.gravatar.com\/avatar\/0bcf19cb29fdc8fc588c490c7ae1b3e174dac268586a63fbe1d1893a0f9020cd?s=96&r=g\",\"contentUrl\":\"https:\/\/secure.gravatar.com\/avatar\/0bcf19cb29fdc8fc588c490c7ae1b3e174dac268586a63fbe1d1893a0f9020cd?s=96&r=g\",\"caption\":\"Reda\u00e7\u00e3o CP\"},\"url\":\"https:\/\/cleitonpinheiro.com.br\/site\/author\/redacao\/\"}]}<\/script>\n<!-- \/ Yoast SEO plugin. -->","yoast_head_json":{"title":"Prazo para enviar a Declara\u00e7\u00e3o de Bens e Valores come\u00e7a na pr\u00f3xima segunda, 2 de junho - PORTAL DE NOT\u00cdCIAS CLEITON PINHEIRO","robots":{"index":"index","follow":"follow","max-snippet":"max-snippet:-1","max-image-preview":"max-image-preview:large","max-video-preview":"max-video-preview:-1"},"canonical":"https:\/\/cleitonpinheiro.com.br\/site\/prazo-para-enviar-a-declaracao-de-bens-e-valores-comeca-na-proxima-segunda-2-de-junho\/","og_locale":"pt_BR","og_type":"article","og_title":"Prazo para enviar a Declara\u00e7\u00e3o de Bens e Valores come\u00e7a na pr\u00f3xima segunda, 2 de junho - PORTAL DE NOT\u00cdCIAS CLEITON PINHEIRO","og_description":"A AJUSP-TO informa a seus associados que foi publicado no Di\u00e1rio Oficial do Tocantins n\u00ba 6.821, do \u00faltimo dia 23 de maio, o prazo para a Atualiza\u00e7\u00e3o Anual da Declara\u00e7\u00e3o de Bens e Valores, referente ao ano-base 2024, dos servidores p\u00fablicos do Poder Executivo tocantinense. A informa\u00e7\u00e3o est\u00e1 na Portaria n\u00ba 1139\/2025 assinada pelo secret\u00e1rio [&hellip;]","og_url":"https:\/\/cleitonpinheiro.com.br\/site\/prazo-para-enviar-a-declaracao-de-bens-e-valores-comeca-na-proxima-segunda-2-de-junho\/","og_site_name":"PORTAL DE NOT\u00cdCIAS CLEITON PINHEIRO","article_publisher":"https:\/\/www.facebook.com\/portalcpnoticias\/","article_published_time":"2025-05-28T16:03:29+00:00","article_modified_time":"2025-05-30T17:14:50+00:00","og_image":[{"width":960,"height":720,"url":"https:\/\/cleitonpinheiro.com.br\/site\/wp-content\/uploads\/2025\/05\/tamanho-site-4.png","type":"image\/png"}],"author":"Reda\u00e7\u00e3o CP","twitter_card":"summary_large_image","twitter_misc":{"Escrito por":"Reda\u00e7\u00e3o CP","Est. tempo de leitura":"2 minutos"},"schema":{"@context":"https:\/\/schema.org","@graph":[{"@type":"Article","@id":"https:\/\/cleitonpinheiro.com.br\/site\/prazo-para-enviar-a-declaracao-de-bens-e-valores-comeca-na-proxima-segunda-2-de-junho\/#article","isPartOf":{"@id":"https:\/\/cleitonpinheiro.com.br\/site\/prazo-para-enviar-a-declaracao-de-bens-e-valores-comeca-na-proxima-segunda-2-de-junho\/"},"author":{"name":"Reda\u00e7\u00e3o CP","@id":"https:\/\/cleitonpinheiro.com.br\/site\/#\/schema\/person\/8f04544e0bc40a1b68775b08360f87db"},"headline":"Prazo para enviar a Declara\u00e7\u00e3o de Bens e Valores come\u00e7a na pr\u00f3xima segunda, 2 de junho","datePublished":"2025-05-28T16:03:29+00:00","dateModified":"2025-05-30T17:14:50+00:00","mainEntityOfPage":{"@id":"https:\/\/cleitonpinheiro.com.br\/site\/prazo-para-enviar-a-declaracao-de-bens-e-valores-comeca-na-proxima-segunda-2-de-junho\/"},"wordCount":259,"commentCount":0,"publisher":{"@id":"https:\/\/cleitonpinheiro.com.br\/site\/#organization"},"image":{"@id":"https:\/\/cleitonpinheiro.com.br\/site\/prazo-para-enviar-a-declaracao-de-bens-e-valores-comeca-na-proxima-segunda-2-de-junho\/#primaryimage"},"thumbnailUrl":"https:\/\/cleitonpinheiro.com.br\/site\/wp-content\/uploads\/2025\/05\/tamanho-site-4.png","articleSection":["FUNCIONALISMO","MANCHETE SEGUND\u00c1RIA","TODAS NOTICIAS"],"inLanguage":"pt-BR","potentialAction":[{"@type":"CommentAction","name":"Comment","target":["https:\/\/cleitonpinheiro.com.br\/site\/prazo-para-enviar-a-declaracao-de-bens-e-valores-comeca-na-proxima-segunda-2-de-junho\/#respond"]}]},{"@type":"WebPage","@id":"https:\/\/cleitonpinheiro.com.br\/site\/prazo-para-enviar-a-declaracao-de-bens-e-valores-comeca-na-proxima-segunda-2-de-junho\/","url":"https:\/\/cleitonpinheiro.com.br\/site\/prazo-para-enviar-a-declaracao-de-bens-e-valores-comeca-na-proxima-segunda-2-de-junho\/","name":"Prazo para enviar a Declara\u00e7\u00e3o de Bens e Valores come\u00e7a na pr\u00f3xima segunda, 2 de junho - PORTAL DE NOT\u00cdCIAS CLEITON PINHEIRO","isPartOf":{"@id":"https:\/\/cleitonpinheiro.com.br\/site\/#website"},"primaryImageOfPage":{"@id":"https:\/\/cleitonpinheiro.com.br\/site\/prazo-para-enviar-a-declaracao-de-bens-e-valores-comeca-na-proxima-segunda-2-de-junho\/#primaryimage"},"image":{"@id":"https:\/\/cleitonpinheiro.com.br\/site\/prazo-para-enviar-a-declaracao-de-bens-e-valores-comeca-na-proxima-segunda-2-de-junho\/#primaryimage"},"thumbnailUrl":"https:\/\/cleitonpinheiro.com.br\/site\/wp-content\/uploads\/2025\/05\/tamanho-site-4.png","datePublished":"2025-05-28T16:03:29+00:00","dateModified":"2025-05-30T17:14:50+00:00","breadcrumb":{"@id":"https:\/\/cleitonpinheiro.com.br\/site\/prazo-para-enviar-a-declaracao-de-bens-e-valores-comeca-na-proxima-segunda-2-de-junho\/#breadcrumb"},"inLanguage":"pt-BR","potentialAction":[{"@type":"ReadAction","target":["https:\/\/cleitonpinheiro.com.br\/site\/prazo-para-enviar-a-declaracao-de-bens-e-valores-comeca-na-proxima-segunda-2-de-junho\/"]}]},{"@type":"ImageObject","inLanguage":"pt-BR","@id":"https:\/\/cleitonpinheiro.com.br\/site\/prazo-para-enviar-a-declaracao-de-bens-e-valores-comeca-na-proxima-segunda-2-de-junho\/#primaryimage","url":"https:\/\/cleitonpinheiro.com.br\/site\/wp-content\/uploads\/2025\/05\/tamanho-site-4.png","contentUrl":"https:\/\/cleitonpinheiro.com.br\/site\/wp-content\/uploads\/2025\/05\/tamanho-site-4.png","width":960,"height":720},{"@type":"BreadcrumbList","@id":"https:\/\/cleitonpinheiro.com.br\/site\/prazo-para-enviar-a-declaracao-de-bens-e-valores-comeca-na-proxima-segunda-2-de-junho\/#breadcrumb","itemListElement":[{"@type":"ListItem","position":1,"name":"In\u00edcio","item":"https:\/\/cleitonpinheiro.com.br\/site\/"},{"@type":"ListItem","position":2,"name":"Prazo para enviar a Declara\u00e7\u00e3o de Bens e Valores come\u00e7a na pr\u00f3xima segunda, 2 de junho"}]},{"@type":"WebSite","@id":"https:\/\/cleitonpinheiro.com.br\/site\/#website","url":"https:\/\/cleitonpinheiro.com.br\/site\/","name":"PORTAL DE NOT\u00cdCIAS CLEITON PINHEIRO","description":"FALANDO A VERDADE","publisher":{"@id":"https:\/\/cleitonpinheiro.com.br\/site\/#organization"},"potentialAction":[{"@type":"SearchAction","target":{"@type":"EntryPoint","urlTemplate":"https:\/\/cleitonpinheiro.com.br\/site\/?s={search_term_string}"},"query-input":{"@type":"PropertyValueSpecification","valueRequired":true,"valueName":"search_term_string"}}],"inLanguage":"pt-BR"},{"@type":"Organization","@id":"https:\/\/cleitonpinheiro.com.br\/site\/#organization","name":"CPNOT\u00cdCIAS","url":"https:\/\/cleitonpinheiro.com.br\/site\/","logo":{"@type":"ImageObject","inLanguage":"pt-BR","@id":"https:\/\/cleitonpinheiro.com.br\/site\/#\/schema\/logo\/image\/","url":"https:\/\/cleitonpinheiro.com.br\/site\/wp-content\/uploads\/2022\/08\/Logo-pequena-2.png","contentUrl":"https:\/\/cleitonpinheiro.com.br\/site\/wp-content\/uploads\/2022\/08\/Logo-pequena-2.png","width":500,"height":500,"caption":"CPNOT\u00cdCIAS"},"image":{"@id":"https:\/\/cleitonpinheiro.com.br\/site\/#\/schema\/logo\/image\/"},"sameAs":["https:\/\/www.facebook.com\/portalcpnoticias\/"]},{"@type":"Person","@id":"https:\/\/cleitonpinheiro.com.br\/site\/#\/schema\/person\/8f04544e0bc40a1b68775b08360f87db","name":"Reda\u00e7\u00e3o CP","image":{"@type":"ImageObject","inLanguage":"pt-BR","@id":"https:\/\/cleitonpinheiro.com.br\/site\/#\/schema\/person\/image\/","url":"https:\/\/secure.gravatar.com\/avatar\/0bcf19cb29fdc8fc588c490c7ae1b3e174dac268586a63fbe1d1893a0f9020cd?s=96&r=g","contentUrl":"https:\/\/secure.gravatar.com\/avatar\/0bcf19cb29fdc8fc588c490c7ae1b3e174dac268586a63fbe1d1893a0f9020cd?s=96&r=g","caption":"Reda\u00e7\u00e3o CP"},"url":"https:\/\/cleitonpinheiro.com.br\/site\/author\/redacao\/"}]}},"views":170,"_links":{"self":[{"href":"https:\/\/cleitonpinheiro.com.br\/site\/wp-json\/wp\/v2\/posts\/85689","targetHints":{"allow":["GET"]}}],"collection":[{"href":"https:\/\/cleitonpinheiro.com.br\/site\/wp-json\/wp\/v2\/posts"}],"about":[{"href":"https:\/\/cleitonpinheiro.com.br\/site\/wp-json\/wp\/v2\/types\/post"}],"author":[{"embeddable":true,"href":"https:\/\/cleitonpinheiro.com.br\/site\/wp-json\/wp\/v2\/users\/13"}],"replies":[{"embeddable":true,"href":"https:\/\/cleitonpinheiro.com.br\/site\/wp-json\/wp\/v2\/comments?post=85689"}],"version-history":[{"count":1,"href":"https:\/\/cleitonpinheiro.com.br\/site\/wp-json\/wp\/v2\/posts\/85689\/revisions"}],"predecessor-version":[{"id":85692,"href":"https:\/\/cleitonpinheiro.com.br\/site\/wp-json\/wp\/v2\/posts\/85689\/revisions\/85692"}],"wp:featuredmedia":[{"embeddable":true,"href":"https:\/\/cleitonpinheiro.com.br\/site\/wp-json\/wp\/v2\/media\/85691"}],"wp:attachment":[{"href":"https:\/\/cleitonpinheiro.com.br\/site\/wp-json\/wp\/v2\/media?parent=85689"}],"wp:term":[{"taxonomy":"category","embeddable":true,"href":"https:\/\/cleitonpinheiro.com.br\/site\/wp-json\/wp\/v2\/categories?post=85689"},{"taxonomy":"post_tag","embeddable":true,"href":"https:\/\/cleitonpinheiro.com.br\/site\/wp-json\/wp\/v2\/tags?post=85689"}],"curies":[{"name":"wp","href":"https:\/\/api.w.org\/{rel}","templated":true}]}}