{"id":85694,"date":"2025-05-30T13:54:26","date_gmt":"2025-05-30T16:54:26","guid":{"rendered":"https:\/\/cleitonpinheiro.com.br\/site\/?p=85694"},"modified":"2025-06-02T09:54:07","modified_gmt":"2025-06-02T12:54:07","slug":"policia-federal-tem-como-um-dos-alvos-o-prefeito-de-palmas-eduardo-siqueira-diz-eu-sou-fonte-de-muita-gente","status":"publish","type":"post","link":"https:\/\/cleitonpinheiro.com.br\/site\/policia-federal-tem-como-um-dos-alvos-o-prefeito-de-palmas-eduardo-siqueira-diz-eu-sou-fonte-de-muita-gente\/","title":{"rendered":"Pol\u00edcia Federal tem como um dos alvos o prefeito de Palmas; Eduardo Siqueira diz: &#8220;Eu sou fonte de muita gente&#8221;"},"content":{"rendered":"\n<figure class=\"wp-block-image size-full\"><img fetchpriority=\"high\" decoding=\"async\" width=\"960\" height=\"720\" src=\"https:\/\/cleitonpinheiro.com.br\/site\/wp-content\/uploads\/2025\/05\/tamanho-site-1-2.png\" alt=\"\" class=\"wp-image-85695\" srcset=\"https:\/\/cleitonpinheiro.com.br\/site\/wp-content\/uploads\/2025\/05\/tamanho-site-1-2.png 960w, https:\/\/cleitonpinheiro.com.br\/site\/wp-content\/uploads\/2025\/05\/tamanho-site-1-2-300x225.png 300w, https:\/\/cleitonpinheiro.com.br\/site\/wp-content\/uploads\/2025\/05\/tamanho-site-1-2-768x576.png 768w\" sizes=\"(max-width: 960px) 100vw, 960px\" \/><\/figure>\n\n\n\n<p>Conforme noticiado pelo Portal G1, a Pol\u00edcia Federal cumpre tr\u00eas ordens de busca e apreens\u00e3o em Palmas nesta sexta-feira (30) contra suspeitos de vazarem informa\u00e7\u00f5es sigilosas de opera\u00e7\u00f5es policiais. Os mandados foram autorizados pelo Supremo Tribunal Federal (STF) no \u00e2mbito da 9\u00aa fase da Opera\u00e7\u00e3o Sisamnes. Foram realizadas buscas na casa e no gabinete do prefeito Eduardo Siqueira Campos, al\u00e9m da unidade penal de Palmas.<\/p>\n\n\n\n<p>Segundo as investiga\u00e7\u00f5es, os suspeitos teriam conseguido acesso antecipado a detalhes de opera\u00e7\u00f5es policiais, comprometendo a efic\u00e1cia das medidas judiciais que seriam implementadas. A PF tamb\u00e9m apura\u00a0<strong>supostos privil\u00e9gios ilegais concedidos a investigado que foi preso em uma fase anterior\u00a0<\/strong>da mesma opera\u00e7\u00e3o. Os dois alvos desta fase da opera\u00e7\u00e3o foram proibidos de sair do pa\u00eds, tiveram seus passaportes recolhidos e receberam ordem para n\u00e3o manter contato entre si.<\/p>\n\n\n\n<p>Durante coletiva em seu gabinete, em Palmas, o prefeito afirmou que sabe do que se trata a investiga\u00e7\u00e3o, mas negou que tenha vazado informa\u00e7\u00f5es sigilosas.<\/p>\n\n\n\n<blockquote class=\"wp-block-quote is-layout-flow wp-block-quote-is-layout-flow\">\n<p>\u201cEu sou fonte de muita gente. Acho que voc\u00eas sabem o tanto que sei ou n\u00e3o sei, eu s\u00f3 sei o que dizem por a\u00ed. Eu n\u00e3o tenho nenhuma informa\u00e7\u00e3o privilegiada. Estou aqui para responder em rela\u00e7\u00e3o suposto vazamento de informa\u00e7\u00e3o perante o STJ. Eu n\u00e3o tenho fonte no STJ, n\u00e3o \u00e9 meu papel. Eu indiquei um advogado [para Thiago Barbosa], e esse advogado foi constitu\u00eddo e teve acesso aos autos&#8221;, afirmou.<br>Conforme apurado pela GloboNews, o prefeito supostamente soube, antecipadamente, de uma opera\u00e7\u00e3o realizada no Tocantins em 2024.<\/p>\n\n\n\n<p>&#8220;Sei qual \u00e9 a raz\u00e3o. J\u00e1 antecipo que isso n\u00e3o envolve gest\u00e3o de governos passados, mandato de senador, deputado, secret\u00e1rio, mandato de prefeito. Restringe-se a uma quest\u00e3o denominada, n\u00e3o \u00e9 nem compra de senten\u00e7a, n\u00e3o \u00e9 o caso, mas de vazamento de informa\u00e7\u00e3o. Eu at\u00e9 imagino quais s\u00e3o as raz\u00f5es&#8221;, afirmou.<br>Al\u00e9m desta suspeita sobre o vazamento de informa\u00e7\u00f5es sigilosas ligada a Eduardo, esta fase da opera\u00e7\u00e3o Sisamnes no Tocantins tamb\u00e9m apura se o advogado Thiago Marcos Barbosa, preso em mar\u00e7o de 2025, recebeu \u201cprivil\u00e9gios ilegais\u201d dentro da pris\u00e3o.<\/p>\n\n\n\n<p>Thiago \u00e9 sobrinho do governador Wanderlei Barbosa (Republicanos). Ele foi preso suspeito de vazar informa\u00e7\u00f5es sobre opera\u00e7\u00f5es judiciais, inclusive para o tio \u2013 que n\u00e3o \u00e9 investigado na opera\u00e7\u00e3o.<\/p>\n<\/blockquote>\n","protected":false},"excerpt":{"rendered":"<p>Conforme noticiado pelo Portal G1, a Pol\u00edcia Federal cumpre tr\u00eas ordens de busca e apreens\u00e3o em Palmas nesta sexta-feira (30) contra suspeitos de vazarem informa\u00e7\u00f5es sigilosas de opera\u00e7\u00f5es policiais. Os mandados foram autorizados pelo Supremo Tribunal Federal (STF) no \u00e2mbito da 9\u00aa fase da Opera\u00e7\u00e3o Sisamnes. Foram realizadas buscas na casa e no gabinete do [&hellip;]<\/p>\n","protected":false},"author":13,"featured_media":85695,"comment_status":"open","ping_status":"open","sticky":false,"template":"","format":"standard","meta":{"_acf_changed":false,"footnotes":""},"categories":[898,23,21],"tags":[],"class_list":["post-85694","post","type-post","status-publish","format-standard","has-post-thumbnail","hentry","category-manchete-segundaria","category-politica","category-todas-noticias"],"acf":[],"yoast_head":"<!-- This site is optimized with the Yoast SEO plugin v24.4 - https:\/\/yoast.com\/wordpress\/plugins\/seo\/ -->\n<title>Pol\u00edcia Federal tem como um dos alvos o prefeito de Palmas; Eduardo Siqueira diz: &quot;Eu sou fonte de muita gente&quot; - PORTAL DE NOT\u00cdCIAS CLEITON PINHEIRO<\/title>\n<meta name=\"robots\" content=\"index, follow, max-snippet:-1, max-image-preview:large, max-video-preview:-1\" \/>\n<link rel=\"canonical\" href=\"https:\/\/cleitonpinheiro.com.br\/site\/policia-federal-tem-como-um-dos-alvos-o-prefeito-de-palmas-eduardo-siqueira-diz-eu-sou-fonte-de-muita-gente\/\" \/>\n<meta property=\"og:locale\" content=\"pt_BR\" \/>\n<meta property=\"og:type\" content=\"article\" \/>\n<meta property=\"og:title\" content=\"Pol\u00edcia Federal tem como um dos alvos o prefeito de Palmas; Eduardo Siqueira diz: &quot;Eu sou fonte de muita gente&quot; - PORTAL DE NOT\u00cdCIAS CLEITON PINHEIRO\" \/>\n<meta property=\"og:description\" content=\"Conforme noticiado pelo Portal G1, a Pol\u00edcia Federal cumpre tr\u00eas ordens de busca e apreens\u00e3o em Palmas nesta sexta-feira (30) contra suspeitos de vazarem informa\u00e7\u00f5es sigilosas de opera\u00e7\u00f5es policiais. Os mandados foram autorizados pelo Supremo Tribunal Federal (STF) no \u00e2mbito da 9\u00aa fase da Opera\u00e7\u00e3o Sisamnes. Foram realizadas buscas na casa e no gabinete do [&hellip;]\" \/>\n<meta property=\"og:url\" content=\"https:\/\/cleitonpinheiro.com.br\/site\/policia-federal-tem-como-um-dos-alvos-o-prefeito-de-palmas-eduardo-siqueira-diz-eu-sou-fonte-de-muita-gente\/\" \/>\n<meta property=\"og:site_name\" content=\"PORTAL DE NOT\u00cdCIAS CLEITON PINHEIRO\" \/>\n<meta property=\"article:publisher\" content=\"https:\/\/www.facebook.com\/portalcpnoticias\/\" \/>\n<meta property=\"article:published_time\" content=\"2025-05-30T16:54:26+00:00\" \/>\n<meta property=\"article:modified_time\" content=\"2025-06-02T12:54:07+00:00\" \/>\n<meta property=\"og:image\" content=\"https:\/\/cleitonpinheiro.com.br\/site\/wp-content\/uploads\/2025\/05\/tamanho-site-1-2.png\" \/>\n\t<meta property=\"og:image:width\" content=\"960\" \/>\n\t<meta property=\"og:image:height\" content=\"720\" \/>\n\t<meta property=\"og:image:type\" content=\"image\/png\" \/>\n<meta name=\"author\" content=\"Reda\u00e7\u00e3o CP\" \/>\n<meta name=\"twitter:card\" content=\"summary_large_image\" \/>\n<meta name=\"twitter:label1\" content=\"Escrito por\" \/>\n\t<meta name=\"twitter:data1\" content=\"Reda\u00e7\u00e3o CP\" \/>\n\t<meta name=\"twitter:label2\" content=\"Est. tempo de leitura\" \/>\n\t<meta name=\"twitter:data2\" content=\"2 minutos\" \/>\n<script type=\"application\/ld+json\" class=\"yoast-schema-graph\">{\"@context\":\"https:\/\/schema.org\",\"@graph\":[{\"@type\":\"Article\",\"@id\":\"https:\/\/cleitonpinheiro.com.br\/site\/policia-federal-tem-como-um-dos-alvos-o-prefeito-de-palmas-eduardo-siqueira-diz-eu-sou-fonte-de-muita-gente\/#article\",\"isPartOf\":{\"@id\":\"https:\/\/cleitonpinheiro.com.br\/site\/policia-federal-tem-como-um-dos-alvos-o-prefeito-de-palmas-eduardo-siqueira-diz-eu-sou-fonte-de-muita-gente\/\"},\"author\":{\"name\":\"Reda\u00e7\u00e3o CP\",\"@id\":\"https:\/\/cleitonpinheiro.com.br\/site\/#\/schema\/person\/8f04544e0bc40a1b68775b08360f87db\"},\"headline\":\"Pol\u00edcia Federal tem como um dos alvos o prefeito de Palmas; Eduardo Siqueira diz: &#8220;Eu sou fonte de muita gente&#8221;\",\"datePublished\":\"2025-05-30T16:54:26+00:00\",\"dateModified\":\"2025-06-02T12:54:07+00:00\",\"mainEntityOfPage\":{\"@id\":\"https:\/\/cleitonpinheiro.com.br\/site\/policia-federal-tem-como-um-dos-alvos-o-prefeito-de-palmas-eduardo-siqueira-diz-eu-sou-fonte-de-muita-gente\/\"},\"wordCount\":426,\"commentCount\":0,\"publisher\":{\"@id\":\"https:\/\/cleitonpinheiro.com.br\/site\/#organization\"},\"image\":{\"@id\":\"https:\/\/cleitonpinheiro.com.br\/site\/policia-federal-tem-como-um-dos-alvos-o-prefeito-de-palmas-eduardo-siqueira-diz-eu-sou-fonte-de-muita-gente\/#primaryimage\"},\"thumbnailUrl\":\"https:\/\/cleitonpinheiro.com.br\/site\/wp-content\/uploads\/2025\/05\/tamanho-site-1-2.png\",\"articleSection\":[\"MANCHETE SEGUND\u00c1RIA\",\"POL\u00cdTICA\",\"TODAS NOTICIAS\"],\"inLanguage\":\"pt-BR\",\"potentialAction\":[{\"@type\":\"CommentAction\",\"name\":\"Comment\",\"target\":[\"https:\/\/cleitonpinheiro.com.br\/site\/policia-federal-tem-como-um-dos-alvos-o-prefeito-de-palmas-eduardo-siqueira-diz-eu-sou-fonte-de-muita-gente\/#respond\"]}]},{\"@type\":\"WebPage\",\"@id\":\"https:\/\/cleitonpinheiro.com.br\/site\/policia-federal-tem-como-um-dos-alvos-o-prefeito-de-palmas-eduardo-siqueira-diz-eu-sou-fonte-de-muita-gente\/\",\"url\":\"https:\/\/cleitonpinheiro.com.br\/site\/policia-federal-tem-como-um-dos-alvos-o-prefeito-de-palmas-eduardo-siqueira-diz-eu-sou-fonte-de-muita-gente\/\",\"name\":\"Pol\u00edcia Federal tem como um dos alvos o prefeito de Palmas; Eduardo Siqueira diz: \\\"Eu sou fonte de muita gente\\\" - PORTAL DE NOT\u00cdCIAS CLEITON PINHEIRO\",\"isPartOf\":{\"@id\":\"https:\/\/cleitonpinheiro.com.br\/site\/#website\"},\"primaryImageOfPage\":{\"@id\":\"https:\/\/cleitonpinheiro.com.br\/site\/policia-federal-tem-como-um-dos-alvos-o-prefeito-de-palmas-eduardo-siqueira-diz-eu-sou-fonte-de-muita-gente\/#primaryimage\"},\"image\":{\"@id\":\"https:\/\/cleitonpinheiro.com.br\/site\/policia-federal-tem-como-um-dos-alvos-o-prefeito-de-palmas-eduardo-siqueira-diz-eu-sou-fonte-de-muita-gente\/#primaryimage\"},\"thumbnailUrl\":\"https:\/\/cleitonpinheiro.com.br\/site\/wp-content\/uploads\/2025\/05\/tamanho-site-1-2.png\",\"datePublished\":\"2025-05-30T16:54:26+00:00\",\"dateModified\":\"2025-06-02T12:54:07+00:00\",\"breadcrumb\":{\"@id\":\"https:\/\/cleitonpinheiro.com.br\/site\/policia-federal-tem-como-um-dos-alvos-o-prefeito-de-palmas-eduardo-siqueira-diz-eu-sou-fonte-de-muita-gente\/#breadcrumb\"},\"inLanguage\":\"pt-BR\",\"potentialAction\":[{\"@type\":\"ReadAction\",\"target\":[\"https:\/\/cleitonpinheiro.com.br\/site\/policia-federal-tem-como-um-dos-alvos-o-prefeito-de-palmas-eduardo-siqueira-diz-eu-sou-fonte-de-muita-gente\/\"]}]},{\"@type\":\"ImageObject\",\"inLanguage\":\"pt-BR\",\"@id\":\"https:\/\/cleitonpinheiro.com.br\/site\/policia-federal-tem-como-um-dos-alvos-o-prefeito-de-palmas-eduardo-siqueira-diz-eu-sou-fonte-de-muita-gente\/#primaryimage\",\"url\":\"https:\/\/cleitonpinheiro.com.br\/site\/wp-content\/uploads\/2025\/05\/tamanho-site-1-2.png\",\"contentUrl\":\"https:\/\/cleitonpinheiro.com.br\/site\/wp-content\/uploads\/2025\/05\/tamanho-site-1-2.png\",\"width\":960,\"height\":720},{\"@type\":\"BreadcrumbList\",\"@id\":\"https:\/\/cleitonpinheiro.com.br\/site\/policia-federal-tem-como-um-dos-alvos-o-prefeito-de-palmas-eduardo-siqueira-diz-eu-sou-fonte-de-muita-gente\/#breadcrumb\",\"itemListElement\":[{\"@type\":\"ListItem\",\"position\":1,\"name\":\"In\u00edcio\",\"item\":\"https:\/\/cleitonpinheiro.com.br\/site\/\"},{\"@type\":\"ListItem\",\"position\":2,\"name\":\"Pol\u00edcia Federal tem como um dos alvos o prefeito de Palmas; Eduardo Siqueira diz: &#8220;Eu sou fonte de muita gente&#8221;\"}]},{\"@type\":\"WebSite\",\"@id\":\"https:\/\/cleitonpinheiro.com.br\/site\/#website\",\"url\":\"https:\/\/cleitonpinheiro.com.br\/site\/\",\"name\":\"PORTAL DE NOT\u00cdCIAS CLEITON PINHEIRO\",\"description\":\"FALANDO A VERDADE\",\"publisher\":{\"@id\":\"https:\/\/cleitonpinheiro.com.br\/site\/#organization\"},\"potentialAction\":[{\"@type\":\"SearchAction\",\"target\":{\"@type\":\"EntryPoint\",\"urlTemplate\":\"https:\/\/cleitonpinheiro.com.br\/site\/?s={search_term_string}\"},\"query-input\":{\"@type\":\"PropertyValueSpecification\",\"valueRequired\":true,\"valueName\":\"search_term_string\"}}],\"inLanguage\":\"pt-BR\"},{\"@type\":\"Organization\",\"@id\":\"https:\/\/cleitonpinheiro.com.br\/site\/#organization\",\"name\":\"CPNOT\u00cdCIAS\",\"url\":\"https:\/\/cleitonpinheiro.com.br\/site\/\",\"logo\":{\"@type\":\"ImageObject\",\"inLanguage\":\"pt-BR\",\"@id\":\"https:\/\/cleitonpinheiro.com.br\/site\/#\/schema\/logo\/image\/\",\"url\":\"https:\/\/cleitonpinheiro.com.br\/site\/wp-content\/uploads\/2022\/08\/Logo-pequena-2.png\",\"contentUrl\":\"https:\/\/cleitonpinheiro.com.br\/site\/wp-content\/uploads\/2022\/08\/Logo-pequena-2.png\",\"width\":500,\"height\":500,\"caption\":\"CPNOT\u00cdCIAS\"},\"image\":{\"@id\":\"https:\/\/cleitonpinheiro.com.br\/site\/#\/schema\/logo\/image\/\"},\"sameAs\":[\"https:\/\/www.facebook.com\/portalcpnoticias\/\"]},{\"@type\":\"Person\",\"@id\":\"https:\/\/cleitonpinheiro.com.br\/site\/#\/schema\/person\/8f04544e0bc40a1b68775b08360f87db\",\"name\":\"Reda\u00e7\u00e3o CP\",\"image\":{\"@type\":\"ImageObject\",\"inLanguage\":\"pt-BR\",\"@id\":\"https:\/\/cleitonpinheiro.com.br\/site\/#\/schema\/person\/image\/\",\"url\":\"https:\/\/secure.gravatar.com\/avatar\/0bcf19cb29fdc8fc588c490c7ae1b3e174dac268586a63fbe1d1893a0f9020cd?s=96&r=g\",\"contentUrl\":\"https:\/\/secure.gravatar.com\/avatar\/0bcf19cb29fdc8fc588c490c7ae1b3e174dac268586a63fbe1d1893a0f9020cd?s=96&r=g\",\"caption\":\"Reda\u00e7\u00e3o CP\"},\"url\":\"https:\/\/cleitonpinheiro.com.br\/site\/author\/redacao\/\"}]}<\/script>\n<!-- \/ Yoast SEO plugin. -->","yoast_head_json":{"title":"Pol\u00edcia Federal tem como um dos alvos o prefeito de Palmas; Eduardo Siqueira diz: \"Eu sou fonte de muita gente\" - PORTAL DE NOT\u00cdCIAS CLEITON PINHEIRO","robots":{"index":"index","follow":"follow","max-snippet":"max-snippet:-1","max-image-preview":"max-image-preview:large","max-video-preview":"max-video-preview:-1"},"canonical":"https:\/\/cleitonpinheiro.com.br\/site\/policia-federal-tem-como-um-dos-alvos-o-prefeito-de-palmas-eduardo-siqueira-diz-eu-sou-fonte-de-muita-gente\/","og_locale":"pt_BR","og_type":"article","og_title":"Pol\u00edcia Federal tem como um dos alvos o prefeito de Palmas; Eduardo Siqueira diz: \"Eu sou fonte de muita gente\" - PORTAL DE NOT\u00cdCIAS CLEITON PINHEIRO","og_description":"Conforme noticiado pelo Portal G1, a Pol\u00edcia Federal cumpre tr\u00eas ordens de busca e apreens\u00e3o em Palmas nesta sexta-feira (30) contra suspeitos de vazarem informa\u00e7\u00f5es sigilosas de opera\u00e7\u00f5es policiais. Os mandados foram autorizados pelo Supremo Tribunal Federal (STF) no \u00e2mbito da 9\u00aa fase da Opera\u00e7\u00e3o Sisamnes. Foram realizadas buscas na casa e no gabinete do [&hellip;]","og_url":"https:\/\/cleitonpinheiro.com.br\/site\/policia-federal-tem-como-um-dos-alvos-o-prefeito-de-palmas-eduardo-siqueira-diz-eu-sou-fonte-de-muita-gente\/","og_site_name":"PORTAL DE NOT\u00cdCIAS CLEITON PINHEIRO","article_publisher":"https:\/\/www.facebook.com\/portalcpnoticias\/","article_published_time":"2025-05-30T16:54:26+00:00","article_modified_time":"2025-06-02T12:54:07+00:00","og_image":[{"width":960,"height":720,"url":"https:\/\/cleitonpinheiro.com.br\/site\/wp-content\/uploads\/2025\/05\/tamanho-site-1-2.png","type":"image\/png"}],"author":"Reda\u00e7\u00e3o CP","twitter_card":"summary_large_image","twitter_misc":{"Escrito por":"Reda\u00e7\u00e3o CP","Est. tempo de leitura":"2 minutos"},"schema":{"@context":"https:\/\/schema.org","@graph":[{"@type":"Article","@id":"https:\/\/cleitonpinheiro.com.br\/site\/policia-federal-tem-como-um-dos-alvos-o-prefeito-de-palmas-eduardo-siqueira-diz-eu-sou-fonte-de-muita-gente\/#article","isPartOf":{"@id":"https:\/\/cleitonpinheiro.com.br\/site\/policia-federal-tem-como-um-dos-alvos-o-prefeito-de-palmas-eduardo-siqueira-diz-eu-sou-fonte-de-muita-gente\/"},"author":{"name":"Reda\u00e7\u00e3o CP","@id":"https:\/\/cleitonpinheiro.com.br\/site\/#\/schema\/person\/8f04544e0bc40a1b68775b08360f87db"},"headline":"Pol\u00edcia Federal tem como um dos alvos o prefeito de Palmas; Eduardo Siqueira diz: &#8220;Eu sou fonte de muita gente&#8221;","datePublished":"2025-05-30T16:54:26+00:00","dateModified":"2025-06-02T12:54:07+00:00","mainEntityOfPage":{"@id":"https:\/\/cleitonpinheiro.com.br\/site\/policia-federal-tem-como-um-dos-alvos-o-prefeito-de-palmas-eduardo-siqueira-diz-eu-sou-fonte-de-muita-gente\/"},"wordCount":426,"commentCount":0,"publisher":{"@id":"https:\/\/cleitonpinheiro.com.br\/site\/#organization"},"image":{"@id":"https:\/\/cleitonpinheiro.com.br\/site\/policia-federal-tem-como-um-dos-alvos-o-prefeito-de-palmas-eduardo-siqueira-diz-eu-sou-fonte-de-muita-gente\/#primaryimage"},"thumbnailUrl":"https:\/\/cleitonpinheiro.com.br\/site\/wp-content\/uploads\/2025\/05\/tamanho-site-1-2.png","articleSection":["MANCHETE SEGUND\u00c1RIA","POL\u00cdTICA","TODAS NOTICIAS"],"inLanguage":"pt-BR","potentialAction":[{"@type":"CommentAction","name":"Comment","target":["https:\/\/cleitonpinheiro.com.br\/site\/policia-federal-tem-como-um-dos-alvos-o-prefeito-de-palmas-eduardo-siqueira-diz-eu-sou-fonte-de-muita-gente\/#respond"]}]},{"@type":"WebPage","@id":"https:\/\/cleitonpinheiro.com.br\/site\/policia-federal-tem-como-um-dos-alvos-o-prefeito-de-palmas-eduardo-siqueira-diz-eu-sou-fonte-de-muita-gente\/","url":"https:\/\/cleitonpinheiro.com.br\/site\/policia-federal-tem-como-um-dos-alvos-o-prefeito-de-palmas-eduardo-siqueira-diz-eu-sou-fonte-de-muita-gente\/","name":"Pol\u00edcia Federal tem como um dos alvos o prefeito de Palmas; Eduardo Siqueira diz: \"Eu sou fonte de muita gente\" - PORTAL DE NOT\u00cdCIAS CLEITON PINHEIRO","isPartOf":{"@id":"https:\/\/cleitonpinheiro.com.br\/site\/#website"},"primaryImageOfPage":{"@id":"https:\/\/cleitonpinheiro.com.br\/site\/policia-federal-tem-como-um-dos-alvos-o-prefeito-de-palmas-eduardo-siqueira-diz-eu-sou-fonte-de-muita-gente\/#primaryimage"},"image":{"@id":"https:\/\/cleitonpinheiro.com.br\/site\/policia-federal-tem-como-um-dos-alvos-o-prefeito-de-palmas-eduardo-siqueira-diz-eu-sou-fonte-de-muita-gente\/#primaryimage"},"thumbnailUrl":"https:\/\/cleitonpinheiro.com.br\/site\/wp-content\/uploads\/2025\/05\/tamanho-site-1-2.png","datePublished":"2025-05-30T16:54:26+00:00","dateModified":"2025-06-02T12:54:07+00:00","breadcrumb":{"@id":"https:\/\/cleitonpinheiro.com.br\/site\/policia-federal-tem-como-um-dos-alvos-o-prefeito-de-palmas-eduardo-siqueira-diz-eu-sou-fonte-de-muita-gente\/#breadcrumb"},"inLanguage":"pt-BR","potentialAction":[{"@type":"ReadAction","target":["https:\/\/cleitonpinheiro.com.br\/site\/policia-federal-tem-como-um-dos-alvos-o-prefeito-de-palmas-eduardo-siqueira-diz-eu-sou-fonte-de-muita-gente\/"]}]},{"@type":"ImageObject","inLanguage":"pt-BR","@id":"https:\/\/cleitonpinheiro.com.br\/site\/policia-federal-tem-como-um-dos-alvos-o-prefeito-de-palmas-eduardo-siqueira-diz-eu-sou-fonte-de-muita-gente\/#primaryimage","url":"https:\/\/cleitonpinheiro.com.br\/site\/wp-content\/uploads\/2025\/05\/tamanho-site-1-2.png","contentUrl":"https:\/\/cleitonpinheiro.com.br\/site\/wp-content\/uploads\/2025\/05\/tamanho-site-1-2.png","width":960,"height":720},{"@type":"BreadcrumbList","@id":"https:\/\/cleitonpinheiro.com.br\/site\/policia-federal-tem-como-um-dos-alvos-o-prefeito-de-palmas-eduardo-siqueira-diz-eu-sou-fonte-de-muita-gente\/#breadcrumb","itemListElement":[{"@type":"ListItem","position":1,"name":"In\u00edcio","item":"https:\/\/cleitonpinheiro.com.br\/site\/"},{"@type":"ListItem","position":2,"name":"Pol\u00edcia Federal tem como um dos alvos o prefeito de Palmas; Eduardo Siqueira diz: &#8220;Eu sou fonte de muita gente&#8221;"}]},{"@type":"WebSite","@id":"https:\/\/cleitonpinheiro.com.br\/site\/#website","url":"https:\/\/cleitonpinheiro.com.br\/site\/","name":"PORTAL DE NOT\u00cdCIAS CLEITON PINHEIRO","description":"FALANDO A VERDADE","publisher":{"@id":"https:\/\/cleitonpinheiro.com.br\/site\/#organization"},"potentialAction":[{"@type":"SearchAction","target":{"@type":"EntryPoint","urlTemplate":"https:\/\/cleitonpinheiro.com.br\/site\/?s={search_term_string}"},"query-input":{"@type":"PropertyValueSpecification","valueRequired":true,"valueName":"search_term_string"}}],"inLanguage":"pt-BR"},{"@type":"Organization","@id":"https:\/\/cleitonpinheiro.com.br\/site\/#organization","name":"CPNOT\u00cdCIAS","url":"https:\/\/cleitonpinheiro.com.br\/site\/","logo":{"@type":"ImageObject","inLanguage":"pt-BR","@id":"https:\/\/cleitonpinheiro.com.br\/site\/#\/schema\/logo\/image\/","url":"https:\/\/cleitonpinheiro.com.br\/site\/wp-content\/uploads\/2022\/08\/Logo-pequena-2.png","contentUrl":"https:\/\/cleitonpinheiro.com.br\/site\/wp-content\/uploads\/2022\/08\/Logo-pequena-2.png","width":500,"height":500,"caption":"CPNOT\u00cdCIAS"},"image":{"@id":"https:\/\/cleitonpinheiro.com.br\/site\/#\/schema\/logo\/image\/"},"sameAs":["https:\/\/www.facebook.com\/portalcpnoticias\/"]},{"@type":"Person","@id":"https:\/\/cleitonpinheiro.com.br\/site\/#\/schema\/person\/8f04544e0bc40a1b68775b08360f87db","name":"Reda\u00e7\u00e3o CP","image":{"@type":"ImageObject","inLanguage":"pt-BR","@id":"https:\/\/cleitonpinheiro.com.br\/site\/#\/schema\/person\/image\/","url":"https:\/\/secure.gravatar.com\/avatar\/0bcf19cb29fdc8fc588c490c7ae1b3e174dac268586a63fbe1d1893a0f9020cd?s=96&r=g","contentUrl":"https:\/\/secure.gravatar.com\/avatar\/0bcf19cb29fdc8fc588c490c7ae1b3e174dac268586a63fbe1d1893a0f9020cd?s=96&r=g","caption":"Reda\u00e7\u00e3o CP"},"url":"https:\/\/cleitonpinheiro.com.br\/site\/author\/redacao\/"}]}},"views":217,"_links":{"self":[{"href":"https:\/\/cleitonpinheiro.com.br\/site\/wp-json\/wp\/v2\/posts\/85694","targetHints":{"allow":["GET"]}}],"collection":[{"href":"https:\/\/cleitonpinheiro.com.br\/site\/wp-json\/wp\/v2\/posts"}],"about":[{"href":"https:\/\/cleitonpinheiro.com.br\/site\/wp-json\/wp\/v2\/types\/post"}],"author":[{"embeddable":true,"href":"https:\/\/cleitonpinheiro.com.br\/site\/wp-json\/wp\/v2\/users\/13"}],"replies":[{"embeddable":true,"href":"https:\/\/cleitonpinheiro.com.br\/site\/wp-json\/wp\/v2\/comments?post=85694"}],"version-history":[{"count":1,"href":"https:\/\/cleitonpinheiro.com.br\/site\/wp-json\/wp\/v2\/posts\/85694\/revisions"}],"predecessor-version":[{"id":85696,"href":"https:\/\/cleitonpinheiro.com.br\/site\/wp-json\/wp\/v2\/posts\/85694\/revisions\/85696"}],"wp:featuredmedia":[{"embeddable":true,"href":"https:\/\/cleitonpinheiro.com.br\/site\/wp-json\/wp\/v2\/media\/85695"}],"wp:attachment":[{"href":"https:\/\/cleitonpinheiro.com.br\/site\/wp-json\/wp\/v2\/media?parent=85694"}],"wp:term":[{"taxonomy":"category","embeddable":true,"href":"https:\/\/cleitonpinheiro.com.br\/site\/wp-json\/wp\/v2\/categories?post=85694"},{"taxonomy":"post_tag","embeddable":true,"href":"https:\/\/cleitonpinheiro.com.br\/site\/wp-json\/wp\/v2\/tags?post=85694"}],"curies":[{"name":"wp","href":"https:\/\/api.w.org\/{rel}","templated":true}]}}