{"id":85697,"date":"2025-05-30T14:55:57","date_gmt":"2025-05-30T17:55:57","guid":{"rendered":"https:\/\/cleitonpinheiro.com.br\/site\/?p=85697"},"modified":"2025-05-30T14:56:02","modified_gmt":"2025-05-30T17:56:02","slug":"saiba-o-que-acontece-com-quem-nao-declara-o-imposto-de-renda","status":"publish","type":"post","link":"https:\/\/cleitonpinheiro.com.br\/site\/saiba-o-que-acontece-com-quem-nao-declara-o-imposto-de-renda\/","title":{"rendered":"Saiba o que acontece com quem n\u00e3o declara o Imposto de Renda"},"content":{"rendered":"\n<figure class=\"wp-block-image size-large\"><img decoding=\"async\" src=\"https:\/\/cleitonpinheiro.com.br\/site\/wp-content\/uploads\/2023\/10\/ja_8380-1-1024x613.jpg\" alt=\"receita federal\" class=\"wp-image-75011\"\/><figcaption class=\"wp-element-caption\">Foto: Jo\u00e9dson Alves\/Ag\u00eancia Brasil<\/figcaption><\/figure>\n\n\n\n<p>Termina nesta sexta-feira (30), \u00e0s 23h59, o prazo para a declara\u00e7\u00e3o do Imposto de Renda 2025 e a pergunta de muitos \u00e9: o que acontece se eu n\u00e3o declarar ou perder o prazo? Natalia de F\u00e1tima, professora de Ci\u00eancias Cont\u00e1beis da Faculdade Anhanguera, fala da primeira das consequ\u00eancias:<\/p>\n\n\n\n<p>\u201cA Receita Federal aplica uma multa por atraso, no valor m\u00ednimo de R$ 165,74, podendo chegar, no m\u00e1ximo, a 20% do valor do Imposto de Renda devido. Al\u00e9m da multa, tamb\u00e9m ser\u00e3o acrescidos juros\u201d, explica a professora.<\/p>\n\n\n\n<p>Como h\u00e1 juros, a recomenda\u00e7\u00e3o \u00e9 de que a declara\u00e7\u00e3o de quem perdeu o prazo seja feita o mais rapidamente poss\u00edvel. Neste caso, \u00e9 gerada uma Darf para que a multa seja paga ap\u00f3s a entrega dos dados. Jos\u00e9 Carlos Fonseca, auditor-fiscal da Receita Federal, aponta que, al\u00e9m da multa, o contribuinte pode sofrer san\u00e7\u00f5es no registro do seu CPF.<\/p>\n\n\n\n<p>\u201cSe a pessoa est\u00e1 obrigada a declarar e n\u00e3o apresenta a declara\u00e7\u00e3o, o CPF dela pode ficar com status de \u201cpendente de regulariza\u00e7\u00e3o\u201d ou \u201comisso na entrega da declara\u00e7\u00e3o\u201d. Nessa situa\u00e7\u00e3o, ela pode enfrentar dificuldades para obter financiamento, participar de programas sociais do governo ou at\u00e9 mesmo para emitir passaporte. A \u00fanica forma de regularizar a situa\u00e7\u00e3o \u00e9 entregando a declara\u00e7\u00e3o \u00e0 qual estava obrigada\u201d.<\/p>\n\n\n\n<p>A dica dos especialistas neste \u00faltimo momento para quem sabe que vai perder o prazo \u00e9 fazer a entrega da declara\u00e7\u00e3o com o que sem tem em m\u00e3os, mesmo sem toda a documenta\u00e7\u00e3o e dados necess\u00e1rios. Neste caso, mesmo que o contribuinte tiver que retificar a declara\u00e7\u00e3o posteriormente, pelo menos n\u00e3o ter\u00e1 que pagar a multa por atraso.<\/p>\n\n\n\n<blockquote class=\"wp-block-quote is-layout-flow wp-block-quote-is-layout-flow\">\n<blockquote class=\"wp-block-quote is-layout-flow wp-block-quote-is-layout-flow\">\n<p>Quem declarou o Imposto de Renda precisa ficar atento, pois sempre h\u00e1 a possibilidade de o pr\u00f3prio contribuinte encontrar erros na declara\u00e7\u00e3o. Neste caso, ele mesmo deve gerar uma declara\u00e7\u00e3o retificadora. O professor Hugo Dias Amaro, da PUC do Paran\u00e1, explica como proceder.<\/p>\n<\/blockquote>\n<\/blockquote>\n\n\n\n<p>&#8220;Com o programa da Receita Federal aberto, selecione \u201cDeclara\u00e7\u00e3o Retificadora\u201d. Insira o n\u00famero do recibo da declara\u00e7\u00e3o que voc\u00ea quer retificar. Uma vez identificado o erro, altere os dados incorretos e inclua os que foram esquecidos&#8221;.<\/p>\n\n\n\n<p>A retifica\u00e7\u00e3o quando identificada pelo contribuinte pode ser enviada mesmo ap\u00f3s o prazo final para a entrega da declara\u00e7\u00e3o e n\u00e3o gera multa. Quem esclarece \u00e9 Paulo P\u00eagas, do CRC do Rio de Janeiro:<\/p>\n\n\n\n<p>\u201cSe voc\u00ea fizer essa declara\u00e7\u00e3o retificadora at\u00e9 o prazo final, o sistema simplesmente apagar\u00e1 a declara\u00e7\u00e3o anterior e considerar\u00e1 apenas a nova. Se voc\u00ea entregar a declara\u00e7\u00e3o e s\u00f3 perceber o erro depois do prazo, voc\u00ea tamb\u00e9m pode retificar. A diferen\u00e7a \u00e9 que, nesse caso, o sistema n\u00e3o apaga a declara\u00e7\u00e3o anterior. Ele mant\u00e9m as duas e vai verificar o que foi alterado, analisando se a mudan\u00e7a tem documenta\u00e7\u00e3o, respaldo legal e amparo legal&#8221;.<\/p>\n\n\n\n<p>O professor Deypson Carvalho, da UDF, alerta que h\u00e1 apenas uma quest\u00e3o para quem entregar a Declara\u00e7\u00e3o Retificadora ap\u00f3s o dia 30 de maio:<\/p>\n\n\n\n<p>\u201cAp\u00f3s o encerramento do prazo para a entrega da Declara\u00e7\u00e3o, em 30 de maio, caso seja necess\u00e1rio retificar as informa\u00e7\u00f5es, n\u00e3o ser\u00e1 permitida a mudan\u00e7a da forma de tributa\u00e7\u00e3o que foi escolhida na \u00faltima declara\u00e7\u00e3o entregue pelo contribuinte, mesmo que a outra forma de tributa\u00e7\u00e3o seja a mais vantajosa quando da elabora\u00e7\u00e3o da declara\u00e7\u00e3o retificadora. Da\u00ed a import\u00e2ncia de n\u00e3o deixar para apresentar a declara\u00e7\u00e3o pr\u00f3ximo do prazo final\u201d.<\/p>\n\n\n\n<p>Vale lembrar que se o contribuinte identificar erros na declara\u00e7\u00e3o e n\u00e3o fizer a corre\u00e7\u00e3o, corre o risco de cair na malha fina e ser multado.<\/p>\n\n\n\n<blockquote class=\"wp-block-quote is-layout-flow wp-block-quote-is-layout-flow\">\n<blockquote class=\"wp-block-quote is-layout-flow wp-block-quote-is-layout-flow\">\n<p>Ap\u00f3s a entrega da Declara\u00e7\u00e3o de Ajuste Anual, \u00e9 recomend\u00e1vel que o contribuinte fa\u00e7a o acompanhamento do seu processamento na base de dados da Receita Federal do Brasil. O monitoramento feito pelo portal e-CAC na p\u00e1gina da Receita Federal, com a conta gov.br nos n\u00edveis Ouro ou Prata. Dentro do e-CAC, o contribuinte deve acessar a op\u00e7\u00e3o Meu Imposto de Renda e escolher o exerc\u00edcio da declara\u00e7\u00e3o pretendida.<\/p>\n<\/blockquote>\n<\/blockquote>\n\n\n\n<p>&#8220;O acompanhamento se faz necess\u00e1rio porque permite a visualiza\u00e7\u00e3o do resultado de processamento da declara\u00e7\u00e3o e, em caso de malha fiscal, possibilita ao contribuinte fazer a autorregulariza\u00e7\u00e3o, isto \u00e9, identificar as inconsist\u00eancias apontadas pela Receita Federal e adotar os procedimentos corretivos antes de qualquer procedimento de of\u00edcio por parte do fisco\u201d, \u00e9 o que explica o professor Deypson Carvalho, da UDF.<\/p>\n\n\n\n<p>O professor David Daniel, da Faculdade Anhanguera, cita outras medidas que podem ser tomadas pelo contribuinte ap\u00f3s a entrega:<\/p>\n\n\n\n<p>\u201c\u00c9 essencial guardar todos os comprovantes e documentos utilizados na declara\u00e7\u00e3o por, no m\u00ednimo, 5 anos, j\u00e1 que a Receita pode solicit\u00e1-los nesse per\u00edodo para confer\u00eancia. Se houver imposto a pagar, \u00e9 preciso ficar atento aos prazos, para n\u00e3o incorrer em juros e multa. O pagamento pode ser feito \u00e0 vista ou parcelado.&#8221;<\/p>\n\n\n\n<p>J\u00e1 quem tem direito \u00e0 restitui\u00e7\u00e3o pode acompanhar o calend\u00e1rio de pagamentos pelo pr\u00f3prio portal e-CAC ou pelo aplicativo da Receita Federal. As restitui\u00e7\u00f5es s\u00e3o pagas em lotes e corrigidas pela taxa Selic at\u00e9 a data do cr\u00e9dito. Portanto, mesmo ap\u00f3s o envio da declara\u00e7\u00e3o, ainda h\u00e1 etapas importantes: acompanhar, corrigir, se necess\u00e1rio, manter os documentos organizados e controlar os pagamentos ou restitui\u00e7\u00f5es\u201d.<\/p>\n\n\n\n<p>Texto: Edgard Matsuki &#8211; Rep\u00f3rter da Radioag\u00eancia Nacional<\/p>\n\n\n\n<blockquote class=\"wp-block-quote is-layout-flow wp-block-quote-is-layout-flow\"><\/blockquote>\n\n\n\n<p><\/p>\n","protected":false},"excerpt":{"rendered":"<p>Termina nesta sexta-feira (30), \u00e0s 23h59, o prazo para a declara\u00e7\u00e3o do Imposto de Renda 2025 e a pergunta de muitos \u00e9: o que acontece se eu n\u00e3o declarar ou perder o prazo? Natalia de F\u00e1tima, professora de Ci\u00eancias Cont\u00e1beis da Faculdade Anhanguera, fala da primeira das consequ\u00eancias: \u201cA Receita Federal aplica uma multa por [&hellip;]<\/p>\n","protected":false},"author":13,"featured_media":0,"comment_status":"open","ping_status":"open","sticky":false,"template":"","format":"standard","meta":{"_acf_changed":false,"footnotes":""},"categories":[19,898,21],"tags":[],"class_list":["post-85697","post","type-post","status-publish","format-standard","hentry","category-brasil-mundo","category-manchete-segundaria","category-todas-noticias"],"acf":[],"yoast_head":"<!-- This site is optimized with the Yoast SEO plugin v24.4 - https:\/\/yoast.com\/wordpress\/plugins\/seo\/ -->\n<title>Saiba o que acontece com quem n\u00e3o declara o Imposto de Renda - PORTAL DE NOT\u00cdCIAS CLEITON PINHEIRO<\/title>\n<meta name=\"robots\" content=\"index, follow, max-snippet:-1, max-image-preview:large, max-video-preview:-1\" \/>\n<link rel=\"canonical\" href=\"https:\/\/cleitonpinheiro.com.br\/site\/saiba-o-que-acontece-com-quem-nao-declara-o-imposto-de-renda\/\" \/>\n<meta property=\"og:locale\" content=\"pt_BR\" \/>\n<meta property=\"og:type\" content=\"article\" \/>\n<meta property=\"og:title\" content=\"Saiba o que acontece com quem n\u00e3o declara o Imposto de Renda - PORTAL DE NOT\u00cdCIAS CLEITON PINHEIRO\" \/>\n<meta property=\"og:description\" content=\"Termina nesta sexta-feira (30), \u00e0s 23h59, o prazo para a declara\u00e7\u00e3o do Imposto de Renda 2025 e a pergunta de muitos \u00e9: o que acontece se eu n\u00e3o declarar ou perder o prazo? Natalia de F\u00e1tima, professora de Ci\u00eancias Cont\u00e1beis da Faculdade Anhanguera, fala da primeira das consequ\u00eancias: \u201cA Receita Federal aplica uma multa por [&hellip;]\" \/>\n<meta property=\"og:url\" content=\"https:\/\/cleitonpinheiro.com.br\/site\/saiba-o-que-acontece-com-quem-nao-declara-o-imposto-de-renda\/\" \/>\n<meta property=\"og:site_name\" content=\"PORTAL DE NOT\u00cdCIAS CLEITON PINHEIRO\" \/>\n<meta property=\"article:publisher\" content=\"https:\/\/www.facebook.com\/portalcpnoticias\/\" \/>\n<meta property=\"article:published_time\" content=\"2025-05-30T17:55:57+00:00\" \/>\n<meta property=\"article:modified_time\" content=\"2025-05-30T17:56:02+00:00\" \/>\n<meta property=\"og:image\" content=\"https:\/\/cleitonpinheiro.com.br\/site\/wp-content\/uploads\/2023\/10\/ja_8380-1.jpg\" \/>\n\t<meta property=\"og:image:width\" content=\"1170\" \/>\n\t<meta property=\"og:image:height\" content=\"700\" \/>\n\t<meta property=\"og:image:type\" content=\"image\/jpeg\" \/>\n<meta name=\"author\" content=\"Reda\u00e7\u00e3o CP\" \/>\n<meta name=\"twitter:card\" content=\"summary_large_image\" \/>\n<meta name=\"twitter:label1\" content=\"Escrito por\" \/>\n\t<meta name=\"twitter:data1\" content=\"Reda\u00e7\u00e3o CP\" \/>\n\t<meta name=\"twitter:label2\" content=\"Est. tempo de leitura\" \/>\n\t<meta name=\"twitter:data2\" content=\"5 minutos\" \/>\n<script type=\"application\/ld+json\" class=\"yoast-schema-graph\">{\"@context\":\"https:\/\/schema.org\",\"@graph\":[{\"@type\":\"Article\",\"@id\":\"https:\/\/cleitonpinheiro.com.br\/site\/saiba-o-que-acontece-com-quem-nao-declara-o-imposto-de-renda\/#article\",\"isPartOf\":{\"@id\":\"https:\/\/cleitonpinheiro.com.br\/site\/saiba-o-que-acontece-com-quem-nao-declara-o-imposto-de-renda\/\"},\"author\":{\"name\":\"Reda\u00e7\u00e3o CP\",\"@id\":\"https:\/\/cleitonpinheiro.com.br\/site\/#\/schema\/person\/8f04544e0bc40a1b68775b08360f87db\"},\"headline\":\"Saiba o que acontece com quem n\u00e3o declara o Imposto de Renda\",\"datePublished\":\"2025-05-30T17:55:57+00:00\",\"dateModified\":\"2025-05-30T17:56:02+00:00\",\"mainEntityOfPage\":{\"@id\":\"https:\/\/cleitonpinheiro.com.br\/site\/saiba-o-que-acontece-com-quem-nao-declara-o-imposto-de-renda\/\"},\"wordCount\":951,\"commentCount\":0,\"publisher\":{\"@id\":\"https:\/\/cleitonpinheiro.com.br\/site\/#organization\"},\"image\":{\"@id\":\"https:\/\/cleitonpinheiro.com.br\/site\/saiba-o-que-acontece-com-quem-nao-declara-o-imposto-de-renda\/#primaryimage\"},\"thumbnailUrl\":\"https:\/\/cleitonpinheiro.com.br\/site\/wp-content\/uploads\/2023\/10\/ja_8380-1-1024x613.jpg\",\"articleSection\":[\"BRASIL \/ MUNDO\",\"MANCHETE SEGUND\u00c1RIA\",\"TODAS NOTICIAS\"],\"inLanguage\":\"pt-BR\",\"potentialAction\":[{\"@type\":\"CommentAction\",\"name\":\"Comment\",\"target\":[\"https:\/\/cleitonpinheiro.com.br\/site\/saiba-o-que-acontece-com-quem-nao-declara-o-imposto-de-renda\/#respond\"]}]},{\"@type\":\"WebPage\",\"@id\":\"https:\/\/cleitonpinheiro.com.br\/site\/saiba-o-que-acontece-com-quem-nao-declara-o-imposto-de-renda\/\",\"url\":\"https:\/\/cleitonpinheiro.com.br\/site\/saiba-o-que-acontece-com-quem-nao-declara-o-imposto-de-renda\/\",\"name\":\"Saiba o que acontece com quem n\u00e3o declara o Imposto de Renda - PORTAL DE NOT\u00cdCIAS CLEITON PINHEIRO\",\"isPartOf\":{\"@id\":\"https:\/\/cleitonpinheiro.com.br\/site\/#website\"},\"primaryImageOfPage\":{\"@id\":\"https:\/\/cleitonpinheiro.com.br\/site\/saiba-o-que-acontece-com-quem-nao-declara-o-imposto-de-renda\/#primaryimage\"},\"image\":{\"@id\":\"https:\/\/cleitonpinheiro.com.br\/site\/saiba-o-que-acontece-com-quem-nao-declara-o-imposto-de-renda\/#primaryimage\"},\"thumbnailUrl\":\"https:\/\/cleitonpinheiro.com.br\/site\/wp-content\/uploads\/2023\/10\/ja_8380-1-1024x613.jpg\",\"datePublished\":\"2025-05-30T17:55:57+00:00\",\"dateModified\":\"2025-05-30T17:56:02+00:00\",\"breadcrumb\":{\"@id\":\"https:\/\/cleitonpinheiro.com.br\/site\/saiba-o-que-acontece-com-quem-nao-declara-o-imposto-de-renda\/#breadcrumb\"},\"inLanguage\":\"pt-BR\",\"potentialAction\":[{\"@type\":\"ReadAction\",\"target\":[\"https:\/\/cleitonpinheiro.com.br\/site\/saiba-o-que-acontece-com-quem-nao-declara-o-imposto-de-renda\/\"]}]},{\"@type\":\"ImageObject\",\"inLanguage\":\"pt-BR\",\"@id\":\"https:\/\/cleitonpinheiro.com.br\/site\/saiba-o-que-acontece-com-quem-nao-declara-o-imposto-de-renda\/#primaryimage\",\"url\":\"\",\"contentUrl\":\"\"},{\"@type\":\"BreadcrumbList\",\"@id\":\"https:\/\/cleitonpinheiro.com.br\/site\/saiba-o-que-acontece-com-quem-nao-declara-o-imposto-de-renda\/#breadcrumb\",\"itemListElement\":[{\"@type\":\"ListItem\",\"position\":1,\"name\":\"In\u00edcio\",\"item\":\"https:\/\/cleitonpinheiro.com.br\/site\/\"},{\"@type\":\"ListItem\",\"position\":2,\"name\":\"Saiba o que acontece com quem n\u00e3o declara o Imposto de Renda\"}]},{\"@type\":\"WebSite\",\"@id\":\"https:\/\/cleitonpinheiro.com.br\/site\/#website\",\"url\":\"https:\/\/cleitonpinheiro.com.br\/site\/\",\"name\":\"PORTAL DE NOT\u00cdCIAS CLEITON PINHEIRO\",\"description\":\"FALANDO A VERDADE\",\"publisher\":{\"@id\":\"https:\/\/cleitonpinheiro.com.br\/site\/#organization\"},\"potentialAction\":[{\"@type\":\"SearchAction\",\"target\":{\"@type\":\"EntryPoint\",\"urlTemplate\":\"https:\/\/cleitonpinheiro.com.br\/site\/?s={search_term_string}\"},\"query-input\":{\"@type\":\"PropertyValueSpecification\",\"valueRequired\":true,\"valueName\":\"search_term_string\"}}],\"inLanguage\":\"pt-BR\"},{\"@type\":\"Organization\",\"@id\":\"https:\/\/cleitonpinheiro.com.br\/site\/#organization\",\"name\":\"CPNOT\u00cdCIAS\",\"url\":\"https:\/\/cleitonpinheiro.com.br\/site\/\",\"logo\":{\"@type\":\"ImageObject\",\"inLanguage\":\"pt-BR\",\"@id\":\"https:\/\/cleitonpinheiro.com.br\/site\/#\/schema\/logo\/image\/\",\"url\":\"https:\/\/cleitonpinheiro.com.br\/site\/wp-content\/uploads\/2022\/08\/Logo-pequena-2.png\",\"contentUrl\":\"https:\/\/cleitonpinheiro.com.br\/site\/wp-content\/uploads\/2022\/08\/Logo-pequena-2.png\",\"width\":500,\"height\":500,\"caption\":\"CPNOT\u00cdCIAS\"},\"image\":{\"@id\":\"https:\/\/cleitonpinheiro.com.br\/site\/#\/schema\/logo\/image\/\"},\"sameAs\":[\"https:\/\/www.facebook.com\/portalcpnoticias\/\"]},{\"@type\":\"Person\",\"@id\":\"https:\/\/cleitonpinheiro.com.br\/site\/#\/schema\/person\/8f04544e0bc40a1b68775b08360f87db\",\"name\":\"Reda\u00e7\u00e3o CP\",\"image\":{\"@type\":\"ImageObject\",\"inLanguage\":\"pt-BR\",\"@id\":\"https:\/\/cleitonpinheiro.com.br\/site\/#\/schema\/person\/image\/\",\"url\":\"https:\/\/secure.gravatar.com\/avatar\/0bcf19cb29fdc8fc588c490c7ae1b3e174dac268586a63fbe1d1893a0f9020cd?s=96&r=g\",\"contentUrl\":\"https:\/\/secure.gravatar.com\/avatar\/0bcf19cb29fdc8fc588c490c7ae1b3e174dac268586a63fbe1d1893a0f9020cd?s=96&r=g\",\"caption\":\"Reda\u00e7\u00e3o CP\"},\"url\":\"https:\/\/cleitonpinheiro.com.br\/site\/author\/redacao\/\"}]}<\/script>\n<!-- \/ Yoast SEO plugin. -->","yoast_head_json":{"title":"Saiba o que acontece com quem n\u00e3o declara o Imposto de Renda - PORTAL DE NOT\u00cdCIAS CLEITON PINHEIRO","robots":{"index":"index","follow":"follow","max-snippet":"max-snippet:-1","max-image-preview":"max-image-preview:large","max-video-preview":"max-video-preview:-1"},"canonical":"https:\/\/cleitonpinheiro.com.br\/site\/saiba-o-que-acontece-com-quem-nao-declara-o-imposto-de-renda\/","og_locale":"pt_BR","og_type":"article","og_title":"Saiba o que acontece com quem n\u00e3o declara o Imposto de Renda - PORTAL DE NOT\u00cdCIAS CLEITON PINHEIRO","og_description":"Termina nesta sexta-feira (30), \u00e0s 23h59, o prazo para a declara\u00e7\u00e3o do Imposto de Renda 2025 e a pergunta de muitos \u00e9: o que acontece se eu n\u00e3o declarar ou perder o prazo? Natalia de F\u00e1tima, professora de Ci\u00eancias Cont\u00e1beis da Faculdade Anhanguera, fala da primeira das consequ\u00eancias: \u201cA Receita Federal aplica uma multa por [&hellip;]","og_url":"https:\/\/cleitonpinheiro.com.br\/site\/saiba-o-que-acontece-com-quem-nao-declara-o-imposto-de-renda\/","og_site_name":"PORTAL DE NOT\u00cdCIAS CLEITON PINHEIRO","article_publisher":"https:\/\/www.facebook.com\/portalcpnoticias\/","article_published_time":"2025-05-30T17:55:57+00:00","article_modified_time":"2025-05-30T17:56:02+00:00","og_image":[{"width":1170,"height":700,"url":"https:\/\/cleitonpinheiro.com.br\/site\/wp-content\/uploads\/2023\/10\/ja_8380-1.jpg","type":"image\/jpeg"}],"author":"Reda\u00e7\u00e3o CP","twitter_card":"summary_large_image","twitter_misc":{"Escrito por":"Reda\u00e7\u00e3o CP","Est. tempo de leitura":"5 minutos"},"schema":{"@context":"https:\/\/schema.org","@graph":[{"@type":"Article","@id":"https:\/\/cleitonpinheiro.com.br\/site\/saiba-o-que-acontece-com-quem-nao-declara-o-imposto-de-renda\/#article","isPartOf":{"@id":"https:\/\/cleitonpinheiro.com.br\/site\/saiba-o-que-acontece-com-quem-nao-declara-o-imposto-de-renda\/"},"author":{"name":"Reda\u00e7\u00e3o CP","@id":"https:\/\/cleitonpinheiro.com.br\/site\/#\/schema\/person\/8f04544e0bc40a1b68775b08360f87db"},"headline":"Saiba o que acontece com quem n\u00e3o declara o Imposto de Renda","datePublished":"2025-05-30T17:55:57+00:00","dateModified":"2025-05-30T17:56:02+00:00","mainEntityOfPage":{"@id":"https:\/\/cleitonpinheiro.com.br\/site\/saiba-o-que-acontece-com-quem-nao-declara-o-imposto-de-renda\/"},"wordCount":951,"commentCount":0,"publisher":{"@id":"https:\/\/cleitonpinheiro.com.br\/site\/#organization"},"image":{"@id":"https:\/\/cleitonpinheiro.com.br\/site\/saiba-o-que-acontece-com-quem-nao-declara-o-imposto-de-renda\/#primaryimage"},"thumbnailUrl":"https:\/\/cleitonpinheiro.com.br\/site\/wp-content\/uploads\/2023\/10\/ja_8380-1-1024x613.jpg","articleSection":["BRASIL \/ MUNDO","MANCHETE SEGUND\u00c1RIA","TODAS NOTICIAS"],"inLanguage":"pt-BR","potentialAction":[{"@type":"CommentAction","name":"Comment","target":["https:\/\/cleitonpinheiro.com.br\/site\/saiba-o-que-acontece-com-quem-nao-declara-o-imposto-de-renda\/#respond"]}]},{"@type":"WebPage","@id":"https:\/\/cleitonpinheiro.com.br\/site\/saiba-o-que-acontece-com-quem-nao-declara-o-imposto-de-renda\/","url":"https:\/\/cleitonpinheiro.com.br\/site\/saiba-o-que-acontece-com-quem-nao-declara-o-imposto-de-renda\/","name":"Saiba o que acontece com quem n\u00e3o declara o Imposto de Renda - PORTAL DE NOT\u00cdCIAS CLEITON PINHEIRO","isPartOf":{"@id":"https:\/\/cleitonpinheiro.com.br\/site\/#website"},"primaryImageOfPage":{"@id":"https:\/\/cleitonpinheiro.com.br\/site\/saiba-o-que-acontece-com-quem-nao-declara-o-imposto-de-renda\/#primaryimage"},"image":{"@id":"https:\/\/cleitonpinheiro.com.br\/site\/saiba-o-que-acontece-com-quem-nao-declara-o-imposto-de-renda\/#primaryimage"},"thumbnailUrl":"https:\/\/cleitonpinheiro.com.br\/site\/wp-content\/uploads\/2023\/10\/ja_8380-1-1024x613.jpg","datePublished":"2025-05-30T17:55:57+00:00","dateModified":"2025-05-30T17:56:02+00:00","breadcrumb":{"@id":"https:\/\/cleitonpinheiro.com.br\/site\/saiba-o-que-acontece-com-quem-nao-declara-o-imposto-de-renda\/#breadcrumb"},"inLanguage":"pt-BR","potentialAction":[{"@type":"ReadAction","target":["https:\/\/cleitonpinheiro.com.br\/site\/saiba-o-que-acontece-com-quem-nao-declara-o-imposto-de-renda\/"]}]},{"@type":"ImageObject","inLanguage":"pt-BR","@id":"https:\/\/cleitonpinheiro.com.br\/site\/saiba-o-que-acontece-com-quem-nao-declara-o-imposto-de-renda\/#primaryimage","url":"","contentUrl":""},{"@type":"BreadcrumbList","@id":"https:\/\/cleitonpinheiro.com.br\/site\/saiba-o-que-acontece-com-quem-nao-declara-o-imposto-de-renda\/#breadcrumb","itemListElement":[{"@type":"ListItem","position":1,"name":"In\u00edcio","item":"https:\/\/cleitonpinheiro.com.br\/site\/"},{"@type":"ListItem","position":2,"name":"Saiba o que acontece com quem n\u00e3o declara o Imposto de Renda"}]},{"@type":"WebSite","@id":"https:\/\/cleitonpinheiro.com.br\/site\/#website","url":"https:\/\/cleitonpinheiro.com.br\/site\/","name":"PORTAL DE NOT\u00cdCIAS CLEITON PINHEIRO","description":"FALANDO A VERDADE","publisher":{"@id":"https:\/\/cleitonpinheiro.com.br\/site\/#organization"},"potentialAction":[{"@type":"SearchAction","target":{"@type":"EntryPoint","urlTemplate":"https:\/\/cleitonpinheiro.com.br\/site\/?s={search_term_string}"},"query-input":{"@type":"PropertyValueSpecification","valueRequired":true,"valueName":"search_term_string"}}],"inLanguage":"pt-BR"},{"@type":"Organization","@id":"https:\/\/cleitonpinheiro.com.br\/site\/#organization","name":"CPNOT\u00cdCIAS","url":"https:\/\/cleitonpinheiro.com.br\/site\/","logo":{"@type":"ImageObject","inLanguage":"pt-BR","@id":"https:\/\/cleitonpinheiro.com.br\/site\/#\/schema\/logo\/image\/","url":"https:\/\/cleitonpinheiro.com.br\/site\/wp-content\/uploads\/2022\/08\/Logo-pequena-2.png","contentUrl":"https:\/\/cleitonpinheiro.com.br\/site\/wp-content\/uploads\/2022\/08\/Logo-pequena-2.png","width":500,"height":500,"caption":"CPNOT\u00cdCIAS"},"image":{"@id":"https:\/\/cleitonpinheiro.com.br\/site\/#\/schema\/logo\/image\/"},"sameAs":["https:\/\/www.facebook.com\/portalcpnoticias\/"]},{"@type":"Person","@id":"https:\/\/cleitonpinheiro.com.br\/site\/#\/schema\/person\/8f04544e0bc40a1b68775b08360f87db","name":"Reda\u00e7\u00e3o CP","image":{"@type":"ImageObject","inLanguage":"pt-BR","@id":"https:\/\/cleitonpinheiro.com.br\/site\/#\/schema\/person\/image\/","url":"https:\/\/secure.gravatar.com\/avatar\/0bcf19cb29fdc8fc588c490c7ae1b3e174dac268586a63fbe1d1893a0f9020cd?s=96&r=g","contentUrl":"https:\/\/secure.gravatar.com\/avatar\/0bcf19cb29fdc8fc588c490c7ae1b3e174dac268586a63fbe1d1893a0f9020cd?s=96&r=g","caption":"Reda\u00e7\u00e3o CP"},"url":"https:\/\/cleitonpinheiro.com.br\/site\/author\/redacao\/"}]}},"views":190,"_links":{"self":[{"href":"https:\/\/cleitonpinheiro.com.br\/site\/wp-json\/wp\/v2\/posts\/85697","targetHints":{"allow":["GET"]}}],"collection":[{"href":"https:\/\/cleitonpinheiro.com.br\/site\/wp-json\/wp\/v2\/posts"}],"about":[{"href":"https:\/\/cleitonpinheiro.com.br\/site\/wp-json\/wp\/v2\/types\/post"}],"author":[{"embeddable":true,"href":"https:\/\/cleitonpinheiro.com.br\/site\/wp-json\/wp\/v2\/users\/13"}],"replies":[{"embeddable":true,"href":"https:\/\/cleitonpinheiro.com.br\/site\/wp-json\/wp\/v2\/comments?post=85697"}],"version-history":[{"count":1,"href":"https:\/\/cleitonpinheiro.com.br\/site\/wp-json\/wp\/v2\/posts\/85697\/revisions"}],"predecessor-version":[{"id":85698,"href":"https:\/\/cleitonpinheiro.com.br\/site\/wp-json\/wp\/v2\/posts\/85697\/revisions\/85698"}],"wp:attachment":[{"href":"https:\/\/cleitonpinheiro.com.br\/site\/wp-json\/wp\/v2\/media?parent=85697"}],"wp:term":[{"taxonomy":"category","embeddable":true,"href":"https:\/\/cleitonpinheiro.com.br\/site\/wp-json\/wp\/v2\/categories?post=85697"},{"taxonomy":"post_tag","embeddable":true,"href":"https:\/\/cleitonpinheiro.com.br\/site\/wp-json\/wp\/v2\/tags?post=85697"}],"curies":[{"name":"wp","href":"https:\/\/api.w.org\/{rel}","templated":true}]}}