{"id":85703,"date":"2025-05-31T14:29:21","date_gmt":"2025-05-31T17:29:21","guid":{"rendered":"https:\/\/cleitonpinheiro.com.br\/site\/?p=85703"},"modified":"2025-05-31T14:29:26","modified_gmt":"2025-05-31T17:29:26","slug":"policia-federal-abre-inscricao-de-concurso-para-preencher-mil-vagas-2","status":"publish","type":"post","link":"https:\/\/cleitonpinheiro.com.br\/site\/policia-federal-abre-inscricao-de-concurso-para-preencher-mil-vagas-2\/","title":{"rendered":"Pol\u00edcia Federal abre inscri\u00e7\u00e3o de concurso para preencher mil vagas"},"content":{"rendered":"\n<figure class=\"wp-block-image size-large\"><img fetchpriority=\"high\" decoding=\"async\" width=\"1024\" height=\"613\" src=\"https:\/\/cleitonpinheiro.com.br\/site\/wp-content\/uploads\/2025\/05\/movimentacao-pf_mcamgo_abr_31082023-3-1-1024x613.webp\" alt=\"\" class=\"wp-image-85704\" srcset=\"https:\/\/cleitonpinheiro.com.br\/site\/wp-content\/uploads\/2025\/05\/movimentacao-pf_mcamgo_abr_31082023-3-1-1024x613.webp 1024w, https:\/\/cleitonpinheiro.com.br\/site\/wp-content\/uploads\/2025\/05\/movimentacao-pf_mcamgo_abr_31082023-3-1-300x179.webp 300w, https:\/\/cleitonpinheiro.com.br\/site\/wp-content\/uploads\/2025\/05\/movimentacao-pf_mcamgo_abr_31082023-3-1-768x459.webp 768w, https:\/\/cleitonpinheiro.com.br\/site\/wp-content\/uploads\/2025\/05\/movimentacao-pf_mcamgo_abr_31082023-3-1.webp 1170w\" sizes=\"(max-width: 1024px) 100vw, 1024px\" \/><figcaption class=\"wp-element-caption\">\u00a9 Marcelo Camargo\/Ag\u00eancia Brasil\n<\/figcaption><\/figure>\n\n\n\n<p>As inscri\u00e7\u00f5es para o novo concurso p\u00fablico da Pol\u00edcia Federal com mil vagas em carreiras policiais foram abertas nesta segunda-feira (26) e se estendem at\u00e9 as 18 horas de 13 de junho, no hor\u00e1rio oficial de Bras\u00edlia.<img decoding=\"async\" src=\"https:\/\/agenciabrasil.ebc.com.br\/ebc.png?id=1644218&amp;o=node\"><img decoding=\"async\" src=\"https:\/\/agenciabrasil.ebc.com.br\/ebc.gif?id=1644218&amp;o=node\"><\/p>\n\n\n\n<p>Os interessados devem se inscrever exclusivamente no&nbsp;<a href=\"https:\/\/www.cebraspe.org.br\/concursos\/pf_25\" target=\"_blank\" rel=\"noreferrer noopener\"><em>site<\/em>&nbsp;oficial da banca organizadora<\/a>, o Centro Brasileiro de Pesquisa em Avalia\u00e7\u00e3o e Sele\u00e7\u00e3o e de Promo\u00e7\u00e3o de Eventos (Cebraspe).<\/p>\n\n\n\n<p>As oportunidades est\u00e3o distribu\u00eddas da seguinte forma: 120 vagas para delegados, 69 para peritos, 630 para agentes, 160 para escriv\u00e3es e 21 para papiloscopistas.<\/p>\n\n\n\n<h2 class=\"wp-block-heading\">Taxa de inscri\u00e7\u00e3o<\/h2>\n\n\n\n<p>A taxa de inscri\u00e7\u00e3o varia conforme o cargo disputado.&nbsp;<strong>Para disputar as vagas de delegado e de perito criminal da Pol\u00edcia Federal, o valor \u00e9 de R$250.<\/strong><\/p>\n\n\n\n<p><strong>J\u00e1 para cargos de escriv\u00e3o, agente e papiloscopista, a taxa \u00e9 de R$ 180.<\/strong><\/p>\n\n\n\n<p><strong>A data final para o pagamento da taxa de inscri\u00e7\u00e3o \u00e9 20 de junho.<\/strong><\/p>\n\n\n\n<h2 class=\"wp-block-heading\">Vagas<\/h2>\n\n\n\n<p>O concurso exige dos candidatos curso superior e oferece sal\u00e1rios iniciais que variam de R$14.164 a R$ 26,8 mil.<\/p>\n\n\n\n<p>A jornada de trabalho \u00e9 de 40 horas semanais para todos os cargos do certame.<\/p>\n\n\n\n<h2 class=\"wp-block-heading\">Cotas<\/h2>\n\n\n\n<p>Para concorrer \u00e0s vagas reservadas a pessoas negras, o candidato dever\u00e1, no ato da inscri\u00e7\u00e3o, optar por concorrer \u00e0s&nbsp;<strong>vagas reservadas \u00e0s pessoas negras (20% para cada cargo ou \u00e1rea)<\/strong>&nbsp;e se autodeclarar negro, conforme quesito cor ou ra\u00e7a adotado pelo Instituto Brasileiro de Geografia e Estat\u00edstica (IBGE).&nbsp;<\/p>\n\n\n\n<p>Os candidatos que se autodeclararem negros (pretos ou pardos) passar\u00e3o pelo procedimento de heteroidentifica\u00e7\u00e3o, realizado por uma comiss\u00e3o, para verificar a identidade racial autodeclara pelo candidato.<\/p>\n\n\n\n<p><strong>O edital tamb\u00e9m reserva 5%&nbsp;do total das vagas para cada cargo do processo seletivo a pessoas com defici\u00eancia (PCD).<\/strong><\/p>\n\n\n\n<p>Para concorrer a uma dessas vagas, o candidato dever\u00e1 assinalar a op\u00e7\u00e3o no ato da inscri\u00e7\u00e3o e enviar imagem leg\u00edvel de laudo caracterizador de defici\u00eancia emitido por profissional de sa\u00fade que atue na \u00e1rea da defici\u00eancia do candidato.&nbsp;<\/p>\n\n\n\n<p>O laudo deve ter sido emitido, no m\u00e1ximo, nos 36 meses anteriores ao \u00faltimo dia de inscri\u00e7\u00e3o (13 de junho).<\/p>\n\n\n\n<p>O candidato com a inscri\u00e7\u00e3o aprovada ser\u00e1 convocado para passar pela avalia\u00e7\u00e3o biopsicossocial promovida por equipe multiprofissional do Cebraspe.<\/p>\n\n\n\n<p>O candidato com defici\u00eancia poder\u00e1 requerer atendimento especializado no ato da inscri\u00e7\u00e3o tanto para o dia em que far\u00e1 as provas, bem como para as demais fases do concurso, devendo indicar as condi\u00e7\u00f5es que necessita.<\/p>\n\n\n\n<h2 class=\"wp-block-heading\">Provas<\/h2>\n\n\n\n<p><strong>As provas objetivas e discursivas de car\u00e1ter eliminat\u00f3rio e classificat\u00f3rio est\u00e3o previstas para 27 de julho e ser\u00e3o aplicadas em todas as capitais e no Distrito Federal.<\/strong><\/p>\n\n\n\n<p>Para mais informa\u00e7\u00f5es sobre o concurso, acesse o&nbsp;<a href=\"https:\/\/cdn.cebraspe.org.br\/concursos\/PF_25\/arquivos\/Ed_1_PF_25_Abertura.pdf\" target=\"_blank\" rel=\"noreferrer noopener\">edital p\u00fablico aqui<\/a>.<\/p>\n\n\n\n<p>Daniella Almeida \u2013 Rep\u00f3rter da Ag\u00eancia Brasil<br><\/p>\n\n\n\n<p><\/p>\n","protected":false},"excerpt":{"rendered":"<p>As inscri\u00e7\u00f5es para o novo concurso p\u00fablico da Pol\u00edcia Federal com mil vagas em carreiras policiais foram abertas nesta segunda-feira (26) e se estendem at\u00e9 as 18 horas de 13 de junho, no hor\u00e1rio oficial de Bras\u00edlia. Os interessados devem se inscrever exclusivamente no&nbsp;site&nbsp;oficial da banca organizadora, o Centro Brasileiro de Pesquisa em Avalia\u00e7\u00e3o e [&hellip;]<\/p>\n","protected":false},"author":13,"featured_media":85704,"comment_status":"open","ping_status":"open","sticky":false,"template":"","format":"standard","meta":{"_acf_changed":false,"footnotes":""},"categories":[19,25,20],"tags":[],"class_list":["post-85703","post","type-post","status-publish","format-standard","has-post-thumbnail","hentry","category-brasil-mundo","category-funcionalismo","category-noticias-em-destaque"],"acf":[],"yoast_head":"<!-- This site is optimized with the Yoast SEO plugin v24.4 - https:\/\/yoast.com\/wordpress\/plugins\/seo\/ -->\n<title>Pol\u00edcia Federal abre inscri\u00e7\u00e3o de concurso para preencher mil vagas - PORTAL DE NOT\u00cdCIAS CLEITON PINHEIRO<\/title>\n<meta name=\"robots\" content=\"index, follow, max-snippet:-1, max-image-preview:large, max-video-preview:-1\" \/>\n<link rel=\"canonical\" href=\"https:\/\/cleitonpinheiro.com.br\/site\/policia-federal-abre-inscricao-de-concurso-para-preencher-mil-vagas-2\/\" \/>\n<meta property=\"og:locale\" content=\"pt_BR\" \/>\n<meta property=\"og:type\" content=\"article\" \/>\n<meta property=\"og:title\" content=\"Pol\u00edcia Federal abre inscri\u00e7\u00e3o de concurso para preencher mil vagas - PORTAL DE NOT\u00cdCIAS CLEITON PINHEIRO\" \/>\n<meta property=\"og:description\" content=\"As inscri\u00e7\u00f5es para o novo concurso p\u00fablico da Pol\u00edcia Federal com mil vagas em carreiras policiais foram abertas nesta segunda-feira (26) e se estendem at\u00e9 as 18 horas de 13 de junho, no hor\u00e1rio oficial de Bras\u00edlia. Os interessados devem se inscrever exclusivamente no&nbsp;site&nbsp;oficial da banca organizadora, o Centro Brasileiro de Pesquisa em Avalia\u00e7\u00e3o e [&hellip;]\" \/>\n<meta property=\"og:url\" content=\"https:\/\/cleitonpinheiro.com.br\/site\/policia-federal-abre-inscricao-de-concurso-para-preencher-mil-vagas-2\/\" \/>\n<meta property=\"og:site_name\" content=\"PORTAL DE NOT\u00cdCIAS CLEITON PINHEIRO\" \/>\n<meta property=\"article:publisher\" content=\"https:\/\/www.facebook.com\/portalcpnoticias\/\" \/>\n<meta property=\"article:published_time\" content=\"2025-05-31T17:29:21+00:00\" \/>\n<meta property=\"article:modified_time\" content=\"2025-05-31T17:29:26+00:00\" \/>\n<meta property=\"og:image\" content=\"https:\/\/cleitonpinheiro.com.br\/site\/wp-content\/uploads\/2025\/05\/movimentacao-pf_mcamgo_abr_31082023-3-1.webp\" \/>\n\t<meta property=\"og:image:width\" content=\"1170\" \/>\n\t<meta property=\"og:image:height\" content=\"700\" \/>\n\t<meta property=\"og:image:type\" content=\"image\/webp\" \/>\n<meta name=\"author\" content=\"Reda\u00e7\u00e3o CP\" \/>\n<meta name=\"twitter:card\" content=\"summary_large_image\" \/>\n<meta name=\"twitter:label1\" content=\"Escrito por\" \/>\n\t<meta name=\"twitter:data1\" content=\"Reda\u00e7\u00e3o CP\" \/>\n\t<meta name=\"twitter:label2\" content=\"Est. tempo de leitura\" \/>\n\t<meta name=\"twitter:data2\" content=\"4 minutos\" \/>\n<script type=\"application\/ld+json\" class=\"yoast-schema-graph\">{\"@context\":\"https:\/\/schema.org\",\"@graph\":[{\"@type\":\"Article\",\"@id\":\"https:\/\/cleitonpinheiro.com.br\/site\/policia-federal-abre-inscricao-de-concurso-para-preencher-mil-vagas-2\/#article\",\"isPartOf\":{\"@id\":\"https:\/\/cleitonpinheiro.com.br\/site\/policia-federal-abre-inscricao-de-concurso-para-preencher-mil-vagas-2\/\"},\"author\":{\"name\":\"Reda\u00e7\u00e3o CP\",\"@id\":\"https:\/\/cleitonpinheiro.com.br\/site\/#\/schema\/person\/8f04544e0bc40a1b68775b08360f87db\"},\"headline\":\"Pol\u00edcia Federal abre inscri\u00e7\u00e3o de concurso para preencher mil vagas\",\"datePublished\":\"2025-05-31T17:29:21+00:00\",\"dateModified\":\"2025-05-31T17:29:26+00:00\",\"mainEntityOfPage\":{\"@id\":\"https:\/\/cleitonpinheiro.com.br\/site\/policia-federal-abre-inscricao-de-concurso-para-preencher-mil-vagas-2\/\"},\"wordCount\":485,\"commentCount\":0,\"publisher\":{\"@id\":\"https:\/\/cleitonpinheiro.com.br\/site\/#organization\"},\"image\":{\"@id\":\"https:\/\/cleitonpinheiro.com.br\/site\/policia-federal-abre-inscricao-de-concurso-para-preencher-mil-vagas-2\/#primaryimage\"},\"thumbnailUrl\":\"https:\/\/cleitonpinheiro.com.br\/site\/wp-content\/uploads\/2025\/05\/movimentacao-pf_mcamgo_abr_31082023-3-1.webp\",\"articleSection\":[\"BRASIL \/ MUNDO\",\"FUNCIONALISMO\",\"NOT\u00cdCIAS EM DESTAQUE\"],\"inLanguage\":\"pt-BR\",\"potentialAction\":[{\"@type\":\"CommentAction\",\"name\":\"Comment\",\"target\":[\"https:\/\/cleitonpinheiro.com.br\/site\/policia-federal-abre-inscricao-de-concurso-para-preencher-mil-vagas-2\/#respond\"]}]},{\"@type\":\"WebPage\",\"@id\":\"https:\/\/cleitonpinheiro.com.br\/site\/policia-federal-abre-inscricao-de-concurso-para-preencher-mil-vagas-2\/\",\"url\":\"https:\/\/cleitonpinheiro.com.br\/site\/policia-federal-abre-inscricao-de-concurso-para-preencher-mil-vagas-2\/\",\"name\":\"Pol\u00edcia Federal abre inscri\u00e7\u00e3o de concurso para preencher mil vagas - PORTAL DE NOT\u00cdCIAS CLEITON PINHEIRO\",\"isPartOf\":{\"@id\":\"https:\/\/cleitonpinheiro.com.br\/site\/#website\"},\"primaryImageOfPage\":{\"@id\":\"https:\/\/cleitonpinheiro.com.br\/site\/policia-federal-abre-inscricao-de-concurso-para-preencher-mil-vagas-2\/#primaryimage\"},\"image\":{\"@id\":\"https:\/\/cleitonpinheiro.com.br\/site\/policia-federal-abre-inscricao-de-concurso-para-preencher-mil-vagas-2\/#primaryimage\"},\"thumbnailUrl\":\"https:\/\/cleitonpinheiro.com.br\/site\/wp-content\/uploads\/2025\/05\/movimentacao-pf_mcamgo_abr_31082023-3-1.webp\",\"datePublished\":\"2025-05-31T17:29:21+00:00\",\"dateModified\":\"2025-05-31T17:29:26+00:00\",\"breadcrumb\":{\"@id\":\"https:\/\/cleitonpinheiro.com.br\/site\/policia-federal-abre-inscricao-de-concurso-para-preencher-mil-vagas-2\/#breadcrumb\"},\"inLanguage\":\"pt-BR\",\"potentialAction\":[{\"@type\":\"ReadAction\",\"target\":[\"https:\/\/cleitonpinheiro.com.br\/site\/policia-federal-abre-inscricao-de-concurso-para-preencher-mil-vagas-2\/\"]}]},{\"@type\":\"ImageObject\",\"inLanguage\":\"pt-BR\",\"@id\":\"https:\/\/cleitonpinheiro.com.br\/site\/policia-federal-abre-inscricao-de-concurso-para-preencher-mil-vagas-2\/#primaryimage\",\"url\":\"https:\/\/cleitonpinheiro.com.br\/site\/wp-content\/uploads\/2025\/05\/movimentacao-pf_mcamgo_abr_31082023-3-1.webp\",\"contentUrl\":\"https:\/\/cleitonpinheiro.com.br\/site\/wp-content\/uploads\/2025\/05\/movimentacao-pf_mcamgo_abr_31082023-3-1.webp\",\"width\":1170,\"height\":700,\"caption\":\"\u00a9 Marcelo Camargo\/Ag\u00eancia Brasil\"},{\"@type\":\"BreadcrumbList\",\"@id\":\"https:\/\/cleitonpinheiro.com.br\/site\/policia-federal-abre-inscricao-de-concurso-para-preencher-mil-vagas-2\/#breadcrumb\",\"itemListElement\":[{\"@type\":\"ListItem\",\"position\":1,\"name\":\"In\u00edcio\",\"item\":\"https:\/\/cleitonpinheiro.com.br\/site\/\"},{\"@type\":\"ListItem\",\"position\":2,\"name\":\"Pol\u00edcia Federal abre inscri\u00e7\u00e3o de concurso para preencher mil vagas\"}]},{\"@type\":\"WebSite\",\"@id\":\"https:\/\/cleitonpinheiro.com.br\/site\/#website\",\"url\":\"https:\/\/cleitonpinheiro.com.br\/site\/\",\"name\":\"PORTAL DE NOT\u00cdCIAS CLEITON PINHEIRO\",\"description\":\"FALANDO A VERDADE\",\"publisher\":{\"@id\":\"https:\/\/cleitonpinheiro.com.br\/site\/#organization\"},\"potentialAction\":[{\"@type\":\"SearchAction\",\"target\":{\"@type\":\"EntryPoint\",\"urlTemplate\":\"https:\/\/cleitonpinheiro.com.br\/site\/?s={search_term_string}\"},\"query-input\":{\"@type\":\"PropertyValueSpecification\",\"valueRequired\":true,\"valueName\":\"search_term_string\"}}],\"inLanguage\":\"pt-BR\"},{\"@type\":\"Organization\",\"@id\":\"https:\/\/cleitonpinheiro.com.br\/site\/#organization\",\"name\":\"CPNOT\u00cdCIAS\",\"url\":\"https:\/\/cleitonpinheiro.com.br\/site\/\",\"logo\":{\"@type\":\"ImageObject\",\"inLanguage\":\"pt-BR\",\"@id\":\"https:\/\/cleitonpinheiro.com.br\/site\/#\/schema\/logo\/image\/\",\"url\":\"https:\/\/cleitonpinheiro.com.br\/site\/wp-content\/uploads\/2022\/08\/Logo-pequena-2.png\",\"contentUrl\":\"https:\/\/cleitonpinheiro.com.br\/site\/wp-content\/uploads\/2022\/08\/Logo-pequena-2.png\",\"width\":500,\"height\":500,\"caption\":\"CPNOT\u00cdCIAS\"},\"image\":{\"@id\":\"https:\/\/cleitonpinheiro.com.br\/site\/#\/schema\/logo\/image\/\"},\"sameAs\":[\"https:\/\/www.facebook.com\/portalcpnoticias\/\"]},{\"@type\":\"Person\",\"@id\":\"https:\/\/cleitonpinheiro.com.br\/site\/#\/schema\/person\/8f04544e0bc40a1b68775b08360f87db\",\"name\":\"Reda\u00e7\u00e3o CP\",\"image\":{\"@type\":\"ImageObject\",\"inLanguage\":\"pt-BR\",\"@id\":\"https:\/\/cleitonpinheiro.com.br\/site\/#\/schema\/person\/image\/\",\"url\":\"https:\/\/secure.gravatar.com\/avatar\/0bcf19cb29fdc8fc588c490c7ae1b3e174dac268586a63fbe1d1893a0f9020cd?s=96&r=g\",\"contentUrl\":\"https:\/\/secure.gravatar.com\/avatar\/0bcf19cb29fdc8fc588c490c7ae1b3e174dac268586a63fbe1d1893a0f9020cd?s=96&r=g\",\"caption\":\"Reda\u00e7\u00e3o CP\"},\"url\":\"https:\/\/cleitonpinheiro.com.br\/site\/author\/redacao\/\"}]}<\/script>\n<!-- \/ Yoast SEO plugin. -->","yoast_head_json":{"title":"Pol\u00edcia Federal abre inscri\u00e7\u00e3o de concurso para preencher mil vagas - PORTAL DE NOT\u00cdCIAS CLEITON PINHEIRO","robots":{"index":"index","follow":"follow","max-snippet":"max-snippet:-1","max-image-preview":"max-image-preview:large","max-video-preview":"max-video-preview:-1"},"canonical":"https:\/\/cleitonpinheiro.com.br\/site\/policia-federal-abre-inscricao-de-concurso-para-preencher-mil-vagas-2\/","og_locale":"pt_BR","og_type":"article","og_title":"Pol\u00edcia Federal abre inscri\u00e7\u00e3o de concurso para preencher mil vagas - PORTAL DE NOT\u00cdCIAS CLEITON PINHEIRO","og_description":"As inscri\u00e7\u00f5es para o novo concurso p\u00fablico da Pol\u00edcia Federal com mil vagas em carreiras policiais foram abertas nesta segunda-feira (26) e se estendem at\u00e9 as 18 horas de 13 de junho, no hor\u00e1rio oficial de Bras\u00edlia. Os interessados devem se inscrever exclusivamente no&nbsp;site&nbsp;oficial da banca organizadora, o Centro Brasileiro de Pesquisa em Avalia\u00e7\u00e3o e [&hellip;]","og_url":"https:\/\/cleitonpinheiro.com.br\/site\/policia-federal-abre-inscricao-de-concurso-para-preencher-mil-vagas-2\/","og_site_name":"PORTAL DE NOT\u00cdCIAS CLEITON PINHEIRO","article_publisher":"https:\/\/www.facebook.com\/portalcpnoticias\/","article_published_time":"2025-05-31T17:29:21+00:00","article_modified_time":"2025-05-31T17:29:26+00:00","og_image":[{"width":1170,"height":700,"url":"https:\/\/cleitonpinheiro.com.br\/site\/wp-content\/uploads\/2025\/05\/movimentacao-pf_mcamgo_abr_31082023-3-1.webp","type":"image\/webp"}],"author":"Reda\u00e7\u00e3o CP","twitter_card":"summary_large_image","twitter_misc":{"Escrito por":"Reda\u00e7\u00e3o CP","Est. tempo de leitura":"4 minutos"},"schema":{"@context":"https:\/\/schema.org","@graph":[{"@type":"Article","@id":"https:\/\/cleitonpinheiro.com.br\/site\/policia-federal-abre-inscricao-de-concurso-para-preencher-mil-vagas-2\/#article","isPartOf":{"@id":"https:\/\/cleitonpinheiro.com.br\/site\/policia-federal-abre-inscricao-de-concurso-para-preencher-mil-vagas-2\/"},"author":{"name":"Reda\u00e7\u00e3o CP","@id":"https:\/\/cleitonpinheiro.com.br\/site\/#\/schema\/person\/8f04544e0bc40a1b68775b08360f87db"},"headline":"Pol\u00edcia Federal abre inscri\u00e7\u00e3o de concurso para preencher mil vagas","datePublished":"2025-05-31T17:29:21+00:00","dateModified":"2025-05-31T17:29:26+00:00","mainEntityOfPage":{"@id":"https:\/\/cleitonpinheiro.com.br\/site\/policia-federal-abre-inscricao-de-concurso-para-preencher-mil-vagas-2\/"},"wordCount":485,"commentCount":0,"publisher":{"@id":"https:\/\/cleitonpinheiro.com.br\/site\/#organization"},"image":{"@id":"https:\/\/cleitonpinheiro.com.br\/site\/policia-federal-abre-inscricao-de-concurso-para-preencher-mil-vagas-2\/#primaryimage"},"thumbnailUrl":"https:\/\/cleitonpinheiro.com.br\/site\/wp-content\/uploads\/2025\/05\/movimentacao-pf_mcamgo_abr_31082023-3-1.webp","articleSection":["BRASIL \/ MUNDO","FUNCIONALISMO","NOT\u00cdCIAS EM DESTAQUE"],"inLanguage":"pt-BR","potentialAction":[{"@type":"CommentAction","name":"Comment","target":["https:\/\/cleitonpinheiro.com.br\/site\/policia-federal-abre-inscricao-de-concurso-para-preencher-mil-vagas-2\/#respond"]}]},{"@type":"WebPage","@id":"https:\/\/cleitonpinheiro.com.br\/site\/policia-federal-abre-inscricao-de-concurso-para-preencher-mil-vagas-2\/","url":"https:\/\/cleitonpinheiro.com.br\/site\/policia-federal-abre-inscricao-de-concurso-para-preencher-mil-vagas-2\/","name":"Pol\u00edcia Federal abre inscri\u00e7\u00e3o de concurso para preencher mil vagas - PORTAL DE NOT\u00cdCIAS CLEITON PINHEIRO","isPartOf":{"@id":"https:\/\/cleitonpinheiro.com.br\/site\/#website"},"primaryImageOfPage":{"@id":"https:\/\/cleitonpinheiro.com.br\/site\/policia-federal-abre-inscricao-de-concurso-para-preencher-mil-vagas-2\/#primaryimage"},"image":{"@id":"https:\/\/cleitonpinheiro.com.br\/site\/policia-federal-abre-inscricao-de-concurso-para-preencher-mil-vagas-2\/#primaryimage"},"thumbnailUrl":"https:\/\/cleitonpinheiro.com.br\/site\/wp-content\/uploads\/2025\/05\/movimentacao-pf_mcamgo_abr_31082023-3-1.webp","datePublished":"2025-05-31T17:29:21+00:00","dateModified":"2025-05-31T17:29:26+00:00","breadcrumb":{"@id":"https:\/\/cleitonpinheiro.com.br\/site\/policia-federal-abre-inscricao-de-concurso-para-preencher-mil-vagas-2\/#breadcrumb"},"inLanguage":"pt-BR","potentialAction":[{"@type":"ReadAction","target":["https:\/\/cleitonpinheiro.com.br\/site\/policia-federal-abre-inscricao-de-concurso-para-preencher-mil-vagas-2\/"]}]},{"@type":"ImageObject","inLanguage":"pt-BR","@id":"https:\/\/cleitonpinheiro.com.br\/site\/policia-federal-abre-inscricao-de-concurso-para-preencher-mil-vagas-2\/#primaryimage","url":"https:\/\/cleitonpinheiro.com.br\/site\/wp-content\/uploads\/2025\/05\/movimentacao-pf_mcamgo_abr_31082023-3-1.webp","contentUrl":"https:\/\/cleitonpinheiro.com.br\/site\/wp-content\/uploads\/2025\/05\/movimentacao-pf_mcamgo_abr_31082023-3-1.webp","width":1170,"height":700,"caption":"\u00a9 Marcelo Camargo\/Ag\u00eancia Brasil"},{"@type":"BreadcrumbList","@id":"https:\/\/cleitonpinheiro.com.br\/site\/policia-federal-abre-inscricao-de-concurso-para-preencher-mil-vagas-2\/#breadcrumb","itemListElement":[{"@type":"ListItem","position":1,"name":"In\u00edcio","item":"https:\/\/cleitonpinheiro.com.br\/site\/"},{"@type":"ListItem","position":2,"name":"Pol\u00edcia Federal abre inscri\u00e7\u00e3o de concurso para preencher mil vagas"}]},{"@type":"WebSite","@id":"https:\/\/cleitonpinheiro.com.br\/site\/#website","url":"https:\/\/cleitonpinheiro.com.br\/site\/","name":"PORTAL DE NOT\u00cdCIAS CLEITON PINHEIRO","description":"FALANDO A VERDADE","publisher":{"@id":"https:\/\/cleitonpinheiro.com.br\/site\/#organization"},"potentialAction":[{"@type":"SearchAction","target":{"@type":"EntryPoint","urlTemplate":"https:\/\/cleitonpinheiro.com.br\/site\/?s={search_term_string}"},"query-input":{"@type":"PropertyValueSpecification","valueRequired":true,"valueName":"search_term_string"}}],"inLanguage":"pt-BR"},{"@type":"Organization","@id":"https:\/\/cleitonpinheiro.com.br\/site\/#organization","name":"CPNOT\u00cdCIAS","url":"https:\/\/cleitonpinheiro.com.br\/site\/","logo":{"@type":"ImageObject","inLanguage":"pt-BR","@id":"https:\/\/cleitonpinheiro.com.br\/site\/#\/schema\/logo\/image\/","url":"https:\/\/cleitonpinheiro.com.br\/site\/wp-content\/uploads\/2022\/08\/Logo-pequena-2.png","contentUrl":"https:\/\/cleitonpinheiro.com.br\/site\/wp-content\/uploads\/2022\/08\/Logo-pequena-2.png","width":500,"height":500,"caption":"CPNOT\u00cdCIAS"},"image":{"@id":"https:\/\/cleitonpinheiro.com.br\/site\/#\/schema\/logo\/image\/"},"sameAs":["https:\/\/www.facebook.com\/portalcpnoticias\/"]},{"@type":"Person","@id":"https:\/\/cleitonpinheiro.com.br\/site\/#\/schema\/person\/8f04544e0bc40a1b68775b08360f87db","name":"Reda\u00e7\u00e3o CP","image":{"@type":"ImageObject","inLanguage":"pt-BR","@id":"https:\/\/cleitonpinheiro.com.br\/site\/#\/schema\/person\/image\/","url":"https:\/\/secure.gravatar.com\/avatar\/0bcf19cb29fdc8fc588c490c7ae1b3e174dac268586a63fbe1d1893a0f9020cd?s=96&r=g","contentUrl":"https:\/\/secure.gravatar.com\/avatar\/0bcf19cb29fdc8fc588c490c7ae1b3e174dac268586a63fbe1d1893a0f9020cd?s=96&r=g","caption":"Reda\u00e7\u00e3o CP"},"url":"https:\/\/cleitonpinheiro.com.br\/site\/author\/redacao\/"}]}},"views":330,"_links":{"self":[{"href":"https:\/\/cleitonpinheiro.com.br\/site\/wp-json\/wp\/v2\/posts\/85703","targetHints":{"allow":["GET"]}}],"collection":[{"href":"https:\/\/cleitonpinheiro.com.br\/site\/wp-json\/wp\/v2\/posts"}],"about":[{"href":"https:\/\/cleitonpinheiro.com.br\/site\/wp-json\/wp\/v2\/types\/post"}],"author":[{"embeddable":true,"href":"https:\/\/cleitonpinheiro.com.br\/site\/wp-json\/wp\/v2\/users\/13"}],"replies":[{"embeddable":true,"href":"https:\/\/cleitonpinheiro.com.br\/site\/wp-json\/wp\/v2\/comments?post=85703"}],"version-history":[{"count":1,"href":"https:\/\/cleitonpinheiro.com.br\/site\/wp-json\/wp\/v2\/posts\/85703\/revisions"}],"predecessor-version":[{"id":85705,"href":"https:\/\/cleitonpinheiro.com.br\/site\/wp-json\/wp\/v2\/posts\/85703\/revisions\/85705"}],"wp:featuredmedia":[{"embeddable":true,"href":"https:\/\/cleitonpinheiro.com.br\/site\/wp-json\/wp\/v2\/media\/85704"}],"wp:attachment":[{"href":"https:\/\/cleitonpinheiro.com.br\/site\/wp-json\/wp\/v2\/media?parent=85703"}],"wp:term":[{"taxonomy":"category","embeddable":true,"href":"https:\/\/cleitonpinheiro.com.br\/site\/wp-json\/wp\/v2\/categories?post=85703"},{"taxonomy":"post_tag","embeddable":true,"href":"https:\/\/cleitonpinheiro.com.br\/site\/wp-json\/wp\/v2\/tags?post=85703"}],"curies":[{"name":"wp","href":"https:\/\/api.w.org\/{rel}","templated":true}]}}