{"id":85706,"date":"2025-05-31T14:38:47","date_gmt":"2025-05-31T17:38:47","guid":{"rendered":"https:\/\/cleitonpinheiro.com.br\/site\/?p=85706"},"modified":"2025-06-02T09:54:01","modified_gmt":"2025-06-02T12:54:01","slug":"presidente-lula-lanca-programa-para-melhorar-acesso-de-pacientes-a-especialistas","status":"publish","type":"post","link":"https:\/\/cleitonpinheiro.com.br\/site\/presidente-lula-lanca-programa-para-melhorar-acesso-de-pacientes-a-especialistas\/","title":{"rendered":"Presidente Lula lan\u00e7a programa para melhorar acesso de pacientes a especialistas"},"content":{"rendered":"\n<figure class=\"wp-block-image size-large\"><img decoding=\"async\" src=\"https:\/\/cleitonpinheiro.com.br\/site\/wp-content\/uploads\/2024\/12\/lula-e-maduro2_mcamgo_abr_29052023-15-1024x613.webp\" alt=\"\" class=\"wp-image-83448\"\/><\/figure>\n\n\n\n<p>\u201cN\u00e3o vamos deixar esse programa falhar\u201d, disse. \u201cEste programa \u00e9 um sonho da minha vida e eu queria que a gente conseguisse concretiz\u00e1-lo. Eu acho muito importante colocar a sociedade para tomar conta do programa, chamar os especialistas para tomar conta, porque, muitas vezes, a gente sozinho n\u00e3o d\u00e1 conta disso\u201d, acrescentou.<\/p>\n\n\n\n<p>Para Lula, \u00e9 preciso garantir que todo cidad\u00e3o tenha direito a\u00a0<a href=\"https:\/\/agenciabrasil.ebc.com.br\/politica\/noticia\/2025-05\/lula-anuncia-credito-para-reformas-e-acesso-medicos-especialistas\" target=\"_blank\" rel=\"noreferrer noopener\">consulta com especialista<\/a>, no tempo certo, e tamb\u00e9m a exames de imagem, como resson\u00e2ncia e tomografia.<\/p>\n\n\n\n<blockquote class=\"wp-block-quote is-layout-flow wp-block-quote-is-layout-flow\">\n<p>\u201cA doen\u00e7a n\u00e3o espera. N\u00e3o \u00e9 poss\u00edvel a gente ficar brincando com a sorte da pessoa, porque a gente sabe que a doen\u00e7a, se n\u00e3o for tratada, ela vai se agravar\u201d, argumentou.<\/p>\n<\/blockquote>\n\n\n\n<p><strong>Para a expans\u00e3o da oferta de servi\u00e7os especializados, o<a href=\"https:\/\/agenciabrasil.ebc.com.br\/saude\/noticia\/2025-04\/parceria-com-setor-privado-quer-reduzir-tempo-de-espera-no-sus\" target=\"_blank\" rel=\"noreferrer noopener\">&nbsp;programa prev\u00ea o credenciamento<\/a>&nbsp;de cl\u00ednicas, hospitais filantr\u00f3picos e privados<\/strong>&nbsp;p<strong>ara atendimento com foco em seis \u00e1reas priorit\u00e1rias:<\/strong><\/p>\n\n\n\n<ul class=\"wp-block-list\">\n<li><strong>oncologia,<\/strong><\/li>\n\n\n\n<li><strong>ginecologia,<\/strong><\/li>\n\n\n\n<li><strong>cardiologia,<\/strong><\/li>\n\n\n\n<li><strong>ortopedia,<\/strong><\/li>\n\n\n\n<li><strong>oftalmologia e<\/strong><\/li>\n\n\n\n<li><strong>otorrinolaringologia.<\/strong><\/li>\n<\/ul>\n\n\n\n<p>A contrata\u00e7\u00e3o ser\u00e1 feita pelos estados e munic\u00edpios, ou de maneira complementar pela Ag\u00eancia Brasileira de Apoio \u00e0 Gest\u00e3o do Sistema \u00danico de Sa\u00fade (AgSUS) e pelo Grupo Hospitalar Concei\u00e7\u00e3o, empresa p\u00fablica vinculada ao Minist\u00e9rio da Sa\u00fade.<\/p>\n\n\n\n<p>\u201c\u00c9 colocar a for\u00e7a, a escala, o tamanho do governo federal para a ajudar estados e munic\u00edpios\u201d, disse o ministro da Sa\u00fade, Alexandre Padilha, explicando que ser\u00e1 aplicado um novo modelo de pagamento, maior que a tabela do SUS. O investimento previsto \u00e9 de R$ 2 bilh\u00f5es por ano.<br>&nbsp;<\/p>\n\n\n\n<figure class=\"wp-block-image\"><img decoding=\"async\" src=\"https:\/\/imagens.ebc.com.br\/F0ZEkWY40SE2VxZBrSjztHVnKfY=\/754x0\/smart\/https:\/\/agenciabrasil.ebc.com.br\/sites\/default\/files\/thumbnails\/image\/2025\/05\/30\/pzzb1020.jpg?itok=647V8avF\" alt=\"Bras\u00edlia, (DF) 30\/04\/2025 - O ministro da Sa\u00fade, Alexandre Padilha, durante cerimonia do novo programa para acelerar o atendimento e aproximar a popula\u00e7\u00e3o dos m\u00e9dicos especialistas no sistema \u00fanico de sa\u00fade (SUS).\nFoto: Fabio Rodrigues-Pozzebom\/\u00a0Ag\u00eancia\u00a0Brasil\" title=\"Fabio Rodrigues-Pozzebom\/\u00a0Ag\u00eancia\u00a0Brasil\"\/><\/figure>\n\n\n\n<h6 class=\"wp-block-heading\">&nbsp;Padilha diz que programa vai por a for\u00e7a do governo federal para ajudar estados e munic\u00edpios<strong>&nbsp;&#8211; Foto &#8211;<\/strong>&nbsp;<strong>Fabio Rodrigues-Pozzebom\/&nbsp;Ag\u00eancia&nbsp;Brasil<\/strong><\/h6>\n\n\n\n<p>Padilha lembrou ainda sobre a distribui\u00e7\u00e3o desigual dos m\u00e9dicos especialistas no Brasil.&nbsp;<strong>O estudo Demografia M\u00e9dica 2025 aponta que esses profissionais est\u00e3o concentrados no Distrito Federal, S\u00e3o Paulo e Rio de Janeiro e na rede privada. Apenas 10% deles atendem exclusivamente pelo SUS.<\/strong><\/p>\n\n\n\n<h2 class=\"wp-block-heading\">C\u00e2ncer<\/h2>\n\n\n\n<p>O Agora Tem Especialistas prev\u00ea a consolida\u00e7\u00e3o do cuidado oncol\u00f3gico no SUS&nbsp;no tempo certo, com&nbsp;preven\u00e7\u00e3o, diagn\u00f3stico e tratamento de c\u00e2ncer.&nbsp;<strong>O Minist\u00e9rio da Sa\u00fade vai adquirir mais 121 aceleradores lineares at\u00e9 2026, um equipamento de alta tecnologia que reduz o tempo de tratamento do c\u00e2ncer.<\/strong>&nbsp;Seis cidades do pa\u00eds j\u00e1 receberam hoje esses equipamentos para radioterapia: S\u00e3o Paulo (SP), Bauru (SP), Piracicaba (SP), Curitiba (PR), Andara\u00ed (RJ) e Teresina (PI).<\/p>\n\n\n\n<p>Tamb\u00e9m ser\u00e1 criado o Super Centro Brasil para Diagn\u00f3stico de C\u00e2ncer, com a participa\u00e7\u00e3o do Instituto Nacional de C\u00e2ncer (Inca) e a entrada do A.C. Camargo C\u00e2ncer Center no Programa de Apoio ao Desenvolvimento Institucional do Sistema \u00danico de Sa\u00fade (Proadi-SUS). O A.C. Camargo \u00e9 refer\u00eancia em oncologia na cidade de S\u00e3o Paulo.<\/p>\n\n\n\n<p><strong>Os servi\u00e7os oncol\u00f3gicos ser\u00e3o integrados com teleatendimento e ter\u00e3o a capacidade de emitir, inicialmente, 1 mil laudos por dia. Ser\u00e3o investidos R$ 2,2 bilh\u00f5es por ano nessa rede.<\/strong><\/p>\n\n\n\n<h2 class=\"wp-block-heading\">Amplia\u00e7\u00e3o<\/h2>\n\n\n\n<p>Uma das prioridades do Agora tem Especialistas \u00e9 aproveitar ao m\u00e1ximo a capacidade da rede p\u00fablica de sa\u00fade, com a realiza\u00e7\u00e3o de mutir\u00f5es e amplia\u00e7\u00e3o dos turnos de atendimento. A estimativa \u00e9 que seja poss\u00edvel expandir em at\u00e9 30% os atendimentos em policl\u00ednicas, unidades de Pronto Atendimento, ambulat\u00f3rios e salas de cirurgias por todo o Brasil. Cerca de R$ 2,5 bilh\u00f5es por ano ser\u00e3o destinados para essas a\u00e7\u00f5es.<\/p>\n\n\n\n<p>A medida provis\u00f3ria estabelece ainda que&nbsp;<strong>hospitais privados e filantr\u00f3picos realizem consultas, exames e cirurgias de pacientes do SUS como contrapartida para sanar d\u00edvidas com Uni\u00e3o<\/strong>. Quando usu\u00e1rios de planos de sa\u00fade s\u00e3o atendidos no sistema p\u00fablico, os planos pagam por esse servi\u00e7o. Ent\u00e3o, da mesma forma, essas empresas poder\u00e3o ressarcir os valores ao SUS por meio da oferta de atendimento gratuito. A ren\u00fancia de arrecada\u00e7\u00e3o da Uni\u00e3o para esta a\u00e7\u00e3o est\u00e1 prevista em R$ 4,4 bilh\u00f5es por ano.<\/p>\n\n\n\n<p>No ano passado, o Minist\u00e9rio da Sa\u00fade&nbsp;<a href=\"https:\/\/agenciabrasil.ebc.com.br\/saude\/noticia\/2024-04\/saude-anuncia-politica-para-ampliar-acesso-especialistas-no-sus\" target=\"_blank\" rel=\"noreferrer noopener\">lan\u00e7ou o Programa Mais Acesso a Especialistas<\/a>, agora reformado. Baseada na l\u00f3gica do cuidado integral do paciente, a proposta era reduzir o tempo de espera por cirurgias, exames e tratamentos no \u00e2mbito do SUS por meio do fortalecimento do SUS Digital, facilitando o acesso a informa\u00e7\u00f5es e ampliando o potencial de atendimentos remotos.<\/p>\n\n\n\n<p>A medida provis\u00f3ria assinada hoje amplia a oferta de telessa\u00fade, com a meta de reduzir em at\u00e9 30% as filas de espera por consulta ou diagn\u00f3stico da rede especializada do SUS. Ser\u00e3o abertos editais para as iniciativas p\u00fablica e privada para a oferta de teleatendimento especializado. Os investimentos chegam a R$ 200 milh\u00f5es em recursos do Proadi-SUS. O Novo Programa de Acelera\u00e7\u00e3o do Crescimento (PAC) prev\u00ea a entrega de 7 mil kits de telessa\u00fade, num total de R$ 105 milh\u00f5es.<\/p>\n\n\n\n<p><strong>A comunica\u00e7\u00e3o com os pacientes tamb\u00e9m ganhar\u00e1 novas funcionalidades no aplicativo Meu SUS Digital, que emitir\u00e1 alertas por mensagens e via push para comunicar ao usu\u00e1rio sobre o agendamento e o atendimento de consultas, exames, cirurgias e tratamentos. O SUS tamb\u00e9m far\u00e1 contato com avisos por WhatsApp e SMS.<\/strong><\/p>\n\n\n\n<p><strong>Para regi\u00f5es desassistidas, o Minist\u00e9rio da Sa\u00fade ainda vai disponibilizar 150 carretas equipadas com estrutura para realizar consultas com cardiologista e oftalmologista, al\u00e9m de exames como mamografia, tomografia e raio-X.<\/strong>&nbsp;A proposta \u00e9 que as carretas do programa tenham estrutura para pequenas cirurgias e bi\u00f3psias. Outra frente \u00e9 o atendimento m\u00f3vel a caminhoneiros e mutir\u00f5es de exames, consultas e cirurgias em \u00e1reas remotas e territ\u00f3rios ind\u00edgenas. R$ 1 bilh\u00e3o ser\u00e3o investidos nessas a\u00e7\u00f5es.<\/p>\n\n\n\n<p>Para garantir o deslocamento de pacientes, ser\u00e3o disponibilizados recursos para a compra de at\u00e9 6,3 mil ve\u00edculos para transporte at\u00e9 hospitais e unidades de sa\u00fade, com prioridade para o atendimento oncol\u00f3gico. Cerca de 1,2 milh\u00e3o de pacientes dever\u00e3o ser beneficiados por m\u00eas com o funcionamento deste servi\u00e7o, com um investimento de R$ 870 milh\u00f5es em 2025<\/p>\n\n\n\n<p><strong>O provimento e a forma\u00e7\u00e3o dos profissionais s\u00e3o outra frente do programa, com expectativa de ampliar em 3,5 mil o n\u00famero de profissionais especializados,<\/strong>&nbsp;com foco em \u00e1reas priorit\u00e1rias, sendo 500 vagas reservadas para um edital do Mais M\u00e9dicos Especialistas. Ser\u00e3o 260 milh\u00f5es para bolsas de resid\u00eancia m\u00e9dica, em programas em parceria com a Associa\u00e7\u00e3o M\u00e9dica Brasileira.<\/p>\n","protected":false},"excerpt":{"rendered":"<p>\u201cN\u00e3o vamos deixar esse programa falhar\u201d, disse. \u201cEste programa \u00e9 um sonho da minha vida e eu queria que a gente conseguisse concretiz\u00e1-lo. Eu acho muito importante colocar a sociedade para tomar conta do programa, chamar os especialistas para tomar conta, porque, muitas vezes, a gente sozinho n\u00e3o d\u00e1 conta disso\u201d, acrescentou. Para Lula, \u00e9 [&hellip;]<\/p>\n","protected":false},"author":13,"featured_media":0,"comment_status":"open","ping_status":"open","sticky":false,"template":"","format":"standard","meta":{"_acf_changed":false,"footnotes":""},"categories":[19,898,21],"tags":[],"class_list":["post-85706","post","type-post","status-publish","format-standard","hentry","category-brasil-mundo","category-manchete-segundaria","category-todas-noticias"],"acf":[],"yoast_head":"<!-- This site is optimized with the Yoast SEO plugin v24.4 - https:\/\/yoast.com\/wordpress\/plugins\/seo\/ -->\n<title>Presidente Lula lan\u00e7a programa para melhorar acesso de pacientes a especialistas - PORTAL DE NOT\u00cdCIAS CLEITON PINHEIRO<\/title>\n<meta name=\"robots\" content=\"index, follow, max-snippet:-1, max-image-preview:large, max-video-preview:-1\" \/>\n<link rel=\"canonical\" href=\"https:\/\/cleitonpinheiro.com.br\/site\/presidente-lula-lanca-programa-para-melhorar-acesso-de-pacientes-a-especialistas\/\" \/>\n<meta property=\"og:locale\" content=\"pt_BR\" \/>\n<meta property=\"og:type\" content=\"article\" \/>\n<meta property=\"og:title\" content=\"Presidente Lula lan\u00e7a programa para melhorar acesso de pacientes a especialistas - PORTAL DE NOT\u00cdCIAS CLEITON PINHEIRO\" \/>\n<meta property=\"og:description\" content=\"\u201cN\u00e3o vamos deixar esse programa falhar\u201d, disse. \u201cEste programa \u00e9 um sonho da minha vida e eu queria que a gente conseguisse concretiz\u00e1-lo. Eu acho muito importante colocar a sociedade para tomar conta do programa, chamar os especialistas para tomar conta, porque, muitas vezes, a gente sozinho n\u00e3o d\u00e1 conta disso\u201d, acrescentou. Para Lula, \u00e9 [&hellip;]\" \/>\n<meta property=\"og:url\" content=\"https:\/\/cleitonpinheiro.com.br\/site\/presidente-lula-lanca-programa-para-melhorar-acesso-de-pacientes-a-especialistas\/\" \/>\n<meta property=\"og:site_name\" content=\"PORTAL DE NOT\u00cdCIAS CLEITON PINHEIRO\" \/>\n<meta property=\"article:publisher\" content=\"https:\/\/www.facebook.com\/portalcpnoticias\/\" \/>\n<meta property=\"article:published_time\" content=\"2025-05-31T17:38:47+00:00\" \/>\n<meta property=\"article:modified_time\" content=\"2025-06-02T12:54:01+00:00\" \/>\n<meta property=\"og:image\" content=\"https:\/\/cleitonpinheiro.com.br\/site\/wp-content\/uploads\/2024\/12\/lula-e-maduro2_mcamgo_abr_29052023-15.webp\" \/>\n\t<meta property=\"og:image:width\" content=\"1170\" \/>\n\t<meta property=\"og:image:height\" content=\"700\" \/>\n\t<meta property=\"og:image:type\" content=\"image\/webp\" \/>\n<meta name=\"author\" content=\"Reda\u00e7\u00e3o CP\" \/>\n<meta name=\"twitter:card\" content=\"summary_large_image\" \/>\n<meta name=\"twitter:label1\" content=\"Escrito por\" \/>\n\t<meta name=\"twitter:data1\" content=\"Reda\u00e7\u00e3o CP\" \/>\n\t<meta name=\"twitter:label2\" content=\"Est. tempo de leitura\" \/>\n\t<meta name=\"twitter:data2\" content=\"6 minutos\" \/>\n<script type=\"application\/ld+json\" class=\"yoast-schema-graph\">{\"@context\":\"https:\/\/schema.org\",\"@graph\":[{\"@type\":\"Article\",\"@id\":\"https:\/\/cleitonpinheiro.com.br\/site\/presidente-lula-lanca-programa-para-melhorar-acesso-de-pacientes-a-especialistas\/#article\",\"isPartOf\":{\"@id\":\"https:\/\/cleitonpinheiro.com.br\/site\/presidente-lula-lanca-programa-para-melhorar-acesso-de-pacientes-a-especialistas\/\"},\"author\":{\"name\":\"Reda\u00e7\u00e3o CP\",\"@id\":\"https:\/\/cleitonpinheiro.com.br\/site\/#\/schema\/person\/8f04544e0bc40a1b68775b08360f87db\"},\"headline\":\"Presidente Lula lan\u00e7a programa para melhorar acesso de pacientes a especialistas\",\"datePublished\":\"2025-05-31T17:38:47+00:00\",\"dateModified\":\"2025-06-02T12:54:01+00:00\",\"mainEntityOfPage\":{\"@id\":\"https:\/\/cleitonpinheiro.com.br\/site\/presidente-lula-lanca-programa-para-melhorar-acesso-de-pacientes-a-especialistas\/\"},\"wordCount\":1115,\"commentCount\":0,\"publisher\":{\"@id\":\"https:\/\/cleitonpinheiro.com.br\/site\/#organization\"},\"image\":{\"@id\":\"https:\/\/cleitonpinheiro.com.br\/site\/presidente-lula-lanca-programa-para-melhorar-acesso-de-pacientes-a-especialistas\/#primaryimage\"},\"thumbnailUrl\":\"https:\/\/cleitonpinheiro.com.br\/site\/wp-content\/uploads\/2024\/12\/lula-e-maduro2_mcamgo_abr_29052023-15-1024x613.webp\",\"articleSection\":[\"BRASIL \/ MUNDO\",\"MANCHETE SEGUND\u00c1RIA\",\"TODAS NOTICIAS\"],\"inLanguage\":\"pt-BR\",\"potentialAction\":[{\"@type\":\"CommentAction\",\"name\":\"Comment\",\"target\":[\"https:\/\/cleitonpinheiro.com.br\/site\/presidente-lula-lanca-programa-para-melhorar-acesso-de-pacientes-a-especialistas\/#respond\"]}]},{\"@type\":\"WebPage\",\"@id\":\"https:\/\/cleitonpinheiro.com.br\/site\/presidente-lula-lanca-programa-para-melhorar-acesso-de-pacientes-a-especialistas\/\",\"url\":\"https:\/\/cleitonpinheiro.com.br\/site\/presidente-lula-lanca-programa-para-melhorar-acesso-de-pacientes-a-especialistas\/\",\"name\":\"Presidente Lula lan\u00e7a programa para melhorar acesso de pacientes a especialistas - PORTAL DE NOT\u00cdCIAS CLEITON PINHEIRO\",\"isPartOf\":{\"@id\":\"https:\/\/cleitonpinheiro.com.br\/site\/#website\"},\"primaryImageOfPage\":{\"@id\":\"https:\/\/cleitonpinheiro.com.br\/site\/presidente-lula-lanca-programa-para-melhorar-acesso-de-pacientes-a-especialistas\/#primaryimage\"},\"image\":{\"@id\":\"https:\/\/cleitonpinheiro.com.br\/site\/presidente-lula-lanca-programa-para-melhorar-acesso-de-pacientes-a-especialistas\/#primaryimage\"},\"thumbnailUrl\":\"https:\/\/cleitonpinheiro.com.br\/site\/wp-content\/uploads\/2024\/12\/lula-e-maduro2_mcamgo_abr_29052023-15-1024x613.webp\",\"datePublished\":\"2025-05-31T17:38:47+00:00\",\"dateModified\":\"2025-06-02T12:54:01+00:00\",\"breadcrumb\":{\"@id\":\"https:\/\/cleitonpinheiro.com.br\/site\/presidente-lula-lanca-programa-para-melhorar-acesso-de-pacientes-a-especialistas\/#breadcrumb\"},\"inLanguage\":\"pt-BR\",\"potentialAction\":[{\"@type\":\"ReadAction\",\"target\":[\"https:\/\/cleitonpinheiro.com.br\/site\/presidente-lula-lanca-programa-para-melhorar-acesso-de-pacientes-a-especialistas\/\"]}]},{\"@type\":\"ImageObject\",\"inLanguage\":\"pt-BR\",\"@id\":\"https:\/\/cleitonpinheiro.com.br\/site\/presidente-lula-lanca-programa-para-melhorar-acesso-de-pacientes-a-especialistas\/#primaryimage\",\"url\":\"\",\"contentUrl\":\"\"},{\"@type\":\"BreadcrumbList\",\"@id\":\"https:\/\/cleitonpinheiro.com.br\/site\/presidente-lula-lanca-programa-para-melhorar-acesso-de-pacientes-a-especialistas\/#breadcrumb\",\"itemListElement\":[{\"@type\":\"ListItem\",\"position\":1,\"name\":\"In\u00edcio\",\"item\":\"https:\/\/cleitonpinheiro.com.br\/site\/\"},{\"@type\":\"ListItem\",\"position\":2,\"name\":\"Presidente Lula lan\u00e7a programa para melhorar acesso de pacientes a especialistas\"}]},{\"@type\":\"WebSite\",\"@id\":\"https:\/\/cleitonpinheiro.com.br\/site\/#website\",\"url\":\"https:\/\/cleitonpinheiro.com.br\/site\/\",\"name\":\"PORTAL DE NOT\u00cdCIAS CLEITON PINHEIRO\",\"description\":\"FALANDO A VERDADE\",\"publisher\":{\"@id\":\"https:\/\/cleitonpinheiro.com.br\/site\/#organization\"},\"potentialAction\":[{\"@type\":\"SearchAction\",\"target\":{\"@type\":\"EntryPoint\",\"urlTemplate\":\"https:\/\/cleitonpinheiro.com.br\/site\/?s={search_term_string}\"},\"query-input\":{\"@type\":\"PropertyValueSpecification\",\"valueRequired\":true,\"valueName\":\"search_term_string\"}}],\"inLanguage\":\"pt-BR\"},{\"@type\":\"Organization\",\"@id\":\"https:\/\/cleitonpinheiro.com.br\/site\/#organization\",\"name\":\"CPNOT\u00cdCIAS\",\"url\":\"https:\/\/cleitonpinheiro.com.br\/site\/\",\"logo\":{\"@type\":\"ImageObject\",\"inLanguage\":\"pt-BR\",\"@id\":\"https:\/\/cleitonpinheiro.com.br\/site\/#\/schema\/logo\/image\/\",\"url\":\"https:\/\/cleitonpinheiro.com.br\/site\/wp-content\/uploads\/2022\/08\/Logo-pequena-2.png\",\"contentUrl\":\"https:\/\/cleitonpinheiro.com.br\/site\/wp-content\/uploads\/2022\/08\/Logo-pequena-2.png\",\"width\":500,\"height\":500,\"caption\":\"CPNOT\u00cdCIAS\"},\"image\":{\"@id\":\"https:\/\/cleitonpinheiro.com.br\/site\/#\/schema\/logo\/image\/\"},\"sameAs\":[\"https:\/\/www.facebook.com\/portalcpnoticias\/\"]},{\"@type\":\"Person\",\"@id\":\"https:\/\/cleitonpinheiro.com.br\/site\/#\/schema\/person\/8f04544e0bc40a1b68775b08360f87db\",\"name\":\"Reda\u00e7\u00e3o CP\",\"image\":{\"@type\":\"ImageObject\",\"inLanguage\":\"pt-BR\",\"@id\":\"https:\/\/cleitonpinheiro.com.br\/site\/#\/schema\/person\/image\/\",\"url\":\"https:\/\/secure.gravatar.com\/avatar\/0bcf19cb29fdc8fc588c490c7ae1b3e174dac268586a63fbe1d1893a0f9020cd?s=96&r=g\",\"contentUrl\":\"https:\/\/secure.gravatar.com\/avatar\/0bcf19cb29fdc8fc588c490c7ae1b3e174dac268586a63fbe1d1893a0f9020cd?s=96&r=g\",\"caption\":\"Reda\u00e7\u00e3o CP\"},\"url\":\"https:\/\/cleitonpinheiro.com.br\/site\/author\/redacao\/\"}]}<\/script>\n<!-- \/ Yoast SEO plugin. -->","yoast_head_json":{"title":"Presidente Lula lan\u00e7a programa para melhorar acesso de pacientes a especialistas - PORTAL DE NOT\u00cdCIAS CLEITON PINHEIRO","robots":{"index":"index","follow":"follow","max-snippet":"max-snippet:-1","max-image-preview":"max-image-preview:large","max-video-preview":"max-video-preview:-1"},"canonical":"https:\/\/cleitonpinheiro.com.br\/site\/presidente-lula-lanca-programa-para-melhorar-acesso-de-pacientes-a-especialistas\/","og_locale":"pt_BR","og_type":"article","og_title":"Presidente Lula lan\u00e7a programa para melhorar acesso de pacientes a especialistas - PORTAL DE NOT\u00cdCIAS CLEITON PINHEIRO","og_description":"\u201cN\u00e3o vamos deixar esse programa falhar\u201d, disse. \u201cEste programa \u00e9 um sonho da minha vida e eu queria que a gente conseguisse concretiz\u00e1-lo. Eu acho muito importante colocar a sociedade para tomar conta do programa, chamar os especialistas para tomar conta, porque, muitas vezes, a gente sozinho n\u00e3o d\u00e1 conta disso\u201d, acrescentou. Para Lula, \u00e9 [&hellip;]","og_url":"https:\/\/cleitonpinheiro.com.br\/site\/presidente-lula-lanca-programa-para-melhorar-acesso-de-pacientes-a-especialistas\/","og_site_name":"PORTAL DE NOT\u00cdCIAS CLEITON PINHEIRO","article_publisher":"https:\/\/www.facebook.com\/portalcpnoticias\/","article_published_time":"2025-05-31T17:38:47+00:00","article_modified_time":"2025-06-02T12:54:01+00:00","og_image":[{"width":1170,"height":700,"url":"https:\/\/cleitonpinheiro.com.br\/site\/wp-content\/uploads\/2024\/12\/lula-e-maduro2_mcamgo_abr_29052023-15.webp","type":"image\/webp"}],"author":"Reda\u00e7\u00e3o CP","twitter_card":"summary_large_image","twitter_misc":{"Escrito por":"Reda\u00e7\u00e3o CP","Est. tempo de leitura":"6 minutos"},"schema":{"@context":"https:\/\/schema.org","@graph":[{"@type":"Article","@id":"https:\/\/cleitonpinheiro.com.br\/site\/presidente-lula-lanca-programa-para-melhorar-acesso-de-pacientes-a-especialistas\/#article","isPartOf":{"@id":"https:\/\/cleitonpinheiro.com.br\/site\/presidente-lula-lanca-programa-para-melhorar-acesso-de-pacientes-a-especialistas\/"},"author":{"name":"Reda\u00e7\u00e3o CP","@id":"https:\/\/cleitonpinheiro.com.br\/site\/#\/schema\/person\/8f04544e0bc40a1b68775b08360f87db"},"headline":"Presidente Lula lan\u00e7a programa para melhorar acesso de pacientes a especialistas","datePublished":"2025-05-31T17:38:47+00:00","dateModified":"2025-06-02T12:54:01+00:00","mainEntityOfPage":{"@id":"https:\/\/cleitonpinheiro.com.br\/site\/presidente-lula-lanca-programa-para-melhorar-acesso-de-pacientes-a-especialistas\/"},"wordCount":1115,"commentCount":0,"publisher":{"@id":"https:\/\/cleitonpinheiro.com.br\/site\/#organization"},"image":{"@id":"https:\/\/cleitonpinheiro.com.br\/site\/presidente-lula-lanca-programa-para-melhorar-acesso-de-pacientes-a-especialistas\/#primaryimage"},"thumbnailUrl":"https:\/\/cleitonpinheiro.com.br\/site\/wp-content\/uploads\/2024\/12\/lula-e-maduro2_mcamgo_abr_29052023-15-1024x613.webp","articleSection":["BRASIL \/ MUNDO","MANCHETE SEGUND\u00c1RIA","TODAS NOTICIAS"],"inLanguage":"pt-BR","potentialAction":[{"@type":"CommentAction","name":"Comment","target":["https:\/\/cleitonpinheiro.com.br\/site\/presidente-lula-lanca-programa-para-melhorar-acesso-de-pacientes-a-especialistas\/#respond"]}]},{"@type":"WebPage","@id":"https:\/\/cleitonpinheiro.com.br\/site\/presidente-lula-lanca-programa-para-melhorar-acesso-de-pacientes-a-especialistas\/","url":"https:\/\/cleitonpinheiro.com.br\/site\/presidente-lula-lanca-programa-para-melhorar-acesso-de-pacientes-a-especialistas\/","name":"Presidente Lula lan\u00e7a programa para melhorar acesso de pacientes a especialistas - PORTAL DE NOT\u00cdCIAS CLEITON PINHEIRO","isPartOf":{"@id":"https:\/\/cleitonpinheiro.com.br\/site\/#website"},"primaryImageOfPage":{"@id":"https:\/\/cleitonpinheiro.com.br\/site\/presidente-lula-lanca-programa-para-melhorar-acesso-de-pacientes-a-especialistas\/#primaryimage"},"image":{"@id":"https:\/\/cleitonpinheiro.com.br\/site\/presidente-lula-lanca-programa-para-melhorar-acesso-de-pacientes-a-especialistas\/#primaryimage"},"thumbnailUrl":"https:\/\/cleitonpinheiro.com.br\/site\/wp-content\/uploads\/2024\/12\/lula-e-maduro2_mcamgo_abr_29052023-15-1024x613.webp","datePublished":"2025-05-31T17:38:47+00:00","dateModified":"2025-06-02T12:54:01+00:00","breadcrumb":{"@id":"https:\/\/cleitonpinheiro.com.br\/site\/presidente-lula-lanca-programa-para-melhorar-acesso-de-pacientes-a-especialistas\/#breadcrumb"},"inLanguage":"pt-BR","potentialAction":[{"@type":"ReadAction","target":["https:\/\/cleitonpinheiro.com.br\/site\/presidente-lula-lanca-programa-para-melhorar-acesso-de-pacientes-a-especialistas\/"]}]},{"@type":"ImageObject","inLanguage":"pt-BR","@id":"https:\/\/cleitonpinheiro.com.br\/site\/presidente-lula-lanca-programa-para-melhorar-acesso-de-pacientes-a-especialistas\/#primaryimage","url":"","contentUrl":""},{"@type":"BreadcrumbList","@id":"https:\/\/cleitonpinheiro.com.br\/site\/presidente-lula-lanca-programa-para-melhorar-acesso-de-pacientes-a-especialistas\/#breadcrumb","itemListElement":[{"@type":"ListItem","position":1,"name":"In\u00edcio","item":"https:\/\/cleitonpinheiro.com.br\/site\/"},{"@type":"ListItem","position":2,"name":"Presidente Lula lan\u00e7a programa para melhorar acesso de pacientes a especialistas"}]},{"@type":"WebSite","@id":"https:\/\/cleitonpinheiro.com.br\/site\/#website","url":"https:\/\/cleitonpinheiro.com.br\/site\/","name":"PORTAL DE NOT\u00cdCIAS CLEITON PINHEIRO","description":"FALANDO A VERDADE","publisher":{"@id":"https:\/\/cleitonpinheiro.com.br\/site\/#organization"},"potentialAction":[{"@type":"SearchAction","target":{"@type":"EntryPoint","urlTemplate":"https:\/\/cleitonpinheiro.com.br\/site\/?s={search_term_string}"},"query-input":{"@type":"PropertyValueSpecification","valueRequired":true,"valueName":"search_term_string"}}],"inLanguage":"pt-BR"},{"@type":"Organization","@id":"https:\/\/cleitonpinheiro.com.br\/site\/#organization","name":"CPNOT\u00cdCIAS","url":"https:\/\/cleitonpinheiro.com.br\/site\/","logo":{"@type":"ImageObject","inLanguage":"pt-BR","@id":"https:\/\/cleitonpinheiro.com.br\/site\/#\/schema\/logo\/image\/","url":"https:\/\/cleitonpinheiro.com.br\/site\/wp-content\/uploads\/2022\/08\/Logo-pequena-2.png","contentUrl":"https:\/\/cleitonpinheiro.com.br\/site\/wp-content\/uploads\/2022\/08\/Logo-pequena-2.png","width":500,"height":500,"caption":"CPNOT\u00cdCIAS"},"image":{"@id":"https:\/\/cleitonpinheiro.com.br\/site\/#\/schema\/logo\/image\/"},"sameAs":["https:\/\/www.facebook.com\/portalcpnoticias\/"]},{"@type":"Person","@id":"https:\/\/cleitonpinheiro.com.br\/site\/#\/schema\/person\/8f04544e0bc40a1b68775b08360f87db","name":"Reda\u00e7\u00e3o CP","image":{"@type":"ImageObject","inLanguage":"pt-BR","@id":"https:\/\/cleitonpinheiro.com.br\/site\/#\/schema\/person\/image\/","url":"https:\/\/secure.gravatar.com\/avatar\/0bcf19cb29fdc8fc588c490c7ae1b3e174dac268586a63fbe1d1893a0f9020cd?s=96&r=g","contentUrl":"https:\/\/secure.gravatar.com\/avatar\/0bcf19cb29fdc8fc588c490c7ae1b3e174dac268586a63fbe1d1893a0f9020cd?s=96&r=g","caption":"Reda\u00e7\u00e3o CP"},"url":"https:\/\/cleitonpinheiro.com.br\/site\/author\/redacao\/"}]}},"views":156,"_links":{"self":[{"href":"https:\/\/cleitonpinheiro.com.br\/site\/wp-json\/wp\/v2\/posts\/85706","targetHints":{"allow":["GET"]}}],"collection":[{"href":"https:\/\/cleitonpinheiro.com.br\/site\/wp-json\/wp\/v2\/posts"}],"about":[{"href":"https:\/\/cleitonpinheiro.com.br\/site\/wp-json\/wp\/v2\/types\/post"}],"author":[{"embeddable":true,"href":"https:\/\/cleitonpinheiro.com.br\/site\/wp-json\/wp\/v2\/users\/13"}],"replies":[{"embeddable":true,"href":"https:\/\/cleitonpinheiro.com.br\/site\/wp-json\/wp\/v2\/comments?post=85706"}],"version-history":[{"count":1,"href":"https:\/\/cleitonpinheiro.com.br\/site\/wp-json\/wp\/v2\/posts\/85706\/revisions"}],"predecessor-version":[{"id":85707,"href":"https:\/\/cleitonpinheiro.com.br\/site\/wp-json\/wp\/v2\/posts\/85706\/revisions\/85707"}],"wp:attachment":[{"href":"https:\/\/cleitonpinheiro.com.br\/site\/wp-json\/wp\/v2\/media?parent=85706"}],"wp:term":[{"taxonomy":"category","embeddable":true,"href":"https:\/\/cleitonpinheiro.com.br\/site\/wp-json\/wp\/v2\/categories?post=85706"},{"taxonomy":"post_tag","embeddable":true,"href":"https:\/\/cleitonpinheiro.com.br\/site\/wp-json\/wp\/v2\/tags?post=85706"}],"curies":[{"name":"wp","href":"https:\/\/api.w.org\/{rel}","templated":true}]}}