{"id":85711,"date":"2025-06-02T09:53:12","date_gmt":"2025-06-02T12:53:12","guid":{"rendered":"https:\/\/cleitonpinheiro.com.br\/site\/?p=85711"},"modified":"2025-06-03T13:01:48","modified_gmt":"2025-06-03T16:01:48","slug":"perdeu-o-prazo-da-declaracao-do-imposto-de-renda-saiba-o-que-fazer","status":"publish","type":"post","link":"https:\/\/cleitonpinheiro.com.br\/site\/perdeu-o-prazo-da-declaracao-do-imposto-de-renda-saiba-o-que-fazer\/","title":{"rendered":"Perdeu o prazo da declara\u00e7\u00e3o do imposto de renda? Saiba o que fazer"},"content":{"rendered":"\n<figure class=\"wp-block-image size-large\"><img fetchpriority=\"high\" decoding=\"async\" width=\"1024\" height=\"613\" src=\"https:\/\/cleitonpinheiro.com.br\/site\/wp-content\/uploads\/2025\/06\/mg_7839-1024x613.webp\" alt=\"\" class=\"wp-image-85712\" srcset=\"https:\/\/cleitonpinheiro.com.br\/site\/wp-content\/uploads\/2025\/06\/mg_7839-1024x613.webp 1024w, https:\/\/cleitonpinheiro.com.br\/site\/wp-content\/uploads\/2025\/06\/mg_7839-300x179.webp 300w, https:\/\/cleitonpinheiro.com.br\/site\/wp-content\/uploads\/2025\/06\/mg_7839-768x459.webp 768w, https:\/\/cleitonpinheiro.com.br\/site\/wp-content\/uploads\/2025\/06\/mg_7839.webp 1170w\" sizes=\"(max-width: 1024px) 100vw, 1024px\" \/><figcaption class=\"wp-element-caption\">\u00a9 Jo\u00e9dson Alves\/Ag\u00eancia Brasil\n<\/figcaption><\/figure>\n\n\n\n<p><strong>Para quem perdeu o prazo para o envio da declara\u00e7\u00e3o de Imposto de Renda 2025, a dica \u00e9:&nbsp;buscar se acertar com o Le\u00e3o o quanto antes, j\u00e1 que o contribuinte fica sujeito a multa no valor m\u00ednimo de R$ 165,74, podendo chegar, no m\u00e1ximo, a 20% do valor do Imposto de Renda devido<\/strong>. Al\u00e9m da multa, tamb\u00e9m ser\u00e3o acrescidos juros. Por isso, o importante&nbsp;\u00e9 correr para entregar a declara\u00e7\u00e3o que \u00e9 a \u00fanica forma de regularizar a situa\u00e7\u00e3o perante o Fisco.<img decoding=\"async\" src=\"https:\/\/agenciabrasil.ebc.com.br\/ebc.png?id=1645017&amp;o=node\"><img decoding=\"async\" src=\"https:\/\/agenciabrasil.ebc.com.br\/ebc.gif?id=1645017&amp;o=node\"><\/p>\n\n\n\n<p><strong>Outro ponto que vale destacar \u00e9 que cerca de 60% das declara\u00e7\u00f5es resultam em imposto a restituir<\/strong>. Ou seja, entregar a declara\u00e7\u00e3o \u00e9 um dever, mas tamb\u00e9m um direito que pode trazer benef\u00edcios ao contribuinte.&nbsp;<\/p>\n\n\n\n<p><strong>No servi\u00e7o&nbsp;<a href=\"https:\/\/www.gov.br\/receitafederal\/pt-br\/assuntos\/meu-imposto-de-renda\" target=\"_blank\" rel=\"noreferrer noopener\">Meu Imposto de Renda<\/a>, o contribuinte pode verificar se est\u00e1 com alguma declara\u00e7\u00e3o em atraso.<\/strong><\/p>\n\n\n\n<p>O&nbsp;<strong>sistema tamb\u00e9m permite fazer a declara\u00e7\u00e3o de forma pr\u00e1tica e&nbsp;<em>online<\/em>, com dados j\u00e1 preenchidos, o que ajuda a regularizar a situa\u00e7\u00e3o do CPF.<\/strong>&nbsp;O servi\u00e7o est\u00e1 dispon\u00edvel no&nbsp;aplicativo&nbsp;<a href=\"https:\/\/www.gov.br\/receitafederal\/pt-br\/centrais-de-conteudo\/download\/app\/rfb\" target=\"_blank\" rel=\"noreferrer noopener\">Receita Federal&nbsp;<\/a>ou no&nbsp;<a href=\"https:\/\/www.gov.br\/receitafederal\/pt-br\/centrais-de-conteudo\/download\/pgd\/dirpf\" target=\"_blank\" rel=\"noreferrer noopener\">programa&nbsp;<\/a>que pode ser baixado e instalado no computador.<\/p>\n\n\n\n<h2 class=\"wp-block-heading\">Fake News<\/h2>\n\n\n\n<p><strong>O CPF do contribuinte que n\u00e3o envia o documento pode ficar com&nbsp;<em>status<\/em>&nbsp;de \u201cpendente de regulariza\u00e7\u00e3o\u201d ou \u201comisso na entrega da declara\u00e7\u00e3o\u201d<\/strong>. Mas a Receita esclarece que o n\u00e3o envio da declara\u00e7\u00e3o n\u00e3o leva a penalidades como o bloqueio de CPF, impedimento de casamento, restri\u00e7\u00e3o a participa\u00e7\u00e3o em concursos p\u00fablicos, bloqueio de contas banc\u00e1rias, pris\u00e3o entre outras fake news que circulam nas redes sociais.<\/p>\n\n\n\n<p><strong>Segundo a Receita, a situa\u00e7\u00e3o de &#8220;pendente de regulariza\u00e7\u00e3o&#8221; n\u00e3o tem car\u00e1ter punitivo e n\u00e3o impede o exerc\u00edcio de direitos. Ela serve apenas como um alerta para que a pessoa regularize sua situa\u00e7\u00e3o com o Fisco.<\/strong><\/p>\n\n\n\n<p>Al\u00e9m disso, as normas da Receita n\u00e3o autorizam que outros \u00f3rg\u00e3os p\u00fablicos ou empresas privadas criem restri\u00e7\u00f5es ao cidad\u00e3o apenas por estar com o CPF &#8220;pendente de regulariza\u00e7\u00e3o&#8221;.<\/p>\n\n\n\n<blockquote class=\"wp-block-quote is-layout-flow wp-block-quote-is-layout-flow\">\n<p>\u201cN\u00e3o existe hip\u00f3tese de um contribuinte ser preso por n\u00e3o enviar&nbsp;Declara\u00e7\u00e3o do Imposto de Renda da Pessoa F\u00edsica ou mesmo por ter d\u00edvida com o Fisco.&nbsp;O simples fato de um contribuinte n\u00e3o enviar a Declara\u00e7\u00e3o do Imposto de Renda a que estava obrigado n\u00e3o configura crime\u201d, aponta a Receita.<\/p>\n<\/blockquote>\n\n\n\n<p><strong>S\u00e3o obrigadas e declarar o Imposto de Renda sobre a Pessoa F\u00edsica (IRPF) as pessoas f\u00edsicas que receberam rendimentos tribut\u00e1veis acima de R$ 33.888, assim como aquelas que obtiveram receita bruta da atividade rural acima de R$ 169.440.<\/strong><\/p>\n\n\n\n<p>As pessoas que receberam at\u00e9 dois sal\u00e1rios m\u00ednimos mensais durante 2024 est\u00e3o dispensadas de fazer a declara\u00e7\u00e3o, salvo se se enquadrarem em outro crit\u00e9rio de obrigatoriedade.<\/p>\n\n\n\n<h2 class=\"wp-block-heading\">Declara\u00e7\u00f5es<\/h2>\n\n\n\n<p>At\u00e9 as 23h59 de ontem (30), prazo final para o envio da documenta\u00e7\u00e3o, a<strong>&nbsp;<\/strong><a href=\"https:\/\/agenciabrasil.ebc.com.br\/economia\/noticia\/2025-05\/envios-de-declaracoes-do-ir-ficam-abaixo-de-expectativa\" target=\"_blank\" rel=\"noreferrer noopener\">Receita Federal recebeu 43.344.108 declara\u00e7\u00f5es<\/a>&nbsp;do Imposto de Renda da Pessoa F\u00edsica este ano.<strong>&nbsp;<\/strong>Desse total, 56,5% resultaram em imposto a restituir, 22,2% em imposto a pagar e 21,2% sem imposto.<\/p>\n\n\n\n<p>A maioria dos documentos foi preenchida a partir do programa de computador (83,2%), mas 11,7% dos contribuintes recorrem ao preenchimento&nbsp;<em>online<\/em>, que deixa o rascunho da declara\u00e7\u00e3o salvo nos computadores do Fisco (nuvem da Receita), e 5,2% declaram pelo aplicativo Meu Imposto de Renda para smartphones e tablets.<\/p>\n\n\n\n<p>Um total de 50,3% dos contribuintes que entregaram o documento \u00e0 Receita Federal usaram a declara\u00e7\u00e3o pr\u00e9-preenchida, por meio da qual o declarante baixa uma vers\u00e3o preliminar do documento, bastando confirmar as informa\u00e7\u00f5es ou retificar os dados. A op\u00e7\u00e3o de desconto simplificado representa 55,5% dos envios.<\/p>\n\n\n\n<p>As mulheres foram respons\u00e1veis por 44,3% das declara\u00e7\u00f5es e a m\u00e9dia de idade dos contribuintes foi de 47 anos.<\/p>\n\n\n\n<h2 class=\"wp-block-heading\">Restitui\u00e7\u00e3o<\/h2>\n\n\n\n<p><strong>Ontem, cerca de 6,3 milh\u00f5es de contribuintes que entregaram a Declara\u00e7\u00e3o do Imposto de Renda Pessoa F\u00edsica de 2025 nas primeiras semanas do prazo receberam o primeiro dos cinco lotes de restitui\u00e7\u00e3o deste ano, o maior da hist\u00f3ria em n\u00famero de contribuintes e em valor.<\/strong>&nbsp;O lote tamb\u00e9m contempla restitui\u00e7\u00f5es residuais de anos anteriores.<\/p>\n\n\n\n<p><strong>Ao todo, 6.257.108 contribuintes receberam R$ 11 bilh\u00f5es. Todo o valor, informou o Fisco, ir\u00e1 para contribuintes com prioridade no reembolso.<\/strong><\/p>\n\n\n\n<p>As restitui\u00e7\u00f5es foram distribu\u00eddas da seguinte forma:<\/p>\n\n\n\n<p>2.375.076 contribuintes que usaram a declara\u00e7\u00e3o pr\u00e9-preenchida e optaram simultaneamente por receber a restitui\u00e7\u00e3o via Pix;<\/p>\n\n\n\n<p>2.346.445 contribuintes de 60 a 79 anos;<br>1.096.168 contribuintes cuja maior fonte de renda seja o magist\u00e9rio;<\/p>\n\n\n\n<p>240.081 contribuintes acima de 80 anos;<\/p>\n\n\n\n<p>199.338 contribuintes com defici\u00eancia f\u00edsica ou mental ou doen\u00e7a grave.<\/p>\n\n\n\n<p>Embora n\u00e3o tenham prioridade por lei, os contribuintes que usaram dois procedimentos em conjunto, pr\u00e9-preenchida e Pix, passaram a ter prioridade no recebimento da restitui\u00e7\u00e3o neste ano.<\/p>\n\n\n\n<p><strong>Quem declarou o Imposto de Renda precisa ficar atento, pois sempre h\u00e1 a&nbsp;possibilidade de o pr\u00f3prio contribuinte encontrar erros na declara\u00e7\u00e3o. Neste caso, ele mesmo deve&nbsp;gerar uma declara\u00e7\u00e3o retificadora.<\/strong><\/p>\n\n\n\n<p>Texto: Luciano Nascimento &#8211; Rep\u00f3rter da Ag\u00eancia Brasil<\/p>\n","protected":false},"excerpt":{"rendered":"<p>Para quem perdeu o prazo para o envio da declara\u00e7\u00e3o de Imposto de Renda 2025, a dica \u00e9:&nbsp;buscar se acertar com o Le\u00e3o o quanto antes, j\u00e1 que o contribuinte fica sujeito a multa no valor m\u00ednimo de R$ 165,74, podendo chegar, no m\u00e1ximo, a 20% do valor do Imposto de Renda devido. Al\u00e9m da [&hellip;]<\/p>\n","protected":false},"author":13,"featured_media":85712,"comment_status":"open","ping_status":"open","sticky":false,"template":"","format":"standard","meta":{"_acf_changed":false,"footnotes":""},"categories":[19,20,21],"tags":[],"class_list":["post-85711","post","type-post","status-publish","format-standard","has-post-thumbnail","hentry","category-brasil-mundo","category-noticias-em-destaque","category-todas-noticias"],"acf":[],"yoast_head":"<!-- This site is optimized with the Yoast SEO plugin v24.4 - https:\/\/yoast.com\/wordpress\/plugins\/seo\/ -->\n<title>Perdeu o prazo da declara\u00e7\u00e3o do imposto de renda? Saiba o que fazer - PORTAL DE NOT\u00cdCIAS CLEITON PINHEIRO<\/title>\n<meta name=\"robots\" content=\"index, follow, max-snippet:-1, max-image-preview:large, max-video-preview:-1\" \/>\n<link rel=\"canonical\" href=\"https:\/\/cleitonpinheiro.com.br\/site\/perdeu-o-prazo-da-declaracao-do-imposto-de-renda-saiba-o-que-fazer\/\" \/>\n<meta property=\"og:locale\" content=\"pt_BR\" \/>\n<meta property=\"og:type\" content=\"article\" \/>\n<meta property=\"og:title\" content=\"Perdeu o prazo da declara\u00e7\u00e3o do imposto de renda? Saiba o que fazer - PORTAL DE NOT\u00cdCIAS CLEITON PINHEIRO\" \/>\n<meta property=\"og:description\" content=\"Para quem perdeu o prazo para o envio da declara\u00e7\u00e3o de Imposto de Renda 2025, a dica \u00e9:&nbsp;buscar se acertar com o Le\u00e3o o quanto antes, j\u00e1 que o contribuinte fica sujeito a multa no valor m\u00ednimo de R$ 165,74, podendo chegar, no m\u00e1ximo, a 20% do valor do Imposto de Renda devido. Al\u00e9m da [&hellip;]\" \/>\n<meta property=\"og:url\" content=\"https:\/\/cleitonpinheiro.com.br\/site\/perdeu-o-prazo-da-declaracao-do-imposto-de-renda-saiba-o-que-fazer\/\" \/>\n<meta property=\"og:site_name\" content=\"PORTAL DE NOT\u00cdCIAS CLEITON PINHEIRO\" \/>\n<meta property=\"article:publisher\" content=\"https:\/\/www.facebook.com\/portalcpnoticias\/\" \/>\n<meta property=\"article:published_time\" content=\"2025-06-02T12:53:12+00:00\" \/>\n<meta property=\"article:modified_time\" content=\"2025-06-03T16:01:48+00:00\" \/>\n<meta property=\"og:image\" content=\"https:\/\/cleitonpinheiro.com.br\/site\/wp-content\/uploads\/2025\/06\/mg_7839.webp\" \/>\n\t<meta property=\"og:image:width\" content=\"1170\" \/>\n\t<meta property=\"og:image:height\" content=\"700\" \/>\n\t<meta property=\"og:image:type\" content=\"image\/webp\" \/>\n<meta name=\"author\" content=\"Reda\u00e7\u00e3o CP\" \/>\n<meta name=\"twitter:card\" content=\"summary_large_image\" \/>\n<meta name=\"twitter:label1\" content=\"Escrito por\" \/>\n\t<meta name=\"twitter:data1\" content=\"Reda\u00e7\u00e3o CP\" \/>\n\t<meta name=\"twitter:label2\" content=\"Est. tempo de leitura\" \/>\n\t<meta name=\"twitter:data2\" content=\"5 minutos\" \/>\n<script type=\"application\/ld+json\" class=\"yoast-schema-graph\">{\"@context\":\"https:\/\/schema.org\",\"@graph\":[{\"@type\":\"Article\",\"@id\":\"https:\/\/cleitonpinheiro.com.br\/site\/perdeu-o-prazo-da-declaracao-do-imposto-de-renda-saiba-o-que-fazer\/#article\",\"isPartOf\":{\"@id\":\"https:\/\/cleitonpinheiro.com.br\/site\/perdeu-o-prazo-da-declaracao-do-imposto-de-renda-saiba-o-que-fazer\/\"},\"author\":{\"name\":\"Reda\u00e7\u00e3o CP\",\"@id\":\"https:\/\/cleitonpinheiro.com.br\/site\/#\/schema\/person\/8f04544e0bc40a1b68775b08360f87db\"},\"headline\":\"Perdeu o prazo da declara\u00e7\u00e3o do imposto de renda? Saiba o que fazer\",\"datePublished\":\"2025-06-02T12:53:12+00:00\",\"dateModified\":\"2025-06-03T16:01:48+00:00\",\"mainEntityOfPage\":{\"@id\":\"https:\/\/cleitonpinheiro.com.br\/site\/perdeu-o-prazo-da-declaracao-do-imposto-de-renda-saiba-o-que-fazer\/\"},\"wordCount\":892,\"commentCount\":0,\"publisher\":{\"@id\":\"https:\/\/cleitonpinheiro.com.br\/site\/#organization\"},\"image\":{\"@id\":\"https:\/\/cleitonpinheiro.com.br\/site\/perdeu-o-prazo-da-declaracao-do-imposto-de-renda-saiba-o-que-fazer\/#primaryimage\"},\"thumbnailUrl\":\"https:\/\/cleitonpinheiro.com.br\/site\/wp-content\/uploads\/2025\/06\/mg_7839.webp\",\"articleSection\":[\"BRASIL \/ MUNDO\",\"NOT\u00cdCIAS EM DESTAQUE\",\"TODAS NOTICIAS\"],\"inLanguage\":\"pt-BR\",\"potentialAction\":[{\"@type\":\"CommentAction\",\"name\":\"Comment\",\"target\":[\"https:\/\/cleitonpinheiro.com.br\/site\/perdeu-o-prazo-da-declaracao-do-imposto-de-renda-saiba-o-que-fazer\/#respond\"]}]},{\"@type\":\"WebPage\",\"@id\":\"https:\/\/cleitonpinheiro.com.br\/site\/perdeu-o-prazo-da-declaracao-do-imposto-de-renda-saiba-o-que-fazer\/\",\"url\":\"https:\/\/cleitonpinheiro.com.br\/site\/perdeu-o-prazo-da-declaracao-do-imposto-de-renda-saiba-o-que-fazer\/\",\"name\":\"Perdeu o prazo da declara\u00e7\u00e3o do imposto de renda? Saiba o que fazer - PORTAL DE NOT\u00cdCIAS CLEITON PINHEIRO\",\"isPartOf\":{\"@id\":\"https:\/\/cleitonpinheiro.com.br\/site\/#website\"},\"primaryImageOfPage\":{\"@id\":\"https:\/\/cleitonpinheiro.com.br\/site\/perdeu-o-prazo-da-declaracao-do-imposto-de-renda-saiba-o-que-fazer\/#primaryimage\"},\"image\":{\"@id\":\"https:\/\/cleitonpinheiro.com.br\/site\/perdeu-o-prazo-da-declaracao-do-imposto-de-renda-saiba-o-que-fazer\/#primaryimage\"},\"thumbnailUrl\":\"https:\/\/cleitonpinheiro.com.br\/site\/wp-content\/uploads\/2025\/06\/mg_7839.webp\",\"datePublished\":\"2025-06-02T12:53:12+00:00\",\"dateModified\":\"2025-06-03T16:01:48+00:00\",\"breadcrumb\":{\"@id\":\"https:\/\/cleitonpinheiro.com.br\/site\/perdeu-o-prazo-da-declaracao-do-imposto-de-renda-saiba-o-que-fazer\/#breadcrumb\"},\"inLanguage\":\"pt-BR\",\"potentialAction\":[{\"@type\":\"ReadAction\",\"target\":[\"https:\/\/cleitonpinheiro.com.br\/site\/perdeu-o-prazo-da-declaracao-do-imposto-de-renda-saiba-o-que-fazer\/\"]}]},{\"@type\":\"ImageObject\",\"inLanguage\":\"pt-BR\",\"@id\":\"https:\/\/cleitonpinheiro.com.br\/site\/perdeu-o-prazo-da-declaracao-do-imposto-de-renda-saiba-o-que-fazer\/#primaryimage\",\"url\":\"https:\/\/cleitonpinheiro.com.br\/site\/wp-content\/uploads\/2025\/06\/mg_7839.webp\",\"contentUrl\":\"https:\/\/cleitonpinheiro.com.br\/site\/wp-content\/uploads\/2025\/06\/mg_7839.webp\",\"width\":1170,\"height\":700,\"caption\":\"\u00a9 Jo\u00e9dson Alves\/Ag\u00eancia Brasil\"},{\"@type\":\"BreadcrumbList\",\"@id\":\"https:\/\/cleitonpinheiro.com.br\/site\/perdeu-o-prazo-da-declaracao-do-imposto-de-renda-saiba-o-que-fazer\/#breadcrumb\",\"itemListElement\":[{\"@type\":\"ListItem\",\"position\":1,\"name\":\"In\u00edcio\",\"item\":\"https:\/\/cleitonpinheiro.com.br\/site\/\"},{\"@type\":\"ListItem\",\"position\":2,\"name\":\"Perdeu o prazo da declara\u00e7\u00e3o do imposto de renda? Saiba o que fazer\"}]},{\"@type\":\"WebSite\",\"@id\":\"https:\/\/cleitonpinheiro.com.br\/site\/#website\",\"url\":\"https:\/\/cleitonpinheiro.com.br\/site\/\",\"name\":\"PORTAL DE NOT\u00cdCIAS CLEITON PINHEIRO\",\"description\":\"FALANDO A VERDADE\",\"publisher\":{\"@id\":\"https:\/\/cleitonpinheiro.com.br\/site\/#organization\"},\"potentialAction\":[{\"@type\":\"SearchAction\",\"target\":{\"@type\":\"EntryPoint\",\"urlTemplate\":\"https:\/\/cleitonpinheiro.com.br\/site\/?s={search_term_string}\"},\"query-input\":{\"@type\":\"PropertyValueSpecification\",\"valueRequired\":true,\"valueName\":\"search_term_string\"}}],\"inLanguage\":\"pt-BR\"},{\"@type\":\"Organization\",\"@id\":\"https:\/\/cleitonpinheiro.com.br\/site\/#organization\",\"name\":\"CPNOT\u00cdCIAS\",\"url\":\"https:\/\/cleitonpinheiro.com.br\/site\/\",\"logo\":{\"@type\":\"ImageObject\",\"inLanguage\":\"pt-BR\",\"@id\":\"https:\/\/cleitonpinheiro.com.br\/site\/#\/schema\/logo\/image\/\",\"url\":\"https:\/\/cleitonpinheiro.com.br\/site\/wp-content\/uploads\/2022\/08\/Logo-pequena-2.png\",\"contentUrl\":\"https:\/\/cleitonpinheiro.com.br\/site\/wp-content\/uploads\/2022\/08\/Logo-pequena-2.png\",\"width\":500,\"height\":500,\"caption\":\"CPNOT\u00cdCIAS\"},\"image\":{\"@id\":\"https:\/\/cleitonpinheiro.com.br\/site\/#\/schema\/logo\/image\/\"},\"sameAs\":[\"https:\/\/www.facebook.com\/portalcpnoticias\/\"]},{\"@type\":\"Person\",\"@id\":\"https:\/\/cleitonpinheiro.com.br\/site\/#\/schema\/person\/8f04544e0bc40a1b68775b08360f87db\",\"name\":\"Reda\u00e7\u00e3o CP\",\"image\":{\"@type\":\"ImageObject\",\"inLanguage\":\"pt-BR\",\"@id\":\"https:\/\/cleitonpinheiro.com.br\/site\/#\/schema\/person\/image\/\",\"url\":\"https:\/\/secure.gravatar.com\/avatar\/0bcf19cb29fdc8fc588c490c7ae1b3e174dac268586a63fbe1d1893a0f9020cd?s=96&r=g\",\"contentUrl\":\"https:\/\/secure.gravatar.com\/avatar\/0bcf19cb29fdc8fc588c490c7ae1b3e174dac268586a63fbe1d1893a0f9020cd?s=96&r=g\",\"caption\":\"Reda\u00e7\u00e3o CP\"},\"url\":\"https:\/\/cleitonpinheiro.com.br\/site\/author\/redacao\/\"}]}<\/script>\n<!-- \/ Yoast SEO plugin. -->","yoast_head_json":{"title":"Perdeu o prazo da declara\u00e7\u00e3o do imposto de renda? Saiba o que fazer - PORTAL DE NOT\u00cdCIAS CLEITON PINHEIRO","robots":{"index":"index","follow":"follow","max-snippet":"max-snippet:-1","max-image-preview":"max-image-preview:large","max-video-preview":"max-video-preview:-1"},"canonical":"https:\/\/cleitonpinheiro.com.br\/site\/perdeu-o-prazo-da-declaracao-do-imposto-de-renda-saiba-o-que-fazer\/","og_locale":"pt_BR","og_type":"article","og_title":"Perdeu o prazo da declara\u00e7\u00e3o do imposto de renda? Saiba o que fazer - PORTAL DE NOT\u00cdCIAS CLEITON PINHEIRO","og_description":"Para quem perdeu o prazo para o envio da declara\u00e7\u00e3o de Imposto de Renda 2025, a dica \u00e9:&nbsp;buscar se acertar com o Le\u00e3o o quanto antes, j\u00e1 que o contribuinte fica sujeito a multa no valor m\u00ednimo de R$ 165,74, podendo chegar, no m\u00e1ximo, a 20% do valor do Imposto de Renda devido. Al\u00e9m da [&hellip;]","og_url":"https:\/\/cleitonpinheiro.com.br\/site\/perdeu-o-prazo-da-declaracao-do-imposto-de-renda-saiba-o-que-fazer\/","og_site_name":"PORTAL DE NOT\u00cdCIAS CLEITON PINHEIRO","article_publisher":"https:\/\/www.facebook.com\/portalcpnoticias\/","article_published_time":"2025-06-02T12:53:12+00:00","article_modified_time":"2025-06-03T16:01:48+00:00","og_image":[{"width":1170,"height":700,"url":"https:\/\/cleitonpinheiro.com.br\/site\/wp-content\/uploads\/2025\/06\/mg_7839.webp","type":"image\/webp"}],"author":"Reda\u00e7\u00e3o CP","twitter_card":"summary_large_image","twitter_misc":{"Escrito por":"Reda\u00e7\u00e3o CP","Est. tempo de leitura":"5 minutos"},"schema":{"@context":"https:\/\/schema.org","@graph":[{"@type":"Article","@id":"https:\/\/cleitonpinheiro.com.br\/site\/perdeu-o-prazo-da-declaracao-do-imposto-de-renda-saiba-o-que-fazer\/#article","isPartOf":{"@id":"https:\/\/cleitonpinheiro.com.br\/site\/perdeu-o-prazo-da-declaracao-do-imposto-de-renda-saiba-o-que-fazer\/"},"author":{"name":"Reda\u00e7\u00e3o CP","@id":"https:\/\/cleitonpinheiro.com.br\/site\/#\/schema\/person\/8f04544e0bc40a1b68775b08360f87db"},"headline":"Perdeu o prazo da declara\u00e7\u00e3o do imposto de renda? Saiba o que fazer","datePublished":"2025-06-02T12:53:12+00:00","dateModified":"2025-06-03T16:01:48+00:00","mainEntityOfPage":{"@id":"https:\/\/cleitonpinheiro.com.br\/site\/perdeu-o-prazo-da-declaracao-do-imposto-de-renda-saiba-o-que-fazer\/"},"wordCount":892,"commentCount":0,"publisher":{"@id":"https:\/\/cleitonpinheiro.com.br\/site\/#organization"},"image":{"@id":"https:\/\/cleitonpinheiro.com.br\/site\/perdeu-o-prazo-da-declaracao-do-imposto-de-renda-saiba-o-que-fazer\/#primaryimage"},"thumbnailUrl":"https:\/\/cleitonpinheiro.com.br\/site\/wp-content\/uploads\/2025\/06\/mg_7839.webp","articleSection":["BRASIL \/ MUNDO","NOT\u00cdCIAS EM DESTAQUE","TODAS NOTICIAS"],"inLanguage":"pt-BR","potentialAction":[{"@type":"CommentAction","name":"Comment","target":["https:\/\/cleitonpinheiro.com.br\/site\/perdeu-o-prazo-da-declaracao-do-imposto-de-renda-saiba-o-que-fazer\/#respond"]}]},{"@type":"WebPage","@id":"https:\/\/cleitonpinheiro.com.br\/site\/perdeu-o-prazo-da-declaracao-do-imposto-de-renda-saiba-o-que-fazer\/","url":"https:\/\/cleitonpinheiro.com.br\/site\/perdeu-o-prazo-da-declaracao-do-imposto-de-renda-saiba-o-que-fazer\/","name":"Perdeu o prazo da declara\u00e7\u00e3o do imposto de renda? Saiba o que fazer - PORTAL DE NOT\u00cdCIAS CLEITON PINHEIRO","isPartOf":{"@id":"https:\/\/cleitonpinheiro.com.br\/site\/#website"},"primaryImageOfPage":{"@id":"https:\/\/cleitonpinheiro.com.br\/site\/perdeu-o-prazo-da-declaracao-do-imposto-de-renda-saiba-o-que-fazer\/#primaryimage"},"image":{"@id":"https:\/\/cleitonpinheiro.com.br\/site\/perdeu-o-prazo-da-declaracao-do-imposto-de-renda-saiba-o-que-fazer\/#primaryimage"},"thumbnailUrl":"https:\/\/cleitonpinheiro.com.br\/site\/wp-content\/uploads\/2025\/06\/mg_7839.webp","datePublished":"2025-06-02T12:53:12+00:00","dateModified":"2025-06-03T16:01:48+00:00","breadcrumb":{"@id":"https:\/\/cleitonpinheiro.com.br\/site\/perdeu-o-prazo-da-declaracao-do-imposto-de-renda-saiba-o-que-fazer\/#breadcrumb"},"inLanguage":"pt-BR","potentialAction":[{"@type":"ReadAction","target":["https:\/\/cleitonpinheiro.com.br\/site\/perdeu-o-prazo-da-declaracao-do-imposto-de-renda-saiba-o-que-fazer\/"]}]},{"@type":"ImageObject","inLanguage":"pt-BR","@id":"https:\/\/cleitonpinheiro.com.br\/site\/perdeu-o-prazo-da-declaracao-do-imposto-de-renda-saiba-o-que-fazer\/#primaryimage","url":"https:\/\/cleitonpinheiro.com.br\/site\/wp-content\/uploads\/2025\/06\/mg_7839.webp","contentUrl":"https:\/\/cleitonpinheiro.com.br\/site\/wp-content\/uploads\/2025\/06\/mg_7839.webp","width":1170,"height":700,"caption":"\u00a9 Jo\u00e9dson Alves\/Ag\u00eancia Brasil"},{"@type":"BreadcrumbList","@id":"https:\/\/cleitonpinheiro.com.br\/site\/perdeu-o-prazo-da-declaracao-do-imposto-de-renda-saiba-o-que-fazer\/#breadcrumb","itemListElement":[{"@type":"ListItem","position":1,"name":"In\u00edcio","item":"https:\/\/cleitonpinheiro.com.br\/site\/"},{"@type":"ListItem","position":2,"name":"Perdeu o prazo da declara\u00e7\u00e3o do imposto de renda? Saiba o que fazer"}]},{"@type":"WebSite","@id":"https:\/\/cleitonpinheiro.com.br\/site\/#website","url":"https:\/\/cleitonpinheiro.com.br\/site\/","name":"PORTAL DE NOT\u00cdCIAS CLEITON PINHEIRO","description":"FALANDO A VERDADE","publisher":{"@id":"https:\/\/cleitonpinheiro.com.br\/site\/#organization"},"potentialAction":[{"@type":"SearchAction","target":{"@type":"EntryPoint","urlTemplate":"https:\/\/cleitonpinheiro.com.br\/site\/?s={search_term_string}"},"query-input":{"@type":"PropertyValueSpecification","valueRequired":true,"valueName":"search_term_string"}}],"inLanguage":"pt-BR"},{"@type":"Organization","@id":"https:\/\/cleitonpinheiro.com.br\/site\/#organization","name":"CPNOT\u00cdCIAS","url":"https:\/\/cleitonpinheiro.com.br\/site\/","logo":{"@type":"ImageObject","inLanguage":"pt-BR","@id":"https:\/\/cleitonpinheiro.com.br\/site\/#\/schema\/logo\/image\/","url":"https:\/\/cleitonpinheiro.com.br\/site\/wp-content\/uploads\/2022\/08\/Logo-pequena-2.png","contentUrl":"https:\/\/cleitonpinheiro.com.br\/site\/wp-content\/uploads\/2022\/08\/Logo-pequena-2.png","width":500,"height":500,"caption":"CPNOT\u00cdCIAS"},"image":{"@id":"https:\/\/cleitonpinheiro.com.br\/site\/#\/schema\/logo\/image\/"},"sameAs":["https:\/\/www.facebook.com\/portalcpnoticias\/"]},{"@type":"Person","@id":"https:\/\/cleitonpinheiro.com.br\/site\/#\/schema\/person\/8f04544e0bc40a1b68775b08360f87db","name":"Reda\u00e7\u00e3o CP","image":{"@type":"ImageObject","inLanguage":"pt-BR","@id":"https:\/\/cleitonpinheiro.com.br\/site\/#\/schema\/person\/image\/","url":"https:\/\/secure.gravatar.com\/avatar\/0bcf19cb29fdc8fc588c490c7ae1b3e174dac268586a63fbe1d1893a0f9020cd?s=96&r=g","contentUrl":"https:\/\/secure.gravatar.com\/avatar\/0bcf19cb29fdc8fc588c490c7ae1b3e174dac268586a63fbe1d1893a0f9020cd?s=96&r=g","caption":"Reda\u00e7\u00e3o CP"},"url":"https:\/\/cleitonpinheiro.com.br\/site\/author\/redacao\/"}]}},"views":118,"_links":{"self":[{"href":"https:\/\/cleitonpinheiro.com.br\/site\/wp-json\/wp\/v2\/posts\/85711","targetHints":{"allow":["GET"]}}],"collection":[{"href":"https:\/\/cleitonpinheiro.com.br\/site\/wp-json\/wp\/v2\/posts"}],"about":[{"href":"https:\/\/cleitonpinheiro.com.br\/site\/wp-json\/wp\/v2\/types\/post"}],"author":[{"embeddable":true,"href":"https:\/\/cleitonpinheiro.com.br\/site\/wp-json\/wp\/v2\/users\/13"}],"replies":[{"embeddable":true,"href":"https:\/\/cleitonpinheiro.com.br\/site\/wp-json\/wp\/v2\/comments?post=85711"}],"version-history":[{"count":1,"href":"https:\/\/cleitonpinheiro.com.br\/site\/wp-json\/wp\/v2\/posts\/85711\/revisions"}],"predecessor-version":[{"id":85713,"href":"https:\/\/cleitonpinheiro.com.br\/site\/wp-json\/wp\/v2\/posts\/85711\/revisions\/85713"}],"wp:featuredmedia":[{"embeddable":true,"href":"https:\/\/cleitonpinheiro.com.br\/site\/wp-json\/wp\/v2\/media\/85712"}],"wp:attachment":[{"href":"https:\/\/cleitonpinheiro.com.br\/site\/wp-json\/wp\/v2\/media?parent=85711"}],"wp:term":[{"taxonomy":"category","embeddable":true,"href":"https:\/\/cleitonpinheiro.com.br\/site\/wp-json\/wp\/v2\/categories?post=85711"},{"taxonomy":"post_tag","embeddable":true,"href":"https:\/\/cleitonpinheiro.com.br\/site\/wp-json\/wp\/v2\/tags?post=85711"}],"curies":[{"name":"wp","href":"https:\/\/api.w.org\/{rel}","templated":true}]}}