{"id":85719,"date":"2025-06-02T11:15:29","date_gmt":"2025-06-02T14:15:29","guid":{"rendered":"https:\/\/cleitonpinheiro.com.br\/site\/?p=85719"},"modified":"2025-06-02T11:15:34","modified_gmt":"2025-06-02T14:15:34","slug":"neymar-e-expulso-e-santos-perde-do-botafogo-na-vila-pelo-brasileirao","status":"publish","type":"post","link":"https:\/\/cleitonpinheiro.com.br\/site\/neymar-e-expulso-e-santos-perde-do-botafogo-na-vila-pelo-brasileirao\/","title":{"rendered":"Neymar \u00e9 expulso e Santos perde do Botafogo na Vila pelo Brasileir\u00e3o"},"content":{"rendered":"\n<figure class=\"wp-block-image size-full\"><img fetchpriority=\"high\" decoding=\"async\" width=\"960\" height=\"720\" src=\"https:\/\/cleitonpinheiro.com.br\/site\/wp-content\/uploads\/2025\/06\/tamanho-site-2.png\" alt=\"\" class=\"wp-image-85720\" srcset=\"https:\/\/cleitonpinheiro.com.br\/site\/wp-content\/uploads\/2025\/06\/tamanho-site-2.png 960w, https:\/\/cleitonpinheiro.com.br\/site\/wp-content\/uploads\/2025\/06\/tamanho-site-2-300x225.png 300w, https:\/\/cleitonpinheiro.com.br\/site\/wp-content\/uploads\/2025\/06\/tamanho-site-2-768x576.png 768w\" sizes=\"(max-width: 960px) 100vw, 960px\" \/><figcaption class=\"wp-element-caption\">Reprodu\u00e7\u00e3o<\/figcaption><\/figure>\n\n\n\n<p>A vit\u00f3ria do Botafogo sobre o Santos, por 1 a 0, na Vila Belmiro, pode ter sido o \u00faltimo jogo de Neymar pelo Peixe. O atacante, que tem contrato\u200b&nbsp;com o Alvinegro at\u00e9 30 de junho, foi expulso na partida deste domingo (1\u00ba), pela 11\u00aa rodada do Campeonato Brasileiro.<img decoding=\"async\" src=\"https:\/\/agenciabrasil.ebc.com.br\/ebc.png?id=1645077&amp;o=node\"><img decoding=\"async\" src=\"https:\/\/agenciabrasil.ebc.com.br\/ebc.gif?id=1645077&amp;o=node\"><\/p>\n\n\n\n<p>O cart\u00e3o vermelho veio aos 29 minutos do segundo tempo. Ap\u00f3s chute do atacante \u00c1lvaro Barreal e rebote do goleiro John, Neymar esticou a m\u00e3o e mandou a bola para o gol. O lance foi anulado e o camisa 10, que j\u00e1 tinha&nbsp;recebido um amarelo na etapa inicial, foi novamente punido, agora com a expuls\u00e3o.<\/p>\n\n\n\n<p>Neymar ainda teria uma \u00faltima partida, no pr\u00f3ximo dia 12, contra o Fortaleza, na Arena Castel\u00e3o, \u00e0s 19h30 (hor\u00e1rio de Bras\u00edlia). Por conta da expuls\u00e3o, como o Brasileir\u00e3o ser\u00e1 interrompido para a Copa do Mundo de Clubes da Federa\u00e7\u00e3o Internacional de Futebol (Fifa) e volta somente em julho, o atacante volta a vestir a camisa santista apenas se renovar o v\u00ednculo.<\/p>\n\n\n\n<p>Com um homem a mais, o Botafogo chegou ao gol aos 41 minutos do segundo tempo. O atacante Artur dominou pela ponta direita, lan\u00e7ou na \u00e1rea e a bola entrou direto, surpreendendo o goleiro Gabriel Braz\u00e3o. Foi o primeiro gol do time carioca como visitante no Brasileir\u00e3o.<\/p>\n\n\n\n<p>O Glorioso foi a 15 pontos, ocupando momentaneamente a oitava coloca\u00e7\u00e3o. O Santos, com oito pontos, est\u00e1 em 18\u00ba, na zona de rebaixamento, com somente duas vit\u00f3rias em 11 partidas.<\/p>\n\n\n\n<p>Em outro jogo deste domingo, o Gr\u00eamio venceu o Juventude por 2 a 0 no Est\u00e1dio Alfredo Jaconi, em Caxias do Sul (RS). O Tricolor chegou \u00e0 segunda vit\u00f3ria consecutiva &#8211; o que ainda n\u00e3o tinha acontecido nesta edi\u00e7\u00e3o &#8211; e atingiu 15 pontos, ficando provisoriamente na d\u00e9cima posi\u00e7\u00e3o. O Alviverde permanece na zona de rebaixamento, ocupando a 19\u00aa e pen\u00faltima coloca\u00e7\u00e3o, com oito pontos. A equipe n\u00e3o vence h\u00e1 oito rodadas.<\/p>\n\n\n\n<p>O Gr\u00eamio saiu na frente aos 12 minutos, em penalidade marcada com aux\u00edlio do \u00e1rbitro de v\u00eddeo. O goleiro Marc\u00e3o atingiu o rosto do zagueiro Walter Kannemann com o bra\u00e7o, na pequena \u00e1rea. O atacante Martin Braithwaite cobrou e mandou para as redes.<\/p>\n\n\n\n<p>O Juventude teve um p\u00eanalti a favor marcado aos 32 minutos, cometido pelo meia Cristian Oliveira no volante Mandaca, mas o lance foi anulado por impedimento na origem. Cinco minutos depois, o pr\u00f3prio Cristian Oliveira, no rebote de uma finaliza\u00e7\u00e3o do meia Franco Cristaldo, ampliou para os visitantes.<\/p>\n\n\n\n<p>Mais cedo neste domingo, o Mirassol chegou \u00e0 terceira vit\u00f3ria nos \u00faltimos quatro jogos ao bater o Sport por 1 a 0 no Est\u00e1dio Jos\u00e9 Maria de Campos Maia. O lateral Reinaldo, de p\u00eanalti, decretou o triunfo do Le\u00e3o do interior paulista, que foi a 17 pontos, em s\u00e9timo lugar. O Rubro-Negro pernambucano segue com tr\u00eas pontos, na lanterna.<\/p>\n\n\n\n<p>A 11\u00aa rodada do Brasileir\u00e3o teve in\u00edcio na noite de s\u00e1bado (31). Em Salvador, na Arena Fonte Nova, o Bahia derrotou o S\u00e3o Paulo por 2 a 1, com dois gols de William Jos\u00e9 &#8211; o tamb\u00e9m atacante Luciano descontou. O Esquadr\u00e3o de A\u00e7o foi a 18 pontos, provisoriamente na quinta posi\u00e7\u00e3o. O Tricolor Paulista, com 12 pontos, est\u00e1 em 13\u00ba, mas ainda pode ser ultrapassado no desenrolar do fim de semana.<\/p>\n\n\n\n<p>No Rio de Janeiro, o Red Bull Bragantino fez 2 a 0 no Vasco em S\u00e3o Janu\u00e1rio. O lateral Guilherme Lopes e o atacante Isidro Pitta anotaram os gols do Massa Bruta, que passou a madrugada de s\u00e1bado para domingo na ponta da tabela, com 23 pontos. O Cruzmaltino, com 10 pontos, est\u00e1 pr\u00f3ximo da zona de rebaixamento, em 15\u00ba.<\/p>\n\n\n\n<p>Texto: Lincoln Chaves &#8211; Rep\u00f3rter da EBC<\/p>\n","protected":false},"excerpt":{"rendered":"<p>A vit\u00f3ria do Botafogo sobre o Santos, por 1 a 0, na Vila Belmiro, pode ter sido o \u00faltimo jogo de Neymar pelo Peixe. O atacante, que tem contrato\u200b&nbsp;com o Alvinegro at\u00e9 30 de junho, foi expulso na partida deste domingo (1\u00ba), pela 11\u00aa rodada do Campeonato Brasileiro. O cart\u00e3o vermelho veio aos 29 minutos [&hellip;]<\/p>\n","protected":false},"author":13,"featured_media":85720,"comment_status":"open","ping_status":"open","sticky":false,"template":"","format":"standard","meta":{"_acf_changed":false,"footnotes":""},"categories":[1,20,21],"tags":[],"class_list":["post-85719","post","type-post","status-publish","format-standard","has-post-thumbnail","hentry","category-esporte","category-noticias-em-destaque","category-todas-noticias"],"acf":[],"yoast_head":"<!-- This site is optimized with the Yoast SEO plugin v24.4 - https:\/\/yoast.com\/wordpress\/plugins\/seo\/ -->\n<title>Neymar \u00e9 expulso e Santos perde do Botafogo na Vila pelo Brasileir\u00e3o - PORTAL DE NOT\u00cdCIAS CLEITON PINHEIRO<\/title>\n<meta name=\"robots\" content=\"index, follow, max-snippet:-1, max-image-preview:large, max-video-preview:-1\" \/>\n<link rel=\"canonical\" href=\"https:\/\/cleitonpinheiro.com.br\/site\/neymar-e-expulso-e-santos-perde-do-botafogo-na-vila-pelo-brasileirao\/\" \/>\n<meta property=\"og:locale\" content=\"pt_BR\" \/>\n<meta property=\"og:type\" content=\"article\" \/>\n<meta property=\"og:title\" content=\"Neymar \u00e9 expulso e Santos perde do Botafogo na Vila pelo Brasileir\u00e3o - PORTAL DE NOT\u00cdCIAS CLEITON PINHEIRO\" \/>\n<meta property=\"og:description\" content=\"A vit\u00f3ria do Botafogo sobre o Santos, por 1 a 0, na Vila Belmiro, pode ter sido o \u00faltimo jogo de Neymar pelo Peixe. O atacante, que tem contrato\u200b&nbsp;com o Alvinegro at\u00e9 30 de junho, foi expulso na partida deste domingo (1\u00ba), pela 11\u00aa rodada do Campeonato Brasileiro. O cart\u00e3o vermelho veio aos 29 minutos [&hellip;]\" \/>\n<meta property=\"og:url\" content=\"https:\/\/cleitonpinheiro.com.br\/site\/neymar-e-expulso-e-santos-perde-do-botafogo-na-vila-pelo-brasileirao\/\" \/>\n<meta property=\"og:site_name\" content=\"PORTAL DE NOT\u00cdCIAS CLEITON PINHEIRO\" \/>\n<meta property=\"article:publisher\" content=\"https:\/\/www.facebook.com\/portalcpnoticias\/\" \/>\n<meta property=\"article:published_time\" content=\"2025-06-02T14:15:29+00:00\" \/>\n<meta property=\"article:modified_time\" content=\"2025-06-02T14:15:34+00:00\" \/>\n<meta property=\"og:image\" content=\"https:\/\/cleitonpinheiro.com.br\/site\/wp-content\/uploads\/2025\/06\/tamanho-site-2.png\" \/>\n\t<meta property=\"og:image:width\" content=\"960\" \/>\n\t<meta property=\"og:image:height\" content=\"720\" \/>\n\t<meta property=\"og:image:type\" content=\"image\/png\" \/>\n<meta name=\"author\" content=\"Reda\u00e7\u00e3o CP\" \/>\n<meta name=\"twitter:card\" content=\"summary_large_image\" \/>\n<meta name=\"twitter:label1\" content=\"Escrito por\" \/>\n\t<meta name=\"twitter:data1\" content=\"Reda\u00e7\u00e3o CP\" \/>\n\t<meta name=\"twitter:label2\" content=\"Est. tempo de leitura\" \/>\n\t<meta name=\"twitter:data2\" content=\"5 minutos\" \/>\n<script type=\"application\/ld+json\" class=\"yoast-schema-graph\">{\"@context\":\"https:\/\/schema.org\",\"@graph\":[{\"@type\":\"Article\",\"@id\":\"https:\/\/cleitonpinheiro.com.br\/site\/neymar-e-expulso-e-santos-perde-do-botafogo-na-vila-pelo-brasileirao\/#article\",\"isPartOf\":{\"@id\":\"https:\/\/cleitonpinheiro.com.br\/site\/neymar-e-expulso-e-santos-perde-do-botafogo-na-vila-pelo-brasileirao\/\"},\"author\":{\"name\":\"Reda\u00e7\u00e3o CP\",\"@id\":\"https:\/\/cleitonpinheiro.com.br\/site\/#\/schema\/person\/8f04544e0bc40a1b68775b08360f87db\"},\"headline\":\"Neymar \u00e9 expulso e Santos perde do Botafogo na Vila pelo Brasileir\u00e3o\",\"datePublished\":\"2025-06-02T14:15:29+00:00\",\"dateModified\":\"2025-06-02T14:15:34+00:00\",\"mainEntityOfPage\":{\"@id\":\"https:\/\/cleitonpinheiro.com.br\/site\/neymar-e-expulso-e-santos-perde-do-botafogo-na-vila-pelo-brasileirao\/\"},\"wordCount\":640,\"commentCount\":0,\"publisher\":{\"@id\":\"https:\/\/cleitonpinheiro.com.br\/site\/#organization\"},\"image\":{\"@id\":\"https:\/\/cleitonpinheiro.com.br\/site\/neymar-e-expulso-e-santos-perde-do-botafogo-na-vila-pelo-brasileirao\/#primaryimage\"},\"thumbnailUrl\":\"https:\/\/cleitonpinheiro.com.br\/site\/wp-content\/uploads\/2025\/06\/tamanho-site-2.png\",\"articleSection\":[\"ESPORTE\",\"NOT\u00cdCIAS EM DESTAQUE\",\"TODAS NOTICIAS\"],\"inLanguage\":\"pt-BR\",\"potentialAction\":[{\"@type\":\"CommentAction\",\"name\":\"Comment\",\"target\":[\"https:\/\/cleitonpinheiro.com.br\/site\/neymar-e-expulso-e-santos-perde-do-botafogo-na-vila-pelo-brasileirao\/#respond\"]}]},{\"@type\":\"WebPage\",\"@id\":\"https:\/\/cleitonpinheiro.com.br\/site\/neymar-e-expulso-e-santos-perde-do-botafogo-na-vila-pelo-brasileirao\/\",\"url\":\"https:\/\/cleitonpinheiro.com.br\/site\/neymar-e-expulso-e-santos-perde-do-botafogo-na-vila-pelo-brasileirao\/\",\"name\":\"Neymar \u00e9 expulso e Santos perde do Botafogo na Vila pelo Brasileir\u00e3o - PORTAL DE NOT\u00cdCIAS CLEITON PINHEIRO\",\"isPartOf\":{\"@id\":\"https:\/\/cleitonpinheiro.com.br\/site\/#website\"},\"primaryImageOfPage\":{\"@id\":\"https:\/\/cleitonpinheiro.com.br\/site\/neymar-e-expulso-e-santos-perde-do-botafogo-na-vila-pelo-brasileirao\/#primaryimage\"},\"image\":{\"@id\":\"https:\/\/cleitonpinheiro.com.br\/site\/neymar-e-expulso-e-santos-perde-do-botafogo-na-vila-pelo-brasileirao\/#primaryimage\"},\"thumbnailUrl\":\"https:\/\/cleitonpinheiro.com.br\/site\/wp-content\/uploads\/2025\/06\/tamanho-site-2.png\",\"datePublished\":\"2025-06-02T14:15:29+00:00\",\"dateModified\":\"2025-06-02T14:15:34+00:00\",\"breadcrumb\":{\"@id\":\"https:\/\/cleitonpinheiro.com.br\/site\/neymar-e-expulso-e-santos-perde-do-botafogo-na-vila-pelo-brasileirao\/#breadcrumb\"},\"inLanguage\":\"pt-BR\",\"potentialAction\":[{\"@type\":\"ReadAction\",\"target\":[\"https:\/\/cleitonpinheiro.com.br\/site\/neymar-e-expulso-e-santos-perde-do-botafogo-na-vila-pelo-brasileirao\/\"]}]},{\"@type\":\"ImageObject\",\"inLanguage\":\"pt-BR\",\"@id\":\"https:\/\/cleitonpinheiro.com.br\/site\/neymar-e-expulso-e-santos-perde-do-botafogo-na-vila-pelo-brasileirao\/#primaryimage\",\"url\":\"https:\/\/cleitonpinheiro.com.br\/site\/wp-content\/uploads\/2025\/06\/tamanho-site-2.png\",\"contentUrl\":\"https:\/\/cleitonpinheiro.com.br\/site\/wp-content\/uploads\/2025\/06\/tamanho-site-2.png\",\"width\":960,\"height\":720,\"caption\":\"Reprodu\u00e7\u00e3o\"},{\"@type\":\"BreadcrumbList\",\"@id\":\"https:\/\/cleitonpinheiro.com.br\/site\/neymar-e-expulso-e-santos-perde-do-botafogo-na-vila-pelo-brasileirao\/#breadcrumb\",\"itemListElement\":[{\"@type\":\"ListItem\",\"position\":1,\"name\":\"In\u00edcio\",\"item\":\"https:\/\/cleitonpinheiro.com.br\/site\/\"},{\"@type\":\"ListItem\",\"position\":2,\"name\":\"Neymar \u00e9 expulso e Santos perde do Botafogo na Vila pelo Brasileir\u00e3o\"}]},{\"@type\":\"WebSite\",\"@id\":\"https:\/\/cleitonpinheiro.com.br\/site\/#website\",\"url\":\"https:\/\/cleitonpinheiro.com.br\/site\/\",\"name\":\"PORTAL DE NOT\u00cdCIAS CLEITON PINHEIRO\",\"description\":\"FALANDO A VERDADE\",\"publisher\":{\"@id\":\"https:\/\/cleitonpinheiro.com.br\/site\/#organization\"},\"potentialAction\":[{\"@type\":\"SearchAction\",\"target\":{\"@type\":\"EntryPoint\",\"urlTemplate\":\"https:\/\/cleitonpinheiro.com.br\/site\/?s={search_term_string}\"},\"query-input\":{\"@type\":\"PropertyValueSpecification\",\"valueRequired\":true,\"valueName\":\"search_term_string\"}}],\"inLanguage\":\"pt-BR\"},{\"@type\":\"Organization\",\"@id\":\"https:\/\/cleitonpinheiro.com.br\/site\/#organization\",\"name\":\"CPNOT\u00cdCIAS\",\"url\":\"https:\/\/cleitonpinheiro.com.br\/site\/\",\"logo\":{\"@type\":\"ImageObject\",\"inLanguage\":\"pt-BR\",\"@id\":\"https:\/\/cleitonpinheiro.com.br\/site\/#\/schema\/logo\/image\/\",\"url\":\"https:\/\/cleitonpinheiro.com.br\/site\/wp-content\/uploads\/2022\/08\/Logo-pequena-2.png\",\"contentUrl\":\"https:\/\/cleitonpinheiro.com.br\/site\/wp-content\/uploads\/2022\/08\/Logo-pequena-2.png\",\"width\":500,\"height\":500,\"caption\":\"CPNOT\u00cdCIAS\"},\"image\":{\"@id\":\"https:\/\/cleitonpinheiro.com.br\/site\/#\/schema\/logo\/image\/\"},\"sameAs\":[\"https:\/\/www.facebook.com\/portalcpnoticias\/\"]},{\"@type\":\"Person\",\"@id\":\"https:\/\/cleitonpinheiro.com.br\/site\/#\/schema\/person\/8f04544e0bc40a1b68775b08360f87db\",\"name\":\"Reda\u00e7\u00e3o CP\",\"image\":{\"@type\":\"ImageObject\",\"inLanguage\":\"pt-BR\",\"@id\":\"https:\/\/cleitonpinheiro.com.br\/site\/#\/schema\/person\/image\/\",\"url\":\"https:\/\/secure.gravatar.com\/avatar\/0bcf19cb29fdc8fc588c490c7ae1b3e174dac268586a63fbe1d1893a0f9020cd?s=96&r=g\",\"contentUrl\":\"https:\/\/secure.gravatar.com\/avatar\/0bcf19cb29fdc8fc588c490c7ae1b3e174dac268586a63fbe1d1893a0f9020cd?s=96&r=g\",\"caption\":\"Reda\u00e7\u00e3o CP\"},\"url\":\"https:\/\/cleitonpinheiro.com.br\/site\/author\/redacao\/\"}]}<\/script>\n<!-- \/ Yoast SEO plugin. -->","yoast_head_json":{"title":"Neymar \u00e9 expulso e Santos perde do Botafogo na Vila pelo Brasileir\u00e3o - PORTAL DE NOT\u00cdCIAS CLEITON PINHEIRO","robots":{"index":"index","follow":"follow","max-snippet":"max-snippet:-1","max-image-preview":"max-image-preview:large","max-video-preview":"max-video-preview:-1"},"canonical":"https:\/\/cleitonpinheiro.com.br\/site\/neymar-e-expulso-e-santos-perde-do-botafogo-na-vila-pelo-brasileirao\/","og_locale":"pt_BR","og_type":"article","og_title":"Neymar \u00e9 expulso e Santos perde do Botafogo na Vila pelo Brasileir\u00e3o - PORTAL DE NOT\u00cdCIAS CLEITON PINHEIRO","og_description":"A vit\u00f3ria do Botafogo sobre o Santos, por 1 a 0, na Vila Belmiro, pode ter sido o \u00faltimo jogo de Neymar pelo Peixe. O atacante, que tem contrato\u200b&nbsp;com o Alvinegro at\u00e9 30 de junho, foi expulso na partida deste domingo (1\u00ba), pela 11\u00aa rodada do Campeonato Brasileiro. O cart\u00e3o vermelho veio aos 29 minutos [&hellip;]","og_url":"https:\/\/cleitonpinheiro.com.br\/site\/neymar-e-expulso-e-santos-perde-do-botafogo-na-vila-pelo-brasileirao\/","og_site_name":"PORTAL DE NOT\u00cdCIAS CLEITON PINHEIRO","article_publisher":"https:\/\/www.facebook.com\/portalcpnoticias\/","article_published_time":"2025-06-02T14:15:29+00:00","article_modified_time":"2025-06-02T14:15:34+00:00","og_image":[{"width":960,"height":720,"url":"https:\/\/cleitonpinheiro.com.br\/site\/wp-content\/uploads\/2025\/06\/tamanho-site-2.png","type":"image\/png"}],"author":"Reda\u00e7\u00e3o CP","twitter_card":"summary_large_image","twitter_misc":{"Escrito por":"Reda\u00e7\u00e3o CP","Est. tempo de leitura":"5 minutos"},"schema":{"@context":"https:\/\/schema.org","@graph":[{"@type":"Article","@id":"https:\/\/cleitonpinheiro.com.br\/site\/neymar-e-expulso-e-santos-perde-do-botafogo-na-vila-pelo-brasileirao\/#article","isPartOf":{"@id":"https:\/\/cleitonpinheiro.com.br\/site\/neymar-e-expulso-e-santos-perde-do-botafogo-na-vila-pelo-brasileirao\/"},"author":{"name":"Reda\u00e7\u00e3o CP","@id":"https:\/\/cleitonpinheiro.com.br\/site\/#\/schema\/person\/8f04544e0bc40a1b68775b08360f87db"},"headline":"Neymar \u00e9 expulso e Santos perde do Botafogo na Vila pelo Brasileir\u00e3o","datePublished":"2025-06-02T14:15:29+00:00","dateModified":"2025-06-02T14:15:34+00:00","mainEntityOfPage":{"@id":"https:\/\/cleitonpinheiro.com.br\/site\/neymar-e-expulso-e-santos-perde-do-botafogo-na-vila-pelo-brasileirao\/"},"wordCount":640,"commentCount":0,"publisher":{"@id":"https:\/\/cleitonpinheiro.com.br\/site\/#organization"},"image":{"@id":"https:\/\/cleitonpinheiro.com.br\/site\/neymar-e-expulso-e-santos-perde-do-botafogo-na-vila-pelo-brasileirao\/#primaryimage"},"thumbnailUrl":"https:\/\/cleitonpinheiro.com.br\/site\/wp-content\/uploads\/2025\/06\/tamanho-site-2.png","articleSection":["ESPORTE","NOT\u00cdCIAS EM DESTAQUE","TODAS NOTICIAS"],"inLanguage":"pt-BR","potentialAction":[{"@type":"CommentAction","name":"Comment","target":["https:\/\/cleitonpinheiro.com.br\/site\/neymar-e-expulso-e-santos-perde-do-botafogo-na-vila-pelo-brasileirao\/#respond"]}]},{"@type":"WebPage","@id":"https:\/\/cleitonpinheiro.com.br\/site\/neymar-e-expulso-e-santos-perde-do-botafogo-na-vila-pelo-brasileirao\/","url":"https:\/\/cleitonpinheiro.com.br\/site\/neymar-e-expulso-e-santos-perde-do-botafogo-na-vila-pelo-brasileirao\/","name":"Neymar \u00e9 expulso e Santos perde do Botafogo na Vila pelo Brasileir\u00e3o - PORTAL DE NOT\u00cdCIAS CLEITON PINHEIRO","isPartOf":{"@id":"https:\/\/cleitonpinheiro.com.br\/site\/#website"},"primaryImageOfPage":{"@id":"https:\/\/cleitonpinheiro.com.br\/site\/neymar-e-expulso-e-santos-perde-do-botafogo-na-vila-pelo-brasileirao\/#primaryimage"},"image":{"@id":"https:\/\/cleitonpinheiro.com.br\/site\/neymar-e-expulso-e-santos-perde-do-botafogo-na-vila-pelo-brasileirao\/#primaryimage"},"thumbnailUrl":"https:\/\/cleitonpinheiro.com.br\/site\/wp-content\/uploads\/2025\/06\/tamanho-site-2.png","datePublished":"2025-06-02T14:15:29+00:00","dateModified":"2025-06-02T14:15:34+00:00","breadcrumb":{"@id":"https:\/\/cleitonpinheiro.com.br\/site\/neymar-e-expulso-e-santos-perde-do-botafogo-na-vila-pelo-brasileirao\/#breadcrumb"},"inLanguage":"pt-BR","potentialAction":[{"@type":"ReadAction","target":["https:\/\/cleitonpinheiro.com.br\/site\/neymar-e-expulso-e-santos-perde-do-botafogo-na-vila-pelo-brasileirao\/"]}]},{"@type":"ImageObject","inLanguage":"pt-BR","@id":"https:\/\/cleitonpinheiro.com.br\/site\/neymar-e-expulso-e-santos-perde-do-botafogo-na-vila-pelo-brasileirao\/#primaryimage","url":"https:\/\/cleitonpinheiro.com.br\/site\/wp-content\/uploads\/2025\/06\/tamanho-site-2.png","contentUrl":"https:\/\/cleitonpinheiro.com.br\/site\/wp-content\/uploads\/2025\/06\/tamanho-site-2.png","width":960,"height":720,"caption":"Reprodu\u00e7\u00e3o"},{"@type":"BreadcrumbList","@id":"https:\/\/cleitonpinheiro.com.br\/site\/neymar-e-expulso-e-santos-perde-do-botafogo-na-vila-pelo-brasileirao\/#breadcrumb","itemListElement":[{"@type":"ListItem","position":1,"name":"In\u00edcio","item":"https:\/\/cleitonpinheiro.com.br\/site\/"},{"@type":"ListItem","position":2,"name":"Neymar \u00e9 expulso e Santos perde do Botafogo na Vila pelo Brasileir\u00e3o"}]},{"@type":"WebSite","@id":"https:\/\/cleitonpinheiro.com.br\/site\/#website","url":"https:\/\/cleitonpinheiro.com.br\/site\/","name":"PORTAL DE NOT\u00cdCIAS CLEITON PINHEIRO","description":"FALANDO A VERDADE","publisher":{"@id":"https:\/\/cleitonpinheiro.com.br\/site\/#organization"},"potentialAction":[{"@type":"SearchAction","target":{"@type":"EntryPoint","urlTemplate":"https:\/\/cleitonpinheiro.com.br\/site\/?s={search_term_string}"},"query-input":{"@type":"PropertyValueSpecification","valueRequired":true,"valueName":"search_term_string"}}],"inLanguage":"pt-BR"},{"@type":"Organization","@id":"https:\/\/cleitonpinheiro.com.br\/site\/#organization","name":"CPNOT\u00cdCIAS","url":"https:\/\/cleitonpinheiro.com.br\/site\/","logo":{"@type":"ImageObject","inLanguage":"pt-BR","@id":"https:\/\/cleitonpinheiro.com.br\/site\/#\/schema\/logo\/image\/","url":"https:\/\/cleitonpinheiro.com.br\/site\/wp-content\/uploads\/2022\/08\/Logo-pequena-2.png","contentUrl":"https:\/\/cleitonpinheiro.com.br\/site\/wp-content\/uploads\/2022\/08\/Logo-pequena-2.png","width":500,"height":500,"caption":"CPNOT\u00cdCIAS"},"image":{"@id":"https:\/\/cleitonpinheiro.com.br\/site\/#\/schema\/logo\/image\/"},"sameAs":["https:\/\/www.facebook.com\/portalcpnoticias\/"]},{"@type":"Person","@id":"https:\/\/cleitonpinheiro.com.br\/site\/#\/schema\/person\/8f04544e0bc40a1b68775b08360f87db","name":"Reda\u00e7\u00e3o CP","image":{"@type":"ImageObject","inLanguage":"pt-BR","@id":"https:\/\/cleitonpinheiro.com.br\/site\/#\/schema\/person\/image\/","url":"https:\/\/secure.gravatar.com\/avatar\/0bcf19cb29fdc8fc588c490c7ae1b3e174dac268586a63fbe1d1893a0f9020cd?s=96&r=g","contentUrl":"https:\/\/secure.gravatar.com\/avatar\/0bcf19cb29fdc8fc588c490c7ae1b3e174dac268586a63fbe1d1893a0f9020cd?s=96&r=g","caption":"Reda\u00e7\u00e3o CP"},"url":"https:\/\/cleitonpinheiro.com.br\/site\/author\/redacao\/"}]}},"views":123,"_links":{"self":[{"href":"https:\/\/cleitonpinheiro.com.br\/site\/wp-json\/wp\/v2\/posts\/85719","targetHints":{"allow":["GET"]}}],"collection":[{"href":"https:\/\/cleitonpinheiro.com.br\/site\/wp-json\/wp\/v2\/posts"}],"about":[{"href":"https:\/\/cleitonpinheiro.com.br\/site\/wp-json\/wp\/v2\/types\/post"}],"author":[{"embeddable":true,"href":"https:\/\/cleitonpinheiro.com.br\/site\/wp-json\/wp\/v2\/users\/13"}],"replies":[{"embeddable":true,"href":"https:\/\/cleitonpinheiro.com.br\/site\/wp-json\/wp\/v2\/comments?post=85719"}],"version-history":[{"count":1,"href":"https:\/\/cleitonpinheiro.com.br\/site\/wp-json\/wp\/v2\/posts\/85719\/revisions"}],"predecessor-version":[{"id":85721,"href":"https:\/\/cleitonpinheiro.com.br\/site\/wp-json\/wp\/v2\/posts\/85719\/revisions\/85721"}],"wp:featuredmedia":[{"embeddable":true,"href":"https:\/\/cleitonpinheiro.com.br\/site\/wp-json\/wp\/v2\/media\/85720"}],"wp:attachment":[{"href":"https:\/\/cleitonpinheiro.com.br\/site\/wp-json\/wp\/v2\/media?parent=85719"}],"wp:term":[{"taxonomy":"category","embeddable":true,"href":"https:\/\/cleitonpinheiro.com.br\/site\/wp-json\/wp\/v2\/categories?post=85719"},{"taxonomy":"post_tag","embeddable":true,"href":"https:\/\/cleitonpinheiro.com.br\/site\/wp-json\/wp\/v2\/tags?post=85719"}],"curies":[{"name":"wp","href":"https:\/\/api.w.org\/{rel}","templated":true}]}}