{"id":85722,"date":"2025-06-02T11:17:29","date_gmt":"2025-06-02T14:17:29","guid":{"rendered":"https:\/\/cleitonpinheiro.com.br\/site\/?p=85722"},"modified":"2025-06-02T11:17:34","modified_gmt":"2025-06-02T14:17:34","slug":"forum-parlamentar-do-brics-em-brasilia-reune-delegacoes-de-15-paises","status":"publish","type":"post","link":"https:\/\/cleitonpinheiro.com.br\/site\/forum-parlamentar-do-brics-em-brasilia-reune-delegacoes-de-15-paises\/","title":{"rendered":"F\u00f3rum Parlamentar do Brics em Bras\u00edlia re\u00fane delega\u00e7\u00f5es de 15 pa\u00edses"},"content":{"rendered":"\n<figure class=\"wp-block-image size-large\"><img fetchpriority=\"high\" decoding=\"async\" width=\"1024\" height=\"613\" src=\"https:\/\/cleitonpinheiro.com.br\/site\/wp-content\/uploads\/2025\/01\/aa_923609-brics_1-1024x613.webp\" alt=\"\" class=\"wp-image-83936\" srcset=\"https:\/\/cleitonpinheiro.com.br\/site\/wp-content\/uploads\/2025\/01\/aa_923609-brics_1-1024x613.webp 1024w, https:\/\/cleitonpinheiro.com.br\/site\/wp-content\/uploads\/2025\/01\/aa_923609-brics_1-300x179.webp 300w, https:\/\/cleitonpinheiro.com.br\/site\/wp-content\/uploads\/2025\/01\/aa_923609-brics_1-768x459.webp 768w, https:\/\/cleitonpinheiro.com.br\/site\/wp-content\/uploads\/2025\/01\/aa_923609-brics_1.webp 1170w\" sizes=\"(max-width: 1024px) 100vw, 1024px\" \/><\/figure>\n\n\n\n<p>O Congresso Nacional promove nesta semana o 11\u00ba F\u00f3rum Parlamentar do Brics com a participa\u00e7\u00e3o de aproximadamente 150 deputados ou senadores de 15 na\u00e7\u00f5es. Al\u00e9m de parlamentares dos 11 membros permanentes do bloco, como \u00cdndia, China, R\u00fassia, \u00c1frica do Sul, Ir\u00e3 e Indon\u00e9sia, o encontro conta com delega\u00e7\u00f5es de&nbsp;pa\u00edses parceiros,&nbsp;como Cuba, Bol\u00edvia, Nig\u00e9ria, Cazaquist\u00e3o e Belarus.<img decoding=\"async\" src=\"https:\/\/agenciabrasil.ebc.com.br\/ebc.png?id=1645096&amp;o=node\"><img decoding=\"async\" src=\"https:\/\/agenciabrasil.ebc.com.br\/ebc.gif?id=1645096&amp;o=node\"><\/p>\n\n\n\n<p>Entre ter\u00e7a-feira (3) e quinta-feira (5), o parlamento brasileiro ser\u00e1 palco de debates internacionais sobre iniciativas legislativas na \u00e1rea de regula\u00e7\u00e3o da Intelig\u00eancia Artificial (IA), sa\u00fade global, crise clim\u00e1tica, desenvolvimento econ\u00f4mico, reforma na governan\u00e7a mundial para paz e seguran\u00e7a e sobre a participa\u00e7\u00e3o das mulheres nos diversos temas.<\/p>\n\n\n\n<p>O f\u00f3rum&nbsp;tem in\u00edcio com reuni\u00e3o de mulheres parlamentares do Brics, na ter\u00e7a-feira (2), para discutir a participa\u00e7\u00e3o feminina na era digital,&nbsp;no enfrentamento da crise clim\u00e1tica e como agentes e benefici\u00e1rias de financiamentos.<\/p>\n\n\n\n<p>Ainda na ter\u00e7a-feira, ocorre o encontro&nbsp;de&nbsp;presidentes das Comiss\u00f5es de Rela\u00e7\u00f5es Exteriores dos parlamentos do Brics, com debates sobre&nbsp;fortalecimento do com\u00e9rcio entre os pa\u00edses do bloco,&nbsp;promo\u00e7\u00e3o de investimentos e transfer\u00eancia de tecnologia para o desenvolvimento sustent\u00e1vel e de instrumentos financeiros para o bloco.<\/p>\n\n\n\n<p>As delega\u00e7\u00f5es do Brics chegam nesta&nbsp;quarta-feira (4) para a solenidade de abertura oficial do evento&nbsp;e&nbsp;foto oficial. A programa\u00e7\u00e3o completa pode ser conferida&nbsp;<a href=\"https:\/\/infograficos.camara.leg.br\/brics\/programa-provisorio\/\" target=\"_blank\" rel=\"noreferrer noopener\">aqui<\/a>.&nbsp;<\/p>\n\n\n\n<h2 class=\"wp-block-heading\">F\u00f3rum Parlamentar Brics<\/h2>\n\n\n\n<p>O&nbsp;<a href=\"https:\/\/agenciabrasil.ebc.com.br\/internacional\/noticia\/2024-12\/brasil-assume-presidencia-do-brics-em-meio-expansao-do-bloco\" target=\"_blank\" rel=\"noreferrer noopener\">Brasil preside o Brics em 2025<\/a>&nbsp;em meio \u00e0 expans\u00e3o do bloco&nbsp;que re\u00fane as principais economias emergentes do planeta. Inicialmente formado por Brasil, R\u00fassia, \u00cdndia, China e \u00c1frica do Sul, a coaliza\u00e7\u00e3o de pa\u00edses incluiu,&nbsp;no ano passado, como membros permanentes&nbsp;o Ir\u00e3, a Ar\u00e1bia Saudita, o Egito, a Eti\u00f3pia e o Emirados \u00c1rabes Unidos.&nbsp;<\/p>\n\n\n\n<p>Neste ano, foi a vez da Indon\u00e9sia ser inclu\u00edda como membro permanente. Al\u00e9m disso, em 2025, foi inaugurada&nbsp;a modalidade de<a href=\"https:\/\/agenciabrasil.ebc.com.br\/internacional\/noticia\/2025-01\/indonesia-no-brics-reduz-tensao-do-grupo-com-potencias-ocidentais\" target=\"_blank\" rel=\"noreferrer noopener\">&nbsp;membros parceiros<\/a>, com a inclus\u00e3o de nove pa\u00edses: Belarus, Bol\u00edvia, Cuba, Cazaquist\u00e3o, Mal\u00e1sia, Nig\u00e9ria, Tail\u00e2ndia, Uganda e Uzbequist\u00e3o.<\/p>\n\n\n\n<p>O F\u00f3rum Parlamentar do Brics come\u00e7ou em 2011, por iniciativa do Brasil, para reunir parlamentares com objetivo de alinhar iniciativas legislativas comuns e de interesses dos pa\u00edses membros.<\/p>\n\n\n\n<p>Com 40% da popula\u00e7\u00e3o mundial e somando 37% de economia do planeta, o Brics articula, entre suas demandas, a defesa de uma&nbsp;<a href=\"https:\/\/agenciabrasil.ebc.com.br\/economia\/noticia\/2024-10\/cupula-ampliada-do-brics-pede-maior-protagonismo-do-sul-global\" target=\"_blank\" rel=\"noreferrer noopener\">reforma na governan\u00e7a global<\/a>, com amplia\u00e7\u00e3o da representa\u00e7\u00e3o dos pa\u00edses da \u00c1sia, \u00c1frica e Am\u00e9rica Latina em \u00f3rg\u00e3os como o Conselho de Seguran\u00e7a da ONU, a Organiza\u00e7\u00e3o Mundial do Com\u00e9rcio (CMO) e institui\u00e7\u00f5es financeiras como Banco Mundial e Fundo Monet\u00e1rio Internacional (FMI).&nbsp;<\/p>\n\n\n\n<p>Texto: Lucas Pordeus Le\u00f3n &#8211; Rep\u00f3rter da Ag\u00eancia Brasil<\/p>\n","protected":false},"excerpt":{"rendered":"<p>O Congresso Nacional promove nesta semana o 11\u00ba F\u00f3rum Parlamentar do Brics com a participa\u00e7\u00e3o de aproximadamente 150 deputados ou senadores de 15 na\u00e7\u00f5es. Al\u00e9m de parlamentares dos 11 membros permanentes do bloco, como \u00cdndia, China, R\u00fassia, \u00c1frica do Sul, Ir\u00e3 e Indon\u00e9sia, o encontro conta com delega\u00e7\u00f5es de&nbsp;pa\u00edses parceiros,&nbsp;como Cuba, Bol\u00edvia, Nig\u00e9ria, Cazaquist\u00e3o e [&hellip;]<\/p>\n","protected":false},"author":13,"featured_media":83936,"comment_status":"open","ping_status":"open","sticky":false,"template":"","format":"standard","meta":{"_acf_changed":false,"footnotes":""},"categories":[19,898,21],"tags":[],"class_list":["post-85722","post","type-post","status-publish","format-standard","has-post-thumbnail","hentry","category-brasil-mundo","category-manchete-segundaria","category-todas-noticias"],"acf":[],"yoast_head":"<!-- This site is optimized with the Yoast SEO plugin v24.4 - https:\/\/yoast.com\/wordpress\/plugins\/seo\/ -->\n<title>F\u00f3rum Parlamentar do Brics em Bras\u00edlia re\u00fane delega\u00e7\u00f5es de 15 pa\u00edses - PORTAL DE NOT\u00cdCIAS CLEITON PINHEIRO<\/title>\n<meta name=\"robots\" content=\"index, follow, max-snippet:-1, max-image-preview:large, max-video-preview:-1\" \/>\n<link rel=\"canonical\" href=\"https:\/\/cleitonpinheiro.com.br\/site\/forum-parlamentar-do-brics-em-brasilia-reune-delegacoes-de-15-paises\/\" \/>\n<meta property=\"og:locale\" content=\"pt_BR\" \/>\n<meta property=\"og:type\" content=\"article\" \/>\n<meta property=\"og:title\" content=\"F\u00f3rum Parlamentar do Brics em Bras\u00edlia re\u00fane delega\u00e7\u00f5es de 15 pa\u00edses - PORTAL DE NOT\u00cdCIAS CLEITON PINHEIRO\" \/>\n<meta property=\"og:description\" content=\"O Congresso Nacional promove nesta semana o 11\u00ba F\u00f3rum Parlamentar do Brics com a participa\u00e7\u00e3o de aproximadamente 150 deputados ou senadores de 15 na\u00e7\u00f5es. Al\u00e9m de parlamentares dos 11 membros permanentes do bloco, como \u00cdndia, China, R\u00fassia, \u00c1frica do Sul, Ir\u00e3 e Indon\u00e9sia, o encontro conta com delega\u00e7\u00f5es de&nbsp;pa\u00edses parceiros,&nbsp;como Cuba, Bol\u00edvia, Nig\u00e9ria, Cazaquist\u00e3o e [&hellip;]\" \/>\n<meta property=\"og:url\" content=\"https:\/\/cleitonpinheiro.com.br\/site\/forum-parlamentar-do-brics-em-brasilia-reune-delegacoes-de-15-paises\/\" \/>\n<meta property=\"og:site_name\" content=\"PORTAL DE NOT\u00cdCIAS CLEITON PINHEIRO\" \/>\n<meta property=\"article:publisher\" content=\"https:\/\/www.facebook.com\/portalcpnoticias\/\" \/>\n<meta property=\"article:published_time\" content=\"2025-06-02T14:17:29+00:00\" \/>\n<meta property=\"article:modified_time\" content=\"2025-06-02T14:17:34+00:00\" \/>\n<meta property=\"og:image\" content=\"https:\/\/cleitonpinheiro.com.br\/site\/wp-content\/uploads\/2025\/01\/aa_923609-brics_1.webp\" \/>\n\t<meta property=\"og:image:width\" content=\"1170\" \/>\n\t<meta property=\"og:image:height\" content=\"700\" \/>\n\t<meta property=\"og:image:type\" content=\"image\/webp\" \/>\n<meta name=\"author\" content=\"Reda\u00e7\u00e3o CP\" \/>\n<meta name=\"twitter:card\" content=\"summary_large_image\" \/>\n<meta name=\"twitter:label1\" content=\"Escrito por\" \/>\n\t<meta name=\"twitter:data1\" content=\"Reda\u00e7\u00e3o CP\" \/>\n\t<meta name=\"twitter:label2\" content=\"Est. tempo de leitura\" \/>\n\t<meta name=\"twitter:data2\" content=\"4 minutos\" \/>\n<script type=\"application\/ld+json\" class=\"yoast-schema-graph\">{\"@context\":\"https:\/\/schema.org\",\"@graph\":[{\"@type\":\"Article\",\"@id\":\"https:\/\/cleitonpinheiro.com.br\/site\/forum-parlamentar-do-brics-em-brasilia-reune-delegacoes-de-15-paises\/#article\",\"isPartOf\":{\"@id\":\"https:\/\/cleitonpinheiro.com.br\/site\/forum-parlamentar-do-brics-em-brasilia-reune-delegacoes-de-15-paises\/\"},\"author\":{\"name\":\"Reda\u00e7\u00e3o CP\",\"@id\":\"https:\/\/cleitonpinheiro.com.br\/site\/#\/schema\/person\/8f04544e0bc40a1b68775b08360f87db\"},\"headline\":\"F\u00f3rum Parlamentar do Brics em Bras\u00edlia re\u00fane delega\u00e7\u00f5es de 15 pa\u00edses\",\"datePublished\":\"2025-06-02T14:17:29+00:00\",\"dateModified\":\"2025-06-02T14:17:34+00:00\",\"mainEntityOfPage\":{\"@id\":\"https:\/\/cleitonpinheiro.com.br\/site\/forum-parlamentar-do-brics-em-brasilia-reune-delegacoes-de-15-paises\/\"},\"wordCount\":510,\"commentCount\":0,\"publisher\":{\"@id\":\"https:\/\/cleitonpinheiro.com.br\/site\/#organization\"},\"image\":{\"@id\":\"https:\/\/cleitonpinheiro.com.br\/site\/forum-parlamentar-do-brics-em-brasilia-reune-delegacoes-de-15-paises\/#primaryimage\"},\"thumbnailUrl\":\"https:\/\/cleitonpinheiro.com.br\/site\/wp-content\/uploads\/2025\/01\/aa_923609-brics_1.webp\",\"articleSection\":[\"BRASIL \/ MUNDO\",\"MANCHETE SEGUND\u00c1RIA\",\"TODAS NOTICIAS\"],\"inLanguage\":\"pt-BR\",\"potentialAction\":[{\"@type\":\"CommentAction\",\"name\":\"Comment\",\"target\":[\"https:\/\/cleitonpinheiro.com.br\/site\/forum-parlamentar-do-brics-em-brasilia-reune-delegacoes-de-15-paises\/#respond\"]}]},{\"@type\":\"WebPage\",\"@id\":\"https:\/\/cleitonpinheiro.com.br\/site\/forum-parlamentar-do-brics-em-brasilia-reune-delegacoes-de-15-paises\/\",\"url\":\"https:\/\/cleitonpinheiro.com.br\/site\/forum-parlamentar-do-brics-em-brasilia-reune-delegacoes-de-15-paises\/\",\"name\":\"F\u00f3rum Parlamentar do Brics em Bras\u00edlia re\u00fane delega\u00e7\u00f5es de 15 pa\u00edses - PORTAL DE NOT\u00cdCIAS CLEITON PINHEIRO\",\"isPartOf\":{\"@id\":\"https:\/\/cleitonpinheiro.com.br\/site\/#website\"},\"primaryImageOfPage\":{\"@id\":\"https:\/\/cleitonpinheiro.com.br\/site\/forum-parlamentar-do-brics-em-brasilia-reune-delegacoes-de-15-paises\/#primaryimage\"},\"image\":{\"@id\":\"https:\/\/cleitonpinheiro.com.br\/site\/forum-parlamentar-do-brics-em-brasilia-reune-delegacoes-de-15-paises\/#primaryimage\"},\"thumbnailUrl\":\"https:\/\/cleitonpinheiro.com.br\/site\/wp-content\/uploads\/2025\/01\/aa_923609-brics_1.webp\",\"datePublished\":\"2025-06-02T14:17:29+00:00\",\"dateModified\":\"2025-06-02T14:17:34+00:00\",\"breadcrumb\":{\"@id\":\"https:\/\/cleitonpinheiro.com.br\/site\/forum-parlamentar-do-brics-em-brasilia-reune-delegacoes-de-15-paises\/#breadcrumb\"},\"inLanguage\":\"pt-BR\",\"potentialAction\":[{\"@type\":\"ReadAction\",\"target\":[\"https:\/\/cleitonpinheiro.com.br\/site\/forum-parlamentar-do-brics-em-brasilia-reune-delegacoes-de-15-paises\/\"]}]},{\"@type\":\"ImageObject\",\"inLanguage\":\"pt-BR\",\"@id\":\"https:\/\/cleitonpinheiro.com.br\/site\/forum-parlamentar-do-brics-em-brasilia-reune-delegacoes-de-15-paises\/#primaryimage\",\"url\":\"https:\/\/cleitonpinheiro.com.br\/site\/wp-content\/uploads\/2025\/01\/aa_923609-brics_1.webp\",\"contentUrl\":\"https:\/\/cleitonpinheiro.com.br\/site\/wp-content\/uploads\/2025\/01\/aa_923609-brics_1.webp\",\"width\":1170,\"height\":700},{\"@type\":\"BreadcrumbList\",\"@id\":\"https:\/\/cleitonpinheiro.com.br\/site\/forum-parlamentar-do-brics-em-brasilia-reune-delegacoes-de-15-paises\/#breadcrumb\",\"itemListElement\":[{\"@type\":\"ListItem\",\"position\":1,\"name\":\"In\u00edcio\",\"item\":\"https:\/\/cleitonpinheiro.com.br\/site\/\"},{\"@type\":\"ListItem\",\"position\":2,\"name\":\"F\u00f3rum Parlamentar do Brics em Bras\u00edlia re\u00fane delega\u00e7\u00f5es de 15 pa\u00edses\"}]},{\"@type\":\"WebSite\",\"@id\":\"https:\/\/cleitonpinheiro.com.br\/site\/#website\",\"url\":\"https:\/\/cleitonpinheiro.com.br\/site\/\",\"name\":\"PORTAL DE NOT\u00cdCIAS CLEITON PINHEIRO\",\"description\":\"FALANDO A VERDADE\",\"publisher\":{\"@id\":\"https:\/\/cleitonpinheiro.com.br\/site\/#organization\"},\"potentialAction\":[{\"@type\":\"SearchAction\",\"target\":{\"@type\":\"EntryPoint\",\"urlTemplate\":\"https:\/\/cleitonpinheiro.com.br\/site\/?s={search_term_string}\"},\"query-input\":{\"@type\":\"PropertyValueSpecification\",\"valueRequired\":true,\"valueName\":\"search_term_string\"}}],\"inLanguage\":\"pt-BR\"},{\"@type\":\"Organization\",\"@id\":\"https:\/\/cleitonpinheiro.com.br\/site\/#organization\",\"name\":\"CPNOT\u00cdCIAS\",\"url\":\"https:\/\/cleitonpinheiro.com.br\/site\/\",\"logo\":{\"@type\":\"ImageObject\",\"inLanguage\":\"pt-BR\",\"@id\":\"https:\/\/cleitonpinheiro.com.br\/site\/#\/schema\/logo\/image\/\",\"url\":\"https:\/\/cleitonpinheiro.com.br\/site\/wp-content\/uploads\/2022\/08\/Logo-pequena-2.png\",\"contentUrl\":\"https:\/\/cleitonpinheiro.com.br\/site\/wp-content\/uploads\/2022\/08\/Logo-pequena-2.png\",\"width\":500,\"height\":500,\"caption\":\"CPNOT\u00cdCIAS\"},\"image\":{\"@id\":\"https:\/\/cleitonpinheiro.com.br\/site\/#\/schema\/logo\/image\/\"},\"sameAs\":[\"https:\/\/www.facebook.com\/portalcpnoticias\/\"]},{\"@type\":\"Person\",\"@id\":\"https:\/\/cleitonpinheiro.com.br\/site\/#\/schema\/person\/8f04544e0bc40a1b68775b08360f87db\",\"name\":\"Reda\u00e7\u00e3o CP\",\"image\":{\"@type\":\"ImageObject\",\"inLanguage\":\"pt-BR\",\"@id\":\"https:\/\/cleitonpinheiro.com.br\/site\/#\/schema\/person\/image\/\",\"url\":\"https:\/\/secure.gravatar.com\/avatar\/0bcf19cb29fdc8fc588c490c7ae1b3e174dac268586a63fbe1d1893a0f9020cd?s=96&r=g\",\"contentUrl\":\"https:\/\/secure.gravatar.com\/avatar\/0bcf19cb29fdc8fc588c490c7ae1b3e174dac268586a63fbe1d1893a0f9020cd?s=96&r=g\",\"caption\":\"Reda\u00e7\u00e3o CP\"},\"url\":\"https:\/\/cleitonpinheiro.com.br\/site\/author\/redacao\/\"}]}<\/script>\n<!-- \/ Yoast SEO plugin. -->","yoast_head_json":{"title":"F\u00f3rum Parlamentar do Brics em Bras\u00edlia re\u00fane delega\u00e7\u00f5es de 15 pa\u00edses - PORTAL DE NOT\u00cdCIAS CLEITON PINHEIRO","robots":{"index":"index","follow":"follow","max-snippet":"max-snippet:-1","max-image-preview":"max-image-preview:large","max-video-preview":"max-video-preview:-1"},"canonical":"https:\/\/cleitonpinheiro.com.br\/site\/forum-parlamentar-do-brics-em-brasilia-reune-delegacoes-de-15-paises\/","og_locale":"pt_BR","og_type":"article","og_title":"F\u00f3rum Parlamentar do Brics em Bras\u00edlia re\u00fane delega\u00e7\u00f5es de 15 pa\u00edses - PORTAL DE NOT\u00cdCIAS CLEITON PINHEIRO","og_description":"O Congresso Nacional promove nesta semana o 11\u00ba F\u00f3rum Parlamentar do Brics com a participa\u00e7\u00e3o de aproximadamente 150 deputados ou senadores de 15 na\u00e7\u00f5es. Al\u00e9m de parlamentares dos 11 membros permanentes do bloco, como \u00cdndia, China, R\u00fassia, \u00c1frica do Sul, Ir\u00e3 e Indon\u00e9sia, o encontro conta com delega\u00e7\u00f5es de&nbsp;pa\u00edses parceiros,&nbsp;como Cuba, Bol\u00edvia, Nig\u00e9ria, Cazaquist\u00e3o e [&hellip;]","og_url":"https:\/\/cleitonpinheiro.com.br\/site\/forum-parlamentar-do-brics-em-brasilia-reune-delegacoes-de-15-paises\/","og_site_name":"PORTAL DE NOT\u00cdCIAS CLEITON PINHEIRO","article_publisher":"https:\/\/www.facebook.com\/portalcpnoticias\/","article_published_time":"2025-06-02T14:17:29+00:00","article_modified_time":"2025-06-02T14:17:34+00:00","og_image":[{"width":1170,"height":700,"url":"https:\/\/cleitonpinheiro.com.br\/site\/wp-content\/uploads\/2025\/01\/aa_923609-brics_1.webp","type":"image\/webp"}],"author":"Reda\u00e7\u00e3o CP","twitter_card":"summary_large_image","twitter_misc":{"Escrito por":"Reda\u00e7\u00e3o CP","Est. tempo de leitura":"4 minutos"},"schema":{"@context":"https:\/\/schema.org","@graph":[{"@type":"Article","@id":"https:\/\/cleitonpinheiro.com.br\/site\/forum-parlamentar-do-brics-em-brasilia-reune-delegacoes-de-15-paises\/#article","isPartOf":{"@id":"https:\/\/cleitonpinheiro.com.br\/site\/forum-parlamentar-do-brics-em-brasilia-reune-delegacoes-de-15-paises\/"},"author":{"name":"Reda\u00e7\u00e3o CP","@id":"https:\/\/cleitonpinheiro.com.br\/site\/#\/schema\/person\/8f04544e0bc40a1b68775b08360f87db"},"headline":"F\u00f3rum Parlamentar do Brics em Bras\u00edlia re\u00fane delega\u00e7\u00f5es de 15 pa\u00edses","datePublished":"2025-06-02T14:17:29+00:00","dateModified":"2025-06-02T14:17:34+00:00","mainEntityOfPage":{"@id":"https:\/\/cleitonpinheiro.com.br\/site\/forum-parlamentar-do-brics-em-brasilia-reune-delegacoes-de-15-paises\/"},"wordCount":510,"commentCount":0,"publisher":{"@id":"https:\/\/cleitonpinheiro.com.br\/site\/#organization"},"image":{"@id":"https:\/\/cleitonpinheiro.com.br\/site\/forum-parlamentar-do-brics-em-brasilia-reune-delegacoes-de-15-paises\/#primaryimage"},"thumbnailUrl":"https:\/\/cleitonpinheiro.com.br\/site\/wp-content\/uploads\/2025\/01\/aa_923609-brics_1.webp","articleSection":["BRASIL \/ MUNDO","MANCHETE SEGUND\u00c1RIA","TODAS NOTICIAS"],"inLanguage":"pt-BR","potentialAction":[{"@type":"CommentAction","name":"Comment","target":["https:\/\/cleitonpinheiro.com.br\/site\/forum-parlamentar-do-brics-em-brasilia-reune-delegacoes-de-15-paises\/#respond"]}]},{"@type":"WebPage","@id":"https:\/\/cleitonpinheiro.com.br\/site\/forum-parlamentar-do-brics-em-brasilia-reune-delegacoes-de-15-paises\/","url":"https:\/\/cleitonpinheiro.com.br\/site\/forum-parlamentar-do-brics-em-brasilia-reune-delegacoes-de-15-paises\/","name":"F\u00f3rum Parlamentar do Brics em Bras\u00edlia re\u00fane delega\u00e7\u00f5es de 15 pa\u00edses - PORTAL DE NOT\u00cdCIAS CLEITON PINHEIRO","isPartOf":{"@id":"https:\/\/cleitonpinheiro.com.br\/site\/#website"},"primaryImageOfPage":{"@id":"https:\/\/cleitonpinheiro.com.br\/site\/forum-parlamentar-do-brics-em-brasilia-reune-delegacoes-de-15-paises\/#primaryimage"},"image":{"@id":"https:\/\/cleitonpinheiro.com.br\/site\/forum-parlamentar-do-brics-em-brasilia-reune-delegacoes-de-15-paises\/#primaryimage"},"thumbnailUrl":"https:\/\/cleitonpinheiro.com.br\/site\/wp-content\/uploads\/2025\/01\/aa_923609-brics_1.webp","datePublished":"2025-06-02T14:17:29+00:00","dateModified":"2025-06-02T14:17:34+00:00","breadcrumb":{"@id":"https:\/\/cleitonpinheiro.com.br\/site\/forum-parlamentar-do-brics-em-brasilia-reune-delegacoes-de-15-paises\/#breadcrumb"},"inLanguage":"pt-BR","potentialAction":[{"@type":"ReadAction","target":["https:\/\/cleitonpinheiro.com.br\/site\/forum-parlamentar-do-brics-em-brasilia-reune-delegacoes-de-15-paises\/"]}]},{"@type":"ImageObject","inLanguage":"pt-BR","@id":"https:\/\/cleitonpinheiro.com.br\/site\/forum-parlamentar-do-brics-em-brasilia-reune-delegacoes-de-15-paises\/#primaryimage","url":"https:\/\/cleitonpinheiro.com.br\/site\/wp-content\/uploads\/2025\/01\/aa_923609-brics_1.webp","contentUrl":"https:\/\/cleitonpinheiro.com.br\/site\/wp-content\/uploads\/2025\/01\/aa_923609-brics_1.webp","width":1170,"height":700},{"@type":"BreadcrumbList","@id":"https:\/\/cleitonpinheiro.com.br\/site\/forum-parlamentar-do-brics-em-brasilia-reune-delegacoes-de-15-paises\/#breadcrumb","itemListElement":[{"@type":"ListItem","position":1,"name":"In\u00edcio","item":"https:\/\/cleitonpinheiro.com.br\/site\/"},{"@type":"ListItem","position":2,"name":"F\u00f3rum Parlamentar do Brics em Bras\u00edlia re\u00fane delega\u00e7\u00f5es de 15 pa\u00edses"}]},{"@type":"WebSite","@id":"https:\/\/cleitonpinheiro.com.br\/site\/#website","url":"https:\/\/cleitonpinheiro.com.br\/site\/","name":"PORTAL DE NOT\u00cdCIAS CLEITON PINHEIRO","description":"FALANDO A VERDADE","publisher":{"@id":"https:\/\/cleitonpinheiro.com.br\/site\/#organization"},"potentialAction":[{"@type":"SearchAction","target":{"@type":"EntryPoint","urlTemplate":"https:\/\/cleitonpinheiro.com.br\/site\/?s={search_term_string}"},"query-input":{"@type":"PropertyValueSpecification","valueRequired":true,"valueName":"search_term_string"}}],"inLanguage":"pt-BR"},{"@type":"Organization","@id":"https:\/\/cleitonpinheiro.com.br\/site\/#organization","name":"CPNOT\u00cdCIAS","url":"https:\/\/cleitonpinheiro.com.br\/site\/","logo":{"@type":"ImageObject","inLanguage":"pt-BR","@id":"https:\/\/cleitonpinheiro.com.br\/site\/#\/schema\/logo\/image\/","url":"https:\/\/cleitonpinheiro.com.br\/site\/wp-content\/uploads\/2022\/08\/Logo-pequena-2.png","contentUrl":"https:\/\/cleitonpinheiro.com.br\/site\/wp-content\/uploads\/2022\/08\/Logo-pequena-2.png","width":500,"height":500,"caption":"CPNOT\u00cdCIAS"},"image":{"@id":"https:\/\/cleitonpinheiro.com.br\/site\/#\/schema\/logo\/image\/"},"sameAs":["https:\/\/www.facebook.com\/portalcpnoticias\/"]},{"@type":"Person","@id":"https:\/\/cleitonpinheiro.com.br\/site\/#\/schema\/person\/8f04544e0bc40a1b68775b08360f87db","name":"Reda\u00e7\u00e3o CP","image":{"@type":"ImageObject","inLanguage":"pt-BR","@id":"https:\/\/cleitonpinheiro.com.br\/site\/#\/schema\/person\/image\/","url":"https:\/\/secure.gravatar.com\/avatar\/0bcf19cb29fdc8fc588c490c7ae1b3e174dac268586a63fbe1d1893a0f9020cd?s=96&r=g","contentUrl":"https:\/\/secure.gravatar.com\/avatar\/0bcf19cb29fdc8fc588c490c7ae1b3e174dac268586a63fbe1d1893a0f9020cd?s=96&r=g","caption":"Reda\u00e7\u00e3o CP"},"url":"https:\/\/cleitonpinheiro.com.br\/site\/author\/redacao\/"}]}},"views":118,"_links":{"self":[{"href":"https:\/\/cleitonpinheiro.com.br\/site\/wp-json\/wp\/v2\/posts\/85722","targetHints":{"allow":["GET"]}}],"collection":[{"href":"https:\/\/cleitonpinheiro.com.br\/site\/wp-json\/wp\/v2\/posts"}],"about":[{"href":"https:\/\/cleitonpinheiro.com.br\/site\/wp-json\/wp\/v2\/types\/post"}],"author":[{"embeddable":true,"href":"https:\/\/cleitonpinheiro.com.br\/site\/wp-json\/wp\/v2\/users\/13"}],"replies":[{"embeddable":true,"href":"https:\/\/cleitonpinheiro.com.br\/site\/wp-json\/wp\/v2\/comments?post=85722"}],"version-history":[{"count":1,"href":"https:\/\/cleitonpinheiro.com.br\/site\/wp-json\/wp\/v2\/posts\/85722\/revisions"}],"predecessor-version":[{"id":85723,"href":"https:\/\/cleitonpinheiro.com.br\/site\/wp-json\/wp\/v2\/posts\/85722\/revisions\/85723"}],"wp:featuredmedia":[{"embeddable":true,"href":"https:\/\/cleitonpinheiro.com.br\/site\/wp-json\/wp\/v2\/media\/83936"}],"wp:attachment":[{"href":"https:\/\/cleitonpinheiro.com.br\/site\/wp-json\/wp\/v2\/media?parent=85722"}],"wp:term":[{"taxonomy":"category","embeddable":true,"href":"https:\/\/cleitonpinheiro.com.br\/site\/wp-json\/wp\/v2\/categories?post=85722"},{"taxonomy":"post_tag","embeddable":true,"href":"https:\/\/cleitonpinheiro.com.br\/site\/wp-json\/wp\/v2\/tags?post=85722"}],"curies":[{"name":"wp","href":"https:\/\/api.w.org\/{rel}","templated":true}]}}