{"id":85730,"date":"2025-06-02T11:53:13","date_gmt":"2025-06-02T14:53:13","guid":{"rendered":"https:\/\/cleitonpinheiro.com.br\/site\/?p=85730"},"modified":"2025-06-02T11:53:20","modified_gmt":"2025-06-02T14:53:20","slug":"nascidos-em-novembro-e-dezembro-recebem-hoje-parcela-do-pe-de-meia","status":"publish","type":"post","link":"https:\/\/cleitonpinheiro.com.br\/site\/nascidos-em-novembro-e-dezembro-recebem-hoje-parcela-do-pe-de-meia\/","title":{"rendered":"Nascidos em novembro e dezembro recebem hoje parcela do P\u00e9-de-Meia"},"content":{"rendered":"\n<figure class=\"wp-block-image size-large\"><img fetchpriority=\"high\" decoding=\"async\" width=\"1024\" height=\"613\" src=\"https:\/\/cleitonpinheiro.com.br\/site\/wp-content\/uploads\/2025\/06\/0d4a4629_0-1024x613.webp\" alt=\"\" class=\"wp-image-85731\" srcset=\"https:\/\/cleitonpinheiro.com.br\/site\/wp-content\/uploads\/2025\/06\/0d4a4629_0-1024x613.webp 1024w, https:\/\/cleitonpinheiro.com.br\/site\/wp-content\/uploads\/2025\/06\/0d4a4629_0-300x179.webp 300w, https:\/\/cleitonpinheiro.com.br\/site\/wp-content\/uploads\/2025\/06\/0d4a4629_0-768x459.webp 768w, https:\/\/cleitonpinheiro.com.br\/site\/wp-content\/uploads\/2025\/06\/0d4a4629_0.webp 1170w\" sizes=\"(max-width: 1024px) 100vw, 1024px\" \/><figcaption class=\"wp-element-caption\">\u00a9 Ant\u00f4nio Cruz\/Ag\u00eancia Brasil\n<\/figcaption><\/figure>\n\n\n\n<p><strong>Os participantes do programa P\u00e9-de-Meia de 2025 nascidos nos meses de setembro e outubro recebem nesta segunda-feira (2) o pagamento da segunda parcela do incentivo-frequ\u00eancia<\/strong>. Se somada ao incentivo-matr\u00edcula, esta j\u00e1 \u00e9 a terceira parcela paga em 2025 pelo programa federal.<img decoding=\"async\" src=\"https:\/\/agenciabrasil.ebc.com.br\/ebc.png?id=1644185&amp;o=node\"><img decoding=\"async\" src=\"https:\/\/agenciabrasil.ebc.com.br\/ebc.gif?id=1644185&amp;o=node\"><\/p>\n\n\n\n<p>Para ter direito ao benef\u00edcio de R$ 200, os&nbsp;<strong>estudantes da rede p\u00fablica que est\u00e3o matriculados no ensino m\u00e9dio regular ou na Educa\u00e7\u00e3o de Jovens e Adultos (EJA) devem ter frequ\u00eancia m\u00ednima de 80%<\/strong>&nbsp;das aulas no m\u00eas de refer\u00eancia.<\/p>\n\n\n\n<p>Os&nbsp;<strong>pagamentos do segundo incentivo-frequ\u00eancia do ano come\u00e7aram em 26 de maio<\/strong>, conforme o m\u00eas de nascimento dos estudantes que est\u00e3o matriculados em uma das tr\u00eas s\u00e9ries do ensino m\u00e9dio da rede p\u00fablica de ensino.<\/p>\n\n\n\n<p><strong>De acordo com a Caixa Econ\u00f4mica Federal, cerca de 3,4 milh\u00f5es de estudantes receber\u00e3o o incentivo do programa federal, no valor de R$ 200<\/strong>. O banco \u00e9 o respons\u00e1vel pela gest\u00e3o dos recursos repassados pelo Minist\u00e9rio da Educa\u00e7\u00e3o (MEC).<br><br><a href=\"https:\/\/www.whatsapp.com\/channel\/0029VaoRTgrInlqYLSk59B2M\" target=\"_blank\" rel=\"noreferrer noopener\">&gt;&gt; Siga o canal da<strong>&nbsp;Ag\u00eancia Brasil<\/strong>&nbsp;no WhatsApp<\/a><\/p>\n\n\n\n<h2 class=\"wp-block-heading\">Dep\u00f3sitos<\/h2>\n\n\n\n<p>A segunda parcela do benef\u00edcio ser\u00e1 depositada na conta poupan\u00e7a da Caixa, aberta automaticamente em nome do estudante. Os&nbsp;<strong>valores poder\u00e3o ser movimentados pelo aplicativo Caixa Tem ou sacados, se\u202fo aluno tiver\u202f18 anos ou mais<\/strong>.<\/p>\n\n\n\n<p><strong>No caso de estudante menor de idade,\u202fser\u00e1\u202fnecess\u00e1rio que o respons\u00e1vel legal autorize\u202fa\u202fmovimenta\u00e7\u00e3o financeira<\/strong>. Esse consentimento poder\u00e1 ser\u202ffeito no pr\u00f3prio aplicativo ou em uma ag\u00eancia banc\u00e1ria da Caixa Econ\u00f4mica Federal.<\/p>\n\n\n\n<h2 class=\"wp-block-heading\">Quem tem direito<\/h2>\n\n\n\n<p>O programa \u00e9 gratuito e n\u00e3o requer que o estudante se inscreva ou se cadastre para participar.&nbsp;<strong>Todo estudante que se encaixe nos crit\u00e9rios do P\u00e9-de-Meia foi automaticamente inclu\u00eddo na chamada \u201cpoupan\u00e7a do ensino m\u00e9dio\u201d<\/strong>.<\/p>\n\n\n\n<p>O MEC explica que o pr\u00f3prio governo federal cruza as informa\u00e7\u00f5es\u202fde\u202fmatr\u00edcula (transmitidas pelos sistemas\u202fde\u202fensino estaduais, distrital e municipais e pelas institui\u00e7\u00f5es federais que ofertam o ensino m\u00e9dio) com os dados do Cadastro \u00danico para Programas Sociais (Cad\u00danico) do governo federal e confere se aquele estudante pode receber o incentivo.<\/p>\n\n\n\n<p><a href=\"https:\/\/agenciabrasil.ebc.com.br\/educacao\/noticia\/2025-02\/saiba-quem-tem-direito-ao-pe-de-meia-e-como-acessar-o-programa\" target=\"_blank\" rel=\"noreferrer noopener\">Confira aqui quem tem direito ao P\u00e9-de-Meia<\/a>.<\/p>\n\n\n\n<h2 class=\"wp-block-heading\">Informa\u00e7\u00f5es<\/h2>\n\n\n\n<p><strong>Para obter informa\u00e7\u00f5es sobre o&nbsp;<em>status<\/em>&nbsp;de cada pagamento \u2013 se rejeitado ou aprovado \u2013, o estudante deve consultar o aplicativo&nbsp;<a href=\"https:\/\/www.gov.br\/mec\/pt-br\/jornadadoestudante\" target=\"_blank\" rel=\"noreferrer noopener\">Jornada do Estudante<\/a>.&nbsp;<\/strong><\/p>\n\n\n\n<p>A ferramenta foi criada pelo Minist\u00e9rio da Educa\u00e7\u00e3o (MEC) para acompanhar registros estudantis e de documentos digitais relacionados \u00e0 trajet\u00f3ria escolar do aluno, desde o primeiro ingresso em estabelecimento de ensino at\u00e9 os n\u00edveis superiores da educa\u00e7\u00e3o.<\/p>\n\n\n\n<p>As informa\u00e7\u00f5es relativas ao pagamento do benef\u00edcio tamb\u00e9m podem ser consultadas no aplicativo&nbsp;<a href=\"https:\/\/play.google.com\/store\/apps\/details?id=br.gov.caixa.tem&amp;hl=pt_BR\" target=\"_blank\" rel=\"noreferrer noopener\">Caixa Tem<\/a>&nbsp;ou&nbsp;<a href=\"https:\/\/play.google.com\/store\/apps\/details?id=br.gov.caixa.trabalhador&amp;hl=pt_BR\" target=\"_blank\" rel=\"noreferrer noopener\">Benef\u00edcios Sociais<\/a>.<\/p>\n\n\n\n<h2 class=\"wp-block-heading\">Notifica\u00e7\u00f5es de inativos<\/h2>\n\n\n\n<p>Na \u00faltima semana, o Minist\u00e9rio da Educa\u00e7\u00e3o (MEC) enviou mensagens pelo aplicativo Whatsapp e por caixa postal do aplicativo Gov.br para mais de 655 mil participantes do P\u00e9-de-Meia que ainda n\u00e3o haviam acessado suas contas banc\u00e1rias, onde j\u00e1 foram depositadas as outras parcelas do programa.<\/p>\n\n\n\n<p><strong>De acordo com o MEC, em seguida, o estudante receber\u00e1, pelos mesmos canais, uma mensagem perguntando se ele deseja continuar recebendo mensagens relacionadas ao P\u00e9-de-Meia<\/strong>.<\/p>\n\n\n\n<h2 class=\"wp-block-heading\">O programa<\/h2>\n\n\n\n<p>O P\u00e9-de-Meia \u00e9 um programa de incentivo financeiro-educacional voltado a estudantes matriculados no ensino m\u00e9dio p\u00fablico, que s\u00e3o benefici\u00e1rios do Cad\u00danico.<\/p>\n\n\n\n<p><strong>A iniciativa funciona como uma poupan\u00e7a para promover a perman\u00eancia e a conclus\u00e3o escolar de estudantes nessa etapa de ensino.<\/strong><\/p>\n\n\n\n<p>Al\u00e9m do incentivo-matr\u00edcula de R$ 200&nbsp;<a href=\"https:\/\/agenciabrasil.ebc.com.br\/educacao\/noticia\/2025-03\/pe-de-meia-1a-parcela-de-2025-e-paga-partir-desta-segunda-feira\" target=\"_blank\" rel=\"noreferrer noopener\">recebido no in\u00edcio de abril<\/a>, os participantes do programa do ensino regular\u202freceber\u00e3o nove\u202fparcelas de mesmo valor, no decorrer do ano, relativas \u00e0 frequ\u00eancia \u00e0s aulas.<\/p>\n\n\n\n<p>Ap\u00f3s a conclus\u00e3o do ensino m\u00e9dio, o programa prev\u00ea ainda uma parcela b\u00f4nus de R$ 200 para os estudantes do \u00faltimo ano, que realizarem os dois dias de provas do Exame Nacional do Ensino M\u00e9dio (Enem) 2025.<br>&nbsp;<\/p>\n\n\n\n<figure class=\"wp-block-image\"><img decoding=\"async\" src=\"https:\/\/imagens.ebc.com.br\/LYyICrPBuHlb6j5RZMUo_RuIadg=\/754x0\/smart\/https:\/\/agenciabrasil.ebc.com.br\/sites\/default\/files\/thumbnails\/image\/pe_de_meia_ensino_medio_2.png?itok=Y_tkcUsz\" alt=\"arte poupan\u00e7a ensino m\u00e9dio, p\u00e9-de-meia\" title=\"Arte\/Ag\u00eancia Brasil\"\/><\/figure>\n\n\n\n<p>O incentivo de conclus\u00e3o do programa P\u00e9-de-Meia \u00e9 um dep\u00f3sito de R$ 1 mil por ano letivo conclu\u00eddo com aprova\u00e7\u00e3o. Esse valor, que totaliza R$ 3 mil ao longo dos tr\u00eas anos do ensino m\u00e9dio, \u00e9 direcionado a uma poupan\u00e7a do estudante e s\u00f3 pode ser sacada ap\u00f3s a formatura.<\/p>\n\n\n\n<p><strong>Caso o estudante comprove a participa\u00e7\u00e3o no Enem no ano de conclus\u00e3o do 3\u00ba ano, ainda ser\u00e1 concedido o valor adicional de R$ 200 em parcela \u00fanica.<\/strong><\/p>\n\n\n\n<p>Desta forma, a soma do\u202fincentivo financeiro-educacional pode alcan\u00e7ar R$ 9,2 mil por aluno, ao fim do ensino m\u00e9dio.<\/p>\n\n\n\n<p>Texto: Daniella Almeida \u2013 Rep\u00f3rter da Ag\u00eancia Brasil<\/p>\n","protected":false},"excerpt":{"rendered":"<p>Os participantes do programa P\u00e9-de-Meia de 2025 nascidos nos meses de setembro e outubro recebem nesta segunda-feira (2) o pagamento da segunda parcela do incentivo-frequ\u00eancia. Se somada ao incentivo-matr\u00edcula, esta j\u00e1 \u00e9 a terceira parcela paga em 2025 pelo programa federal. Para ter direito ao benef\u00edcio de R$ 200, os&nbsp;estudantes da rede p\u00fablica que est\u00e3o [&hellip;]<\/p>\n","protected":false},"author":13,"featured_media":85731,"comment_status":"open","ping_status":"open","sticky":false,"template":"","format":"standard","meta":{"_acf_changed":false,"footnotes":""},"categories":[19,20,21],"tags":[],"class_list":["post-85730","post","type-post","status-publish","format-standard","has-post-thumbnail","hentry","category-brasil-mundo","category-noticias-em-destaque","category-todas-noticias"],"acf":[],"yoast_head":"<!-- This site is optimized with the Yoast SEO plugin v24.4 - https:\/\/yoast.com\/wordpress\/plugins\/seo\/ -->\n<title>Nascidos em novembro e dezembro recebem hoje parcela do P\u00e9-de-Meia - PORTAL DE NOT\u00cdCIAS CLEITON PINHEIRO<\/title>\n<meta name=\"robots\" content=\"index, follow, max-snippet:-1, max-image-preview:large, max-video-preview:-1\" \/>\n<link rel=\"canonical\" href=\"https:\/\/cleitonpinheiro.com.br\/site\/nascidos-em-novembro-e-dezembro-recebem-hoje-parcela-do-pe-de-meia\/\" \/>\n<meta property=\"og:locale\" content=\"pt_BR\" \/>\n<meta property=\"og:type\" content=\"article\" \/>\n<meta property=\"og:title\" content=\"Nascidos em novembro e dezembro recebem hoje parcela do P\u00e9-de-Meia - PORTAL DE NOT\u00cdCIAS CLEITON PINHEIRO\" \/>\n<meta property=\"og:description\" content=\"Os participantes do programa P\u00e9-de-Meia de 2025 nascidos nos meses de setembro e outubro recebem nesta segunda-feira (2) o pagamento da segunda parcela do incentivo-frequ\u00eancia. Se somada ao incentivo-matr\u00edcula, esta j\u00e1 \u00e9 a terceira parcela paga em 2025 pelo programa federal. Para ter direito ao benef\u00edcio de R$ 200, os&nbsp;estudantes da rede p\u00fablica que est\u00e3o [&hellip;]\" \/>\n<meta property=\"og:url\" content=\"https:\/\/cleitonpinheiro.com.br\/site\/nascidos-em-novembro-e-dezembro-recebem-hoje-parcela-do-pe-de-meia\/\" \/>\n<meta property=\"og:site_name\" content=\"PORTAL DE NOT\u00cdCIAS CLEITON PINHEIRO\" \/>\n<meta property=\"article:publisher\" content=\"https:\/\/www.facebook.com\/portalcpnoticias\/\" \/>\n<meta property=\"article:published_time\" content=\"2025-06-02T14:53:13+00:00\" \/>\n<meta property=\"article:modified_time\" content=\"2025-06-02T14:53:20+00:00\" \/>\n<meta property=\"og:image\" content=\"https:\/\/cleitonpinheiro.com.br\/site\/wp-content\/uploads\/2025\/06\/0d4a4629_0.webp\" \/>\n\t<meta property=\"og:image:width\" content=\"1170\" \/>\n\t<meta property=\"og:image:height\" content=\"700\" \/>\n\t<meta property=\"og:image:type\" content=\"image\/webp\" \/>\n<meta name=\"author\" content=\"Reda\u00e7\u00e3o CP\" \/>\n<meta name=\"twitter:card\" content=\"summary_large_image\" \/>\n<meta name=\"twitter:label1\" content=\"Escrito por\" \/>\n\t<meta name=\"twitter:data1\" content=\"Reda\u00e7\u00e3o CP\" \/>\n\t<meta name=\"twitter:label2\" content=\"Est. tempo de leitura\" \/>\n\t<meta name=\"twitter:data2\" content=\"5 minutos\" \/>\n<script type=\"application\/ld+json\" class=\"yoast-schema-graph\">{\"@context\":\"https:\/\/schema.org\",\"@graph\":[{\"@type\":\"Article\",\"@id\":\"https:\/\/cleitonpinheiro.com.br\/site\/nascidos-em-novembro-e-dezembro-recebem-hoje-parcela-do-pe-de-meia\/#article\",\"isPartOf\":{\"@id\":\"https:\/\/cleitonpinheiro.com.br\/site\/nascidos-em-novembro-e-dezembro-recebem-hoje-parcela-do-pe-de-meia\/\"},\"author\":{\"name\":\"Reda\u00e7\u00e3o CP\",\"@id\":\"https:\/\/cleitonpinheiro.com.br\/site\/#\/schema\/person\/8f04544e0bc40a1b68775b08360f87db\"},\"headline\":\"Nascidos em novembro e dezembro recebem hoje parcela do P\u00e9-de-Meia\",\"datePublished\":\"2025-06-02T14:53:13+00:00\",\"dateModified\":\"2025-06-02T14:53:20+00:00\",\"mainEntityOfPage\":{\"@id\":\"https:\/\/cleitonpinheiro.com.br\/site\/nascidos-em-novembro-e-dezembro-recebem-hoje-parcela-do-pe-de-meia\/\"},\"wordCount\":814,\"commentCount\":0,\"publisher\":{\"@id\":\"https:\/\/cleitonpinheiro.com.br\/site\/#organization\"},\"image\":{\"@id\":\"https:\/\/cleitonpinheiro.com.br\/site\/nascidos-em-novembro-e-dezembro-recebem-hoje-parcela-do-pe-de-meia\/#primaryimage\"},\"thumbnailUrl\":\"https:\/\/cleitonpinheiro.com.br\/site\/wp-content\/uploads\/2025\/06\/0d4a4629_0.webp\",\"articleSection\":[\"BRASIL \/ MUNDO\",\"NOT\u00cdCIAS EM DESTAQUE\",\"TODAS NOTICIAS\"],\"inLanguage\":\"pt-BR\",\"potentialAction\":[{\"@type\":\"CommentAction\",\"name\":\"Comment\",\"target\":[\"https:\/\/cleitonpinheiro.com.br\/site\/nascidos-em-novembro-e-dezembro-recebem-hoje-parcela-do-pe-de-meia\/#respond\"]}]},{\"@type\":\"WebPage\",\"@id\":\"https:\/\/cleitonpinheiro.com.br\/site\/nascidos-em-novembro-e-dezembro-recebem-hoje-parcela-do-pe-de-meia\/\",\"url\":\"https:\/\/cleitonpinheiro.com.br\/site\/nascidos-em-novembro-e-dezembro-recebem-hoje-parcela-do-pe-de-meia\/\",\"name\":\"Nascidos em novembro e dezembro recebem hoje parcela do P\u00e9-de-Meia - PORTAL DE NOT\u00cdCIAS CLEITON PINHEIRO\",\"isPartOf\":{\"@id\":\"https:\/\/cleitonpinheiro.com.br\/site\/#website\"},\"primaryImageOfPage\":{\"@id\":\"https:\/\/cleitonpinheiro.com.br\/site\/nascidos-em-novembro-e-dezembro-recebem-hoje-parcela-do-pe-de-meia\/#primaryimage\"},\"image\":{\"@id\":\"https:\/\/cleitonpinheiro.com.br\/site\/nascidos-em-novembro-e-dezembro-recebem-hoje-parcela-do-pe-de-meia\/#primaryimage\"},\"thumbnailUrl\":\"https:\/\/cleitonpinheiro.com.br\/site\/wp-content\/uploads\/2025\/06\/0d4a4629_0.webp\",\"datePublished\":\"2025-06-02T14:53:13+00:00\",\"dateModified\":\"2025-06-02T14:53:20+00:00\",\"breadcrumb\":{\"@id\":\"https:\/\/cleitonpinheiro.com.br\/site\/nascidos-em-novembro-e-dezembro-recebem-hoje-parcela-do-pe-de-meia\/#breadcrumb\"},\"inLanguage\":\"pt-BR\",\"potentialAction\":[{\"@type\":\"ReadAction\",\"target\":[\"https:\/\/cleitonpinheiro.com.br\/site\/nascidos-em-novembro-e-dezembro-recebem-hoje-parcela-do-pe-de-meia\/\"]}]},{\"@type\":\"ImageObject\",\"inLanguage\":\"pt-BR\",\"@id\":\"https:\/\/cleitonpinheiro.com.br\/site\/nascidos-em-novembro-e-dezembro-recebem-hoje-parcela-do-pe-de-meia\/#primaryimage\",\"url\":\"https:\/\/cleitonpinheiro.com.br\/site\/wp-content\/uploads\/2025\/06\/0d4a4629_0.webp\",\"contentUrl\":\"https:\/\/cleitonpinheiro.com.br\/site\/wp-content\/uploads\/2025\/06\/0d4a4629_0.webp\",\"width\":1170,\"height\":700,\"caption\":\"\u00a9 Ant\u00f4nio Cruz\/Ag\u00eancia Brasil\"},{\"@type\":\"BreadcrumbList\",\"@id\":\"https:\/\/cleitonpinheiro.com.br\/site\/nascidos-em-novembro-e-dezembro-recebem-hoje-parcela-do-pe-de-meia\/#breadcrumb\",\"itemListElement\":[{\"@type\":\"ListItem\",\"position\":1,\"name\":\"In\u00edcio\",\"item\":\"https:\/\/cleitonpinheiro.com.br\/site\/\"},{\"@type\":\"ListItem\",\"position\":2,\"name\":\"Nascidos em novembro e dezembro recebem hoje parcela do P\u00e9-de-Meia\"}]},{\"@type\":\"WebSite\",\"@id\":\"https:\/\/cleitonpinheiro.com.br\/site\/#website\",\"url\":\"https:\/\/cleitonpinheiro.com.br\/site\/\",\"name\":\"PORTAL DE NOT\u00cdCIAS CLEITON PINHEIRO\",\"description\":\"FALANDO A VERDADE\",\"publisher\":{\"@id\":\"https:\/\/cleitonpinheiro.com.br\/site\/#organization\"},\"potentialAction\":[{\"@type\":\"SearchAction\",\"target\":{\"@type\":\"EntryPoint\",\"urlTemplate\":\"https:\/\/cleitonpinheiro.com.br\/site\/?s={search_term_string}\"},\"query-input\":{\"@type\":\"PropertyValueSpecification\",\"valueRequired\":true,\"valueName\":\"search_term_string\"}}],\"inLanguage\":\"pt-BR\"},{\"@type\":\"Organization\",\"@id\":\"https:\/\/cleitonpinheiro.com.br\/site\/#organization\",\"name\":\"CPNOT\u00cdCIAS\",\"url\":\"https:\/\/cleitonpinheiro.com.br\/site\/\",\"logo\":{\"@type\":\"ImageObject\",\"inLanguage\":\"pt-BR\",\"@id\":\"https:\/\/cleitonpinheiro.com.br\/site\/#\/schema\/logo\/image\/\",\"url\":\"https:\/\/cleitonpinheiro.com.br\/site\/wp-content\/uploads\/2022\/08\/Logo-pequena-2.png\",\"contentUrl\":\"https:\/\/cleitonpinheiro.com.br\/site\/wp-content\/uploads\/2022\/08\/Logo-pequena-2.png\",\"width\":500,\"height\":500,\"caption\":\"CPNOT\u00cdCIAS\"},\"image\":{\"@id\":\"https:\/\/cleitonpinheiro.com.br\/site\/#\/schema\/logo\/image\/\"},\"sameAs\":[\"https:\/\/www.facebook.com\/portalcpnoticias\/\"]},{\"@type\":\"Person\",\"@id\":\"https:\/\/cleitonpinheiro.com.br\/site\/#\/schema\/person\/8f04544e0bc40a1b68775b08360f87db\",\"name\":\"Reda\u00e7\u00e3o CP\",\"image\":{\"@type\":\"ImageObject\",\"inLanguage\":\"pt-BR\",\"@id\":\"https:\/\/cleitonpinheiro.com.br\/site\/#\/schema\/person\/image\/\",\"url\":\"https:\/\/secure.gravatar.com\/avatar\/0bcf19cb29fdc8fc588c490c7ae1b3e174dac268586a63fbe1d1893a0f9020cd?s=96&r=g\",\"contentUrl\":\"https:\/\/secure.gravatar.com\/avatar\/0bcf19cb29fdc8fc588c490c7ae1b3e174dac268586a63fbe1d1893a0f9020cd?s=96&r=g\",\"caption\":\"Reda\u00e7\u00e3o CP\"},\"url\":\"https:\/\/cleitonpinheiro.com.br\/site\/author\/redacao\/\"}]}<\/script>\n<!-- \/ Yoast SEO plugin. -->","yoast_head_json":{"title":"Nascidos em novembro e dezembro recebem hoje parcela do P\u00e9-de-Meia - PORTAL DE NOT\u00cdCIAS CLEITON PINHEIRO","robots":{"index":"index","follow":"follow","max-snippet":"max-snippet:-1","max-image-preview":"max-image-preview:large","max-video-preview":"max-video-preview:-1"},"canonical":"https:\/\/cleitonpinheiro.com.br\/site\/nascidos-em-novembro-e-dezembro-recebem-hoje-parcela-do-pe-de-meia\/","og_locale":"pt_BR","og_type":"article","og_title":"Nascidos em novembro e dezembro recebem hoje parcela do P\u00e9-de-Meia - PORTAL DE NOT\u00cdCIAS CLEITON PINHEIRO","og_description":"Os participantes do programa P\u00e9-de-Meia de 2025 nascidos nos meses de setembro e outubro recebem nesta segunda-feira (2) o pagamento da segunda parcela do incentivo-frequ\u00eancia. Se somada ao incentivo-matr\u00edcula, esta j\u00e1 \u00e9 a terceira parcela paga em 2025 pelo programa federal. Para ter direito ao benef\u00edcio de R$ 200, os&nbsp;estudantes da rede p\u00fablica que est\u00e3o [&hellip;]","og_url":"https:\/\/cleitonpinheiro.com.br\/site\/nascidos-em-novembro-e-dezembro-recebem-hoje-parcela-do-pe-de-meia\/","og_site_name":"PORTAL DE NOT\u00cdCIAS CLEITON PINHEIRO","article_publisher":"https:\/\/www.facebook.com\/portalcpnoticias\/","article_published_time":"2025-06-02T14:53:13+00:00","article_modified_time":"2025-06-02T14:53:20+00:00","og_image":[{"width":1170,"height":700,"url":"https:\/\/cleitonpinheiro.com.br\/site\/wp-content\/uploads\/2025\/06\/0d4a4629_0.webp","type":"image\/webp"}],"author":"Reda\u00e7\u00e3o CP","twitter_card":"summary_large_image","twitter_misc":{"Escrito por":"Reda\u00e7\u00e3o CP","Est. tempo de leitura":"5 minutos"},"schema":{"@context":"https:\/\/schema.org","@graph":[{"@type":"Article","@id":"https:\/\/cleitonpinheiro.com.br\/site\/nascidos-em-novembro-e-dezembro-recebem-hoje-parcela-do-pe-de-meia\/#article","isPartOf":{"@id":"https:\/\/cleitonpinheiro.com.br\/site\/nascidos-em-novembro-e-dezembro-recebem-hoje-parcela-do-pe-de-meia\/"},"author":{"name":"Reda\u00e7\u00e3o CP","@id":"https:\/\/cleitonpinheiro.com.br\/site\/#\/schema\/person\/8f04544e0bc40a1b68775b08360f87db"},"headline":"Nascidos em novembro e dezembro recebem hoje parcela do P\u00e9-de-Meia","datePublished":"2025-06-02T14:53:13+00:00","dateModified":"2025-06-02T14:53:20+00:00","mainEntityOfPage":{"@id":"https:\/\/cleitonpinheiro.com.br\/site\/nascidos-em-novembro-e-dezembro-recebem-hoje-parcela-do-pe-de-meia\/"},"wordCount":814,"commentCount":0,"publisher":{"@id":"https:\/\/cleitonpinheiro.com.br\/site\/#organization"},"image":{"@id":"https:\/\/cleitonpinheiro.com.br\/site\/nascidos-em-novembro-e-dezembro-recebem-hoje-parcela-do-pe-de-meia\/#primaryimage"},"thumbnailUrl":"https:\/\/cleitonpinheiro.com.br\/site\/wp-content\/uploads\/2025\/06\/0d4a4629_0.webp","articleSection":["BRASIL \/ MUNDO","NOT\u00cdCIAS EM DESTAQUE","TODAS NOTICIAS"],"inLanguage":"pt-BR","potentialAction":[{"@type":"CommentAction","name":"Comment","target":["https:\/\/cleitonpinheiro.com.br\/site\/nascidos-em-novembro-e-dezembro-recebem-hoje-parcela-do-pe-de-meia\/#respond"]}]},{"@type":"WebPage","@id":"https:\/\/cleitonpinheiro.com.br\/site\/nascidos-em-novembro-e-dezembro-recebem-hoje-parcela-do-pe-de-meia\/","url":"https:\/\/cleitonpinheiro.com.br\/site\/nascidos-em-novembro-e-dezembro-recebem-hoje-parcela-do-pe-de-meia\/","name":"Nascidos em novembro e dezembro recebem hoje parcela do P\u00e9-de-Meia - PORTAL DE NOT\u00cdCIAS CLEITON PINHEIRO","isPartOf":{"@id":"https:\/\/cleitonpinheiro.com.br\/site\/#website"},"primaryImageOfPage":{"@id":"https:\/\/cleitonpinheiro.com.br\/site\/nascidos-em-novembro-e-dezembro-recebem-hoje-parcela-do-pe-de-meia\/#primaryimage"},"image":{"@id":"https:\/\/cleitonpinheiro.com.br\/site\/nascidos-em-novembro-e-dezembro-recebem-hoje-parcela-do-pe-de-meia\/#primaryimage"},"thumbnailUrl":"https:\/\/cleitonpinheiro.com.br\/site\/wp-content\/uploads\/2025\/06\/0d4a4629_0.webp","datePublished":"2025-06-02T14:53:13+00:00","dateModified":"2025-06-02T14:53:20+00:00","breadcrumb":{"@id":"https:\/\/cleitonpinheiro.com.br\/site\/nascidos-em-novembro-e-dezembro-recebem-hoje-parcela-do-pe-de-meia\/#breadcrumb"},"inLanguage":"pt-BR","potentialAction":[{"@type":"ReadAction","target":["https:\/\/cleitonpinheiro.com.br\/site\/nascidos-em-novembro-e-dezembro-recebem-hoje-parcela-do-pe-de-meia\/"]}]},{"@type":"ImageObject","inLanguage":"pt-BR","@id":"https:\/\/cleitonpinheiro.com.br\/site\/nascidos-em-novembro-e-dezembro-recebem-hoje-parcela-do-pe-de-meia\/#primaryimage","url":"https:\/\/cleitonpinheiro.com.br\/site\/wp-content\/uploads\/2025\/06\/0d4a4629_0.webp","contentUrl":"https:\/\/cleitonpinheiro.com.br\/site\/wp-content\/uploads\/2025\/06\/0d4a4629_0.webp","width":1170,"height":700,"caption":"\u00a9 Ant\u00f4nio Cruz\/Ag\u00eancia Brasil"},{"@type":"BreadcrumbList","@id":"https:\/\/cleitonpinheiro.com.br\/site\/nascidos-em-novembro-e-dezembro-recebem-hoje-parcela-do-pe-de-meia\/#breadcrumb","itemListElement":[{"@type":"ListItem","position":1,"name":"In\u00edcio","item":"https:\/\/cleitonpinheiro.com.br\/site\/"},{"@type":"ListItem","position":2,"name":"Nascidos em novembro e dezembro recebem hoje parcela do P\u00e9-de-Meia"}]},{"@type":"WebSite","@id":"https:\/\/cleitonpinheiro.com.br\/site\/#website","url":"https:\/\/cleitonpinheiro.com.br\/site\/","name":"PORTAL DE NOT\u00cdCIAS CLEITON PINHEIRO","description":"FALANDO A VERDADE","publisher":{"@id":"https:\/\/cleitonpinheiro.com.br\/site\/#organization"},"potentialAction":[{"@type":"SearchAction","target":{"@type":"EntryPoint","urlTemplate":"https:\/\/cleitonpinheiro.com.br\/site\/?s={search_term_string}"},"query-input":{"@type":"PropertyValueSpecification","valueRequired":true,"valueName":"search_term_string"}}],"inLanguage":"pt-BR"},{"@type":"Organization","@id":"https:\/\/cleitonpinheiro.com.br\/site\/#organization","name":"CPNOT\u00cdCIAS","url":"https:\/\/cleitonpinheiro.com.br\/site\/","logo":{"@type":"ImageObject","inLanguage":"pt-BR","@id":"https:\/\/cleitonpinheiro.com.br\/site\/#\/schema\/logo\/image\/","url":"https:\/\/cleitonpinheiro.com.br\/site\/wp-content\/uploads\/2022\/08\/Logo-pequena-2.png","contentUrl":"https:\/\/cleitonpinheiro.com.br\/site\/wp-content\/uploads\/2022\/08\/Logo-pequena-2.png","width":500,"height":500,"caption":"CPNOT\u00cdCIAS"},"image":{"@id":"https:\/\/cleitonpinheiro.com.br\/site\/#\/schema\/logo\/image\/"},"sameAs":["https:\/\/www.facebook.com\/portalcpnoticias\/"]},{"@type":"Person","@id":"https:\/\/cleitonpinheiro.com.br\/site\/#\/schema\/person\/8f04544e0bc40a1b68775b08360f87db","name":"Reda\u00e7\u00e3o CP","image":{"@type":"ImageObject","inLanguage":"pt-BR","@id":"https:\/\/cleitonpinheiro.com.br\/site\/#\/schema\/person\/image\/","url":"https:\/\/secure.gravatar.com\/avatar\/0bcf19cb29fdc8fc588c490c7ae1b3e174dac268586a63fbe1d1893a0f9020cd?s=96&r=g","contentUrl":"https:\/\/secure.gravatar.com\/avatar\/0bcf19cb29fdc8fc588c490c7ae1b3e174dac268586a63fbe1d1893a0f9020cd?s=96&r=g","caption":"Reda\u00e7\u00e3o CP"},"url":"https:\/\/cleitonpinheiro.com.br\/site\/author\/redacao\/"}]}},"views":158,"_links":{"self":[{"href":"https:\/\/cleitonpinheiro.com.br\/site\/wp-json\/wp\/v2\/posts\/85730","targetHints":{"allow":["GET"]}}],"collection":[{"href":"https:\/\/cleitonpinheiro.com.br\/site\/wp-json\/wp\/v2\/posts"}],"about":[{"href":"https:\/\/cleitonpinheiro.com.br\/site\/wp-json\/wp\/v2\/types\/post"}],"author":[{"embeddable":true,"href":"https:\/\/cleitonpinheiro.com.br\/site\/wp-json\/wp\/v2\/users\/13"}],"replies":[{"embeddable":true,"href":"https:\/\/cleitonpinheiro.com.br\/site\/wp-json\/wp\/v2\/comments?post=85730"}],"version-history":[{"count":1,"href":"https:\/\/cleitonpinheiro.com.br\/site\/wp-json\/wp\/v2\/posts\/85730\/revisions"}],"predecessor-version":[{"id":85732,"href":"https:\/\/cleitonpinheiro.com.br\/site\/wp-json\/wp\/v2\/posts\/85730\/revisions\/85732"}],"wp:featuredmedia":[{"embeddable":true,"href":"https:\/\/cleitonpinheiro.com.br\/site\/wp-json\/wp\/v2\/media\/85731"}],"wp:attachment":[{"href":"https:\/\/cleitonpinheiro.com.br\/site\/wp-json\/wp\/v2\/media?parent=85730"}],"wp:term":[{"taxonomy":"category","embeddable":true,"href":"https:\/\/cleitonpinheiro.com.br\/site\/wp-json\/wp\/v2\/categories?post=85730"},{"taxonomy":"post_tag","embeddable":true,"href":"https:\/\/cleitonpinheiro.com.br\/site\/wp-json\/wp\/v2\/tags?post=85730"}],"curies":[{"name":"wp","href":"https:\/\/api.w.org\/{rel}","templated":true}]}}