{"id":85822,"date":"2025-06-13T11:49:05","date_gmt":"2025-06-13T14:49:05","guid":{"rendered":"https:\/\/cleitonpinheiro.com.br\/site\/?p=85822"},"modified":"2025-06-13T11:49:13","modified_gmt":"2025-06-13T14:49:13","slug":"acao-de-bloqueio-de-transmissao-mobiliza-moradores-da-arno-31-contra-o-aedes-aegypti","status":"publish","type":"post","link":"https:\/\/cleitonpinheiro.com.br\/site\/acao-de-bloqueio-de-transmissao-mobiliza-moradores-da-arno-31-contra-o-aedes-aegypti\/","title":{"rendered":"A\u00e7\u00e3o de bloqueio de transmiss\u00e3o mobiliza moradores da Arno 31 contra o Aedes aegypti"},"content":{"rendered":"\n<figure class=\"wp-block-image size-large\"><img fetchpriority=\"high\" decoding=\"async\" width=\"1024\" height=\"576\" src=\"https:\/\/cleitonpinheiro.com.br\/site\/wp-content\/uploads\/2025\/06\/276813b9-8276-47a1-b526-fd45a0a3b467-1536x864-1-1024x576.jpg\" alt=\"\" class=\"wp-image-85823\" srcset=\"https:\/\/cleitonpinheiro.com.br\/site\/wp-content\/uploads\/2025\/06\/276813b9-8276-47a1-b526-fd45a0a3b467-1536x864-1-1024x576.jpg 1024w, https:\/\/cleitonpinheiro.com.br\/site\/wp-content\/uploads\/2025\/06\/276813b9-8276-47a1-b526-fd45a0a3b467-1536x864-1-300x169.jpg 300w, https:\/\/cleitonpinheiro.com.br\/site\/wp-content\/uploads\/2025\/06\/276813b9-8276-47a1-b526-fd45a0a3b467-1536x864-1-768x432.jpg 768w, https:\/\/cleitonpinheiro.com.br\/site\/wp-content\/uploads\/2025\/06\/276813b9-8276-47a1-b526-fd45a0a3b467-1536x864-1.jpg 1536w\" sizes=\"(max-width: 1024px) 100vw, 1024px\" \/><figcaption class=\"wp-element-caption\">Foto: Gabriela Letrari<\/figcaption><\/figure>\n\n\n\n<p>Como medida adicional para eliminar o&nbsp;<em>Aedes aegypti<\/em>, a Secretaria Municipal de Sa\u00fade de Palmas (Semus) est\u00e1 realizando uma a\u00e7\u00e3o de bloqueio de transmiss\u00e3o na Quadra Arno 31 (303 Norte) para conter o mosquito causador da dengue, zika e chikungunya. Utilizando bombas costais motorizadas, os agentes de combate \u00e0s endemias est\u00e3o percorrendo a quadra e adentrando as resid\u00eancias para aplicar o produto nos im\u00f3veis. A aplica\u00e7\u00e3o se iniciou na quarta-feira, 11, e ser\u00e1 finalizada na tarde desta quinta-feira, 12.<\/p>\n\n\n\n<p>A atividade integra o conjunto de a\u00e7\u00f5es realizadas pela Unidade de Vigil\u00e2ncia e Controle de Zoonoses (DUVCCZ) para interromper a cadeia de transmiss\u00e3o das arboviroses em \u00e1reas com registro de casos. A aplica\u00e7\u00e3o do inseticida em ultrabaixo volume (UBV) est\u00e1 sendo realizada de forma direcionada, dentro dos im\u00f3veis, e por isso, \u00e9 necess\u00e1ria a colabora\u00e7\u00e3o da popula\u00e7\u00e3o para permitir a entrada dos agentes.<\/p>\n\n\n\n<p>Para Maria das Dores, moradora da quadra h\u00e1 mais de 30 anos, a a\u00e7\u00e3o traz al\u00edvio e sensa\u00e7\u00e3o de cuidado por parte do poder p\u00fablico. \u201cA gente limpa o quintal, mas \u00e9 bom saber que tem esse refor\u00e7o. Os agentes foram muito respeitosos e agrade\u00e7o demais esse servi\u00e7o porque eles est\u00e3o trabalhando em prol da nossa sa\u00fade\u201d. Ela contou que sua precau\u00e7\u00e3o foi por j\u00e1 ter vivenciado em casa as dores da doen\u00e7a. \u201cMinha filha teve chikungunya j\u00e1 tem uns tr\u00eas anos, mas at\u00e9 hoje ela sofre com dores nas articula\u00e7\u00f5es.\u201d<\/p>\n\n\n\n<p>A bi\u00f3loga e coordenadora de Vigil\u00e2ncia e Controle Vetorial da UVCZ, Lara Bet\u00e2nia Ara\u00fajo, explicou que o bloqueio de transmiss\u00e3o \u00e9 uma ferramenta importante para impedir novos casos em locais onde o mosquito j\u00e1 circula. \u201cO&nbsp;<em>Aedes aegypti<\/em>&nbsp;tem h\u00e1bitos urbanos e se reproduz em pequenos recipientes com \u00e1gua. Quando agimos r\u00e1pido diante dos casos, especialmente quando temos apoio dos moradores, conseguimos reduzir a densidade vetorial e proteger vidas\u201d, destacou a especialista.<\/p>\n\n\n\n<p><strong>Preven\u00e7\u00e3o<\/strong><\/p>\n\n\n\n<p>A Semus ressalta que a popula\u00e7\u00e3o deve continuar com os cuidados di\u00e1rios, como eliminar recipientes que acumulam \u00e1gua parada e manter os quintais limpos. Al\u00e9m disso, \u00e9 fundamental permitir o acesso dos agentes nos im\u00f3veis durante as a\u00e7\u00f5es programadas. A aplica\u00e7\u00e3o do inseticida \u00e9 feita apenas uma vez por im\u00f3vel, e, em caso de rea\u00e7\u00f5es al\u00e9rgicas, a orienta\u00e7\u00e3o \u00e9 procurar atendimento m\u00e9dico.<\/p>\n\n\n\n<p><br>Texto: Rodrigo Marques &#8211; Prefeitura de Palmas<\/p>\n\n\n\n<p><\/p>\n","protected":false},"excerpt":{"rendered":"<p>Como medida adicional para eliminar o&nbsp;Aedes aegypti, a Secretaria Municipal de Sa\u00fade de Palmas (Semus) est\u00e1 realizando uma a\u00e7\u00e3o de bloqueio de transmiss\u00e3o na Quadra Arno 31 (303 Norte) para conter o mosquito causador da dengue, zika e chikungunya. Utilizando bombas costais motorizadas, os agentes de combate \u00e0s endemias est\u00e3o percorrendo a quadra e adentrando [&hellip;]<\/p>\n","protected":false},"author":10,"featured_media":85823,"comment_status":"open","ping_status":"open","sticky":false,"template":"","format":"standard","meta":{"_acf_changed":false,"footnotes":""},"categories":[22,898,21],"tags":[],"class_list":["post-85822","post","type-post","status-publish","format-standard","has-post-thumbnail","hentry","category-cidades","category-manchete-segundaria","category-todas-noticias"],"acf":[],"yoast_head":"<!-- This site is optimized with the Yoast SEO plugin v24.4 - https:\/\/yoast.com\/wordpress\/plugins\/seo\/ -->\n<title>A\u00e7\u00e3o de bloqueio de transmiss\u00e3o mobiliza moradores da Arno 31 contra o Aedes aegypti - PORTAL DE NOT\u00cdCIAS CLEITON PINHEIRO<\/title>\n<meta name=\"robots\" content=\"index, follow, max-snippet:-1, max-image-preview:large, max-video-preview:-1\" \/>\n<link rel=\"canonical\" href=\"https:\/\/cleitonpinheiro.com.br\/site\/acao-de-bloqueio-de-transmissao-mobiliza-moradores-da-arno-31-contra-o-aedes-aegypti\/\" \/>\n<meta property=\"og:locale\" content=\"pt_BR\" \/>\n<meta property=\"og:type\" content=\"article\" \/>\n<meta property=\"og:title\" content=\"A\u00e7\u00e3o de bloqueio de transmiss\u00e3o mobiliza moradores da Arno 31 contra o Aedes aegypti - PORTAL DE NOT\u00cdCIAS CLEITON PINHEIRO\" \/>\n<meta property=\"og:description\" content=\"Como medida adicional para eliminar o&nbsp;Aedes aegypti, a Secretaria Municipal de Sa\u00fade de Palmas (Semus) est\u00e1 realizando uma a\u00e7\u00e3o de bloqueio de transmiss\u00e3o na Quadra Arno 31 (303 Norte) para conter o mosquito causador da dengue, zika e chikungunya. Utilizando bombas costais motorizadas, os agentes de combate \u00e0s endemias est\u00e3o percorrendo a quadra e adentrando [&hellip;]\" \/>\n<meta property=\"og:url\" content=\"https:\/\/cleitonpinheiro.com.br\/site\/acao-de-bloqueio-de-transmissao-mobiliza-moradores-da-arno-31-contra-o-aedes-aegypti\/\" \/>\n<meta property=\"og:site_name\" content=\"PORTAL DE NOT\u00cdCIAS CLEITON PINHEIRO\" \/>\n<meta property=\"article:publisher\" content=\"https:\/\/www.facebook.com\/portalcpnoticias\/\" \/>\n<meta property=\"article:published_time\" content=\"2025-06-13T14:49:05+00:00\" \/>\n<meta property=\"article:modified_time\" content=\"2025-06-13T14:49:13+00:00\" \/>\n<meta property=\"og:image\" content=\"https:\/\/cleitonpinheiro.com.br\/site\/wp-content\/uploads\/2025\/06\/276813b9-8276-47a1-b526-fd45a0a3b467-1536x864-1.jpg\" \/>\n\t<meta property=\"og:image:width\" content=\"1536\" \/>\n\t<meta property=\"og:image:height\" content=\"864\" \/>\n\t<meta property=\"og:image:type\" content=\"image\/jpeg\" \/>\n<meta name=\"author\" content=\"Cleiton Pinheiro\" \/>\n<meta name=\"twitter:card\" content=\"summary_large_image\" \/>\n<meta name=\"twitter:label1\" content=\"Escrito por\" \/>\n\t<meta name=\"twitter:data1\" content=\"Cleiton Pinheiro\" \/>\n\t<meta name=\"twitter:label2\" content=\"Est. tempo de leitura\" \/>\n\t<meta name=\"twitter:data2\" content=\"3 minutos\" \/>\n<script type=\"application\/ld+json\" class=\"yoast-schema-graph\">{\"@context\":\"https:\/\/schema.org\",\"@graph\":[{\"@type\":\"Article\",\"@id\":\"https:\/\/cleitonpinheiro.com.br\/site\/acao-de-bloqueio-de-transmissao-mobiliza-moradores-da-arno-31-contra-o-aedes-aegypti\/#article\",\"isPartOf\":{\"@id\":\"https:\/\/cleitonpinheiro.com.br\/site\/acao-de-bloqueio-de-transmissao-mobiliza-moradores-da-arno-31-contra-o-aedes-aegypti\/\"},\"author\":{\"name\":\"Cleiton Pinheiro\",\"@id\":\"https:\/\/cleitonpinheiro.com.br\/site\/#\/schema\/person\/62fd4eb98fcc8bd3fc477aaff264af51\"},\"headline\":\"A\u00e7\u00e3o de bloqueio de transmiss\u00e3o mobiliza moradores da Arno 31 contra o Aedes aegypti\",\"datePublished\":\"2025-06-13T14:49:05+00:00\",\"dateModified\":\"2025-06-13T14:49:13+00:00\",\"mainEntityOfPage\":{\"@id\":\"https:\/\/cleitonpinheiro.com.br\/site\/acao-de-bloqueio-de-transmissao-mobiliza-moradores-da-arno-31-contra-o-aedes-aegypti\/\"},\"wordCount\":432,\"commentCount\":0,\"publisher\":{\"@id\":\"https:\/\/cleitonpinheiro.com.br\/site\/#organization\"},\"image\":{\"@id\":\"https:\/\/cleitonpinheiro.com.br\/site\/acao-de-bloqueio-de-transmissao-mobiliza-moradores-da-arno-31-contra-o-aedes-aegypti\/#primaryimage\"},\"thumbnailUrl\":\"https:\/\/cleitonpinheiro.com.br\/site\/wp-content\/uploads\/2025\/06\/276813b9-8276-47a1-b526-fd45a0a3b467-1536x864-1.jpg\",\"articleSection\":[\"CIDADES\",\"MANCHETE SEGUND\u00c1RIA\",\"TODAS NOTICIAS\"],\"inLanguage\":\"pt-BR\",\"potentialAction\":[{\"@type\":\"CommentAction\",\"name\":\"Comment\",\"target\":[\"https:\/\/cleitonpinheiro.com.br\/site\/acao-de-bloqueio-de-transmissao-mobiliza-moradores-da-arno-31-contra-o-aedes-aegypti\/#respond\"]}]},{\"@type\":\"WebPage\",\"@id\":\"https:\/\/cleitonpinheiro.com.br\/site\/acao-de-bloqueio-de-transmissao-mobiliza-moradores-da-arno-31-contra-o-aedes-aegypti\/\",\"url\":\"https:\/\/cleitonpinheiro.com.br\/site\/acao-de-bloqueio-de-transmissao-mobiliza-moradores-da-arno-31-contra-o-aedes-aegypti\/\",\"name\":\"A\u00e7\u00e3o de bloqueio de transmiss\u00e3o mobiliza moradores da Arno 31 contra o Aedes aegypti - PORTAL DE NOT\u00cdCIAS CLEITON PINHEIRO\",\"isPartOf\":{\"@id\":\"https:\/\/cleitonpinheiro.com.br\/site\/#website\"},\"primaryImageOfPage\":{\"@id\":\"https:\/\/cleitonpinheiro.com.br\/site\/acao-de-bloqueio-de-transmissao-mobiliza-moradores-da-arno-31-contra-o-aedes-aegypti\/#primaryimage\"},\"image\":{\"@id\":\"https:\/\/cleitonpinheiro.com.br\/site\/acao-de-bloqueio-de-transmissao-mobiliza-moradores-da-arno-31-contra-o-aedes-aegypti\/#primaryimage\"},\"thumbnailUrl\":\"https:\/\/cleitonpinheiro.com.br\/site\/wp-content\/uploads\/2025\/06\/276813b9-8276-47a1-b526-fd45a0a3b467-1536x864-1.jpg\",\"datePublished\":\"2025-06-13T14:49:05+00:00\",\"dateModified\":\"2025-06-13T14:49:13+00:00\",\"breadcrumb\":{\"@id\":\"https:\/\/cleitonpinheiro.com.br\/site\/acao-de-bloqueio-de-transmissao-mobiliza-moradores-da-arno-31-contra-o-aedes-aegypti\/#breadcrumb\"},\"inLanguage\":\"pt-BR\",\"potentialAction\":[{\"@type\":\"ReadAction\",\"target\":[\"https:\/\/cleitonpinheiro.com.br\/site\/acao-de-bloqueio-de-transmissao-mobiliza-moradores-da-arno-31-contra-o-aedes-aegypti\/\"]}]},{\"@type\":\"ImageObject\",\"inLanguage\":\"pt-BR\",\"@id\":\"https:\/\/cleitonpinheiro.com.br\/site\/acao-de-bloqueio-de-transmissao-mobiliza-moradores-da-arno-31-contra-o-aedes-aegypti\/#primaryimage\",\"url\":\"https:\/\/cleitonpinheiro.com.br\/site\/wp-content\/uploads\/2025\/06\/276813b9-8276-47a1-b526-fd45a0a3b467-1536x864-1.jpg\",\"contentUrl\":\"https:\/\/cleitonpinheiro.com.br\/site\/wp-content\/uploads\/2025\/06\/276813b9-8276-47a1-b526-fd45a0a3b467-1536x864-1.jpg\",\"width\":1536,\"height\":864,\"caption\":\"Foto: Gabriela Letrari\"},{\"@type\":\"BreadcrumbList\",\"@id\":\"https:\/\/cleitonpinheiro.com.br\/site\/acao-de-bloqueio-de-transmissao-mobiliza-moradores-da-arno-31-contra-o-aedes-aegypti\/#breadcrumb\",\"itemListElement\":[{\"@type\":\"ListItem\",\"position\":1,\"name\":\"In\u00edcio\",\"item\":\"https:\/\/cleitonpinheiro.com.br\/site\/\"},{\"@type\":\"ListItem\",\"position\":2,\"name\":\"A\u00e7\u00e3o de bloqueio de transmiss\u00e3o mobiliza moradores da Arno 31 contra o Aedes aegypti\"}]},{\"@type\":\"WebSite\",\"@id\":\"https:\/\/cleitonpinheiro.com.br\/site\/#website\",\"url\":\"https:\/\/cleitonpinheiro.com.br\/site\/\",\"name\":\"PORTAL DE NOT\u00cdCIAS CLEITON PINHEIRO\",\"description\":\"FALANDO A VERDADE\",\"publisher\":{\"@id\":\"https:\/\/cleitonpinheiro.com.br\/site\/#organization\"},\"potentialAction\":[{\"@type\":\"SearchAction\",\"target\":{\"@type\":\"EntryPoint\",\"urlTemplate\":\"https:\/\/cleitonpinheiro.com.br\/site\/?s={search_term_string}\"},\"query-input\":{\"@type\":\"PropertyValueSpecification\",\"valueRequired\":true,\"valueName\":\"search_term_string\"}}],\"inLanguage\":\"pt-BR\"},{\"@type\":\"Organization\",\"@id\":\"https:\/\/cleitonpinheiro.com.br\/site\/#organization\",\"name\":\"CPNOT\u00cdCIAS\",\"url\":\"https:\/\/cleitonpinheiro.com.br\/site\/\",\"logo\":{\"@type\":\"ImageObject\",\"inLanguage\":\"pt-BR\",\"@id\":\"https:\/\/cleitonpinheiro.com.br\/site\/#\/schema\/logo\/image\/\",\"url\":\"https:\/\/cleitonpinheiro.com.br\/site\/wp-content\/uploads\/2022\/08\/Logo-pequena-2.png\",\"contentUrl\":\"https:\/\/cleitonpinheiro.com.br\/site\/wp-content\/uploads\/2022\/08\/Logo-pequena-2.png\",\"width\":500,\"height\":500,\"caption\":\"CPNOT\u00cdCIAS\"},\"image\":{\"@id\":\"https:\/\/cleitonpinheiro.com.br\/site\/#\/schema\/logo\/image\/\"},\"sameAs\":[\"https:\/\/www.facebook.com\/portalcpnoticias\/\"]},{\"@type\":\"Person\",\"@id\":\"https:\/\/cleitonpinheiro.com.br\/site\/#\/schema\/person\/62fd4eb98fcc8bd3fc477aaff264af51\",\"name\":\"Cleiton Pinheiro\",\"image\":{\"@type\":\"ImageObject\",\"inLanguage\":\"pt-BR\",\"@id\":\"https:\/\/cleitonpinheiro.com.br\/site\/#\/schema\/person\/image\/\",\"url\":\"https:\/\/secure.gravatar.com\/avatar\/15642ec35b78fe5eed3cfa8e4a3f3211d73a3df4f35f0566b4324958cba1b1b9?s=96&r=g\",\"contentUrl\":\"https:\/\/secure.gravatar.com\/avatar\/15642ec35b78fe5eed3cfa8e4a3f3211d73a3df4f35f0566b4324958cba1b1b9?s=96&r=g\",\"caption\":\"Cleiton Pinheiro\"},\"url\":\"https:\/\/cleitonpinheiro.com.br\/site\/author\/cleiton\/\"}]}<\/script>\n<!-- \/ Yoast SEO plugin. -->","yoast_head_json":{"title":"A\u00e7\u00e3o de bloqueio de transmiss\u00e3o mobiliza moradores da Arno 31 contra o Aedes aegypti - PORTAL DE NOT\u00cdCIAS CLEITON PINHEIRO","robots":{"index":"index","follow":"follow","max-snippet":"max-snippet:-1","max-image-preview":"max-image-preview:large","max-video-preview":"max-video-preview:-1"},"canonical":"https:\/\/cleitonpinheiro.com.br\/site\/acao-de-bloqueio-de-transmissao-mobiliza-moradores-da-arno-31-contra-o-aedes-aegypti\/","og_locale":"pt_BR","og_type":"article","og_title":"A\u00e7\u00e3o de bloqueio de transmiss\u00e3o mobiliza moradores da Arno 31 contra o Aedes aegypti - PORTAL DE NOT\u00cdCIAS CLEITON PINHEIRO","og_description":"Como medida adicional para eliminar o&nbsp;Aedes aegypti, a Secretaria Municipal de Sa\u00fade de Palmas (Semus) est\u00e1 realizando uma a\u00e7\u00e3o de bloqueio de transmiss\u00e3o na Quadra Arno 31 (303 Norte) para conter o mosquito causador da dengue, zika e chikungunya. Utilizando bombas costais motorizadas, os agentes de combate \u00e0s endemias est\u00e3o percorrendo a quadra e adentrando [&hellip;]","og_url":"https:\/\/cleitonpinheiro.com.br\/site\/acao-de-bloqueio-de-transmissao-mobiliza-moradores-da-arno-31-contra-o-aedes-aegypti\/","og_site_name":"PORTAL DE NOT\u00cdCIAS CLEITON PINHEIRO","article_publisher":"https:\/\/www.facebook.com\/portalcpnoticias\/","article_published_time":"2025-06-13T14:49:05+00:00","article_modified_time":"2025-06-13T14:49:13+00:00","og_image":[{"width":1536,"height":864,"url":"https:\/\/cleitonpinheiro.com.br\/site\/wp-content\/uploads\/2025\/06\/276813b9-8276-47a1-b526-fd45a0a3b467-1536x864-1.jpg","type":"image\/jpeg"}],"author":"Cleiton Pinheiro","twitter_card":"summary_large_image","twitter_misc":{"Escrito por":"Cleiton Pinheiro","Est. tempo de leitura":"3 minutos"},"schema":{"@context":"https:\/\/schema.org","@graph":[{"@type":"Article","@id":"https:\/\/cleitonpinheiro.com.br\/site\/acao-de-bloqueio-de-transmissao-mobiliza-moradores-da-arno-31-contra-o-aedes-aegypti\/#article","isPartOf":{"@id":"https:\/\/cleitonpinheiro.com.br\/site\/acao-de-bloqueio-de-transmissao-mobiliza-moradores-da-arno-31-contra-o-aedes-aegypti\/"},"author":{"name":"Cleiton Pinheiro","@id":"https:\/\/cleitonpinheiro.com.br\/site\/#\/schema\/person\/62fd4eb98fcc8bd3fc477aaff264af51"},"headline":"A\u00e7\u00e3o de bloqueio de transmiss\u00e3o mobiliza moradores da Arno 31 contra o Aedes aegypti","datePublished":"2025-06-13T14:49:05+00:00","dateModified":"2025-06-13T14:49:13+00:00","mainEntityOfPage":{"@id":"https:\/\/cleitonpinheiro.com.br\/site\/acao-de-bloqueio-de-transmissao-mobiliza-moradores-da-arno-31-contra-o-aedes-aegypti\/"},"wordCount":432,"commentCount":0,"publisher":{"@id":"https:\/\/cleitonpinheiro.com.br\/site\/#organization"},"image":{"@id":"https:\/\/cleitonpinheiro.com.br\/site\/acao-de-bloqueio-de-transmissao-mobiliza-moradores-da-arno-31-contra-o-aedes-aegypti\/#primaryimage"},"thumbnailUrl":"https:\/\/cleitonpinheiro.com.br\/site\/wp-content\/uploads\/2025\/06\/276813b9-8276-47a1-b526-fd45a0a3b467-1536x864-1.jpg","articleSection":["CIDADES","MANCHETE SEGUND\u00c1RIA","TODAS NOTICIAS"],"inLanguage":"pt-BR","potentialAction":[{"@type":"CommentAction","name":"Comment","target":["https:\/\/cleitonpinheiro.com.br\/site\/acao-de-bloqueio-de-transmissao-mobiliza-moradores-da-arno-31-contra-o-aedes-aegypti\/#respond"]}]},{"@type":"WebPage","@id":"https:\/\/cleitonpinheiro.com.br\/site\/acao-de-bloqueio-de-transmissao-mobiliza-moradores-da-arno-31-contra-o-aedes-aegypti\/","url":"https:\/\/cleitonpinheiro.com.br\/site\/acao-de-bloqueio-de-transmissao-mobiliza-moradores-da-arno-31-contra-o-aedes-aegypti\/","name":"A\u00e7\u00e3o de bloqueio de transmiss\u00e3o mobiliza moradores da Arno 31 contra o Aedes aegypti - PORTAL DE NOT\u00cdCIAS CLEITON PINHEIRO","isPartOf":{"@id":"https:\/\/cleitonpinheiro.com.br\/site\/#website"},"primaryImageOfPage":{"@id":"https:\/\/cleitonpinheiro.com.br\/site\/acao-de-bloqueio-de-transmissao-mobiliza-moradores-da-arno-31-contra-o-aedes-aegypti\/#primaryimage"},"image":{"@id":"https:\/\/cleitonpinheiro.com.br\/site\/acao-de-bloqueio-de-transmissao-mobiliza-moradores-da-arno-31-contra-o-aedes-aegypti\/#primaryimage"},"thumbnailUrl":"https:\/\/cleitonpinheiro.com.br\/site\/wp-content\/uploads\/2025\/06\/276813b9-8276-47a1-b526-fd45a0a3b467-1536x864-1.jpg","datePublished":"2025-06-13T14:49:05+00:00","dateModified":"2025-06-13T14:49:13+00:00","breadcrumb":{"@id":"https:\/\/cleitonpinheiro.com.br\/site\/acao-de-bloqueio-de-transmissao-mobiliza-moradores-da-arno-31-contra-o-aedes-aegypti\/#breadcrumb"},"inLanguage":"pt-BR","potentialAction":[{"@type":"ReadAction","target":["https:\/\/cleitonpinheiro.com.br\/site\/acao-de-bloqueio-de-transmissao-mobiliza-moradores-da-arno-31-contra-o-aedes-aegypti\/"]}]},{"@type":"ImageObject","inLanguage":"pt-BR","@id":"https:\/\/cleitonpinheiro.com.br\/site\/acao-de-bloqueio-de-transmissao-mobiliza-moradores-da-arno-31-contra-o-aedes-aegypti\/#primaryimage","url":"https:\/\/cleitonpinheiro.com.br\/site\/wp-content\/uploads\/2025\/06\/276813b9-8276-47a1-b526-fd45a0a3b467-1536x864-1.jpg","contentUrl":"https:\/\/cleitonpinheiro.com.br\/site\/wp-content\/uploads\/2025\/06\/276813b9-8276-47a1-b526-fd45a0a3b467-1536x864-1.jpg","width":1536,"height":864,"caption":"Foto: Gabriela Letrari"},{"@type":"BreadcrumbList","@id":"https:\/\/cleitonpinheiro.com.br\/site\/acao-de-bloqueio-de-transmissao-mobiliza-moradores-da-arno-31-contra-o-aedes-aegypti\/#breadcrumb","itemListElement":[{"@type":"ListItem","position":1,"name":"In\u00edcio","item":"https:\/\/cleitonpinheiro.com.br\/site\/"},{"@type":"ListItem","position":2,"name":"A\u00e7\u00e3o de bloqueio de transmiss\u00e3o mobiliza moradores da Arno 31 contra o Aedes aegypti"}]},{"@type":"WebSite","@id":"https:\/\/cleitonpinheiro.com.br\/site\/#website","url":"https:\/\/cleitonpinheiro.com.br\/site\/","name":"PORTAL DE NOT\u00cdCIAS CLEITON PINHEIRO","description":"FALANDO A VERDADE","publisher":{"@id":"https:\/\/cleitonpinheiro.com.br\/site\/#organization"},"potentialAction":[{"@type":"SearchAction","target":{"@type":"EntryPoint","urlTemplate":"https:\/\/cleitonpinheiro.com.br\/site\/?s={search_term_string}"},"query-input":{"@type":"PropertyValueSpecification","valueRequired":true,"valueName":"search_term_string"}}],"inLanguage":"pt-BR"},{"@type":"Organization","@id":"https:\/\/cleitonpinheiro.com.br\/site\/#organization","name":"CPNOT\u00cdCIAS","url":"https:\/\/cleitonpinheiro.com.br\/site\/","logo":{"@type":"ImageObject","inLanguage":"pt-BR","@id":"https:\/\/cleitonpinheiro.com.br\/site\/#\/schema\/logo\/image\/","url":"https:\/\/cleitonpinheiro.com.br\/site\/wp-content\/uploads\/2022\/08\/Logo-pequena-2.png","contentUrl":"https:\/\/cleitonpinheiro.com.br\/site\/wp-content\/uploads\/2022\/08\/Logo-pequena-2.png","width":500,"height":500,"caption":"CPNOT\u00cdCIAS"},"image":{"@id":"https:\/\/cleitonpinheiro.com.br\/site\/#\/schema\/logo\/image\/"},"sameAs":["https:\/\/www.facebook.com\/portalcpnoticias\/"]},{"@type":"Person","@id":"https:\/\/cleitonpinheiro.com.br\/site\/#\/schema\/person\/62fd4eb98fcc8bd3fc477aaff264af51","name":"Cleiton Pinheiro","image":{"@type":"ImageObject","inLanguage":"pt-BR","@id":"https:\/\/cleitonpinheiro.com.br\/site\/#\/schema\/person\/image\/","url":"https:\/\/secure.gravatar.com\/avatar\/15642ec35b78fe5eed3cfa8e4a3f3211d73a3df4f35f0566b4324958cba1b1b9?s=96&r=g","contentUrl":"https:\/\/secure.gravatar.com\/avatar\/15642ec35b78fe5eed3cfa8e4a3f3211d73a3df4f35f0566b4324958cba1b1b9?s=96&r=g","caption":"Cleiton Pinheiro"},"url":"https:\/\/cleitonpinheiro.com.br\/site\/author\/cleiton\/"}]}},"views":153,"_links":{"self":[{"href":"https:\/\/cleitonpinheiro.com.br\/site\/wp-json\/wp\/v2\/posts\/85822","targetHints":{"allow":["GET"]}}],"collection":[{"href":"https:\/\/cleitonpinheiro.com.br\/site\/wp-json\/wp\/v2\/posts"}],"about":[{"href":"https:\/\/cleitonpinheiro.com.br\/site\/wp-json\/wp\/v2\/types\/post"}],"author":[{"embeddable":true,"href":"https:\/\/cleitonpinheiro.com.br\/site\/wp-json\/wp\/v2\/users\/10"}],"replies":[{"embeddable":true,"href":"https:\/\/cleitonpinheiro.com.br\/site\/wp-json\/wp\/v2\/comments?post=85822"}],"version-history":[{"count":1,"href":"https:\/\/cleitonpinheiro.com.br\/site\/wp-json\/wp\/v2\/posts\/85822\/revisions"}],"predecessor-version":[{"id":85824,"href":"https:\/\/cleitonpinheiro.com.br\/site\/wp-json\/wp\/v2\/posts\/85822\/revisions\/85824"}],"wp:featuredmedia":[{"embeddable":true,"href":"https:\/\/cleitonpinheiro.com.br\/site\/wp-json\/wp\/v2\/media\/85823"}],"wp:attachment":[{"href":"https:\/\/cleitonpinheiro.com.br\/site\/wp-json\/wp\/v2\/media?parent=85822"}],"wp:term":[{"taxonomy":"category","embeddable":true,"href":"https:\/\/cleitonpinheiro.com.br\/site\/wp-json\/wp\/v2\/categories?post=85822"},{"taxonomy":"post_tag","embeddable":true,"href":"https:\/\/cleitonpinheiro.com.br\/site\/wp-json\/wp\/v2\/tags?post=85822"}],"curies":[{"name":"wp","href":"https:\/\/api.w.org\/{rel}","templated":true}]}}