{"id":85835,"date":"2025-06-13T15:41:42","date_gmt":"2025-06-13T18:41:42","guid":{"rendered":"https:\/\/cleitonpinheiro.com.br\/site\/?p=85835"},"modified":"2025-06-16T17:25:59","modified_gmt":"2025-06-16T20:25:59","slug":"prefeitura-de-palmas-instala-mais-de-170-novas-lixeiras-com-construcao-de-recuos-em-vias-publicas","status":"publish","type":"post","link":"https:\/\/cleitonpinheiro.com.br\/site\/prefeitura-de-palmas-instala-mais-de-170-novas-lixeiras-com-construcao-de-recuos-em-vias-publicas\/","title":{"rendered":"Prefeitura de Palmas instala mais de 170 novas lixeiras com constru\u00e7\u00e3o de recuos em vias p\u00fablicas"},"content":{"rendered":"\n<figure class=\"wp-block-image size-full\"><img fetchpriority=\"high\" decoding=\"async\" width=\"1024\" height=\"576\" src=\"https:\/\/cleitonpinheiro.com.br\/site\/wp-content\/uploads\/2025\/06\/avenida-jk2-1024x576-1.jpg\" alt=\"\" class=\"wp-image-85836\" srcset=\"https:\/\/cleitonpinheiro.com.br\/site\/wp-content\/uploads\/2025\/06\/avenida-jk2-1024x576-1.jpg 1024w, https:\/\/cleitonpinheiro.com.br\/site\/wp-content\/uploads\/2025\/06\/avenida-jk2-1024x576-1-300x169.jpg 300w, https:\/\/cleitonpinheiro.com.br\/site\/wp-content\/uploads\/2025\/06\/avenida-jk2-1024x576-1-768x432.jpg 768w\" sizes=\"(max-width: 1024px) 100vw, 1024px\" \/><\/figure>\n\n\n\n<p>A Prefeitura de Palmas, por meio da Secretaria Municipal de Zeladoria Urbana, segue com os trabalhos de constru\u00e7\u00e3o de recuo para a instala\u00e7\u00e3o de cont\u00eaineres e lixeiras em pontos estrat\u00e9gicos da cidade. Desde abril, quando a a\u00e7\u00e3o teve in\u00edcio, j\u00e1 foram distribu\u00eddos 174 cont\u00eaineres pela cidade. A previs\u00e3o \u00e9 instalar mais de 300 equipamentos de coleta em \u00e1reas p\u00fablicas da Capital at\u00e9 julho.<\/p>\n\n\n\n<p>Os recuos visam garantir mais seguran\u00e7a e fluidez no tr\u00e2nsito, evitando que os equipamentos fiquem sobre as cal\u00e7adas ou pistas, al\u00e9m de contribu\u00edrem com a organiza\u00e7\u00e3o e limpeza urbana. A instala\u00e7\u00e3o \u00e9 feita de forma gradativa, com base em estudos t\u00e9cnicos da pasta.<\/p>\n\n\n\n<p>O secret\u00e1rio municipal de Zeladoria Urbana, Marc\u00edlio Guilherme \u00c1vila, refor\u00e7a a import\u00e2ncia da colabora\u00e7\u00e3o da popula\u00e7\u00e3o nesse processo. \u201cEsses recuos foram planejados para facilitar o acesso da popula\u00e7\u00e3o aos equipamentos de coleta e, principalmente, evitar transtornos no tr\u00e2nsito. Pedimos que os moradores n\u00e3o retirem ou mudem os cont\u00eaineres de lugar. A participa\u00e7\u00e3o de todos \u00e9 essencial para o bom funcionamento do servi\u00e7o e para mantermos a cidade limpa e organizada\u201d, destaca.<\/p>\n\n\n\n<p><strong>Atendimentos<\/strong><\/p>\n\n\n\n<p>Entre os locais j\u00e1 atendidos est\u00e3o a Arse 131 (1304 Sul), Arno 33 (307 Norte), Jardim Aureny I, al\u00e9m de importantes vias como a Avenida JK (entre NS-01 e NS-03), LO-01, LO-03, LO-05, NS-02 e NS-03. As pr\u00f3ximas instala\u00e7\u00f5es j\u00e1 est\u00e3o previstas para as avenidas LO-23 e LO-27, dentro do cronograma cont\u00ednuo de qualifica\u00e7\u00e3o dos espa\u00e7os p\u00fablicos.<\/p>\n\n\n\n<p>Texto: J\u00e9ssica S\u00e1 &#8211; Prefeitura de Palmas<\/p>\n","protected":false},"excerpt":{"rendered":"<p>A Prefeitura de Palmas, por meio da Secretaria Municipal de Zeladoria Urbana, segue com os trabalhos de constru\u00e7\u00e3o de recuo para a instala\u00e7\u00e3o de cont\u00eaineres e lixeiras em pontos estrat\u00e9gicos da cidade. Desde abril, quando a a\u00e7\u00e3o teve in\u00edcio, j\u00e1 foram distribu\u00eddos 174 cont\u00eaineres pela cidade. A previs\u00e3o \u00e9 instalar mais de 300 equipamentos de [&hellip;]<\/p>\n","protected":false},"author":10,"featured_media":85836,"comment_status":"open","ping_status":"open","sticky":false,"template":"","format":"standard","meta":{"_acf_changed":false,"footnotes":""},"categories":[22,898,21],"tags":[],"class_list":["post-85835","post","type-post","status-publish","format-standard","has-post-thumbnail","hentry","category-cidades","category-manchete-segundaria","category-todas-noticias"],"acf":[],"yoast_head":"<!-- This site is optimized with the Yoast SEO plugin v24.4 - https:\/\/yoast.com\/wordpress\/plugins\/seo\/ -->\n<title>Prefeitura de Palmas instala mais de 170 novas lixeiras com constru\u00e7\u00e3o de recuos em vias p\u00fablicas - PORTAL DE NOT\u00cdCIAS CLEITON PINHEIRO<\/title>\n<meta name=\"robots\" content=\"index, follow, max-snippet:-1, max-image-preview:large, max-video-preview:-1\" \/>\n<link rel=\"canonical\" href=\"https:\/\/cleitonpinheiro.com.br\/site\/prefeitura-de-palmas-instala-mais-de-170-novas-lixeiras-com-construcao-de-recuos-em-vias-publicas\/\" \/>\n<meta property=\"og:locale\" content=\"pt_BR\" \/>\n<meta property=\"og:type\" content=\"article\" \/>\n<meta property=\"og:title\" content=\"Prefeitura de Palmas instala mais de 170 novas lixeiras com constru\u00e7\u00e3o de recuos em vias p\u00fablicas - PORTAL DE NOT\u00cdCIAS CLEITON PINHEIRO\" \/>\n<meta property=\"og:description\" content=\"A Prefeitura de Palmas, por meio da Secretaria Municipal de Zeladoria Urbana, segue com os trabalhos de constru\u00e7\u00e3o de recuo para a instala\u00e7\u00e3o de cont\u00eaineres e lixeiras em pontos estrat\u00e9gicos da cidade. Desde abril, quando a a\u00e7\u00e3o teve in\u00edcio, j\u00e1 foram distribu\u00eddos 174 cont\u00eaineres pela cidade. A previs\u00e3o \u00e9 instalar mais de 300 equipamentos de [&hellip;]\" \/>\n<meta property=\"og:url\" content=\"https:\/\/cleitonpinheiro.com.br\/site\/prefeitura-de-palmas-instala-mais-de-170-novas-lixeiras-com-construcao-de-recuos-em-vias-publicas\/\" \/>\n<meta property=\"og:site_name\" content=\"PORTAL DE NOT\u00cdCIAS CLEITON PINHEIRO\" \/>\n<meta property=\"article:publisher\" content=\"https:\/\/www.facebook.com\/portalcpnoticias\/\" \/>\n<meta property=\"article:published_time\" content=\"2025-06-13T18:41:42+00:00\" \/>\n<meta property=\"article:modified_time\" content=\"2025-06-16T20:25:59+00:00\" \/>\n<meta property=\"og:image\" content=\"https:\/\/cleitonpinheiro.com.br\/site\/wp-content\/uploads\/2025\/06\/avenida-jk2-1024x576-1.jpg\" \/>\n\t<meta property=\"og:image:width\" content=\"1024\" \/>\n\t<meta property=\"og:image:height\" content=\"576\" \/>\n\t<meta property=\"og:image:type\" content=\"image\/jpeg\" \/>\n<meta name=\"author\" content=\"Cleiton Pinheiro\" \/>\n<meta name=\"twitter:card\" content=\"summary_large_image\" \/>\n<meta name=\"twitter:label1\" content=\"Escrito por\" \/>\n\t<meta name=\"twitter:data1\" content=\"Cleiton Pinheiro\" \/>\n\t<meta name=\"twitter:label2\" content=\"Est. tempo de leitura\" \/>\n\t<meta name=\"twitter:data2\" content=\"2 minutos\" \/>\n<script type=\"application\/ld+json\" class=\"yoast-schema-graph\">{\"@context\":\"https:\/\/schema.org\",\"@graph\":[{\"@type\":\"Article\",\"@id\":\"https:\/\/cleitonpinheiro.com.br\/site\/prefeitura-de-palmas-instala-mais-de-170-novas-lixeiras-com-construcao-de-recuos-em-vias-publicas\/#article\",\"isPartOf\":{\"@id\":\"https:\/\/cleitonpinheiro.com.br\/site\/prefeitura-de-palmas-instala-mais-de-170-novas-lixeiras-com-construcao-de-recuos-em-vias-publicas\/\"},\"author\":{\"name\":\"Cleiton Pinheiro\",\"@id\":\"https:\/\/cleitonpinheiro.com.br\/site\/#\/schema\/person\/62fd4eb98fcc8bd3fc477aaff264af51\"},\"headline\":\"Prefeitura de Palmas instala mais de 170 novas lixeiras com constru\u00e7\u00e3o de recuos em vias p\u00fablicas\",\"datePublished\":\"2025-06-13T18:41:42+00:00\",\"dateModified\":\"2025-06-16T20:25:59+00:00\",\"mainEntityOfPage\":{\"@id\":\"https:\/\/cleitonpinheiro.com.br\/site\/prefeitura-de-palmas-instala-mais-de-170-novas-lixeiras-com-construcao-de-recuos-em-vias-publicas\/\"},\"wordCount\":290,\"commentCount\":0,\"publisher\":{\"@id\":\"https:\/\/cleitonpinheiro.com.br\/site\/#organization\"},\"image\":{\"@id\":\"https:\/\/cleitonpinheiro.com.br\/site\/prefeitura-de-palmas-instala-mais-de-170-novas-lixeiras-com-construcao-de-recuos-em-vias-publicas\/#primaryimage\"},\"thumbnailUrl\":\"https:\/\/cleitonpinheiro.com.br\/site\/wp-content\/uploads\/2025\/06\/avenida-jk2-1024x576-1.jpg\",\"articleSection\":[\"CIDADES\",\"MANCHETE SEGUND\u00c1RIA\",\"TODAS NOTICIAS\"],\"inLanguage\":\"pt-BR\",\"potentialAction\":[{\"@type\":\"CommentAction\",\"name\":\"Comment\",\"target\":[\"https:\/\/cleitonpinheiro.com.br\/site\/prefeitura-de-palmas-instala-mais-de-170-novas-lixeiras-com-construcao-de-recuos-em-vias-publicas\/#respond\"]}]},{\"@type\":\"WebPage\",\"@id\":\"https:\/\/cleitonpinheiro.com.br\/site\/prefeitura-de-palmas-instala-mais-de-170-novas-lixeiras-com-construcao-de-recuos-em-vias-publicas\/\",\"url\":\"https:\/\/cleitonpinheiro.com.br\/site\/prefeitura-de-palmas-instala-mais-de-170-novas-lixeiras-com-construcao-de-recuos-em-vias-publicas\/\",\"name\":\"Prefeitura de Palmas instala mais de 170 novas lixeiras com constru\u00e7\u00e3o de recuos em vias p\u00fablicas - PORTAL DE NOT\u00cdCIAS CLEITON PINHEIRO\",\"isPartOf\":{\"@id\":\"https:\/\/cleitonpinheiro.com.br\/site\/#website\"},\"primaryImageOfPage\":{\"@id\":\"https:\/\/cleitonpinheiro.com.br\/site\/prefeitura-de-palmas-instala-mais-de-170-novas-lixeiras-com-construcao-de-recuos-em-vias-publicas\/#primaryimage\"},\"image\":{\"@id\":\"https:\/\/cleitonpinheiro.com.br\/site\/prefeitura-de-palmas-instala-mais-de-170-novas-lixeiras-com-construcao-de-recuos-em-vias-publicas\/#primaryimage\"},\"thumbnailUrl\":\"https:\/\/cleitonpinheiro.com.br\/site\/wp-content\/uploads\/2025\/06\/avenida-jk2-1024x576-1.jpg\",\"datePublished\":\"2025-06-13T18:41:42+00:00\",\"dateModified\":\"2025-06-16T20:25:59+00:00\",\"breadcrumb\":{\"@id\":\"https:\/\/cleitonpinheiro.com.br\/site\/prefeitura-de-palmas-instala-mais-de-170-novas-lixeiras-com-construcao-de-recuos-em-vias-publicas\/#breadcrumb\"},\"inLanguage\":\"pt-BR\",\"potentialAction\":[{\"@type\":\"ReadAction\",\"target\":[\"https:\/\/cleitonpinheiro.com.br\/site\/prefeitura-de-palmas-instala-mais-de-170-novas-lixeiras-com-construcao-de-recuos-em-vias-publicas\/\"]}]},{\"@type\":\"ImageObject\",\"inLanguage\":\"pt-BR\",\"@id\":\"https:\/\/cleitonpinheiro.com.br\/site\/prefeitura-de-palmas-instala-mais-de-170-novas-lixeiras-com-construcao-de-recuos-em-vias-publicas\/#primaryimage\",\"url\":\"https:\/\/cleitonpinheiro.com.br\/site\/wp-content\/uploads\/2025\/06\/avenida-jk2-1024x576-1.jpg\",\"contentUrl\":\"https:\/\/cleitonpinheiro.com.br\/site\/wp-content\/uploads\/2025\/06\/avenida-jk2-1024x576-1.jpg\",\"width\":1024,\"height\":576},{\"@type\":\"BreadcrumbList\",\"@id\":\"https:\/\/cleitonpinheiro.com.br\/site\/prefeitura-de-palmas-instala-mais-de-170-novas-lixeiras-com-construcao-de-recuos-em-vias-publicas\/#breadcrumb\",\"itemListElement\":[{\"@type\":\"ListItem\",\"position\":1,\"name\":\"In\u00edcio\",\"item\":\"https:\/\/cleitonpinheiro.com.br\/site\/\"},{\"@type\":\"ListItem\",\"position\":2,\"name\":\"Prefeitura de Palmas instala mais de 170 novas lixeiras com constru\u00e7\u00e3o de recuos em vias p\u00fablicas\"}]},{\"@type\":\"WebSite\",\"@id\":\"https:\/\/cleitonpinheiro.com.br\/site\/#website\",\"url\":\"https:\/\/cleitonpinheiro.com.br\/site\/\",\"name\":\"PORTAL DE NOT\u00cdCIAS CLEITON PINHEIRO\",\"description\":\"FALANDO A VERDADE\",\"publisher\":{\"@id\":\"https:\/\/cleitonpinheiro.com.br\/site\/#organization\"},\"potentialAction\":[{\"@type\":\"SearchAction\",\"target\":{\"@type\":\"EntryPoint\",\"urlTemplate\":\"https:\/\/cleitonpinheiro.com.br\/site\/?s={search_term_string}\"},\"query-input\":{\"@type\":\"PropertyValueSpecification\",\"valueRequired\":true,\"valueName\":\"search_term_string\"}}],\"inLanguage\":\"pt-BR\"},{\"@type\":\"Organization\",\"@id\":\"https:\/\/cleitonpinheiro.com.br\/site\/#organization\",\"name\":\"CPNOT\u00cdCIAS\",\"url\":\"https:\/\/cleitonpinheiro.com.br\/site\/\",\"logo\":{\"@type\":\"ImageObject\",\"inLanguage\":\"pt-BR\",\"@id\":\"https:\/\/cleitonpinheiro.com.br\/site\/#\/schema\/logo\/image\/\",\"url\":\"https:\/\/cleitonpinheiro.com.br\/site\/wp-content\/uploads\/2022\/08\/Logo-pequena-2.png\",\"contentUrl\":\"https:\/\/cleitonpinheiro.com.br\/site\/wp-content\/uploads\/2022\/08\/Logo-pequena-2.png\",\"width\":500,\"height\":500,\"caption\":\"CPNOT\u00cdCIAS\"},\"image\":{\"@id\":\"https:\/\/cleitonpinheiro.com.br\/site\/#\/schema\/logo\/image\/\"},\"sameAs\":[\"https:\/\/www.facebook.com\/portalcpnoticias\/\"]},{\"@type\":\"Person\",\"@id\":\"https:\/\/cleitonpinheiro.com.br\/site\/#\/schema\/person\/62fd4eb98fcc8bd3fc477aaff264af51\",\"name\":\"Cleiton Pinheiro\",\"image\":{\"@type\":\"ImageObject\",\"inLanguage\":\"pt-BR\",\"@id\":\"https:\/\/cleitonpinheiro.com.br\/site\/#\/schema\/person\/image\/\",\"url\":\"https:\/\/secure.gravatar.com\/avatar\/15642ec35b78fe5eed3cfa8e4a3f3211d73a3df4f35f0566b4324958cba1b1b9?s=96&r=g\",\"contentUrl\":\"https:\/\/secure.gravatar.com\/avatar\/15642ec35b78fe5eed3cfa8e4a3f3211d73a3df4f35f0566b4324958cba1b1b9?s=96&r=g\",\"caption\":\"Cleiton Pinheiro\"},\"url\":\"https:\/\/cleitonpinheiro.com.br\/site\/author\/cleiton\/\"}]}<\/script>\n<!-- \/ Yoast SEO plugin. -->","yoast_head_json":{"title":"Prefeitura de Palmas instala mais de 170 novas lixeiras com constru\u00e7\u00e3o de recuos em vias p\u00fablicas - PORTAL DE NOT\u00cdCIAS CLEITON PINHEIRO","robots":{"index":"index","follow":"follow","max-snippet":"max-snippet:-1","max-image-preview":"max-image-preview:large","max-video-preview":"max-video-preview:-1"},"canonical":"https:\/\/cleitonpinheiro.com.br\/site\/prefeitura-de-palmas-instala-mais-de-170-novas-lixeiras-com-construcao-de-recuos-em-vias-publicas\/","og_locale":"pt_BR","og_type":"article","og_title":"Prefeitura de Palmas instala mais de 170 novas lixeiras com constru\u00e7\u00e3o de recuos em vias p\u00fablicas - PORTAL DE NOT\u00cdCIAS CLEITON PINHEIRO","og_description":"A Prefeitura de Palmas, por meio da Secretaria Municipal de Zeladoria Urbana, segue com os trabalhos de constru\u00e7\u00e3o de recuo para a instala\u00e7\u00e3o de cont\u00eaineres e lixeiras em pontos estrat\u00e9gicos da cidade. Desde abril, quando a a\u00e7\u00e3o teve in\u00edcio, j\u00e1 foram distribu\u00eddos 174 cont\u00eaineres pela cidade. A previs\u00e3o \u00e9 instalar mais de 300 equipamentos de [&hellip;]","og_url":"https:\/\/cleitonpinheiro.com.br\/site\/prefeitura-de-palmas-instala-mais-de-170-novas-lixeiras-com-construcao-de-recuos-em-vias-publicas\/","og_site_name":"PORTAL DE NOT\u00cdCIAS CLEITON PINHEIRO","article_publisher":"https:\/\/www.facebook.com\/portalcpnoticias\/","article_published_time":"2025-06-13T18:41:42+00:00","article_modified_time":"2025-06-16T20:25:59+00:00","og_image":[{"width":1024,"height":576,"url":"https:\/\/cleitonpinheiro.com.br\/site\/wp-content\/uploads\/2025\/06\/avenida-jk2-1024x576-1.jpg","type":"image\/jpeg"}],"author":"Cleiton Pinheiro","twitter_card":"summary_large_image","twitter_misc":{"Escrito por":"Cleiton Pinheiro","Est. tempo de leitura":"2 minutos"},"schema":{"@context":"https:\/\/schema.org","@graph":[{"@type":"Article","@id":"https:\/\/cleitonpinheiro.com.br\/site\/prefeitura-de-palmas-instala-mais-de-170-novas-lixeiras-com-construcao-de-recuos-em-vias-publicas\/#article","isPartOf":{"@id":"https:\/\/cleitonpinheiro.com.br\/site\/prefeitura-de-palmas-instala-mais-de-170-novas-lixeiras-com-construcao-de-recuos-em-vias-publicas\/"},"author":{"name":"Cleiton Pinheiro","@id":"https:\/\/cleitonpinheiro.com.br\/site\/#\/schema\/person\/62fd4eb98fcc8bd3fc477aaff264af51"},"headline":"Prefeitura de Palmas instala mais de 170 novas lixeiras com constru\u00e7\u00e3o de recuos em vias p\u00fablicas","datePublished":"2025-06-13T18:41:42+00:00","dateModified":"2025-06-16T20:25:59+00:00","mainEntityOfPage":{"@id":"https:\/\/cleitonpinheiro.com.br\/site\/prefeitura-de-palmas-instala-mais-de-170-novas-lixeiras-com-construcao-de-recuos-em-vias-publicas\/"},"wordCount":290,"commentCount":0,"publisher":{"@id":"https:\/\/cleitonpinheiro.com.br\/site\/#organization"},"image":{"@id":"https:\/\/cleitonpinheiro.com.br\/site\/prefeitura-de-palmas-instala-mais-de-170-novas-lixeiras-com-construcao-de-recuos-em-vias-publicas\/#primaryimage"},"thumbnailUrl":"https:\/\/cleitonpinheiro.com.br\/site\/wp-content\/uploads\/2025\/06\/avenida-jk2-1024x576-1.jpg","articleSection":["CIDADES","MANCHETE SEGUND\u00c1RIA","TODAS NOTICIAS"],"inLanguage":"pt-BR","potentialAction":[{"@type":"CommentAction","name":"Comment","target":["https:\/\/cleitonpinheiro.com.br\/site\/prefeitura-de-palmas-instala-mais-de-170-novas-lixeiras-com-construcao-de-recuos-em-vias-publicas\/#respond"]}]},{"@type":"WebPage","@id":"https:\/\/cleitonpinheiro.com.br\/site\/prefeitura-de-palmas-instala-mais-de-170-novas-lixeiras-com-construcao-de-recuos-em-vias-publicas\/","url":"https:\/\/cleitonpinheiro.com.br\/site\/prefeitura-de-palmas-instala-mais-de-170-novas-lixeiras-com-construcao-de-recuos-em-vias-publicas\/","name":"Prefeitura de Palmas instala mais de 170 novas lixeiras com constru\u00e7\u00e3o de recuos em vias p\u00fablicas - PORTAL DE NOT\u00cdCIAS CLEITON PINHEIRO","isPartOf":{"@id":"https:\/\/cleitonpinheiro.com.br\/site\/#website"},"primaryImageOfPage":{"@id":"https:\/\/cleitonpinheiro.com.br\/site\/prefeitura-de-palmas-instala-mais-de-170-novas-lixeiras-com-construcao-de-recuos-em-vias-publicas\/#primaryimage"},"image":{"@id":"https:\/\/cleitonpinheiro.com.br\/site\/prefeitura-de-palmas-instala-mais-de-170-novas-lixeiras-com-construcao-de-recuos-em-vias-publicas\/#primaryimage"},"thumbnailUrl":"https:\/\/cleitonpinheiro.com.br\/site\/wp-content\/uploads\/2025\/06\/avenida-jk2-1024x576-1.jpg","datePublished":"2025-06-13T18:41:42+00:00","dateModified":"2025-06-16T20:25:59+00:00","breadcrumb":{"@id":"https:\/\/cleitonpinheiro.com.br\/site\/prefeitura-de-palmas-instala-mais-de-170-novas-lixeiras-com-construcao-de-recuos-em-vias-publicas\/#breadcrumb"},"inLanguage":"pt-BR","potentialAction":[{"@type":"ReadAction","target":["https:\/\/cleitonpinheiro.com.br\/site\/prefeitura-de-palmas-instala-mais-de-170-novas-lixeiras-com-construcao-de-recuos-em-vias-publicas\/"]}]},{"@type":"ImageObject","inLanguage":"pt-BR","@id":"https:\/\/cleitonpinheiro.com.br\/site\/prefeitura-de-palmas-instala-mais-de-170-novas-lixeiras-com-construcao-de-recuos-em-vias-publicas\/#primaryimage","url":"https:\/\/cleitonpinheiro.com.br\/site\/wp-content\/uploads\/2025\/06\/avenida-jk2-1024x576-1.jpg","contentUrl":"https:\/\/cleitonpinheiro.com.br\/site\/wp-content\/uploads\/2025\/06\/avenida-jk2-1024x576-1.jpg","width":1024,"height":576},{"@type":"BreadcrumbList","@id":"https:\/\/cleitonpinheiro.com.br\/site\/prefeitura-de-palmas-instala-mais-de-170-novas-lixeiras-com-construcao-de-recuos-em-vias-publicas\/#breadcrumb","itemListElement":[{"@type":"ListItem","position":1,"name":"In\u00edcio","item":"https:\/\/cleitonpinheiro.com.br\/site\/"},{"@type":"ListItem","position":2,"name":"Prefeitura de Palmas instala mais de 170 novas lixeiras com constru\u00e7\u00e3o de recuos em vias p\u00fablicas"}]},{"@type":"WebSite","@id":"https:\/\/cleitonpinheiro.com.br\/site\/#website","url":"https:\/\/cleitonpinheiro.com.br\/site\/","name":"PORTAL DE NOT\u00cdCIAS CLEITON PINHEIRO","description":"FALANDO A VERDADE","publisher":{"@id":"https:\/\/cleitonpinheiro.com.br\/site\/#organization"},"potentialAction":[{"@type":"SearchAction","target":{"@type":"EntryPoint","urlTemplate":"https:\/\/cleitonpinheiro.com.br\/site\/?s={search_term_string}"},"query-input":{"@type":"PropertyValueSpecification","valueRequired":true,"valueName":"search_term_string"}}],"inLanguage":"pt-BR"},{"@type":"Organization","@id":"https:\/\/cleitonpinheiro.com.br\/site\/#organization","name":"CPNOT\u00cdCIAS","url":"https:\/\/cleitonpinheiro.com.br\/site\/","logo":{"@type":"ImageObject","inLanguage":"pt-BR","@id":"https:\/\/cleitonpinheiro.com.br\/site\/#\/schema\/logo\/image\/","url":"https:\/\/cleitonpinheiro.com.br\/site\/wp-content\/uploads\/2022\/08\/Logo-pequena-2.png","contentUrl":"https:\/\/cleitonpinheiro.com.br\/site\/wp-content\/uploads\/2022\/08\/Logo-pequena-2.png","width":500,"height":500,"caption":"CPNOT\u00cdCIAS"},"image":{"@id":"https:\/\/cleitonpinheiro.com.br\/site\/#\/schema\/logo\/image\/"},"sameAs":["https:\/\/www.facebook.com\/portalcpnoticias\/"]},{"@type":"Person","@id":"https:\/\/cleitonpinheiro.com.br\/site\/#\/schema\/person\/62fd4eb98fcc8bd3fc477aaff264af51","name":"Cleiton Pinheiro","image":{"@type":"ImageObject","inLanguage":"pt-BR","@id":"https:\/\/cleitonpinheiro.com.br\/site\/#\/schema\/person\/image\/","url":"https:\/\/secure.gravatar.com\/avatar\/15642ec35b78fe5eed3cfa8e4a3f3211d73a3df4f35f0566b4324958cba1b1b9?s=96&r=g","contentUrl":"https:\/\/secure.gravatar.com\/avatar\/15642ec35b78fe5eed3cfa8e4a3f3211d73a3df4f35f0566b4324958cba1b1b9?s=96&r=g","caption":"Cleiton Pinheiro"},"url":"https:\/\/cleitonpinheiro.com.br\/site\/author\/cleiton\/"}]}},"views":180,"_links":{"self":[{"href":"https:\/\/cleitonpinheiro.com.br\/site\/wp-json\/wp\/v2\/posts\/85835","targetHints":{"allow":["GET"]}}],"collection":[{"href":"https:\/\/cleitonpinheiro.com.br\/site\/wp-json\/wp\/v2\/posts"}],"about":[{"href":"https:\/\/cleitonpinheiro.com.br\/site\/wp-json\/wp\/v2\/types\/post"}],"author":[{"embeddable":true,"href":"https:\/\/cleitonpinheiro.com.br\/site\/wp-json\/wp\/v2\/users\/10"}],"replies":[{"embeddable":true,"href":"https:\/\/cleitonpinheiro.com.br\/site\/wp-json\/wp\/v2\/comments?post=85835"}],"version-history":[{"count":1,"href":"https:\/\/cleitonpinheiro.com.br\/site\/wp-json\/wp\/v2\/posts\/85835\/revisions"}],"predecessor-version":[{"id":85837,"href":"https:\/\/cleitonpinheiro.com.br\/site\/wp-json\/wp\/v2\/posts\/85835\/revisions\/85837"}],"wp:featuredmedia":[{"embeddable":true,"href":"https:\/\/cleitonpinheiro.com.br\/site\/wp-json\/wp\/v2\/media\/85836"}],"wp:attachment":[{"href":"https:\/\/cleitonpinheiro.com.br\/site\/wp-json\/wp\/v2\/media?parent=85835"}],"wp:term":[{"taxonomy":"category","embeddable":true,"href":"https:\/\/cleitonpinheiro.com.br\/site\/wp-json\/wp\/v2\/categories?post=85835"},{"taxonomy":"post_tag","embeddable":true,"href":"https:\/\/cleitonpinheiro.com.br\/site\/wp-json\/wp\/v2\/tags?post=85835"}],"curies":[{"name":"wp","href":"https:\/\/api.w.org\/{rel}","templated":true}]}}