{"id":85838,"date":"2025-06-13T15:41:00","date_gmt":"2025-06-13T18:41:00","guid":{"rendered":"https:\/\/cleitonpinheiro.com.br\/site\/?p=85838"},"modified":"2025-06-13T15:41:09","modified_gmt":"2025-06-13T18:41:09","slug":"comunidade-comemora-entrega-dos-restaurantes-comunitarios-de-palmas","status":"publish","type":"post","link":"https:\/\/cleitonpinheiro.com.br\/site\/comunidade-comemora-entrega-dos-restaurantes-comunitarios-de-palmas\/","title":{"rendered":"Comunidade comemora entrega dos restaurantes comunit\u00e1rios de Palmas"},"content":{"rendered":"\n<figure class=\"wp-block-image size-large\"><img fetchpriority=\"high\" decoding=\"async\" width=\"1024\" height=\"683\" src=\"https:\/\/cleitonpinheiro.com.br\/site\/wp-content\/uploads\/2025\/06\/WhatsApp-Image-2025-06-11-at-17.47.43-1536x1024-1-1024x683.jpeg\" alt=\"\" class=\"wp-image-85839\" srcset=\"https:\/\/cleitonpinheiro.com.br\/site\/wp-content\/uploads\/2025\/06\/WhatsApp-Image-2025-06-11-at-17.47.43-1536x1024-1-1024x683.jpeg 1024w, https:\/\/cleitonpinheiro.com.br\/site\/wp-content\/uploads\/2025\/06\/WhatsApp-Image-2025-06-11-at-17.47.43-1536x1024-1-300x200.jpeg 300w, https:\/\/cleitonpinheiro.com.br\/site\/wp-content\/uploads\/2025\/06\/WhatsApp-Image-2025-06-11-at-17.47.43-1536x1024-1-768x512.jpeg 768w, https:\/\/cleitonpinheiro.com.br\/site\/wp-content\/uploads\/2025\/06\/WhatsApp-Image-2025-06-11-at-17.47.43-1536x1024-1.jpeg 1536w\" sizes=\"(max-width: 1024px) 100vw, 1024px\" \/><figcaption class=\"wp-element-caption\">@Edu Fortes<\/figcaption><\/figure>\n\n\n\n<p>Os restaurantes comunit\u00e1rios Tereza Cristina Ayres, na regi\u00e3o norte, e de Taquaralto, na regi\u00e3o sul, fechados desde novembro de 2022, foram reabertos nesta quarta-feira, 11, e funcionar\u00e3o de segunda a sexta-feira, das 11h \u00e0s 14h, com o fornecimento de at\u00e9 2 mil refei\u00e7\u00f5es di\u00e1rias em cada local. Cada refei\u00e7\u00e3o servida custa R$ 3,00. Os equipamentos s\u00e3o de acesso universal, mas alguns grupos t\u00eam prioridade, como pessoas em situa\u00e7\u00e3o de rua, que s\u00e3o isentos.<\/p>\n\n\n\n<p>Na reabertura o contentamento era vis\u00edvel em muitos usu\u00e1rios. \u201cEstava contando os dias para esse port\u00e3o do comunit\u00e1rio aqui do norte abrir\u201d. A declara\u00e7\u00e3o \u00e9 da dona de casa Doraci Alves dos Santos, que disse ainda ter aprovado a comida. \u201cA feijoada estava uma del\u00edcia!\u201d, completou.<\/p>\n\n\n\n<p>J\u00e1 Irinete Silva Rocha afirmou que est\u00e1 muito feliz com a reabertura dos comunit\u00e1rios. \u201cAlmocei bem e agora tenho energia pra voltar ao trabalho. Essa abertura desses restaurantes \u00e9 um presente pra gente\u201d, comemora a dona de casa.<\/p>\n\n\n\n<p>A dona Luiza Nunes, que \u00e9 moradora de Taquaralto, comentou sobre a reabertura do Restaurante Comunit\u00e1rio da regi\u00e3o sul. \u201cReabrir o restaurante aqui foi muito bom pra todos n\u00f3s. \u00c9 importante principalmente para os trabalhadores e comerciantes\u201d.<\/p>\n\n\n\n<p>O gerente de Seguran\u00e7a Alimentar da Secretaria Municipal de A\u00e7\u00e3o Social de Palmas (Semas), Felipe Coelho, destacou a import\u00e2ncia dos equipamentos p\u00fablicos. \u201c\u00c9 fundamental a oferta de uma refei\u00e7\u00e3o nutricionalmente adequada com pre\u00e7o acess\u00edvel porque s\u00f3 refor\u00e7a as pol\u00edticas p\u00fablicas de combate \u00e0 inseguran\u00e7a alimentar da popula\u00e7\u00e3o\u201d.<\/p>\n\n\n\n<p><strong>Card\u00e1pio<\/strong><\/p>\n\n\n\n<p>Os card\u00e1pios dos dois restaurantes comunit\u00e1rio ser\u00e3o o mesmo e ser\u00e3o divulgados nas redes sociais e site da Prefeitura de Palmas. Nesta quinta-feira, 12, ser\u00e1 servido frango assado, arroz branco, feij\u00e3o carioca, polenta, alface, cenoura e de sobremesa, doce.<\/p>\n\n\n\n<p><strong>Endere\u00e7os<\/strong><\/p>\n\n\n\n<p>O Restaurante Comunit\u00e1rio de Taquaralto est\u00e1 localizado na regi\u00e3o central de Taquaralto. J\u00e1 o restaurante comunit\u00e1rio Tereza Cristina Ayres, fica na Av. NS-01, ao lado da Ordem dos Advogados do Brasil \u2013 Seccional Tocantins (OAB-TO).<\/p>\n\n\n\n<p>Texto: France Santiago &#8211; Prefeitura de Palmas<\/p>\n","protected":false},"excerpt":{"rendered":"<p>Os restaurantes comunit\u00e1rios Tereza Cristina Ayres, na regi\u00e3o norte, e de Taquaralto, na regi\u00e3o sul, fechados desde novembro de 2022, foram reabertos nesta quarta-feira, 11, e funcionar\u00e3o de segunda a sexta-feira, das 11h \u00e0s 14h, com o fornecimento de at\u00e9 2 mil refei\u00e7\u00f5es di\u00e1rias em cada local. Cada refei\u00e7\u00e3o servida custa R$ 3,00. Os equipamentos [&hellip;]<\/p>\n","protected":false},"author":10,"featured_media":85839,"comment_status":"open","ping_status":"open","sticky":false,"template":"","format":"standard","meta":{"_acf_changed":false,"footnotes":""},"categories":[22,898,21],"tags":[],"class_list":["post-85838","post","type-post","status-publish","format-standard","has-post-thumbnail","hentry","category-cidades","category-manchete-segundaria","category-todas-noticias"],"acf":[],"yoast_head":"<!-- This site is optimized with the Yoast SEO plugin v24.4 - https:\/\/yoast.com\/wordpress\/plugins\/seo\/ -->\n<title>Comunidade comemora entrega dos restaurantes comunit\u00e1rios de Palmas - PORTAL DE NOT\u00cdCIAS CLEITON PINHEIRO<\/title>\n<meta name=\"robots\" content=\"index, follow, max-snippet:-1, max-image-preview:large, max-video-preview:-1\" \/>\n<link rel=\"canonical\" href=\"https:\/\/cleitonpinheiro.com.br\/site\/comunidade-comemora-entrega-dos-restaurantes-comunitarios-de-palmas\/\" \/>\n<meta property=\"og:locale\" content=\"pt_BR\" \/>\n<meta property=\"og:type\" content=\"article\" \/>\n<meta property=\"og:title\" content=\"Comunidade comemora entrega dos restaurantes comunit\u00e1rios de Palmas - PORTAL DE NOT\u00cdCIAS CLEITON PINHEIRO\" \/>\n<meta property=\"og:description\" content=\"Os restaurantes comunit\u00e1rios Tereza Cristina Ayres, na regi\u00e3o norte, e de Taquaralto, na regi\u00e3o sul, fechados desde novembro de 2022, foram reabertos nesta quarta-feira, 11, e funcionar\u00e3o de segunda a sexta-feira, das 11h \u00e0s 14h, com o fornecimento de at\u00e9 2 mil refei\u00e7\u00f5es di\u00e1rias em cada local. Cada refei\u00e7\u00e3o servida custa R$ 3,00. Os equipamentos [&hellip;]\" \/>\n<meta property=\"og:url\" content=\"https:\/\/cleitonpinheiro.com.br\/site\/comunidade-comemora-entrega-dos-restaurantes-comunitarios-de-palmas\/\" \/>\n<meta property=\"og:site_name\" content=\"PORTAL DE NOT\u00cdCIAS CLEITON PINHEIRO\" \/>\n<meta property=\"article:publisher\" content=\"https:\/\/www.facebook.com\/portalcpnoticias\/\" \/>\n<meta property=\"article:published_time\" content=\"2025-06-13T18:41:00+00:00\" \/>\n<meta property=\"article:modified_time\" content=\"2025-06-13T18:41:09+00:00\" \/>\n<meta property=\"og:image\" content=\"https:\/\/cleitonpinheiro.com.br\/site\/wp-content\/uploads\/2025\/06\/WhatsApp-Image-2025-06-11-at-17.47.43-1536x1024-1.jpeg\" \/>\n\t<meta property=\"og:image:width\" content=\"1536\" \/>\n\t<meta property=\"og:image:height\" content=\"1024\" \/>\n\t<meta property=\"og:image:type\" content=\"image\/jpeg\" \/>\n<meta name=\"author\" content=\"Cleiton Pinheiro\" \/>\n<meta name=\"twitter:card\" content=\"summary_large_image\" \/>\n<meta name=\"twitter:label1\" content=\"Escrito por\" \/>\n\t<meta name=\"twitter:data1\" content=\"Cleiton Pinheiro\" \/>\n\t<meta name=\"twitter:label2\" content=\"Est. tempo de leitura\" \/>\n\t<meta name=\"twitter:data2\" content=\"3 minutos\" \/>\n<script type=\"application\/ld+json\" class=\"yoast-schema-graph\">{\"@context\":\"https:\/\/schema.org\",\"@graph\":[{\"@type\":\"Article\",\"@id\":\"https:\/\/cleitonpinheiro.com.br\/site\/comunidade-comemora-entrega-dos-restaurantes-comunitarios-de-palmas\/#article\",\"isPartOf\":{\"@id\":\"https:\/\/cleitonpinheiro.com.br\/site\/comunidade-comemora-entrega-dos-restaurantes-comunitarios-de-palmas\/\"},\"author\":{\"name\":\"Cleiton Pinheiro\",\"@id\":\"https:\/\/cleitonpinheiro.com.br\/site\/#\/schema\/person\/62fd4eb98fcc8bd3fc477aaff264af51\"},\"headline\":\"Comunidade comemora entrega dos restaurantes comunit\u00e1rios de Palmas\",\"datePublished\":\"2025-06-13T18:41:00+00:00\",\"dateModified\":\"2025-06-13T18:41:09+00:00\",\"mainEntityOfPage\":{\"@id\":\"https:\/\/cleitonpinheiro.com.br\/site\/comunidade-comemora-entrega-dos-restaurantes-comunitarios-de-palmas\/\"},\"wordCount\":366,\"commentCount\":0,\"publisher\":{\"@id\":\"https:\/\/cleitonpinheiro.com.br\/site\/#organization\"},\"image\":{\"@id\":\"https:\/\/cleitonpinheiro.com.br\/site\/comunidade-comemora-entrega-dos-restaurantes-comunitarios-de-palmas\/#primaryimage\"},\"thumbnailUrl\":\"https:\/\/cleitonpinheiro.com.br\/site\/wp-content\/uploads\/2025\/06\/WhatsApp-Image-2025-06-11-at-17.47.43-1536x1024-1.jpeg\",\"articleSection\":[\"CIDADES\",\"MANCHETE SEGUND\u00c1RIA\",\"TODAS NOTICIAS\"],\"inLanguage\":\"pt-BR\",\"potentialAction\":[{\"@type\":\"CommentAction\",\"name\":\"Comment\",\"target\":[\"https:\/\/cleitonpinheiro.com.br\/site\/comunidade-comemora-entrega-dos-restaurantes-comunitarios-de-palmas\/#respond\"]}]},{\"@type\":\"WebPage\",\"@id\":\"https:\/\/cleitonpinheiro.com.br\/site\/comunidade-comemora-entrega-dos-restaurantes-comunitarios-de-palmas\/\",\"url\":\"https:\/\/cleitonpinheiro.com.br\/site\/comunidade-comemora-entrega-dos-restaurantes-comunitarios-de-palmas\/\",\"name\":\"Comunidade comemora entrega dos restaurantes comunit\u00e1rios de Palmas - PORTAL DE NOT\u00cdCIAS CLEITON PINHEIRO\",\"isPartOf\":{\"@id\":\"https:\/\/cleitonpinheiro.com.br\/site\/#website\"},\"primaryImageOfPage\":{\"@id\":\"https:\/\/cleitonpinheiro.com.br\/site\/comunidade-comemora-entrega-dos-restaurantes-comunitarios-de-palmas\/#primaryimage\"},\"image\":{\"@id\":\"https:\/\/cleitonpinheiro.com.br\/site\/comunidade-comemora-entrega-dos-restaurantes-comunitarios-de-palmas\/#primaryimage\"},\"thumbnailUrl\":\"https:\/\/cleitonpinheiro.com.br\/site\/wp-content\/uploads\/2025\/06\/WhatsApp-Image-2025-06-11-at-17.47.43-1536x1024-1.jpeg\",\"datePublished\":\"2025-06-13T18:41:00+00:00\",\"dateModified\":\"2025-06-13T18:41:09+00:00\",\"breadcrumb\":{\"@id\":\"https:\/\/cleitonpinheiro.com.br\/site\/comunidade-comemora-entrega-dos-restaurantes-comunitarios-de-palmas\/#breadcrumb\"},\"inLanguage\":\"pt-BR\",\"potentialAction\":[{\"@type\":\"ReadAction\",\"target\":[\"https:\/\/cleitonpinheiro.com.br\/site\/comunidade-comemora-entrega-dos-restaurantes-comunitarios-de-palmas\/\"]}]},{\"@type\":\"ImageObject\",\"inLanguage\":\"pt-BR\",\"@id\":\"https:\/\/cleitonpinheiro.com.br\/site\/comunidade-comemora-entrega-dos-restaurantes-comunitarios-de-palmas\/#primaryimage\",\"url\":\"https:\/\/cleitonpinheiro.com.br\/site\/wp-content\/uploads\/2025\/06\/WhatsApp-Image-2025-06-11-at-17.47.43-1536x1024-1.jpeg\",\"contentUrl\":\"https:\/\/cleitonpinheiro.com.br\/site\/wp-content\/uploads\/2025\/06\/WhatsApp-Image-2025-06-11-at-17.47.43-1536x1024-1.jpeg\",\"width\":1536,\"height\":1024,\"caption\":\"@Edu Fortes\"},{\"@type\":\"BreadcrumbList\",\"@id\":\"https:\/\/cleitonpinheiro.com.br\/site\/comunidade-comemora-entrega-dos-restaurantes-comunitarios-de-palmas\/#breadcrumb\",\"itemListElement\":[{\"@type\":\"ListItem\",\"position\":1,\"name\":\"In\u00edcio\",\"item\":\"https:\/\/cleitonpinheiro.com.br\/site\/\"},{\"@type\":\"ListItem\",\"position\":2,\"name\":\"Comunidade comemora entrega dos restaurantes comunit\u00e1rios de Palmas\"}]},{\"@type\":\"WebSite\",\"@id\":\"https:\/\/cleitonpinheiro.com.br\/site\/#website\",\"url\":\"https:\/\/cleitonpinheiro.com.br\/site\/\",\"name\":\"PORTAL DE NOT\u00cdCIAS CLEITON PINHEIRO\",\"description\":\"FALANDO A VERDADE\",\"publisher\":{\"@id\":\"https:\/\/cleitonpinheiro.com.br\/site\/#organization\"},\"potentialAction\":[{\"@type\":\"SearchAction\",\"target\":{\"@type\":\"EntryPoint\",\"urlTemplate\":\"https:\/\/cleitonpinheiro.com.br\/site\/?s={search_term_string}\"},\"query-input\":{\"@type\":\"PropertyValueSpecification\",\"valueRequired\":true,\"valueName\":\"search_term_string\"}}],\"inLanguage\":\"pt-BR\"},{\"@type\":\"Organization\",\"@id\":\"https:\/\/cleitonpinheiro.com.br\/site\/#organization\",\"name\":\"CPNOT\u00cdCIAS\",\"url\":\"https:\/\/cleitonpinheiro.com.br\/site\/\",\"logo\":{\"@type\":\"ImageObject\",\"inLanguage\":\"pt-BR\",\"@id\":\"https:\/\/cleitonpinheiro.com.br\/site\/#\/schema\/logo\/image\/\",\"url\":\"https:\/\/cleitonpinheiro.com.br\/site\/wp-content\/uploads\/2022\/08\/Logo-pequena-2.png\",\"contentUrl\":\"https:\/\/cleitonpinheiro.com.br\/site\/wp-content\/uploads\/2022\/08\/Logo-pequena-2.png\",\"width\":500,\"height\":500,\"caption\":\"CPNOT\u00cdCIAS\"},\"image\":{\"@id\":\"https:\/\/cleitonpinheiro.com.br\/site\/#\/schema\/logo\/image\/\"},\"sameAs\":[\"https:\/\/www.facebook.com\/portalcpnoticias\/\"]},{\"@type\":\"Person\",\"@id\":\"https:\/\/cleitonpinheiro.com.br\/site\/#\/schema\/person\/62fd4eb98fcc8bd3fc477aaff264af51\",\"name\":\"Cleiton Pinheiro\",\"image\":{\"@type\":\"ImageObject\",\"inLanguage\":\"pt-BR\",\"@id\":\"https:\/\/cleitonpinheiro.com.br\/site\/#\/schema\/person\/image\/\",\"url\":\"https:\/\/secure.gravatar.com\/avatar\/15642ec35b78fe5eed3cfa8e4a3f3211d73a3df4f35f0566b4324958cba1b1b9?s=96&r=g\",\"contentUrl\":\"https:\/\/secure.gravatar.com\/avatar\/15642ec35b78fe5eed3cfa8e4a3f3211d73a3df4f35f0566b4324958cba1b1b9?s=96&r=g\",\"caption\":\"Cleiton Pinheiro\"},\"url\":\"https:\/\/cleitonpinheiro.com.br\/site\/author\/cleiton\/\"}]}<\/script>\n<!-- \/ Yoast SEO plugin. -->","yoast_head_json":{"title":"Comunidade comemora entrega dos restaurantes comunit\u00e1rios de Palmas - PORTAL DE NOT\u00cdCIAS CLEITON PINHEIRO","robots":{"index":"index","follow":"follow","max-snippet":"max-snippet:-1","max-image-preview":"max-image-preview:large","max-video-preview":"max-video-preview:-1"},"canonical":"https:\/\/cleitonpinheiro.com.br\/site\/comunidade-comemora-entrega-dos-restaurantes-comunitarios-de-palmas\/","og_locale":"pt_BR","og_type":"article","og_title":"Comunidade comemora entrega dos restaurantes comunit\u00e1rios de Palmas - PORTAL DE NOT\u00cdCIAS CLEITON PINHEIRO","og_description":"Os restaurantes comunit\u00e1rios Tereza Cristina Ayres, na regi\u00e3o norte, e de Taquaralto, na regi\u00e3o sul, fechados desde novembro de 2022, foram reabertos nesta quarta-feira, 11, e funcionar\u00e3o de segunda a sexta-feira, das 11h \u00e0s 14h, com o fornecimento de at\u00e9 2 mil refei\u00e7\u00f5es di\u00e1rias em cada local. Cada refei\u00e7\u00e3o servida custa R$ 3,00. Os equipamentos [&hellip;]","og_url":"https:\/\/cleitonpinheiro.com.br\/site\/comunidade-comemora-entrega-dos-restaurantes-comunitarios-de-palmas\/","og_site_name":"PORTAL DE NOT\u00cdCIAS CLEITON PINHEIRO","article_publisher":"https:\/\/www.facebook.com\/portalcpnoticias\/","article_published_time":"2025-06-13T18:41:00+00:00","article_modified_time":"2025-06-13T18:41:09+00:00","og_image":[{"width":1536,"height":1024,"url":"https:\/\/cleitonpinheiro.com.br\/site\/wp-content\/uploads\/2025\/06\/WhatsApp-Image-2025-06-11-at-17.47.43-1536x1024-1.jpeg","type":"image\/jpeg"}],"author":"Cleiton Pinheiro","twitter_card":"summary_large_image","twitter_misc":{"Escrito por":"Cleiton Pinheiro","Est. tempo de leitura":"3 minutos"},"schema":{"@context":"https:\/\/schema.org","@graph":[{"@type":"Article","@id":"https:\/\/cleitonpinheiro.com.br\/site\/comunidade-comemora-entrega-dos-restaurantes-comunitarios-de-palmas\/#article","isPartOf":{"@id":"https:\/\/cleitonpinheiro.com.br\/site\/comunidade-comemora-entrega-dos-restaurantes-comunitarios-de-palmas\/"},"author":{"name":"Cleiton Pinheiro","@id":"https:\/\/cleitonpinheiro.com.br\/site\/#\/schema\/person\/62fd4eb98fcc8bd3fc477aaff264af51"},"headline":"Comunidade comemora entrega dos restaurantes comunit\u00e1rios de Palmas","datePublished":"2025-06-13T18:41:00+00:00","dateModified":"2025-06-13T18:41:09+00:00","mainEntityOfPage":{"@id":"https:\/\/cleitonpinheiro.com.br\/site\/comunidade-comemora-entrega-dos-restaurantes-comunitarios-de-palmas\/"},"wordCount":366,"commentCount":0,"publisher":{"@id":"https:\/\/cleitonpinheiro.com.br\/site\/#organization"},"image":{"@id":"https:\/\/cleitonpinheiro.com.br\/site\/comunidade-comemora-entrega-dos-restaurantes-comunitarios-de-palmas\/#primaryimage"},"thumbnailUrl":"https:\/\/cleitonpinheiro.com.br\/site\/wp-content\/uploads\/2025\/06\/WhatsApp-Image-2025-06-11-at-17.47.43-1536x1024-1.jpeg","articleSection":["CIDADES","MANCHETE SEGUND\u00c1RIA","TODAS NOTICIAS"],"inLanguage":"pt-BR","potentialAction":[{"@type":"CommentAction","name":"Comment","target":["https:\/\/cleitonpinheiro.com.br\/site\/comunidade-comemora-entrega-dos-restaurantes-comunitarios-de-palmas\/#respond"]}]},{"@type":"WebPage","@id":"https:\/\/cleitonpinheiro.com.br\/site\/comunidade-comemora-entrega-dos-restaurantes-comunitarios-de-palmas\/","url":"https:\/\/cleitonpinheiro.com.br\/site\/comunidade-comemora-entrega-dos-restaurantes-comunitarios-de-palmas\/","name":"Comunidade comemora entrega dos restaurantes comunit\u00e1rios de Palmas - PORTAL DE NOT\u00cdCIAS CLEITON PINHEIRO","isPartOf":{"@id":"https:\/\/cleitonpinheiro.com.br\/site\/#website"},"primaryImageOfPage":{"@id":"https:\/\/cleitonpinheiro.com.br\/site\/comunidade-comemora-entrega-dos-restaurantes-comunitarios-de-palmas\/#primaryimage"},"image":{"@id":"https:\/\/cleitonpinheiro.com.br\/site\/comunidade-comemora-entrega-dos-restaurantes-comunitarios-de-palmas\/#primaryimage"},"thumbnailUrl":"https:\/\/cleitonpinheiro.com.br\/site\/wp-content\/uploads\/2025\/06\/WhatsApp-Image-2025-06-11-at-17.47.43-1536x1024-1.jpeg","datePublished":"2025-06-13T18:41:00+00:00","dateModified":"2025-06-13T18:41:09+00:00","breadcrumb":{"@id":"https:\/\/cleitonpinheiro.com.br\/site\/comunidade-comemora-entrega-dos-restaurantes-comunitarios-de-palmas\/#breadcrumb"},"inLanguage":"pt-BR","potentialAction":[{"@type":"ReadAction","target":["https:\/\/cleitonpinheiro.com.br\/site\/comunidade-comemora-entrega-dos-restaurantes-comunitarios-de-palmas\/"]}]},{"@type":"ImageObject","inLanguage":"pt-BR","@id":"https:\/\/cleitonpinheiro.com.br\/site\/comunidade-comemora-entrega-dos-restaurantes-comunitarios-de-palmas\/#primaryimage","url":"https:\/\/cleitonpinheiro.com.br\/site\/wp-content\/uploads\/2025\/06\/WhatsApp-Image-2025-06-11-at-17.47.43-1536x1024-1.jpeg","contentUrl":"https:\/\/cleitonpinheiro.com.br\/site\/wp-content\/uploads\/2025\/06\/WhatsApp-Image-2025-06-11-at-17.47.43-1536x1024-1.jpeg","width":1536,"height":1024,"caption":"@Edu Fortes"},{"@type":"BreadcrumbList","@id":"https:\/\/cleitonpinheiro.com.br\/site\/comunidade-comemora-entrega-dos-restaurantes-comunitarios-de-palmas\/#breadcrumb","itemListElement":[{"@type":"ListItem","position":1,"name":"In\u00edcio","item":"https:\/\/cleitonpinheiro.com.br\/site\/"},{"@type":"ListItem","position":2,"name":"Comunidade comemora entrega dos restaurantes comunit\u00e1rios de Palmas"}]},{"@type":"WebSite","@id":"https:\/\/cleitonpinheiro.com.br\/site\/#website","url":"https:\/\/cleitonpinheiro.com.br\/site\/","name":"PORTAL DE NOT\u00cdCIAS CLEITON PINHEIRO","description":"FALANDO A VERDADE","publisher":{"@id":"https:\/\/cleitonpinheiro.com.br\/site\/#organization"},"potentialAction":[{"@type":"SearchAction","target":{"@type":"EntryPoint","urlTemplate":"https:\/\/cleitonpinheiro.com.br\/site\/?s={search_term_string}"},"query-input":{"@type":"PropertyValueSpecification","valueRequired":true,"valueName":"search_term_string"}}],"inLanguage":"pt-BR"},{"@type":"Organization","@id":"https:\/\/cleitonpinheiro.com.br\/site\/#organization","name":"CPNOT\u00cdCIAS","url":"https:\/\/cleitonpinheiro.com.br\/site\/","logo":{"@type":"ImageObject","inLanguage":"pt-BR","@id":"https:\/\/cleitonpinheiro.com.br\/site\/#\/schema\/logo\/image\/","url":"https:\/\/cleitonpinheiro.com.br\/site\/wp-content\/uploads\/2022\/08\/Logo-pequena-2.png","contentUrl":"https:\/\/cleitonpinheiro.com.br\/site\/wp-content\/uploads\/2022\/08\/Logo-pequena-2.png","width":500,"height":500,"caption":"CPNOT\u00cdCIAS"},"image":{"@id":"https:\/\/cleitonpinheiro.com.br\/site\/#\/schema\/logo\/image\/"},"sameAs":["https:\/\/www.facebook.com\/portalcpnoticias\/"]},{"@type":"Person","@id":"https:\/\/cleitonpinheiro.com.br\/site\/#\/schema\/person\/62fd4eb98fcc8bd3fc477aaff264af51","name":"Cleiton Pinheiro","image":{"@type":"ImageObject","inLanguage":"pt-BR","@id":"https:\/\/cleitonpinheiro.com.br\/site\/#\/schema\/person\/image\/","url":"https:\/\/secure.gravatar.com\/avatar\/15642ec35b78fe5eed3cfa8e4a3f3211d73a3df4f35f0566b4324958cba1b1b9?s=96&r=g","contentUrl":"https:\/\/secure.gravatar.com\/avatar\/15642ec35b78fe5eed3cfa8e4a3f3211d73a3df4f35f0566b4324958cba1b1b9?s=96&r=g","caption":"Cleiton Pinheiro"},"url":"https:\/\/cleitonpinheiro.com.br\/site\/author\/cleiton\/"}]}},"views":145,"_links":{"self":[{"href":"https:\/\/cleitonpinheiro.com.br\/site\/wp-json\/wp\/v2\/posts\/85838","targetHints":{"allow":["GET"]}}],"collection":[{"href":"https:\/\/cleitonpinheiro.com.br\/site\/wp-json\/wp\/v2\/posts"}],"about":[{"href":"https:\/\/cleitonpinheiro.com.br\/site\/wp-json\/wp\/v2\/types\/post"}],"author":[{"embeddable":true,"href":"https:\/\/cleitonpinheiro.com.br\/site\/wp-json\/wp\/v2\/users\/10"}],"replies":[{"embeddable":true,"href":"https:\/\/cleitonpinheiro.com.br\/site\/wp-json\/wp\/v2\/comments?post=85838"}],"version-history":[{"count":1,"href":"https:\/\/cleitonpinheiro.com.br\/site\/wp-json\/wp\/v2\/posts\/85838\/revisions"}],"predecessor-version":[{"id":85840,"href":"https:\/\/cleitonpinheiro.com.br\/site\/wp-json\/wp\/v2\/posts\/85838\/revisions\/85840"}],"wp:featuredmedia":[{"embeddable":true,"href":"https:\/\/cleitonpinheiro.com.br\/site\/wp-json\/wp\/v2\/media\/85839"}],"wp:attachment":[{"href":"https:\/\/cleitonpinheiro.com.br\/site\/wp-json\/wp\/v2\/media?parent=85838"}],"wp:term":[{"taxonomy":"category","embeddable":true,"href":"https:\/\/cleitonpinheiro.com.br\/site\/wp-json\/wp\/v2\/categories?post=85838"},{"taxonomy":"post_tag","embeddable":true,"href":"https:\/\/cleitonpinheiro.com.br\/site\/wp-json\/wp\/v2\/tags?post=85838"}],"curies":[{"name":"wp","href":"https:\/\/api.w.org\/{rel}","templated":true}]}}