{"id":86189,"date":"2025-07-07T10:01:56","date_gmt":"2025-07-07T13:01:56","guid":{"rendered":"https:\/\/cleitonpinheiro.com.br\/site\/?p=86189"},"modified":"2025-07-14T13:24:41","modified_gmt":"2025-07-14T16:24:41","slug":"somos-99-icl-lanca-manifesto-contra-privilegios-e-abusos-de-mais-ricos-e-politicos-fisiologicos","status":"publish","type":"post","link":"https:\/\/cleitonpinheiro.com.br\/site\/somos-99-icl-lanca-manifesto-contra-privilegios-e-abusos-de-mais-ricos-e-politicos-fisiologicos\/","title":{"rendered":"Somos 99%: ICL lan\u00e7a manifesto contra privil\u00e9gios e abusos de mais ricos e pol\u00edticos fisiol\u00f3gicos"},"content":{"rendered":"\n<p>O fundador do Instituto Conhecimento Liberta (ICL), Eduardo Moreira, lan\u00e7ou, no ICL Not\u00edcias \u2013 1\u00aa edi\u00e7\u00e3o desta segunda-feira (7), um manifesto contra privil\u00e9gios de 1% da popula\u00e7\u00e3o que concentra 63% da riqueza do Brasil e de abusos de pol\u00edticos fisiol\u00f3gicos servidores que recebem supersal\u00e1rios. O movimento foi intitulado de \u201cSomos 99 por cento\u201d, e quem quiser aderir ao abaixo-assinado deve acessar o site&nbsp;<a href=\"https:\/\/99porcento.com.br\/\" target=\"_blank\" rel=\"noreferrer noopener\">99porcento.com.br<\/a>.<\/p>\n\n\n\n<p>A campanha luta pelo fim dos supersal\u00e1rios; o fim da farra das emendas secretas; a diminui\u00e7\u00e3o dos impostos dos trabalhadores e o pagamento de uma parcela justa por parte do 1%; o fim da impunidade dos deputados e senadores; uma campanha nacional de divulga\u00e7\u00e3o do Portal da Transpar\u00eancia; puni\u00e7\u00f5es severas para pol\u00edticos, ju\u00edzes, banqueiros, militares e empres\u00e1rios que agirem fora da lei; o pagamento das d\u00edvidas dos grandes donos de terras e das grandes empresas; o fim dos subs\u00eddios fiscais bilion\u00e1rios para as grandes empresas; e a proibi\u00e7\u00e3o de eventos \u2018vergonhosos\u2019 e \u2018sem transpar\u00eancia\u2019.<\/p>\n\n\n\n<p>\u201cO Brasil precisa de coragem para romper com os privil\u00e9gios, enfrentar os abusos e devolver o Estado ao povo. N\u00e3o aceitaremos mais um pa\u00eds em que poucos concentram riquezas e benef\u00edcios, enquanto a maioria paga a conta\u201d, diz o manifesto da campanha.<\/p>\n\n\n\n<p>\u201cChegou a hora de moralizar o Judici\u00e1rio, o Legislativo e o Executivo. De construir um Estado \u00e9tico, justo e transparente\u2026 Este manifesto \u00e9 um chamado: para quem n\u00e3o aceita mais a desigualdade, para quem n\u00e3o aguenta mais privil\u00e9gios e corrup\u00e7\u00e3o, para quem acredita que o Estado deve servir ao povo \u2014 e n\u00e3o o contr\u00e1rio\u201d, completa.<\/p>\n\n\n\n<p>No&nbsp;<a href=\"https:\/\/99porcento.com.br\/\" target=\"_blank\" rel=\"noreferrer noopener\">site<\/a>, \u00e9 poss\u00edvel baixar v\u00eddeos da campanha para serem compartilhados. Al\u00e9m disso, a campanha pede que o manifesto seja divulgado nas redes sociais com o uso da hashtag #somos99.<\/p>\n\n\n\n<h2 class=\"wp-block-heading\">Manifesto \u2018Somos 99%\u2019<\/h2>\n\n\n\n<p>No lan\u00e7amento da campanha, Edu Moreira citou dados do&nbsp;<a href=\"https:\/\/iclnoticias.com.br\/desigualdade-brasil-63-da-riqueza\/\" target=\"_blank\" rel=\"noreferrer noopener\">relat\u00f3rio da Oxfam<\/a>&nbsp;que discute a rela\u00e7\u00e3o das desigualdades e o poder corporativo global, mostrando que 63% da riqueza do Brasil est\u00e1 nas m\u00e3os de 1% da popula\u00e7\u00e3o. Al\u00e9m disso, informa\u00e7\u00f5es da Pesquisa Nacional por Amostra de Domic\u00edlios Cont\u00ednua (PNAD Cont\u00ednua), do Instituto Brasileiro de Geografia e Estat\u00edstica (IBGE), mostram que o grupo de 1% dos mais ricos do Brasil tem uma renda m\u00e9dia mensal 36,2 vezes maior que os 40% com menores rendimentos. Em rela\u00e7\u00e3o aos 10% mais ricos, a diferen\u00e7a foi 13,4 vezes maior.<\/p>\n\n\n\n<p>\u201cN\u00e3o \u00e9 de se estranhar que com tanta moleza, 1% mais rico do Brasil tenha quase o dobro da riqueza que os outros 99% somados. D\u00e1 golpes de bilh\u00f5es de reais e n\u00e3o vai preso. Deve bilh\u00f5es de reais e n\u00e3o paga. S\u00e3o donos dos bancos, s\u00e3o donos dos ju\u00edzes, s\u00e3o donos do congresso, dos jornais e das terras\u201d, disse Edu, no v\u00eddeo de lan\u00e7amento da campanha nas rede sociais.<\/p>\n\n\n\n<p>\u201cA gente nunca teve uma for\u00e7a t\u00e3o grande para enfrentar essa galera\u201d, resaltou Edu Moreira, que citou, durante o programa, a realiza\u00e7\u00e3o do 3\u00ba F\u00f3rum de Lisboa, evento que ficou conhecido como \u201cGilmarpalooza\u201d, com mais de 150 autoridades em Portugal.&nbsp; \u201cCom cuidado e pragmatismo, com a sinceridade de falar exatamento o que a gente est\u00e1 fazendo, a gente resolveu lan\u00e7ar o movimento\u201d, completou Edu.<\/p>\n\n\n\n<p><img fetchpriority=\"high\" decoding=\"async\" src=\"https:\/\/iclnoticias.com.br\/wp-content\/uploads\/2025\/07\/WhatsApp-Image-2025-07-07-at-08.47.15.webp\" alt=\"ICL campanha manifesto\" width=\"720\" height=\"403\"><\/p>\n\n\n\n<p id=\"caption-attachment-80805\"><em>Edu Moreira lan\u00e7ou a campanha durante o ICL Not\u00edcias \u2013 1\u00aaedi\u00e7\u00e3o. (Foto: Reprodu\u00e7\u00e3o\/ ICL Not\u00edcias)<\/em><\/p>\n\n\n\n<h2 class=\"wp-block-heading\">Leia o manifesto da campanha<\/h2>\n\n\n\n<p><em>\u201cPor um Estado \u00c9tico, Justo e Transparente<\/em><\/p>\n\n\n\n<p><em>O Brasil precisa de coragem para romper com os privil\u00e9gios, enfrentar os abusos e devolver o Estado ao povo.<\/em><\/p>\n\n\n\n<p><em>N\u00e3o aceitaremos mais um pa\u00eds em que poucos concentram riquezas e benef\u00edcios, enquanto a maioria paga a conta.<\/em><\/p>\n\n\n\n<p><em>Chegou a hora de moralizar o Judici\u00e1rio, o Legislativo e o Executivo. De construir um Estado \u00e9tico, justo e transparente.<\/em><\/p>\n\n\n\n<p><em>Por isso, propomos as seguintes medidas imediatas e inegoci\u00e1veis:<\/em><\/p>\n\n\n\n<p><em><strong>Fim dos Supersal\u00e1rios<\/strong><\/em><\/p>\n\n\n\n<p><em>Exigimos o cumprimento integral do teto constitucional para todos os servidores p\u00fablicos, sem exce\u00e7\u00f5es ou manobras. Chega de \u201cpenduricalhos\u201d que transformam cargos p\u00fablicos em castas de privil\u00e9gios.<\/em><\/p>\n\n\n\n<p><em><strong>Justi\u00e7a Fiscal para Quem Mais Precisa<\/strong><\/em><\/p>\n\n\n\n<p><em>Isen\u00e7\u00e3o de imposto de renda para quem ganha at\u00e9 5 mil reais.<\/em><\/p>\n\n\n\n<p><em>E que o 1% mais rico finalmente pague sua parte justa, com taxa\u00e7\u00e3o de dividendos milion\u00e1rios e combate \u00e0s estrat\u00e9gias que driblam impostos.<\/em><\/p>\n\n\n\n<p><em><strong>Combate \u00e0 Corrup\u00e7\u00e3o e \u00e0 Impunidade<\/strong><\/em><\/p>\n\n\n\n<p><em>Deputados e senadores que roubam, descumprem a lei ou traem a confian\u00e7a p\u00fablica devem ser julgados e punidos como qualquer cidad\u00e3o.<\/em><br><em>A revis\u00e3o do foro privilegiado para proteger criminosos \u00e9 urgente.<\/em><\/p>\n\n\n\n<p><em><strong>Transpar\u00eancia Radical<\/strong><\/em><\/p>\n\n\n\n<p><em>Fim imediato das emendas secretas, com auditoria completa de tudo o que foi gasto nos \u00faltimos anos.<\/em><br><em>O povo tem direito de saber para onde vai cada centavo do seu dinheiro.<\/em><\/p>\n\n\n\n<p><em><strong>Cobran\u00e7a dos Grandes Devedores<\/strong><\/em><\/p>\n\n\n\n<p><em>Os grandes donos de terras, bancos e empresas que acumulam d\u00edvidas bilion\u00e1rias com a Uni\u00e3o devem pagar j\u00e1 o que devem \u00e0 sociedade.<\/em><br><em>N\u00e3o aceitaremos mais calotes travestidos de \u201cacordos\u201d ou a\u00e7\u00f5es judiciais intermin\u00e1veis.<\/em><\/p>\n\n\n\n<p><em><strong>Chega de Subs\u00eddios aos J\u00e1 Ricos<\/strong><\/em><\/p>\n\n\n\n<p><em>Os subs\u00eddios fiscais bilion\u00e1rios para grandes empresas precisam acabar. \u00c9 hora de investir esses recursos na popula\u00e7\u00e3o, n\u00e3o em privil\u00e9gios.<\/em><\/p>\n\n\n\n<p><em><strong>Independ\u00eancia e Imparcialidade no Judici\u00e1rio<\/strong><\/em><\/p>\n\n\n\n<p><em>Defini\u00e7\u00e3o clara de regras para que magistrados n\u00e3o participem de eventos financiados por entidades privadas que possam comprometer sua imparcialidade. Justi\u00e7a n\u00e3o se vende, n\u00e3o se aluga, n\u00e3o se corrompe.<\/em><\/p>\n\n\n\n<p><em><strong>Fiscaliza\u00e7\u00e3o Popular<\/strong><\/em><\/p>\n\n\n\n<p><em>Uma campanha nacional de divulga\u00e7\u00e3o do Portal da Transpar\u00eancia, para que qualquer cidad\u00e3o possa fiscalizar os gastos, sal\u00e1rios e benef\u00edcios de deputados, senadores e membros do Executivo.<\/em><br><em>O povo fiscaliza. O povo cobra. O povo decide.<\/em><\/p>\n\n\n\n<p><em><strong>O Brasil que Queremos<\/strong><\/em><\/p>\n\n\n\n<p><em>Queremos um Brasil onde os impostos sejam justos, onde os poderosos tamb\u00e9m paguem a conta, onde ningu\u00e9m esteja acima da lei, e onde cada centavo p\u00fablico sirva para melhorar a vida da maioria.<\/em><\/p>\n\n\n\n<p><em>Este manifesto \u00e9 um chamado: para quem n\u00e3o aceita mais a desigualdade, para quem n\u00e3o aguenta mais privil\u00e9gios e corrup\u00e7\u00e3o, para quem acredita que o Estado deve servir ao povo \u2014 e n\u00e3o o contr\u00e1rio\u201d<\/em><\/p>\n","protected":false},"excerpt":{"rendered":"<p>O fundador do Instituto Conhecimento Liberta (ICL), Eduardo Moreira, lan\u00e7ou, no ICL Not\u00edcias \u2013 1\u00aa edi\u00e7\u00e3o desta segunda-feira (7), um manifesto contra privil\u00e9gios de 1% da popula\u00e7\u00e3o que concentra 63% da riqueza do Brasil e de abusos de pol\u00edticos fisiol\u00f3gicos servidores que recebem supersal\u00e1rios. O movimento foi intitulado de \u201cSomos 99 por cento\u201d, e quem [&hellip;]<\/p>\n","protected":false},"author":13,"featured_media":0,"comment_status":"open","ping_status":"open","sticky":false,"template":"","format":"standard","meta":{"_acf_changed":false,"footnotes":""},"categories":[19,20,21],"tags":[],"class_list":["post-86189","post","type-post","status-publish","format-standard","hentry","category-brasil-mundo","category-noticias-em-destaque","category-todas-noticias"],"acf":[],"yoast_head":"<!-- This site is optimized with the Yoast SEO plugin v24.4 - https:\/\/yoast.com\/wordpress\/plugins\/seo\/ -->\n<title>Somos 99%: ICL lan\u00e7a manifesto contra privil\u00e9gios e abusos de mais ricos e pol\u00edticos fisiol\u00f3gicos - PORTAL DE NOT\u00cdCIAS CLEITON PINHEIRO<\/title>\n<meta name=\"robots\" content=\"index, follow, max-snippet:-1, max-image-preview:large, max-video-preview:-1\" \/>\n<link rel=\"canonical\" href=\"https:\/\/cleitonpinheiro.com.br\/site\/somos-99-icl-lanca-manifesto-contra-privilegios-e-abusos-de-mais-ricos-e-politicos-fisiologicos\/\" \/>\n<meta property=\"og:locale\" content=\"pt_BR\" \/>\n<meta property=\"og:type\" content=\"article\" \/>\n<meta property=\"og:title\" content=\"Somos 99%: ICL lan\u00e7a manifesto contra privil\u00e9gios e abusos de mais ricos e pol\u00edticos fisiol\u00f3gicos - PORTAL DE NOT\u00cdCIAS CLEITON PINHEIRO\" \/>\n<meta property=\"og:description\" content=\"O fundador do Instituto Conhecimento Liberta (ICL), Eduardo Moreira, lan\u00e7ou, no ICL Not\u00edcias \u2013 1\u00aa edi\u00e7\u00e3o desta segunda-feira (7), um manifesto contra privil\u00e9gios de 1% da popula\u00e7\u00e3o que concentra 63% da riqueza do Brasil e de abusos de pol\u00edticos fisiol\u00f3gicos servidores que recebem supersal\u00e1rios. O movimento foi intitulado de \u201cSomos 99 por cento\u201d, e quem [&hellip;]\" \/>\n<meta property=\"og:url\" content=\"https:\/\/cleitonpinheiro.com.br\/site\/somos-99-icl-lanca-manifesto-contra-privilegios-e-abusos-de-mais-ricos-e-politicos-fisiologicos\/\" \/>\n<meta property=\"og:site_name\" content=\"PORTAL DE NOT\u00cdCIAS CLEITON PINHEIRO\" \/>\n<meta property=\"article:publisher\" content=\"https:\/\/www.facebook.com\/portalcpnoticias\/\" \/>\n<meta property=\"article:published_time\" content=\"2025-07-07T13:01:56+00:00\" \/>\n<meta property=\"article:modified_time\" content=\"2025-07-14T16:24:41+00:00\" \/>\n<meta property=\"og:image\" content=\"https:\/\/iclnoticias.com.br\/wp-content\/uploads\/2025\/07\/WhatsApp-Image-2025-07-07-at-08.47.15.webp\" \/>\n<meta name=\"author\" content=\"Reda\u00e7\u00e3o CP\" \/>\n<meta name=\"twitter:card\" content=\"summary_large_image\" \/>\n<meta name=\"twitter:label1\" content=\"Escrito por\" \/>\n\t<meta name=\"twitter:data1\" content=\"Reda\u00e7\u00e3o CP\" \/>\n\t<meta name=\"twitter:label2\" content=\"Est. tempo de leitura\" \/>\n\t<meta name=\"twitter:data2\" content=\"6 minutos\" \/>\n<script type=\"application\/ld+json\" class=\"yoast-schema-graph\">{\"@context\":\"https:\/\/schema.org\",\"@graph\":[{\"@type\":\"Article\",\"@id\":\"https:\/\/cleitonpinheiro.com.br\/site\/somos-99-icl-lanca-manifesto-contra-privilegios-e-abusos-de-mais-ricos-e-politicos-fisiologicos\/#article\",\"isPartOf\":{\"@id\":\"https:\/\/cleitonpinheiro.com.br\/site\/somos-99-icl-lanca-manifesto-contra-privilegios-e-abusos-de-mais-ricos-e-politicos-fisiologicos\/\"},\"author\":{\"name\":\"Reda\u00e7\u00e3o CP\",\"@id\":\"https:\/\/cleitonpinheiro.com.br\/site\/#\/schema\/person\/8f04544e0bc40a1b68775b08360f87db\"},\"headline\":\"Somos 99%: ICL lan\u00e7a manifesto contra privil\u00e9gios e abusos de mais ricos e pol\u00edticos fisiol\u00f3gicos\",\"datePublished\":\"2025-07-07T13:01:56+00:00\",\"dateModified\":\"2025-07-14T16:24:41+00:00\",\"mainEntityOfPage\":{\"@id\":\"https:\/\/cleitonpinheiro.com.br\/site\/somos-99-icl-lanca-manifesto-contra-privilegios-e-abusos-de-mais-ricos-e-politicos-fisiologicos\/\"},\"wordCount\":1081,\"commentCount\":0,\"publisher\":{\"@id\":\"https:\/\/cleitonpinheiro.com.br\/site\/#organization\"},\"image\":{\"@id\":\"https:\/\/cleitonpinheiro.com.br\/site\/somos-99-icl-lanca-manifesto-contra-privilegios-e-abusos-de-mais-ricos-e-politicos-fisiologicos\/#primaryimage\"},\"thumbnailUrl\":\"https:\/\/iclnoticias.com.br\/wp-content\/uploads\/2025\/07\/WhatsApp-Image-2025-07-07-at-08.47.15.webp\",\"articleSection\":[\"BRASIL \/ MUNDO\",\"NOT\u00cdCIAS EM DESTAQUE\",\"TODAS NOTICIAS\"],\"inLanguage\":\"pt-BR\",\"potentialAction\":[{\"@type\":\"CommentAction\",\"name\":\"Comment\",\"target\":[\"https:\/\/cleitonpinheiro.com.br\/site\/somos-99-icl-lanca-manifesto-contra-privilegios-e-abusos-de-mais-ricos-e-politicos-fisiologicos\/#respond\"]}]},{\"@type\":\"WebPage\",\"@id\":\"https:\/\/cleitonpinheiro.com.br\/site\/somos-99-icl-lanca-manifesto-contra-privilegios-e-abusos-de-mais-ricos-e-politicos-fisiologicos\/\",\"url\":\"https:\/\/cleitonpinheiro.com.br\/site\/somos-99-icl-lanca-manifesto-contra-privilegios-e-abusos-de-mais-ricos-e-politicos-fisiologicos\/\",\"name\":\"Somos 99%: ICL lan\u00e7a manifesto contra privil\u00e9gios e abusos de mais ricos e pol\u00edticos fisiol\u00f3gicos - PORTAL DE NOT\u00cdCIAS CLEITON PINHEIRO\",\"isPartOf\":{\"@id\":\"https:\/\/cleitonpinheiro.com.br\/site\/#website\"},\"primaryImageOfPage\":{\"@id\":\"https:\/\/cleitonpinheiro.com.br\/site\/somos-99-icl-lanca-manifesto-contra-privilegios-e-abusos-de-mais-ricos-e-politicos-fisiologicos\/#primaryimage\"},\"image\":{\"@id\":\"https:\/\/cleitonpinheiro.com.br\/site\/somos-99-icl-lanca-manifesto-contra-privilegios-e-abusos-de-mais-ricos-e-politicos-fisiologicos\/#primaryimage\"},\"thumbnailUrl\":\"https:\/\/iclnoticias.com.br\/wp-content\/uploads\/2025\/07\/WhatsApp-Image-2025-07-07-at-08.47.15.webp\",\"datePublished\":\"2025-07-07T13:01:56+00:00\",\"dateModified\":\"2025-07-14T16:24:41+00:00\",\"breadcrumb\":{\"@id\":\"https:\/\/cleitonpinheiro.com.br\/site\/somos-99-icl-lanca-manifesto-contra-privilegios-e-abusos-de-mais-ricos-e-politicos-fisiologicos\/#breadcrumb\"},\"inLanguage\":\"pt-BR\",\"potentialAction\":[{\"@type\":\"ReadAction\",\"target\":[\"https:\/\/cleitonpinheiro.com.br\/site\/somos-99-icl-lanca-manifesto-contra-privilegios-e-abusos-de-mais-ricos-e-politicos-fisiologicos\/\"]}]},{\"@type\":\"ImageObject\",\"inLanguage\":\"pt-BR\",\"@id\":\"https:\/\/cleitonpinheiro.com.br\/site\/somos-99-icl-lanca-manifesto-contra-privilegios-e-abusos-de-mais-ricos-e-politicos-fisiologicos\/#primaryimage\",\"url\":\"https:\/\/iclnoticias.com.br\/wp-content\/uploads\/2025\/07\/WhatsApp-Image-2025-07-07-at-08.47.15.webp\",\"contentUrl\":\"https:\/\/iclnoticias.com.br\/wp-content\/uploads\/2025\/07\/WhatsApp-Image-2025-07-07-at-08.47.15.webp\"},{\"@type\":\"BreadcrumbList\",\"@id\":\"https:\/\/cleitonpinheiro.com.br\/site\/somos-99-icl-lanca-manifesto-contra-privilegios-e-abusos-de-mais-ricos-e-politicos-fisiologicos\/#breadcrumb\",\"itemListElement\":[{\"@type\":\"ListItem\",\"position\":1,\"name\":\"In\u00edcio\",\"item\":\"https:\/\/cleitonpinheiro.com.br\/site\/\"},{\"@type\":\"ListItem\",\"position\":2,\"name\":\"Somos 99%: ICL lan\u00e7a manifesto contra privil\u00e9gios e abusos de mais ricos e pol\u00edticos fisiol\u00f3gicos\"}]},{\"@type\":\"WebSite\",\"@id\":\"https:\/\/cleitonpinheiro.com.br\/site\/#website\",\"url\":\"https:\/\/cleitonpinheiro.com.br\/site\/\",\"name\":\"PORTAL DE NOT\u00cdCIAS CLEITON PINHEIRO\",\"description\":\"FALANDO A VERDADE\",\"publisher\":{\"@id\":\"https:\/\/cleitonpinheiro.com.br\/site\/#organization\"},\"potentialAction\":[{\"@type\":\"SearchAction\",\"target\":{\"@type\":\"EntryPoint\",\"urlTemplate\":\"https:\/\/cleitonpinheiro.com.br\/site\/?s={search_term_string}\"},\"query-input\":{\"@type\":\"PropertyValueSpecification\",\"valueRequired\":true,\"valueName\":\"search_term_string\"}}],\"inLanguage\":\"pt-BR\"},{\"@type\":\"Organization\",\"@id\":\"https:\/\/cleitonpinheiro.com.br\/site\/#organization\",\"name\":\"CPNOT\u00cdCIAS\",\"url\":\"https:\/\/cleitonpinheiro.com.br\/site\/\",\"logo\":{\"@type\":\"ImageObject\",\"inLanguage\":\"pt-BR\",\"@id\":\"https:\/\/cleitonpinheiro.com.br\/site\/#\/schema\/logo\/image\/\",\"url\":\"https:\/\/cleitonpinheiro.com.br\/site\/wp-content\/uploads\/2022\/08\/Logo-pequena-2.png\",\"contentUrl\":\"https:\/\/cleitonpinheiro.com.br\/site\/wp-content\/uploads\/2022\/08\/Logo-pequena-2.png\",\"width\":500,\"height\":500,\"caption\":\"CPNOT\u00cdCIAS\"},\"image\":{\"@id\":\"https:\/\/cleitonpinheiro.com.br\/site\/#\/schema\/logo\/image\/\"},\"sameAs\":[\"https:\/\/www.facebook.com\/portalcpnoticias\/\"]},{\"@type\":\"Person\",\"@id\":\"https:\/\/cleitonpinheiro.com.br\/site\/#\/schema\/person\/8f04544e0bc40a1b68775b08360f87db\",\"name\":\"Reda\u00e7\u00e3o CP\",\"image\":{\"@type\":\"ImageObject\",\"inLanguage\":\"pt-BR\",\"@id\":\"https:\/\/cleitonpinheiro.com.br\/site\/#\/schema\/person\/image\/\",\"url\":\"https:\/\/secure.gravatar.com\/avatar\/0bcf19cb29fdc8fc588c490c7ae1b3e174dac268586a63fbe1d1893a0f9020cd?s=96&r=g\",\"contentUrl\":\"https:\/\/secure.gravatar.com\/avatar\/0bcf19cb29fdc8fc588c490c7ae1b3e174dac268586a63fbe1d1893a0f9020cd?s=96&r=g\",\"caption\":\"Reda\u00e7\u00e3o CP\"},\"url\":\"https:\/\/cleitonpinheiro.com.br\/site\/author\/redacao\/\"}]}<\/script>\n<!-- \/ Yoast SEO plugin. -->","yoast_head_json":{"title":"Somos 99%: ICL lan\u00e7a manifesto contra privil\u00e9gios e abusos de mais ricos e pol\u00edticos fisiol\u00f3gicos - PORTAL DE NOT\u00cdCIAS CLEITON PINHEIRO","robots":{"index":"index","follow":"follow","max-snippet":"max-snippet:-1","max-image-preview":"max-image-preview:large","max-video-preview":"max-video-preview:-1"},"canonical":"https:\/\/cleitonpinheiro.com.br\/site\/somos-99-icl-lanca-manifesto-contra-privilegios-e-abusos-de-mais-ricos-e-politicos-fisiologicos\/","og_locale":"pt_BR","og_type":"article","og_title":"Somos 99%: ICL lan\u00e7a manifesto contra privil\u00e9gios e abusos de mais ricos e pol\u00edticos fisiol\u00f3gicos - PORTAL DE NOT\u00cdCIAS CLEITON PINHEIRO","og_description":"O fundador do Instituto Conhecimento Liberta (ICL), Eduardo Moreira, lan\u00e7ou, no ICL Not\u00edcias \u2013 1\u00aa edi\u00e7\u00e3o desta segunda-feira (7), um manifesto contra privil\u00e9gios de 1% da popula\u00e7\u00e3o que concentra 63% da riqueza do Brasil e de abusos de pol\u00edticos fisiol\u00f3gicos servidores que recebem supersal\u00e1rios. O movimento foi intitulado de \u201cSomos 99 por cento\u201d, e quem [&hellip;]","og_url":"https:\/\/cleitonpinheiro.com.br\/site\/somos-99-icl-lanca-manifesto-contra-privilegios-e-abusos-de-mais-ricos-e-politicos-fisiologicos\/","og_site_name":"PORTAL DE NOT\u00cdCIAS CLEITON PINHEIRO","article_publisher":"https:\/\/www.facebook.com\/portalcpnoticias\/","article_published_time":"2025-07-07T13:01:56+00:00","article_modified_time":"2025-07-14T16:24:41+00:00","og_image":[{"url":"https:\/\/iclnoticias.com.br\/wp-content\/uploads\/2025\/07\/WhatsApp-Image-2025-07-07-at-08.47.15.webp","type":"","width":"","height":""}],"author":"Reda\u00e7\u00e3o CP","twitter_card":"summary_large_image","twitter_misc":{"Escrito por":"Reda\u00e7\u00e3o CP","Est. tempo de leitura":"6 minutos"},"schema":{"@context":"https:\/\/schema.org","@graph":[{"@type":"Article","@id":"https:\/\/cleitonpinheiro.com.br\/site\/somos-99-icl-lanca-manifesto-contra-privilegios-e-abusos-de-mais-ricos-e-politicos-fisiologicos\/#article","isPartOf":{"@id":"https:\/\/cleitonpinheiro.com.br\/site\/somos-99-icl-lanca-manifesto-contra-privilegios-e-abusos-de-mais-ricos-e-politicos-fisiologicos\/"},"author":{"name":"Reda\u00e7\u00e3o CP","@id":"https:\/\/cleitonpinheiro.com.br\/site\/#\/schema\/person\/8f04544e0bc40a1b68775b08360f87db"},"headline":"Somos 99%: ICL lan\u00e7a manifesto contra privil\u00e9gios e abusos de mais ricos e pol\u00edticos fisiol\u00f3gicos","datePublished":"2025-07-07T13:01:56+00:00","dateModified":"2025-07-14T16:24:41+00:00","mainEntityOfPage":{"@id":"https:\/\/cleitonpinheiro.com.br\/site\/somos-99-icl-lanca-manifesto-contra-privilegios-e-abusos-de-mais-ricos-e-politicos-fisiologicos\/"},"wordCount":1081,"commentCount":0,"publisher":{"@id":"https:\/\/cleitonpinheiro.com.br\/site\/#organization"},"image":{"@id":"https:\/\/cleitonpinheiro.com.br\/site\/somos-99-icl-lanca-manifesto-contra-privilegios-e-abusos-de-mais-ricos-e-politicos-fisiologicos\/#primaryimage"},"thumbnailUrl":"https:\/\/iclnoticias.com.br\/wp-content\/uploads\/2025\/07\/WhatsApp-Image-2025-07-07-at-08.47.15.webp","articleSection":["BRASIL \/ MUNDO","NOT\u00cdCIAS EM DESTAQUE","TODAS NOTICIAS"],"inLanguage":"pt-BR","potentialAction":[{"@type":"CommentAction","name":"Comment","target":["https:\/\/cleitonpinheiro.com.br\/site\/somos-99-icl-lanca-manifesto-contra-privilegios-e-abusos-de-mais-ricos-e-politicos-fisiologicos\/#respond"]}]},{"@type":"WebPage","@id":"https:\/\/cleitonpinheiro.com.br\/site\/somos-99-icl-lanca-manifesto-contra-privilegios-e-abusos-de-mais-ricos-e-politicos-fisiologicos\/","url":"https:\/\/cleitonpinheiro.com.br\/site\/somos-99-icl-lanca-manifesto-contra-privilegios-e-abusos-de-mais-ricos-e-politicos-fisiologicos\/","name":"Somos 99%: ICL lan\u00e7a manifesto contra privil\u00e9gios e abusos de mais ricos e pol\u00edticos fisiol\u00f3gicos - PORTAL DE NOT\u00cdCIAS CLEITON PINHEIRO","isPartOf":{"@id":"https:\/\/cleitonpinheiro.com.br\/site\/#website"},"primaryImageOfPage":{"@id":"https:\/\/cleitonpinheiro.com.br\/site\/somos-99-icl-lanca-manifesto-contra-privilegios-e-abusos-de-mais-ricos-e-politicos-fisiologicos\/#primaryimage"},"image":{"@id":"https:\/\/cleitonpinheiro.com.br\/site\/somos-99-icl-lanca-manifesto-contra-privilegios-e-abusos-de-mais-ricos-e-politicos-fisiologicos\/#primaryimage"},"thumbnailUrl":"https:\/\/iclnoticias.com.br\/wp-content\/uploads\/2025\/07\/WhatsApp-Image-2025-07-07-at-08.47.15.webp","datePublished":"2025-07-07T13:01:56+00:00","dateModified":"2025-07-14T16:24:41+00:00","breadcrumb":{"@id":"https:\/\/cleitonpinheiro.com.br\/site\/somos-99-icl-lanca-manifesto-contra-privilegios-e-abusos-de-mais-ricos-e-politicos-fisiologicos\/#breadcrumb"},"inLanguage":"pt-BR","potentialAction":[{"@type":"ReadAction","target":["https:\/\/cleitonpinheiro.com.br\/site\/somos-99-icl-lanca-manifesto-contra-privilegios-e-abusos-de-mais-ricos-e-politicos-fisiologicos\/"]}]},{"@type":"ImageObject","inLanguage":"pt-BR","@id":"https:\/\/cleitonpinheiro.com.br\/site\/somos-99-icl-lanca-manifesto-contra-privilegios-e-abusos-de-mais-ricos-e-politicos-fisiologicos\/#primaryimage","url":"https:\/\/iclnoticias.com.br\/wp-content\/uploads\/2025\/07\/WhatsApp-Image-2025-07-07-at-08.47.15.webp","contentUrl":"https:\/\/iclnoticias.com.br\/wp-content\/uploads\/2025\/07\/WhatsApp-Image-2025-07-07-at-08.47.15.webp"},{"@type":"BreadcrumbList","@id":"https:\/\/cleitonpinheiro.com.br\/site\/somos-99-icl-lanca-manifesto-contra-privilegios-e-abusos-de-mais-ricos-e-politicos-fisiologicos\/#breadcrumb","itemListElement":[{"@type":"ListItem","position":1,"name":"In\u00edcio","item":"https:\/\/cleitonpinheiro.com.br\/site\/"},{"@type":"ListItem","position":2,"name":"Somos 99%: ICL lan\u00e7a manifesto contra privil\u00e9gios e abusos de mais ricos e pol\u00edticos fisiol\u00f3gicos"}]},{"@type":"WebSite","@id":"https:\/\/cleitonpinheiro.com.br\/site\/#website","url":"https:\/\/cleitonpinheiro.com.br\/site\/","name":"PORTAL DE NOT\u00cdCIAS CLEITON PINHEIRO","description":"FALANDO A VERDADE","publisher":{"@id":"https:\/\/cleitonpinheiro.com.br\/site\/#organization"},"potentialAction":[{"@type":"SearchAction","target":{"@type":"EntryPoint","urlTemplate":"https:\/\/cleitonpinheiro.com.br\/site\/?s={search_term_string}"},"query-input":{"@type":"PropertyValueSpecification","valueRequired":true,"valueName":"search_term_string"}}],"inLanguage":"pt-BR"},{"@type":"Organization","@id":"https:\/\/cleitonpinheiro.com.br\/site\/#organization","name":"CPNOT\u00cdCIAS","url":"https:\/\/cleitonpinheiro.com.br\/site\/","logo":{"@type":"ImageObject","inLanguage":"pt-BR","@id":"https:\/\/cleitonpinheiro.com.br\/site\/#\/schema\/logo\/image\/","url":"https:\/\/cleitonpinheiro.com.br\/site\/wp-content\/uploads\/2022\/08\/Logo-pequena-2.png","contentUrl":"https:\/\/cleitonpinheiro.com.br\/site\/wp-content\/uploads\/2022\/08\/Logo-pequena-2.png","width":500,"height":500,"caption":"CPNOT\u00cdCIAS"},"image":{"@id":"https:\/\/cleitonpinheiro.com.br\/site\/#\/schema\/logo\/image\/"},"sameAs":["https:\/\/www.facebook.com\/portalcpnoticias\/"]},{"@type":"Person","@id":"https:\/\/cleitonpinheiro.com.br\/site\/#\/schema\/person\/8f04544e0bc40a1b68775b08360f87db","name":"Reda\u00e7\u00e3o CP","image":{"@type":"ImageObject","inLanguage":"pt-BR","@id":"https:\/\/cleitonpinheiro.com.br\/site\/#\/schema\/person\/image\/","url":"https:\/\/secure.gravatar.com\/avatar\/0bcf19cb29fdc8fc588c490c7ae1b3e174dac268586a63fbe1d1893a0f9020cd?s=96&r=g","contentUrl":"https:\/\/secure.gravatar.com\/avatar\/0bcf19cb29fdc8fc588c490c7ae1b3e174dac268586a63fbe1d1893a0f9020cd?s=96&r=g","caption":"Reda\u00e7\u00e3o CP"},"url":"https:\/\/cleitonpinheiro.com.br\/site\/author\/redacao\/"}]}},"views":160,"_links":{"self":[{"href":"https:\/\/cleitonpinheiro.com.br\/site\/wp-json\/wp\/v2\/posts\/86189","targetHints":{"allow":["GET"]}}],"collection":[{"href":"https:\/\/cleitonpinheiro.com.br\/site\/wp-json\/wp\/v2\/posts"}],"about":[{"href":"https:\/\/cleitonpinheiro.com.br\/site\/wp-json\/wp\/v2\/types\/post"}],"author":[{"embeddable":true,"href":"https:\/\/cleitonpinheiro.com.br\/site\/wp-json\/wp\/v2\/users\/13"}],"replies":[{"embeddable":true,"href":"https:\/\/cleitonpinheiro.com.br\/site\/wp-json\/wp\/v2\/comments?post=86189"}],"version-history":[{"count":1,"href":"https:\/\/cleitonpinheiro.com.br\/site\/wp-json\/wp\/v2\/posts\/86189\/revisions"}],"predecessor-version":[{"id":86190,"href":"https:\/\/cleitonpinheiro.com.br\/site\/wp-json\/wp\/v2\/posts\/86189\/revisions\/86190"}],"wp:attachment":[{"href":"https:\/\/cleitonpinheiro.com.br\/site\/wp-json\/wp\/v2\/media?parent=86189"}],"wp:term":[{"taxonomy":"category","embeddable":true,"href":"https:\/\/cleitonpinheiro.com.br\/site\/wp-json\/wp\/v2\/categories?post=86189"},{"taxonomy":"post_tag","embeddable":true,"href":"https:\/\/cleitonpinheiro.com.br\/site\/wp-json\/wp\/v2\/tags?post=86189"}],"curies":[{"name":"wp","href":"https:\/\/api.w.org\/{rel}","templated":true}]}}