{"id":86194,"date":"2025-07-07T11:55:22","date_gmt":"2025-07-07T14:55:22","guid":{"rendered":"https:\/\/cleitonpinheiro.com.br\/site\/?p=86194"},"modified":"2025-07-07T11:55:27","modified_gmt":"2025-07-07T14:55:27","slug":"santos-atletico-mg-e-botafogo-voltam-a-elite-do-brasileirao-feminino","status":"publish","type":"post","link":"https:\/\/cleitonpinheiro.com.br\/site\/santos-atletico-mg-e-botafogo-voltam-a-elite-do-brasileirao-feminino\/","title":{"rendered":"Santos, Atl\u00e9tico-MG e Botafogo voltam \u00e0 elite do Brasileir\u00e3o Feminino"},"content":{"rendered":"\n<figure class=\"wp-block-image aligncenter size-full\"><img fetchpriority=\"high\" decoding=\"async\" width=\"640\" height=\"400\" src=\"https:\/\/cleitonpinheiro.com.br\/site\/wp-content\/uploads\/2025\/07\/lawn-2468200_640-1.jpg\" alt=\"\" class=\"wp-image-86211\" srcset=\"https:\/\/cleitonpinheiro.com.br\/site\/wp-content\/uploads\/2025\/07\/lawn-2468200_640-1.jpg 640w, https:\/\/cleitonpinheiro.com.br\/site\/wp-content\/uploads\/2025\/07\/lawn-2468200_640-1-300x188.jpg 300w\" sizes=\"(max-width: 640px) 100vw, 640px\" \/><\/figure>\n\n\n\n<p>Rebaixados no ano passado, Santos, Atl\u00e9tico-MG e Botafogo est\u00e3o de volta \u00e0 S\u00e9rie A1 (primeira divis\u00e3o) do Campeonato Brasileiro Feminino de futebol. O trio alvinegro garantiu o acesso neste s\u00e1bado (5), com as respectivas classifica\u00e7\u00f5es para as semifinais da S\u00e9rie A2 (segunda divis\u00e3o).<\/p>\n\n\n\n<p>O quarto e \u00faltimo clube a conquistar um lugar na elite ser\u00e1 conhecido neste domingo (6), no duelo entre Fortaleza e Minas Bras\u00edlia, que jogam \u00e0s 15h (hor\u00e1rio de Bras\u00edlia), no Est\u00e1dio Presidente Vargas, na capital cearense.<\/p>\n\n\n\n<p>As Leoas do Pici, que podem estrear na S\u00e9rie A1, t\u00eam a vantagem do empate, j\u00e1 que venceram a ida por 2 a 1 no Bezerr\u00e3o, no Gama (DF). As brasilienses, que n\u00e3o disputam a primeira divis\u00e3o desde 2021, t\u00eam de ganhar por dois ou mais gols de diferen\u00e7a.<\/p>\n\n\n\n<p>Os duelos de ida e volta valendo lugar na final da S\u00e9rie A2 ainda ser\u00e3o agendados pela Confedera\u00e7\u00e3o Brasileira de Futebol (CBF). A previs\u00e3o, conforme o calend\u00e1rio base do torneio, \u00e9 que ocorram no segundo e no terceiro fim de semana de agosto.<\/p>\n\n\n\n<p><strong>P\u00eanalti<br><\/strong>Dono da melhor campanha geral desta S\u00e9rie A2, o Santos recebeu o A\u00e7\u00e3o-MT na Vila Belmiro. Como ganhou o jogo de ida por 1 a 0 no Est\u00e1dio Dito Souza, em V\u00e1rzea Grande (MT), o time paulista poderia se classificar \u00e0s semifinais com um empate no litoral paulista.<\/p>\n\n\n\n<p>Mesmo assim, as Sereias da Vila ganharam de novo, desta vez por 2 a 1, com dois gols de p\u00eanalti de Laryh, aos 12 minutos do primeiro tempo e aos 33 do segundo. Rafinha, aos sete da etapa final, da entrada da \u00e1rea, marcou para o A\u00e7\u00e3o, mas n\u00e3o impediu o retorno das campe\u00e3s brasileiras de 2017 \u00e0 elite.<\/p>\n\n\n\n<p>Em uma das semifinais, o Santos ter\u00e1 pela frente o Atl\u00e9tico-MG, que sofreu para eliminar o Vit\u00f3ria. Ap\u00f3s vencer por 1 a 0 na Arena MRV, em Belo Horizonte, as Vingadoras foram a Salvador com a vantagem do empate.<\/p>\n\n\n\n<p>As baianas, por\u00e9m, levaram a melhor no tempo normal e ganharam pelo mesmo placar, com um gol de Verena nos acr\u00e9scimos do segundo tempo. A decis\u00e3o foi para os p\u00eanaltis, com as equipes tendo 100% de aproveitamento at\u00e9 a nona s\u00e9rie de cobran\u00e7as, quando Joyce teve o chute defendido por Maike, com os p\u00e9s. O 9 a 8 deu vaga e acesso \u00e0s mineiras.<\/p>\n\n\n\n<p><strong>Gol Ol\u00edmpico<br><\/strong>O \u00faltimo classificado de s\u00e1bado foi o Botafogo, que enfrentou o Mixto no Est\u00e1dio Nilton Santos com a vantagem de ter vencido no Dutrinha, em Cuiab\u00e1, por 2 a 1, na partida de ida. As visitantes abriram o placar com Balbino, em chute rasteiro, aos 21 minutos do primeiro tempo. Aos 27, Sinara fez um gol ol\u00edmpico &#8211; cobran\u00e7a de escanteio que vai direto para as redes &#8211; e deixou tudo igual.<\/p>\n\n\n\n<p>Aos 45, Sabrina bateu de fora da \u00e1rea e recolocou as mato-grossenses \u00e0 frente no Rio de Janeiro. O resultado levava o confronto para as penalidades.<\/p>\n\n\n\n<p>Mas na etapa final, as Gloriosas conseguiram liquidar a partida. Aos tr\u00eas minutos, Carol foi lan\u00e7ada por Beb\u00ea, invadiu a \u00e1rea pela esquerda e chutou sem \u00e2ngulo para empatar novamente o jogo. Aos 18, J\u00fallia recebeu quase na pequena \u00e1rea, girou e bateu rasteiro, virando o placar.<\/p>\n\n\n\n<p>Aos 34, Carol recebeu de Grazy, nas costas da marca\u00e7\u00e3o, e soltou a bomba da entrada da \u00e1rea, anotando o quarto. J\u00e1 aos 45, Beb\u00ea finalizou da meia-lua e decretou a classifica\u00e7\u00e3o do Alvinegro carioca, que aguarda Fortaleza ou Minas Bras\u00edlia na outra semifinal.<\/p>\n\n\n\n<p><strong>Mudan\u00e7a<br><\/strong>A partir de 2026, a S\u00e9rie A1 do Brasileir\u00e3o ter\u00e1 18 clubes. Com os acessos de Santos, Atl\u00e9tico-MG e Botafogo, 17 dos participantes est\u00e3o definidos.<\/p>\n\n\n\n<p>Os demais s\u00e3o os 14 times n\u00e3o rebaixados na edi\u00e7\u00e3o deste ano, que \u00e9 transmitida ao vivo pela TV Brasil: Cruzeiro, Corinthians, S\u00e3o Paulo, Palmeiras, Flamengo, Ferrovi\u00e1ria, Bahia, Red Bull Bragantino, Am\u00e9rica-MG, Fluminense, Gr\u00eamio, Internacional, Real Bras\u00edlia e Juventude. Em contrapartida, 3B da Amaz\u00f4nia e Sport ca\u00edram para a S\u00e9rie A2 do ano que vem.<\/p>\n\n\n\n<p>Texto: Lincoln Chaves &#8211; Rep\u00f3rter da EBC<\/p>\n","protected":false},"excerpt":{"rendered":"<p>Rebaixados no ano passado, Santos, Atl\u00e9tico-MG e Botafogo est\u00e3o de volta \u00e0 S\u00e9rie A1 (primeira divis\u00e3o) do Campeonato Brasileiro Feminino de futebol. O trio alvinegro garantiu o acesso neste s\u00e1bado (5), com as respectivas classifica\u00e7\u00f5es para as semifinais da S\u00e9rie A2 (segunda divis\u00e3o). O quarto e \u00faltimo clube a conquistar um lugar na elite ser\u00e1 [&hellip;]<\/p>\n","protected":false},"author":13,"featured_media":86211,"comment_status":"open","ping_status":"open","sticky":false,"template":"","format":"standard","meta":{"_acf_changed":false,"footnotes":""},"categories":[1,20,21],"tags":[],"class_list":["post-86194","post","type-post","status-publish","format-standard","has-post-thumbnail","hentry","category-esporte","category-noticias-em-destaque","category-todas-noticias"],"acf":[],"yoast_head":"<!-- This site is optimized with the Yoast SEO plugin v24.4 - https:\/\/yoast.com\/wordpress\/plugins\/seo\/ -->\n<title>Santos, Atl\u00e9tico-MG e Botafogo voltam \u00e0 elite do Brasileir\u00e3o Feminino - PORTAL DE NOT\u00cdCIAS CLEITON PINHEIRO<\/title>\n<meta name=\"robots\" content=\"index, follow, max-snippet:-1, max-image-preview:large, max-video-preview:-1\" \/>\n<link rel=\"canonical\" href=\"https:\/\/cleitonpinheiro.com.br\/site\/santos-atletico-mg-e-botafogo-voltam-a-elite-do-brasileirao-feminino\/\" \/>\n<meta property=\"og:locale\" content=\"pt_BR\" \/>\n<meta property=\"og:type\" content=\"article\" \/>\n<meta property=\"og:title\" content=\"Santos, Atl\u00e9tico-MG e Botafogo voltam \u00e0 elite do Brasileir\u00e3o Feminino - PORTAL DE NOT\u00cdCIAS CLEITON PINHEIRO\" \/>\n<meta property=\"og:description\" content=\"Rebaixados no ano passado, Santos, Atl\u00e9tico-MG e Botafogo est\u00e3o de volta \u00e0 S\u00e9rie A1 (primeira divis\u00e3o) do Campeonato Brasileiro Feminino de futebol. O trio alvinegro garantiu o acesso neste s\u00e1bado (5), com as respectivas classifica\u00e7\u00f5es para as semifinais da S\u00e9rie A2 (segunda divis\u00e3o). O quarto e \u00faltimo clube a conquistar um lugar na elite ser\u00e1 [&hellip;]\" \/>\n<meta property=\"og:url\" content=\"https:\/\/cleitonpinheiro.com.br\/site\/santos-atletico-mg-e-botafogo-voltam-a-elite-do-brasileirao-feminino\/\" \/>\n<meta property=\"og:site_name\" content=\"PORTAL DE NOT\u00cdCIAS CLEITON PINHEIRO\" \/>\n<meta property=\"article:publisher\" content=\"https:\/\/www.facebook.com\/portalcpnoticias\/\" \/>\n<meta property=\"article:published_time\" content=\"2025-07-07T14:55:22+00:00\" \/>\n<meta property=\"article:modified_time\" content=\"2025-07-07T14:55:27+00:00\" \/>\n<meta property=\"og:image\" content=\"https:\/\/cleitonpinheiro.com.br\/site\/wp-content\/uploads\/2025\/07\/lawn-2468200_640-1.jpg\" \/>\n\t<meta property=\"og:image:width\" content=\"640\" \/>\n\t<meta property=\"og:image:height\" content=\"400\" \/>\n\t<meta property=\"og:image:type\" content=\"image\/jpeg\" \/>\n<meta name=\"author\" content=\"Reda\u00e7\u00e3o CP\" \/>\n<meta name=\"twitter:card\" content=\"summary_large_image\" \/>\n<meta name=\"twitter:label1\" content=\"Escrito por\" \/>\n\t<meta name=\"twitter:data1\" content=\"Reda\u00e7\u00e3o CP\" \/>\n\t<meta name=\"twitter:label2\" content=\"Est. tempo de leitura\" \/>\n\t<meta name=\"twitter:data2\" content=\"5 minutos\" \/>\n<script type=\"application\/ld+json\" class=\"yoast-schema-graph\">{\"@context\":\"https:\/\/schema.org\",\"@graph\":[{\"@type\":\"Article\",\"@id\":\"https:\/\/cleitonpinheiro.com.br\/site\/santos-atletico-mg-e-botafogo-voltam-a-elite-do-brasileirao-feminino\/#article\",\"isPartOf\":{\"@id\":\"https:\/\/cleitonpinheiro.com.br\/site\/santos-atletico-mg-e-botafogo-voltam-a-elite-do-brasileirao-feminino\/\"},\"author\":{\"name\":\"Reda\u00e7\u00e3o CP\",\"@id\":\"https:\/\/cleitonpinheiro.com.br\/site\/#\/schema\/person\/8f04544e0bc40a1b68775b08360f87db\"},\"headline\":\"Santos, Atl\u00e9tico-MG e Botafogo voltam \u00e0 elite do Brasileir\u00e3o Feminino\",\"datePublished\":\"2025-07-07T14:55:22+00:00\",\"dateModified\":\"2025-07-07T14:55:27+00:00\",\"mainEntityOfPage\":{\"@id\":\"https:\/\/cleitonpinheiro.com.br\/site\/santos-atletico-mg-e-botafogo-voltam-a-elite-do-brasileirao-feminino\/\"},\"wordCount\":710,\"commentCount\":0,\"publisher\":{\"@id\":\"https:\/\/cleitonpinheiro.com.br\/site\/#organization\"},\"image\":{\"@id\":\"https:\/\/cleitonpinheiro.com.br\/site\/santos-atletico-mg-e-botafogo-voltam-a-elite-do-brasileirao-feminino\/#primaryimage\"},\"thumbnailUrl\":\"https:\/\/cleitonpinheiro.com.br\/site\/wp-content\/uploads\/2025\/07\/lawn-2468200_640-1.jpg\",\"articleSection\":[\"ESPORTE\",\"NOT\u00cdCIAS EM DESTAQUE\",\"TODAS NOTICIAS\"],\"inLanguage\":\"pt-BR\",\"potentialAction\":[{\"@type\":\"CommentAction\",\"name\":\"Comment\",\"target\":[\"https:\/\/cleitonpinheiro.com.br\/site\/santos-atletico-mg-e-botafogo-voltam-a-elite-do-brasileirao-feminino\/#respond\"]}]},{\"@type\":\"WebPage\",\"@id\":\"https:\/\/cleitonpinheiro.com.br\/site\/santos-atletico-mg-e-botafogo-voltam-a-elite-do-brasileirao-feminino\/\",\"url\":\"https:\/\/cleitonpinheiro.com.br\/site\/santos-atletico-mg-e-botafogo-voltam-a-elite-do-brasileirao-feminino\/\",\"name\":\"Santos, Atl\u00e9tico-MG e Botafogo voltam \u00e0 elite do Brasileir\u00e3o Feminino - PORTAL DE NOT\u00cdCIAS CLEITON PINHEIRO\",\"isPartOf\":{\"@id\":\"https:\/\/cleitonpinheiro.com.br\/site\/#website\"},\"primaryImageOfPage\":{\"@id\":\"https:\/\/cleitonpinheiro.com.br\/site\/santos-atletico-mg-e-botafogo-voltam-a-elite-do-brasileirao-feminino\/#primaryimage\"},\"image\":{\"@id\":\"https:\/\/cleitonpinheiro.com.br\/site\/santos-atletico-mg-e-botafogo-voltam-a-elite-do-brasileirao-feminino\/#primaryimage\"},\"thumbnailUrl\":\"https:\/\/cleitonpinheiro.com.br\/site\/wp-content\/uploads\/2025\/07\/lawn-2468200_640-1.jpg\",\"datePublished\":\"2025-07-07T14:55:22+00:00\",\"dateModified\":\"2025-07-07T14:55:27+00:00\",\"breadcrumb\":{\"@id\":\"https:\/\/cleitonpinheiro.com.br\/site\/santos-atletico-mg-e-botafogo-voltam-a-elite-do-brasileirao-feminino\/#breadcrumb\"},\"inLanguage\":\"pt-BR\",\"potentialAction\":[{\"@type\":\"ReadAction\",\"target\":[\"https:\/\/cleitonpinheiro.com.br\/site\/santos-atletico-mg-e-botafogo-voltam-a-elite-do-brasileirao-feminino\/\"]}]},{\"@type\":\"ImageObject\",\"inLanguage\":\"pt-BR\",\"@id\":\"https:\/\/cleitonpinheiro.com.br\/site\/santos-atletico-mg-e-botafogo-voltam-a-elite-do-brasileirao-feminino\/#primaryimage\",\"url\":\"https:\/\/cleitonpinheiro.com.br\/site\/wp-content\/uploads\/2025\/07\/lawn-2468200_640-1.jpg\",\"contentUrl\":\"https:\/\/cleitonpinheiro.com.br\/site\/wp-content\/uploads\/2025\/07\/lawn-2468200_640-1.jpg\",\"width\":640,\"height\":400},{\"@type\":\"BreadcrumbList\",\"@id\":\"https:\/\/cleitonpinheiro.com.br\/site\/santos-atletico-mg-e-botafogo-voltam-a-elite-do-brasileirao-feminino\/#breadcrumb\",\"itemListElement\":[{\"@type\":\"ListItem\",\"position\":1,\"name\":\"In\u00edcio\",\"item\":\"https:\/\/cleitonpinheiro.com.br\/site\/\"},{\"@type\":\"ListItem\",\"position\":2,\"name\":\"Santos, Atl\u00e9tico-MG e Botafogo voltam \u00e0 elite do Brasileir\u00e3o Feminino\"}]},{\"@type\":\"WebSite\",\"@id\":\"https:\/\/cleitonpinheiro.com.br\/site\/#website\",\"url\":\"https:\/\/cleitonpinheiro.com.br\/site\/\",\"name\":\"PORTAL DE NOT\u00cdCIAS CLEITON PINHEIRO\",\"description\":\"FALANDO A VERDADE\",\"publisher\":{\"@id\":\"https:\/\/cleitonpinheiro.com.br\/site\/#organization\"},\"potentialAction\":[{\"@type\":\"SearchAction\",\"target\":{\"@type\":\"EntryPoint\",\"urlTemplate\":\"https:\/\/cleitonpinheiro.com.br\/site\/?s={search_term_string}\"},\"query-input\":{\"@type\":\"PropertyValueSpecification\",\"valueRequired\":true,\"valueName\":\"search_term_string\"}}],\"inLanguage\":\"pt-BR\"},{\"@type\":\"Organization\",\"@id\":\"https:\/\/cleitonpinheiro.com.br\/site\/#organization\",\"name\":\"CPNOT\u00cdCIAS\",\"url\":\"https:\/\/cleitonpinheiro.com.br\/site\/\",\"logo\":{\"@type\":\"ImageObject\",\"inLanguage\":\"pt-BR\",\"@id\":\"https:\/\/cleitonpinheiro.com.br\/site\/#\/schema\/logo\/image\/\",\"url\":\"https:\/\/cleitonpinheiro.com.br\/site\/wp-content\/uploads\/2022\/08\/Logo-pequena-2.png\",\"contentUrl\":\"https:\/\/cleitonpinheiro.com.br\/site\/wp-content\/uploads\/2022\/08\/Logo-pequena-2.png\",\"width\":500,\"height\":500,\"caption\":\"CPNOT\u00cdCIAS\"},\"image\":{\"@id\":\"https:\/\/cleitonpinheiro.com.br\/site\/#\/schema\/logo\/image\/\"},\"sameAs\":[\"https:\/\/www.facebook.com\/portalcpnoticias\/\"]},{\"@type\":\"Person\",\"@id\":\"https:\/\/cleitonpinheiro.com.br\/site\/#\/schema\/person\/8f04544e0bc40a1b68775b08360f87db\",\"name\":\"Reda\u00e7\u00e3o CP\",\"image\":{\"@type\":\"ImageObject\",\"inLanguage\":\"pt-BR\",\"@id\":\"https:\/\/cleitonpinheiro.com.br\/site\/#\/schema\/person\/image\/\",\"url\":\"https:\/\/secure.gravatar.com\/avatar\/0bcf19cb29fdc8fc588c490c7ae1b3e174dac268586a63fbe1d1893a0f9020cd?s=96&r=g\",\"contentUrl\":\"https:\/\/secure.gravatar.com\/avatar\/0bcf19cb29fdc8fc588c490c7ae1b3e174dac268586a63fbe1d1893a0f9020cd?s=96&r=g\",\"caption\":\"Reda\u00e7\u00e3o CP\"},\"url\":\"https:\/\/cleitonpinheiro.com.br\/site\/author\/redacao\/\"}]}<\/script>\n<!-- \/ Yoast SEO plugin. -->","yoast_head_json":{"title":"Santos, Atl\u00e9tico-MG e Botafogo voltam \u00e0 elite do Brasileir\u00e3o Feminino - PORTAL DE NOT\u00cdCIAS CLEITON PINHEIRO","robots":{"index":"index","follow":"follow","max-snippet":"max-snippet:-1","max-image-preview":"max-image-preview:large","max-video-preview":"max-video-preview:-1"},"canonical":"https:\/\/cleitonpinheiro.com.br\/site\/santos-atletico-mg-e-botafogo-voltam-a-elite-do-brasileirao-feminino\/","og_locale":"pt_BR","og_type":"article","og_title":"Santos, Atl\u00e9tico-MG e Botafogo voltam \u00e0 elite do Brasileir\u00e3o Feminino - PORTAL DE NOT\u00cdCIAS CLEITON PINHEIRO","og_description":"Rebaixados no ano passado, Santos, Atl\u00e9tico-MG e Botafogo est\u00e3o de volta \u00e0 S\u00e9rie A1 (primeira divis\u00e3o) do Campeonato Brasileiro Feminino de futebol. O trio alvinegro garantiu o acesso neste s\u00e1bado (5), com as respectivas classifica\u00e7\u00f5es para as semifinais da S\u00e9rie A2 (segunda divis\u00e3o). O quarto e \u00faltimo clube a conquistar um lugar na elite ser\u00e1 [&hellip;]","og_url":"https:\/\/cleitonpinheiro.com.br\/site\/santos-atletico-mg-e-botafogo-voltam-a-elite-do-brasileirao-feminino\/","og_site_name":"PORTAL DE NOT\u00cdCIAS CLEITON PINHEIRO","article_publisher":"https:\/\/www.facebook.com\/portalcpnoticias\/","article_published_time":"2025-07-07T14:55:22+00:00","article_modified_time":"2025-07-07T14:55:27+00:00","og_image":[{"width":640,"height":400,"url":"https:\/\/cleitonpinheiro.com.br\/site\/wp-content\/uploads\/2025\/07\/lawn-2468200_640-1.jpg","type":"image\/jpeg"}],"author":"Reda\u00e7\u00e3o CP","twitter_card":"summary_large_image","twitter_misc":{"Escrito por":"Reda\u00e7\u00e3o CP","Est. tempo de leitura":"5 minutos"},"schema":{"@context":"https:\/\/schema.org","@graph":[{"@type":"Article","@id":"https:\/\/cleitonpinheiro.com.br\/site\/santos-atletico-mg-e-botafogo-voltam-a-elite-do-brasileirao-feminino\/#article","isPartOf":{"@id":"https:\/\/cleitonpinheiro.com.br\/site\/santos-atletico-mg-e-botafogo-voltam-a-elite-do-brasileirao-feminino\/"},"author":{"name":"Reda\u00e7\u00e3o CP","@id":"https:\/\/cleitonpinheiro.com.br\/site\/#\/schema\/person\/8f04544e0bc40a1b68775b08360f87db"},"headline":"Santos, Atl\u00e9tico-MG e Botafogo voltam \u00e0 elite do Brasileir\u00e3o Feminino","datePublished":"2025-07-07T14:55:22+00:00","dateModified":"2025-07-07T14:55:27+00:00","mainEntityOfPage":{"@id":"https:\/\/cleitonpinheiro.com.br\/site\/santos-atletico-mg-e-botafogo-voltam-a-elite-do-brasileirao-feminino\/"},"wordCount":710,"commentCount":0,"publisher":{"@id":"https:\/\/cleitonpinheiro.com.br\/site\/#organization"},"image":{"@id":"https:\/\/cleitonpinheiro.com.br\/site\/santos-atletico-mg-e-botafogo-voltam-a-elite-do-brasileirao-feminino\/#primaryimage"},"thumbnailUrl":"https:\/\/cleitonpinheiro.com.br\/site\/wp-content\/uploads\/2025\/07\/lawn-2468200_640-1.jpg","articleSection":["ESPORTE","NOT\u00cdCIAS EM DESTAQUE","TODAS NOTICIAS"],"inLanguage":"pt-BR","potentialAction":[{"@type":"CommentAction","name":"Comment","target":["https:\/\/cleitonpinheiro.com.br\/site\/santos-atletico-mg-e-botafogo-voltam-a-elite-do-brasileirao-feminino\/#respond"]}]},{"@type":"WebPage","@id":"https:\/\/cleitonpinheiro.com.br\/site\/santos-atletico-mg-e-botafogo-voltam-a-elite-do-brasileirao-feminino\/","url":"https:\/\/cleitonpinheiro.com.br\/site\/santos-atletico-mg-e-botafogo-voltam-a-elite-do-brasileirao-feminino\/","name":"Santos, Atl\u00e9tico-MG e Botafogo voltam \u00e0 elite do Brasileir\u00e3o Feminino - PORTAL DE NOT\u00cdCIAS CLEITON PINHEIRO","isPartOf":{"@id":"https:\/\/cleitonpinheiro.com.br\/site\/#website"},"primaryImageOfPage":{"@id":"https:\/\/cleitonpinheiro.com.br\/site\/santos-atletico-mg-e-botafogo-voltam-a-elite-do-brasileirao-feminino\/#primaryimage"},"image":{"@id":"https:\/\/cleitonpinheiro.com.br\/site\/santos-atletico-mg-e-botafogo-voltam-a-elite-do-brasileirao-feminino\/#primaryimage"},"thumbnailUrl":"https:\/\/cleitonpinheiro.com.br\/site\/wp-content\/uploads\/2025\/07\/lawn-2468200_640-1.jpg","datePublished":"2025-07-07T14:55:22+00:00","dateModified":"2025-07-07T14:55:27+00:00","breadcrumb":{"@id":"https:\/\/cleitonpinheiro.com.br\/site\/santos-atletico-mg-e-botafogo-voltam-a-elite-do-brasileirao-feminino\/#breadcrumb"},"inLanguage":"pt-BR","potentialAction":[{"@type":"ReadAction","target":["https:\/\/cleitonpinheiro.com.br\/site\/santos-atletico-mg-e-botafogo-voltam-a-elite-do-brasileirao-feminino\/"]}]},{"@type":"ImageObject","inLanguage":"pt-BR","@id":"https:\/\/cleitonpinheiro.com.br\/site\/santos-atletico-mg-e-botafogo-voltam-a-elite-do-brasileirao-feminino\/#primaryimage","url":"https:\/\/cleitonpinheiro.com.br\/site\/wp-content\/uploads\/2025\/07\/lawn-2468200_640-1.jpg","contentUrl":"https:\/\/cleitonpinheiro.com.br\/site\/wp-content\/uploads\/2025\/07\/lawn-2468200_640-1.jpg","width":640,"height":400},{"@type":"BreadcrumbList","@id":"https:\/\/cleitonpinheiro.com.br\/site\/santos-atletico-mg-e-botafogo-voltam-a-elite-do-brasileirao-feminino\/#breadcrumb","itemListElement":[{"@type":"ListItem","position":1,"name":"In\u00edcio","item":"https:\/\/cleitonpinheiro.com.br\/site\/"},{"@type":"ListItem","position":2,"name":"Santos, Atl\u00e9tico-MG e Botafogo voltam \u00e0 elite do Brasileir\u00e3o Feminino"}]},{"@type":"WebSite","@id":"https:\/\/cleitonpinheiro.com.br\/site\/#website","url":"https:\/\/cleitonpinheiro.com.br\/site\/","name":"PORTAL DE NOT\u00cdCIAS CLEITON PINHEIRO","description":"FALANDO A VERDADE","publisher":{"@id":"https:\/\/cleitonpinheiro.com.br\/site\/#organization"},"potentialAction":[{"@type":"SearchAction","target":{"@type":"EntryPoint","urlTemplate":"https:\/\/cleitonpinheiro.com.br\/site\/?s={search_term_string}"},"query-input":{"@type":"PropertyValueSpecification","valueRequired":true,"valueName":"search_term_string"}}],"inLanguage":"pt-BR"},{"@type":"Organization","@id":"https:\/\/cleitonpinheiro.com.br\/site\/#organization","name":"CPNOT\u00cdCIAS","url":"https:\/\/cleitonpinheiro.com.br\/site\/","logo":{"@type":"ImageObject","inLanguage":"pt-BR","@id":"https:\/\/cleitonpinheiro.com.br\/site\/#\/schema\/logo\/image\/","url":"https:\/\/cleitonpinheiro.com.br\/site\/wp-content\/uploads\/2022\/08\/Logo-pequena-2.png","contentUrl":"https:\/\/cleitonpinheiro.com.br\/site\/wp-content\/uploads\/2022\/08\/Logo-pequena-2.png","width":500,"height":500,"caption":"CPNOT\u00cdCIAS"},"image":{"@id":"https:\/\/cleitonpinheiro.com.br\/site\/#\/schema\/logo\/image\/"},"sameAs":["https:\/\/www.facebook.com\/portalcpnoticias\/"]},{"@type":"Person","@id":"https:\/\/cleitonpinheiro.com.br\/site\/#\/schema\/person\/8f04544e0bc40a1b68775b08360f87db","name":"Reda\u00e7\u00e3o CP","image":{"@type":"ImageObject","inLanguage":"pt-BR","@id":"https:\/\/cleitonpinheiro.com.br\/site\/#\/schema\/person\/image\/","url":"https:\/\/secure.gravatar.com\/avatar\/0bcf19cb29fdc8fc588c490c7ae1b3e174dac268586a63fbe1d1893a0f9020cd?s=96&r=g","contentUrl":"https:\/\/secure.gravatar.com\/avatar\/0bcf19cb29fdc8fc588c490c7ae1b3e174dac268586a63fbe1d1893a0f9020cd?s=96&r=g","caption":"Reda\u00e7\u00e3o CP"},"url":"https:\/\/cleitonpinheiro.com.br\/site\/author\/redacao\/"}]}},"views":178,"_links":{"self":[{"href":"https:\/\/cleitonpinheiro.com.br\/site\/wp-json\/wp\/v2\/posts\/86194","targetHints":{"allow":["GET"]}}],"collection":[{"href":"https:\/\/cleitonpinheiro.com.br\/site\/wp-json\/wp\/v2\/posts"}],"about":[{"href":"https:\/\/cleitonpinheiro.com.br\/site\/wp-json\/wp\/v2\/types\/post"}],"author":[{"embeddable":true,"href":"https:\/\/cleitonpinheiro.com.br\/site\/wp-json\/wp\/v2\/users\/13"}],"replies":[{"embeddable":true,"href":"https:\/\/cleitonpinheiro.com.br\/site\/wp-json\/wp\/v2\/comments?post=86194"}],"version-history":[{"count":2,"href":"https:\/\/cleitonpinheiro.com.br\/site\/wp-json\/wp\/v2\/posts\/86194\/revisions"}],"predecessor-version":[{"id":86212,"href":"https:\/\/cleitonpinheiro.com.br\/site\/wp-json\/wp\/v2\/posts\/86194\/revisions\/86212"}],"wp:featuredmedia":[{"embeddable":true,"href":"https:\/\/cleitonpinheiro.com.br\/site\/wp-json\/wp\/v2\/media\/86211"}],"wp:attachment":[{"href":"https:\/\/cleitonpinheiro.com.br\/site\/wp-json\/wp\/v2\/media?parent=86194"}],"wp:term":[{"taxonomy":"category","embeddable":true,"href":"https:\/\/cleitonpinheiro.com.br\/site\/wp-json\/wp\/v2\/categories?post=86194"},{"taxonomy":"post_tag","embeddable":true,"href":"https:\/\/cleitonpinheiro.com.br\/site\/wp-json\/wp\/v2\/tags?post=86194"}],"curies":[{"name":"wp","href":"https:\/\/api.w.org\/{rel}","templated":true}]}}