{"id":86197,"date":"2025-07-07T10:30:13","date_gmt":"2025-07-07T13:30:13","guid":{"rendered":"https:\/\/cleitonpinheiro.com.br\/site\/?p=86197"},"modified":"2025-07-07T10:30:20","modified_gmt":"2025-07-07T13:30:20","slug":"sine-tocantins-selecao-para-mais-de-90-vagas-de-emprego-para-esta-terca","status":"publish","type":"post","link":"https:\/\/cleitonpinheiro.com.br\/site\/sine-tocantins-selecao-para-mais-de-90-vagas-de-emprego-para-esta-terca\/","title":{"rendered":"Sine Tocantins: sele\u00e7\u00e3o para mais de 90 vagas de emprego para esta ter\u00e7a"},"content":{"rendered":"\n<figure class=\"wp-block-image size-large\"><img fetchpriority=\"high\" decoding=\"async\" width=\"1024\" height=\"682\" src=\"https:\/\/cleitonpinheiro.com.br\/site\/wp-content\/uploads\/2025\/07\/Trabalhadores-interessados-nas-vagas-podem-procurar-o-Sine-portando-documentos-carteira-de-trabalho-e-curriculo.-Foto-Carlessandro-Souza-1024x682.jpeg\" alt=\"\" class=\"wp-image-86143\" srcset=\"https:\/\/cleitonpinheiro.com.br\/site\/wp-content\/uploads\/2025\/07\/Trabalhadores-interessados-nas-vagas-podem-procurar-o-Sine-portando-documentos-carteira-de-trabalho-e-curriculo.-Foto-Carlessandro-Souza-1024x682.jpeg 1024w, https:\/\/cleitonpinheiro.com.br\/site\/wp-content\/uploads\/2025\/07\/Trabalhadores-interessados-nas-vagas-podem-procurar-o-Sine-portando-documentos-carteira-de-trabalho-e-curriculo.-Foto-Carlessandro-Souza-300x200.jpeg 300w, https:\/\/cleitonpinheiro.com.br\/site\/wp-content\/uploads\/2025\/07\/Trabalhadores-interessados-nas-vagas-podem-procurar-o-Sine-portando-documentos-carteira-de-trabalho-e-curriculo.-Foto-Carlessandro-Souza-768x512.jpeg 768w, https:\/\/cleitonpinheiro.com.br\/site\/wp-content\/uploads\/2025\/07\/Trabalhadores-interessados-nas-vagas-podem-procurar-o-Sine-portando-documentos-carteira-de-trabalho-e-curriculo.-Foto-Carlessandro-Souza-1536x1023.jpeg 1536w, https:\/\/cleitonpinheiro.com.br\/site\/wp-content\/uploads\/2025\/07\/Trabalhadores-interessados-nas-vagas-podem-procurar-o-Sine-portando-documentos-carteira-de-trabalho-e-curriculo.-Foto-Carlessandro-Souza.jpeg 1600w\" sizes=\"(max-width: 1024px) 100vw, 1024px\" \/><\/figure>\n\n\n\n<p>O Governo do Tocantins, por meio do Sistema Nacional de Emprego (Sine), realiza nesta ter\u00e7a-feira, 8, a partir das 9 horas, uma nova etapa de processos seletivos para preenchimento imediato de 91 vagas de emprego para Palmas. A sele\u00e7\u00e3o acontece no Sine Central da capital, localizado na Avenida Teot\u00f4nio Segurado, Quadra 401 Sul, Conjunto 01, no Centro Empresarial Gold Star.<\/p>\n\n\n\n<p>Os trabalhadores interessados em se candidatar \u00e0s vagas podem procurar o Sine portando documentos pessoais, carteira de trabalho digital e curr\u00edculo.<\/p>\n\n\n\n<p>A psic\u00f3loga do Sine e respons\u00e1vel pela sele\u00e7\u00e3o, \u00c9rika Lustosa, ressalta que \u201cn\u00e3o \u00e9 necess\u00e1rio ter experi\u00eancia, e caso o interessado em concorrer \u00e0s vagas n\u00e3o seja cadastrado no Sine ou ainda n\u00e3o tenha a carteira de trabalho digital, \u00e9 interessante que ele se cadastre e atualize seus dados\u201d.<\/p>\n\n\n\n<p><strong>VAGAS DISPON\u00cdVEIS<\/strong><\/p>\n\n\n\n<p>Nesta nova sele\u00e7\u00e3o s\u00e3o 50 vagas para Auxiliar de Log\u00edstica, 30 vagas para uma rede de supermercados Atacadista, e 11 vagas para Atendente de Farm\u00e1cia; todas as vagas s\u00e3o para a capital Palmas.<\/p>\n\n\n\n<p>Para as vagas de Auxiliar de Log\u00edstica n\u00e3o precisa ter experi\u00eancia, mas \u00e9 necess\u00e1rio ter mais de 18 anos, ter habilidades para separar, armazenar, conferir e movimentar materiais nas \u00e1reas de recebimento e armazenagem. O hor\u00e1rio de trabalho \u00e9 das 10h \u00e0s 18h20, das 23h \u00e0s 7h20, e das 0h \u00e0s 8h20.<\/p>\n\n\n\n<p>Para as 30 vagas da rede de supermercados atacadista, est\u00e3o dispon\u00edveis vagas para Auxiliar de Cozinha, Fiscal de Preven\u00e7\u00e3o e Perdas, Ajudante de A\u00e7ougueiro, e Repositor de Mercadorias.<\/p>\n\n\n\n<p>Para as vagas de Atendente de Farm\u00e1cia \u00e9 necess\u00e1rio ser maior de 18 anos, Ensino M\u00e9dio completo, e ter todos os documentos essenciais. Os benef\u00edcios s\u00e3o Plano de sa\u00fade e odontol\u00f3gico, conv\u00eanio com faculdades, vale-transporte, vale-alimenta\u00e7\u00e3o, conv\u00eanio academia, e seguro de vida. A escala \u00e9 6&#215;1.<\/p>\n\n\n\n<p><strong>SINE TOCANTINS<\/strong><\/p>\n\n\n\n<p>Os postos do Sine s\u00e3o uma porta aberta de servi\u00e7os gratuitos para o trabalhador e para o empregador. O empregador encontra um banco de dados atualizado e completo, al\u00e9m de suporte em processo seletivo para contrata\u00e7\u00e3o de funcion\u00e1rios. J\u00e1 o trabalhador \u00e9 orientado, qualificado e encaminhado para o mercado de trabalho, al\u00e9m de solicitar seguro-desemprego e carteira de trabalho digital.<\/p>\n","protected":false},"excerpt":{"rendered":"<p>O Governo do Tocantins, por meio do Sistema Nacional de Emprego (Sine), realiza nesta ter\u00e7a-feira, 8, a partir das 9 horas, uma nova etapa de processos seletivos para preenchimento imediato de 91 vagas de emprego para Palmas. A sele\u00e7\u00e3o acontece no Sine Central da capital, localizado na Avenida Teot\u00f4nio Segurado, Quadra 401 Sul, Conjunto 01, [&hellip;]<\/p>\n","protected":false},"author":13,"featured_media":86143,"comment_status":"open","ping_status":"open","sticky":false,"template":"","format":"standard","meta":{"_acf_changed":false,"footnotes":""},"categories":[8,898,21],"tags":[],"class_list":["post-86197","post","type-post","status-publish","format-standard","has-post-thumbnail","hentry","category-estado","category-manchete-segundaria","category-todas-noticias"],"acf":[],"yoast_head":"<!-- This site is optimized with the Yoast SEO plugin v24.4 - https:\/\/yoast.com\/wordpress\/plugins\/seo\/ -->\n<title>Sine Tocantins: sele\u00e7\u00e3o para mais de 90 vagas de emprego para esta ter\u00e7a - PORTAL DE NOT\u00cdCIAS CLEITON PINHEIRO<\/title>\n<meta name=\"robots\" content=\"index, follow, max-snippet:-1, max-image-preview:large, max-video-preview:-1\" \/>\n<link rel=\"canonical\" href=\"https:\/\/cleitonpinheiro.com.br\/site\/sine-tocantins-selecao-para-mais-de-90-vagas-de-emprego-para-esta-terca\/\" \/>\n<meta property=\"og:locale\" content=\"pt_BR\" \/>\n<meta property=\"og:type\" content=\"article\" \/>\n<meta property=\"og:title\" content=\"Sine Tocantins: sele\u00e7\u00e3o para mais de 90 vagas de emprego para esta ter\u00e7a - PORTAL DE NOT\u00cdCIAS CLEITON PINHEIRO\" \/>\n<meta property=\"og:description\" content=\"O Governo do Tocantins, por meio do Sistema Nacional de Emprego (Sine), realiza nesta ter\u00e7a-feira, 8, a partir das 9 horas, uma nova etapa de processos seletivos para preenchimento imediato de 91 vagas de emprego para Palmas. A sele\u00e7\u00e3o acontece no Sine Central da capital, localizado na Avenida Teot\u00f4nio Segurado, Quadra 401 Sul, Conjunto 01, [&hellip;]\" \/>\n<meta property=\"og:url\" content=\"https:\/\/cleitonpinheiro.com.br\/site\/sine-tocantins-selecao-para-mais-de-90-vagas-de-emprego-para-esta-terca\/\" \/>\n<meta property=\"og:site_name\" content=\"PORTAL DE NOT\u00cdCIAS CLEITON PINHEIRO\" \/>\n<meta property=\"article:publisher\" content=\"https:\/\/www.facebook.com\/portalcpnoticias\/\" \/>\n<meta property=\"article:published_time\" content=\"2025-07-07T13:30:13+00:00\" \/>\n<meta property=\"article:modified_time\" content=\"2025-07-07T13:30:20+00:00\" \/>\n<meta property=\"og:image\" content=\"https:\/\/cleitonpinheiro.com.br\/site\/wp-content\/uploads\/2025\/07\/Trabalhadores-interessados-nas-vagas-podem-procurar-o-Sine-portando-documentos-carteira-de-trabalho-e-curriculo.-Foto-Carlessandro-Souza.jpeg\" \/>\n\t<meta property=\"og:image:width\" content=\"1600\" \/>\n\t<meta property=\"og:image:height\" content=\"1066\" \/>\n\t<meta property=\"og:image:type\" content=\"image\/jpeg\" \/>\n<meta name=\"author\" content=\"Reda\u00e7\u00e3o CP\" \/>\n<meta name=\"twitter:card\" content=\"summary_large_image\" \/>\n<meta name=\"twitter:label1\" content=\"Escrito por\" \/>\n\t<meta name=\"twitter:data1\" content=\"Reda\u00e7\u00e3o CP\" \/>\n\t<meta name=\"twitter:label2\" content=\"Est. tempo de leitura\" \/>\n\t<meta name=\"twitter:data2\" content=\"3 minutos\" \/>\n<script type=\"application\/ld+json\" class=\"yoast-schema-graph\">{\"@context\":\"https:\/\/schema.org\",\"@graph\":[{\"@type\":\"Article\",\"@id\":\"https:\/\/cleitonpinheiro.com.br\/site\/sine-tocantins-selecao-para-mais-de-90-vagas-de-emprego-para-esta-terca\/#article\",\"isPartOf\":{\"@id\":\"https:\/\/cleitonpinheiro.com.br\/site\/sine-tocantins-selecao-para-mais-de-90-vagas-de-emprego-para-esta-terca\/\"},\"author\":{\"name\":\"Reda\u00e7\u00e3o CP\",\"@id\":\"https:\/\/cleitonpinheiro.com.br\/site\/#\/schema\/person\/8f04544e0bc40a1b68775b08360f87db\"},\"headline\":\"Sine Tocantins: sele\u00e7\u00e3o para mais de 90 vagas de emprego para esta ter\u00e7a\",\"datePublished\":\"2025-07-07T13:30:13+00:00\",\"dateModified\":\"2025-07-07T13:30:20+00:00\",\"mainEntityOfPage\":{\"@id\":\"https:\/\/cleitonpinheiro.com.br\/site\/sine-tocantins-selecao-para-mais-de-90-vagas-de-emprego-para-esta-terca\/\"},\"wordCount\":392,\"commentCount\":0,\"publisher\":{\"@id\":\"https:\/\/cleitonpinheiro.com.br\/site\/#organization\"},\"image\":{\"@id\":\"https:\/\/cleitonpinheiro.com.br\/site\/sine-tocantins-selecao-para-mais-de-90-vagas-de-emprego-para-esta-terca\/#primaryimage\"},\"thumbnailUrl\":\"https:\/\/cleitonpinheiro.com.br\/site\/wp-content\/uploads\/2025\/07\/Trabalhadores-interessados-nas-vagas-podem-procurar-o-Sine-portando-documentos-carteira-de-trabalho-e-curriculo.-Foto-Carlessandro-Souza.jpeg\",\"articleSection\":[\"ESTADO\",\"MANCHETE SEGUND\u00c1RIA\",\"TODAS NOTICIAS\"],\"inLanguage\":\"pt-BR\",\"potentialAction\":[{\"@type\":\"CommentAction\",\"name\":\"Comment\",\"target\":[\"https:\/\/cleitonpinheiro.com.br\/site\/sine-tocantins-selecao-para-mais-de-90-vagas-de-emprego-para-esta-terca\/#respond\"]}]},{\"@type\":\"WebPage\",\"@id\":\"https:\/\/cleitonpinheiro.com.br\/site\/sine-tocantins-selecao-para-mais-de-90-vagas-de-emprego-para-esta-terca\/\",\"url\":\"https:\/\/cleitonpinheiro.com.br\/site\/sine-tocantins-selecao-para-mais-de-90-vagas-de-emprego-para-esta-terca\/\",\"name\":\"Sine Tocantins: sele\u00e7\u00e3o para mais de 90 vagas de emprego para esta ter\u00e7a - PORTAL DE NOT\u00cdCIAS CLEITON PINHEIRO\",\"isPartOf\":{\"@id\":\"https:\/\/cleitonpinheiro.com.br\/site\/#website\"},\"primaryImageOfPage\":{\"@id\":\"https:\/\/cleitonpinheiro.com.br\/site\/sine-tocantins-selecao-para-mais-de-90-vagas-de-emprego-para-esta-terca\/#primaryimage\"},\"image\":{\"@id\":\"https:\/\/cleitonpinheiro.com.br\/site\/sine-tocantins-selecao-para-mais-de-90-vagas-de-emprego-para-esta-terca\/#primaryimage\"},\"thumbnailUrl\":\"https:\/\/cleitonpinheiro.com.br\/site\/wp-content\/uploads\/2025\/07\/Trabalhadores-interessados-nas-vagas-podem-procurar-o-Sine-portando-documentos-carteira-de-trabalho-e-curriculo.-Foto-Carlessandro-Souza.jpeg\",\"datePublished\":\"2025-07-07T13:30:13+00:00\",\"dateModified\":\"2025-07-07T13:30:20+00:00\",\"breadcrumb\":{\"@id\":\"https:\/\/cleitonpinheiro.com.br\/site\/sine-tocantins-selecao-para-mais-de-90-vagas-de-emprego-para-esta-terca\/#breadcrumb\"},\"inLanguage\":\"pt-BR\",\"potentialAction\":[{\"@type\":\"ReadAction\",\"target\":[\"https:\/\/cleitonpinheiro.com.br\/site\/sine-tocantins-selecao-para-mais-de-90-vagas-de-emprego-para-esta-terca\/\"]}]},{\"@type\":\"ImageObject\",\"inLanguage\":\"pt-BR\",\"@id\":\"https:\/\/cleitonpinheiro.com.br\/site\/sine-tocantins-selecao-para-mais-de-90-vagas-de-emprego-para-esta-terca\/#primaryimage\",\"url\":\"https:\/\/cleitonpinheiro.com.br\/site\/wp-content\/uploads\/2025\/07\/Trabalhadores-interessados-nas-vagas-podem-procurar-o-Sine-portando-documentos-carteira-de-trabalho-e-curriculo.-Foto-Carlessandro-Souza.jpeg\",\"contentUrl\":\"https:\/\/cleitonpinheiro.com.br\/site\/wp-content\/uploads\/2025\/07\/Trabalhadores-interessados-nas-vagas-podem-procurar-o-Sine-portando-documentos-carteira-de-trabalho-e-curriculo.-Foto-Carlessandro-Souza.jpeg\",\"width\":1600,\"height\":1066},{\"@type\":\"BreadcrumbList\",\"@id\":\"https:\/\/cleitonpinheiro.com.br\/site\/sine-tocantins-selecao-para-mais-de-90-vagas-de-emprego-para-esta-terca\/#breadcrumb\",\"itemListElement\":[{\"@type\":\"ListItem\",\"position\":1,\"name\":\"In\u00edcio\",\"item\":\"https:\/\/cleitonpinheiro.com.br\/site\/\"},{\"@type\":\"ListItem\",\"position\":2,\"name\":\"Sine Tocantins: sele\u00e7\u00e3o para mais de 90 vagas de emprego para esta ter\u00e7a\"}]},{\"@type\":\"WebSite\",\"@id\":\"https:\/\/cleitonpinheiro.com.br\/site\/#website\",\"url\":\"https:\/\/cleitonpinheiro.com.br\/site\/\",\"name\":\"PORTAL DE NOT\u00cdCIAS CLEITON PINHEIRO\",\"description\":\"FALANDO A VERDADE\",\"publisher\":{\"@id\":\"https:\/\/cleitonpinheiro.com.br\/site\/#organization\"},\"potentialAction\":[{\"@type\":\"SearchAction\",\"target\":{\"@type\":\"EntryPoint\",\"urlTemplate\":\"https:\/\/cleitonpinheiro.com.br\/site\/?s={search_term_string}\"},\"query-input\":{\"@type\":\"PropertyValueSpecification\",\"valueRequired\":true,\"valueName\":\"search_term_string\"}}],\"inLanguage\":\"pt-BR\"},{\"@type\":\"Organization\",\"@id\":\"https:\/\/cleitonpinheiro.com.br\/site\/#organization\",\"name\":\"CPNOT\u00cdCIAS\",\"url\":\"https:\/\/cleitonpinheiro.com.br\/site\/\",\"logo\":{\"@type\":\"ImageObject\",\"inLanguage\":\"pt-BR\",\"@id\":\"https:\/\/cleitonpinheiro.com.br\/site\/#\/schema\/logo\/image\/\",\"url\":\"https:\/\/cleitonpinheiro.com.br\/site\/wp-content\/uploads\/2022\/08\/Logo-pequena-2.png\",\"contentUrl\":\"https:\/\/cleitonpinheiro.com.br\/site\/wp-content\/uploads\/2022\/08\/Logo-pequena-2.png\",\"width\":500,\"height\":500,\"caption\":\"CPNOT\u00cdCIAS\"},\"image\":{\"@id\":\"https:\/\/cleitonpinheiro.com.br\/site\/#\/schema\/logo\/image\/\"},\"sameAs\":[\"https:\/\/www.facebook.com\/portalcpnoticias\/\"]},{\"@type\":\"Person\",\"@id\":\"https:\/\/cleitonpinheiro.com.br\/site\/#\/schema\/person\/8f04544e0bc40a1b68775b08360f87db\",\"name\":\"Reda\u00e7\u00e3o CP\",\"image\":{\"@type\":\"ImageObject\",\"inLanguage\":\"pt-BR\",\"@id\":\"https:\/\/cleitonpinheiro.com.br\/site\/#\/schema\/person\/image\/\",\"url\":\"https:\/\/secure.gravatar.com\/avatar\/0bcf19cb29fdc8fc588c490c7ae1b3e174dac268586a63fbe1d1893a0f9020cd?s=96&r=g\",\"contentUrl\":\"https:\/\/secure.gravatar.com\/avatar\/0bcf19cb29fdc8fc588c490c7ae1b3e174dac268586a63fbe1d1893a0f9020cd?s=96&r=g\",\"caption\":\"Reda\u00e7\u00e3o CP\"},\"url\":\"https:\/\/cleitonpinheiro.com.br\/site\/author\/redacao\/\"}]}<\/script>\n<!-- \/ Yoast SEO plugin. -->","yoast_head_json":{"title":"Sine Tocantins: sele\u00e7\u00e3o para mais de 90 vagas de emprego para esta ter\u00e7a - PORTAL DE NOT\u00cdCIAS CLEITON PINHEIRO","robots":{"index":"index","follow":"follow","max-snippet":"max-snippet:-1","max-image-preview":"max-image-preview:large","max-video-preview":"max-video-preview:-1"},"canonical":"https:\/\/cleitonpinheiro.com.br\/site\/sine-tocantins-selecao-para-mais-de-90-vagas-de-emprego-para-esta-terca\/","og_locale":"pt_BR","og_type":"article","og_title":"Sine Tocantins: sele\u00e7\u00e3o para mais de 90 vagas de emprego para esta ter\u00e7a - PORTAL DE NOT\u00cdCIAS CLEITON PINHEIRO","og_description":"O Governo do Tocantins, por meio do Sistema Nacional de Emprego (Sine), realiza nesta ter\u00e7a-feira, 8, a partir das 9 horas, uma nova etapa de processos seletivos para preenchimento imediato de 91 vagas de emprego para Palmas. A sele\u00e7\u00e3o acontece no Sine Central da capital, localizado na Avenida Teot\u00f4nio Segurado, Quadra 401 Sul, Conjunto 01, [&hellip;]","og_url":"https:\/\/cleitonpinheiro.com.br\/site\/sine-tocantins-selecao-para-mais-de-90-vagas-de-emprego-para-esta-terca\/","og_site_name":"PORTAL DE NOT\u00cdCIAS CLEITON PINHEIRO","article_publisher":"https:\/\/www.facebook.com\/portalcpnoticias\/","article_published_time":"2025-07-07T13:30:13+00:00","article_modified_time":"2025-07-07T13:30:20+00:00","og_image":[{"width":1600,"height":1066,"url":"https:\/\/cleitonpinheiro.com.br\/site\/wp-content\/uploads\/2025\/07\/Trabalhadores-interessados-nas-vagas-podem-procurar-o-Sine-portando-documentos-carteira-de-trabalho-e-curriculo.-Foto-Carlessandro-Souza.jpeg","type":"image\/jpeg"}],"author":"Reda\u00e7\u00e3o CP","twitter_card":"summary_large_image","twitter_misc":{"Escrito por":"Reda\u00e7\u00e3o CP","Est. tempo de leitura":"3 minutos"},"schema":{"@context":"https:\/\/schema.org","@graph":[{"@type":"Article","@id":"https:\/\/cleitonpinheiro.com.br\/site\/sine-tocantins-selecao-para-mais-de-90-vagas-de-emprego-para-esta-terca\/#article","isPartOf":{"@id":"https:\/\/cleitonpinheiro.com.br\/site\/sine-tocantins-selecao-para-mais-de-90-vagas-de-emprego-para-esta-terca\/"},"author":{"name":"Reda\u00e7\u00e3o CP","@id":"https:\/\/cleitonpinheiro.com.br\/site\/#\/schema\/person\/8f04544e0bc40a1b68775b08360f87db"},"headline":"Sine Tocantins: sele\u00e7\u00e3o para mais de 90 vagas de emprego para esta ter\u00e7a","datePublished":"2025-07-07T13:30:13+00:00","dateModified":"2025-07-07T13:30:20+00:00","mainEntityOfPage":{"@id":"https:\/\/cleitonpinheiro.com.br\/site\/sine-tocantins-selecao-para-mais-de-90-vagas-de-emprego-para-esta-terca\/"},"wordCount":392,"commentCount":0,"publisher":{"@id":"https:\/\/cleitonpinheiro.com.br\/site\/#organization"},"image":{"@id":"https:\/\/cleitonpinheiro.com.br\/site\/sine-tocantins-selecao-para-mais-de-90-vagas-de-emprego-para-esta-terca\/#primaryimage"},"thumbnailUrl":"https:\/\/cleitonpinheiro.com.br\/site\/wp-content\/uploads\/2025\/07\/Trabalhadores-interessados-nas-vagas-podem-procurar-o-Sine-portando-documentos-carteira-de-trabalho-e-curriculo.-Foto-Carlessandro-Souza.jpeg","articleSection":["ESTADO","MANCHETE SEGUND\u00c1RIA","TODAS NOTICIAS"],"inLanguage":"pt-BR","potentialAction":[{"@type":"CommentAction","name":"Comment","target":["https:\/\/cleitonpinheiro.com.br\/site\/sine-tocantins-selecao-para-mais-de-90-vagas-de-emprego-para-esta-terca\/#respond"]}]},{"@type":"WebPage","@id":"https:\/\/cleitonpinheiro.com.br\/site\/sine-tocantins-selecao-para-mais-de-90-vagas-de-emprego-para-esta-terca\/","url":"https:\/\/cleitonpinheiro.com.br\/site\/sine-tocantins-selecao-para-mais-de-90-vagas-de-emprego-para-esta-terca\/","name":"Sine Tocantins: sele\u00e7\u00e3o para mais de 90 vagas de emprego para esta ter\u00e7a - PORTAL DE NOT\u00cdCIAS CLEITON PINHEIRO","isPartOf":{"@id":"https:\/\/cleitonpinheiro.com.br\/site\/#website"},"primaryImageOfPage":{"@id":"https:\/\/cleitonpinheiro.com.br\/site\/sine-tocantins-selecao-para-mais-de-90-vagas-de-emprego-para-esta-terca\/#primaryimage"},"image":{"@id":"https:\/\/cleitonpinheiro.com.br\/site\/sine-tocantins-selecao-para-mais-de-90-vagas-de-emprego-para-esta-terca\/#primaryimage"},"thumbnailUrl":"https:\/\/cleitonpinheiro.com.br\/site\/wp-content\/uploads\/2025\/07\/Trabalhadores-interessados-nas-vagas-podem-procurar-o-Sine-portando-documentos-carteira-de-trabalho-e-curriculo.-Foto-Carlessandro-Souza.jpeg","datePublished":"2025-07-07T13:30:13+00:00","dateModified":"2025-07-07T13:30:20+00:00","breadcrumb":{"@id":"https:\/\/cleitonpinheiro.com.br\/site\/sine-tocantins-selecao-para-mais-de-90-vagas-de-emprego-para-esta-terca\/#breadcrumb"},"inLanguage":"pt-BR","potentialAction":[{"@type":"ReadAction","target":["https:\/\/cleitonpinheiro.com.br\/site\/sine-tocantins-selecao-para-mais-de-90-vagas-de-emprego-para-esta-terca\/"]}]},{"@type":"ImageObject","inLanguage":"pt-BR","@id":"https:\/\/cleitonpinheiro.com.br\/site\/sine-tocantins-selecao-para-mais-de-90-vagas-de-emprego-para-esta-terca\/#primaryimage","url":"https:\/\/cleitonpinheiro.com.br\/site\/wp-content\/uploads\/2025\/07\/Trabalhadores-interessados-nas-vagas-podem-procurar-o-Sine-portando-documentos-carteira-de-trabalho-e-curriculo.-Foto-Carlessandro-Souza.jpeg","contentUrl":"https:\/\/cleitonpinheiro.com.br\/site\/wp-content\/uploads\/2025\/07\/Trabalhadores-interessados-nas-vagas-podem-procurar-o-Sine-portando-documentos-carteira-de-trabalho-e-curriculo.-Foto-Carlessandro-Souza.jpeg","width":1600,"height":1066},{"@type":"BreadcrumbList","@id":"https:\/\/cleitonpinheiro.com.br\/site\/sine-tocantins-selecao-para-mais-de-90-vagas-de-emprego-para-esta-terca\/#breadcrumb","itemListElement":[{"@type":"ListItem","position":1,"name":"In\u00edcio","item":"https:\/\/cleitonpinheiro.com.br\/site\/"},{"@type":"ListItem","position":2,"name":"Sine Tocantins: sele\u00e7\u00e3o para mais de 90 vagas de emprego para esta ter\u00e7a"}]},{"@type":"WebSite","@id":"https:\/\/cleitonpinheiro.com.br\/site\/#website","url":"https:\/\/cleitonpinheiro.com.br\/site\/","name":"PORTAL DE NOT\u00cdCIAS CLEITON PINHEIRO","description":"FALANDO A VERDADE","publisher":{"@id":"https:\/\/cleitonpinheiro.com.br\/site\/#organization"},"potentialAction":[{"@type":"SearchAction","target":{"@type":"EntryPoint","urlTemplate":"https:\/\/cleitonpinheiro.com.br\/site\/?s={search_term_string}"},"query-input":{"@type":"PropertyValueSpecification","valueRequired":true,"valueName":"search_term_string"}}],"inLanguage":"pt-BR"},{"@type":"Organization","@id":"https:\/\/cleitonpinheiro.com.br\/site\/#organization","name":"CPNOT\u00cdCIAS","url":"https:\/\/cleitonpinheiro.com.br\/site\/","logo":{"@type":"ImageObject","inLanguage":"pt-BR","@id":"https:\/\/cleitonpinheiro.com.br\/site\/#\/schema\/logo\/image\/","url":"https:\/\/cleitonpinheiro.com.br\/site\/wp-content\/uploads\/2022\/08\/Logo-pequena-2.png","contentUrl":"https:\/\/cleitonpinheiro.com.br\/site\/wp-content\/uploads\/2022\/08\/Logo-pequena-2.png","width":500,"height":500,"caption":"CPNOT\u00cdCIAS"},"image":{"@id":"https:\/\/cleitonpinheiro.com.br\/site\/#\/schema\/logo\/image\/"},"sameAs":["https:\/\/www.facebook.com\/portalcpnoticias\/"]},{"@type":"Person","@id":"https:\/\/cleitonpinheiro.com.br\/site\/#\/schema\/person\/8f04544e0bc40a1b68775b08360f87db","name":"Reda\u00e7\u00e3o CP","image":{"@type":"ImageObject","inLanguage":"pt-BR","@id":"https:\/\/cleitonpinheiro.com.br\/site\/#\/schema\/person\/image\/","url":"https:\/\/secure.gravatar.com\/avatar\/0bcf19cb29fdc8fc588c490c7ae1b3e174dac268586a63fbe1d1893a0f9020cd?s=96&r=g","contentUrl":"https:\/\/secure.gravatar.com\/avatar\/0bcf19cb29fdc8fc588c490c7ae1b3e174dac268586a63fbe1d1893a0f9020cd?s=96&r=g","caption":"Reda\u00e7\u00e3o CP"},"url":"https:\/\/cleitonpinheiro.com.br\/site\/author\/redacao\/"}]}},"views":146,"_links":{"self":[{"href":"https:\/\/cleitonpinheiro.com.br\/site\/wp-json\/wp\/v2\/posts\/86197","targetHints":{"allow":["GET"]}}],"collection":[{"href":"https:\/\/cleitonpinheiro.com.br\/site\/wp-json\/wp\/v2\/posts"}],"about":[{"href":"https:\/\/cleitonpinheiro.com.br\/site\/wp-json\/wp\/v2\/types\/post"}],"author":[{"embeddable":true,"href":"https:\/\/cleitonpinheiro.com.br\/site\/wp-json\/wp\/v2\/users\/13"}],"replies":[{"embeddable":true,"href":"https:\/\/cleitonpinheiro.com.br\/site\/wp-json\/wp\/v2\/comments?post=86197"}],"version-history":[{"count":1,"href":"https:\/\/cleitonpinheiro.com.br\/site\/wp-json\/wp\/v2\/posts\/86197\/revisions"}],"predecessor-version":[{"id":86198,"href":"https:\/\/cleitonpinheiro.com.br\/site\/wp-json\/wp\/v2\/posts\/86197\/revisions\/86198"}],"wp:featuredmedia":[{"embeddable":true,"href":"https:\/\/cleitonpinheiro.com.br\/site\/wp-json\/wp\/v2\/media\/86143"}],"wp:attachment":[{"href":"https:\/\/cleitonpinheiro.com.br\/site\/wp-json\/wp\/v2\/media?parent=86197"}],"wp:term":[{"taxonomy":"category","embeddable":true,"href":"https:\/\/cleitonpinheiro.com.br\/site\/wp-json\/wp\/v2\/categories?post=86197"},{"taxonomy":"post_tag","embeddable":true,"href":"https:\/\/cleitonpinheiro.com.br\/site\/wp-json\/wp\/v2\/tags?post=86197"}],"curies":[{"name":"wp","href":"https:\/\/api.w.org\/{rel}","templated":true}]}}