{"id":86201,"date":"2025-07-07T12:05:10","date_gmt":"2025-07-07T15:05:10","guid":{"rendered":"https:\/\/cleitonpinheiro.com.br\/site\/?p=86201"},"modified":"2025-07-07T12:05:14","modified_gmt":"2025-07-07T15:05:14","slug":"araguacema-e-caseara-abrem-a-temporada-de-praia-2025-com-expectativa-de-receber-200-mil-visitantes","status":"publish","type":"post","link":"https:\/\/cleitonpinheiro.com.br\/site\/araguacema-e-caseara-abrem-a-temporada-de-praia-2025-com-expectativa-de-receber-200-mil-visitantes\/","title":{"rendered":"Araguacema e Caseara abrem a Temporada de Praia 2025 com expectativa de receber 200 mil visitantes"},"content":{"rendered":"\n<figure class=\"wp-block-image size-large\"><img fetchpriority=\"high\" decoding=\"async\" width=\"1024\" height=\"585\" src=\"https:\/\/cleitonpinheiro.com.br\/site\/wp-content\/uploads\/2025\/07\/F4-Estrutura-da-praia-de-Araguacema-Foto-Ademir-dos-Anjos-1024x585.jpg\" alt=\"\" class=\"wp-image-86219\" srcset=\"https:\/\/cleitonpinheiro.com.br\/site\/wp-content\/uploads\/2025\/07\/F4-Estrutura-da-praia-de-Araguacema-Foto-Ademir-dos-Anjos-1024x585.jpg 1024w, https:\/\/cleitonpinheiro.com.br\/site\/wp-content\/uploads\/2025\/07\/F4-Estrutura-da-praia-de-Araguacema-Foto-Ademir-dos-Anjos-300x171.jpg 300w, https:\/\/cleitonpinheiro.com.br\/site\/wp-content\/uploads\/2025\/07\/F4-Estrutura-da-praia-de-Araguacema-Foto-Ademir-dos-Anjos-768x439.jpg 768w, https:\/\/cleitonpinheiro.com.br\/site\/wp-content\/uploads\/2025\/07\/F4-Estrutura-da-praia-de-Araguacema-Foto-Ademir-dos-Anjos-1536x878.jpg 1536w, https:\/\/cleitonpinheiro.com.br\/site\/wp-content\/uploads\/2025\/07\/F4-Estrutura-da-praia-de-Araguacema-Foto-Ademir-dos-Anjos-2048x1170.jpg 2048w\" sizes=\"(max-width: 1024px) 100vw, 1024px\" \/><figcaption class=\"wp-element-caption\">Ademir dos Anjos\/Governo do Tocantins \n\n<\/figcaption><\/figure>\n\n\n\n<p>Conhecidas por suas paisagens encantadoras e extensos bancos de areia, as tradicionais Praias da Gaivota e da Ilha, localizadas nos munic\u00edpios de Araguacema e Caseara, respectivamente, iniciaram a programa\u00e7\u00e3o da <em>Temporada de Praia 2025<\/em> nessa sexta-feira, 4, e s\u00e1bado, 5. Com apoio do Governo do Tocantins, os dois destinos tur\u00edsticos, que est\u00e3o entre os principais durante este per\u00edodo, prometem agitar a regi\u00e3o oeste do estado com uma programa\u00e7\u00e3o diversificada, estrutura e seguran\u00e7a refor\u00e7adas, e a expectativa de bater recorde de visitantes, com a circula\u00e7\u00e3o de 200 mil pessoas durante o m\u00eas de julho.<\/p>\n\n\n\n<p>Nesta edi\u00e7\u00e3o, o Governo do Tocantins, por meio da Secretaria de Estado do Turismo (Setur), destinou cerca de R$ 30 milh\u00f5es para a realiza\u00e7\u00e3o da temporada de praia em mais de 40 munic\u00edpios, com melhorias na infraestrutura, nas barracas instaladas, refor\u00e7o da seguran\u00e7a e da limpeza, al\u00e9m de uma programa\u00e7\u00e3o cultural diversificada com shows nacionais e regionais, atividades esportivas e a\u00e7\u00f5es de conscientiza\u00e7\u00e3o ambiental.<\/p>\n\n\n\n<p>\u201cA <em>Temporada de Praia 2025<\/em> \u00e9 um grande esfor\u00e7o coletivo, liderado pelo nosso governador Wanderlei Barbosa, para garantir infraestrutura e programa\u00e7\u00f5es culturais em mais de 50 praias por todo o Tocantins. Esse investimento reflete o compromisso do Governo do Estado com o lazer, o turismo e tamb\u00e9m com a gera\u00e7\u00e3o de emprego e renda. Por meio da parceria com os munic\u00edpios, estamos oferecendo uma temporada segura, bem estruturada e cheia de experi\u00eancias inesquec\u00edveis para quem vive aqui e para quem nos visita. De norte a sul, o Tocantins est\u00e1 preparado para mostrar sua for\u00e7a, beleza e acolhimento\u201d, enfatizou o secret\u00e1rio de Estado do&nbsp; Turismo, Hercy Filho.<\/p>\n\n\n\n<p><strong>Praia de Araguacema<\/strong><\/p>\n\n\n\n<p>Localizada \u00e0s margens do Rio Araguaia, no munic\u00edpio de Araguacema, a Praia da Gaivota concentra uma das maiores temporadas de praia do Tocantins. O local possui infraestrutura refor\u00e7ada, incluindo 16 barracas de alimenta\u00e7\u00e3o com grande variedade gastron\u00f4mica, cinco de artesanato, 19 tendas gratuitas para lazer, 12 tendas para <em>camping<\/em>, pontos instagram\u00e1veis para os visitantes e nove blocos de banheiros. Para garantir a seguran\u00e7a, a praia ter\u00e1, em todos os finais de semana, a atua\u00e7\u00e3o di\u00e1ria de cinco bombeiros militares, quatro guarda-vidas e 20 policiais militares. A estrutura tamb\u00e9m inclui sala da sa\u00fade, equipe de fiscaliza\u00e7\u00e3o ambiental e mais de 50 barqueiros credenciados para garantir a travessia dos visitantes com seguran\u00e7a.<\/p>\n\n\n\n<p>\u201cEstamos \u00e0s margens do belo Rio Araguaia, na Praia da Gaivota, onde preparamos uma mega estrutura para receber todos os tocantinenses e turistas. Nossa programa\u00e7\u00e3o conta com shows, pr\u00e1tica de esportes e atra\u00e7\u00f5es nacionais. Tudo foi preparado com muito carinho, contamos com a parceria do governador Wanderlei Barbosa que destinou recursos para a nossa temporada e o restante entramos com contrapartida da prefeitura para oferecermos uma estrutura completa aos visitantes. Esperamos receber cerca de 110 mil pessoas neste ano, superando o recorde de p\u00fablico\u201d, destacou o prefeito de Araguacema, Marcus Vinicius Moraes.<\/p>\n\n\n\n<p>A orla da Gaivota \u00e9 o ponto de encontro inicial dos turistas que v\u00e3o atravessar para a praia, contando com estrutura de quiosques para alimenta\u00e7\u00e3o e local de suporte ao turista. Al\u00e9m da praia, os visitantes tamb\u00e9m podem ter acesso a outras ilhas utilizadas para acampamento, a exemplo do trecho entre o Rio Araguaia e o Rio Caiap\u00f3, onde ocorre a tradicional pesca esportiva organizada pelos Guardi\u00f5es do Rio Caiap\u00f3, com o apoio do Governo do Tocantins. A pr\u00e1tica \u00e9 organizada por meio da Trilha da Pesca, que \u00e9 realizada de maio a setembro, com acesso pela praia e pelo porto da balsa.<\/p>\n\n\n\n<p>Entre os centenas de turistas que est\u00e3o aproveitando a <em>Temporada de Praia 2025<\/em> em Araguacema, est\u00e1 o m\u00e9dico Luvanor da Silva Oliveira. Morador de Jundia\u00ed\/SP, ele passou a inf\u00e2ncia no munic\u00edpio com a fam\u00edlia e mant\u00e9m uma rela\u00e7\u00e3o afetiva com a Praia da Gaivota, destino que visita todos os anos, chegando no in\u00edcio de julho e permanecendo at\u00e9 o fim da temporada. \u201cEu amo essa ilha. Desde a inf\u00e2ncia eu fico aqui e fa\u00e7o quest\u00e3o de vir todos os anos. A Praia da Gaivota \u00e9 incr\u00edvel, um para\u00edso. Eu poderia ir para qualquer lugar, mas todo ano eu escolho aqui com paix\u00e3o. J\u00e1 morei em muitos estados e fora do Brasil, mas o p\u00f4r do sol mais bonito que eu j\u00e1 vi foi aqui. Os turistas podem vir tranquilos para c\u00e1: tem estrutura, seguran\u00e7a, shows e uma paisagem linda&#8221;, ressaltou o turista.&nbsp;<\/p>\n\n\n\n<p>O comerciante Wemerson Silva mora em Goi\u00e1s, mas \u00e9 presen\u00e7a certa na Praia da Gaivota em julho. Ele chega ao munic\u00edpio no in\u00edcio do m\u00eas com sua barraca de artesanato, onde vende pulseiras, colares, terer\u00ea e tatuagem de henna. \u201cTodos os anos j\u00e1 me preparo uns dois meses antes s\u00f3 pra vir, porque tem muito movimento. A estrutura deste ano est\u00e1 melhor e favor\u00e1vel para os comerciantes. Nas outras temporadas n\u00e3o conseguimos atender a quantidade de pessoas, ent\u00e3o me organizei com mais mercadorias este ano e as expectativas de venda est\u00e3o muito altas. Os shows s\u00e3o perfeitos e a praia est\u00e1 maravilhosa\u201d, expressou o comerciante.<\/p>\n\n\n\n<p><strong>Programa\u00e7\u00e3o musical em Araguacema&nbsp;<\/strong><\/p>\n\n\n\n<p>Os shows musicais gratuitos s\u00e3o um dos pontos fortes da programa\u00e7\u00e3o da Praia da Gaivota, que aposta na diversidade para atrair o p\u00fablico. A banda Forr\u00f3 do Mu\u00eddo abriu a programa\u00e7\u00e3o musical nessa sexta-feira, 4. J\u00e1 nesse s\u00e1bado, 5, o cantor Jefferson Moraes animou a festa e o grupo de pagode Sem B.O se apresenta no domingo, 6. No fim de semana seguinte, os destaques ficam por conta da cantora B\u00e1rbara D\u2019Lux, que se apresentar\u00e1 na sexta-feira, 11, e dos shows da bandas Parangol\u00e9 no s\u00e1bado, 12, e Ra\u00e7a Negra no domingo, 13.&nbsp;<\/p>\n\n\n\n<p>A programa\u00e7\u00e3o conta, ainda, com show da banda Lambasaia na sexta-feira, 18; Igor Kann\u00e1rio no s\u00e1bado, 19; e o cantor Xanddy Harmonia no domingo, 20. Na \u00faltima semana, a cantora Claudia Leitte sobe ao palco na sexta-feira, 25; no s\u00e1bado, 26, \u00e9 a vez de Michele Andrade, e a banda Gasparzinho encerra a programa\u00e7\u00e3o da temporada no domingo, 27. A programa\u00e7\u00e3o inclui DJs todos os dias e come\u00e7a \u00e0s sextas-feiras, a partir das 21 horas; e aos s\u00e1bados e domingos, a partir das 18 horas.<\/p>\n\n\n\n<p><strong>Praia de Caseara<\/strong><\/p>\n\n\n\n<p>Tamb\u00e9m \u00e0s margens do Rio Araguaia, a Praia da Ilha, situada no munic\u00edpio de Caseara, encanta os visitantes com suas paisagens naturais. Localizada na regi\u00e3o do Cant\u00e3o, \u00e9 um ref\u00fagio que, durante o m\u00eas de julho, se transforma em ponto de encontro para turistas e moradores que buscam lazer, esportes e contato direto com a natureza. A temporada \u00e9 realizada tradicionalmente h\u00e1 mais de 20 anos e abrange diversas ilhas da regi\u00e3o.&nbsp;<\/p>\n\n\n\n<p>Em 2025, a estrutura foi ampliada, contando com 10 barracas de gastronomia, uma barraca administrativa, uma da Pol\u00edcia Militar do Tocantins (PMTO), al\u00e9m de 30 barqueiros e uma balsa de suporte. A seguran\u00e7a \u00e9 garantida diariamente por uma equipe composta por 10 policiais militares, oito bombeiros e seguran\u00e7as da prefeitura. Todos os finais de semana ocorrem shows com atra\u00e7\u00f5es nacionais e regionais, al\u00e9m de esportes como v\u00f4lei, futebol de areia, golzinho, caiaque e a competi\u00e7\u00e3o <em>Garota Ver\u00e3o<\/em>.<\/p>\n\n\n\n<p>\u201cEstamos resgatando o turismo da cidade, pois sabemos da import\u00e2ncia da Praia da Ilha e temos a expectativa de que esta ser\u00e1 uma das melhores temporadas que j\u00e1 tivemos, realizada com grande apoio do Governo do Tocantins. Tranquilizo todos os visitantes, pois estamos garantindo total seguran\u00e7a com a Pol\u00edcia Militar e o Corpo de Bombeiros, e com a barraca da sa\u00fade oferecendo suporte. Al\u00e9m disso, teremos v\u00e1rias atra\u00e7\u00f5es, com bandas nacionais e regionais, e tamb\u00e9m com diversas modalidades esportivas. Convido todos os casearenses e turistas a participarem desta temporada de praia\u201d, evidenciou o prefeito de Caseara, Marcos do Chico.<\/p>\n\n\n\n<p>A moradora de Caseara, Silvane Dias Vasconcelos, \u00e9 propriet\u00e1ria de uma das barracas da Praia da Ilha e participa da temporada h\u00e1 mais de 15 anos. \u201cTrabalho nesse ramo de alimenta\u00e7\u00e3o h\u00e1 muitos anos, na minha barraca Caiap\u00f3, que tenho no assentamento onde moro. Durante a temporada, trago a barraca para a praia, onde tenho a oportunidade de vender mais e espero que esta temporada seja ainda melhor do que as anteriores. A expectativa de vendas est\u00e1 alta, pois o turismo \u00e9 essencial para n\u00f3s comerciantes. Estou aqui para receber todos com alegria e uma comida boa e caseira\u201d, salientou a vendedora.<\/p>\n\n\n\n<p>Em visita a Caseara pela primeira vez, a turista Mariana Baldi, de S\u00e3o Jos\u00e9 do Rio Preto\/SP, veio acampar com os amigos e se encantou com a estrutura e a beleza natural da praia. \u201cTenho amigos que frequentam aqui h\u00e1 muitos anos e vim para conhecer de perto. Estou amando tudo, a estrutura \u00e9 boa, e a praia \u00e9 limpa e segura. Est\u00e1 sendo um prazer conhecer Caseara, eu n\u00e3o imaginava encontrar uma paisagem t\u00e3o linda. A praia de rio doce \u00e9 uma grande novidade para mim e est\u00e1 sendo uma experi\u00eancia perfeita. O Rio Araguaia \u00e9 maravilhoso, muito bom para banho\u201d, compartilhou a turista.&nbsp;<\/p>\n\n\n\n<p><strong>Programa\u00e7\u00e3o musical em Caseara&nbsp;<\/strong><\/p>\n\n\n\n<p>Sobem ao palco da praia de Caseara grandes nomes da m\u00fasica nacional como Amado Batista, que se apresentou nesse s\u00e1bado, 5; B\u00e1rbara D\u2019Lux, neste domingo, 6; Ju Marques, na sexta-feira, 11; Babado Novo, no s\u00e1bado, 12; Thiago Jhonathan, no domingo, 13; Wglemerson Lima, na sexta-feira, 18; Banda Djav\u00fa, no s\u00e1bado, 19; Taisa Marques, no domingo, 20; Gasparzinho, na sexta-feira, 25; Banda Encantus, no s\u00e1bado, 26; e Tom de Alerta, no domingo, 27, \u00faltimo dia da programa\u00e7\u00e3o. Al\u00e9m dessas atra\u00e7\u00f5es, artistas regionais e DJs se apresentar\u00e3o em todos os finais de semana.<\/p>\n\n\n\n<p><strong>Projeto esporte ver\u00e3o<\/strong><\/p>\n\n\n\n<p>Com foco na promo\u00e7\u00e3o do esporte e lazer, a Praia da Gaivota e a Praia da Ilha s\u00e3o cen\u00e1rios em que o Governo do Tocantins, por meio da Secretaria de Estado dos Esportes e Juventude (Seju), em parceria com as prefeituras, realiza o projeto <em>Esporte Ver\u00e3o<\/em>, com competi\u00e7\u00f5es de futev\u00f4lei nas categorias iniciante e amador, nos dias 12 e 13 de julho em Araguacema; e nos dias 12 e 13 em Caseara, com a modalidade <em>beach soccer<\/em>. Al\u00e9m disso, as duas praias ter\u00e3o em todos os finais de semana jogos esportivos em diversas modalidades, como futev\u00f4lei, nata\u00e7\u00e3o, voleibol e futebol de areia.<\/p>\n\n\n\n<p>A programa\u00e7\u00e3o esportiva segue durante todo o m\u00eas de julho e contempla diversas praias em outros munic\u00edpios. Ao todo, o projeto <em>Esporte Ver\u00e3o<\/em> passar\u00e1 por 14 cidades, com disputas nas modalidades de futev\u00f4lei, v\u00f4lei de praia e <em>beach soccer<\/em>. Neste primeiro fim de semana, dias 5 e 6 de julho, os jogos ocorrem nas praias de Aparecida do Rio Negro e Santa Tereza (futev\u00f4lei), e Novo Acordo (v\u00f4lei de praia).<\/p>\n\n\n\n<p>Nos dias 12 e 13, as atividades tamb\u00e9m seguem nas praias de Barra do Ouro (futev\u00f4lei) e Paran\u00e3 (v\u00f4lei de praia). J\u00e1 entre os dias 19 e 20 de julho, ser\u00e1 a vez de Ponte Alta e Rio Sono (futev\u00f4lei), e Buriti do Tocantins (<em>beach soccer<\/em>). Encerrando o circuito, nos dias 26 e 27 de julho as competi\u00e7\u00f5es ocorrem nas praias de Itaguatins e Tupiratins (futev\u00f4lei), Rio dos Bois (<em>beach soccer<\/em>) e Sampaio (v\u00f4lei de praia).<\/p>\n\n\n\n<p><strong>Praia consciente<\/strong><\/p>\n\n\n\n<p>Al\u00e9m da programa\u00e7\u00e3o esportiva e cultural, as praias tamb\u00e9m recebem o projeto <em>Praia Consciente<\/em>, promovido pelo Governo do Tocantins, por meio da Secretaria de Estado do Meio Ambiente e Recursos H\u00eddricos (Semarh). As a\u00e7\u00f5es ser\u00e3o realizadas entre os dias 11 a 13 de julho, em Araguacema; e 18 a 20 em Caseara, com uma s\u00e9rie de atividades voltadas \u00e0 educa\u00e7\u00e3o ambiental e \u00e0 inclus\u00e3o social.<\/p>\n\n\n\n<p>A iniciativa ser\u00e1 realizada em diversas praias ao longo da temporada. De 4 a 6 de julho, as atividades ocorrem nos munic\u00edpios de Ipueiras, Peixe, Porto Nacional e Brejinho de Nazar\u00e9. Entre os dias 1\u00ba e 13 de julho, em Tupiratins, Pedro Afonso e Rio Sono. Na sequ\u00eancia, de 18 a 20 de julho, em Itacaj\u00e1, Tocantin\u00f3polis, Araguan\u00e3 e Marian\u00f3polis. J\u00e1 entre 25 e 27 de julho, o projeto chega \u00e0s praias de Ponte Alta, Paran\u00e3 e Xambio\u00e1. Entre os dias 1\u00ba e 3 de agosto, o <em>Praia Consciente<\/em> ser\u00e1 promovido em Baba\u00e7ul\u00e2ndia, Itaguatins, Esperantina e Araguatins. A programa\u00e7\u00e3o inclui visita\u00e7\u00e3o <em>in loco<\/em>, palestras educativas, atividades recreativas, inclus\u00e3o com cadeiras anf\u00edbias para pessoas com defici\u00eancia ou mobilidade reduzida, al\u00e9m do monitoramento das a\u00e7\u00f5es realizadas na praia.<\/p>\n\n\n\n<p>O projeto <em>Praia Consciente<\/em> tem como objetivo promover a\u00e7\u00f5es de educa\u00e7\u00e3o ambiental voltadas \u00e0 comunidade local e aos frequentadores da praia, como comerciantes, barqueiros e turistas, focadas na conserva\u00e7\u00e3o do meio ambiente e na preserva\u00e7\u00e3o das \u00e1reas de lazer. Entre as iniciativas, est\u00e3o a orienta\u00e7\u00e3o sobre o descarte adequado de res\u00edduos e a distribui\u00e7\u00e3o de recipientes para o correto acondicionamento do lixo produzido.<\/p>\n\n\n\n<p><strong>Selo praia respons\u00e1vel 2025<\/strong><\/p>\n\n\n\n<p>Em 2025, a Setur dar\u00e1 continuidade ao <em>Selo Praia Respons\u00e1vel<\/em>, iniciativa que certifica praias fluviais e lacustres que adotam pr\u00e1ticas sustent\u00e1veis e promovem o turismo respons\u00e1vel. A novidade deste ano \u00e9 a amplia\u00e7\u00e3o da premia\u00e7\u00e3o, que passa a contemplar n\u00e3o apenas as praias tempor\u00e1rias, mas tamb\u00e9m as permanentes. Os valores s\u00e3o de R$ 150 mil para praias tempor\u00e1rias e R$ 80 mil para praias permanentes que atenderem aos crit\u00e9rios do selo.<\/p>\n","protected":false},"excerpt":{"rendered":"<p>Conhecidas por suas paisagens encantadoras e extensos bancos de areia, as tradicionais Praias da Gaivota e da Ilha, localizadas nos munic\u00edpios de Araguacema e Caseara, respectivamente, iniciaram a programa\u00e7\u00e3o da Temporada de Praia 2025 nessa sexta-feira, 4, e s\u00e1bado, 5. Com apoio do Governo do Tocantins, os dois destinos tur\u00edsticos, que est\u00e3o entre os principais [&hellip;]<\/p>\n","protected":false},"author":13,"featured_media":86219,"comment_status":"open","ping_status":"open","sticky":false,"template":"","format":"standard","meta":{"_acf_changed":false,"footnotes":""},"categories":[22,20,21],"tags":[],"class_list":["post-86201","post","type-post","status-publish","format-standard","has-post-thumbnail","hentry","category-cidades","category-noticias-em-destaque","category-todas-noticias"],"acf":[],"yoast_head":"<!-- This site is optimized with the Yoast SEO plugin v24.4 - https:\/\/yoast.com\/wordpress\/plugins\/seo\/ -->\n<title>Araguacema e Caseara abrem a Temporada de Praia 2025 com expectativa de receber 200 mil visitantes - PORTAL DE NOT\u00cdCIAS CLEITON PINHEIRO<\/title>\n<meta name=\"robots\" content=\"index, follow, max-snippet:-1, max-image-preview:large, max-video-preview:-1\" \/>\n<link rel=\"canonical\" href=\"https:\/\/cleitonpinheiro.com.br\/site\/araguacema-e-caseara-abrem-a-temporada-de-praia-2025-com-expectativa-de-receber-200-mil-visitantes\/\" \/>\n<meta property=\"og:locale\" content=\"pt_BR\" \/>\n<meta property=\"og:type\" content=\"article\" \/>\n<meta property=\"og:title\" content=\"Araguacema e Caseara abrem a Temporada de Praia 2025 com expectativa de receber 200 mil visitantes - PORTAL DE NOT\u00cdCIAS CLEITON PINHEIRO\" \/>\n<meta property=\"og:description\" content=\"Conhecidas por suas paisagens encantadoras e extensos bancos de areia, as tradicionais Praias da Gaivota e da Ilha, localizadas nos munic\u00edpios de Araguacema e Caseara, respectivamente, iniciaram a programa\u00e7\u00e3o da Temporada de Praia 2025 nessa sexta-feira, 4, e s\u00e1bado, 5. Com apoio do Governo do Tocantins, os dois destinos tur\u00edsticos, que est\u00e3o entre os principais [&hellip;]\" \/>\n<meta property=\"og:url\" content=\"https:\/\/cleitonpinheiro.com.br\/site\/araguacema-e-caseara-abrem-a-temporada-de-praia-2025-com-expectativa-de-receber-200-mil-visitantes\/\" \/>\n<meta property=\"og:site_name\" content=\"PORTAL DE NOT\u00cdCIAS CLEITON PINHEIRO\" \/>\n<meta property=\"article:publisher\" content=\"https:\/\/www.facebook.com\/portalcpnoticias\/\" \/>\n<meta property=\"article:published_time\" content=\"2025-07-07T15:05:10+00:00\" \/>\n<meta property=\"article:modified_time\" content=\"2025-07-07T15:05:14+00:00\" \/>\n<meta property=\"og:image\" content=\"https:\/\/cleitonpinheiro.com.br\/site\/wp-content\/uploads\/2025\/07\/F4-Estrutura-da-praia-de-Araguacema-Foto-Ademir-dos-Anjos-scaled.jpg\" \/>\n\t<meta property=\"og:image:width\" content=\"2560\" \/>\n\t<meta property=\"og:image:height\" content=\"1463\" \/>\n\t<meta property=\"og:image:type\" content=\"image\/jpeg\" \/>\n<meta name=\"author\" content=\"Reda\u00e7\u00e3o CP\" \/>\n<meta name=\"twitter:card\" content=\"summary_large_image\" \/>\n<meta name=\"twitter:label1\" content=\"Escrito por\" \/>\n\t<meta name=\"twitter:data1\" content=\"Reda\u00e7\u00e3o CP\" \/>\n\t<meta name=\"twitter:label2\" content=\"Est. tempo de leitura\" \/>\n\t<meta name=\"twitter:data2\" content=\"13 minutos\" \/>\n<script type=\"application\/ld+json\" class=\"yoast-schema-graph\">{\"@context\":\"https:\/\/schema.org\",\"@graph\":[{\"@type\":\"Article\",\"@id\":\"https:\/\/cleitonpinheiro.com.br\/site\/araguacema-e-caseara-abrem-a-temporada-de-praia-2025-com-expectativa-de-receber-200-mil-visitantes\/#article\",\"isPartOf\":{\"@id\":\"https:\/\/cleitonpinheiro.com.br\/site\/araguacema-e-caseara-abrem-a-temporada-de-praia-2025-com-expectativa-de-receber-200-mil-visitantes\/\"},\"author\":{\"name\":\"Reda\u00e7\u00e3o CP\",\"@id\":\"https:\/\/cleitonpinheiro.com.br\/site\/#\/schema\/person\/8f04544e0bc40a1b68775b08360f87db\"},\"headline\":\"Araguacema e Caseara abrem a Temporada de Praia 2025 com expectativa de receber 200 mil visitantes\",\"datePublished\":\"2025-07-07T15:05:10+00:00\",\"dateModified\":\"2025-07-07T15:05:14+00:00\",\"mainEntityOfPage\":{\"@id\":\"https:\/\/cleitonpinheiro.com.br\/site\/araguacema-e-caseara-abrem-a-temporada-de-praia-2025-com-expectativa-de-receber-200-mil-visitantes\/\"},\"wordCount\":2278,\"commentCount\":0,\"publisher\":{\"@id\":\"https:\/\/cleitonpinheiro.com.br\/site\/#organization\"},\"image\":{\"@id\":\"https:\/\/cleitonpinheiro.com.br\/site\/araguacema-e-caseara-abrem-a-temporada-de-praia-2025-com-expectativa-de-receber-200-mil-visitantes\/#primaryimage\"},\"thumbnailUrl\":\"https:\/\/cleitonpinheiro.com.br\/site\/wp-content\/uploads\/2025\/07\/F4-Estrutura-da-praia-de-Araguacema-Foto-Ademir-dos-Anjos-scaled.jpg\",\"articleSection\":[\"CIDADES\",\"NOT\u00cdCIAS EM DESTAQUE\",\"TODAS NOTICIAS\"],\"inLanguage\":\"pt-BR\",\"potentialAction\":[{\"@type\":\"CommentAction\",\"name\":\"Comment\",\"target\":[\"https:\/\/cleitonpinheiro.com.br\/site\/araguacema-e-caseara-abrem-a-temporada-de-praia-2025-com-expectativa-de-receber-200-mil-visitantes\/#respond\"]}]},{\"@type\":\"WebPage\",\"@id\":\"https:\/\/cleitonpinheiro.com.br\/site\/araguacema-e-caseara-abrem-a-temporada-de-praia-2025-com-expectativa-de-receber-200-mil-visitantes\/\",\"url\":\"https:\/\/cleitonpinheiro.com.br\/site\/araguacema-e-caseara-abrem-a-temporada-de-praia-2025-com-expectativa-de-receber-200-mil-visitantes\/\",\"name\":\"Araguacema e Caseara abrem a Temporada de Praia 2025 com expectativa de receber 200 mil visitantes - PORTAL DE NOT\u00cdCIAS CLEITON PINHEIRO\",\"isPartOf\":{\"@id\":\"https:\/\/cleitonpinheiro.com.br\/site\/#website\"},\"primaryImageOfPage\":{\"@id\":\"https:\/\/cleitonpinheiro.com.br\/site\/araguacema-e-caseara-abrem-a-temporada-de-praia-2025-com-expectativa-de-receber-200-mil-visitantes\/#primaryimage\"},\"image\":{\"@id\":\"https:\/\/cleitonpinheiro.com.br\/site\/araguacema-e-caseara-abrem-a-temporada-de-praia-2025-com-expectativa-de-receber-200-mil-visitantes\/#primaryimage\"},\"thumbnailUrl\":\"https:\/\/cleitonpinheiro.com.br\/site\/wp-content\/uploads\/2025\/07\/F4-Estrutura-da-praia-de-Araguacema-Foto-Ademir-dos-Anjos-scaled.jpg\",\"datePublished\":\"2025-07-07T15:05:10+00:00\",\"dateModified\":\"2025-07-07T15:05:14+00:00\",\"breadcrumb\":{\"@id\":\"https:\/\/cleitonpinheiro.com.br\/site\/araguacema-e-caseara-abrem-a-temporada-de-praia-2025-com-expectativa-de-receber-200-mil-visitantes\/#breadcrumb\"},\"inLanguage\":\"pt-BR\",\"potentialAction\":[{\"@type\":\"ReadAction\",\"target\":[\"https:\/\/cleitonpinheiro.com.br\/site\/araguacema-e-caseara-abrem-a-temporada-de-praia-2025-com-expectativa-de-receber-200-mil-visitantes\/\"]}]},{\"@type\":\"ImageObject\",\"inLanguage\":\"pt-BR\",\"@id\":\"https:\/\/cleitonpinheiro.com.br\/site\/araguacema-e-caseara-abrem-a-temporada-de-praia-2025-com-expectativa-de-receber-200-mil-visitantes\/#primaryimage\",\"url\":\"https:\/\/cleitonpinheiro.com.br\/site\/wp-content\/uploads\/2025\/07\/F4-Estrutura-da-praia-de-Araguacema-Foto-Ademir-dos-Anjos-scaled.jpg\",\"contentUrl\":\"https:\/\/cleitonpinheiro.com.br\/site\/wp-content\/uploads\/2025\/07\/F4-Estrutura-da-praia-de-Araguacema-Foto-Ademir-dos-Anjos-scaled.jpg\",\"width\":2560,\"height\":1463,\"caption\":\"Ademir dos Anjos\/Governo do Tocantins\"},{\"@type\":\"BreadcrumbList\",\"@id\":\"https:\/\/cleitonpinheiro.com.br\/site\/araguacema-e-caseara-abrem-a-temporada-de-praia-2025-com-expectativa-de-receber-200-mil-visitantes\/#breadcrumb\",\"itemListElement\":[{\"@type\":\"ListItem\",\"position\":1,\"name\":\"In\u00edcio\",\"item\":\"https:\/\/cleitonpinheiro.com.br\/site\/\"},{\"@type\":\"ListItem\",\"position\":2,\"name\":\"Araguacema e Caseara abrem a Temporada de Praia 2025 com expectativa de receber 200 mil visitantes\"}]},{\"@type\":\"WebSite\",\"@id\":\"https:\/\/cleitonpinheiro.com.br\/site\/#website\",\"url\":\"https:\/\/cleitonpinheiro.com.br\/site\/\",\"name\":\"PORTAL DE NOT\u00cdCIAS CLEITON PINHEIRO\",\"description\":\"FALANDO A VERDADE\",\"publisher\":{\"@id\":\"https:\/\/cleitonpinheiro.com.br\/site\/#organization\"},\"potentialAction\":[{\"@type\":\"SearchAction\",\"target\":{\"@type\":\"EntryPoint\",\"urlTemplate\":\"https:\/\/cleitonpinheiro.com.br\/site\/?s={search_term_string}\"},\"query-input\":{\"@type\":\"PropertyValueSpecification\",\"valueRequired\":true,\"valueName\":\"search_term_string\"}}],\"inLanguage\":\"pt-BR\"},{\"@type\":\"Organization\",\"@id\":\"https:\/\/cleitonpinheiro.com.br\/site\/#organization\",\"name\":\"CPNOT\u00cdCIAS\",\"url\":\"https:\/\/cleitonpinheiro.com.br\/site\/\",\"logo\":{\"@type\":\"ImageObject\",\"inLanguage\":\"pt-BR\",\"@id\":\"https:\/\/cleitonpinheiro.com.br\/site\/#\/schema\/logo\/image\/\",\"url\":\"https:\/\/cleitonpinheiro.com.br\/site\/wp-content\/uploads\/2022\/08\/Logo-pequena-2.png\",\"contentUrl\":\"https:\/\/cleitonpinheiro.com.br\/site\/wp-content\/uploads\/2022\/08\/Logo-pequena-2.png\",\"width\":500,\"height\":500,\"caption\":\"CPNOT\u00cdCIAS\"},\"image\":{\"@id\":\"https:\/\/cleitonpinheiro.com.br\/site\/#\/schema\/logo\/image\/\"},\"sameAs\":[\"https:\/\/www.facebook.com\/portalcpnoticias\/\"]},{\"@type\":\"Person\",\"@id\":\"https:\/\/cleitonpinheiro.com.br\/site\/#\/schema\/person\/8f04544e0bc40a1b68775b08360f87db\",\"name\":\"Reda\u00e7\u00e3o CP\",\"image\":{\"@type\":\"ImageObject\",\"inLanguage\":\"pt-BR\",\"@id\":\"https:\/\/cleitonpinheiro.com.br\/site\/#\/schema\/person\/image\/\",\"url\":\"https:\/\/secure.gravatar.com\/avatar\/0bcf19cb29fdc8fc588c490c7ae1b3e174dac268586a63fbe1d1893a0f9020cd?s=96&r=g\",\"contentUrl\":\"https:\/\/secure.gravatar.com\/avatar\/0bcf19cb29fdc8fc588c490c7ae1b3e174dac268586a63fbe1d1893a0f9020cd?s=96&r=g\",\"caption\":\"Reda\u00e7\u00e3o CP\"},\"url\":\"https:\/\/cleitonpinheiro.com.br\/site\/author\/redacao\/\"}]}<\/script>\n<!-- \/ Yoast SEO plugin. -->","yoast_head_json":{"title":"Araguacema e Caseara abrem a Temporada de Praia 2025 com expectativa de receber 200 mil visitantes - PORTAL DE NOT\u00cdCIAS CLEITON PINHEIRO","robots":{"index":"index","follow":"follow","max-snippet":"max-snippet:-1","max-image-preview":"max-image-preview:large","max-video-preview":"max-video-preview:-1"},"canonical":"https:\/\/cleitonpinheiro.com.br\/site\/araguacema-e-caseara-abrem-a-temporada-de-praia-2025-com-expectativa-de-receber-200-mil-visitantes\/","og_locale":"pt_BR","og_type":"article","og_title":"Araguacema e Caseara abrem a Temporada de Praia 2025 com expectativa de receber 200 mil visitantes - PORTAL DE NOT\u00cdCIAS CLEITON PINHEIRO","og_description":"Conhecidas por suas paisagens encantadoras e extensos bancos de areia, as tradicionais Praias da Gaivota e da Ilha, localizadas nos munic\u00edpios de Araguacema e Caseara, respectivamente, iniciaram a programa\u00e7\u00e3o da Temporada de Praia 2025 nessa sexta-feira, 4, e s\u00e1bado, 5. Com apoio do Governo do Tocantins, os dois destinos tur\u00edsticos, que est\u00e3o entre os principais [&hellip;]","og_url":"https:\/\/cleitonpinheiro.com.br\/site\/araguacema-e-caseara-abrem-a-temporada-de-praia-2025-com-expectativa-de-receber-200-mil-visitantes\/","og_site_name":"PORTAL DE NOT\u00cdCIAS CLEITON PINHEIRO","article_publisher":"https:\/\/www.facebook.com\/portalcpnoticias\/","article_published_time":"2025-07-07T15:05:10+00:00","article_modified_time":"2025-07-07T15:05:14+00:00","og_image":[{"width":2560,"height":1463,"url":"https:\/\/cleitonpinheiro.com.br\/site\/wp-content\/uploads\/2025\/07\/F4-Estrutura-da-praia-de-Araguacema-Foto-Ademir-dos-Anjos-scaled.jpg","type":"image\/jpeg"}],"author":"Reda\u00e7\u00e3o CP","twitter_card":"summary_large_image","twitter_misc":{"Escrito por":"Reda\u00e7\u00e3o CP","Est. tempo de leitura":"13 minutos"},"schema":{"@context":"https:\/\/schema.org","@graph":[{"@type":"Article","@id":"https:\/\/cleitonpinheiro.com.br\/site\/araguacema-e-caseara-abrem-a-temporada-de-praia-2025-com-expectativa-de-receber-200-mil-visitantes\/#article","isPartOf":{"@id":"https:\/\/cleitonpinheiro.com.br\/site\/araguacema-e-caseara-abrem-a-temporada-de-praia-2025-com-expectativa-de-receber-200-mil-visitantes\/"},"author":{"name":"Reda\u00e7\u00e3o CP","@id":"https:\/\/cleitonpinheiro.com.br\/site\/#\/schema\/person\/8f04544e0bc40a1b68775b08360f87db"},"headline":"Araguacema e Caseara abrem a Temporada de Praia 2025 com expectativa de receber 200 mil visitantes","datePublished":"2025-07-07T15:05:10+00:00","dateModified":"2025-07-07T15:05:14+00:00","mainEntityOfPage":{"@id":"https:\/\/cleitonpinheiro.com.br\/site\/araguacema-e-caseara-abrem-a-temporada-de-praia-2025-com-expectativa-de-receber-200-mil-visitantes\/"},"wordCount":2278,"commentCount":0,"publisher":{"@id":"https:\/\/cleitonpinheiro.com.br\/site\/#organization"},"image":{"@id":"https:\/\/cleitonpinheiro.com.br\/site\/araguacema-e-caseara-abrem-a-temporada-de-praia-2025-com-expectativa-de-receber-200-mil-visitantes\/#primaryimage"},"thumbnailUrl":"https:\/\/cleitonpinheiro.com.br\/site\/wp-content\/uploads\/2025\/07\/F4-Estrutura-da-praia-de-Araguacema-Foto-Ademir-dos-Anjos-scaled.jpg","articleSection":["CIDADES","NOT\u00cdCIAS EM DESTAQUE","TODAS NOTICIAS"],"inLanguage":"pt-BR","potentialAction":[{"@type":"CommentAction","name":"Comment","target":["https:\/\/cleitonpinheiro.com.br\/site\/araguacema-e-caseara-abrem-a-temporada-de-praia-2025-com-expectativa-de-receber-200-mil-visitantes\/#respond"]}]},{"@type":"WebPage","@id":"https:\/\/cleitonpinheiro.com.br\/site\/araguacema-e-caseara-abrem-a-temporada-de-praia-2025-com-expectativa-de-receber-200-mil-visitantes\/","url":"https:\/\/cleitonpinheiro.com.br\/site\/araguacema-e-caseara-abrem-a-temporada-de-praia-2025-com-expectativa-de-receber-200-mil-visitantes\/","name":"Araguacema e Caseara abrem a Temporada de Praia 2025 com expectativa de receber 200 mil visitantes - PORTAL DE NOT\u00cdCIAS CLEITON PINHEIRO","isPartOf":{"@id":"https:\/\/cleitonpinheiro.com.br\/site\/#website"},"primaryImageOfPage":{"@id":"https:\/\/cleitonpinheiro.com.br\/site\/araguacema-e-caseara-abrem-a-temporada-de-praia-2025-com-expectativa-de-receber-200-mil-visitantes\/#primaryimage"},"image":{"@id":"https:\/\/cleitonpinheiro.com.br\/site\/araguacema-e-caseara-abrem-a-temporada-de-praia-2025-com-expectativa-de-receber-200-mil-visitantes\/#primaryimage"},"thumbnailUrl":"https:\/\/cleitonpinheiro.com.br\/site\/wp-content\/uploads\/2025\/07\/F4-Estrutura-da-praia-de-Araguacema-Foto-Ademir-dos-Anjos-scaled.jpg","datePublished":"2025-07-07T15:05:10+00:00","dateModified":"2025-07-07T15:05:14+00:00","breadcrumb":{"@id":"https:\/\/cleitonpinheiro.com.br\/site\/araguacema-e-caseara-abrem-a-temporada-de-praia-2025-com-expectativa-de-receber-200-mil-visitantes\/#breadcrumb"},"inLanguage":"pt-BR","potentialAction":[{"@type":"ReadAction","target":["https:\/\/cleitonpinheiro.com.br\/site\/araguacema-e-caseara-abrem-a-temporada-de-praia-2025-com-expectativa-de-receber-200-mil-visitantes\/"]}]},{"@type":"ImageObject","inLanguage":"pt-BR","@id":"https:\/\/cleitonpinheiro.com.br\/site\/araguacema-e-caseara-abrem-a-temporada-de-praia-2025-com-expectativa-de-receber-200-mil-visitantes\/#primaryimage","url":"https:\/\/cleitonpinheiro.com.br\/site\/wp-content\/uploads\/2025\/07\/F4-Estrutura-da-praia-de-Araguacema-Foto-Ademir-dos-Anjos-scaled.jpg","contentUrl":"https:\/\/cleitonpinheiro.com.br\/site\/wp-content\/uploads\/2025\/07\/F4-Estrutura-da-praia-de-Araguacema-Foto-Ademir-dos-Anjos-scaled.jpg","width":2560,"height":1463,"caption":"Ademir dos Anjos\/Governo do Tocantins"},{"@type":"BreadcrumbList","@id":"https:\/\/cleitonpinheiro.com.br\/site\/araguacema-e-caseara-abrem-a-temporada-de-praia-2025-com-expectativa-de-receber-200-mil-visitantes\/#breadcrumb","itemListElement":[{"@type":"ListItem","position":1,"name":"In\u00edcio","item":"https:\/\/cleitonpinheiro.com.br\/site\/"},{"@type":"ListItem","position":2,"name":"Araguacema e Caseara abrem a Temporada de Praia 2025 com expectativa de receber 200 mil visitantes"}]},{"@type":"WebSite","@id":"https:\/\/cleitonpinheiro.com.br\/site\/#website","url":"https:\/\/cleitonpinheiro.com.br\/site\/","name":"PORTAL DE NOT\u00cdCIAS CLEITON PINHEIRO","description":"FALANDO A VERDADE","publisher":{"@id":"https:\/\/cleitonpinheiro.com.br\/site\/#organization"},"potentialAction":[{"@type":"SearchAction","target":{"@type":"EntryPoint","urlTemplate":"https:\/\/cleitonpinheiro.com.br\/site\/?s={search_term_string}"},"query-input":{"@type":"PropertyValueSpecification","valueRequired":true,"valueName":"search_term_string"}}],"inLanguage":"pt-BR"},{"@type":"Organization","@id":"https:\/\/cleitonpinheiro.com.br\/site\/#organization","name":"CPNOT\u00cdCIAS","url":"https:\/\/cleitonpinheiro.com.br\/site\/","logo":{"@type":"ImageObject","inLanguage":"pt-BR","@id":"https:\/\/cleitonpinheiro.com.br\/site\/#\/schema\/logo\/image\/","url":"https:\/\/cleitonpinheiro.com.br\/site\/wp-content\/uploads\/2022\/08\/Logo-pequena-2.png","contentUrl":"https:\/\/cleitonpinheiro.com.br\/site\/wp-content\/uploads\/2022\/08\/Logo-pequena-2.png","width":500,"height":500,"caption":"CPNOT\u00cdCIAS"},"image":{"@id":"https:\/\/cleitonpinheiro.com.br\/site\/#\/schema\/logo\/image\/"},"sameAs":["https:\/\/www.facebook.com\/portalcpnoticias\/"]},{"@type":"Person","@id":"https:\/\/cleitonpinheiro.com.br\/site\/#\/schema\/person\/8f04544e0bc40a1b68775b08360f87db","name":"Reda\u00e7\u00e3o CP","image":{"@type":"ImageObject","inLanguage":"pt-BR","@id":"https:\/\/cleitonpinheiro.com.br\/site\/#\/schema\/person\/image\/","url":"https:\/\/secure.gravatar.com\/avatar\/0bcf19cb29fdc8fc588c490c7ae1b3e174dac268586a63fbe1d1893a0f9020cd?s=96&r=g","contentUrl":"https:\/\/secure.gravatar.com\/avatar\/0bcf19cb29fdc8fc588c490c7ae1b3e174dac268586a63fbe1d1893a0f9020cd?s=96&r=g","caption":"Reda\u00e7\u00e3o CP"},"url":"https:\/\/cleitonpinheiro.com.br\/site\/author\/redacao\/"}]}},"views":163,"_links":{"self":[{"href":"https:\/\/cleitonpinheiro.com.br\/site\/wp-json\/wp\/v2\/posts\/86201","targetHints":{"allow":["GET"]}}],"collection":[{"href":"https:\/\/cleitonpinheiro.com.br\/site\/wp-json\/wp\/v2\/posts"}],"about":[{"href":"https:\/\/cleitonpinheiro.com.br\/site\/wp-json\/wp\/v2\/types\/post"}],"author":[{"embeddable":true,"href":"https:\/\/cleitonpinheiro.com.br\/site\/wp-json\/wp\/v2\/users\/13"}],"replies":[{"embeddable":true,"href":"https:\/\/cleitonpinheiro.com.br\/site\/wp-json\/wp\/v2\/comments?post=86201"}],"version-history":[{"count":2,"href":"https:\/\/cleitonpinheiro.com.br\/site\/wp-json\/wp\/v2\/posts\/86201\/revisions"}],"predecessor-version":[{"id":86220,"href":"https:\/\/cleitonpinheiro.com.br\/site\/wp-json\/wp\/v2\/posts\/86201\/revisions\/86220"}],"wp:featuredmedia":[{"embeddable":true,"href":"https:\/\/cleitonpinheiro.com.br\/site\/wp-json\/wp\/v2\/media\/86219"}],"wp:attachment":[{"href":"https:\/\/cleitonpinheiro.com.br\/site\/wp-json\/wp\/v2\/media?parent=86201"}],"wp:term":[{"taxonomy":"category","embeddable":true,"href":"https:\/\/cleitonpinheiro.com.br\/site\/wp-json\/wp\/v2\/categories?post=86201"},{"taxonomy":"post_tag","embeddable":true,"href":"https:\/\/cleitonpinheiro.com.br\/site\/wp-json\/wp\/v2\/tags?post=86201"}],"curies":[{"name":"wp","href":"https:\/\/api.w.org\/{rel}","templated":true}]}}