{"id":86203,"date":"2025-07-07T11:09:02","date_gmt":"2025-07-07T14:09:02","guid":{"rendered":"https:\/\/cleitonpinheiro.com.br\/site\/?p=86203"},"modified":"2025-07-07T11:09:08","modified_gmt":"2025-07-07T14:09:08","slug":"brics-aprova-parceria-para-eliminar-doencas-socialmente-determinadas","status":"publish","type":"post","link":"https:\/\/cleitonpinheiro.com.br\/site\/brics-aprova-parceria-para-eliminar-doencas-socialmente-determinadas\/","title":{"rendered":"Brics aprova parceria para eliminar doen\u00e7as socialmente determinadas"},"content":{"rendered":"\n<figure class=\"wp-block-image size-large\"><img fetchpriority=\"high\" decoding=\"async\" width=\"1024\" height=\"613\" src=\"https:\/\/cleitonpinheiro.com.br\/site\/wp-content\/uploads\/2025\/07\/izobrazhenie-whatsapp-2024_09_26-v-15.46.29_315803c8-1-1024x613.webp\" alt=\"\" class=\"wp-image-86185\" srcset=\"https:\/\/cleitonpinheiro.com.br\/site\/wp-content\/uploads\/2025\/07\/izobrazhenie-whatsapp-2024_09_26-v-15.46.29_315803c8-1-1024x613.webp 1024w, https:\/\/cleitonpinheiro.com.br\/site\/wp-content\/uploads\/2025\/07\/izobrazhenie-whatsapp-2024_09_26-v-15.46.29_315803c8-1-300x179.webp 300w, https:\/\/cleitonpinheiro.com.br\/site\/wp-content\/uploads\/2025\/07\/izobrazhenie-whatsapp-2024_09_26-v-15.46.29_315803c8-1-768x459.webp 768w, https:\/\/cleitonpinheiro.com.br\/site\/wp-content\/uploads\/2025\/07\/izobrazhenie-whatsapp-2024_09_26-v-15.46.29_315803c8-1.webp 1170w\" sizes=\"(max-width: 1024px) 100vw, 1024px\" \/><\/figure>\n\n\n\n<p><strong>Os pa\u00edses do Brics aprovam o desenvolvimento da Parceria para Elimina\u00e7\u00e3o de Doen\u00e7as Socialmente Determinadas.&nbsp;<\/strong>A iniciativa, que foi discutida nas reuni\u00f5es que antecederam a C\u00fapula de L\u00edderes do grupo, agora est\u00e1 na Declara\u00e7\u00e3o Final da 17\u00aa Reuni\u00e3o de C\u00fapula, a Declara\u00e7\u00e3o do Rio de Janeiro, divulgada neste domingo (6).<img decoding=\"async\" src=\"https:\/\/agenciabrasil.ebc.com.br\/ebc.png?id=1649812&amp;o=node\"><img decoding=\"async\" src=\"https:\/\/agenciabrasil.ebc.com.br\/ebc.gif?id=1649812&amp;o=node\"><\/p>\n\n\n\n<blockquote class=\"wp-block-quote is-layout-flow wp-block-quote-is-layout-flow\">\n<p>\u201cAo priorizar respostas integradas e multissetoriais, buscamos combater as causas profundas das disparidades em sa\u00fade, como a pobreza e a exclus\u00e3o social, aprimorando a coopera\u00e7\u00e3o, mobilizando recursos e fomentando a inova\u00e7\u00e3o para garantir um futuro mais saud\u00e1vel para todos\u201d, diz o documento.<\/p>\n<\/blockquote>\n\n\n\n<p><strong>O tema foi uma das oito prioridades escolhidas pela presid\u00eancia brasileira do Brics na \u00e1rea da sa\u00fade e teve como inspira\u00e7\u00e3o o Programa Brasil Saud\u00e1vel,<\/strong>&nbsp;que tem como objetivo enfrentar problemas sociais e ambientais que afetam a sa\u00fade de pessoas em maior vulnerabilidade social.<\/p>\n\n\n\n<p><strong>A ideia \u00e9 que os pa\u00edses se unam para eliminar doen\u00e7as que muitas vezes n\u00e3o afetam pa\u00edses ricos e, portanto, n\u00e3o s\u00e3o consideradas em pesquisas nesses pa\u00edses, que&nbsp;<a href=\"https:\/\/agenciabrasil.ebc.com.br\/economia\/noticia\/2025-07\/brics-tera-declaracoes-de-ia-doencas-socialmente-determinadas-e-clima\">s\u00e3o consideradas as doen\u00e7as da pobreza<\/a>, como tuberculose, hansen\u00edase, mal\u00e1ria, dengue e febre amarela.<\/strong><\/p>\n\n\n\n<p>Al\u00e9m dos 11 pa\u00edses do Brics &#8211; Brasil, R\u00fassia, \u00cdndia, China, \u00c1frica do Sul, Ir\u00e3, Ar\u00e1bia Saudita, Egito, Eti\u00f3pia, Emirados \u00c1rabes Unidos e Indon\u00e9sia &#8211; Mal\u00e1sia, Bol\u00edvia e Cuba, pa\u00edses parceiros do f\u00f3rum tamb\u00e9m aderiram \u00e0 medida.<\/p>\n\n\n\n<p>Em comunicado, comentando os destaques da declara\u00e7\u00e3o final, a presid\u00eancia do Brasil no Brics comemorou o lan\u00e7amento.&nbsp;<\/p>\n\n\n\n<blockquote class=\"wp-block-quote is-layout-flow wp-block-quote-is-layout-flow\">\n<p>\u201cEstamos muito satisfeitos com o lan\u00e7amento da Parceria para a Elimina\u00e7\u00e3o das Doen\u00e7as Socialmente Determinadas, que \u00e9 um marco para o avan\u00e7o da equidade em sa\u00fade e demonstra nosso compromisso em combater as causas profundas das disparidades em sa\u00fade, como a pobreza e a exclus\u00e3o social\u201d.<\/p>\n<\/blockquote>\n\n\n\n<p>Na declara\u00e7\u00e3o final, os pa\u00edses tamb\u00e9m reconhecem que \u201ca coopera\u00e7\u00e3o do Brics no combate \u00e0 tuberculose e \u00e0 resist\u00eancia antimicrobiana, bem como o fortalecimento das capacidades de preven\u00e7\u00e3o de doen\u00e7as transmiss\u00edveis e n\u00e3o transmiss\u00edveis e outros problemas de sa\u00fade, o compartilhamento de experi\u00eancias, incluindo sistemas de medicina tradicional e sa\u00fade digital, contribuem significativamente para relevantes esfor\u00e7os internacionais\u201d.&nbsp;<\/p>\n\n\n\n<p>Al\u00e9m da tradicional declara\u00e7\u00e3o de l\u00edderes, foram aprovados tr\u00eas outros documentos:&nbsp;<\/p>\n\n\n\n<ul class=\"wp-block-list\">\n<li>Declara\u00e7\u00e3o Marco dos L\u00edderes do BRICS sobre Finan\u00e7as Clim\u00e1ticas;\u00a0<\/li>\n\n\n\n<li>Declara\u00e7\u00e3o dos L\u00edderes do BRICS sobre Governan\u00e7a Global da Intelig\u00eancia Artificial e\u00a0<\/li>\n\n\n\n<li>Parceria do BRICS para a Elimina\u00e7\u00e3o de Doen\u00e7as Socialmente Determinadas.<\/li>\n<\/ul>\n\n\n\n<p>O documento da Parceria dever\u00e1 ser divulgado nesta segunda (7), quando ocorrer\u00e1 a sess\u00e3o plen\u00e1ria Meio Ambiente, COP30 e Sa\u00fade Global. Sob a presid\u00eancia do Brasil, a reuni\u00e3o da C\u00fapula de L\u00edderes do Brics ocorre neste domingo (6) e segunda (7), no Rio de Janeiro.<\/p>\n\n\n\n<p>Texto: Mariana Tokarnia \u2013 Rep\u00f3rter da Ag\u00eancia Brasil<\/p>\n","protected":false},"excerpt":{"rendered":"<p>Os pa\u00edses do Brics aprovam o desenvolvimento da Parceria para Elimina\u00e7\u00e3o de Doen\u00e7as Socialmente Determinadas.&nbsp;A iniciativa, que foi discutida nas reuni\u00f5es que antecederam a C\u00fapula de L\u00edderes do grupo, agora est\u00e1 na Declara\u00e7\u00e3o Final da 17\u00aa Reuni\u00e3o de C\u00fapula, a Declara\u00e7\u00e3o do Rio de Janeiro, divulgada neste domingo (6). \u201cAo priorizar respostas integradas e multissetoriais, [&hellip;]<\/p>\n","protected":false},"author":13,"featured_media":86185,"comment_status":"open","ping_status":"open","sticky":false,"template":"","format":"standard","meta":{"_acf_changed":false,"footnotes":""},"categories":[19,898,21],"tags":[],"class_list":["post-86203","post","type-post","status-publish","format-standard","has-post-thumbnail","hentry","category-brasil-mundo","category-manchete-segundaria","category-todas-noticias"],"acf":[],"yoast_head":"<!-- This site is optimized with the Yoast SEO plugin v24.4 - https:\/\/yoast.com\/wordpress\/plugins\/seo\/ -->\n<title>Brics aprova parceria para eliminar doen\u00e7as socialmente determinadas - PORTAL DE NOT\u00cdCIAS CLEITON PINHEIRO<\/title>\n<meta name=\"robots\" content=\"index, follow, max-snippet:-1, max-image-preview:large, max-video-preview:-1\" \/>\n<link rel=\"canonical\" href=\"https:\/\/cleitonpinheiro.com.br\/site\/brics-aprova-parceria-para-eliminar-doencas-socialmente-determinadas\/\" \/>\n<meta property=\"og:locale\" content=\"pt_BR\" \/>\n<meta property=\"og:type\" content=\"article\" \/>\n<meta property=\"og:title\" content=\"Brics aprova parceria para eliminar doen\u00e7as socialmente determinadas - PORTAL DE NOT\u00cdCIAS CLEITON PINHEIRO\" \/>\n<meta property=\"og:description\" content=\"Os pa\u00edses do Brics aprovam o desenvolvimento da Parceria para Elimina\u00e7\u00e3o de Doen\u00e7as Socialmente Determinadas.&nbsp;A iniciativa, que foi discutida nas reuni\u00f5es que antecederam a C\u00fapula de L\u00edderes do grupo, agora est\u00e1 na Declara\u00e7\u00e3o Final da 17\u00aa Reuni\u00e3o de C\u00fapula, a Declara\u00e7\u00e3o do Rio de Janeiro, divulgada neste domingo (6). \u201cAo priorizar respostas integradas e multissetoriais, [&hellip;]\" \/>\n<meta property=\"og:url\" content=\"https:\/\/cleitonpinheiro.com.br\/site\/brics-aprova-parceria-para-eliminar-doencas-socialmente-determinadas\/\" \/>\n<meta property=\"og:site_name\" content=\"PORTAL DE NOT\u00cdCIAS CLEITON PINHEIRO\" \/>\n<meta property=\"article:publisher\" content=\"https:\/\/www.facebook.com\/portalcpnoticias\/\" \/>\n<meta property=\"article:published_time\" content=\"2025-07-07T14:09:02+00:00\" \/>\n<meta property=\"article:modified_time\" content=\"2025-07-07T14:09:08+00:00\" \/>\n<meta property=\"og:image\" content=\"https:\/\/cleitonpinheiro.com.br\/site\/wp-content\/uploads\/2025\/07\/izobrazhenie-whatsapp-2024_09_26-v-15.46.29_315803c8-1.webp\" \/>\n\t<meta property=\"og:image:width\" content=\"1170\" \/>\n\t<meta property=\"og:image:height\" content=\"700\" \/>\n\t<meta property=\"og:image:type\" content=\"image\/webp\" \/>\n<meta name=\"author\" content=\"Reda\u00e7\u00e3o CP\" \/>\n<meta name=\"twitter:card\" content=\"summary_large_image\" \/>\n<meta name=\"twitter:label1\" content=\"Escrito por\" \/>\n\t<meta name=\"twitter:data1\" content=\"Reda\u00e7\u00e3o CP\" \/>\n\t<meta name=\"twitter:label2\" content=\"Est. tempo de leitura\" \/>\n\t<meta name=\"twitter:data2\" content=\"3 minutos\" \/>\n<script type=\"application\/ld+json\" class=\"yoast-schema-graph\">{\"@context\":\"https:\/\/schema.org\",\"@graph\":[{\"@type\":\"Article\",\"@id\":\"https:\/\/cleitonpinheiro.com.br\/site\/brics-aprova-parceria-para-eliminar-doencas-socialmente-determinadas\/#article\",\"isPartOf\":{\"@id\":\"https:\/\/cleitonpinheiro.com.br\/site\/brics-aprova-parceria-para-eliminar-doencas-socialmente-determinadas\/\"},\"author\":{\"name\":\"Reda\u00e7\u00e3o CP\",\"@id\":\"https:\/\/cleitonpinheiro.com.br\/site\/#\/schema\/person\/8f04544e0bc40a1b68775b08360f87db\"},\"headline\":\"Brics aprova parceria para eliminar doen\u00e7as socialmente determinadas\",\"datePublished\":\"2025-07-07T14:09:02+00:00\",\"dateModified\":\"2025-07-07T14:09:08+00:00\",\"mainEntityOfPage\":{\"@id\":\"https:\/\/cleitonpinheiro.com.br\/site\/brics-aprova-parceria-para-eliminar-doencas-socialmente-determinadas\/\"},\"wordCount\":522,\"commentCount\":0,\"publisher\":{\"@id\":\"https:\/\/cleitonpinheiro.com.br\/site\/#organization\"},\"image\":{\"@id\":\"https:\/\/cleitonpinheiro.com.br\/site\/brics-aprova-parceria-para-eliminar-doencas-socialmente-determinadas\/#primaryimage\"},\"thumbnailUrl\":\"https:\/\/cleitonpinheiro.com.br\/site\/wp-content\/uploads\/2025\/07\/izobrazhenie-whatsapp-2024_09_26-v-15.46.29_315803c8-1.webp\",\"articleSection\":[\"BRASIL \/ MUNDO\",\"MANCHETE SEGUND\u00c1RIA\",\"TODAS NOTICIAS\"],\"inLanguage\":\"pt-BR\",\"potentialAction\":[{\"@type\":\"CommentAction\",\"name\":\"Comment\",\"target\":[\"https:\/\/cleitonpinheiro.com.br\/site\/brics-aprova-parceria-para-eliminar-doencas-socialmente-determinadas\/#respond\"]}]},{\"@type\":\"WebPage\",\"@id\":\"https:\/\/cleitonpinheiro.com.br\/site\/brics-aprova-parceria-para-eliminar-doencas-socialmente-determinadas\/\",\"url\":\"https:\/\/cleitonpinheiro.com.br\/site\/brics-aprova-parceria-para-eliminar-doencas-socialmente-determinadas\/\",\"name\":\"Brics aprova parceria para eliminar doen\u00e7as socialmente determinadas - PORTAL DE NOT\u00cdCIAS CLEITON PINHEIRO\",\"isPartOf\":{\"@id\":\"https:\/\/cleitonpinheiro.com.br\/site\/#website\"},\"primaryImageOfPage\":{\"@id\":\"https:\/\/cleitonpinheiro.com.br\/site\/brics-aprova-parceria-para-eliminar-doencas-socialmente-determinadas\/#primaryimage\"},\"image\":{\"@id\":\"https:\/\/cleitonpinheiro.com.br\/site\/brics-aprova-parceria-para-eliminar-doencas-socialmente-determinadas\/#primaryimage\"},\"thumbnailUrl\":\"https:\/\/cleitonpinheiro.com.br\/site\/wp-content\/uploads\/2025\/07\/izobrazhenie-whatsapp-2024_09_26-v-15.46.29_315803c8-1.webp\",\"datePublished\":\"2025-07-07T14:09:02+00:00\",\"dateModified\":\"2025-07-07T14:09:08+00:00\",\"breadcrumb\":{\"@id\":\"https:\/\/cleitonpinheiro.com.br\/site\/brics-aprova-parceria-para-eliminar-doencas-socialmente-determinadas\/#breadcrumb\"},\"inLanguage\":\"pt-BR\",\"potentialAction\":[{\"@type\":\"ReadAction\",\"target\":[\"https:\/\/cleitonpinheiro.com.br\/site\/brics-aprova-parceria-para-eliminar-doencas-socialmente-determinadas\/\"]}]},{\"@type\":\"ImageObject\",\"inLanguage\":\"pt-BR\",\"@id\":\"https:\/\/cleitonpinheiro.com.br\/site\/brics-aprova-parceria-para-eliminar-doencas-socialmente-determinadas\/#primaryimage\",\"url\":\"https:\/\/cleitonpinheiro.com.br\/site\/wp-content\/uploads\/2025\/07\/izobrazhenie-whatsapp-2024_09_26-v-15.46.29_315803c8-1.webp\",\"contentUrl\":\"https:\/\/cleitonpinheiro.com.br\/site\/wp-content\/uploads\/2025\/07\/izobrazhenie-whatsapp-2024_09_26-v-15.46.29_315803c8-1.webp\",\"width\":1170,\"height\":700},{\"@type\":\"BreadcrumbList\",\"@id\":\"https:\/\/cleitonpinheiro.com.br\/site\/brics-aprova-parceria-para-eliminar-doencas-socialmente-determinadas\/#breadcrumb\",\"itemListElement\":[{\"@type\":\"ListItem\",\"position\":1,\"name\":\"In\u00edcio\",\"item\":\"https:\/\/cleitonpinheiro.com.br\/site\/\"},{\"@type\":\"ListItem\",\"position\":2,\"name\":\"Brics aprova parceria para eliminar doen\u00e7as socialmente determinadas\"}]},{\"@type\":\"WebSite\",\"@id\":\"https:\/\/cleitonpinheiro.com.br\/site\/#website\",\"url\":\"https:\/\/cleitonpinheiro.com.br\/site\/\",\"name\":\"PORTAL DE NOT\u00cdCIAS CLEITON PINHEIRO\",\"description\":\"FALANDO A VERDADE\",\"publisher\":{\"@id\":\"https:\/\/cleitonpinheiro.com.br\/site\/#organization\"},\"potentialAction\":[{\"@type\":\"SearchAction\",\"target\":{\"@type\":\"EntryPoint\",\"urlTemplate\":\"https:\/\/cleitonpinheiro.com.br\/site\/?s={search_term_string}\"},\"query-input\":{\"@type\":\"PropertyValueSpecification\",\"valueRequired\":true,\"valueName\":\"search_term_string\"}}],\"inLanguage\":\"pt-BR\"},{\"@type\":\"Organization\",\"@id\":\"https:\/\/cleitonpinheiro.com.br\/site\/#organization\",\"name\":\"CPNOT\u00cdCIAS\",\"url\":\"https:\/\/cleitonpinheiro.com.br\/site\/\",\"logo\":{\"@type\":\"ImageObject\",\"inLanguage\":\"pt-BR\",\"@id\":\"https:\/\/cleitonpinheiro.com.br\/site\/#\/schema\/logo\/image\/\",\"url\":\"https:\/\/cleitonpinheiro.com.br\/site\/wp-content\/uploads\/2022\/08\/Logo-pequena-2.png\",\"contentUrl\":\"https:\/\/cleitonpinheiro.com.br\/site\/wp-content\/uploads\/2022\/08\/Logo-pequena-2.png\",\"width\":500,\"height\":500,\"caption\":\"CPNOT\u00cdCIAS\"},\"image\":{\"@id\":\"https:\/\/cleitonpinheiro.com.br\/site\/#\/schema\/logo\/image\/\"},\"sameAs\":[\"https:\/\/www.facebook.com\/portalcpnoticias\/\"]},{\"@type\":\"Person\",\"@id\":\"https:\/\/cleitonpinheiro.com.br\/site\/#\/schema\/person\/8f04544e0bc40a1b68775b08360f87db\",\"name\":\"Reda\u00e7\u00e3o CP\",\"image\":{\"@type\":\"ImageObject\",\"inLanguage\":\"pt-BR\",\"@id\":\"https:\/\/cleitonpinheiro.com.br\/site\/#\/schema\/person\/image\/\",\"url\":\"https:\/\/secure.gravatar.com\/avatar\/0bcf19cb29fdc8fc588c490c7ae1b3e174dac268586a63fbe1d1893a0f9020cd?s=96&r=g\",\"contentUrl\":\"https:\/\/secure.gravatar.com\/avatar\/0bcf19cb29fdc8fc588c490c7ae1b3e174dac268586a63fbe1d1893a0f9020cd?s=96&r=g\",\"caption\":\"Reda\u00e7\u00e3o CP\"},\"url\":\"https:\/\/cleitonpinheiro.com.br\/site\/author\/redacao\/\"}]}<\/script>\n<!-- \/ Yoast SEO plugin. -->","yoast_head_json":{"title":"Brics aprova parceria para eliminar doen\u00e7as socialmente determinadas - PORTAL DE NOT\u00cdCIAS CLEITON PINHEIRO","robots":{"index":"index","follow":"follow","max-snippet":"max-snippet:-1","max-image-preview":"max-image-preview:large","max-video-preview":"max-video-preview:-1"},"canonical":"https:\/\/cleitonpinheiro.com.br\/site\/brics-aprova-parceria-para-eliminar-doencas-socialmente-determinadas\/","og_locale":"pt_BR","og_type":"article","og_title":"Brics aprova parceria para eliminar doen\u00e7as socialmente determinadas - PORTAL DE NOT\u00cdCIAS CLEITON PINHEIRO","og_description":"Os pa\u00edses do Brics aprovam o desenvolvimento da Parceria para Elimina\u00e7\u00e3o de Doen\u00e7as Socialmente Determinadas.&nbsp;A iniciativa, que foi discutida nas reuni\u00f5es que antecederam a C\u00fapula de L\u00edderes do grupo, agora est\u00e1 na Declara\u00e7\u00e3o Final da 17\u00aa Reuni\u00e3o de C\u00fapula, a Declara\u00e7\u00e3o do Rio de Janeiro, divulgada neste domingo (6). \u201cAo priorizar respostas integradas e multissetoriais, [&hellip;]","og_url":"https:\/\/cleitonpinheiro.com.br\/site\/brics-aprova-parceria-para-eliminar-doencas-socialmente-determinadas\/","og_site_name":"PORTAL DE NOT\u00cdCIAS CLEITON PINHEIRO","article_publisher":"https:\/\/www.facebook.com\/portalcpnoticias\/","article_published_time":"2025-07-07T14:09:02+00:00","article_modified_time":"2025-07-07T14:09:08+00:00","og_image":[{"width":1170,"height":700,"url":"https:\/\/cleitonpinheiro.com.br\/site\/wp-content\/uploads\/2025\/07\/izobrazhenie-whatsapp-2024_09_26-v-15.46.29_315803c8-1.webp","type":"image\/webp"}],"author":"Reda\u00e7\u00e3o CP","twitter_card":"summary_large_image","twitter_misc":{"Escrito por":"Reda\u00e7\u00e3o CP","Est. tempo de leitura":"3 minutos"},"schema":{"@context":"https:\/\/schema.org","@graph":[{"@type":"Article","@id":"https:\/\/cleitonpinheiro.com.br\/site\/brics-aprova-parceria-para-eliminar-doencas-socialmente-determinadas\/#article","isPartOf":{"@id":"https:\/\/cleitonpinheiro.com.br\/site\/brics-aprova-parceria-para-eliminar-doencas-socialmente-determinadas\/"},"author":{"name":"Reda\u00e7\u00e3o CP","@id":"https:\/\/cleitonpinheiro.com.br\/site\/#\/schema\/person\/8f04544e0bc40a1b68775b08360f87db"},"headline":"Brics aprova parceria para eliminar doen\u00e7as socialmente determinadas","datePublished":"2025-07-07T14:09:02+00:00","dateModified":"2025-07-07T14:09:08+00:00","mainEntityOfPage":{"@id":"https:\/\/cleitonpinheiro.com.br\/site\/brics-aprova-parceria-para-eliminar-doencas-socialmente-determinadas\/"},"wordCount":522,"commentCount":0,"publisher":{"@id":"https:\/\/cleitonpinheiro.com.br\/site\/#organization"},"image":{"@id":"https:\/\/cleitonpinheiro.com.br\/site\/brics-aprova-parceria-para-eliminar-doencas-socialmente-determinadas\/#primaryimage"},"thumbnailUrl":"https:\/\/cleitonpinheiro.com.br\/site\/wp-content\/uploads\/2025\/07\/izobrazhenie-whatsapp-2024_09_26-v-15.46.29_315803c8-1.webp","articleSection":["BRASIL \/ MUNDO","MANCHETE SEGUND\u00c1RIA","TODAS NOTICIAS"],"inLanguage":"pt-BR","potentialAction":[{"@type":"CommentAction","name":"Comment","target":["https:\/\/cleitonpinheiro.com.br\/site\/brics-aprova-parceria-para-eliminar-doencas-socialmente-determinadas\/#respond"]}]},{"@type":"WebPage","@id":"https:\/\/cleitonpinheiro.com.br\/site\/brics-aprova-parceria-para-eliminar-doencas-socialmente-determinadas\/","url":"https:\/\/cleitonpinheiro.com.br\/site\/brics-aprova-parceria-para-eliminar-doencas-socialmente-determinadas\/","name":"Brics aprova parceria para eliminar doen\u00e7as socialmente determinadas - PORTAL DE NOT\u00cdCIAS CLEITON PINHEIRO","isPartOf":{"@id":"https:\/\/cleitonpinheiro.com.br\/site\/#website"},"primaryImageOfPage":{"@id":"https:\/\/cleitonpinheiro.com.br\/site\/brics-aprova-parceria-para-eliminar-doencas-socialmente-determinadas\/#primaryimage"},"image":{"@id":"https:\/\/cleitonpinheiro.com.br\/site\/brics-aprova-parceria-para-eliminar-doencas-socialmente-determinadas\/#primaryimage"},"thumbnailUrl":"https:\/\/cleitonpinheiro.com.br\/site\/wp-content\/uploads\/2025\/07\/izobrazhenie-whatsapp-2024_09_26-v-15.46.29_315803c8-1.webp","datePublished":"2025-07-07T14:09:02+00:00","dateModified":"2025-07-07T14:09:08+00:00","breadcrumb":{"@id":"https:\/\/cleitonpinheiro.com.br\/site\/brics-aprova-parceria-para-eliminar-doencas-socialmente-determinadas\/#breadcrumb"},"inLanguage":"pt-BR","potentialAction":[{"@type":"ReadAction","target":["https:\/\/cleitonpinheiro.com.br\/site\/brics-aprova-parceria-para-eliminar-doencas-socialmente-determinadas\/"]}]},{"@type":"ImageObject","inLanguage":"pt-BR","@id":"https:\/\/cleitonpinheiro.com.br\/site\/brics-aprova-parceria-para-eliminar-doencas-socialmente-determinadas\/#primaryimage","url":"https:\/\/cleitonpinheiro.com.br\/site\/wp-content\/uploads\/2025\/07\/izobrazhenie-whatsapp-2024_09_26-v-15.46.29_315803c8-1.webp","contentUrl":"https:\/\/cleitonpinheiro.com.br\/site\/wp-content\/uploads\/2025\/07\/izobrazhenie-whatsapp-2024_09_26-v-15.46.29_315803c8-1.webp","width":1170,"height":700},{"@type":"BreadcrumbList","@id":"https:\/\/cleitonpinheiro.com.br\/site\/brics-aprova-parceria-para-eliminar-doencas-socialmente-determinadas\/#breadcrumb","itemListElement":[{"@type":"ListItem","position":1,"name":"In\u00edcio","item":"https:\/\/cleitonpinheiro.com.br\/site\/"},{"@type":"ListItem","position":2,"name":"Brics aprova parceria para eliminar doen\u00e7as socialmente determinadas"}]},{"@type":"WebSite","@id":"https:\/\/cleitonpinheiro.com.br\/site\/#website","url":"https:\/\/cleitonpinheiro.com.br\/site\/","name":"PORTAL DE NOT\u00cdCIAS CLEITON PINHEIRO","description":"FALANDO A VERDADE","publisher":{"@id":"https:\/\/cleitonpinheiro.com.br\/site\/#organization"},"potentialAction":[{"@type":"SearchAction","target":{"@type":"EntryPoint","urlTemplate":"https:\/\/cleitonpinheiro.com.br\/site\/?s={search_term_string}"},"query-input":{"@type":"PropertyValueSpecification","valueRequired":true,"valueName":"search_term_string"}}],"inLanguage":"pt-BR"},{"@type":"Organization","@id":"https:\/\/cleitonpinheiro.com.br\/site\/#organization","name":"CPNOT\u00cdCIAS","url":"https:\/\/cleitonpinheiro.com.br\/site\/","logo":{"@type":"ImageObject","inLanguage":"pt-BR","@id":"https:\/\/cleitonpinheiro.com.br\/site\/#\/schema\/logo\/image\/","url":"https:\/\/cleitonpinheiro.com.br\/site\/wp-content\/uploads\/2022\/08\/Logo-pequena-2.png","contentUrl":"https:\/\/cleitonpinheiro.com.br\/site\/wp-content\/uploads\/2022\/08\/Logo-pequena-2.png","width":500,"height":500,"caption":"CPNOT\u00cdCIAS"},"image":{"@id":"https:\/\/cleitonpinheiro.com.br\/site\/#\/schema\/logo\/image\/"},"sameAs":["https:\/\/www.facebook.com\/portalcpnoticias\/"]},{"@type":"Person","@id":"https:\/\/cleitonpinheiro.com.br\/site\/#\/schema\/person\/8f04544e0bc40a1b68775b08360f87db","name":"Reda\u00e7\u00e3o CP","image":{"@type":"ImageObject","inLanguage":"pt-BR","@id":"https:\/\/cleitonpinheiro.com.br\/site\/#\/schema\/person\/image\/","url":"https:\/\/secure.gravatar.com\/avatar\/0bcf19cb29fdc8fc588c490c7ae1b3e174dac268586a63fbe1d1893a0f9020cd?s=96&r=g","contentUrl":"https:\/\/secure.gravatar.com\/avatar\/0bcf19cb29fdc8fc588c490c7ae1b3e174dac268586a63fbe1d1893a0f9020cd?s=96&r=g","caption":"Reda\u00e7\u00e3o CP"},"url":"https:\/\/cleitonpinheiro.com.br\/site\/author\/redacao\/"}]}},"views":164,"_links":{"self":[{"href":"https:\/\/cleitonpinheiro.com.br\/site\/wp-json\/wp\/v2\/posts\/86203","targetHints":{"allow":["GET"]}}],"collection":[{"href":"https:\/\/cleitonpinheiro.com.br\/site\/wp-json\/wp\/v2\/posts"}],"about":[{"href":"https:\/\/cleitonpinheiro.com.br\/site\/wp-json\/wp\/v2\/types\/post"}],"author":[{"embeddable":true,"href":"https:\/\/cleitonpinheiro.com.br\/site\/wp-json\/wp\/v2\/users\/13"}],"replies":[{"embeddable":true,"href":"https:\/\/cleitonpinheiro.com.br\/site\/wp-json\/wp\/v2\/comments?post=86203"}],"version-history":[{"count":1,"href":"https:\/\/cleitonpinheiro.com.br\/site\/wp-json\/wp\/v2\/posts\/86203\/revisions"}],"predecessor-version":[{"id":86204,"href":"https:\/\/cleitonpinheiro.com.br\/site\/wp-json\/wp\/v2\/posts\/86203\/revisions\/86204"}],"wp:featuredmedia":[{"embeddable":true,"href":"https:\/\/cleitonpinheiro.com.br\/site\/wp-json\/wp\/v2\/media\/86185"}],"wp:attachment":[{"href":"https:\/\/cleitonpinheiro.com.br\/site\/wp-json\/wp\/v2\/media?parent=86203"}],"wp:term":[{"taxonomy":"category","embeddable":true,"href":"https:\/\/cleitonpinheiro.com.br\/site\/wp-json\/wp\/v2\/categories?post=86203"},{"taxonomy":"post_tag","embeddable":true,"href":"https:\/\/cleitonpinheiro.com.br\/site\/wp-json\/wp\/v2\/tags?post=86203"}],"curies":[{"name":"wp","href":"https:\/\/api.w.org\/{rel}","templated":true}]}}