{"id":86205,"date":"2025-07-07T11:43:20","date_gmt":"2025-07-07T14:43:20","guid":{"rendered":"https:\/\/cleitonpinheiro.com.br\/site\/?p=86205"},"modified":"2025-07-07T11:44:18","modified_gmt":"2025-07-07T14:44:18","slug":"ministro-zanin-deve-analisar-novos-pedidos-do-prefeito-eduardo-siqueira-campos","status":"publish","type":"post","link":"https:\/\/cleitonpinheiro.com.br\/site\/ministro-zanin-deve-analisar-novos-pedidos-do-prefeito-eduardo-siqueira-campos\/","title":{"rendered":"Ministro Zanin deve analisar novos pedidos do prefeito Eduardo Siqueira Campos"},"content":{"rendered":"\n<figure class=\"wp-block-image size-large\"><img fetchpriority=\"high\" decoding=\"async\" width=\"1024\" height=\"512\" src=\"https:\/\/cleitonpinheiro.com.br\/site\/wp-content\/uploads\/2025\/06\/F4-Prefeito-Eduardo-Siqueira-Campos-ressalta-o-legado-historico-de-Taquarucu-e-lembra-dos-pioneiros.-Foto-Ademir-dos-Anjos-GovTO-1140x570-1-1024x512.webp\" alt=\"\" class=\"wp-image-86060\" srcset=\"https:\/\/cleitonpinheiro.com.br\/site\/wp-content\/uploads\/2025\/06\/F4-Prefeito-Eduardo-Siqueira-Campos-ressalta-o-legado-historico-de-Taquarucu-e-lembra-dos-pioneiros.-Foto-Ademir-dos-Anjos-GovTO-1140x570-1-1024x512.webp 1024w, https:\/\/cleitonpinheiro.com.br\/site\/wp-content\/uploads\/2025\/06\/F4-Prefeito-Eduardo-Siqueira-Campos-ressalta-o-legado-historico-de-Taquarucu-e-lembra-dos-pioneiros.-Foto-Ademir-dos-Anjos-GovTO-1140x570-1-300x150.webp 300w, https:\/\/cleitonpinheiro.com.br\/site\/wp-content\/uploads\/2025\/06\/F4-Prefeito-Eduardo-Siqueira-Campos-ressalta-o-legado-historico-de-Taquarucu-e-lembra-dos-pioneiros.-Foto-Ademir-dos-Anjos-GovTO-1140x570-1-768x384.webp 768w, https:\/\/cleitonpinheiro.com.br\/site\/wp-content\/uploads\/2025\/06\/F4-Prefeito-Eduardo-Siqueira-Campos-ressalta-o-legado-historico-de-Taquarucu-e-lembra-dos-pioneiros.-Foto-Ademir-dos-Anjos-GovTO-1140x570-1.webp 1140w\" sizes=\"(max-width: 1024px) 100vw, 1024px\" \/><\/figure>\n\n\n\n<p>A semana se inicia com grande expectativa em torno das decis\u00f5es do Supremo Tribunal Federal (STF) no caso do prefeito de Palmas, Eduardo Siqueira Campos (Podemos), preso preventivamente no \u00e2mbito da Opera\u00e7\u00e3o Sisamnes. O futuro do gestor municipal est\u00e1 nas m\u00e3os do ministro Cristiano Zanin, relator do caso na Suprema Corte.<\/p>\n\n\n\n<p>Eduardo Siqueira Campos permanece detido no Quartel do Comando-Geral da Pol\u00edcia Militar, em Palmas, desde sua pris\u00e3o na \u00faltima sexta-feira de junho. A defesa do prefeito j\u00e1 se movimentou e aguarda a an\u00e1lise, por parte do ministro Zanin, dos pedidos de revoga\u00e7\u00e3o da pris\u00e3o preventiva e de convers\u00e3o da medida em pris\u00e3o domiciliar.<\/p>\n\n\n\n<p>A Opera\u00e7\u00e3o Sisamnes, conduzida pela Pol\u00edcia Federal, investiga um suposto esquema de vazamento de informa\u00e7\u00f5es sigilosas de opera\u00e7\u00f5es e decis\u00f5es judiciais, principalmente do Superior Tribunal de Justi\u00e7a (STJ). A suspeita \u00e9 de que as informa\u00e7\u00f5es eram utilizadas para proteger aliados, obstruir investiga\u00e7\u00f5es e criar uma rede de influ\u00eancia. Al\u00e9m do prefeito, um advogado e um policial civil tamb\u00e9m foram presos na mesma fase da opera\u00e7\u00e3o.<\/p>\n\n\n\n<p>A pris\u00e3o de Siqueira Campos foi solicitada pela Pol\u00edcia Federal e autorizada por Cristiano Zanin ap\u00f3s a an\u00e1lise de mensagens encontradas no celular do prefeito, apreendido em uma fase anterior da mesma opera\u00e7\u00e3o. O ministro entendeu que a medida era necess\u00e1ria para garantir a ordem p\u00fablica e a instru\u00e7\u00e3o processual.<\/p>\n\n\n\n<p>At\u00e9 o momento, n\u00e3o h\u00e1 confirma\u00e7\u00e3o sobre a forma\u00e7\u00e3o de uma comiss\u00e3o da Pol\u00edcia Militar para periciar os investigados e enviar um relat\u00f3rio ao STF, como foi mencionado em vers\u00f5es iniciais do caso que circularam no final de semana. A defesa do prefeito, por sua vez, nega as acusa\u00e7\u00f5es e afirma que ir\u00e1 colaborar com as investiga\u00e7\u00f5es para esclarecer os fatos. A popula\u00e7\u00e3o de Palmas e o cen\u00e1rio pol\u00edtico tocantinense aguardam os pr\u00f3ximos desdobramentos do caso, que podem ocorrer a qualquer momento a partir da an\u00e1lise do ministro Cristiano Zanin.<\/p>\n","protected":false},"excerpt":{"rendered":"<p>A semana se inicia com grande expectativa em torno das decis\u00f5es do Supremo Tribunal Federal (STF) no caso do prefeito de Palmas, Eduardo Siqueira Campos (Podemos), preso preventivamente no \u00e2mbito da Opera\u00e7\u00e3o Sisamnes. O futuro do gestor municipal est\u00e1 nas m\u00e3os do ministro Cristiano Zanin, relator do caso na Suprema Corte. Eduardo Siqueira Campos permanece [&hellip;]<\/p>\n","protected":false},"author":13,"featured_media":86060,"comment_status":"open","ping_status":"open","sticky":false,"template":"","format":"standard","meta":{"_acf_changed":false,"footnotes":""},"categories":[898,23,21],"tags":[],"class_list":["post-86205","post","type-post","status-publish","format-standard","has-post-thumbnail","hentry","category-manchete-segundaria","category-politica","category-todas-noticias"],"acf":[],"yoast_head":"<!-- This site is optimized with the Yoast SEO plugin v24.4 - https:\/\/yoast.com\/wordpress\/plugins\/seo\/ -->\n<title>Ministro Zanin deve analisar novos pedidos do prefeito Eduardo Siqueira Campos - PORTAL DE NOT\u00cdCIAS CLEITON PINHEIRO<\/title>\n<meta name=\"robots\" content=\"index, follow, max-snippet:-1, max-image-preview:large, max-video-preview:-1\" \/>\n<link rel=\"canonical\" href=\"https:\/\/cleitonpinheiro.com.br\/site\/ministro-zanin-deve-analisar-novos-pedidos-do-prefeito-eduardo-siqueira-campos\/\" \/>\n<meta property=\"og:locale\" content=\"pt_BR\" \/>\n<meta property=\"og:type\" content=\"article\" \/>\n<meta property=\"og:title\" content=\"Ministro Zanin deve analisar novos pedidos do prefeito Eduardo Siqueira Campos - PORTAL DE NOT\u00cdCIAS CLEITON PINHEIRO\" \/>\n<meta property=\"og:description\" content=\"A semana se inicia com grande expectativa em torno das decis\u00f5es do Supremo Tribunal Federal (STF) no caso do prefeito de Palmas, Eduardo Siqueira Campos (Podemos), preso preventivamente no \u00e2mbito da Opera\u00e7\u00e3o Sisamnes. O futuro do gestor municipal est\u00e1 nas m\u00e3os do ministro Cristiano Zanin, relator do caso na Suprema Corte. Eduardo Siqueira Campos permanece [&hellip;]\" \/>\n<meta property=\"og:url\" content=\"https:\/\/cleitonpinheiro.com.br\/site\/ministro-zanin-deve-analisar-novos-pedidos-do-prefeito-eduardo-siqueira-campos\/\" \/>\n<meta property=\"og:site_name\" content=\"PORTAL DE NOT\u00cdCIAS CLEITON PINHEIRO\" \/>\n<meta property=\"article:publisher\" content=\"https:\/\/www.facebook.com\/portalcpnoticias\/\" \/>\n<meta property=\"article:published_time\" content=\"2025-07-07T14:43:20+00:00\" \/>\n<meta property=\"article:modified_time\" content=\"2025-07-07T14:44:18+00:00\" \/>\n<meta property=\"og:image\" content=\"https:\/\/cleitonpinheiro.com.br\/site\/wp-content\/uploads\/2025\/06\/F4-Prefeito-Eduardo-Siqueira-Campos-ressalta-o-legado-historico-de-Taquarucu-e-lembra-dos-pioneiros.-Foto-Ademir-dos-Anjos-GovTO-1140x570-1.webp\" \/>\n\t<meta property=\"og:image:width\" content=\"1140\" \/>\n\t<meta property=\"og:image:height\" content=\"570\" \/>\n\t<meta property=\"og:image:type\" content=\"image\/webp\" \/>\n<meta name=\"author\" content=\"Reda\u00e7\u00e3o CP\" \/>\n<meta name=\"twitter:card\" content=\"summary_large_image\" \/>\n<meta name=\"twitter:label1\" content=\"Escrito por\" \/>\n\t<meta name=\"twitter:data1\" content=\"Reda\u00e7\u00e3o CP\" \/>\n\t<meta name=\"twitter:label2\" content=\"Est. tempo de leitura\" \/>\n\t<meta name=\"twitter:data2\" content=\"3 minutos\" \/>\n<script type=\"application\/ld+json\" class=\"yoast-schema-graph\">{\"@context\":\"https:\/\/schema.org\",\"@graph\":[{\"@type\":\"Article\",\"@id\":\"https:\/\/cleitonpinheiro.com.br\/site\/ministro-zanin-deve-analisar-novos-pedidos-do-prefeito-eduardo-siqueira-campos\/#article\",\"isPartOf\":{\"@id\":\"https:\/\/cleitonpinheiro.com.br\/site\/ministro-zanin-deve-analisar-novos-pedidos-do-prefeito-eduardo-siqueira-campos\/\"},\"author\":{\"name\":\"Reda\u00e7\u00e3o CP\",\"@id\":\"https:\/\/cleitonpinheiro.com.br\/site\/#\/schema\/person\/8f04544e0bc40a1b68775b08360f87db\"},\"headline\":\"Ministro Zanin deve analisar novos pedidos do prefeito Eduardo Siqueira Campos\",\"datePublished\":\"2025-07-07T14:43:20+00:00\",\"dateModified\":\"2025-07-07T14:44:18+00:00\",\"mainEntityOfPage\":{\"@id\":\"https:\/\/cleitonpinheiro.com.br\/site\/ministro-zanin-deve-analisar-novos-pedidos-do-prefeito-eduardo-siqueira-campos\/\"},\"wordCount\":363,\"commentCount\":0,\"publisher\":{\"@id\":\"https:\/\/cleitonpinheiro.com.br\/site\/#organization\"},\"image\":{\"@id\":\"https:\/\/cleitonpinheiro.com.br\/site\/ministro-zanin-deve-analisar-novos-pedidos-do-prefeito-eduardo-siqueira-campos\/#primaryimage\"},\"thumbnailUrl\":\"https:\/\/cleitonpinheiro.com.br\/site\/wp-content\/uploads\/2025\/06\/F4-Prefeito-Eduardo-Siqueira-Campos-ressalta-o-legado-historico-de-Taquarucu-e-lembra-dos-pioneiros.-Foto-Ademir-dos-Anjos-GovTO-1140x570-1.webp\",\"articleSection\":[\"MANCHETE SEGUND\u00c1RIA\",\"POL\u00cdTICA\",\"TODAS NOTICIAS\"],\"inLanguage\":\"pt-BR\",\"potentialAction\":[{\"@type\":\"CommentAction\",\"name\":\"Comment\",\"target\":[\"https:\/\/cleitonpinheiro.com.br\/site\/ministro-zanin-deve-analisar-novos-pedidos-do-prefeito-eduardo-siqueira-campos\/#respond\"]}]},{\"@type\":\"WebPage\",\"@id\":\"https:\/\/cleitonpinheiro.com.br\/site\/ministro-zanin-deve-analisar-novos-pedidos-do-prefeito-eduardo-siqueira-campos\/\",\"url\":\"https:\/\/cleitonpinheiro.com.br\/site\/ministro-zanin-deve-analisar-novos-pedidos-do-prefeito-eduardo-siqueira-campos\/\",\"name\":\"Ministro Zanin deve analisar novos pedidos do prefeito Eduardo Siqueira Campos - PORTAL DE NOT\u00cdCIAS CLEITON PINHEIRO\",\"isPartOf\":{\"@id\":\"https:\/\/cleitonpinheiro.com.br\/site\/#website\"},\"primaryImageOfPage\":{\"@id\":\"https:\/\/cleitonpinheiro.com.br\/site\/ministro-zanin-deve-analisar-novos-pedidos-do-prefeito-eduardo-siqueira-campos\/#primaryimage\"},\"image\":{\"@id\":\"https:\/\/cleitonpinheiro.com.br\/site\/ministro-zanin-deve-analisar-novos-pedidos-do-prefeito-eduardo-siqueira-campos\/#primaryimage\"},\"thumbnailUrl\":\"https:\/\/cleitonpinheiro.com.br\/site\/wp-content\/uploads\/2025\/06\/F4-Prefeito-Eduardo-Siqueira-Campos-ressalta-o-legado-historico-de-Taquarucu-e-lembra-dos-pioneiros.-Foto-Ademir-dos-Anjos-GovTO-1140x570-1.webp\",\"datePublished\":\"2025-07-07T14:43:20+00:00\",\"dateModified\":\"2025-07-07T14:44:18+00:00\",\"breadcrumb\":{\"@id\":\"https:\/\/cleitonpinheiro.com.br\/site\/ministro-zanin-deve-analisar-novos-pedidos-do-prefeito-eduardo-siqueira-campos\/#breadcrumb\"},\"inLanguage\":\"pt-BR\",\"potentialAction\":[{\"@type\":\"ReadAction\",\"target\":[\"https:\/\/cleitonpinheiro.com.br\/site\/ministro-zanin-deve-analisar-novos-pedidos-do-prefeito-eduardo-siqueira-campos\/\"]}]},{\"@type\":\"ImageObject\",\"inLanguage\":\"pt-BR\",\"@id\":\"https:\/\/cleitonpinheiro.com.br\/site\/ministro-zanin-deve-analisar-novos-pedidos-do-prefeito-eduardo-siqueira-campos\/#primaryimage\",\"url\":\"https:\/\/cleitonpinheiro.com.br\/site\/wp-content\/uploads\/2025\/06\/F4-Prefeito-Eduardo-Siqueira-Campos-ressalta-o-legado-historico-de-Taquarucu-e-lembra-dos-pioneiros.-Foto-Ademir-dos-Anjos-GovTO-1140x570-1.webp\",\"contentUrl\":\"https:\/\/cleitonpinheiro.com.br\/site\/wp-content\/uploads\/2025\/06\/F4-Prefeito-Eduardo-Siqueira-Campos-ressalta-o-legado-historico-de-Taquarucu-e-lembra-dos-pioneiros.-Foto-Ademir-dos-Anjos-GovTO-1140x570-1.webp\",\"width\":1140,\"height\":570},{\"@type\":\"BreadcrumbList\",\"@id\":\"https:\/\/cleitonpinheiro.com.br\/site\/ministro-zanin-deve-analisar-novos-pedidos-do-prefeito-eduardo-siqueira-campos\/#breadcrumb\",\"itemListElement\":[{\"@type\":\"ListItem\",\"position\":1,\"name\":\"In\u00edcio\",\"item\":\"https:\/\/cleitonpinheiro.com.br\/site\/\"},{\"@type\":\"ListItem\",\"position\":2,\"name\":\"Ministro Zanin deve analisar novos pedidos do prefeito Eduardo Siqueira Campos\"}]},{\"@type\":\"WebSite\",\"@id\":\"https:\/\/cleitonpinheiro.com.br\/site\/#website\",\"url\":\"https:\/\/cleitonpinheiro.com.br\/site\/\",\"name\":\"PORTAL DE NOT\u00cdCIAS CLEITON PINHEIRO\",\"description\":\"FALANDO A VERDADE\",\"publisher\":{\"@id\":\"https:\/\/cleitonpinheiro.com.br\/site\/#organization\"},\"potentialAction\":[{\"@type\":\"SearchAction\",\"target\":{\"@type\":\"EntryPoint\",\"urlTemplate\":\"https:\/\/cleitonpinheiro.com.br\/site\/?s={search_term_string}\"},\"query-input\":{\"@type\":\"PropertyValueSpecification\",\"valueRequired\":true,\"valueName\":\"search_term_string\"}}],\"inLanguage\":\"pt-BR\"},{\"@type\":\"Organization\",\"@id\":\"https:\/\/cleitonpinheiro.com.br\/site\/#organization\",\"name\":\"CPNOT\u00cdCIAS\",\"url\":\"https:\/\/cleitonpinheiro.com.br\/site\/\",\"logo\":{\"@type\":\"ImageObject\",\"inLanguage\":\"pt-BR\",\"@id\":\"https:\/\/cleitonpinheiro.com.br\/site\/#\/schema\/logo\/image\/\",\"url\":\"https:\/\/cleitonpinheiro.com.br\/site\/wp-content\/uploads\/2022\/08\/Logo-pequena-2.png\",\"contentUrl\":\"https:\/\/cleitonpinheiro.com.br\/site\/wp-content\/uploads\/2022\/08\/Logo-pequena-2.png\",\"width\":500,\"height\":500,\"caption\":\"CPNOT\u00cdCIAS\"},\"image\":{\"@id\":\"https:\/\/cleitonpinheiro.com.br\/site\/#\/schema\/logo\/image\/\"},\"sameAs\":[\"https:\/\/www.facebook.com\/portalcpnoticias\/\"]},{\"@type\":\"Person\",\"@id\":\"https:\/\/cleitonpinheiro.com.br\/site\/#\/schema\/person\/8f04544e0bc40a1b68775b08360f87db\",\"name\":\"Reda\u00e7\u00e3o CP\",\"image\":{\"@type\":\"ImageObject\",\"inLanguage\":\"pt-BR\",\"@id\":\"https:\/\/cleitonpinheiro.com.br\/site\/#\/schema\/person\/image\/\",\"url\":\"https:\/\/secure.gravatar.com\/avatar\/0bcf19cb29fdc8fc588c490c7ae1b3e174dac268586a63fbe1d1893a0f9020cd?s=96&r=g\",\"contentUrl\":\"https:\/\/secure.gravatar.com\/avatar\/0bcf19cb29fdc8fc588c490c7ae1b3e174dac268586a63fbe1d1893a0f9020cd?s=96&r=g\",\"caption\":\"Reda\u00e7\u00e3o CP\"},\"url\":\"https:\/\/cleitonpinheiro.com.br\/site\/author\/redacao\/\"}]}<\/script>\n<!-- \/ Yoast SEO plugin. -->","yoast_head_json":{"title":"Ministro Zanin deve analisar novos pedidos do prefeito Eduardo Siqueira Campos - PORTAL DE NOT\u00cdCIAS CLEITON PINHEIRO","robots":{"index":"index","follow":"follow","max-snippet":"max-snippet:-1","max-image-preview":"max-image-preview:large","max-video-preview":"max-video-preview:-1"},"canonical":"https:\/\/cleitonpinheiro.com.br\/site\/ministro-zanin-deve-analisar-novos-pedidos-do-prefeito-eduardo-siqueira-campos\/","og_locale":"pt_BR","og_type":"article","og_title":"Ministro Zanin deve analisar novos pedidos do prefeito Eduardo Siqueira Campos - PORTAL DE NOT\u00cdCIAS CLEITON PINHEIRO","og_description":"A semana se inicia com grande expectativa em torno das decis\u00f5es do Supremo Tribunal Federal (STF) no caso do prefeito de Palmas, Eduardo Siqueira Campos (Podemos), preso preventivamente no \u00e2mbito da Opera\u00e7\u00e3o Sisamnes. O futuro do gestor municipal est\u00e1 nas m\u00e3os do ministro Cristiano Zanin, relator do caso na Suprema Corte. Eduardo Siqueira Campos permanece [&hellip;]","og_url":"https:\/\/cleitonpinheiro.com.br\/site\/ministro-zanin-deve-analisar-novos-pedidos-do-prefeito-eduardo-siqueira-campos\/","og_site_name":"PORTAL DE NOT\u00cdCIAS CLEITON PINHEIRO","article_publisher":"https:\/\/www.facebook.com\/portalcpnoticias\/","article_published_time":"2025-07-07T14:43:20+00:00","article_modified_time":"2025-07-07T14:44:18+00:00","og_image":[{"width":1140,"height":570,"url":"https:\/\/cleitonpinheiro.com.br\/site\/wp-content\/uploads\/2025\/06\/F4-Prefeito-Eduardo-Siqueira-Campos-ressalta-o-legado-historico-de-Taquarucu-e-lembra-dos-pioneiros.-Foto-Ademir-dos-Anjos-GovTO-1140x570-1.webp","type":"image\/webp"}],"author":"Reda\u00e7\u00e3o CP","twitter_card":"summary_large_image","twitter_misc":{"Escrito por":"Reda\u00e7\u00e3o CP","Est. tempo de leitura":"3 minutos"},"schema":{"@context":"https:\/\/schema.org","@graph":[{"@type":"Article","@id":"https:\/\/cleitonpinheiro.com.br\/site\/ministro-zanin-deve-analisar-novos-pedidos-do-prefeito-eduardo-siqueira-campos\/#article","isPartOf":{"@id":"https:\/\/cleitonpinheiro.com.br\/site\/ministro-zanin-deve-analisar-novos-pedidos-do-prefeito-eduardo-siqueira-campos\/"},"author":{"name":"Reda\u00e7\u00e3o CP","@id":"https:\/\/cleitonpinheiro.com.br\/site\/#\/schema\/person\/8f04544e0bc40a1b68775b08360f87db"},"headline":"Ministro Zanin deve analisar novos pedidos do prefeito Eduardo Siqueira Campos","datePublished":"2025-07-07T14:43:20+00:00","dateModified":"2025-07-07T14:44:18+00:00","mainEntityOfPage":{"@id":"https:\/\/cleitonpinheiro.com.br\/site\/ministro-zanin-deve-analisar-novos-pedidos-do-prefeito-eduardo-siqueira-campos\/"},"wordCount":363,"commentCount":0,"publisher":{"@id":"https:\/\/cleitonpinheiro.com.br\/site\/#organization"},"image":{"@id":"https:\/\/cleitonpinheiro.com.br\/site\/ministro-zanin-deve-analisar-novos-pedidos-do-prefeito-eduardo-siqueira-campos\/#primaryimage"},"thumbnailUrl":"https:\/\/cleitonpinheiro.com.br\/site\/wp-content\/uploads\/2025\/06\/F4-Prefeito-Eduardo-Siqueira-Campos-ressalta-o-legado-historico-de-Taquarucu-e-lembra-dos-pioneiros.-Foto-Ademir-dos-Anjos-GovTO-1140x570-1.webp","articleSection":["MANCHETE SEGUND\u00c1RIA","POL\u00cdTICA","TODAS NOTICIAS"],"inLanguage":"pt-BR","potentialAction":[{"@type":"CommentAction","name":"Comment","target":["https:\/\/cleitonpinheiro.com.br\/site\/ministro-zanin-deve-analisar-novos-pedidos-do-prefeito-eduardo-siqueira-campos\/#respond"]}]},{"@type":"WebPage","@id":"https:\/\/cleitonpinheiro.com.br\/site\/ministro-zanin-deve-analisar-novos-pedidos-do-prefeito-eduardo-siqueira-campos\/","url":"https:\/\/cleitonpinheiro.com.br\/site\/ministro-zanin-deve-analisar-novos-pedidos-do-prefeito-eduardo-siqueira-campos\/","name":"Ministro Zanin deve analisar novos pedidos do prefeito Eduardo Siqueira Campos - PORTAL DE NOT\u00cdCIAS CLEITON PINHEIRO","isPartOf":{"@id":"https:\/\/cleitonpinheiro.com.br\/site\/#website"},"primaryImageOfPage":{"@id":"https:\/\/cleitonpinheiro.com.br\/site\/ministro-zanin-deve-analisar-novos-pedidos-do-prefeito-eduardo-siqueira-campos\/#primaryimage"},"image":{"@id":"https:\/\/cleitonpinheiro.com.br\/site\/ministro-zanin-deve-analisar-novos-pedidos-do-prefeito-eduardo-siqueira-campos\/#primaryimage"},"thumbnailUrl":"https:\/\/cleitonpinheiro.com.br\/site\/wp-content\/uploads\/2025\/06\/F4-Prefeito-Eduardo-Siqueira-Campos-ressalta-o-legado-historico-de-Taquarucu-e-lembra-dos-pioneiros.-Foto-Ademir-dos-Anjos-GovTO-1140x570-1.webp","datePublished":"2025-07-07T14:43:20+00:00","dateModified":"2025-07-07T14:44:18+00:00","breadcrumb":{"@id":"https:\/\/cleitonpinheiro.com.br\/site\/ministro-zanin-deve-analisar-novos-pedidos-do-prefeito-eduardo-siqueira-campos\/#breadcrumb"},"inLanguage":"pt-BR","potentialAction":[{"@type":"ReadAction","target":["https:\/\/cleitonpinheiro.com.br\/site\/ministro-zanin-deve-analisar-novos-pedidos-do-prefeito-eduardo-siqueira-campos\/"]}]},{"@type":"ImageObject","inLanguage":"pt-BR","@id":"https:\/\/cleitonpinheiro.com.br\/site\/ministro-zanin-deve-analisar-novos-pedidos-do-prefeito-eduardo-siqueira-campos\/#primaryimage","url":"https:\/\/cleitonpinheiro.com.br\/site\/wp-content\/uploads\/2025\/06\/F4-Prefeito-Eduardo-Siqueira-Campos-ressalta-o-legado-historico-de-Taquarucu-e-lembra-dos-pioneiros.-Foto-Ademir-dos-Anjos-GovTO-1140x570-1.webp","contentUrl":"https:\/\/cleitonpinheiro.com.br\/site\/wp-content\/uploads\/2025\/06\/F4-Prefeito-Eduardo-Siqueira-Campos-ressalta-o-legado-historico-de-Taquarucu-e-lembra-dos-pioneiros.-Foto-Ademir-dos-Anjos-GovTO-1140x570-1.webp","width":1140,"height":570},{"@type":"BreadcrumbList","@id":"https:\/\/cleitonpinheiro.com.br\/site\/ministro-zanin-deve-analisar-novos-pedidos-do-prefeito-eduardo-siqueira-campos\/#breadcrumb","itemListElement":[{"@type":"ListItem","position":1,"name":"In\u00edcio","item":"https:\/\/cleitonpinheiro.com.br\/site\/"},{"@type":"ListItem","position":2,"name":"Ministro Zanin deve analisar novos pedidos do prefeito Eduardo Siqueira Campos"}]},{"@type":"WebSite","@id":"https:\/\/cleitonpinheiro.com.br\/site\/#website","url":"https:\/\/cleitonpinheiro.com.br\/site\/","name":"PORTAL DE NOT\u00cdCIAS CLEITON PINHEIRO","description":"FALANDO A VERDADE","publisher":{"@id":"https:\/\/cleitonpinheiro.com.br\/site\/#organization"},"potentialAction":[{"@type":"SearchAction","target":{"@type":"EntryPoint","urlTemplate":"https:\/\/cleitonpinheiro.com.br\/site\/?s={search_term_string}"},"query-input":{"@type":"PropertyValueSpecification","valueRequired":true,"valueName":"search_term_string"}}],"inLanguage":"pt-BR"},{"@type":"Organization","@id":"https:\/\/cleitonpinheiro.com.br\/site\/#organization","name":"CPNOT\u00cdCIAS","url":"https:\/\/cleitonpinheiro.com.br\/site\/","logo":{"@type":"ImageObject","inLanguage":"pt-BR","@id":"https:\/\/cleitonpinheiro.com.br\/site\/#\/schema\/logo\/image\/","url":"https:\/\/cleitonpinheiro.com.br\/site\/wp-content\/uploads\/2022\/08\/Logo-pequena-2.png","contentUrl":"https:\/\/cleitonpinheiro.com.br\/site\/wp-content\/uploads\/2022\/08\/Logo-pequena-2.png","width":500,"height":500,"caption":"CPNOT\u00cdCIAS"},"image":{"@id":"https:\/\/cleitonpinheiro.com.br\/site\/#\/schema\/logo\/image\/"},"sameAs":["https:\/\/www.facebook.com\/portalcpnoticias\/"]},{"@type":"Person","@id":"https:\/\/cleitonpinheiro.com.br\/site\/#\/schema\/person\/8f04544e0bc40a1b68775b08360f87db","name":"Reda\u00e7\u00e3o CP","image":{"@type":"ImageObject","inLanguage":"pt-BR","@id":"https:\/\/cleitonpinheiro.com.br\/site\/#\/schema\/person\/image\/","url":"https:\/\/secure.gravatar.com\/avatar\/0bcf19cb29fdc8fc588c490c7ae1b3e174dac268586a63fbe1d1893a0f9020cd?s=96&r=g","contentUrl":"https:\/\/secure.gravatar.com\/avatar\/0bcf19cb29fdc8fc588c490c7ae1b3e174dac268586a63fbe1d1893a0f9020cd?s=96&r=g","caption":"Reda\u00e7\u00e3o CP"},"url":"https:\/\/cleitonpinheiro.com.br\/site\/author\/redacao\/"}]}},"views":153,"_links":{"self":[{"href":"https:\/\/cleitonpinheiro.com.br\/site\/wp-json\/wp\/v2\/posts\/86205","targetHints":{"allow":["GET"]}}],"collection":[{"href":"https:\/\/cleitonpinheiro.com.br\/site\/wp-json\/wp\/v2\/posts"}],"about":[{"href":"https:\/\/cleitonpinheiro.com.br\/site\/wp-json\/wp\/v2\/types\/post"}],"author":[{"embeddable":true,"href":"https:\/\/cleitonpinheiro.com.br\/site\/wp-json\/wp\/v2\/users\/13"}],"replies":[{"embeddable":true,"href":"https:\/\/cleitonpinheiro.com.br\/site\/wp-json\/wp\/v2\/comments?post=86205"}],"version-history":[{"count":2,"href":"https:\/\/cleitonpinheiro.com.br\/site\/wp-json\/wp\/v2\/posts\/86205\/revisions"}],"predecessor-version":[{"id":86208,"href":"https:\/\/cleitonpinheiro.com.br\/site\/wp-json\/wp\/v2\/posts\/86205\/revisions\/86208"}],"wp:featuredmedia":[{"embeddable":true,"href":"https:\/\/cleitonpinheiro.com.br\/site\/wp-json\/wp\/v2\/media\/86060"}],"wp:attachment":[{"href":"https:\/\/cleitonpinheiro.com.br\/site\/wp-json\/wp\/v2\/media?parent=86205"}],"wp:term":[{"taxonomy":"category","embeddable":true,"href":"https:\/\/cleitonpinheiro.com.br\/site\/wp-json\/wp\/v2\/categories?post=86205"},{"taxonomy":"post_tag","embeddable":true,"href":"https:\/\/cleitonpinheiro.com.br\/site\/wp-json\/wp\/v2\/tags?post=86205"}],"curies":[{"name":"wp","href":"https:\/\/api.w.org\/{rel}","templated":true}]}}