{"id":86209,"date":"2025-07-07T11:48:40","date_gmt":"2025-07-07T14:48:40","guid":{"rendered":"https:\/\/cleitonpinheiro.com.br\/site\/?p=86209"},"modified":"2025-07-07T11:48:45","modified_gmt":"2025-07-07T14:48:45","slug":"stf-convoca-audiencia-publica-para-discutir-pejotizacao-em-contratos-de-trabalho","status":"publish","type":"post","link":"https:\/\/cleitonpinheiro.com.br\/site\/stf-convoca-audiencia-publica-para-discutir-pejotizacao-em-contratos-de-trabalho\/","title":{"rendered":"STF convoca audi\u00eancia p\u00fablica para discutir \u201cpejotiza\u00e7\u00e3o\u201d em contratos de trabalho"},"content":{"rendered":"\n<figure class=\"wp-block-image size-large\"><img decoding=\"async\" src=\"https:\/\/cleitonpinheiro.com.br\/site\/wp-content\/uploads\/2024\/04\/stf_1908200976-1024x613.webp\" alt=\"\" class=\"wp-image-76934\"\/><figcaption class=\"wp-element-caption\">Foto: Marcello Casal Jr\/Ag\u00eancia Brasil<\/figcaption><\/figure>\n\n\n\n<p>O ministro Gilmar Mendes, do Supremo Tribunal Federal (STF), convocou audi\u00eancia p\u00fablica para discutir a licitude da contrata\u00e7\u00e3o de trabalhador aut\u00f4nomo ou pessoa jur\u00eddica para a presta\u00e7\u00e3o de servi\u00e7os, a chamada \u201cpejotiza\u00e7\u00e3o\u201d. O despacho foi proferido nesta quinta-feira (3) no Recurso Extraordin\u00e1rio com Agravo<strong>&nbsp;<\/strong><a href=\"https:\/\/portal.stf.jus.br\/processos\/detalhe.asp?incidente=7138684\" target=\"_blank\" rel=\"noreferrer noopener\"><strong>(ARE) 1532603<\/strong><\/a>, que teve repercuss\u00e3o geral reconhecida (Tema 1.389) neste ano.<\/p>\n\n\n\n<p>Em sua exposi\u00e7\u00e3o, o ministro Gilmar Mendes afirma que a discuss\u00e3o sobre a \u201cpejotiza\u00e7\u00e3o\u201d tem ineg\u00e1vel relev\u00e2ncia econ\u00f4mica e social, al\u00e9m de ter se tornado pr\u00e1tica recorrente entre empresas de todos os portes e segmentos. Neste sentido, \u00e9 imprescind\u00edvel a defini\u00e7\u00e3o de crit\u00e9rios claros e objetivos para a caracteriza\u00e7\u00e3o de eventual fraude, de forma a garantir transpar\u00eancia e prote\u00e7\u00e3o a empregadores e trabalhadores.<\/p>\n\n\n\n<p>\u201cA coleta de dados e argumentos tecnicamente qualificados e especializados permitir\u00e1 que esta Corte se debruce com maior seguran\u00e7a sobre os fatos. A reflex\u00e3o em torno da liberdade da organiza\u00e7\u00e3o produtiva dos cidad\u00e3os e da prote\u00e7\u00e3o ao trabalhador, especialmente no que se refere aos hipossuficientes, imp\u00f5e esclarecimentos t\u00e9cnicos acerca do impacto dessa forma de contrata\u00e7\u00e3o na economia nacional, envolvendo n\u00e3o apenas as empresas contratantes, mas tamb\u00e9m a Uni\u00e3o, tendo em vista reflexos diretos em sua arrecada\u00e7\u00e3o\u201d, afirmou o ministro.<\/p>\n\n\n\n<p>A audi\u00eancia p\u00fablica dever\u00e1 ser realizada na data prov\u00e1vel de 10 de setembro. Entidades e interessados em participar do evento devem se inscrever at\u00e9 o dia 10 de agosto pelo&nbsp;<a href=\"https:\/\/forms.office.com\/r\/fjnrJfRFrB\"><strong>formul\u00e1rio eletr\u00f4nico neste link<\/strong><\/a>, preenchendo informa\u00e7\u00f5es como nome completo, CPF ou CNPJ, telefone, e-mail, curr\u00edculo, institui\u00e7\u00e3o de vincula\u00e7\u00e3o, tipo de participa\u00e7\u00e3o e tema da exposi\u00e7\u00e3o.&nbsp;<\/p>\n\n\n\n<p>A rela\u00e7\u00e3o de inscritos habilitados ser\u00e1 disponibilizada no site do Supremo Tribunal Federal no dia 15 de agosto.<\/p>\n\n\n\n<p>Leia a<a href=\"https:\/\/noticias-stf-wp-prd.s3.sa-east-1.amazonaws.com\/wp-content\/uploads\/wpallimport\/uploads\/2025\/07\/03184354\/Audiencia-Publica-convocacao.pdf\" target=\"_blank\" rel=\"noreferrer noopener\"><strong>&nbsp;\u00edntegra do despacho<\/strong><\/a>.<\/p>\n\n\n\n<p>(Paulo Roberto Netto\/\/GMGM)<\/p>\n","protected":false},"excerpt":{"rendered":"<p>O ministro Gilmar Mendes, do Supremo Tribunal Federal (STF), convocou audi\u00eancia p\u00fablica para discutir a licitude da contrata\u00e7\u00e3o de trabalhador aut\u00f4nomo ou pessoa jur\u00eddica para a presta\u00e7\u00e3o de servi\u00e7os, a chamada \u201cpejotiza\u00e7\u00e3o\u201d. O despacho foi proferido nesta quinta-feira (3) no Recurso Extraordin\u00e1rio com Agravo&nbsp;(ARE) 1532603, que teve repercuss\u00e3o geral reconhecida (Tema 1.389) neste ano. Em [&hellip;]<\/p>\n","protected":false},"author":13,"featured_media":75675,"comment_status":"open","ping_status":"open","sticky":false,"template":"","format":"standard","meta":{"_acf_changed":false,"footnotes":""},"categories":[19,898,21],"tags":[],"class_list":["post-86209","post","type-post","status-publish","format-standard","has-post-thumbnail","hentry","category-brasil-mundo","category-manchete-segundaria","category-todas-noticias"],"acf":[],"yoast_head":"<!-- This site is optimized with the Yoast SEO plugin v24.4 - https:\/\/yoast.com\/wordpress\/plugins\/seo\/ -->\n<title>STF convoca audi\u00eancia p\u00fablica para discutir \u201cpejotiza\u00e7\u00e3o\u201d em contratos de trabalho - PORTAL DE NOT\u00cdCIAS CLEITON PINHEIRO<\/title>\n<meta name=\"robots\" content=\"index, follow, max-snippet:-1, max-image-preview:large, max-video-preview:-1\" \/>\n<link rel=\"canonical\" href=\"https:\/\/cleitonpinheiro.com.br\/site\/stf-convoca-audiencia-publica-para-discutir-pejotizacao-em-contratos-de-trabalho\/\" \/>\n<meta property=\"og:locale\" content=\"pt_BR\" \/>\n<meta property=\"og:type\" content=\"article\" \/>\n<meta property=\"og:title\" content=\"STF convoca audi\u00eancia p\u00fablica para discutir \u201cpejotiza\u00e7\u00e3o\u201d em contratos de trabalho - PORTAL DE NOT\u00cdCIAS CLEITON PINHEIRO\" \/>\n<meta property=\"og:description\" content=\"O ministro Gilmar Mendes, do Supremo Tribunal Federal (STF), convocou audi\u00eancia p\u00fablica para discutir a licitude da contrata\u00e7\u00e3o de trabalhador aut\u00f4nomo ou pessoa jur\u00eddica para a presta\u00e7\u00e3o de servi\u00e7os, a chamada \u201cpejotiza\u00e7\u00e3o\u201d. O despacho foi proferido nesta quinta-feira (3) no Recurso Extraordin\u00e1rio com Agravo&nbsp;(ARE) 1532603, que teve repercuss\u00e3o geral reconhecida (Tema 1.389) neste ano. Em [&hellip;]\" \/>\n<meta property=\"og:url\" content=\"https:\/\/cleitonpinheiro.com.br\/site\/stf-convoca-audiencia-publica-para-discutir-pejotizacao-em-contratos-de-trabalho\/\" \/>\n<meta property=\"og:site_name\" content=\"PORTAL DE NOT\u00cdCIAS CLEITON PINHEIRO\" \/>\n<meta property=\"article:publisher\" content=\"https:\/\/www.facebook.com\/portalcpnoticias\/\" \/>\n<meta property=\"article:published_time\" content=\"2025-07-07T14:48:40+00:00\" \/>\n<meta property=\"article:modified_time\" content=\"2025-07-07T14:48:45+00:00\" \/>\n<meta property=\"og:image\" content=\"https:\/\/cleitonpinheiro.com.br\/site\/wp-content\/uploads\/2023\/11\/stf_1908200972.webp\" \/>\n\t<meta property=\"og:image:width\" content=\"1170\" \/>\n\t<meta property=\"og:image:height\" content=\"700\" \/>\n\t<meta property=\"og:image:type\" content=\"image\/webp\" \/>\n<meta name=\"author\" content=\"Reda\u00e7\u00e3o CP\" \/>\n<meta name=\"twitter:card\" content=\"summary_large_image\" \/>\n<meta name=\"twitter:label1\" content=\"Escrito por\" \/>\n\t<meta name=\"twitter:data1\" content=\"Reda\u00e7\u00e3o CP\" \/>\n\t<meta name=\"twitter:label2\" content=\"Est. tempo de leitura\" \/>\n\t<meta name=\"twitter:data2\" content=\"2 minutos\" \/>\n<script type=\"application\/ld+json\" class=\"yoast-schema-graph\">{\"@context\":\"https:\/\/schema.org\",\"@graph\":[{\"@type\":\"Article\",\"@id\":\"https:\/\/cleitonpinheiro.com.br\/site\/stf-convoca-audiencia-publica-para-discutir-pejotizacao-em-contratos-de-trabalho\/#article\",\"isPartOf\":{\"@id\":\"https:\/\/cleitonpinheiro.com.br\/site\/stf-convoca-audiencia-publica-para-discutir-pejotizacao-em-contratos-de-trabalho\/\"},\"author\":{\"name\":\"Reda\u00e7\u00e3o CP\",\"@id\":\"https:\/\/cleitonpinheiro.com.br\/site\/#\/schema\/person\/8f04544e0bc40a1b68775b08360f87db\"},\"headline\":\"STF convoca audi\u00eancia p\u00fablica para discutir \u201cpejotiza\u00e7\u00e3o\u201d em contratos de trabalho\",\"datePublished\":\"2025-07-07T14:48:40+00:00\",\"dateModified\":\"2025-07-07T14:48:45+00:00\",\"mainEntityOfPage\":{\"@id\":\"https:\/\/cleitonpinheiro.com.br\/site\/stf-convoca-audiencia-publica-para-discutir-pejotizacao-em-contratos-de-trabalho\/\"},\"wordCount\":345,\"commentCount\":0,\"publisher\":{\"@id\":\"https:\/\/cleitonpinheiro.com.br\/site\/#organization\"},\"image\":{\"@id\":\"https:\/\/cleitonpinheiro.com.br\/site\/stf-convoca-audiencia-publica-para-discutir-pejotizacao-em-contratos-de-trabalho\/#primaryimage\"},\"thumbnailUrl\":\"https:\/\/cleitonpinheiro.com.br\/site\/wp-content\/uploads\/2023\/11\/stf_1908200972.webp\",\"articleSection\":[\"BRASIL \/ MUNDO\",\"MANCHETE SEGUND\u00c1RIA\",\"TODAS NOTICIAS\"],\"inLanguage\":\"pt-BR\",\"potentialAction\":[{\"@type\":\"CommentAction\",\"name\":\"Comment\",\"target\":[\"https:\/\/cleitonpinheiro.com.br\/site\/stf-convoca-audiencia-publica-para-discutir-pejotizacao-em-contratos-de-trabalho\/#respond\"]}]},{\"@type\":\"WebPage\",\"@id\":\"https:\/\/cleitonpinheiro.com.br\/site\/stf-convoca-audiencia-publica-para-discutir-pejotizacao-em-contratos-de-trabalho\/\",\"url\":\"https:\/\/cleitonpinheiro.com.br\/site\/stf-convoca-audiencia-publica-para-discutir-pejotizacao-em-contratos-de-trabalho\/\",\"name\":\"STF convoca audi\u00eancia p\u00fablica para discutir \u201cpejotiza\u00e7\u00e3o\u201d em contratos de trabalho - PORTAL DE NOT\u00cdCIAS CLEITON PINHEIRO\",\"isPartOf\":{\"@id\":\"https:\/\/cleitonpinheiro.com.br\/site\/#website\"},\"primaryImageOfPage\":{\"@id\":\"https:\/\/cleitonpinheiro.com.br\/site\/stf-convoca-audiencia-publica-para-discutir-pejotizacao-em-contratos-de-trabalho\/#primaryimage\"},\"image\":{\"@id\":\"https:\/\/cleitonpinheiro.com.br\/site\/stf-convoca-audiencia-publica-para-discutir-pejotizacao-em-contratos-de-trabalho\/#primaryimage\"},\"thumbnailUrl\":\"https:\/\/cleitonpinheiro.com.br\/site\/wp-content\/uploads\/2023\/11\/stf_1908200972.webp\",\"datePublished\":\"2025-07-07T14:48:40+00:00\",\"dateModified\":\"2025-07-07T14:48:45+00:00\",\"breadcrumb\":{\"@id\":\"https:\/\/cleitonpinheiro.com.br\/site\/stf-convoca-audiencia-publica-para-discutir-pejotizacao-em-contratos-de-trabalho\/#breadcrumb\"},\"inLanguage\":\"pt-BR\",\"potentialAction\":[{\"@type\":\"ReadAction\",\"target\":[\"https:\/\/cleitonpinheiro.com.br\/site\/stf-convoca-audiencia-publica-para-discutir-pejotizacao-em-contratos-de-trabalho\/\"]}]},{\"@type\":\"ImageObject\",\"inLanguage\":\"pt-BR\",\"@id\":\"https:\/\/cleitonpinheiro.com.br\/site\/stf-convoca-audiencia-publica-para-discutir-pejotizacao-em-contratos-de-trabalho\/#primaryimage\",\"url\":\"https:\/\/cleitonpinheiro.com.br\/site\/wp-content\/uploads\/2023\/11\/stf_1908200972.webp\",\"contentUrl\":\"https:\/\/cleitonpinheiro.com.br\/site\/wp-content\/uploads\/2023\/11\/stf_1908200972.webp\",\"width\":1170,\"height\":700,\"caption\":\"Foto: Marcello Casal Jr\/Ag\u00eancia Brasil\"},{\"@type\":\"BreadcrumbList\",\"@id\":\"https:\/\/cleitonpinheiro.com.br\/site\/stf-convoca-audiencia-publica-para-discutir-pejotizacao-em-contratos-de-trabalho\/#breadcrumb\",\"itemListElement\":[{\"@type\":\"ListItem\",\"position\":1,\"name\":\"In\u00edcio\",\"item\":\"https:\/\/cleitonpinheiro.com.br\/site\/\"},{\"@type\":\"ListItem\",\"position\":2,\"name\":\"STF convoca audi\u00eancia p\u00fablica para discutir \u201cpejotiza\u00e7\u00e3o\u201d em contratos de trabalho\"}]},{\"@type\":\"WebSite\",\"@id\":\"https:\/\/cleitonpinheiro.com.br\/site\/#website\",\"url\":\"https:\/\/cleitonpinheiro.com.br\/site\/\",\"name\":\"PORTAL DE NOT\u00cdCIAS CLEITON PINHEIRO\",\"description\":\"FALANDO A VERDADE\",\"publisher\":{\"@id\":\"https:\/\/cleitonpinheiro.com.br\/site\/#organization\"},\"potentialAction\":[{\"@type\":\"SearchAction\",\"target\":{\"@type\":\"EntryPoint\",\"urlTemplate\":\"https:\/\/cleitonpinheiro.com.br\/site\/?s={search_term_string}\"},\"query-input\":{\"@type\":\"PropertyValueSpecification\",\"valueRequired\":true,\"valueName\":\"search_term_string\"}}],\"inLanguage\":\"pt-BR\"},{\"@type\":\"Organization\",\"@id\":\"https:\/\/cleitonpinheiro.com.br\/site\/#organization\",\"name\":\"CPNOT\u00cdCIAS\",\"url\":\"https:\/\/cleitonpinheiro.com.br\/site\/\",\"logo\":{\"@type\":\"ImageObject\",\"inLanguage\":\"pt-BR\",\"@id\":\"https:\/\/cleitonpinheiro.com.br\/site\/#\/schema\/logo\/image\/\",\"url\":\"https:\/\/cleitonpinheiro.com.br\/site\/wp-content\/uploads\/2022\/08\/Logo-pequena-2.png\",\"contentUrl\":\"https:\/\/cleitonpinheiro.com.br\/site\/wp-content\/uploads\/2022\/08\/Logo-pequena-2.png\",\"width\":500,\"height\":500,\"caption\":\"CPNOT\u00cdCIAS\"},\"image\":{\"@id\":\"https:\/\/cleitonpinheiro.com.br\/site\/#\/schema\/logo\/image\/\"},\"sameAs\":[\"https:\/\/www.facebook.com\/portalcpnoticias\/\"]},{\"@type\":\"Person\",\"@id\":\"https:\/\/cleitonpinheiro.com.br\/site\/#\/schema\/person\/8f04544e0bc40a1b68775b08360f87db\",\"name\":\"Reda\u00e7\u00e3o CP\",\"image\":{\"@type\":\"ImageObject\",\"inLanguage\":\"pt-BR\",\"@id\":\"https:\/\/cleitonpinheiro.com.br\/site\/#\/schema\/person\/image\/\",\"url\":\"https:\/\/secure.gravatar.com\/avatar\/0bcf19cb29fdc8fc588c490c7ae1b3e174dac268586a63fbe1d1893a0f9020cd?s=96&r=g\",\"contentUrl\":\"https:\/\/secure.gravatar.com\/avatar\/0bcf19cb29fdc8fc588c490c7ae1b3e174dac268586a63fbe1d1893a0f9020cd?s=96&r=g\",\"caption\":\"Reda\u00e7\u00e3o CP\"},\"url\":\"https:\/\/cleitonpinheiro.com.br\/site\/author\/redacao\/\"}]}<\/script>\n<!-- \/ Yoast SEO plugin. -->","yoast_head_json":{"title":"STF convoca audi\u00eancia p\u00fablica para discutir \u201cpejotiza\u00e7\u00e3o\u201d em contratos de trabalho - PORTAL DE NOT\u00cdCIAS CLEITON PINHEIRO","robots":{"index":"index","follow":"follow","max-snippet":"max-snippet:-1","max-image-preview":"max-image-preview:large","max-video-preview":"max-video-preview:-1"},"canonical":"https:\/\/cleitonpinheiro.com.br\/site\/stf-convoca-audiencia-publica-para-discutir-pejotizacao-em-contratos-de-trabalho\/","og_locale":"pt_BR","og_type":"article","og_title":"STF convoca audi\u00eancia p\u00fablica para discutir \u201cpejotiza\u00e7\u00e3o\u201d em contratos de trabalho - PORTAL DE NOT\u00cdCIAS CLEITON PINHEIRO","og_description":"O ministro Gilmar Mendes, do Supremo Tribunal Federal (STF), convocou audi\u00eancia p\u00fablica para discutir a licitude da contrata\u00e7\u00e3o de trabalhador aut\u00f4nomo ou pessoa jur\u00eddica para a presta\u00e7\u00e3o de servi\u00e7os, a chamada \u201cpejotiza\u00e7\u00e3o\u201d. O despacho foi proferido nesta quinta-feira (3) no Recurso Extraordin\u00e1rio com Agravo&nbsp;(ARE) 1532603, que teve repercuss\u00e3o geral reconhecida (Tema 1.389) neste ano. Em [&hellip;]","og_url":"https:\/\/cleitonpinheiro.com.br\/site\/stf-convoca-audiencia-publica-para-discutir-pejotizacao-em-contratos-de-trabalho\/","og_site_name":"PORTAL DE NOT\u00cdCIAS CLEITON PINHEIRO","article_publisher":"https:\/\/www.facebook.com\/portalcpnoticias\/","article_published_time":"2025-07-07T14:48:40+00:00","article_modified_time":"2025-07-07T14:48:45+00:00","og_image":[{"width":1170,"height":700,"url":"https:\/\/cleitonpinheiro.com.br\/site\/wp-content\/uploads\/2023\/11\/stf_1908200972.webp","type":"image\/webp"}],"author":"Reda\u00e7\u00e3o CP","twitter_card":"summary_large_image","twitter_misc":{"Escrito por":"Reda\u00e7\u00e3o CP","Est. tempo de leitura":"2 minutos"},"schema":{"@context":"https:\/\/schema.org","@graph":[{"@type":"Article","@id":"https:\/\/cleitonpinheiro.com.br\/site\/stf-convoca-audiencia-publica-para-discutir-pejotizacao-em-contratos-de-trabalho\/#article","isPartOf":{"@id":"https:\/\/cleitonpinheiro.com.br\/site\/stf-convoca-audiencia-publica-para-discutir-pejotizacao-em-contratos-de-trabalho\/"},"author":{"name":"Reda\u00e7\u00e3o CP","@id":"https:\/\/cleitonpinheiro.com.br\/site\/#\/schema\/person\/8f04544e0bc40a1b68775b08360f87db"},"headline":"STF convoca audi\u00eancia p\u00fablica para discutir \u201cpejotiza\u00e7\u00e3o\u201d em contratos de trabalho","datePublished":"2025-07-07T14:48:40+00:00","dateModified":"2025-07-07T14:48:45+00:00","mainEntityOfPage":{"@id":"https:\/\/cleitonpinheiro.com.br\/site\/stf-convoca-audiencia-publica-para-discutir-pejotizacao-em-contratos-de-trabalho\/"},"wordCount":345,"commentCount":0,"publisher":{"@id":"https:\/\/cleitonpinheiro.com.br\/site\/#organization"},"image":{"@id":"https:\/\/cleitonpinheiro.com.br\/site\/stf-convoca-audiencia-publica-para-discutir-pejotizacao-em-contratos-de-trabalho\/#primaryimage"},"thumbnailUrl":"https:\/\/cleitonpinheiro.com.br\/site\/wp-content\/uploads\/2023\/11\/stf_1908200972.webp","articleSection":["BRASIL \/ MUNDO","MANCHETE SEGUND\u00c1RIA","TODAS NOTICIAS"],"inLanguage":"pt-BR","potentialAction":[{"@type":"CommentAction","name":"Comment","target":["https:\/\/cleitonpinheiro.com.br\/site\/stf-convoca-audiencia-publica-para-discutir-pejotizacao-em-contratos-de-trabalho\/#respond"]}]},{"@type":"WebPage","@id":"https:\/\/cleitonpinheiro.com.br\/site\/stf-convoca-audiencia-publica-para-discutir-pejotizacao-em-contratos-de-trabalho\/","url":"https:\/\/cleitonpinheiro.com.br\/site\/stf-convoca-audiencia-publica-para-discutir-pejotizacao-em-contratos-de-trabalho\/","name":"STF convoca audi\u00eancia p\u00fablica para discutir \u201cpejotiza\u00e7\u00e3o\u201d em contratos de trabalho - PORTAL DE NOT\u00cdCIAS CLEITON PINHEIRO","isPartOf":{"@id":"https:\/\/cleitonpinheiro.com.br\/site\/#website"},"primaryImageOfPage":{"@id":"https:\/\/cleitonpinheiro.com.br\/site\/stf-convoca-audiencia-publica-para-discutir-pejotizacao-em-contratos-de-trabalho\/#primaryimage"},"image":{"@id":"https:\/\/cleitonpinheiro.com.br\/site\/stf-convoca-audiencia-publica-para-discutir-pejotizacao-em-contratos-de-trabalho\/#primaryimage"},"thumbnailUrl":"https:\/\/cleitonpinheiro.com.br\/site\/wp-content\/uploads\/2023\/11\/stf_1908200972.webp","datePublished":"2025-07-07T14:48:40+00:00","dateModified":"2025-07-07T14:48:45+00:00","breadcrumb":{"@id":"https:\/\/cleitonpinheiro.com.br\/site\/stf-convoca-audiencia-publica-para-discutir-pejotizacao-em-contratos-de-trabalho\/#breadcrumb"},"inLanguage":"pt-BR","potentialAction":[{"@type":"ReadAction","target":["https:\/\/cleitonpinheiro.com.br\/site\/stf-convoca-audiencia-publica-para-discutir-pejotizacao-em-contratos-de-trabalho\/"]}]},{"@type":"ImageObject","inLanguage":"pt-BR","@id":"https:\/\/cleitonpinheiro.com.br\/site\/stf-convoca-audiencia-publica-para-discutir-pejotizacao-em-contratos-de-trabalho\/#primaryimage","url":"https:\/\/cleitonpinheiro.com.br\/site\/wp-content\/uploads\/2023\/11\/stf_1908200972.webp","contentUrl":"https:\/\/cleitonpinheiro.com.br\/site\/wp-content\/uploads\/2023\/11\/stf_1908200972.webp","width":1170,"height":700,"caption":"Foto: Marcello Casal Jr\/Ag\u00eancia Brasil"},{"@type":"BreadcrumbList","@id":"https:\/\/cleitonpinheiro.com.br\/site\/stf-convoca-audiencia-publica-para-discutir-pejotizacao-em-contratos-de-trabalho\/#breadcrumb","itemListElement":[{"@type":"ListItem","position":1,"name":"In\u00edcio","item":"https:\/\/cleitonpinheiro.com.br\/site\/"},{"@type":"ListItem","position":2,"name":"STF convoca audi\u00eancia p\u00fablica para discutir \u201cpejotiza\u00e7\u00e3o\u201d em contratos de trabalho"}]},{"@type":"WebSite","@id":"https:\/\/cleitonpinheiro.com.br\/site\/#website","url":"https:\/\/cleitonpinheiro.com.br\/site\/","name":"PORTAL DE NOT\u00cdCIAS CLEITON PINHEIRO","description":"FALANDO A VERDADE","publisher":{"@id":"https:\/\/cleitonpinheiro.com.br\/site\/#organization"},"potentialAction":[{"@type":"SearchAction","target":{"@type":"EntryPoint","urlTemplate":"https:\/\/cleitonpinheiro.com.br\/site\/?s={search_term_string}"},"query-input":{"@type":"PropertyValueSpecification","valueRequired":true,"valueName":"search_term_string"}}],"inLanguage":"pt-BR"},{"@type":"Organization","@id":"https:\/\/cleitonpinheiro.com.br\/site\/#organization","name":"CPNOT\u00cdCIAS","url":"https:\/\/cleitonpinheiro.com.br\/site\/","logo":{"@type":"ImageObject","inLanguage":"pt-BR","@id":"https:\/\/cleitonpinheiro.com.br\/site\/#\/schema\/logo\/image\/","url":"https:\/\/cleitonpinheiro.com.br\/site\/wp-content\/uploads\/2022\/08\/Logo-pequena-2.png","contentUrl":"https:\/\/cleitonpinheiro.com.br\/site\/wp-content\/uploads\/2022\/08\/Logo-pequena-2.png","width":500,"height":500,"caption":"CPNOT\u00cdCIAS"},"image":{"@id":"https:\/\/cleitonpinheiro.com.br\/site\/#\/schema\/logo\/image\/"},"sameAs":["https:\/\/www.facebook.com\/portalcpnoticias\/"]},{"@type":"Person","@id":"https:\/\/cleitonpinheiro.com.br\/site\/#\/schema\/person\/8f04544e0bc40a1b68775b08360f87db","name":"Reda\u00e7\u00e3o CP","image":{"@type":"ImageObject","inLanguage":"pt-BR","@id":"https:\/\/cleitonpinheiro.com.br\/site\/#\/schema\/person\/image\/","url":"https:\/\/secure.gravatar.com\/avatar\/0bcf19cb29fdc8fc588c490c7ae1b3e174dac268586a63fbe1d1893a0f9020cd?s=96&r=g","contentUrl":"https:\/\/secure.gravatar.com\/avatar\/0bcf19cb29fdc8fc588c490c7ae1b3e174dac268586a63fbe1d1893a0f9020cd?s=96&r=g","caption":"Reda\u00e7\u00e3o CP"},"url":"https:\/\/cleitonpinheiro.com.br\/site\/author\/redacao\/"}]}},"views":139,"_links":{"self":[{"href":"https:\/\/cleitonpinheiro.com.br\/site\/wp-json\/wp\/v2\/posts\/86209","targetHints":{"allow":["GET"]}}],"collection":[{"href":"https:\/\/cleitonpinheiro.com.br\/site\/wp-json\/wp\/v2\/posts"}],"about":[{"href":"https:\/\/cleitonpinheiro.com.br\/site\/wp-json\/wp\/v2\/types\/post"}],"author":[{"embeddable":true,"href":"https:\/\/cleitonpinheiro.com.br\/site\/wp-json\/wp\/v2\/users\/13"}],"replies":[{"embeddable":true,"href":"https:\/\/cleitonpinheiro.com.br\/site\/wp-json\/wp\/v2\/comments?post=86209"}],"version-history":[{"count":1,"href":"https:\/\/cleitonpinheiro.com.br\/site\/wp-json\/wp\/v2\/posts\/86209\/revisions"}],"predecessor-version":[{"id":86210,"href":"https:\/\/cleitonpinheiro.com.br\/site\/wp-json\/wp\/v2\/posts\/86209\/revisions\/86210"}],"wp:featuredmedia":[{"embeddable":true,"href":"https:\/\/cleitonpinheiro.com.br\/site\/wp-json\/wp\/v2\/media\/75675"}],"wp:attachment":[{"href":"https:\/\/cleitonpinheiro.com.br\/site\/wp-json\/wp\/v2\/media?parent=86209"}],"wp:term":[{"taxonomy":"category","embeddable":true,"href":"https:\/\/cleitonpinheiro.com.br\/site\/wp-json\/wp\/v2\/categories?post=86209"},{"taxonomy":"post_tag","embeddable":true,"href":"https:\/\/cleitonpinheiro.com.br\/site\/wp-json\/wp\/v2\/tags?post=86209"}],"curies":[{"name":"wp","href":"https:\/\/api.w.org\/{rel}","templated":true}]}}