{"id":86213,"date":"2025-07-07T11:59:22","date_gmt":"2025-07-07T14:59:22","guid":{"rendered":"https:\/\/cleitonpinheiro.com.br\/site\/?p=86213"},"modified":"2025-07-07T11:59:27","modified_gmt":"2025-07-07T14:59:27","slug":"cenaberta-abre-nova-etapa-de-selecao-de-elenco-para-o-longa-sobre-dora-e-dores","status":"publish","type":"post","link":"https:\/\/cleitonpinheiro.com.br\/site\/cenaberta-abre-nova-etapa-de-selecao-de-elenco-para-o-longa-sobre-dora-e-dores\/","title":{"rendered":"Cenaberta abre nova etapa de sele\u00e7\u00e3o de elenco para o longa \u201cSobre Dora e Dores\u201d"},"content":{"rendered":"\n<figure class=\"wp-block-image size-large\"><img fetchpriority=\"high\" decoding=\"async\" width=\"819\" height=\"1024\" src=\"https:\/\/cleitonpinheiro.com.br\/site\/wp-content\/uploads\/2025\/07\/WhatsApp-Image-2025-07-03-at-14.12.03-819x1024.jpeg\" alt=\"\" class=\"wp-image-86214\" srcset=\"https:\/\/cleitonpinheiro.com.br\/site\/wp-content\/uploads\/2025\/07\/WhatsApp-Image-2025-07-03-at-14.12.03-819x1024.jpeg 819w, https:\/\/cleitonpinheiro.com.br\/site\/wp-content\/uploads\/2025\/07\/WhatsApp-Image-2025-07-03-at-14.12.03-240x300.jpeg 240w, https:\/\/cleitonpinheiro.com.br\/site\/wp-content\/uploads\/2025\/07\/WhatsApp-Image-2025-07-03-at-14.12.03-768x960.jpeg 768w, https:\/\/cleitonpinheiro.com.br\/site\/wp-content\/uploads\/2025\/07\/WhatsApp-Image-2025-07-03-at-14.12.03.jpeg 1024w\" sizes=\"(max-width: 819px) 100vw, 819px\" \/><\/figure>\n\n\n\n<p>A produtora tocantinense Cenaberta est\u00e1 selecionando elenco para o filme &#8220;Sobre Dora e Dores&#8221;, dirigido por Kak\u00e1 Nogueira e Bell Gama. O projeto \u00e9 financiado pela Lei Paulo Gustavo e baseado no livro de Lita Maria.<\/p>\n\n\n\n<p>A produ\u00e7\u00e3o agora busca atores entre 50 e 65 anos para o papel de &#8220;Dimar&#8221; e atrizes entre 40 e 50 anos para o papel de &#8220;Juraci&#8221;. As inscri\u00e7\u00f5es est\u00e3o abertas para artistas de todo o Brasil e v\u00e3o at\u00e9 o dia 10 de julho, atrav\u00e9s de formul\u00e1rio online no Instagram da produtora (@cenaberta.com.br). O filme ser\u00e1 protagonizado pela premiada atriz Marc\u00e9lia Cartaxo.<\/p>\n\n\n\n<p>Ambientado no sert\u00e3o do Tocantins nas d\u00e9cadas de 1970 e 1980, o longa narra a hist\u00f3ria de afeto e resist\u00eancia entre uma benzedeira idosa e a menina \u00f3rf\u00e3 que ela adota. As grava\u00e7\u00f5es est\u00e3o previstas para setembro de 2025, na cidade de Marian\u00f3polis do Tocantins.<\/p>\n","protected":false},"excerpt":{"rendered":"<p>A produtora tocantinense Cenaberta est\u00e1 selecionando elenco para o filme &#8220;Sobre Dora e Dores&#8221;, dirigido por Kak\u00e1 Nogueira e Bell Gama. O projeto \u00e9 financiado pela Lei Paulo Gustavo e baseado no livro de Lita Maria. A produ\u00e7\u00e3o agora busca atores entre 50 e 65 anos para o papel de &#8220;Dimar&#8221; e atrizes entre 40 [&hellip;]<\/p>\n","protected":false},"author":13,"featured_media":86214,"comment_status":"open","ping_status":"open","sticky":false,"template":"","format":"standard","meta":{"_acf_changed":false,"footnotes":""},"categories":[8,20,21],"tags":[],"class_list":["post-86213","post","type-post","status-publish","format-standard","has-post-thumbnail","hentry","category-estado","category-noticias-em-destaque","category-todas-noticias"],"acf":[],"yoast_head":"<!-- This site is optimized with the Yoast SEO plugin v24.4 - https:\/\/yoast.com\/wordpress\/plugins\/seo\/ -->\n<title>Cenaberta abre nova etapa de sele\u00e7\u00e3o de elenco para o longa \u201cSobre Dora e Dores\u201d - PORTAL DE NOT\u00cdCIAS CLEITON PINHEIRO<\/title>\n<meta name=\"robots\" content=\"index, follow, max-snippet:-1, max-image-preview:large, max-video-preview:-1\" \/>\n<link rel=\"canonical\" href=\"https:\/\/cleitonpinheiro.com.br\/site\/cenaberta-abre-nova-etapa-de-selecao-de-elenco-para-o-longa-sobre-dora-e-dores\/\" \/>\n<meta property=\"og:locale\" content=\"pt_BR\" \/>\n<meta property=\"og:type\" content=\"article\" \/>\n<meta property=\"og:title\" content=\"Cenaberta abre nova etapa de sele\u00e7\u00e3o de elenco para o longa \u201cSobre Dora e Dores\u201d - PORTAL DE NOT\u00cdCIAS CLEITON PINHEIRO\" \/>\n<meta property=\"og:description\" content=\"A produtora tocantinense Cenaberta est\u00e1 selecionando elenco para o filme &#8220;Sobre Dora e Dores&#8221;, dirigido por Kak\u00e1 Nogueira e Bell Gama. O projeto \u00e9 financiado pela Lei Paulo Gustavo e baseado no livro de Lita Maria. A produ\u00e7\u00e3o agora busca atores entre 50 e 65 anos para o papel de &#8220;Dimar&#8221; e atrizes entre 40 [&hellip;]\" \/>\n<meta property=\"og:url\" content=\"https:\/\/cleitonpinheiro.com.br\/site\/cenaberta-abre-nova-etapa-de-selecao-de-elenco-para-o-longa-sobre-dora-e-dores\/\" \/>\n<meta property=\"og:site_name\" content=\"PORTAL DE NOT\u00cdCIAS CLEITON PINHEIRO\" \/>\n<meta property=\"article:publisher\" content=\"https:\/\/www.facebook.com\/portalcpnoticias\/\" \/>\n<meta property=\"article:published_time\" content=\"2025-07-07T14:59:22+00:00\" \/>\n<meta property=\"article:modified_time\" content=\"2025-07-07T14:59:27+00:00\" \/>\n<meta property=\"og:image\" content=\"https:\/\/cleitonpinheiro.com.br\/site\/wp-content\/uploads\/2025\/07\/WhatsApp-Image-2025-07-03-at-14.12.03.jpeg\" \/>\n\t<meta property=\"og:image:width\" content=\"1024\" \/>\n\t<meta property=\"og:image:height\" content=\"1280\" \/>\n\t<meta property=\"og:image:type\" content=\"image\/jpeg\" \/>\n<meta name=\"author\" content=\"Reda\u00e7\u00e3o CP\" \/>\n<meta name=\"twitter:card\" content=\"summary_large_image\" \/>\n<meta name=\"twitter:label1\" content=\"Escrito por\" \/>\n\t<meta name=\"twitter:data1\" content=\"Reda\u00e7\u00e3o CP\" \/>\n\t<meta name=\"twitter:label2\" content=\"Est. tempo de leitura\" \/>\n\t<meta name=\"twitter:data2\" content=\"2 minutos\" \/>\n<script type=\"application\/ld+json\" class=\"yoast-schema-graph\">{\"@context\":\"https:\/\/schema.org\",\"@graph\":[{\"@type\":\"Article\",\"@id\":\"https:\/\/cleitonpinheiro.com.br\/site\/cenaberta-abre-nova-etapa-de-selecao-de-elenco-para-o-longa-sobre-dora-e-dores\/#article\",\"isPartOf\":{\"@id\":\"https:\/\/cleitonpinheiro.com.br\/site\/cenaberta-abre-nova-etapa-de-selecao-de-elenco-para-o-longa-sobre-dora-e-dores\/\"},\"author\":{\"name\":\"Reda\u00e7\u00e3o CP\",\"@id\":\"https:\/\/cleitonpinheiro.com.br\/site\/#\/schema\/person\/8f04544e0bc40a1b68775b08360f87db\"},\"headline\":\"Cenaberta abre nova etapa de sele\u00e7\u00e3o de elenco para o longa \u201cSobre Dora e Dores\u201d\",\"datePublished\":\"2025-07-07T14:59:22+00:00\",\"dateModified\":\"2025-07-07T14:59:27+00:00\",\"mainEntityOfPage\":{\"@id\":\"https:\/\/cleitonpinheiro.com.br\/site\/cenaberta-abre-nova-etapa-de-selecao-de-elenco-para-o-longa-sobre-dora-e-dores\/\"},\"wordCount\":167,\"commentCount\":0,\"publisher\":{\"@id\":\"https:\/\/cleitonpinheiro.com.br\/site\/#organization\"},\"image\":{\"@id\":\"https:\/\/cleitonpinheiro.com.br\/site\/cenaberta-abre-nova-etapa-de-selecao-de-elenco-para-o-longa-sobre-dora-e-dores\/#primaryimage\"},\"thumbnailUrl\":\"https:\/\/cleitonpinheiro.com.br\/site\/wp-content\/uploads\/2025\/07\/WhatsApp-Image-2025-07-03-at-14.12.03.jpeg\",\"articleSection\":[\"ESTADO\",\"NOT\u00cdCIAS EM DESTAQUE\",\"TODAS NOTICIAS\"],\"inLanguage\":\"pt-BR\",\"potentialAction\":[{\"@type\":\"CommentAction\",\"name\":\"Comment\",\"target\":[\"https:\/\/cleitonpinheiro.com.br\/site\/cenaberta-abre-nova-etapa-de-selecao-de-elenco-para-o-longa-sobre-dora-e-dores\/#respond\"]}]},{\"@type\":\"WebPage\",\"@id\":\"https:\/\/cleitonpinheiro.com.br\/site\/cenaberta-abre-nova-etapa-de-selecao-de-elenco-para-o-longa-sobre-dora-e-dores\/\",\"url\":\"https:\/\/cleitonpinheiro.com.br\/site\/cenaberta-abre-nova-etapa-de-selecao-de-elenco-para-o-longa-sobre-dora-e-dores\/\",\"name\":\"Cenaberta abre nova etapa de sele\u00e7\u00e3o de elenco para o longa \u201cSobre Dora e Dores\u201d - PORTAL DE NOT\u00cdCIAS CLEITON PINHEIRO\",\"isPartOf\":{\"@id\":\"https:\/\/cleitonpinheiro.com.br\/site\/#website\"},\"primaryImageOfPage\":{\"@id\":\"https:\/\/cleitonpinheiro.com.br\/site\/cenaberta-abre-nova-etapa-de-selecao-de-elenco-para-o-longa-sobre-dora-e-dores\/#primaryimage\"},\"image\":{\"@id\":\"https:\/\/cleitonpinheiro.com.br\/site\/cenaberta-abre-nova-etapa-de-selecao-de-elenco-para-o-longa-sobre-dora-e-dores\/#primaryimage\"},\"thumbnailUrl\":\"https:\/\/cleitonpinheiro.com.br\/site\/wp-content\/uploads\/2025\/07\/WhatsApp-Image-2025-07-03-at-14.12.03.jpeg\",\"datePublished\":\"2025-07-07T14:59:22+00:00\",\"dateModified\":\"2025-07-07T14:59:27+00:00\",\"breadcrumb\":{\"@id\":\"https:\/\/cleitonpinheiro.com.br\/site\/cenaberta-abre-nova-etapa-de-selecao-de-elenco-para-o-longa-sobre-dora-e-dores\/#breadcrumb\"},\"inLanguage\":\"pt-BR\",\"potentialAction\":[{\"@type\":\"ReadAction\",\"target\":[\"https:\/\/cleitonpinheiro.com.br\/site\/cenaberta-abre-nova-etapa-de-selecao-de-elenco-para-o-longa-sobre-dora-e-dores\/\"]}]},{\"@type\":\"ImageObject\",\"inLanguage\":\"pt-BR\",\"@id\":\"https:\/\/cleitonpinheiro.com.br\/site\/cenaberta-abre-nova-etapa-de-selecao-de-elenco-para-o-longa-sobre-dora-e-dores\/#primaryimage\",\"url\":\"https:\/\/cleitonpinheiro.com.br\/site\/wp-content\/uploads\/2025\/07\/WhatsApp-Image-2025-07-03-at-14.12.03.jpeg\",\"contentUrl\":\"https:\/\/cleitonpinheiro.com.br\/site\/wp-content\/uploads\/2025\/07\/WhatsApp-Image-2025-07-03-at-14.12.03.jpeg\",\"width\":1024,\"height\":1280},{\"@type\":\"BreadcrumbList\",\"@id\":\"https:\/\/cleitonpinheiro.com.br\/site\/cenaberta-abre-nova-etapa-de-selecao-de-elenco-para-o-longa-sobre-dora-e-dores\/#breadcrumb\",\"itemListElement\":[{\"@type\":\"ListItem\",\"position\":1,\"name\":\"In\u00edcio\",\"item\":\"https:\/\/cleitonpinheiro.com.br\/site\/\"},{\"@type\":\"ListItem\",\"position\":2,\"name\":\"Cenaberta abre nova etapa de sele\u00e7\u00e3o de elenco para o longa \u201cSobre Dora e Dores\u201d\"}]},{\"@type\":\"WebSite\",\"@id\":\"https:\/\/cleitonpinheiro.com.br\/site\/#website\",\"url\":\"https:\/\/cleitonpinheiro.com.br\/site\/\",\"name\":\"PORTAL DE NOT\u00cdCIAS CLEITON PINHEIRO\",\"description\":\"FALANDO A VERDADE\",\"publisher\":{\"@id\":\"https:\/\/cleitonpinheiro.com.br\/site\/#organization\"},\"potentialAction\":[{\"@type\":\"SearchAction\",\"target\":{\"@type\":\"EntryPoint\",\"urlTemplate\":\"https:\/\/cleitonpinheiro.com.br\/site\/?s={search_term_string}\"},\"query-input\":{\"@type\":\"PropertyValueSpecification\",\"valueRequired\":true,\"valueName\":\"search_term_string\"}}],\"inLanguage\":\"pt-BR\"},{\"@type\":\"Organization\",\"@id\":\"https:\/\/cleitonpinheiro.com.br\/site\/#organization\",\"name\":\"CPNOT\u00cdCIAS\",\"url\":\"https:\/\/cleitonpinheiro.com.br\/site\/\",\"logo\":{\"@type\":\"ImageObject\",\"inLanguage\":\"pt-BR\",\"@id\":\"https:\/\/cleitonpinheiro.com.br\/site\/#\/schema\/logo\/image\/\",\"url\":\"https:\/\/cleitonpinheiro.com.br\/site\/wp-content\/uploads\/2022\/08\/Logo-pequena-2.png\",\"contentUrl\":\"https:\/\/cleitonpinheiro.com.br\/site\/wp-content\/uploads\/2022\/08\/Logo-pequena-2.png\",\"width\":500,\"height\":500,\"caption\":\"CPNOT\u00cdCIAS\"},\"image\":{\"@id\":\"https:\/\/cleitonpinheiro.com.br\/site\/#\/schema\/logo\/image\/\"},\"sameAs\":[\"https:\/\/www.facebook.com\/portalcpnoticias\/\"]},{\"@type\":\"Person\",\"@id\":\"https:\/\/cleitonpinheiro.com.br\/site\/#\/schema\/person\/8f04544e0bc40a1b68775b08360f87db\",\"name\":\"Reda\u00e7\u00e3o CP\",\"image\":{\"@type\":\"ImageObject\",\"inLanguage\":\"pt-BR\",\"@id\":\"https:\/\/cleitonpinheiro.com.br\/site\/#\/schema\/person\/image\/\",\"url\":\"https:\/\/secure.gravatar.com\/avatar\/0bcf19cb29fdc8fc588c490c7ae1b3e174dac268586a63fbe1d1893a0f9020cd?s=96&r=g\",\"contentUrl\":\"https:\/\/secure.gravatar.com\/avatar\/0bcf19cb29fdc8fc588c490c7ae1b3e174dac268586a63fbe1d1893a0f9020cd?s=96&r=g\",\"caption\":\"Reda\u00e7\u00e3o CP\"},\"url\":\"https:\/\/cleitonpinheiro.com.br\/site\/author\/redacao\/\"}]}<\/script>\n<!-- \/ Yoast SEO plugin. -->","yoast_head_json":{"title":"Cenaberta abre nova etapa de sele\u00e7\u00e3o de elenco para o longa \u201cSobre Dora e Dores\u201d - PORTAL DE NOT\u00cdCIAS CLEITON PINHEIRO","robots":{"index":"index","follow":"follow","max-snippet":"max-snippet:-1","max-image-preview":"max-image-preview:large","max-video-preview":"max-video-preview:-1"},"canonical":"https:\/\/cleitonpinheiro.com.br\/site\/cenaberta-abre-nova-etapa-de-selecao-de-elenco-para-o-longa-sobre-dora-e-dores\/","og_locale":"pt_BR","og_type":"article","og_title":"Cenaberta abre nova etapa de sele\u00e7\u00e3o de elenco para o longa \u201cSobre Dora e Dores\u201d - PORTAL DE NOT\u00cdCIAS CLEITON PINHEIRO","og_description":"A produtora tocantinense Cenaberta est\u00e1 selecionando elenco para o filme &#8220;Sobre Dora e Dores&#8221;, dirigido por Kak\u00e1 Nogueira e Bell Gama. O projeto \u00e9 financiado pela Lei Paulo Gustavo e baseado no livro de Lita Maria. A produ\u00e7\u00e3o agora busca atores entre 50 e 65 anos para o papel de &#8220;Dimar&#8221; e atrizes entre 40 [&hellip;]","og_url":"https:\/\/cleitonpinheiro.com.br\/site\/cenaberta-abre-nova-etapa-de-selecao-de-elenco-para-o-longa-sobre-dora-e-dores\/","og_site_name":"PORTAL DE NOT\u00cdCIAS CLEITON PINHEIRO","article_publisher":"https:\/\/www.facebook.com\/portalcpnoticias\/","article_published_time":"2025-07-07T14:59:22+00:00","article_modified_time":"2025-07-07T14:59:27+00:00","og_image":[{"width":1024,"height":1280,"url":"https:\/\/cleitonpinheiro.com.br\/site\/wp-content\/uploads\/2025\/07\/WhatsApp-Image-2025-07-03-at-14.12.03.jpeg","type":"image\/jpeg"}],"author":"Reda\u00e7\u00e3o CP","twitter_card":"summary_large_image","twitter_misc":{"Escrito por":"Reda\u00e7\u00e3o CP","Est. tempo de leitura":"2 minutos"},"schema":{"@context":"https:\/\/schema.org","@graph":[{"@type":"Article","@id":"https:\/\/cleitonpinheiro.com.br\/site\/cenaberta-abre-nova-etapa-de-selecao-de-elenco-para-o-longa-sobre-dora-e-dores\/#article","isPartOf":{"@id":"https:\/\/cleitonpinheiro.com.br\/site\/cenaberta-abre-nova-etapa-de-selecao-de-elenco-para-o-longa-sobre-dora-e-dores\/"},"author":{"name":"Reda\u00e7\u00e3o CP","@id":"https:\/\/cleitonpinheiro.com.br\/site\/#\/schema\/person\/8f04544e0bc40a1b68775b08360f87db"},"headline":"Cenaberta abre nova etapa de sele\u00e7\u00e3o de elenco para o longa \u201cSobre Dora e Dores\u201d","datePublished":"2025-07-07T14:59:22+00:00","dateModified":"2025-07-07T14:59:27+00:00","mainEntityOfPage":{"@id":"https:\/\/cleitonpinheiro.com.br\/site\/cenaberta-abre-nova-etapa-de-selecao-de-elenco-para-o-longa-sobre-dora-e-dores\/"},"wordCount":167,"commentCount":0,"publisher":{"@id":"https:\/\/cleitonpinheiro.com.br\/site\/#organization"},"image":{"@id":"https:\/\/cleitonpinheiro.com.br\/site\/cenaberta-abre-nova-etapa-de-selecao-de-elenco-para-o-longa-sobre-dora-e-dores\/#primaryimage"},"thumbnailUrl":"https:\/\/cleitonpinheiro.com.br\/site\/wp-content\/uploads\/2025\/07\/WhatsApp-Image-2025-07-03-at-14.12.03.jpeg","articleSection":["ESTADO","NOT\u00cdCIAS EM DESTAQUE","TODAS NOTICIAS"],"inLanguage":"pt-BR","potentialAction":[{"@type":"CommentAction","name":"Comment","target":["https:\/\/cleitonpinheiro.com.br\/site\/cenaberta-abre-nova-etapa-de-selecao-de-elenco-para-o-longa-sobre-dora-e-dores\/#respond"]}]},{"@type":"WebPage","@id":"https:\/\/cleitonpinheiro.com.br\/site\/cenaberta-abre-nova-etapa-de-selecao-de-elenco-para-o-longa-sobre-dora-e-dores\/","url":"https:\/\/cleitonpinheiro.com.br\/site\/cenaberta-abre-nova-etapa-de-selecao-de-elenco-para-o-longa-sobre-dora-e-dores\/","name":"Cenaberta abre nova etapa de sele\u00e7\u00e3o de elenco para o longa \u201cSobre Dora e Dores\u201d - PORTAL DE NOT\u00cdCIAS CLEITON PINHEIRO","isPartOf":{"@id":"https:\/\/cleitonpinheiro.com.br\/site\/#website"},"primaryImageOfPage":{"@id":"https:\/\/cleitonpinheiro.com.br\/site\/cenaberta-abre-nova-etapa-de-selecao-de-elenco-para-o-longa-sobre-dora-e-dores\/#primaryimage"},"image":{"@id":"https:\/\/cleitonpinheiro.com.br\/site\/cenaberta-abre-nova-etapa-de-selecao-de-elenco-para-o-longa-sobre-dora-e-dores\/#primaryimage"},"thumbnailUrl":"https:\/\/cleitonpinheiro.com.br\/site\/wp-content\/uploads\/2025\/07\/WhatsApp-Image-2025-07-03-at-14.12.03.jpeg","datePublished":"2025-07-07T14:59:22+00:00","dateModified":"2025-07-07T14:59:27+00:00","breadcrumb":{"@id":"https:\/\/cleitonpinheiro.com.br\/site\/cenaberta-abre-nova-etapa-de-selecao-de-elenco-para-o-longa-sobre-dora-e-dores\/#breadcrumb"},"inLanguage":"pt-BR","potentialAction":[{"@type":"ReadAction","target":["https:\/\/cleitonpinheiro.com.br\/site\/cenaberta-abre-nova-etapa-de-selecao-de-elenco-para-o-longa-sobre-dora-e-dores\/"]}]},{"@type":"ImageObject","inLanguage":"pt-BR","@id":"https:\/\/cleitonpinheiro.com.br\/site\/cenaberta-abre-nova-etapa-de-selecao-de-elenco-para-o-longa-sobre-dora-e-dores\/#primaryimage","url":"https:\/\/cleitonpinheiro.com.br\/site\/wp-content\/uploads\/2025\/07\/WhatsApp-Image-2025-07-03-at-14.12.03.jpeg","contentUrl":"https:\/\/cleitonpinheiro.com.br\/site\/wp-content\/uploads\/2025\/07\/WhatsApp-Image-2025-07-03-at-14.12.03.jpeg","width":1024,"height":1280},{"@type":"BreadcrumbList","@id":"https:\/\/cleitonpinheiro.com.br\/site\/cenaberta-abre-nova-etapa-de-selecao-de-elenco-para-o-longa-sobre-dora-e-dores\/#breadcrumb","itemListElement":[{"@type":"ListItem","position":1,"name":"In\u00edcio","item":"https:\/\/cleitonpinheiro.com.br\/site\/"},{"@type":"ListItem","position":2,"name":"Cenaberta abre nova etapa de sele\u00e7\u00e3o de elenco para o longa \u201cSobre Dora e Dores\u201d"}]},{"@type":"WebSite","@id":"https:\/\/cleitonpinheiro.com.br\/site\/#website","url":"https:\/\/cleitonpinheiro.com.br\/site\/","name":"PORTAL DE NOT\u00cdCIAS CLEITON PINHEIRO","description":"FALANDO A VERDADE","publisher":{"@id":"https:\/\/cleitonpinheiro.com.br\/site\/#organization"},"potentialAction":[{"@type":"SearchAction","target":{"@type":"EntryPoint","urlTemplate":"https:\/\/cleitonpinheiro.com.br\/site\/?s={search_term_string}"},"query-input":{"@type":"PropertyValueSpecification","valueRequired":true,"valueName":"search_term_string"}}],"inLanguage":"pt-BR"},{"@type":"Organization","@id":"https:\/\/cleitonpinheiro.com.br\/site\/#organization","name":"CPNOT\u00cdCIAS","url":"https:\/\/cleitonpinheiro.com.br\/site\/","logo":{"@type":"ImageObject","inLanguage":"pt-BR","@id":"https:\/\/cleitonpinheiro.com.br\/site\/#\/schema\/logo\/image\/","url":"https:\/\/cleitonpinheiro.com.br\/site\/wp-content\/uploads\/2022\/08\/Logo-pequena-2.png","contentUrl":"https:\/\/cleitonpinheiro.com.br\/site\/wp-content\/uploads\/2022\/08\/Logo-pequena-2.png","width":500,"height":500,"caption":"CPNOT\u00cdCIAS"},"image":{"@id":"https:\/\/cleitonpinheiro.com.br\/site\/#\/schema\/logo\/image\/"},"sameAs":["https:\/\/www.facebook.com\/portalcpnoticias\/"]},{"@type":"Person","@id":"https:\/\/cleitonpinheiro.com.br\/site\/#\/schema\/person\/8f04544e0bc40a1b68775b08360f87db","name":"Reda\u00e7\u00e3o CP","image":{"@type":"ImageObject","inLanguage":"pt-BR","@id":"https:\/\/cleitonpinheiro.com.br\/site\/#\/schema\/person\/image\/","url":"https:\/\/secure.gravatar.com\/avatar\/0bcf19cb29fdc8fc588c490c7ae1b3e174dac268586a63fbe1d1893a0f9020cd?s=96&r=g","contentUrl":"https:\/\/secure.gravatar.com\/avatar\/0bcf19cb29fdc8fc588c490c7ae1b3e174dac268586a63fbe1d1893a0f9020cd?s=96&r=g","caption":"Reda\u00e7\u00e3o CP"},"url":"https:\/\/cleitonpinheiro.com.br\/site\/author\/redacao\/"}]}},"views":180,"_links":{"self":[{"href":"https:\/\/cleitonpinheiro.com.br\/site\/wp-json\/wp\/v2\/posts\/86213","targetHints":{"allow":["GET"]}}],"collection":[{"href":"https:\/\/cleitonpinheiro.com.br\/site\/wp-json\/wp\/v2\/posts"}],"about":[{"href":"https:\/\/cleitonpinheiro.com.br\/site\/wp-json\/wp\/v2\/types\/post"}],"author":[{"embeddable":true,"href":"https:\/\/cleitonpinheiro.com.br\/site\/wp-json\/wp\/v2\/users\/13"}],"replies":[{"embeddable":true,"href":"https:\/\/cleitonpinheiro.com.br\/site\/wp-json\/wp\/v2\/comments?post=86213"}],"version-history":[{"count":1,"href":"https:\/\/cleitonpinheiro.com.br\/site\/wp-json\/wp\/v2\/posts\/86213\/revisions"}],"predecessor-version":[{"id":86215,"href":"https:\/\/cleitonpinheiro.com.br\/site\/wp-json\/wp\/v2\/posts\/86213\/revisions\/86215"}],"wp:featuredmedia":[{"embeddable":true,"href":"https:\/\/cleitonpinheiro.com.br\/site\/wp-json\/wp\/v2\/media\/86214"}],"wp:attachment":[{"href":"https:\/\/cleitonpinheiro.com.br\/site\/wp-json\/wp\/v2\/media?parent=86213"}],"wp:term":[{"taxonomy":"category","embeddable":true,"href":"https:\/\/cleitonpinheiro.com.br\/site\/wp-json\/wp\/v2\/categories?post=86213"},{"taxonomy":"post_tag","embeddable":true,"href":"https:\/\/cleitonpinheiro.com.br\/site\/wp-json\/wp\/v2\/tags?post=86213"}],"curies":[{"name":"wp","href":"https:\/\/api.w.org\/{rel}","templated":true}]}}