{"id":86222,"date":"2025-07-09T14:41:14","date_gmt":"2025-07-09T17:41:14","guid":{"rendered":"https:\/\/cleitonpinheiro.com.br\/site\/?p=86222"},"modified":"2025-07-09T14:41:19","modified_gmt":"2025-07-09T17:41:19","slug":"organizacoes-sociais-denunciam-governo-do-tocantins-ao-mpf-e-exigem-suspensao-de-programa-de-credito-de-carbono","status":"publish","type":"post","link":"https:\/\/cleitonpinheiro.com.br\/site\/organizacoes-sociais-denunciam-governo-do-tocantins-ao-mpf-e-exigem-suspensao-de-programa-de-credito-de-carbono\/","title":{"rendered":"Organiza\u00e7\u00f5es sociais denunciam Governo do Tocantins ao MPF e exigem suspens\u00e3o de programa de cr\u00e9dito de carbono"},"content":{"rendered":"\n<figure class=\"wp-block-image size-large\"><img fetchpriority=\"high\" decoding=\"async\" width=\"1024\" height=\"768\" src=\"https:\/\/cleitonpinheiro.com.br\/site\/wp-content\/uploads\/2025\/07\/WhatsApp-Image-2025-07-07-at-16.06.22-1024x768.jpeg\" alt=\"\" class=\"wp-image-86223\" srcset=\"https:\/\/cleitonpinheiro.com.br\/site\/wp-content\/uploads\/2025\/07\/WhatsApp-Image-2025-07-07-at-16.06.22-1024x768.jpeg 1024w, https:\/\/cleitonpinheiro.com.br\/site\/wp-content\/uploads\/2025\/07\/WhatsApp-Image-2025-07-07-at-16.06.22-300x225.jpeg 300w, https:\/\/cleitonpinheiro.com.br\/site\/wp-content\/uploads\/2025\/07\/WhatsApp-Image-2025-07-07-at-16.06.22-768x576.jpeg 768w, https:\/\/cleitonpinheiro.com.br\/site\/wp-content\/uploads\/2025\/07\/WhatsApp-Image-2025-07-07-at-16.06.22-1536x1152.jpeg 1536w, https:\/\/cleitonpinheiro.com.br\/site\/wp-content\/uploads\/2025\/07\/WhatsApp-Image-2025-07-07-at-16.06.22.jpeg 1600w\" sizes=\"(max-width: 1024px) 100vw, 1024px\" \/><\/figure>\n\n\n\n<p>A Articula\u00e7\u00e3o Tocantinense de Agroecologia (ATA) e outras entidades de direitos humanos denunciaram o Programa de REDD+ Jurisdicional do Governo do Tocantins ao Minist\u00e9rio P\u00fablico Federal (MPF). A acusa\u00e7\u00e3o principal \u00e9 a viola\u00e7\u00e3o do direito \u00e0 Consulta Livre, Pr\u00e9via e Informada de comunidades quilombolas, tradicionais e quebradeiras de coco baba\u00e7u.<\/p>\n\n\n\n<p>Segundo a den\u00fancia, o governo tem realizado consultas parciais, focadas apenas na reparti\u00e7\u00e3o de benef\u00edcios, sem apresentar o programa em sua totalidade, seus riscos e impactos. Com isso, descumpre a Conven\u00e7\u00e3o 169 da OIT e as Salvaguardas de Canc\u00fan, especialmente no que tange \u00e0 regulariza\u00e7\u00e3o fundi\u00e1ria dos territ\u00f3rios.<\/p>\n\n\n\n<p>Os movimentos exigem a suspens\u00e3o imediata do programa at\u00e9 que a consulta seja refeita de forma ampla e transparente. Pedem tamb\u00e9m a revoga\u00e7\u00e3o de uma instru\u00e7\u00e3o normativa que rege as consultas e de uma lei estadual que legaliza registros imobili\u00e1rios irregulares, al\u00e9m da garantia de efetiva\u00e7\u00e3o da Lei do Baba\u00e7u Livre e da regulariza\u00e7\u00e3o dos territ\u00f3rios quilombolas.<\/p>\n\n\n\n<p>O documento foi assinado por um conjunto de movimentos e organiza\u00e7\u00f5es da sociedade civil que integram a Articula\u00e7\u00e3o Tocantinense de Agroecologia:<\/p>\n\n\n\n<ul class=\"wp-block-list\">\n<li>Coordena\u00e7\u00e3o Estadual das Comunidades Quilombolas do Tocantins\/COEQTO<\/li>\n\n\n\n<li>Movimento Interestadual das Quebradeiras de Coco Baba\u00e7u\/MIQCB<\/li>\n\n\n\n<li>Alternativas para a Pequena Agricultura no Tocantins\/APA-TO<\/li>\n\n\n\n<li>Comiss\u00e3o Pastoral da Terra\/CPT<\/li>\n\n\n\n<li>Sindicato Regional dos Trabalhadores Rurais, Agricultores e Agricultoras Familiares de S\u00e3o Sebasti\u00e3o do Tocantins, Buriti do Tocantins e Esperantina\/STTR Regional<\/li>\n\n\n\n<li>Movimento Sem Terra\/MST \u2013 Tocantins<\/li>\n\n\n\n<li>Associa\u00e7\u00e3o Regional das Mulheres Trabalhadoras Rurais do Bico do Papagaio\/ASMUBIP<\/li>\n\n\n\n<li>Movimento Estadual de Direitos Humanos do Estado do Tocantins\/MEDH-TO<\/li>\n\n\n\n<li>Uni\u00e3o das Cooperativas da Agricultura Familiar e Economia Solid\u00e1ria do Estado do Tocantins\/UNICAFES-TO<\/li>\n\n\n\n<li>Cooperativa de Produ\u00e7\u00e3o e Comercializa\u00e7\u00e3o dos Agricultores Familiares Agroextrativistas e Pescadores Artesanais de Esperantina\/COOAF-Bico<\/li>\n\n\n\n<li>Instituto Terra, Direito e Cidadania\/ITDC<\/li>\n\n\n\n<li>N\u00facleo de Pesquisa e Extens\u00e3o em Saberes e pr\u00e1ticas Agroecol\u00f3gicas\/NEUZA-UFNT<\/li>\n\n\n\n<li><\/li>\n<\/ul>\n\n\n\n<p><\/p>\n","protected":false},"excerpt":{"rendered":"<p>A Articula\u00e7\u00e3o Tocantinense de Agroecologia (ATA) e outras entidades de direitos humanos denunciaram o Programa de REDD+ Jurisdicional do Governo do Tocantins ao Minist\u00e9rio P\u00fablico Federal (MPF). A acusa\u00e7\u00e3o principal \u00e9 a viola\u00e7\u00e3o do direito \u00e0 Consulta Livre, Pr\u00e9via e Informada de comunidades quilombolas, tradicionais e quebradeiras de coco baba\u00e7u. Segundo a den\u00fancia, o governo [&hellip;]<\/p>\n","protected":false},"author":13,"featured_media":86223,"comment_status":"open","ping_status":"open","sticky":false,"template":"","format":"standard","meta":{"_acf_changed":false,"footnotes":""},"categories":[8,898,21],"tags":[],"class_list":["post-86222","post","type-post","status-publish","format-standard","has-post-thumbnail","hentry","category-estado","category-manchete-segundaria","category-todas-noticias"],"acf":[],"yoast_head":"<!-- This site is optimized with the Yoast SEO plugin v24.4 - https:\/\/yoast.com\/wordpress\/plugins\/seo\/ -->\n<title>Organiza\u00e7\u00f5es sociais denunciam Governo do Tocantins ao MPF e exigem suspens\u00e3o de programa de cr\u00e9dito de carbono - PORTAL DE NOT\u00cdCIAS CLEITON PINHEIRO<\/title>\n<meta name=\"robots\" content=\"index, follow, max-snippet:-1, max-image-preview:large, max-video-preview:-1\" \/>\n<link rel=\"canonical\" href=\"https:\/\/cleitonpinheiro.com.br\/site\/organizacoes-sociais-denunciam-governo-do-tocantins-ao-mpf-e-exigem-suspensao-de-programa-de-credito-de-carbono\/\" \/>\n<meta property=\"og:locale\" content=\"pt_BR\" \/>\n<meta property=\"og:type\" content=\"article\" \/>\n<meta property=\"og:title\" content=\"Organiza\u00e7\u00f5es sociais denunciam Governo do Tocantins ao MPF e exigem suspens\u00e3o de programa de cr\u00e9dito de carbono - PORTAL DE NOT\u00cdCIAS CLEITON PINHEIRO\" \/>\n<meta property=\"og:description\" content=\"A Articula\u00e7\u00e3o Tocantinense de Agroecologia (ATA) e outras entidades de direitos humanos denunciaram o Programa de REDD+ Jurisdicional do Governo do Tocantins ao Minist\u00e9rio P\u00fablico Federal (MPF). A acusa\u00e7\u00e3o principal \u00e9 a viola\u00e7\u00e3o do direito \u00e0 Consulta Livre, Pr\u00e9via e Informada de comunidades quilombolas, tradicionais e quebradeiras de coco baba\u00e7u. Segundo a den\u00fancia, o governo [&hellip;]\" \/>\n<meta property=\"og:url\" content=\"https:\/\/cleitonpinheiro.com.br\/site\/organizacoes-sociais-denunciam-governo-do-tocantins-ao-mpf-e-exigem-suspensao-de-programa-de-credito-de-carbono\/\" \/>\n<meta property=\"og:site_name\" content=\"PORTAL DE NOT\u00cdCIAS CLEITON PINHEIRO\" \/>\n<meta property=\"article:publisher\" content=\"https:\/\/www.facebook.com\/portalcpnoticias\/\" \/>\n<meta property=\"article:published_time\" content=\"2025-07-09T17:41:14+00:00\" \/>\n<meta property=\"article:modified_time\" content=\"2025-07-09T17:41:19+00:00\" \/>\n<meta property=\"og:image\" content=\"https:\/\/cleitonpinheiro.com.br\/site\/wp-content\/uploads\/2025\/07\/WhatsApp-Image-2025-07-07-at-16.06.22.jpeg\" \/>\n\t<meta property=\"og:image:width\" content=\"1600\" \/>\n\t<meta property=\"og:image:height\" content=\"1200\" \/>\n\t<meta property=\"og:image:type\" content=\"image\/jpeg\" \/>\n<meta name=\"author\" content=\"Reda\u00e7\u00e3o CP\" \/>\n<meta name=\"twitter:card\" content=\"summary_large_image\" \/>\n<meta name=\"twitter:label1\" content=\"Escrito por\" \/>\n\t<meta name=\"twitter:data1\" content=\"Reda\u00e7\u00e3o CP\" \/>\n\t<meta name=\"twitter:label2\" content=\"Est. tempo de leitura\" \/>\n\t<meta name=\"twitter:data2\" content=\"2 minutos\" \/>\n<script type=\"application\/ld+json\" class=\"yoast-schema-graph\">{\"@context\":\"https:\/\/schema.org\",\"@graph\":[{\"@type\":\"Article\",\"@id\":\"https:\/\/cleitonpinheiro.com.br\/site\/organizacoes-sociais-denunciam-governo-do-tocantins-ao-mpf-e-exigem-suspensao-de-programa-de-credito-de-carbono\/#article\",\"isPartOf\":{\"@id\":\"https:\/\/cleitonpinheiro.com.br\/site\/organizacoes-sociais-denunciam-governo-do-tocantins-ao-mpf-e-exigem-suspensao-de-programa-de-credito-de-carbono\/\"},\"author\":{\"name\":\"Reda\u00e7\u00e3o CP\",\"@id\":\"https:\/\/cleitonpinheiro.com.br\/site\/#\/schema\/person\/8f04544e0bc40a1b68775b08360f87db\"},\"headline\":\"Organiza\u00e7\u00f5es sociais denunciam Governo do Tocantins ao MPF e exigem suspens\u00e3o de programa de cr\u00e9dito de carbono\",\"datePublished\":\"2025-07-09T17:41:14+00:00\",\"dateModified\":\"2025-07-09T17:41:19+00:00\",\"mainEntityOfPage\":{\"@id\":\"https:\/\/cleitonpinheiro.com.br\/site\/organizacoes-sociais-denunciam-governo-do-tocantins-ao-mpf-e-exigem-suspensao-de-programa-de-credito-de-carbono\/\"},\"wordCount\":355,\"commentCount\":0,\"publisher\":{\"@id\":\"https:\/\/cleitonpinheiro.com.br\/site\/#organization\"},\"image\":{\"@id\":\"https:\/\/cleitonpinheiro.com.br\/site\/organizacoes-sociais-denunciam-governo-do-tocantins-ao-mpf-e-exigem-suspensao-de-programa-de-credito-de-carbono\/#primaryimage\"},\"thumbnailUrl\":\"https:\/\/cleitonpinheiro.com.br\/site\/wp-content\/uploads\/2025\/07\/WhatsApp-Image-2025-07-07-at-16.06.22.jpeg\",\"articleSection\":[\"ESTADO\",\"MANCHETE SEGUND\u00c1RIA\",\"TODAS NOTICIAS\"],\"inLanguage\":\"pt-BR\",\"potentialAction\":[{\"@type\":\"CommentAction\",\"name\":\"Comment\",\"target\":[\"https:\/\/cleitonpinheiro.com.br\/site\/organizacoes-sociais-denunciam-governo-do-tocantins-ao-mpf-e-exigem-suspensao-de-programa-de-credito-de-carbono\/#respond\"]}]},{\"@type\":\"WebPage\",\"@id\":\"https:\/\/cleitonpinheiro.com.br\/site\/organizacoes-sociais-denunciam-governo-do-tocantins-ao-mpf-e-exigem-suspensao-de-programa-de-credito-de-carbono\/\",\"url\":\"https:\/\/cleitonpinheiro.com.br\/site\/organizacoes-sociais-denunciam-governo-do-tocantins-ao-mpf-e-exigem-suspensao-de-programa-de-credito-de-carbono\/\",\"name\":\"Organiza\u00e7\u00f5es sociais denunciam Governo do Tocantins ao MPF e exigem suspens\u00e3o de programa de cr\u00e9dito de carbono - PORTAL DE NOT\u00cdCIAS CLEITON PINHEIRO\",\"isPartOf\":{\"@id\":\"https:\/\/cleitonpinheiro.com.br\/site\/#website\"},\"primaryImageOfPage\":{\"@id\":\"https:\/\/cleitonpinheiro.com.br\/site\/organizacoes-sociais-denunciam-governo-do-tocantins-ao-mpf-e-exigem-suspensao-de-programa-de-credito-de-carbono\/#primaryimage\"},\"image\":{\"@id\":\"https:\/\/cleitonpinheiro.com.br\/site\/organizacoes-sociais-denunciam-governo-do-tocantins-ao-mpf-e-exigem-suspensao-de-programa-de-credito-de-carbono\/#primaryimage\"},\"thumbnailUrl\":\"https:\/\/cleitonpinheiro.com.br\/site\/wp-content\/uploads\/2025\/07\/WhatsApp-Image-2025-07-07-at-16.06.22.jpeg\",\"datePublished\":\"2025-07-09T17:41:14+00:00\",\"dateModified\":\"2025-07-09T17:41:19+00:00\",\"breadcrumb\":{\"@id\":\"https:\/\/cleitonpinheiro.com.br\/site\/organizacoes-sociais-denunciam-governo-do-tocantins-ao-mpf-e-exigem-suspensao-de-programa-de-credito-de-carbono\/#breadcrumb\"},\"inLanguage\":\"pt-BR\",\"potentialAction\":[{\"@type\":\"ReadAction\",\"target\":[\"https:\/\/cleitonpinheiro.com.br\/site\/organizacoes-sociais-denunciam-governo-do-tocantins-ao-mpf-e-exigem-suspensao-de-programa-de-credito-de-carbono\/\"]}]},{\"@type\":\"ImageObject\",\"inLanguage\":\"pt-BR\",\"@id\":\"https:\/\/cleitonpinheiro.com.br\/site\/organizacoes-sociais-denunciam-governo-do-tocantins-ao-mpf-e-exigem-suspensao-de-programa-de-credito-de-carbono\/#primaryimage\",\"url\":\"https:\/\/cleitonpinheiro.com.br\/site\/wp-content\/uploads\/2025\/07\/WhatsApp-Image-2025-07-07-at-16.06.22.jpeg\",\"contentUrl\":\"https:\/\/cleitonpinheiro.com.br\/site\/wp-content\/uploads\/2025\/07\/WhatsApp-Image-2025-07-07-at-16.06.22.jpeg\",\"width\":1600,\"height\":1200},{\"@type\":\"BreadcrumbList\",\"@id\":\"https:\/\/cleitonpinheiro.com.br\/site\/organizacoes-sociais-denunciam-governo-do-tocantins-ao-mpf-e-exigem-suspensao-de-programa-de-credito-de-carbono\/#breadcrumb\",\"itemListElement\":[{\"@type\":\"ListItem\",\"position\":1,\"name\":\"In\u00edcio\",\"item\":\"https:\/\/cleitonpinheiro.com.br\/site\/\"},{\"@type\":\"ListItem\",\"position\":2,\"name\":\"Organiza\u00e7\u00f5es sociais denunciam Governo do Tocantins ao MPF e exigem suspens\u00e3o de programa de cr\u00e9dito de carbono\"}]},{\"@type\":\"WebSite\",\"@id\":\"https:\/\/cleitonpinheiro.com.br\/site\/#website\",\"url\":\"https:\/\/cleitonpinheiro.com.br\/site\/\",\"name\":\"PORTAL DE NOT\u00cdCIAS CLEITON PINHEIRO\",\"description\":\"FALANDO A VERDADE\",\"publisher\":{\"@id\":\"https:\/\/cleitonpinheiro.com.br\/site\/#organization\"},\"potentialAction\":[{\"@type\":\"SearchAction\",\"target\":{\"@type\":\"EntryPoint\",\"urlTemplate\":\"https:\/\/cleitonpinheiro.com.br\/site\/?s={search_term_string}\"},\"query-input\":{\"@type\":\"PropertyValueSpecification\",\"valueRequired\":true,\"valueName\":\"search_term_string\"}}],\"inLanguage\":\"pt-BR\"},{\"@type\":\"Organization\",\"@id\":\"https:\/\/cleitonpinheiro.com.br\/site\/#organization\",\"name\":\"CPNOT\u00cdCIAS\",\"url\":\"https:\/\/cleitonpinheiro.com.br\/site\/\",\"logo\":{\"@type\":\"ImageObject\",\"inLanguage\":\"pt-BR\",\"@id\":\"https:\/\/cleitonpinheiro.com.br\/site\/#\/schema\/logo\/image\/\",\"url\":\"https:\/\/cleitonpinheiro.com.br\/site\/wp-content\/uploads\/2022\/08\/Logo-pequena-2.png\",\"contentUrl\":\"https:\/\/cleitonpinheiro.com.br\/site\/wp-content\/uploads\/2022\/08\/Logo-pequena-2.png\",\"width\":500,\"height\":500,\"caption\":\"CPNOT\u00cdCIAS\"},\"image\":{\"@id\":\"https:\/\/cleitonpinheiro.com.br\/site\/#\/schema\/logo\/image\/\"},\"sameAs\":[\"https:\/\/www.facebook.com\/portalcpnoticias\/\"]},{\"@type\":\"Person\",\"@id\":\"https:\/\/cleitonpinheiro.com.br\/site\/#\/schema\/person\/8f04544e0bc40a1b68775b08360f87db\",\"name\":\"Reda\u00e7\u00e3o CP\",\"image\":{\"@type\":\"ImageObject\",\"inLanguage\":\"pt-BR\",\"@id\":\"https:\/\/cleitonpinheiro.com.br\/site\/#\/schema\/person\/image\/\",\"url\":\"https:\/\/secure.gravatar.com\/avatar\/0bcf19cb29fdc8fc588c490c7ae1b3e174dac268586a63fbe1d1893a0f9020cd?s=96&r=g\",\"contentUrl\":\"https:\/\/secure.gravatar.com\/avatar\/0bcf19cb29fdc8fc588c490c7ae1b3e174dac268586a63fbe1d1893a0f9020cd?s=96&r=g\",\"caption\":\"Reda\u00e7\u00e3o CP\"},\"url\":\"https:\/\/cleitonpinheiro.com.br\/site\/author\/redacao\/\"}]}<\/script>\n<!-- \/ Yoast SEO plugin. -->","yoast_head_json":{"title":"Organiza\u00e7\u00f5es sociais denunciam Governo do Tocantins ao MPF e exigem suspens\u00e3o de programa de cr\u00e9dito de carbono - PORTAL DE NOT\u00cdCIAS CLEITON PINHEIRO","robots":{"index":"index","follow":"follow","max-snippet":"max-snippet:-1","max-image-preview":"max-image-preview:large","max-video-preview":"max-video-preview:-1"},"canonical":"https:\/\/cleitonpinheiro.com.br\/site\/organizacoes-sociais-denunciam-governo-do-tocantins-ao-mpf-e-exigem-suspensao-de-programa-de-credito-de-carbono\/","og_locale":"pt_BR","og_type":"article","og_title":"Organiza\u00e7\u00f5es sociais denunciam Governo do Tocantins ao MPF e exigem suspens\u00e3o de programa de cr\u00e9dito de carbono - PORTAL DE NOT\u00cdCIAS CLEITON PINHEIRO","og_description":"A Articula\u00e7\u00e3o Tocantinense de Agroecologia (ATA) e outras entidades de direitos humanos denunciaram o Programa de REDD+ Jurisdicional do Governo do Tocantins ao Minist\u00e9rio P\u00fablico Federal (MPF). A acusa\u00e7\u00e3o principal \u00e9 a viola\u00e7\u00e3o do direito \u00e0 Consulta Livre, Pr\u00e9via e Informada de comunidades quilombolas, tradicionais e quebradeiras de coco baba\u00e7u. Segundo a den\u00fancia, o governo [&hellip;]","og_url":"https:\/\/cleitonpinheiro.com.br\/site\/organizacoes-sociais-denunciam-governo-do-tocantins-ao-mpf-e-exigem-suspensao-de-programa-de-credito-de-carbono\/","og_site_name":"PORTAL DE NOT\u00cdCIAS CLEITON PINHEIRO","article_publisher":"https:\/\/www.facebook.com\/portalcpnoticias\/","article_published_time":"2025-07-09T17:41:14+00:00","article_modified_time":"2025-07-09T17:41:19+00:00","og_image":[{"width":1600,"height":1200,"url":"https:\/\/cleitonpinheiro.com.br\/site\/wp-content\/uploads\/2025\/07\/WhatsApp-Image-2025-07-07-at-16.06.22.jpeg","type":"image\/jpeg"}],"author":"Reda\u00e7\u00e3o CP","twitter_card":"summary_large_image","twitter_misc":{"Escrito por":"Reda\u00e7\u00e3o CP","Est. tempo de leitura":"2 minutos"},"schema":{"@context":"https:\/\/schema.org","@graph":[{"@type":"Article","@id":"https:\/\/cleitonpinheiro.com.br\/site\/organizacoes-sociais-denunciam-governo-do-tocantins-ao-mpf-e-exigem-suspensao-de-programa-de-credito-de-carbono\/#article","isPartOf":{"@id":"https:\/\/cleitonpinheiro.com.br\/site\/organizacoes-sociais-denunciam-governo-do-tocantins-ao-mpf-e-exigem-suspensao-de-programa-de-credito-de-carbono\/"},"author":{"name":"Reda\u00e7\u00e3o CP","@id":"https:\/\/cleitonpinheiro.com.br\/site\/#\/schema\/person\/8f04544e0bc40a1b68775b08360f87db"},"headline":"Organiza\u00e7\u00f5es sociais denunciam Governo do Tocantins ao MPF e exigem suspens\u00e3o de programa de cr\u00e9dito de carbono","datePublished":"2025-07-09T17:41:14+00:00","dateModified":"2025-07-09T17:41:19+00:00","mainEntityOfPage":{"@id":"https:\/\/cleitonpinheiro.com.br\/site\/organizacoes-sociais-denunciam-governo-do-tocantins-ao-mpf-e-exigem-suspensao-de-programa-de-credito-de-carbono\/"},"wordCount":355,"commentCount":0,"publisher":{"@id":"https:\/\/cleitonpinheiro.com.br\/site\/#organization"},"image":{"@id":"https:\/\/cleitonpinheiro.com.br\/site\/organizacoes-sociais-denunciam-governo-do-tocantins-ao-mpf-e-exigem-suspensao-de-programa-de-credito-de-carbono\/#primaryimage"},"thumbnailUrl":"https:\/\/cleitonpinheiro.com.br\/site\/wp-content\/uploads\/2025\/07\/WhatsApp-Image-2025-07-07-at-16.06.22.jpeg","articleSection":["ESTADO","MANCHETE SEGUND\u00c1RIA","TODAS NOTICIAS"],"inLanguage":"pt-BR","potentialAction":[{"@type":"CommentAction","name":"Comment","target":["https:\/\/cleitonpinheiro.com.br\/site\/organizacoes-sociais-denunciam-governo-do-tocantins-ao-mpf-e-exigem-suspensao-de-programa-de-credito-de-carbono\/#respond"]}]},{"@type":"WebPage","@id":"https:\/\/cleitonpinheiro.com.br\/site\/organizacoes-sociais-denunciam-governo-do-tocantins-ao-mpf-e-exigem-suspensao-de-programa-de-credito-de-carbono\/","url":"https:\/\/cleitonpinheiro.com.br\/site\/organizacoes-sociais-denunciam-governo-do-tocantins-ao-mpf-e-exigem-suspensao-de-programa-de-credito-de-carbono\/","name":"Organiza\u00e7\u00f5es sociais denunciam Governo do Tocantins ao MPF e exigem suspens\u00e3o de programa de cr\u00e9dito de carbono - PORTAL DE NOT\u00cdCIAS CLEITON PINHEIRO","isPartOf":{"@id":"https:\/\/cleitonpinheiro.com.br\/site\/#website"},"primaryImageOfPage":{"@id":"https:\/\/cleitonpinheiro.com.br\/site\/organizacoes-sociais-denunciam-governo-do-tocantins-ao-mpf-e-exigem-suspensao-de-programa-de-credito-de-carbono\/#primaryimage"},"image":{"@id":"https:\/\/cleitonpinheiro.com.br\/site\/organizacoes-sociais-denunciam-governo-do-tocantins-ao-mpf-e-exigem-suspensao-de-programa-de-credito-de-carbono\/#primaryimage"},"thumbnailUrl":"https:\/\/cleitonpinheiro.com.br\/site\/wp-content\/uploads\/2025\/07\/WhatsApp-Image-2025-07-07-at-16.06.22.jpeg","datePublished":"2025-07-09T17:41:14+00:00","dateModified":"2025-07-09T17:41:19+00:00","breadcrumb":{"@id":"https:\/\/cleitonpinheiro.com.br\/site\/organizacoes-sociais-denunciam-governo-do-tocantins-ao-mpf-e-exigem-suspensao-de-programa-de-credito-de-carbono\/#breadcrumb"},"inLanguage":"pt-BR","potentialAction":[{"@type":"ReadAction","target":["https:\/\/cleitonpinheiro.com.br\/site\/organizacoes-sociais-denunciam-governo-do-tocantins-ao-mpf-e-exigem-suspensao-de-programa-de-credito-de-carbono\/"]}]},{"@type":"ImageObject","inLanguage":"pt-BR","@id":"https:\/\/cleitonpinheiro.com.br\/site\/organizacoes-sociais-denunciam-governo-do-tocantins-ao-mpf-e-exigem-suspensao-de-programa-de-credito-de-carbono\/#primaryimage","url":"https:\/\/cleitonpinheiro.com.br\/site\/wp-content\/uploads\/2025\/07\/WhatsApp-Image-2025-07-07-at-16.06.22.jpeg","contentUrl":"https:\/\/cleitonpinheiro.com.br\/site\/wp-content\/uploads\/2025\/07\/WhatsApp-Image-2025-07-07-at-16.06.22.jpeg","width":1600,"height":1200},{"@type":"BreadcrumbList","@id":"https:\/\/cleitonpinheiro.com.br\/site\/organizacoes-sociais-denunciam-governo-do-tocantins-ao-mpf-e-exigem-suspensao-de-programa-de-credito-de-carbono\/#breadcrumb","itemListElement":[{"@type":"ListItem","position":1,"name":"In\u00edcio","item":"https:\/\/cleitonpinheiro.com.br\/site\/"},{"@type":"ListItem","position":2,"name":"Organiza\u00e7\u00f5es sociais denunciam Governo do Tocantins ao MPF e exigem suspens\u00e3o de programa de cr\u00e9dito de carbono"}]},{"@type":"WebSite","@id":"https:\/\/cleitonpinheiro.com.br\/site\/#website","url":"https:\/\/cleitonpinheiro.com.br\/site\/","name":"PORTAL DE NOT\u00cdCIAS CLEITON PINHEIRO","description":"FALANDO A VERDADE","publisher":{"@id":"https:\/\/cleitonpinheiro.com.br\/site\/#organization"},"potentialAction":[{"@type":"SearchAction","target":{"@type":"EntryPoint","urlTemplate":"https:\/\/cleitonpinheiro.com.br\/site\/?s={search_term_string}"},"query-input":{"@type":"PropertyValueSpecification","valueRequired":true,"valueName":"search_term_string"}}],"inLanguage":"pt-BR"},{"@type":"Organization","@id":"https:\/\/cleitonpinheiro.com.br\/site\/#organization","name":"CPNOT\u00cdCIAS","url":"https:\/\/cleitonpinheiro.com.br\/site\/","logo":{"@type":"ImageObject","inLanguage":"pt-BR","@id":"https:\/\/cleitonpinheiro.com.br\/site\/#\/schema\/logo\/image\/","url":"https:\/\/cleitonpinheiro.com.br\/site\/wp-content\/uploads\/2022\/08\/Logo-pequena-2.png","contentUrl":"https:\/\/cleitonpinheiro.com.br\/site\/wp-content\/uploads\/2022\/08\/Logo-pequena-2.png","width":500,"height":500,"caption":"CPNOT\u00cdCIAS"},"image":{"@id":"https:\/\/cleitonpinheiro.com.br\/site\/#\/schema\/logo\/image\/"},"sameAs":["https:\/\/www.facebook.com\/portalcpnoticias\/"]},{"@type":"Person","@id":"https:\/\/cleitonpinheiro.com.br\/site\/#\/schema\/person\/8f04544e0bc40a1b68775b08360f87db","name":"Reda\u00e7\u00e3o CP","image":{"@type":"ImageObject","inLanguage":"pt-BR","@id":"https:\/\/cleitonpinheiro.com.br\/site\/#\/schema\/person\/image\/","url":"https:\/\/secure.gravatar.com\/avatar\/0bcf19cb29fdc8fc588c490c7ae1b3e174dac268586a63fbe1d1893a0f9020cd?s=96&r=g","contentUrl":"https:\/\/secure.gravatar.com\/avatar\/0bcf19cb29fdc8fc588c490c7ae1b3e174dac268586a63fbe1d1893a0f9020cd?s=96&r=g","caption":"Reda\u00e7\u00e3o CP"},"url":"https:\/\/cleitonpinheiro.com.br\/site\/author\/redacao\/"}]}},"views":113,"_links":{"self":[{"href":"https:\/\/cleitonpinheiro.com.br\/site\/wp-json\/wp\/v2\/posts\/86222","targetHints":{"allow":["GET"]}}],"collection":[{"href":"https:\/\/cleitonpinheiro.com.br\/site\/wp-json\/wp\/v2\/posts"}],"about":[{"href":"https:\/\/cleitonpinheiro.com.br\/site\/wp-json\/wp\/v2\/types\/post"}],"author":[{"embeddable":true,"href":"https:\/\/cleitonpinheiro.com.br\/site\/wp-json\/wp\/v2\/users\/13"}],"replies":[{"embeddable":true,"href":"https:\/\/cleitonpinheiro.com.br\/site\/wp-json\/wp\/v2\/comments?post=86222"}],"version-history":[{"count":1,"href":"https:\/\/cleitonpinheiro.com.br\/site\/wp-json\/wp\/v2\/posts\/86222\/revisions"}],"predecessor-version":[{"id":86224,"href":"https:\/\/cleitonpinheiro.com.br\/site\/wp-json\/wp\/v2\/posts\/86222\/revisions\/86224"}],"wp:featuredmedia":[{"embeddable":true,"href":"https:\/\/cleitonpinheiro.com.br\/site\/wp-json\/wp\/v2\/media\/86223"}],"wp:attachment":[{"href":"https:\/\/cleitonpinheiro.com.br\/site\/wp-json\/wp\/v2\/media?parent=86222"}],"wp:term":[{"taxonomy":"category","embeddable":true,"href":"https:\/\/cleitonpinheiro.com.br\/site\/wp-json\/wp\/v2\/categories?post=86222"},{"taxonomy":"post_tag","embeddable":true,"href":"https:\/\/cleitonpinheiro.com.br\/site\/wp-json\/wp\/v2\/tags?post=86222"}],"curies":[{"name":"wp","href":"https:\/\/api.w.org\/{rel}","templated":true}]}}