{"id":86230,"date":"2025-07-09T15:26:33","date_gmt":"2025-07-09T18:26:33","guid":{"rendered":"https:\/\/cleitonpinheiro.com.br\/site\/?p=86230"},"modified":"2025-07-09T15:26:37","modified_gmt":"2025-07-09T18:26:37","slug":"palmas-registra-reducao-de-80-nos-casos-confirmados-de-dengue","status":"publish","type":"post","link":"https:\/\/cleitonpinheiro.com.br\/site\/palmas-registra-reducao-de-80-nos-casos-confirmados-de-dengue\/","title":{"rendered":"Palmas registra redu\u00e7\u00e3o de 80% nos casos confirmados de dengue"},"content":{"rendered":"\n<figure class=\"wp-block-image size-full\"><img fetchpriority=\"high\" decoding=\"async\" width=\"768\" height=\"354\" src=\"https:\/\/cleitonpinheiro.com.br\/site\/wp-content\/uploads\/2024\/03\/c33978c6-fa2a-4c83-ac83-80ae06347da9.png\" alt=\"dengue\" class=\"wp-image-76605\" srcset=\"https:\/\/cleitonpinheiro.com.br\/site\/wp-content\/uploads\/2024\/03\/c33978c6-fa2a-4c83-ac83-80ae06347da9.png 768w, https:\/\/cleitonpinheiro.com.br\/site\/wp-content\/uploads\/2024\/03\/c33978c6-fa2a-4c83-ac83-80ae06347da9-300x138.png 300w\" sizes=\"(max-width: 768px) 100vw, 768px\" \/><figcaption class=\"wp-element-caption\">Foto: Minist\u00e9iro da Sa\u00fade<\/figcaption><\/figure>\n\n\n\n<p>Desde janeiro de 2025, a Prefeitura de Palmas, por meio da Secretaria Municipal de Sa\u00fade (Semus), reformulou as a\u00e7\u00f5es de combate \u00e0s arboviroses urbanas, principalmente dengue, zika e chikungunya, doen\u00e7as transmitidas pelo&nbsp;<em>Aedes aegypti<\/em>. Essas a\u00e7\u00f5es contribu\u00edram para a redu\u00e7\u00e3o de casos confirmados da doen\u00e7a em 79,5% no primeiro semestre deste ano, comparado com o mesmo per\u00edodo de 2024. De 1\u00ba de janeiro a 30 de junho de 2025 foram registrados 82 casos e no ano anterior, 400.<\/p>\n\n\n\n<p>Em rela\u00e7\u00e3o \u00e0 zika, dois casos foram confirmados em 2024 e nenhum em 2025. Sobre a chikungunya, ocorreu um aumento at\u00edpico de casos, que elevaram os dados gerais da Capital, em 2025, com 191 registrados confirmados e 40 em 2024.<\/p>\n\n\n\n<p>O principal objetivo da Semus \u00e9 reduzir os \u00edndices de infesta\u00e7\u00e3o do&nbsp;<em>Aedes aegypti<\/em>. Uma das a\u00e7\u00f5es permanentes \u00e9 a vistoria domiciliar em regi\u00f5es com maior ocorr\u00eancia do mosquito. Para isso, de janeiro a junho de 2025, foram inspecionados 209.794 im\u00f3veis em toda a cidade.<\/p>\n\n\n\n<p>Al\u00e9m disso, a Semus intensificou a instala\u00e7\u00e3o de armadilhas chamadas ovitrampas, promoveu mutir\u00f5es de limpeza, realiza o monitoramento semanal das arboviroses, executa o Levantamento R\u00e1pido de \u00cdndices para Aedes aegypti (LIRAa) para mapear \u00e1reas cr\u00edticas, al\u00e9m de manter campanhas educativas e de conscientiza\u00e7\u00e3o na imprensa e nas redes sociais.<\/p>\n\n\n\n<p>Outras medidas incluem aplica\u00e7\u00e3o de fumac\u00ea, pulveriza\u00e7\u00e3o com bomba costal e uso de larvicidas. O Levantamento de \u00cdndice (LI) na rotina de visitas domiciliares tamb\u00e9m auxilia na identifica\u00e7\u00e3o de \u00e1reas de risco e na defini\u00e7\u00e3o de prioridades de interven\u00e7\u00e3o.<\/p>\n\n\n\n<p><strong>Parceria<\/strong><\/p>\n\n\n\n<p>Palmas conta ainda com o Comit\u00ea Intersetorial de Controle da Dengue, Chikungunya e Zika, que re\u00fane representantes de diferentes \u00f3rg\u00e3os e institui\u00e7\u00f5es. O comit\u00ea atua no monitoramento do cen\u00e1rio epidemiol\u00f3gico e entomol\u00f3gico das arboviroses, permitindo planejar e executar a\u00e7\u00f5es estrat\u00e9gicas de combate ao vetor de forma mais precisa e eficaz.<\/p>\n\n\n\n<p>Texto: Fernanda Mendon\u00e7a\/Prefeitura de Palmas<\/p>\n\n\n\n<p><\/p>\n","protected":false},"excerpt":{"rendered":"<p>Desde janeiro de 2025, a Prefeitura de Palmas, por meio da Secretaria Municipal de Sa\u00fade (Semus), reformulou as a\u00e7\u00f5es de combate \u00e0s arboviroses urbanas, principalmente dengue, zika e chikungunya, doen\u00e7as transmitidas pelo&nbsp;Aedes aegypti. Essas a\u00e7\u00f5es contribu\u00edram para a redu\u00e7\u00e3o de casos confirmados da doen\u00e7a em 79,5% no primeiro semestre deste ano, comparado com o mesmo [&hellip;]<\/p>\n","protected":false},"author":13,"featured_media":76605,"comment_status":"open","ping_status":"open","sticky":false,"template":"","format":"standard","meta":{"_acf_changed":false,"footnotes":""},"categories":[22,898,21],"tags":[],"class_list":["post-86230","post","type-post","status-publish","format-standard","has-post-thumbnail","hentry","category-cidades","category-manchete-segundaria","category-todas-noticias"],"acf":[],"yoast_head":"<!-- This site is optimized with the Yoast SEO plugin v24.4 - https:\/\/yoast.com\/wordpress\/plugins\/seo\/ -->\n<title>Palmas registra redu\u00e7\u00e3o de 80% nos casos confirmados de dengue - PORTAL DE NOT\u00cdCIAS CLEITON PINHEIRO<\/title>\n<meta name=\"robots\" content=\"index, follow, max-snippet:-1, max-image-preview:large, max-video-preview:-1\" \/>\n<link rel=\"canonical\" href=\"https:\/\/cleitonpinheiro.com.br\/site\/palmas-registra-reducao-de-80-nos-casos-confirmados-de-dengue\/\" \/>\n<meta property=\"og:locale\" content=\"pt_BR\" \/>\n<meta property=\"og:type\" content=\"article\" \/>\n<meta property=\"og:title\" content=\"Palmas registra redu\u00e7\u00e3o de 80% nos casos confirmados de dengue - PORTAL DE NOT\u00cdCIAS CLEITON PINHEIRO\" \/>\n<meta property=\"og:description\" content=\"Desde janeiro de 2025, a Prefeitura de Palmas, por meio da Secretaria Municipal de Sa\u00fade (Semus), reformulou as a\u00e7\u00f5es de combate \u00e0s arboviroses urbanas, principalmente dengue, zika e chikungunya, doen\u00e7as transmitidas pelo&nbsp;Aedes aegypti. Essas a\u00e7\u00f5es contribu\u00edram para a redu\u00e7\u00e3o de casos confirmados da doen\u00e7a em 79,5% no primeiro semestre deste ano, comparado com o mesmo [&hellip;]\" \/>\n<meta property=\"og:url\" content=\"https:\/\/cleitonpinheiro.com.br\/site\/palmas-registra-reducao-de-80-nos-casos-confirmados-de-dengue\/\" \/>\n<meta property=\"og:site_name\" content=\"PORTAL DE NOT\u00cdCIAS CLEITON PINHEIRO\" \/>\n<meta property=\"article:publisher\" content=\"https:\/\/www.facebook.com\/portalcpnoticias\/\" \/>\n<meta property=\"article:published_time\" content=\"2025-07-09T18:26:33+00:00\" \/>\n<meta property=\"article:modified_time\" content=\"2025-07-09T18:26:37+00:00\" \/>\n<meta property=\"og:image\" content=\"https:\/\/cleitonpinheiro.com.br\/site\/wp-content\/uploads\/2024\/03\/c33978c6-fa2a-4c83-ac83-80ae06347da9.png\" \/>\n\t<meta property=\"og:image:width\" content=\"768\" \/>\n\t<meta property=\"og:image:height\" content=\"354\" \/>\n\t<meta property=\"og:image:type\" content=\"image\/png\" \/>\n<meta name=\"author\" content=\"Reda\u00e7\u00e3o CP\" \/>\n<meta name=\"twitter:card\" content=\"summary_large_image\" \/>\n<meta name=\"twitter:label1\" content=\"Escrito por\" \/>\n\t<meta name=\"twitter:data1\" content=\"Reda\u00e7\u00e3o CP\" \/>\n\t<meta name=\"twitter:label2\" content=\"Est. tempo de leitura\" \/>\n\t<meta name=\"twitter:data2\" content=\"3 minutos\" \/>\n<script type=\"application\/ld+json\" class=\"yoast-schema-graph\">{\"@context\":\"https:\/\/schema.org\",\"@graph\":[{\"@type\":\"Article\",\"@id\":\"https:\/\/cleitonpinheiro.com.br\/site\/palmas-registra-reducao-de-80-nos-casos-confirmados-de-dengue\/#article\",\"isPartOf\":{\"@id\":\"https:\/\/cleitonpinheiro.com.br\/site\/palmas-registra-reducao-de-80-nos-casos-confirmados-de-dengue\/\"},\"author\":{\"name\":\"Reda\u00e7\u00e3o CP\",\"@id\":\"https:\/\/cleitonpinheiro.com.br\/site\/#\/schema\/person\/8f04544e0bc40a1b68775b08360f87db\"},\"headline\":\"Palmas registra redu\u00e7\u00e3o de 80% nos casos confirmados de dengue\",\"datePublished\":\"2025-07-09T18:26:33+00:00\",\"dateModified\":\"2025-07-09T18:26:37+00:00\",\"mainEntityOfPage\":{\"@id\":\"https:\/\/cleitonpinheiro.com.br\/site\/palmas-registra-reducao-de-80-nos-casos-confirmados-de-dengue\/\"},\"wordCount\":344,\"commentCount\":0,\"publisher\":{\"@id\":\"https:\/\/cleitonpinheiro.com.br\/site\/#organization\"},\"image\":{\"@id\":\"https:\/\/cleitonpinheiro.com.br\/site\/palmas-registra-reducao-de-80-nos-casos-confirmados-de-dengue\/#primaryimage\"},\"thumbnailUrl\":\"https:\/\/cleitonpinheiro.com.br\/site\/wp-content\/uploads\/2024\/03\/c33978c6-fa2a-4c83-ac83-80ae06347da9.png\",\"articleSection\":[\"CIDADES\",\"MANCHETE SEGUND\u00c1RIA\",\"TODAS NOTICIAS\"],\"inLanguage\":\"pt-BR\",\"potentialAction\":[{\"@type\":\"CommentAction\",\"name\":\"Comment\",\"target\":[\"https:\/\/cleitonpinheiro.com.br\/site\/palmas-registra-reducao-de-80-nos-casos-confirmados-de-dengue\/#respond\"]}]},{\"@type\":\"WebPage\",\"@id\":\"https:\/\/cleitonpinheiro.com.br\/site\/palmas-registra-reducao-de-80-nos-casos-confirmados-de-dengue\/\",\"url\":\"https:\/\/cleitonpinheiro.com.br\/site\/palmas-registra-reducao-de-80-nos-casos-confirmados-de-dengue\/\",\"name\":\"Palmas registra redu\u00e7\u00e3o de 80% nos casos confirmados de dengue - PORTAL DE NOT\u00cdCIAS CLEITON PINHEIRO\",\"isPartOf\":{\"@id\":\"https:\/\/cleitonpinheiro.com.br\/site\/#website\"},\"primaryImageOfPage\":{\"@id\":\"https:\/\/cleitonpinheiro.com.br\/site\/palmas-registra-reducao-de-80-nos-casos-confirmados-de-dengue\/#primaryimage\"},\"image\":{\"@id\":\"https:\/\/cleitonpinheiro.com.br\/site\/palmas-registra-reducao-de-80-nos-casos-confirmados-de-dengue\/#primaryimage\"},\"thumbnailUrl\":\"https:\/\/cleitonpinheiro.com.br\/site\/wp-content\/uploads\/2024\/03\/c33978c6-fa2a-4c83-ac83-80ae06347da9.png\",\"datePublished\":\"2025-07-09T18:26:33+00:00\",\"dateModified\":\"2025-07-09T18:26:37+00:00\",\"breadcrumb\":{\"@id\":\"https:\/\/cleitonpinheiro.com.br\/site\/palmas-registra-reducao-de-80-nos-casos-confirmados-de-dengue\/#breadcrumb\"},\"inLanguage\":\"pt-BR\",\"potentialAction\":[{\"@type\":\"ReadAction\",\"target\":[\"https:\/\/cleitonpinheiro.com.br\/site\/palmas-registra-reducao-de-80-nos-casos-confirmados-de-dengue\/\"]}]},{\"@type\":\"ImageObject\",\"inLanguage\":\"pt-BR\",\"@id\":\"https:\/\/cleitonpinheiro.com.br\/site\/palmas-registra-reducao-de-80-nos-casos-confirmados-de-dengue\/#primaryimage\",\"url\":\"https:\/\/cleitonpinheiro.com.br\/site\/wp-content\/uploads\/2024\/03\/c33978c6-fa2a-4c83-ac83-80ae06347da9.png\",\"contentUrl\":\"https:\/\/cleitonpinheiro.com.br\/site\/wp-content\/uploads\/2024\/03\/c33978c6-fa2a-4c83-ac83-80ae06347da9.png\",\"width\":768,\"height\":354,\"caption\":\"Foto: Minist\u00e9iro da Sa\u00fade\"},{\"@type\":\"BreadcrumbList\",\"@id\":\"https:\/\/cleitonpinheiro.com.br\/site\/palmas-registra-reducao-de-80-nos-casos-confirmados-de-dengue\/#breadcrumb\",\"itemListElement\":[{\"@type\":\"ListItem\",\"position\":1,\"name\":\"In\u00edcio\",\"item\":\"https:\/\/cleitonpinheiro.com.br\/site\/\"},{\"@type\":\"ListItem\",\"position\":2,\"name\":\"Palmas registra redu\u00e7\u00e3o de 80% nos casos confirmados de dengue\"}]},{\"@type\":\"WebSite\",\"@id\":\"https:\/\/cleitonpinheiro.com.br\/site\/#website\",\"url\":\"https:\/\/cleitonpinheiro.com.br\/site\/\",\"name\":\"PORTAL DE NOT\u00cdCIAS CLEITON PINHEIRO\",\"description\":\"FALANDO A VERDADE\",\"publisher\":{\"@id\":\"https:\/\/cleitonpinheiro.com.br\/site\/#organization\"},\"potentialAction\":[{\"@type\":\"SearchAction\",\"target\":{\"@type\":\"EntryPoint\",\"urlTemplate\":\"https:\/\/cleitonpinheiro.com.br\/site\/?s={search_term_string}\"},\"query-input\":{\"@type\":\"PropertyValueSpecification\",\"valueRequired\":true,\"valueName\":\"search_term_string\"}}],\"inLanguage\":\"pt-BR\"},{\"@type\":\"Organization\",\"@id\":\"https:\/\/cleitonpinheiro.com.br\/site\/#organization\",\"name\":\"CPNOT\u00cdCIAS\",\"url\":\"https:\/\/cleitonpinheiro.com.br\/site\/\",\"logo\":{\"@type\":\"ImageObject\",\"inLanguage\":\"pt-BR\",\"@id\":\"https:\/\/cleitonpinheiro.com.br\/site\/#\/schema\/logo\/image\/\",\"url\":\"https:\/\/cleitonpinheiro.com.br\/site\/wp-content\/uploads\/2022\/08\/Logo-pequena-2.png\",\"contentUrl\":\"https:\/\/cleitonpinheiro.com.br\/site\/wp-content\/uploads\/2022\/08\/Logo-pequena-2.png\",\"width\":500,\"height\":500,\"caption\":\"CPNOT\u00cdCIAS\"},\"image\":{\"@id\":\"https:\/\/cleitonpinheiro.com.br\/site\/#\/schema\/logo\/image\/\"},\"sameAs\":[\"https:\/\/www.facebook.com\/portalcpnoticias\/\"]},{\"@type\":\"Person\",\"@id\":\"https:\/\/cleitonpinheiro.com.br\/site\/#\/schema\/person\/8f04544e0bc40a1b68775b08360f87db\",\"name\":\"Reda\u00e7\u00e3o CP\",\"image\":{\"@type\":\"ImageObject\",\"inLanguage\":\"pt-BR\",\"@id\":\"https:\/\/cleitonpinheiro.com.br\/site\/#\/schema\/person\/image\/\",\"url\":\"https:\/\/secure.gravatar.com\/avatar\/0bcf19cb29fdc8fc588c490c7ae1b3e174dac268586a63fbe1d1893a0f9020cd?s=96&r=g\",\"contentUrl\":\"https:\/\/secure.gravatar.com\/avatar\/0bcf19cb29fdc8fc588c490c7ae1b3e174dac268586a63fbe1d1893a0f9020cd?s=96&r=g\",\"caption\":\"Reda\u00e7\u00e3o CP\"},\"url\":\"https:\/\/cleitonpinheiro.com.br\/site\/author\/redacao\/\"}]}<\/script>\n<!-- \/ Yoast SEO plugin. -->","yoast_head_json":{"title":"Palmas registra redu\u00e7\u00e3o de 80% nos casos confirmados de dengue - PORTAL DE NOT\u00cdCIAS CLEITON PINHEIRO","robots":{"index":"index","follow":"follow","max-snippet":"max-snippet:-1","max-image-preview":"max-image-preview:large","max-video-preview":"max-video-preview:-1"},"canonical":"https:\/\/cleitonpinheiro.com.br\/site\/palmas-registra-reducao-de-80-nos-casos-confirmados-de-dengue\/","og_locale":"pt_BR","og_type":"article","og_title":"Palmas registra redu\u00e7\u00e3o de 80% nos casos confirmados de dengue - PORTAL DE NOT\u00cdCIAS CLEITON PINHEIRO","og_description":"Desde janeiro de 2025, a Prefeitura de Palmas, por meio da Secretaria Municipal de Sa\u00fade (Semus), reformulou as a\u00e7\u00f5es de combate \u00e0s arboviroses urbanas, principalmente dengue, zika e chikungunya, doen\u00e7as transmitidas pelo&nbsp;Aedes aegypti. Essas a\u00e7\u00f5es contribu\u00edram para a redu\u00e7\u00e3o de casos confirmados da doen\u00e7a em 79,5% no primeiro semestre deste ano, comparado com o mesmo [&hellip;]","og_url":"https:\/\/cleitonpinheiro.com.br\/site\/palmas-registra-reducao-de-80-nos-casos-confirmados-de-dengue\/","og_site_name":"PORTAL DE NOT\u00cdCIAS CLEITON PINHEIRO","article_publisher":"https:\/\/www.facebook.com\/portalcpnoticias\/","article_published_time":"2025-07-09T18:26:33+00:00","article_modified_time":"2025-07-09T18:26:37+00:00","og_image":[{"width":768,"height":354,"url":"https:\/\/cleitonpinheiro.com.br\/site\/wp-content\/uploads\/2024\/03\/c33978c6-fa2a-4c83-ac83-80ae06347da9.png","type":"image\/png"}],"author":"Reda\u00e7\u00e3o CP","twitter_card":"summary_large_image","twitter_misc":{"Escrito por":"Reda\u00e7\u00e3o CP","Est. tempo de leitura":"3 minutos"},"schema":{"@context":"https:\/\/schema.org","@graph":[{"@type":"Article","@id":"https:\/\/cleitonpinheiro.com.br\/site\/palmas-registra-reducao-de-80-nos-casos-confirmados-de-dengue\/#article","isPartOf":{"@id":"https:\/\/cleitonpinheiro.com.br\/site\/palmas-registra-reducao-de-80-nos-casos-confirmados-de-dengue\/"},"author":{"name":"Reda\u00e7\u00e3o CP","@id":"https:\/\/cleitonpinheiro.com.br\/site\/#\/schema\/person\/8f04544e0bc40a1b68775b08360f87db"},"headline":"Palmas registra redu\u00e7\u00e3o de 80% nos casos confirmados de dengue","datePublished":"2025-07-09T18:26:33+00:00","dateModified":"2025-07-09T18:26:37+00:00","mainEntityOfPage":{"@id":"https:\/\/cleitonpinheiro.com.br\/site\/palmas-registra-reducao-de-80-nos-casos-confirmados-de-dengue\/"},"wordCount":344,"commentCount":0,"publisher":{"@id":"https:\/\/cleitonpinheiro.com.br\/site\/#organization"},"image":{"@id":"https:\/\/cleitonpinheiro.com.br\/site\/palmas-registra-reducao-de-80-nos-casos-confirmados-de-dengue\/#primaryimage"},"thumbnailUrl":"https:\/\/cleitonpinheiro.com.br\/site\/wp-content\/uploads\/2024\/03\/c33978c6-fa2a-4c83-ac83-80ae06347da9.png","articleSection":["CIDADES","MANCHETE SEGUND\u00c1RIA","TODAS NOTICIAS"],"inLanguage":"pt-BR","potentialAction":[{"@type":"CommentAction","name":"Comment","target":["https:\/\/cleitonpinheiro.com.br\/site\/palmas-registra-reducao-de-80-nos-casos-confirmados-de-dengue\/#respond"]}]},{"@type":"WebPage","@id":"https:\/\/cleitonpinheiro.com.br\/site\/palmas-registra-reducao-de-80-nos-casos-confirmados-de-dengue\/","url":"https:\/\/cleitonpinheiro.com.br\/site\/palmas-registra-reducao-de-80-nos-casos-confirmados-de-dengue\/","name":"Palmas registra redu\u00e7\u00e3o de 80% nos casos confirmados de dengue - PORTAL DE NOT\u00cdCIAS CLEITON PINHEIRO","isPartOf":{"@id":"https:\/\/cleitonpinheiro.com.br\/site\/#website"},"primaryImageOfPage":{"@id":"https:\/\/cleitonpinheiro.com.br\/site\/palmas-registra-reducao-de-80-nos-casos-confirmados-de-dengue\/#primaryimage"},"image":{"@id":"https:\/\/cleitonpinheiro.com.br\/site\/palmas-registra-reducao-de-80-nos-casos-confirmados-de-dengue\/#primaryimage"},"thumbnailUrl":"https:\/\/cleitonpinheiro.com.br\/site\/wp-content\/uploads\/2024\/03\/c33978c6-fa2a-4c83-ac83-80ae06347da9.png","datePublished":"2025-07-09T18:26:33+00:00","dateModified":"2025-07-09T18:26:37+00:00","breadcrumb":{"@id":"https:\/\/cleitonpinheiro.com.br\/site\/palmas-registra-reducao-de-80-nos-casos-confirmados-de-dengue\/#breadcrumb"},"inLanguage":"pt-BR","potentialAction":[{"@type":"ReadAction","target":["https:\/\/cleitonpinheiro.com.br\/site\/palmas-registra-reducao-de-80-nos-casos-confirmados-de-dengue\/"]}]},{"@type":"ImageObject","inLanguage":"pt-BR","@id":"https:\/\/cleitonpinheiro.com.br\/site\/palmas-registra-reducao-de-80-nos-casos-confirmados-de-dengue\/#primaryimage","url":"https:\/\/cleitonpinheiro.com.br\/site\/wp-content\/uploads\/2024\/03\/c33978c6-fa2a-4c83-ac83-80ae06347da9.png","contentUrl":"https:\/\/cleitonpinheiro.com.br\/site\/wp-content\/uploads\/2024\/03\/c33978c6-fa2a-4c83-ac83-80ae06347da9.png","width":768,"height":354,"caption":"Foto: Minist\u00e9iro da Sa\u00fade"},{"@type":"BreadcrumbList","@id":"https:\/\/cleitonpinheiro.com.br\/site\/palmas-registra-reducao-de-80-nos-casos-confirmados-de-dengue\/#breadcrumb","itemListElement":[{"@type":"ListItem","position":1,"name":"In\u00edcio","item":"https:\/\/cleitonpinheiro.com.br\/site\/"},{"@type":"ListItem","position":2,"name":"Palmas registra redu\u00e7\u00e3o de 80% nos casos confirmados de dengue"}]},{"@type":"WebSite","@id":"https:\/\/cleitonpinheiro.com.br\/site\/#website","url":"https:\/\/cleitonpinheiro.com.br\/site\/","name":"PORTAL DE NOT\u00cdCIAS CLEITON PINHEIRO","description":"FALANDO A VERDADE","publisher":{"@id":"https:\/\/cleitonpinheiro.com.br\/site\/#organization"},"potentialAction":[{"@type":"SearchAction","target":{"@type":"EntryPoint","urlTemplate":"https:\/\/cleitonpinheiro.com.br\/site\/?s={search_term_string}"},"query-input":{"@type":"PropertyValueSpecification","valueRequired":true,"valueName":"search_term_string"}}],"inLanguage":"pt-BR"},{"@type":"Organization","@id":"https:\/\/cleitonpinheiro.com.br\/site\/#organization","name":"CPNOT\u00cdCIAS","url":"https:\/\/cleitonpinheiro.com.br\/site\/","logo":{"@type":"ImageObject","inLanguage":"pt-BR","@id":"https:\/\/cleitonpinheiro.com.br\/site\/#\/schema\/logo\/image\/","url":"https:\/\/cleitonpinheiro.com.br\/site\/wp-content\/uploads\/2022\/08\/Logo-pequena-2.png","contentUrl":"https:\/\/cleitonpinheiro.com.br\/site\/wp-content\/uploads\/2022\/08\/Logo-pequena-2.png","width":500,"height":500,"caption":"CPNOT\u00cdCIAS"},"image":{"@id":"https:\/\/cleitonpinheiro.com.br\/site\/#\/schema\/logo\/image\/"},"sameAs":["https:\/\/www.facebook.com\/portalcpnoticias\/"]},{"@type":"Person","@id":"https:\/\/cleitonpinheiro.com.br\/site\/#\/schema\/person\/8f04544e0bc40a1b68775b08360f87db","name":"Reda\u00e7\u00e3o CP","image":{"@type":"ImageObject","inLanguage":"pt-BR","@id":"https:\/\/cleitonpinheiro.com.br\/site\/#\/schema\/person\/image\/","url":"https:\/\/secure.gravatar.com\/avatar\/0bcf19cb29fdc8fc588c490c7ae1b3e174dac268586a63fbe1d1893a0f9020cd?s=96&r=g","contentUrl":"https:\/\/secure.gravatar.com\/avatar\/0bcf19cb29fdc8fc588c490c7ae1b3e174dac268586a63fbe1d1893a0f9020cd?s=96&r=g","caption":"Reda\u00e7\u00e3o CP"},"url":"https:\/\/cleitonpinheiro.com.br\/site\/author\/redacao\/"}]}},"views":104,"_links":{"self":[{"href":"https:\/\/cleitonpinheiro.com.br\/site\/wp-json\/wp\/v2\/posts\/86230","targetHints":{"allow":["GET"]}}],"collection":[{"href":"https:\/\/cleitonpinheiro.com.br\/site\/wp-json\/wp\/v2\/posts"}],"about":[{"href":"https:\/\/cleitonpinheiro.com.br\/site\/wp-json\/wp\/v2\/types\/post"}],"author":[{"embeddable":true,"href":"https:\/\/cleitonpinheiro.com.br\/site\/wp-json\/wp\/v2\/users\/13"}],"replies":[{"embeddable":true,"href":"https:\/\/cleitonpinheiro.com.br\/site\/wp-json\/wp\/v2\/comments?post=86230"}],"version-history":[{"count":1,"href":"https:\/\/cleitonpinheiro.com.br\/site\/wp-json\/wp\/v2\/posts\/86230\/revisions"}],"predecessor-version":[{"id":86231,"href":"https:\/\/cleitonpinheiro.com.br\/site\/wp-json\/wp\/v2\/posts\/86230\/revisions\/86231"}],"wp:featuredmedia":[{"embeddable":true,"href":"https:\/\/cleitonpinheiro.com.br\/site\/wp-json\/wp\/v2\/media\/76605"}],"wp:attachment":[{"href":"https:\/\/cleitonpinheiro.com.br\/site\/wp-json\/wp\/v2\/media?parent=86230"}],"wp:term":[{"taxonomy":"category","embeddable":true,"href":"https:\/\/cleitonpinheiro.com.br\/site\/wp-json\/wp\/v2\/categories?post=86230"},{"taxonomy":"post_tag","embeddable":true,"href":"https:\/\/cleitonpinheiro.com.br\/site\/wp-json\/wp\/v2\/tags?post=86230"}],"curies":[{"name":"wp","href":"https:\/\/api.w.org\/{rel}","templated":true}]}}