{"id":86232,"date":"2025-07-08T12:31:00","date_gmt":"2025-07-08T15:31:00","guid":{"rendered":"https:\/\/cleitonpinheiro.com.br\/site\/?p=86232"},"modified":"2025-07-09T15:33:07","modified_gmt":"2025-07-09T18:33:07","slug":"ministro-zanin-do-stf-converte-prisao-preventiva-de-prefeito-eduardo-siqueira-para-prisao-domiciliar","status":"publish","type":"post","link":"https:\/\/cleitonpinheiro.com.br\/site\/ministro-zanin-do-stf-converte-prisao-preventiva-de-prefeito-eduardo-siqueira-para-prisao-domiciliar\/","title":{"rendered":"Ministro Zanin do STF converte pris\u00e3o preventiva de prefeito Eduardo Siqueira para pris\u00e3o domiciliar"},"content":{"rendered":"\n<figure class=\"wp-block-image size-large\"><img fetchpriority=\"high\" decoding=\"async\" width=\"1024\" height=\"613\" src=\"https:\/\/cleitonpinheiro.com.br\/site\/wp-content\/uploads\/2023\/10\/53186968519_a5fc7f7042_o-1024x613.jpg\" alt=\"\" class=\"wp-image-74742\" srcset=\"https:\/\/cleitonpinheiro.com.br\/site\/wp-content\/uploads\/2023\/10\/53186968519_a5fc7f7042_o-1024x613.jpg 1024w, https:\/\/cleitonpinheiro.com.br\/site\/wp-content\/uploads\/2023\/10\/53186968519_a5fc7f7042_o-300x179.jpg 300w, https:\/\/cleitonpinheiro.com.br\/site\/wp-content\/uploads\/2023\/10\/53186968519_a5fc7f7042_o-768x459.jpg 768w, https:\/\/cleitonpinheiro.com.br\/site\/wp-content\/uploads\/2023\/10\/53186968519_a5fc7f7042_o.jpg 1170w\" sizes=\"(max-width: 1024px) 100vw, 1024px\" \/><figcaption class=\"wp-element-caption\">Foto: Rosinei Coutinho\/SCO\/STF<\/figcaption><\/figure>\n\n\n\n<p>O ministro Cristiano Zanin, do Supremo Tribunal Federal (STF), converteu a pris\u00e3o preventiva do prefeito Eduardo Siqueira Campos em pris\u00e3o domiciliar. A decis\u00e3o foi tomada ap\u00f3s o prefeito, que estava detido desde 27 de junho no Quartel da PM, sofrer um infarto agudo e ser internado no Hospital Geral de Palmas (HGP).<\/p>\n\n\n\n<p>Zanin acolheu um parecer favor\u00e1vel do procurador-geral da Rep\u00fablica, Paulo Gonet, que considerou o grave risco \u00e0 sa\u00fade do pol\u00edtico e a falta de estrutura m\u00e9dica no local de deten\u00e7\u00e3o. Apesar da pris\u00e3o domiciliar, Eduardo Siqueira Campos continua afastado do cargo de prefeito e proibido de manter contato com outros investigados na Opera\u00e7\u00e3o Sisamnes ou de sair do pa\u00eds.<\/p>\n\n\n\n<p><\/p>\n","protected":false},"excerpt":{"rendered":"<p>O ministro Cristiano Zanin, do Supremo Tribunal Federal (STF), converteu a pris\u00e3o preventiva do prefeito Eduardo Siqueira Campos em pris\u00e3o domiciliar. A decis\u00e3o foi tomada ap\u00f3s o prefeito, que estava detido desde 27 de junho no Quartel da PM, sofrer um infarto agudo e ser internado no Hospital Geral de Palmas (HGP). Zanin acolheu um [&hellip;]<\/p>\n","protected":false},"author":13,"featured_media":74742,"comment_status":"open","ping_status":"open","sticky":false,"template":"","format":"standard","meta":{"_acf_changed":false,"footnotes":""},"categories":[898,23,21],"tags":[],"class_list":["post-86232","post","type-post","status-publish","format-standard","has-post-thumbnail","hentry","category-manchete-segundaria","category-politica","category-todas-noticias"],"acf":[],"yoast_head":"<!-- This site is optimized with the Yoast SEO plugin v24.4 - https:\/\/yoast.com\/wordpress\/plugins\/seo\/ -->\n<title>Ministro Zanin do STF converte pris\u00e3o preventiva de prefeito Eduardo Siqueira para pris\u00e3o domiciliar - PORTAL DE NOT\u00cdCIAS CLEITON PINHEIRO<\/title>\n<meta name=\"robots\" content=\"index, follow, max-snippet:-1, max-image-preview:large, max-video-preview:-1\" \/>\n<link rel=\"canonical\" href=\"https:\/\/cleitonpinheiro.com.br\/site\/ministro-zanin-do-stf-converte-prisao-preventiva-de-prefeito-eduardo-siqueira-para-prisao-domiciliar\/\" \/>\n<meta property=\"og:locale\" content=\"pt_BR\" \/>\n<meta property=\"og:type\" content=\"article\" \/>\n<meta property=\"og:title\" content=\"Ministro Zanin do STF converte pris\u00e3o preventiva de prefeito Eduardo Siqueira para pris\u00e3o domiciliar - PORTAL DE NOT\u00cdCIAS CLEITON PINHEIRO\" \/>\n<meta property=\"og:description\" content=\"O ministro Cristiano Zanin, do Supremo Tribunal Federal (STF), converteu a pris\u00e3o preventiva do prefeito Eduardo Siqueira Campos em pris\u00e3o domiciliar. A decis\u00e3o foi tomada ap\u00f3s o prefeito, que estava detido desde 27 de junho no Quartel da PM, sofrer um infarto agudo e ser internado no Hospital Geral de Palmas (HGP). Zanin acolheu um [&hellip;]\" \/>\n<meta property=\"og:url\" content=\"https:\/\/cleitonpinheiro.com.br\/site\/ministro-zanin-do-stf-converte-prisao-preventiva-de-prefeito-eduardo-siqueira-para-prisao-domiciliar\/\" \/>\n<meta property=\"og:site_name\" content=\"PORTAL DE NOT\u00cdCIAS CLEITON PINHEIRO\" \/>\n<meta property=\"article:publisher\" content=\"https:\/\/www.facebook.com\/portalcpnoticias\/\" \/>\n<meta property=\"article:published_time\" content=\"2025-07-08T15:31:00+00:00\" \/>\n<meta property=\"article:modified_time\" content=\"2025-07-09T18:33:07+00:00\" \/>\n<meta property=\"og:image\" content=\"https:\/\/cleitonpinheiro.com.br\/site\/wp-content\/uploads\/2023\/10\/53186968519_a5fc7f7042_o.jpg\" \/>\n\t<meta property=\"og:image:width\" content=\"1170\" \/>\n\t<meta property=\"og:image:height\" content=\"700\" \/>\n\t<meta property=\"og:image:type\" content=\"image\/jpeg\" \/>\n<meta name=\"author\" content=\"Reda\u00e7\u00e3o CP\" \/>\n<meta name=\"twitter:card\" content=\"summary_large_image\" \/>\n<meta name=\"twitter:label1\" content=\"Escrito por\" \/>\n\t<meta name=\"twitter:data1\" content=\"Reda\u00e7\u00e3o CP\" \/>\n\t<meta name=\"twitter:label2\" content=\"Est. tempo de leitura\" \/>\n\t<meta name=\"twitter:data2\" content=\"2 minutos\" \/>\n<script type=\"application\/ld+json\" class=\"yoast-schema-graph\">{\"@context\":\"https:\/\/schema.org\",\"@graph\":[{\"@type\":\"Article\",\"@id\":\"https:\/\/cleitonpinheiro.com.br\/site\/ministro-zanin-do-stf-converte-prisao-preventiva-de-prefeito-eduardo-siqueira-para-prisao-domiciliar\/#article\",\"isPartOf\":{\"@id\":\"https:\/\/cleitonpinheiro.com.br\/site\/ministro-zanin-do-stf-converte-prisao-preventiva-de-prefeito-eduardo-siqueira-para-prisao-domiciliar\/\"},\"author\":{\"name\":\"Reda\u00e7\u00e3o CP\",\"@id\":\"https:\/\/cleitonpinheiro.com.br\/site\/#\/schema\/person\/8f04544e0bc40a1b68775b08360f87db\"},\"headline\":\"Ministro Zanin do STF converte pris\u00e3o preventiva de prefeito Eduardo Siqueira para pris\u00e3o domiciliar\",\"datePublished\":\"2025-07-08T15:31:00+00:00\",\"dateModified\":\"2025-07-09T18:33:07+00:00\",\"mainEntityOfPage\":{\"@id\":\"https:\/\/cleitonpinheiro.com.br\/site\/ministro-zanin-do-stf-converte-prisao-preventiva-de-prefeito-eduardo-siqueira-para-prisao-domiciliar\/\"},\"wordCount\":143,\"commentCount\":0,\"publisher\":{\"@id\":\"https:\/\/cleitonpinheiro.com.br\/site\/#organization\"},\"image\":{\"@id\":\"https:\/\/cleitonpinheiro.com.br\/site\/ministro-zanin-do-stf-converte-prisao-preventiva-de-prefeito-eduardo-siqueira-para-prisao-domiciliar\/#primaryimage\"},\"thumbnailUrl\":\"https:\/\/cleitonpinheiro.com.br\/site\/wp-content\/uploads\/2023\/10\/53186968519_a5fc7f7042_o.jpg\",\"articleSection\":[\"MANCHETE SEGUND\u00c1RIA\",\"POL\u00cdTICA\",\"TODAS NOTICIAS\"],\"inLanguage\":\"pt-BR\",\"potentialAction\":[{\"@type\":\"CommentAction\",\"name\":\"Comment\",\"target\":[\"https:\/\/cleitonpinheiro.com.br\/site\/ministro-zanin-do-stf-converte-prisao-preventiva-de-prefeito-eduardo-siqueira-para-prisao-domiciliar\/#respond\"]}]},{\"@type\":\"WebPage\",\"@id\":\"https:\/\/cleitonpinheiro.com.br\/site\/ministro-zanin-do-stf-converte-prisao-preventiva-de-prefeito-eduardo-siqueira-para-prisao-domiciliar\/\",\"url\":\"https:\/\/cleitonpinheiro.com.br\/site\/ministro-zanin-do-stf-converte-prisao-preventiva-de-prefeito-eduardo-siqueira-para-prisao-domiciliar\/\",\"name\":\"Ministro Zanin do STF converte pris\u00e3o preventiva de prefeito Eduardo Siqueira para pris\u00e3o domiciliar - PORTAL DE NOT\u00cdCIAS CLEITON PINHEIRO\",\"isPartOf\":{\"@id\":\"https:\/\/cleitonpinheiro.com.br\/site\/#website\"},\"primaryImageOfPage\":{\"@id\":\"https:\/\/cleitonpinheiro.com.br\/site\/ministro-zanin-do-stf-converte-prisao-preventiva-de-prefeito-eduardo-siqueira-para-prisao-domiciliar\/#primaryimage\"},\"image\":{\"@id\":\"https:\/\/cleitonpinheiro.com.br\/site\/ministro-zanin-do-stf-converte-prisao-preventiva-de-prefeito-eduardo-siqueira-para-prisao-domiciliar\/#primaryimage\"},\"thumbnailUrl\":\"https:\/\/cleitonpinheiro.com.br\/site\/wp-content\/uploads\/2023\/10\/53186968519_a5fc7f7042_o.jpg\",\"datePublished\":\"2025-07-08T15:31:00+00:00\",\"dateModified\":\"2025-07-09T18:33:07+00:00\",\"breadcrumb\":{\"@id\":\"https:\/\/cleitonpinheiro.com.br\/site\/ministro-zanin-do-stf-converte-prisao-preventiva-de-prefeito-eduardo-siqueira-para-prisao-domiciliar\/#breadcrumb\"},\"inLanguage\":\"pt-BR\",\"potentialAction\":[{\"@type\":\"ReadAction\",\"target\":[\"https:\/\/cleitonpinheiro.com.br\/site\/ministro-zanin-do-stf-converte-prisao-preventiva-de-prefeito-eduardo-siqueira-para-prisao-domiciliar\/\"]}]},{\"@type\":\"ImageObject\",\"inLanguage\":\"pt-BR\",\"@id\":\"https:\/\/cleitonpinheiro.com.br\/site\/ministro-zanin-do-stf-converte-prisao-preventiva-de-prefeito-eduardo-siqueira-para-prisao-domiciliar\/#primaryimage\",\"url\":\"https:\/\/cleitonpinheiro.com.br\/site\/wp-content\/uploads\/2023\/10\/53186968519_a5fc7f7042_o.jpg\",\"contentUrl\":\"https:\/\/cleitonpinheiro.com.br\/site\/wp-content\/uploads\/2023\/10\/53186968519_a5fc7f7042_o.jpg\",\"width\":1170,\"height\":700,\"caption\":\"Foto: Rosinei Coutinho\/SCO\/STF\"},{\"@type\":\"BreadcrumbList\",\"@id\":\"https:\/\/cleitonpinheiro.com.br\/site\/ministro-zanin-do-stf-converte-prisao-preventiva-de-prefeito-eduardo-siqueira-para-prisao-domiciliar\/#breadcrumb\",\"itemListElement\":[{\"@type\":\"ListItem\",\"position\":1,\"name\":\"In\u00edcio\",\"item\":\"https:\/\/cleitonpinheiro.com.br\/site\/\"},{\"@type\":\"ListItem\",\"position\":2,\"name\":\"Ministro Zanin do STF converte pris\u00e3o preventiva de prefeito Eduardo Siqueira para pris\u00e3o domiciliar\"}]},{\"@type\":\"WebSite\",\"@id\":\"https:\/\/cleitonpinheiro.com.br\/site\/#website\",\"url\":\"https:\/\/cleitonpinheiro.com.br\/site\/\",\"name\":\"PORTAL DE NOT\u00cdCIAS CLEITON PINHEIRO\",\"description\":\"FALANDO A VERDADE\",\"publisher\":{\"@id\":\"https:\/\/cleitonpinheiro.com.br\/site\/#organization\"},\"potentialAction\":[{\"@type\":\"SearchAction\",\"target\":{\"@type\":\"EntryPoint\",\"urlTemplate\":\"https:\/\/cleitonpinheiro.com.br\/site\/?s={search_term_string}\"},\"query-input\":{\"@type\":\"PropertyValueSpecification\",\"valueRequired\":true,\"valueName\":\"search_term_string\"}}],\"inLanguage\":\"pt-BR\"},{\"@type\":\"Organization\",\"@id\":\"https:\/\/cleitonpinheiro.com.br\/site\/#organization\",\"name\":\"CPNOT\u00cdCIAS\",\"url\":\"https:\/\/cleitonpinheiro.com.br\/site\/\",\"logo\":{\"@type\":\"ImageObject\",\"inLanguage\":\"pt-BR\",\"@id\":\"https:\/\/cleitonpinheiro.com.br\/site\/#\/schema\/logo\/image\/\",\"url\":\"https:\/\/cleitonpinheiro.com.br\/site\/wp-content\/uploads\/2022\/08\/Logo-pequena-2.png\",\"contentUrl\":\"https:\/\/cleitonpinheiro.com.br\/site\/wp-content\/uploads\/2022\/08\/Logo-pequena-2.png\",\"width\":500,\"height\":500,\"caption\":\"CPNOT\u00cdCIAS\"},\"image\":{\"@id\":\"https:\/\/cleitonpinheiro.com.br\/site\/#\/schema\/logo\/image\/\"},\"sameAs\":[\"https:\/\/www.facebook.com\/portalcpnoticias\/\"]},{\"@type\":\"Person\",\"@id\":\"https:\/\/cleitonpinheiro.com.br\/site\/#\/schema\/person\/8f04544e0bc40a1b68775b08360f87db\",\"name\":\"Reda\u00e7\u00e3o CP\",\"image\":{\"@type\":\"ImageObject\",\"inLanguage\":\"pt-BR\",\"@id\":\"https:\/\/cleitonpinheiro.com.br\/site\/#\/schema\/person\/image\/\",\"url\":\"https:\/\/secure.gravatar.com\/avatar\/0bcf19cb29fdc8fc588c490c7ae1b3e174dac268586a63fbe1d1893a0f9020cd?s=96&r=g\",\"contentUrl\":\"https:\/\/secure.gravatar.com\/avatar\/0bcf19cb29fdc8fc588c490c7ae1b3e174dac268586a63fbe1d1893a0f9020cd?s=96&r=g\",\"caption\":\"Reda\u00e7\u00e3o CP\"},\"url\":\"https:\/\/cleitonpinheiro.com.br\/site\/author\/redacao\/\"}]}<\/script>\n<!-- \/ Yoast SEO plugin. -->","yoast_head_json":{"title":"Ministro Zanin do STF converte pris\u00e3o preventiva de prefeito Eduardo Siqueira para pris\u00e3o domiciliar - PORTAL DE NOT\u00cdCIAS CLEITON PINHEIRO","robots":{"index":"index","follow":"follow","max-snippet":"max-snippet:-1","max-image-preview":"max-image-preview:large","max-video-preview":"max-video-preview:-1"},"canonical":"https:\/\/cleitonpinheiro.com.br\/site\/ministro-zanin-do-stf-converte-prisao-preventiva-de-prefeito-eduardo-siqueira-para-prisao-domiciliar\/","og_locale":"pt_BR","og_type":"article","og_title":"Ministro Zanin do STF converte pris\u00e3o preventiva de prefeito Eduardo Siqueira para pris\u00e3o domiciliar - PORTAL DE NOT\u00cdCIAS CLEITON PINHEIRO","og_description":"O ministro Cristiano Zanin, do Supremo Tribunal Federal (STF), converteu a pris\u00e3o preventiva do prefeito Eduardo Siqueira Campos em pris\u00e3o domiciliar. A decis\u00e3o foi tomada ap\u00f3s o prefeito, que estava detido desde 27 de junho no Quartel da PM, sofrer um infarto agudo e ser internado no Hospital Geral de Palmas (HGP). Zanin acolheu um [&hellip;]","og_url":"https:\/\/cleitonpinheiro.com.br\/site\/ministro-zanin-do-stf-converte-prisao-preventiva-de-prefeito-eduardo-siqueira-para-prisao-domiciliar\/","og_site_name":"PORTAL DE NOT\u00cdCIAS CLEITON PINHEIRO","article_publisher":"https:\/\/www.facebook.com\/portalcpnoticias\/","article_published_time":"2025-07-08T15:31:00+00:00","article_modified_time":"2025-07-09T18:33:07+00:00","og_image":[{"width":1170,"height":700,"url":"https:\/\/cleitonpinheiro.com.br\/site\/wp-content\/uploads\/2023\/10\/53186968519_a5fc7f7042_o.jpg","type":"image\/jpeg"}],"author":"Reda\u00e7\u00e3o CP","twitter_card":"summary_large_image","twitter_misc":{"Escrito por":"Reda\u00e7\u00e3o CP","Est. tempo de leitura":"2 minutos"},"schema":{"@context":"https:\/\/schema.org","@graph":[{"@type":"Article","@id":"https:\/\/cleitonpinheiro.com.br\/site\/ministro-zanin-do-stf-converte-prisao-preventiva-de-prefeito-eduardo-siqueira-para-prisao-domiciliar\/#article","isPartOf":{"@id":"https:\/\/cleitonpinheiro.com.br\/site\/ministro-zanin-do-stf-converte-prisao-preventiva-de-prefeito-eduardo-siqueira-para-prisao-domiciliar\/"},"author":{"name":"Reda\u00e7\u00e3o CP","@id":"https:\/\/cleitonpinheiro.com.br\/site\/#\/schema\/person\/8f04544e0bc40a1b68775b08360f87db"},"headline":"Ministro Zanin do STF converte pris\u00e3o preventiva de prefeito Eduardo Siqueira para pris\u00e3o domiciliar","datePublished":"2025-07-08T15:31:00+00:00","dateModified":"2025-07-09T18:33:07+00:00","mainEntityOfPage":{"@id":"https:\/\/cleitonpinheiro.com.br\/site\/ministro-zanin-do-stf-converte-prisao-preventiva-de-prefeito-eduardo-siqueira-para-prisao-domiciliar\/"},"wordCount":143,"commentCount":0,"publisher":{"@id":"https:\/\/cleitonpinheiro.com.br\/site\/#organization"},"image":{"@id":"https:\/\/cleitonpinheiro.com.br\/site\/ministro-zanin-do-stf-converte-prisao-preventiva-de-prefeito-eduardo-siqueira-para-prisao-domiciliar\/#primaryimage"},"thumbnailUrl":"https:\/\/cleitonpinheiro.com.br\/site\/wp-content\/uploads\/2023\/10\/53186968519_a5fc7f7042_o.jpg","articleSection":["MANCHETE SEGUND\u00c1RIA","POL\u00cdTICA","TODAS NOTICIAS"],"inLanguage":"pt-BR","potentialAction":[{"@type":"CommentAction","name":"Comment","target":["https:\/\/cleitonpinheiro.com.br\/site\/ministro-zanin-do-stf-converte-prisao-preventiva-de-prefeito-eduardo-siqueira-para-prisao-domiciliar\/#respond"]}]},{"@type":"WebPage","@id":"https:\/\/cleitonpinheiro.com.br\/site\/ministro-zanin-do-stf-converte-prisao-preventiva-de-prefeito-eduardo-siqueira-para-prisao-domiciliar\/","url":"https:\/\/cleitonpinheiro.com.br\/site\/ministro-zanin-do-stf-converte-prisao-preventiva-de-prefeito-eduardo-siqueira-para-prisao-domiciliar\/","name":"Ministro Zanin do STF converte pris\u00e3o preventiva de prefeito Eduardo Siqueira para pris\u00e3o domiciliar - PORTAL DE NOT\u00cdCIAS CLEITON PINHEIRO","isPartOf":{"@id":"https:\/\/cleitonpinheiro.com.br\/site\/#website"},"primaryImageOfPage":{"@id":"https:\/\/cleitonpinheiro.com.br\/site\/ministro-zanin-do-stf-converte-prisao-preventiva-de-prefeito-eduardo-siqueira-para-prisao-domiciliar\/#primaryimage"},"image":{"@id":"https:\/\/cleitonpinheiro.com.br\/site\/ministro-zanin-do-stf-converte-prisao-preventiva-de-prefeito-eduardo-siqueira-para-prisao-domiciliar\/#primaryimage"},"thumbnailUrl":"https:\/\/cleitonpinheiro.com.br\/site\/wp-content\/uploads\/2023\/10\/53186968519_a5fc7f7042_o.jpg","datePublished":"2025-07-08T15:31:00+00:00","dateModified":"2025-07-09T18:33:07+00:00","breadcrumb":{"@id":"https:\/\/cleitonpinheiro.com.br\/site\/ministro-zanin-do-stf-converte-prisao-preventiva-de-prefeito-eduardo-siqueira-para-prisao-domiciliar\/#breadcrumb"},"inLanguage":"pt-BR","potentialAction":[{"@type":"ReadAction","target":["https:\/\/cleitonpinheiro.com.br\/site\/ministro-zanin-do-stf-converte-prisao-preventiva-de-prefeito-eduardo-siqueira-para-prisao-domiciliar\/"]}]},{"@type":"ImageObject","inLanguage":"pt-BR","@id":"https:\/\/cleitonpinheiro.com.br\/site\/ministro-zanin-do-stf-converte-prisao-preventiva-de-prefeito-eduardo-siqueira-para-prisao-domiciliar\/#primaryimage","url":"https:\/\/cleitonpinheiro.com.br\/site\/wp-content\/uploads\/2023\/10\/53186968519_a5fc7f7042_o.jpg","contentUrl":"https:\/\/cleitonpinheiro.com.br\/site\/wp-content\/uploads\/2023\/10\/53186968519_a5fc7f7042_o.jpg","width":1170,"height":700,"caption":"Foto: Rosinei Coutinho\/SCO\/STF"},{"@type":"BreadcrumbList","@id":"https:\/\/cleitonpinheiro.com.br\/site\/ministro-zanin-do-stf-converte-prisao-preventiva-de-prefeito-eduardo-siqueira-para-prisao-domiciliar\/#breadcrumb","itemListElement":[{"@type":"ListItem","position":1,"name":"In\u00edcio","item":"https:\/\/cleitonpinheiro.com.br\/site\/"},{"@type":"ListItem","position":2,"name":"Ministro Zanin do STF converte pris\u00e3o preventiva de prefeito Eduardo Siqueira para pris\u00e3o domiciliar"}]},{"@type":"WebSite","@id":"https:\/\/cleitonpinheiro.com.br\/site\/#website","url":"https:\/\/cleitonpinheiro.com.br\/site\/","name":"PORTAL DE NOT\u00cdCIAS CLEITON PINHEIRO","description":"FALANDO A VERDADE","publisher":{"@id":"https:\/\/cleitonpinheiro.com.br\/site\/#organization"},"potentialAction":[{"@type":"SearchAction","target":{"@type":"EntryPoint","urlTemplate":"https:\/\/cleitonpinheiro.com.br\/site\/?s={search_term_string}"},"query-input":{"@type":"PropertyValueSpecification","valueRequired":true,"valueName":"search_term_string"}}],"inLanguage":"pt-BR"},{"@type":"Organization","@id":"https:\/\/cleitonpinheiro.com.br\/site\/#organization","name":"CPNOT\u00cdCIAS","url":"https:\/\/cleitonpinheiro.com.br\/site\/","logo":{"@type":"ImageObject","inLanguage":"pt-BR","@id":"https:\/\/cleitonpinheiro.com.br\/site\/#\/schema\/logo\/image\/","url":"https:\/\/cleitonpinheiro.com.br\/site\/wp-content\/uploads\/2022\/08\/Logo-pequena-2.png","contentUrl":"https:\/\/cleitonpinheiro.com.br\/site\/wp-content\/uploads\/2022\/08\/Logo-pequena-2.png","width":500,"height":500,"caption":"CPNOT\u00cdCIAS"},"image":{"@id":"https:\/\/cleitonpinheiro.com.br\/site\/#\/schema\/logo\/image\/"},"sameAs":["https:\/\/www.facebook.com\/portalcpnoticias\/"]},{"@type":"Person","@id":"https:\/\/cleitonpinheiro.com.br\/site\/#\/schema\/person\/8f04544e0bc40a1b68775b08360f87db","name":"Reda\u00e7\u00e3o CP","image":{"@type":"ImageObject","inLanguage":"pt-BR","@id":"https:\/\/cleitonpinheiro.com.br\/site\/#\/schema\/person\/image\/","url":"https:\/\/secure.gravatar.com\/avatar\/0bcf19cb29fdc8fc588c490c7ae1b3e174dac268586a63fbe1d1893a0f9020cd?s=96&r=g","contentUrl":"https:\/\/secure.gravatar.com\/avatar\/0bcf19cb29fdc8fc588c490c7ae1b3e174dac268586a63fbe1d1893a0f9020cd?s=96&r=g","caption":"Reda\u00e7\u00e3o CP"},"url":"https:\/\/cleitonpinheiro.com.br\/site\/author\/redacao\/"}]}},"views":122,"_links":{"self":[{"href":"https:\/\/cleitonpinheiro.com.br\/site\/wp-json\/wp\/v2\/posts\/86232","targetHints":{"allow":["GET"]}}],"collection":[{"href":"https:\/\/cleitonpinheiro.com.br\/site\/wp-json\/wp\/v2\/posts"}],"about":[{"href":"https:\/\/cleitonpinheiro.com.br\/site\/wp-json\/wp\/v2\/types\/post"}],"author":[{"embeddable":true,"href":"https:\/\/cleitonpinheiro.com.br\/site\/wp-json\/wp\/v2\/users\/13"}],"replies":[{"embeddable":true,"href":"https:\/\/cleitonpinheiro.com.br\/site\/wp-json\/wp\/v2\/comments?post=86232"}],"version-history":[{"count":1,"href":"https:\/\/cleitonpinheiro.com.br\/site\/wp-json\/wp\/v2\/posts\/86232\/revisions"}],"predecessor-version":[{"id":86233,"href":"https:\/\/cleitonpinheiro.com.br\/site\/wp-json\/wp\/v2\/posts\/86232\/revisions\/86233"}],"wp:featuredmedia":[{"embeddable":true,"href":"https:\/\/cleitonpinheiro.com.br\/site\/wp-json\/wp\/v2\/media\/74742"}],"wp:attachment":[{"href":"https:\/\/cleitonpinheiro.com.br\/site\/wp-json\/wp\/v2\/media?parent=86232"}],"wp:term":[{"taxonomy":"category","embeddable":true,"href":"https:\/\/cleitonpinheiro.com.br\/site\/wp-json\/wp\/v2\/categories?post=86232"},{"taxonomy":"post_tag","embeddable":true,"href":"https:\/\/cleitonpinheiro.com.br\/site\/wp-json\/wp\/v2\/tags?post=86232"}],"curies":[{"name":"wp","href":"https:\/\/api.w.org\/{rel}","templated":true}]}}