{"id":86234,"date":"2025-07-09T15:37:26","date_gmt":"2025-07-09T18:37:26","guid":{"rendered":"https:\/\/cleitonpinheiro.com.br\/site\/?p=86234"},"modified":"2025-07-09T15:37:30","modified_gmt":"2025-07-09T18:37:30","slug":"prefeito-eduardo-siqueira-campos-esta-estavel-na-uti-mas-proximas-72-horas-sao-criticas","status":"publish","type":"post","link":"https:\/\/cleitonpinheiro.com.br\/site\/prefeito-eduardo-siqueira-campos-esta-estavel-na-uti-mas-proximas-72-horas-sao-criticas\/","title":{"rendered":"Prefeito Eduardo Siqueira Campos est\u00e1 est\u00e1vel na UTI, mas pr\u00f3ximas 72 horas s\u00e3o cr\u00edticas"},"content":{"rendered":"\n<figure class=\"wp-block-image size-large\"><img fetchpriority=\"high\" decoding=\"async\" width=\"1024\" height=\"512\" src=\"https:\/\/cleitonpinheiro.com.br\/site\/wp-content\/uploads\/2025\/06\/F4-Prefeito-Eduardo-Siqueira-Campos-ressalta-o-legado-historico-de-Taquarucu-e-lembra-dos-pioneiros.-Foto-Ademir-dos-Anjos-GovTO-1140x570-1-1024x512.webp\" alt=\"\" class=\"wp-image-86060\" srcset=\"https:\/\/cleitonpinheiro.com.br\/site\/wp-content\/uploads\/2025\/06\/F4-Prefeito-Eduardo-Siqueira-Campos-ressalta-o-legado-historico-de-Taquarucu-e-lembra-dos-pioneiros.-Foto-Ademir-dos-Anjos-GovTO-1140x570-1-1024x512.webp 1024w, https:\/\/cleitonpinheiro.com.br\/site\/wp-content\/uploads\/2025\/06\/F4-Prefeito-Eduardo-Siqueira-Campos-ressalta-o-legado-historico-de-Taquarucu-e-lembra-dos-pioneiros.-Foto-Ademir-dos-Anjos-GovTO-1140x570-1-300x150.webp 300w, https:\/\/cleitonpinheiro.com.br\/site\/wp-content\/uploads\/2025\/06\/F4-Prefeito-Eduardo-Siqueira-Campos-ressalta-o-legado-historico-de-Taquarucu-e-lembra-dos-pioneiros.-Foto-Ademir-dos-Anjos-GovTO-1140x570-1-768x384.webp 768w, https:\/\/cleitonpinheiro.com.br\/site\/wp-content\/uploads\/2025\/06\/F4-Prefeito-Eduardo-Siqueira-Campos-ressalta-o-legado-historico-de-Taquarucu-e-lembra-dos-pioneiros.-Foto-Ademir-dos-Anjos-GovTO-1140x570-1.webp 1140w\" sizes=\"(max-width: 1024px) 100vw, 1024px\" \/><\/figure>\n\n\n\n<p>O prefeito Eduardo Siqueira Campos encontra-se est\u00e1vel, consciente e com o sistema cardiovascular funcionando adequadamente (hemodinamicamente compensado), conforme boletim m\u00e9dico divulgado pelo Hospital Geral de Palmas (HGP) no fim da tarde de ter\u00e7a-feira (8).<\/p>\n\n\n\n<p>Apesar da estabilidade, o prefeito est\u00e1 em uma fase cr\u00edtica de recupera\u00e7\u00e3o p\u00f3s-infarto. O cardiologista Gustavo S\u00e1nchez alertou que as pr\u00f3ximas 48 a 72 horas exigem vigil\u00e2ncia cont\u00ednua na Unidade de Terapia Intensiva (UTI), devido ao risco elevado de arritmias card\u00edacas graves.<\/p>\n\n\n\n<p>Exames laboratoriais confirmaram &#8220;de forma inequ\u00edvoca&#8221; o diagn\u00f3stico de infarto agudo do mioc\u00e1rdio, evidenciado pela eleva\u00e7\u00e3o dos marcadores card\u00edacos (CK-MB e troponina). O prefeito foi submetido a uma angioplastia coronariana com sucesso durante a madrugada para desobstruir a art\u00e9ria principal e segue sob cuidados de uma equipe multidisciplinar.<\/p>\n","protected":false},"excerpt":{"rendered":"<p>O prefeito Eduardo Siqueira Campos encontra-se est\u00e1vel, consciente e com o sistema cardiovascular funcionando adequadamente (hemodinamicamente compensado), conforme boletim m\u00e9dico divulgado pelo Hospital Geral de Palmas (HGP) no fim da tarde de ter\u00e7a-feira (8). Apesar da estabilidade, o prefeito est\u00e1 em uma fase cr\u00edtica de recupera\u00e7\u00e3o p\u00f3s-infarto. O cardiologista Gustavo S\u00e1nchez alertou que as pr\u00f3ximas [&hellip;]<\/p>\n","protected":false},"author":13,"featured_media":86060,"comment_status":"open","ping_status":"open","sticky":false,"template":"","format":"standard","meta":{"_acf_changed":false,"footnotes":""},"categories":[898,23,21],"tags":[],"class_list":["post-86234","post","type-post","status-publish","format-standard","has-post-thumbnail","hentry","category-manchete-segundaria","category-politica","category-todas-noticias"],"acf":[],"yoast_head":"<!-- This site is optimized with the Yoast SEO plugin v24.4 - https:\/\/yoast.com\/wordpress\/plugins\/seo\/ -->\n<title>Prefeito Eduardo Siqueira Campos est\u00e1 est\u00e1vel na UTI, mas pr\u00f3ximas 72 horas s\u00e3o cr\u00edticas - PORTAL DE NOT\u00cdCIAS CLEITON PINHEIRO<\/title>\n<meta name=\"robots\" content=\"index, follow, max-snippet:-1, max-image-preview:large, max-video-preview:-1\" \/>\n<link rel=\"canonical\" href=\"https:\/\/cleitonpinheiro.com.br\/site\/prefeito-eduardo-siqueira-campos-esta-estavel-na-uti-mas-proximas-72-horas-sao-criticas\/\" \/>\n<meta property=\"og:locale\" content=\"pt_BR\" \/>\n<meta property=\"og:type\" content=\"article\" \/>\n<meta property=\"og:title\" content=\"Prefeito Eduardo Siqueira Campos est\u00e1 est\u00e1vel na UTI, mas pr\u00f3ximas 72 horas s\u00e3o cr\u00edticas - PORTAL DE NOT\u00cdCIAS CLEITON PINHEIRO\" \/>\n<meta property=\"og:description\" content=\"O prefeito Eduardo Siqueira Campos encontra-se est\u00e1vel, consciente e com o sistema cardiovascular funcionando adequadamente (hemodinamicamente compensado), conforme boletim m\u00e9dico divulgado pelo Hospital Geral de Palmas (HGP) no fim da tarde de ter\u00e7a-feira (8). Apesar da estabilidade, o prefeito est\u00e1 em uma fase cr\u00edtica de recupera\u00e7\u00e3o p\u00f3s-infarto. O cardiologista Gustavo S\u00e1nchez alertou que as pr\u00f3ximas [&hellip;]\" \/>\n<meta property=\"og:url\" content=\"https:\/\/cleitonpinheiro.com.br\/site\/prefeito-eduardo-siqueira-campos-esta-estavel-na-uti-mas-proximas-72-horas-sao-criticas\/\" \/>\n<meta property=\"og:site_name\" content=\"PORTAL DE NOT\u00cdCIAS CLEITON PINHEIRO\" \/>\n<meta property=\"article:publisher\" content=\"https:\/\/www.facebook.com\/portalcpnoticias\/\" \/>\n<meta property=\"article:published_time\" content=\"2025-07-09T18:37:26+00:00\" \/>\n<meta property=\"article:modified_time\" content=\"2025-07-09T18:37:30+00:00\" \/>\n<meta property=\"og:image\" content=\"https:\/\/cleitonpinheiro.com.br\/site\/wp-content\/uploads\/2025\/06\/F4-Prefeito-Eduardo-Siqueira-Campos-ressalta-o-legado-historico-de-Taquarucu-e-lembra-dos-pioneiros.-Foto-Ademir-dos-Anjos-GovTO-1140x570-1.webp\" \/>\n\t<meta property=\"og:image:width\" content=\"1140\" \/>\n\t<meta property=\"og:image:height\" content=\"570\" \/>\n\t<meta property=\"og:image:type\" content=\"image\/webp\" \/>\n<meta name=\"author\" content=\"Reda\u00e7\u00e3o CP\" \/>\n<meta name=\"twitter:card\" content=\"summary_large_image\" \/>\n<meta name=\"twitter:label1\" content=\"Escrito por\" \/>\n\t<meta name=\"twitter:data1\" content=\"Reda\u00e7\u00e3o CP\" \/>\n\t<meta name=\"twitter:label2\" content=\"Est. tempo de leitura\" \/>\n\t<meta name=\"twitter:data2\" content=\"2 minutos\" \/>\n<script type=\"application\/ld+json\" class=\"yoast-schema-graph\">{\"@context\":\"https:\/\/schema.org\",\"@graph\":[{\"@type\":\"Article\",\"@id\":\"https:\/\/cleitonpinheiro.com.br\/site\/prefeito-eduardo-siqueira-campos-esta-estavel-na-uti-mas-proximas-72-horas-sao-criticas\/#article\",\"isPartOf\":{\"@id\":\"https:\/\/cleitonpinheiro.com.br\/site\/prefeito-eduardo-siqueira-campos-esta-estavel-na-uti-mas-proximas-72-horas-sao-criticas\/\"},\"author\":{\"name\":\"Reda\u00e7\u00e3o CP\",\"@id\":\"https:\/\/cleitonpinheiro.com.br\/site\/#\/schema\/person\/8f04544e0bc40a1b68775b08360f87db\"},\"headline\":\"Prefeito Eduardo Siqueira Campos est\u00e1 est\u00e1vel na UTI, mas pr\u00f3ximas 72 horas s\u00e3o cr\u00edticas\",\"datePublished\":\"2025-07-09T18:37:26+00:00\",\"dateModified\":\"2025-07-09T18:37:30+00:00\",\"mainEntityOfPage\":{\"@id\":\"https:\/\/cleitonpinheiro.com.br\/site\/prefeito-eduardo-siqueira-campos-esta-estavel-na-uti-mas-proximas-72-horas-sao-criticas\/\"},\"wordCount\":155,\"commentCount\":0,\"publisher\":{\"@id\":\"https:\/\/cleitonpinheiro.com.br\/site\/#organization\"},\"image\":{\"@id\":\"https:\/\/cleitonpinheiro.com.br\/site\/prefeito-eduardo-siqueira-campos-esta-estavel-na-uti-mas-proximas-72-horas-sao-criticas\/#primaryimage\"},\"thumbnailUrl\":\"https:\/\/cleitonpinheiro.com.br\/site\/wp-content\/uploads\/2025\/06\/F4-Prefeito-Eduardo-Siqueira-Campos-ressalta-o-legado-historico-de-Taquarucu-e-lembra-dos-pioneiros.-Foto-Ademir-dos-Anjos-GovTO-1140x570-1.webp\",\"articleSection\":[\"MANCHETE SEGUND\u00c1RIA\",\"POL\u00cdTICA\",\"TODAS NOTICIAS\"],\"inLanguage\":\"pt-BR\",\"potentialAction\":[{\"@type\":\"CommentAction\",\"name\":\"Comment\",\"target\":[\"https:\/\/cleitonpinheiro.com.br\/site\/prefeito-eduardo-siqueira-campos-esta-estavel-na-uti-mas-proximas-72-horas-sao-criticas\/#respond\"]}]},{\"@type\":\"WebPage\",\"@id\":\"https:\/\/cleitonpinheiro.com.br\/site\/prefeito-eduardo-siqueira-campos-esta-estavel-na-uti-mas-proximas-72-horas-sao-criticas\/\",\"url\":\"https:\/\/cleitonpinheiro.com.br\/site\/prefeito-eduardo-siqueira-campos-esta-estavel-na-uti-mas-proximas-72-horas-sao-criticas\/\",\"name\":\"Prefeito Eduardo Siqueira Campos est\u00e1 est\u00e1vel na UTI, mas pr\u00f3ximas 72 horas s\u00e3o cr\u00edticas - PORTAL DE NOT\u00cdCIAS CLEITON PINHEIRO\",\"isPartOf\":{\"@id\":\"https:\/\/cleitonpinheiro.com.br\/site\/#website\"},\"primaryImageOfPage\":{\"@id\":\"https:\/\/cleitonpinheiro.com.br\/site\/prefeito-eduardo-siqueira-campos-esta-estavel-na-uti-mas-proximas-72-horas-sao-criticas\/#primaryimage\"},\"image\":{\"@id\":\"https:\/\/cleitonpinheiro.com.br\/site\/prefeito-eduardo-siqueira-campos-esta-estavel-na-uti-mas-proximas-72-horas-sao-criticas\/#primaryimage\"},\"thumbnailUrl\":\"https:\/\/cleitonpinheiro.com.br\/site\/wp-content\/uploads\/2025\/06\/F4-Prefeito-Eduardo-Siqueira-Campos-ressalta-o-legado-historico-de-Taquarucu-e-lembra-dos-pioneiros.-Foto-Ademir-dos-Anjos-GovTO-1140x570-1.webp\",\"datePublished\":\"2025-07-09T18:37:26+00:00\",\"dateModified\":\"2025-07-09T18:37:30+00:00\",\"breadcrumb\":{\"@id\":\"https:\/\/cleitonpinheiro.com.br\/site\/prefeito-eduardo-siqueira-campos-esta-estavel-na-uti-mas-proximas-72-horas-sao-criticas\/#breadcrumb\"},\"inLanguage\":\"pt-BR\",\"potentialAction\":[{\"@type\":\"ReadAction\",\"target\":[\"https:\/\/cleitonpinheiro.com.br\/site\/prefeito-eduardo-siqueira-campos-esta-estavel-na-uti-mas-proximas-72-horas-sao-criticas\/\"]}]},{\"@type\":\"ImageObject\",\"inLanguage\":\"pt-BR\",\"@id\":\"https:\/\/cleitonpinheiro.com.br\/site\/prefeito-eduardo-siqueira-campos-esta-estavel-na-uti-mas-proximas-72-horas-sao-criticas\/#primaryimage\",\"url\":\"https:\/\/cleitonpinheiro.com.br\/site\/wp-content\/uploads\/2025\/06\/F4-Prefeito-Eduardo-Siqueira-Campos-ressalta-o-legado-historico-de-Taquarucu-e-lembra-dos-pioneiros.-Foto-Ademir-dos-Anjos-GovTO-1140x570-1.webp\",\"contentUrl\":\"https:\/\/cleitonpinheiro.com.br\/site\/wp-content\/uploads\/2025\/06\/F4-Prefeito-Eduardo-Siqueira-Campos-ressalta-o-legado-historico-de-Taquarucu-e-lembra-dos-pioneiros.-Foto-Ademir-dos-Anjos-GovTO-1140x570-1.webp\",\"width\":1140,\"height\":570},{\"@type\":\"BreadcrumbList\",\"@id\":\"https:\/\/cleitonpinheiro.com.br\/site\/prefeito-eduardo-siqueira-campos-esta-estavel-na-uti-mas-proximas-72-horas-sao-criticas\/#breadcrumb\",\"itemListElement\":[{\"@type\":\"ListItem\",\"position\":1,\"name\":\"In\u00edcio\",\"item\":\"https:\/\/cleitonpinheiro.com.br\/site\/\"},{\"@type\":\"ListItem\",\"position\":2,\"name\":\"Prefeito Eduardo Siqueira Campos est\u00e1 est\u00e1vel na UTI, mas pr\u00f3ximas 72 horas s\u00e3o cr\u00edticas\"}]},{\"@type\":\"WebSite\",\"@id\":\"https:\/\/cleitonpinheiro.com.br\/site\/#website\",\"url\":\"https:\/\/cleitonpinheiro.com.br\/site\/\",\"name\":\"PORTAL DE NOT\u00cdCIAS CLEITON PINHEIRO\",\"description\":\"FALANDO A VERDADE\",\"publisher\":{\"@id\":\"https:\/\/cleitonpinheiro.com.br\/site\/#organization\"},\"potentialAction\":[{\"@type\":\"SearchAction\",\"target\":{\"@type\":\"EntryPoint\",\"urlTemplate\":\"https:\/\/cleitonpinheiro.com.br\/site\/?s={search_term_string}\"},\"query-input\":{\"@type\":\"PropertyValueSpecification\",\"valueRequired\":true,\"valueName\":\"search_term_string\"}}],\"inLanguage\":\"pt-BR\"},{\"@type\":\"Organization\",\"@id\":\"https:\/\/cleitonpinheiro.com.br\/site\/#organization\",\"name\":\"CPNOT\u00cdCIAS\",\"url\":\"https:\/\/cleitonpinheiro.com.br\/site\/\",\"logo\":{\"@type\":\"ImageObject\",\"inLanguage\":\"pt-BR\",\"@id\":\"https:\/\/cleitonpinheiro.com.br\/site\/#\/schema\/logo\/image\/\",\"url\":\"https:\/\/cleitonpinheiro.com.br\/site\/wp-content\/uploads\/2022\/08\/Logo-pequena-2.png\",\"contentUrl\":\"https:\/\/cleitonpinheiro.com.br\/site\/wp-content\/uploads\/2022\/08\/Logo-pequena-2.png\",\"width\":500,\"height\":500,\"caption\":\"CPNOT\u00cdCIAS\"},\"image\":{\"@id\":\"https:\/\/cleitonpinheiro.com.br\/site\/#\/schema\/logo\/image\/\"},\"sameAs\":[\"https:\/\/www.facebook.com\/portalcpnoticias\/\"]},{\"@type\":\"Person\",\"@id\":\"https:\/\/cleitonpinheiro.com.br\/site\/#\/schema\/person\/8f04544e0bc40a1b68775b08360f87db\",\"name\":\"Reda\u00e7\u00e3o CP\",\"image\":{\"@type\":\"ImageObject\",\"inLanguage\":\"pt-BR\",\"@id\":\"https:\/\/cleitonpinheiro.com.br\/site\/#\/schema\/person\/image\/\",\"url\":\"https:\/\/secure.gravatar.com\/avatar\/0bcf19cb29fdc8fc588c490c7ae1b3e174dac268586a63fbe1d1893a0f9020cd?s=96&r=g\",\"contentUrl\":\"https:\/\/secure.gravatar.com\/avatar\/0bcf19cb29fdc8fc588c490c7ae1b3e174dac268586a63fbe1d1893a0f9020cd?s=96&r=g\",\"caption\":\"Reda\u00e7\u00e3o CP\"},\"url\":\"https:\/\/cleitonpinheiro.com.br\/site\/author\/redacao\/\"}]}<\/script>\n<!-- \/ Yoast SEO plugin. -->","yoast_head_json":{"title":"Prefeito Eduardo Siqueira Campos est\u00e1 est\u00e1vel na UTI, mas pr\u00f3ximas 72 horas s\u00e3o cr\u00edticas - PORTAL DE NOT\u00cdCIAS CLEITON PINHEIRO","robots":{"index":"index","follow":"follow","max-snippet":"max-snippet:-1","max-image-preview":"max-image-preview:large","max-video-preview":"max-video-preview:-1"},"canonical":"https:\/\/cleitonpinheiro.com.br\/site\/prefeito-eduardo-siqueira-campos-esta-estavel-na-uti-mas-proximas-72-horas-sao-criticas\/","og_locale":"pt_BR","og_type":"article","og_title":"Prefeito Eduardo Siqueira Campos est\u00e1 est\u00e1vel na UTI, mas pr\u00f3ximas 72 horas s\u00e3o cr\u00edticas - PORTAL DE NOT\u00cdCIAS CLEITON PINHEIRO","og_description":"O prefeito Eduardo Siqueira Campos encontra-se est\u00e1vel, consciente e com o sistema cardiovascular funcionando adequadamente (hemodinamicamente compensado), conforme boletim m\u00e9dico divulgado pelo Hospital Geral de Palmas (HGP) no fim da tarde de ter\u00e7a-feira (8). Apesar da estabilidade, o prefeito est\u00e1 em uma fase cr\u00edtica de recupera\u00e7\u00e3o p\u00f3s-infarto. O cardiologista Gustavo S\u00e1nchez alertou que as pr\u00f3ximas [&hellip;]","og_url":"https:\/\/cleitonpinheiro.com.br\/site\/prefeito-eduardo-siqueira-campos-esta-estavel-na-uti-mas-proximas-72-horas-sao-criticas\/","og_site_name":"PORTAL DE NOT\u00cdCIAS CLEITON PINHEIRO","article_publisher":"https:\/\/www.facebook.com\/portalcpnoticias\/","article_published_time":"2025-07-09T18:37:26+00:00","article_modified_time":"2025-07-09T18:37:30+00:00","og_image":[{"width":1140,"height":570,"url":"https:\/\/cleitonpinheiro.com.br\/site\/wp-content\/uploads\/2025\/06\/F4-Prefeito-Eduardo-Siqueira-Campos-ressalta-o-legado-historico-de-Taquarucu-e-lembra-dos-pioneiros.-Foto-Ademir-dos-Anjos-GovTO-1140x570-1.webp","type":"image\/webp"}],"author":"Reda\u00e7\u00e3o CP","twitter_card":"summary_large_image","twitter_misc":{"Escrito por":"Reda\u00e7\u00e3o CP","Est. tempo de leitura":"2 minutos"},"schema":{"@context":"https:\/\/schema.org","@graph":[{"@type":"Article","@id":"https:\/\/cleitonpinheiro.com.br\/site\/prefeito-eduardo-siqueira-campos-esta-estavel-na-uti-mas-proximas-72-horas-sao-criticas\/#article","isPartOf":{"@id":"https:\/\/cleitonpinheiro.com.br\/site\/prefeito-eduardo-siqueira-campos-esta-estavel-na-uti-mas-proximas-72-horas-sao-criticas\/"},"author":{"name":"Reda\u00e7\u00e3o CP","@id":"https:\/\/cleitonpinheiro.com.br\/site\/#\/schema\/person\/8f04544e0bc40a1b68775b08360f87db"},"headline":"Prefeito Eduardo Siqueira Campos est\u00e1 est\u00e1vel na UTI, mas pr\u00f3ximas 72 horas s\u00e3o cr\u00edticas","datePublished":"2025-07-09T18:37:26+00:00","dateModified":"2025-07-09T18:37:30+00:00","mainEntityOfPage":{"@id":"https:\/\/cleitonpinheiro.com.br\/site\/prefeito-eduardo-siqueira-campos-esta-estavel-na-uti-mas-proximas-72-horas-sao-criticas\/"},"wordCount":155,"commentCount":0,"publisher":{"@id":"https:\/\/cleitonpinheiro.com.br\/site\/#organization"},"image":{"@id":"https:\/\/cleitonpinheiro.com.br\/site\/prefeito-eduardo-siqueira-campos-esta-estavel-na-uti-mas-proximas-72-horas-sao-criticas\/#primaryimage"},"thumbnailUrl":"https:\/\/cleitonpinheiro.com.br\/site\/wp-content\/uploads\/2025\/06\/F4-Prefeito-Eduardo-Siqueira-Campos-ressalta-o-legado-historico-de-Taquarucu-e-lembra-dos-pioneiros.-Foto-Ademir-dos-Anjos-GovTO-1140x570-1.webp","articleSection":["MANCHETE SEGUND\u00c1RIA","POL\u00cdTICA","TODAS NOTICIAS"],"inLanguage":"pt-BR","potentialAction":[{"@type":"CommentAction","name":"Comment","target":["https:\/\/cleitonpinheiro.com.br\/site\/prefeito-eduardo-siqueira-campos-esta-estavel-na-uti-mas-proximas-72-horas-sao-criticas\/#respond"]}]},{"@type":"WebPage","@id":"https:\/\/cleitonpinheiro.com.br\/site\/prefeito-eduardo-siqueira-campos-esta-estavel-na-uti-mas-proximas-72-horas-sao-criticas\/","url":"https:\/\/cleitonpinheiro.com.br\/site\/prefeito-eduardo-siqueira-campos-esta-estavel-na-uti-mas-proximas-72-horas-sao-criticas\/","name":"Prefeito Eduardo Siqueira Campos est\u00e1 est\u00e1vel na UTI, mas pr\u00f3ximas 72 horas s\u00e3o cr\u00edticas - PORTAL DE NOT\u00cdCIAS CLEITON PINHEIRO","isPartOf":{"@id":"https:\/\/cleitonpinheiro.com.br\/site\/#website"},"primaryImageOfPage":{"@id":"https:\/\/cleitonpinheiro.com.br\/site\/prefeito-eduardo-siqueira-campos-esta-estavel-na-uti-mas-proximas-72-horas-sao-criticas\/#primaryimage"},"image":{"@id":"https:\/\/cleitonpinheiro.com.br\/site\/prefeito-eduardo-siqueira-campos-esta-estavel-na-uti-mas-proximas-72-horas-sao-criticas\/#primaryimage"},"thumbnailUrl":"https:\/\/cleitonpinheiro.com.br\/site\/wp-content\/uploads\/2025\/06\/F4-Prefeito-Eduardo-Siqueira-Campos-ressalta-o-legado-historico-de-Taquarucu-e-lembra-dos-pioneiros.-Foto-Ademir-dos-Anjos-GovTO-1140x570-1.webp","datePublished":"2025-07-09T18:37:26+00:00","dateModified":"2025-07-09T18:37:30+00:00","breadcrumb":{"@id":"https:\/\/cleitonpinheiro.com.br\/site\/prefeito-eduardo-siqueira-campos-esta-estavel-na-uti-mas-proximas-72-horas-sao-criticas\/#breadcrumb"},"inLanguage":"pt-BR","potentialAction":[{"@type":"ReadAction","target":["https:\/\/cleitonpinheiro.com.br\/site\/prefeito-eduardo-siqueira-campos-esta-estavel-na-uti-mas-proximas-72-horas-sao-criticas\/"]}]},{"@type":"ImageObject","inLanguage":"pt-BR","@id":"https:\/\/cleitonpinheiro.com.br\/site\/prefeito-eduardo-siqueira-campos-esta-estavel-na-uti-mas-proximas-72-horas-sao-criticas\/#primaryimage","url":"https:\/\/cleitonpinheiro.com.br\/site\/wp-content\/uploads\/2025\/06\/F4-Prefeito-Eduardo-Siqueira-Campos-ressalta-o-legado-historico-de-Taquarucu-e-lembra-dos-pioneiros.-Foto-Ademir-dos-Anjos-GovTO-1140x570-1.webp","contentUrl":"https:\/\/cleitonpinheiro.com.br\/site\/wp-content\/uploads\/2025\/06\/F4-Prefeito-Eduardo-Siqueira-Campos-ressalta-o-legado-historico-de-Taquarucu-e-lembra-dos-pioneiros.-Foto-Ademir-dos-Anjos-GovTO-1140x570-1.webp","width":1140,"height":570},{"@type":"BreadcrumbList","@id":"https:\/\/cleitonpinheiro.com.br\/site\/prefeito-eduardo-siqueira-campos-esta-estavel-na-uti-mas-proximas-72-horas-sao-criticas\/#breadcrumb","itemListElement":[{"@type":"ListItem","position":1,"name":"In\u00edcio","item":"https:\/\/cleitonpinheiro.com.br\/site\/"},{"@type":"ListItem","position":2,"name":"Prefeito Eduardo Siqueira Campos est\u00e1 est\u00e1vel na UTI, mas pr\u00f3ximas 72 horas s\u00e3o cr\u00edticas"}]},{"@type":"WebSite","@id":"https:\/\/cleitonpinheiro.com.br\/site\/#website","url":"https:\/\/cleitonpinheiro.com.br\/site\/","name":"PORTAL DE NOT\u00cdCIAS CLEITON PINHEIRO","description":"FALANDO A VERDADE","publisher":{"@id":"https:\/\/cleitonpinheiro.com.br\/site\/#organization"},"potentialAction":[{"@type":"SearchAction","target":{"@type":"EntryPoint","urlTemplate":"https:\/\/cleitonpinheiro.com.br\/site\/?s={search_term_string}"},"query-input":{"@type":"PropertyValueSpecification","valueRequired":true,"valueName":"search_term_string"}}],"inLanguage":"pt-BR"},{"@type":"Organization","@id":"https:\/\/cleitonpinheiro.com.br\/site\/#organization","name":"CPNOT\u00cdCIAS","url":"https:\/\/cleitonpinheiro.com.br\/site\/","logo":{"@type":"ImageObject","inLanguage":"pt-BR","@id":"https:\/\/cleitonpinheiro.com.br\/site\/#\/schema\/logo\/image\/","url":"https:\/\/cleitonpinheiro.com.br\/site\/wp-content\/uploads\/2022\/08\/Logo-pequena-2.png","contentUrl":"https:\/\/cleitonpinheiro.com.br\/site\/wp-content\/uploads\/2022\/08\/Logo-pequena-2.png","width":500,"height":500,"caption":"CPNOT\u00cdCIAS"},"image":{"@id":"https:\/\/cleitonpinheiro.com.br\/site\/#\/schema\/logo\/image\/"},"sameAs":["https:\/\/www.facebook.com\/portalcpnoticias\/"]},{"@type":"Person","@id":"https:\/\/cleitonpinheiro.com.br\/site\/#\/schema\/person\/8f04544e0bc40a1b68775b08360f87db","name":"Reda\u00e7\u00e3o CP","image":{"@type":"ImageObject","inLanguage":"pt-BR","@id":"https:\/\/cleitonpinheiro.com.br\/site\/#\/schema\/person\/image\/","url":"https:\/\/secure.gravatar.com\/avatar\/0bcf19cb29fdc8fc588c490c7ae1b3e174dac268586a63fbe1d1893a0f9020cd?s=96&r=g","contentUrl":"https:\/\/secure.gravatar.com\/avatar\/0bcf19cb29fdc8fc588c490c7ae1b3e174dac268586a63fbe1d1893a0f9020cd?s=96&r=g","caption":"Reda\u00e7\u00e3o CP"},"url":"https:\/\/cleitonpinheiro.com.br\/site\/author\/redacao\/"}]}},"views":132,"_links":{"self":[{"href":"https:\/\/cleitonpinheiro.com.br\/site\/wp-json\/wp\/v2\/posts\/86234","targetHints":{"allow":["GET"]}}],"collection":[{"href":"https:\/\/cleitonpinheiro.com.br\/site\/wp-json\/wp\/v2\/posts"}],"about":[{"href":"https:\/\/cleitonpinheiro.com.br\/site\/wp-json\/wp\/v2\/types\/post"}],"author":[{"embeddable":true,"href":"https:\/\/cleitonpinheiro.com.br\/site\/wp-json\/wp\/v2\/users\/13"}],"replies":[{"embeddable":true,"href":"https:\/\/cleitonpinheiro.com.br\/site\/wp-json\/wp\/v2\/comments?post=86234"}],"version-history":[{"count":1,"href":"https:\/\/cleitonpinheiro.com.br\/site\/wp-json\/wp\/v2\/posts\/86234\/revisions"}],"predecessor-version":[{"id":86235,"href":"https:\/\/cleitonpinheiro.com.br\/site\/wp-json\/wp\/v2\/posts\/86234\/revisions\/86235"}],"wp:featuredmedia":[{"embeddable":true,"href":"https:\/\/cleitonpinheiro.com.br\/site\/wp-json\/wp\/v2\/media\/86060"}],"wp:attachment":[{"href":"https:\/\/cleitonpinheiro.com.br\/site\/wp-json\/wp\/v2\/media?parent=86234"}],"wp:term":[{"taxonomy":"category","embeddable":true,"href":"https:\/\/cleitonpinheiro.com.br\/site\/wp-json\/wp\/v2\/categories?post=86234"},{"taxonomy":"post_tag","embeddable":true,"href":"https:\/\/cleitonpinheiro.com.br\/site\/wp-json\/wp\/v2\/tags?post=86234"}],"curies":[{"name":"wp","href":"https:\/\/api.w.org\/{rel}","templated":true}]}}