{"id":86236,"date":"2025-07-10T16:38:12","date_gmt":"2025-07-10T19:38:12","guid":{"rendered":"https:\/\/cleitonpinheiro.com.br\/site\/?p=86236"},"modified":"2025-07-14T13:24:58","modified_gmt":"2025-07-14T16:24:58","slug":"mpto-consegue-decisao-judicial-para-regularizacao-do-atendimento-de-pessoas-com-cancer","status":"publish","type":"post","link":"https:\/\/cleitonpinheiro.com.br\/site\/mpto-consegue-decisao-judicial-para-regularizacao-do-atendimento-de-pessoas-com-cancer\/","title":{"rendered":"MPTO consegue decis\u00e3o judicial para regulariza\u00e7\u00e3o do atendimento de pessoas com c\u00e2ncer"},"content":{"rendered":"\n<figure class=\"wp-block-image size-large\"><img fetchpriority=\"high\" decoding=\"async\" width=\"1024\" height=\"576\" src=\"https:\/\/cleitonpinheiro.com.br\/site\/wp-content\/uploads\/2025\/07\/FreePik-1-1024x576.jpg\" alt=\"\" class=\"wp-image-86238\" srcset=\"https:\/\/cleitonpinheiro.com.br\/site\/wp-content\/uploads\/2025\/07\/FreePik-1-1024x576.jpg 1024w, https:\/\/cleitonpinheiro.com.br\/site\/wp-content\/uploads\/2025\/07\/FreePik-1-300x169.jpg 300w, https:\/\/cleitonpinheiro.com.br\/site\/wp-content\/uploads\/2025\/07\/FreePik-1-768x432.jpg 768w, https:\/\/cleitonpinheiro.com.br\/site\/wp-content\/uploads\/2025\/07\/FreePik-1-1536x864.jpg 1536w, https:\/\/cleitonpinheiro.com.br\/site\/wp-content\/uploads\/2025\/07\/FreePik-1.jpg 1920w\" sizes=\"(max-width: 1024px) 100vw, 1024px\" \/><\/figure>\n\n\n\n<p>Em resposta \u00e0 a\u00e7\u00e3o coletiva movida pelo Minist\u00e9rio P\u00fablico do Tocantins (MPTO), por meio da 27\u00aa Promotoria de Justi\u00e7a da Capital, em conjunto com a Defensoria P\u00fablica do Estado do Tocantins (DPE-TO), a Justi\u00e7a estadual reconheceu o dever de o estado do Tocantins, como gestor do Sistema \u00danico de Sa\u00fade (SUS), manter a regularidade dos servi\u00e7os de quimioterapia da Unidade de Assist\u00eancia de Alta Complexidade em Oncologia (Unacon) do Hospital Geral P\u00fablico de Palmas (HGPP). A&nbsp;<strong><a href=\"https:\/\/drive.google.com\/file\/d\/1zFBla0wogHIO8AG0UiORHv4rhio7UInm\/view\" target=\"_blank\" rel=\"noreferrer noopener\">senten\u00e7a<\/a><\/strong>&nbsp;foi proferida pelo juiz Gil de Ara\u00fajo Corr\u00eaa, publicada na segunda-feira, 8. A atua\u00e7\u00e3o ministerial no caso foi da promotora de Justi\u00e7a&nbsp;<strong><a href=\"https:\/\/youtu.be\/Sbh-H2Z-1lc\" target=\"_blank\" rel=\"noreferrer noopener\">Ara\u00edna Ces\u00e1rea Ferreira dos Santos D\u2019Alessandro<\/a><\/strong>.<\/p>\n\n\n\n<p>Atendendo ao MPTO e \u00e0 DPE-TO, o Ju\u00edzo da Vara de Execu\u00e7\u00f5es Fiscais e Sa\u00fade de Palmas determinou que o estado do Tocantins comprove, em at\u00e9 45 dias, a atualiza\u00e7\u00e3o da lista de medicamentos oncol\u00f3gicos da Unacon\/HGPP, com a inclus\u00e3o do \u201cnivolumabe\u201d e do \u201cpembrolizumabe\u201d. Desde 2020, o uso desses dois imunoter\u00e1picos est\u00e1 incorporado aos tratamentos cobertos pelo SUS. Em 2022, eles tamb\u00e9m passaram a estar em conformidade com o Protocolo Cl\u00ednico e Diretriz Terap\u00eautica (PCDT) estabelecido pelo Minist\u00e9rio da Sa\u00fade.<\/p>\n\n\n\n<p>O \u201cnivolumabe\u201d e o \u201cpembrolizumabe\u201d s\u00e3o utilizados no tratamento de melanoma maligno metast\u00e1tico n\u00e3o cir\u00fargico \u2014 c\u00e2ncer em est\u00e1gio avan\u00e7ado e que se espalhou por outras partes do corpo \u2014 de forma associada ao procedimento t\u00e9cnico quimioter\u00e1pico. Os dois medicamentos antineopl\u00e1sicos combatem ou impedem o crescimento das c\u00e9lulas tumorais.<\/p>\n\n\n\n<p>No mesmo prazo de at\u00e9 45 dias, a Justi\u00e7a tamb\u00e9m decidiu que o estado:<\/p>\n\n\n\n<ul class=\"wp-block-list\">\n<li>Informe sobre a not\u00edcia de fato de interrup\u00e7\u00e3o da oferta do exame de cintilografia \u2014 indispens\u00e1vel para avaliar o funcionamento de \u00f3rg\u00e3os e tecidos do corpo e detectar poss\u00edveis tumores \u00f3sseos prim\u00e1rios e metast\u00e1ticos \u2014, com indica\u00e7\u00e3o das provid\u00eancias tomadas para o restabelecimento do servi\u00e7o e as medidas para garantir que pacientes com indica\u00e7\u00e3o do exame o realizem em tempo adequado;<\/li>\n\n\n\n<li>Em caso de impossibilidade de restabelecimento imediato do servi\u00e7o na rede p\u00fablica, comprove a aquisi\u00e7\u00e3o do servi\u00e7o na rede privada, com demonstra\u00e7\u00e3o de regula\u00e7\u00e3o para todos os pacientes com indica\u00e7\u00e3o do exame de cintilografia;<\/li>\n\n\n\n<li>Apresente plano de a\u00e7\u00e3o para regulariza\u00e7\u00e3o da fila e mitiga\u00e7\u00e3o da demanda reprimida, observando-se o prazo legal de atendimento de pacientes oncol\u00f3gicos, que \u00e9 de 60 dias;<\/li>\n\n\n\n<li>Comprove a regulariza\u00e7\u00e3o dos estoques de medicamentos oncol\u00f3gicos, inclusive em quantidade prudencial que evite desfalques e interrup\u00e7\u00e3o dos tratamentos; e<\/li>\n\n\n\n<li>Informe a possibilidade de ades\u00e3o a cons\u00f3rcios p\u00fablicos ou parcerias para compras compartilhadas dos medicamentos oncol\u00f3gicos.<\/li>\n<\/ul>\n\n\n\n<p>A a\u00e7\u00e3o coletiva se deu em raz\u00e3o de den\u00fancias encaminhadas ao Minist\u00e9rio P\u00fablico e \u00e0 Defensoria P\u00fablica. No fim de junho, a 27\u00aa Promotoria de Justi\u00e7a da Capital tamb\u00e9m se manifestou a respeito de ind\u00edcios da interrup\u00e7\u00e3o dos servi\u00e7os oncol\u00f3gicos e da suspens\u00e3o dos atendimentos do exame de cintilografia no Hospital Geral P\u00fablico de Palmas.<\/p>\n\n\n\n<p>Na decis\u00e3o desta semana, a Justi\u00e7a considerou a quantidade de demandas individuais judicializadas por familiares de pacientes em tratamento no Hospital P\u00fablico de Palmas para o cumprimento da prescri\u00e7\u00e3o m\u00e9dica de uso de imunoter\u00e1picos, a exemplo do \u201cnivolumabe\u201d e do \u201cpembrolizumabe\u201d. Em raz\u00e3o das negativas por falta dos rem\u00e9dios, ficou demonstrada a necessidade de atualiza\u00e7\u00e3o do protocolo cl\u00ednico da unidade hospitalar para contemplar os medicamentos em quest\u00e3o.<\/p>\n","protected":false},"excerpt":{"rendered":"<p>Em resposta \u00e0 a\u00e7\u00e3o coletiva movida pelo Minist\u00e9rio P\u00fablico do Tocantins (MPTO), por meio da 27\u00aa Promotoria de Justi\u00e7a da Capital, em conjunto com a Defensoria P\u00fablica do Estado do Tocantins (DPE-TO), a Justi\u00e7a estadual reconheceu o dever de o estado do Tocantins, como gestor do Sistema \u00danico de Sa\u00fade (SUS), manter a regularidade dos [&hellip;]<\/p>\n","protected":false},"author":13,"featured_media":86238,"comment_status":"open","ping_status":"open","sticky":false,"template":"","format":"standard","meta":{"_acf_changed":false,"footnotes":""},"categories":[8,898,21],"tags":[],"class_list":["post-86236","post","type-post","status-publish","format-standard","has-post-thumbnail","hentry","category-estado","category-manchete-segundaria","category-todas-noticias"],"acf":[],"yoast_head":"<!-- This site is optimized with the Yoast SEO plugin v24.4 - https:\/\/yoast.com\/wordpress\/plugins\/seo\/ -->\n<title>MPTO consegue decis\u00e3o judicial para regulariza\u00e7\u00e3o do atendimento de pessoas com c\u00e2ncer - PORTAL DE NOT\u00cdCIAS CLEITON PINHEIRO<\/title>\n<meta name=\"robots\" content=\"index, follow, max-snippet:-1, max-image-preview:large, max-video-preview:-1\" \/>\n<link rel=\"canonical\" href=\"https:\/\/cleitonpinheiro.com.br\/site\/mpto-consegue-decisao-judicial-para-regularizacao-do-atendimento-de-pessoas-com-cancer\/\" \/>\n<meta property=\"og:locale\" content=\"pt_BR\" \/>\n<meta property=\"og:type\" content=\"article\" \/>\n<meta property=\"og:title\" content=\"MPTO consegue decis\u00e3o judicial para regulariza\u00e7\u00e3o do atendimento de pessoas com c\u00e2ncer - PORTAL DE NOT\u00cdCIAS CLEITON PINHEIRO\" \/>\n<meta property=\"og:description\" content=\"Em resposta \u00e0 a\u00e7\u00e3o coletiva movida pelo Minist\u00e9rio P\u00fablico do Tocantins (MPTO), por meio da 27\u00aa Promotoria de Justi\u00e7a da Capital, em conjunto com a Defensoria P\u00fablica do Estado do Tocantins (DPE-TO), a Justi\u00e7a estadual reconheceu o dever de o estado do Tocantins, como gestor do Sistema \u00danico de Sa\u00fade (SUS), manter a regularidade dos [&hellip;]\" \/>\n<meta property=\"og:url\" content=\"https:\/\/cleitonpinheiro.com.br\/site\/mpto-consegue-decisao-judicial-para-regularizacao-do-atendimento-de-pessoas-com-cancer\/\" \/>\n<meta property=\"og:site_name\" content=\"PORTAL DE NOT\u00cdCIAS CLEITON PINHEIRO\" \/>\n<meta property=\"article:publisher\" content=\"https:\/\/www.facebook.com\/portalcpnoticias\/\" \/>\n<meta property=\"article:published_time\" content=\"2025-07-10T19:38:12+00:00\" \/>\n<meta property=\"article:modified_time\" content=\"2025-07-14T16:24:58+00:00\" \/>\n<meta property=\"og:image\" content=\"https:\/\/cleitonpinheiro.com.br\/site\/wp-content\/uploads\/2025\/07\/FreePik-1.jpg\" \/>\n\t<meta property=\"og:image:width\" content=\"1920\" \/>\n\t<meta property=\"og:image:height\" content=\"1080\" \/>\n\t<meta property=\"og:image:type\" content=\"image\/jpeg\" \/>\n<meta name=\"author\" content=\"Reda\u00e7\u00e3o CP\" \/>\n<meta name=\"twitter:card\" content=\"summary_large_image\" \/>\n<meta name=\"twitter:label1\" content=\"Escrito por\" \/>\n\t<meta name=\"twitter:data1\" content=\"Reda\u00e7\u00e3o CP\" \/>\n\t<meta name=\"twitter:label2\" content=\"Est. tempo de leitura\" \/>\n\t<meta name=\"twitter:data2\" content=\"4 minutos\" \/>\n<script type=\"application\/ld+json\" class=\"yoast-schema-graph\">{\"@context\":\"https:\/\/schema.org\",\"@graph\":[{\"@type\":\"Article\",\"@id\":\"https:\/\/cleitonpinheiro.com.br\/site\/mpto-consegue-decisao-judicial-para-regularizacao-do-atendimento-de-pessoas-com-cancer\/#article\",\"isPartOf\":{\"@id\":\"https:\/\/cleitonpinheiro.com.br\/site\/mpto-consegue-decisao-judicial-para-regularizacao-do-atendimento-de-pessoas-com-cancer\/\"},\"author\":{\"name\":\"Reda\u00e7\u00e3o CP\",\"@id\":\"https:\/\/cleitonpinheiro.com.br\/site\/#\/schema\/person\/8f04544e0bc40a1b68775b08360f87db\"},\"headline\":\"MPTO consegue decis\u00e3o judicial para regulariza\u00e7\u00e3o do atendimento de pessoas com c\u00e2ncer\",\"datePublished\":\"2025-07-10T19:38:12+00:00\",\"dateModified\":\"2025-07-14T16:24:58+00:00\",\"mainEntityOfPage\":{\"@id\":\"https:\/\/cleitonpinheiro.com.br\/site\/mpto-consegue-decisao-judicial-para-regularizacao-do-atendimento-de-pessoas-com-cancer\/\"},\"wordCount\":629,\"commentCount\":0,\"publisher\":{\"@id\":\"https:\/\/cleitonpinheiro.com.br\/site\/#organization\"},\"image\":{\"@id\":\"https:\/\/cleitonpinheiro.com.br\/site\/mpto-consegue-decisao-judicial-para-regularizacao-do-atendimento-de-pessoas-com-cancer\/#primaryimage\"},\"thumbnailUrl\":\"https:\/\/cleitonpinheiro.com.br\/site\/wp-content\/uploads\/2025\/07\/FreePik-1.jpg\",\"articleSection\":[\"ESTADO\",\"MANCHETE SEGUND\u00c1RIA\",\"TODAS NOTICIAS\"],\"inLanguage\":\"pt-BR\",\"potentialAction\":[{\"@type\":\"CommentAction\",\"name\":\"Comment\",\"target\":[\"https:\/\/cleitonpinheiro.com.br\/site\/mpto-consegue-decisao-judicial-para-regularizacao-do-atendimento-de-pessoas-com-cancer\/#respond\"]}]},{\"@type\":\"WebPage\",\"@id\":\"https:\/\/cleitonpinheiro.com.br\/site\/mpto-consegue-decisao-judicial-para-regularizacao-do-atendimento-de-pessoas-com-cancer\/\",\"url\":\"https:\/\/cleitonpinheiro.com.br\/site\/mpto-consegue-decisao-judicial-para-regularizacao-do-atendimento-de-pessoas-com-cancer\/\",\"name\":\"MPTO consegue decis\u00e3o judicial para regulariza\u00e7\u00e3o do atendimento de pessoas com c\u00e2ncer - PORTAL DE NOT\u00cdCIAS CLEITON PINHEIRO\",\"isPartOf\":{\"@id\":\"https:\/\/cleitonpinheiro.com.br\/site\/#website\"},\"primaryImageOfPage\":{\"@id\":\"https:\/\/cleitonpinheiro.com.br\/site\/mpto-consegue-decisao-judicial-para-regularizacao-do-atendimento-de-pessoas-com-cancer\/#primaryimage\"},\"image\":{\"@id\":\"https:\/\/cleitonpinheiro.com.br\/site\/mpto-consegue-decisao-judicial-para-regularizacao-do-atendimento-de-pessoas-com-cancer\/#primaryimage\"},\"thumbnailUrl\":\"https:\/\/cleitonpinheiro.com.br\/site\/wp-content\/uploads\/2025\/07\/FreePik-1.jpg\",\"datePublished\":\"2025-07-10T19:38:12+00:00\",\"dateModified\":\"2025-07-14T16:24:58+00:00\",\"breadcrumb\":{\"@id\":\"https:\/\/cleitonpinheiro.com.br\/site\/mpto-consegue-decisao-judicial-para-regularizacao-do-atendimento-de-pessoas-com-cancer\/#breadcrumb\"},\"inLanguage\":\"pt-BR\",\"potentialAction\":[{\"@type\":\"ReadAction\",\"target\":[\"https:\/\/cleitonpinheiro.com.br\/site\/mpto-consegue-decisao-judicial-para-regularizacao-do-atendimento-de-pessoas-com-cancer\/\"]}]},{\"@type\":\"ImageObject\",\"inLanguage\":\"pt-BR\",\"@id\":\"https:\/\/cleitonpinheiro.com.br\/site\/mpto-consegue-decisao-judicial-para-regularizacao-do-atendimento-de-pessoas-com-cancer\/#primaryimage\",\"url\":\"https:\/\/cleitonpinheiro.com.br\/site\/wp-content\/uploads\/2025\/07\/FreePik-1.jpg\",\"contentUrl\":\"https:\/\/cleitonpinheiro.com.br\/site\/wp-content\/uploads\/2025\/07\/FreePik-1.jpg\",\"width\":1920,\"height\":1080},{\"@type\":\"BreadcrumbList\",\"@id\":\"https:\/\/cleitonpinheiro.com.br\/site\/mpto-consegue-decisao-judicial-para-regularizacao-do-atendimento-de-pessoas-com-cancer\/#breadcrumb\",\"itemListElement\":[{\"@type\":\"ListItem\",\"position\":1,\"name\":\"In\u00edcio\",\"item\":\"https:\/\/cleitonpinheiro.com.br\/site\/\"},{\"@type\":\"ListItem\",\"position\":2,\"name\":\"MPTO consegue decis\u00e3o judicial para regulariza\u00e7\u00e3o do atendimento de pessoas com c\u00e2ncer\"}]},{\"@type\":\"WebSite\",\"@id\":\"https:\/\/cleitonpinheiro.com.br\/site\/#website\",\"url\":\"https:\/\/cleitonpinheiro.com.br\/site\/\",\"name\":\"PORTAL DE NOT\u00cdCIAS CLEITON PINHEIRO\",\"description\":\"FALANDO A VERDADE\",\"publisher\":{\"@id\":\"https:\/\/cleitonpinheiro.com.br\/site\/#organization\"},\"potentialAction\":[{\"@type\":\"SearchAction\",\"target\":{\"@type\":\"EntryPoint\",\"urlTemplate\":\"https:\/\/cleitonpinheiro.com.br\/site\/?s={search_term_string}\"},\"query-input\":{\"@type\":\"PropertyValueSpecification\",\"valueRequired\":true,\"valueName\":\"search_term_string\"}}],\"inLanguage\":\"pt-BR\"},{\"@type\":\"Organization\",\"@id\":\"https:\/\/cleitonpinheiro.com.br\/site\/#organization\",\"name\":\"CPNOT\u00cdCIAS\",\"url\":\"https:\/\/cleitonpinheiro.com.br\/site\/\",\"logo\":{\"@type\":\"ImageObject\",\"inLanguage\":\"pt-BR\",\"@id\":\"https:\/\/cleitonpinheiro.com.br\/site\/#\/schema\/logo\/image\/\",\"url\":\"https:\/\/cleitonpinheiro.com.br\/site\/wp-content\/uploads\/2022\/08\/Logo-pequena-2.png\",\"contentUrl\":\"https:\/\/cleitonpinheiro.com.br\/site\/wp-content\/uploads\/2022\/08\/Logo-pequena-2.png\",\"width\":500,\"height\":500,\"caption\":\"CPNOT\u00cdCIAS\"},\"image\":{\"@id\":\"https:\/\/cleitonpinheiro.com.br\/site\/#\/schema\/logo\/image\/\"},\"sameAs\":[\"https:\/\/www.facebook.com\/portalcpnoticias\/\"]},{\"@type\":\"Person\",\"@id\":\"https:\/\/cleitonpinheiro.com.br\/site\/#\/schema\/person\/8f04544e0bc40a1b68775b08360f87db\",\"name\":\"Reda\u00e7\u00e3o CP\",\"image\":{\"@type\":\"ImageObject\",\"inLanguage\":\"pt-BR\",\"@id\":\"https:\/\/cleitonpinheiro.com.br\/site\/#\/schema\/person\/image\/\",\"url\":\"https:\/\/secure.gravatar.com\/avatar\/0bcf19cb29fdc8fc588c490c7ae1b3e174dac268586a63fbe1d1893a0f9020cd?s=96&r=g\",\"contentUrl\":\"https:\/\/secure.gravatar.com\/avatar\/0bcf19cb29fdc8fc588c490c7ae1b3e174dac268586a63fbe1d1893a0f9020cd?s=96&r=g\",\"caption\":\"Reda\u00e7\u00e3o CP\"},\"url\":\"https:\/\/cleitonpinheiro.com.br\/site\/author\/redacao\/\"}]}<\/script>\n<!-- \/ Yoast SEO plugin. -->","yoast_head_json":{"title":"MPTO consegue decis\u00e3o judicial para regulariza\u00e7\u00e3o do atendimento de pessoas com c\u00e2ncer - PORTAL DE NOT\u00cdCIAS CLEITON PINHEIRO","robots":{"index":"index","follow":"follow","max-snippet":"max-snippet:-1","max-image-preview":"max-image-preview:large","max-video-preview":"max-video-preview:-1"},"canonical":"https:\/\/cleitonpinheiro.com.br\/site\/mpto-consegue-decisao-judicial-para-regularizacao-do-atendimento-de-pessoas-com-cancer\/","og_locale":"pt_BR","og_type":"article","og_title":"MPTO consegue decis\u00e3o judicial para regulariza\u00e7\u00e3o do atendimento de pessoas com c\u00e2ncer - PORTAL DE NOT\u00cdCIAS CLEITON PINHEIRO","og_description":"Em resposta \u00e0 a\u00e7\u00e3o coletiva movida pelo Minist\u00e9rio P\u00fablico do Tocantins (MPTO), por meio da 27\u00aa Promotoria de Justi\u00e7a da Capital, em conjunto com a Defensoria P\u00fablica do Estado do Tocantins (DPE-TO), a Justi\u00e7a estadual reconheceu o dever de o estado do Tocantins, como gestor do Sistema \u00danico de Sa\u00fade (SUS), manter a regularidade dos [&hellip;]","og_url":"https:\/\/cleitonpinheiro.com.br\/site\/mpto-consegue-decisao-judicial-para-regularizacao-do-atendimento-de-pessoas-com-cancer\/","og_site_name":"PORTAL DE NOT\u00cdCIAS CLEITON PINHEIRO","article_publisher":"https:\/\/www.facebook.com\/portalcpnoticias\/","article_published_time":"2025-07-10T19:38:12+00:00","article_modified_time":"2025-07-14T16:24:58+00:00","og_image":[{"width":1920,"height":1080,"url":"https:\/\/cleitonpinheiro.com.br\/site\/wp-content\/uploads\/2025\/07\/FreePik-1.jpg","type":"image\/jpeg"}],"author":"Reda\u00e7\u00e3o CP","twitter_card":"summary_large_image","twitter_misc":{"Escrito por":"Reda\u00e7\u00e3o CP","Est. tempo de leitura":"4 minutos"},"schema":{"@context":"https:\/\/schema.org","@graph":[{"@type":"Article","@id":"https:\/\/cleitonpinheiro.com.br\/site\/mpto-consegue-decisao-judicial-para-regularizacao-do-atendimento-de-pessoas-com-cancer\/#article","isPartOf":{"@id":"https:\/\/cleitonpinheiro.com.br\/site\/mpto-consegue-decisao-judicial-para-regularizacao-do-atendimento-de-pessoas-com-cancer\/"},"author":{"name":"Reda\u00e7\u00e3o CP","@id":"https:\/\/cleitonpinheiro.com.br\/site\/#\/schema\/person\/8f04544e0bc40a1b68775b08360f87db"},"headline":"MPTO consegue decis\u00e3o judicial para regulariza\u00e7\u00e3o do atendimento de pessoas com c\u00e2ncer","datePublished":"2025-07-10T19:38:12+00:00","dateModified":"2025-07-14T16:24:58+00:00","mainEntityOfPage":{"@id":"https:\/\/cleitonpinheiro.com.br\/site\/mpto-consegue-decisao-judicial-para-regularizacao-do-atendimento-de-pessoas-com-cancer\/"},"wordCount":629,"commentCount":0,"publisher":{"@id":"https:\/\/cleitonpinheiro.com.br\/site\/#organization"},"image":{"@id":"https:\/\/cleitonpinheiro.com.br\/site\/mpto-consegue-decisao-judicial-para-regularizacao-do-atendimento-de-pessoas-com-cancer\/#primaryimage"},"thumbnailUrl":"https:\/\/cleitonpinheiro.com.br\/site\/wp-content\/uploads\/2025\/07\/FreePik-1.jpg","articleSection":["ESTADO","MANCHETE SEGUND\u00c1RIA","TODAS NOTICIAS"],"inLanguage":"pt-BR","potentialAction":[{"@type":"CommentAction","name":"Comment","target":["https:\/\/cleitonpinheiro.com.br\/site\/mpto-consegue-decisao-judicial-para-regularizacao-do-atendimento-de-pessoas-com-cancer\/#respond"]}]},{"@type":"WebPage","@id":"https:\/\/cleitonpinheiro.com.br\/site\/mpto-consegue-decisao-judicial-para-regularizacao-do-atendimento-de-pessoas-com-cancer\/","url":"https:\/\/cleitonpinheiro.com.br\/site\/mpto-consegue-decisao-judicial-para-regularizacao-do-atendimento-de-pessoas-com-cancer\/","name":"MPTO consegue decis\u00e3o judicial para regulariza\u00e7\u00e3o do atendimento de pessoas com c\u00e2ncer - PORTAL DE NOT\u00cdCIAS CLEITON PINHEIRO","isPartOf":{"@id":"https:\/\/cleitonpinheiro.com.br\/site\/#website"},"primaryImageOfPage":{"@id":"https:\/\/cleitonpinheiro.com.br\/site\/mpto-consegue-decisao-judicial-para-regularizacao-do-atendimento-de-pessoas-com-cancer\/#primaryimage"},"image":{"@id":"https:\/\/cleitonpinheiro.com.br\/site\/mpto-consegue-decisao-judicial-para-regularizacao-do-atendimento-de-pessoas-com-cancer\/#primaryimage"},"thumbnailUrl":"https:\/\/cleitonpinheiro.com.br\/site\/wp-content\/uploads\/2025\/07\/FreePik-1.jpg","datePublished":"2025-07-10T19:38:12+00:00","dateModified":"2025-07-14T16:24:58+00:00","breadcrumb":{"@id":"https:\/\/cleitonpinheiro.com.br\/site\/mpto-consegue-decisao-judicial-para-regularizacao-do-atendimento-de-pessoas-com-cancer\/#breadcrumb"},"inLanguage":"pt-BR","potentialAction":[{"@type":"ReadAction","target":["https:\/\/cleitonpinheiro.com.br\/site\/mpto-consegue-decisao-judicial-para-regularizacao-do-atendimento-de-pessoas-com-cancer\/"]}]},{"@type":"ImageObject","inLanguage":"pt-BR","@id":"https:\/\/cleitonpinheiro.com.br\/site\/mpto-consegue-decisao-judicial-para-regularizacao-do-atendimento-de-pessoas-com-cancer\/#primaryimage","url":"https:\/\/cleitonpinheiro.com.br\/site\/wp-content\/uploads\/2025\/07\/FreePik-1.jpg","contentUrl":"https:\/\/cleitonpinheiro.com.br\/site\/wp-content\/uploads\/2025\/07\/FreePik-1.jpg","width":1920,"height":1080},{"@type":"BreadcrumbList","@id":"https:\/\/cleitonpinheiro.com.br\/site\/mpto-consegue-decisao-judicial-para-regularizacao-do-atendimento-de-pessoas-com-cancer\/#breadcrumb","itemListElement":[{"@type":"ListItem","position":1,"name":"In\u00edcio","item":"https:\/\/cleitonpinheiro.com.br\/site\/"},{"@type":"ListItem","position":2,"name":"MPTO consegue decis\u00e3o judicial para regulariza\u00e7\u00e3o do atendimento de pessoas com c\u00e2ncer"}]},{"@type":"WebSite","@id":"https:\/\/cleitonpinheiro.com.br\/site\/#website","url":"https:\/\/cleitonpinheiro.com.br\/site\/","name":"PORTAL DE NOT\u00cdCIAS CLEITON PINHEIRO","description":"FALANDO A VERDADE","publisher":{"@id":"https:\/\/cleitonpinheiro.com.br\/site\/#organization"},"potentialAction":[{"@type":"SearchAction","target":{"@type":"EntryPoint","urlTemplate":"https:\/\/cleitonpinheiro.com.br\/site\/?s={search_term_string}"},"query-input":{"@type":"PropertyValueSpecification","valueRequired":true,"valueName":"search_term_string"}}],"inLanguage":"pt-BR"},{"@type":"Organization","@id":"https:\/\/cleitonpinheiro.com.br\/site\/#organization","name":"CPNOT\u00cdCIAS","url":"https:\/\/cleitonpinheiro.com.br\/site\/","logo":{"@type":"ImageObject","inLanguage":"pt-BR","@id":"https:\/\/cleitonpinheiro.com.br\/site\/#\/schema\/logo\/image\/","url":"https:\/\/cleitonpinheiro.com.br\/site\/wp-content\/uploads\/2022\/08\/Logo-pequena-2.png","contentUrl":"https:\/\/cleitonpinheiro.com.br\/site\/wp-content\/uploads\/2022\/08\/Logo-pequena-2.png","width":500,"height":500,"caption":"CPNOT\u00cdCIAS"},"image":{"@id":"https:\/\/cleitonpinheiro.com.br\/site\/#\/schema\/logo\/image\/"},"sameAs":["https:\/\/www.facebook.com\/portalcpnoticias\/"]},{"@type":"Person","@id":"https:\/\/cleitonpinheiro.com.br\/site\/#\/schema\/person\/8f04544e0bc40a1b68775b08360f87db","name":"Reda\u00e7\u00e3o CP","image":{"@type":"ImageObject","inLanguage":"pt-BR","@id":"https:\/\/cleitonpinheiro.com.br\/site\/#\/schema\/person\/image\/","url":"https:\/\/secure.gravatar.com\/avatar\/0bcf19cb29fdc8fc588c490c7ae1b3e174dac268586a63fbe1d1893a0f9020cd?s=96&r=g","contentUrl":"https:\/\/secure.gravatar.com\/avatar\/0bcf19cb29fdc8fc588c490c7ae1b3e174dac268586a63fbe1d1893a0f9020cd?s=96&r=g","caption":"Reda\u00e7\u00e3o CP"},"url":"https:\/\/cleitonpinheiro.com.br\/site\/author\/redacao\/"}]}},"views":82,"_links":{"self":[{"href":"https:\/\/cleitonpinheiro.com.br\/site\/wp-json\/wp\/v2\/posts\/86236","targetHints":{"allow":["GET"]}}],"collection":[{"href":"https:\/\/cleitonpinheiro.com.br\/site\/wp-json\/wp\/v2\/posts"}],"about":[{"href":"https:\/\/cleitonpinheiro.com.br\/site\/wp-json\/wp\/v2\/types\/post"}],"author":[{"embeddable":true,"href":"https:\/\/cleitonpinheiro.com.br\/site\/wp-json\/wp\/v2\/users\/13"}],"replies":[{"embeddable":true,"href":"https:\/\/cleitonpinheiro.com.br\/site\/wp-json\/wp\/v2\/comments?post=86236"}],"version-history":[{"count":2,"href":"https:\/\/cleitonpinheiro.com.br\/site\/wp-json\/wp\/v2\/posts\/86236\/revisions"}],"predecessor-version":[{"id":86239,"href":"https:\/\/cleitonpinheiro.com.br\/site\/wp-json\/wp\/v2\/posts\/86236\/revisions\/86239"}],"wp:featuredmedia":[{"embeddable":true,"href":"https:\/\/cleitonpinheiro.com.br\/site\/wp-json\/wp\/v2\/media\/86238"}],"wp:attachment":[{"href":"https:\/\/cleitonpinheiro.com.br\/site\/wp-json\/wp\/v2\/media?parent=86236"}],"wp:term":[{"taxonomy":"category","embeddable":true,"href":"https:\/\/cleitonpinheiro.com.br\/site\/wp-json\/wp\/v2\/categories?post=86236"},{"taxonomy":"post_tag","embeddable":true,"href":"https:\/\/cleitonpinheiro.com.br\/site\/wp-json\/wp\/v2\/tags?post=86236"}],"curies":[{"name":"wp","href":"https:\/\/api.w.org\/{rel}","templated":true}]}}