{"id":86247,"date":"2025-07-14T13:16:31","date_gmt":"2025-07-14T16:16:31","guid":{"rendered":"https:\/\/cleitonpinheiro.com.br\/site\/?p=86247"},"modified":"2025-07-14T13:26:51","modified_gmt":"2025-07-14T16:26:51","slug":"artesanato-do-tocantins-ganha-destaque-nacional-e-internacional-na-fenearte-2025","status":"publish","type":"post","link":"https:\/\/cleitonpinheiro.com.br\/site\/artesanato-do-tocantins-ganha-destaque-nacional-e-internacional-na-fenearte-2025\/","title":{"rendered":"Artesanato do Tocantins ganha destaque nacional e internacional na Fenearte 2025"},"content":{"rendered":"\n<figure class=\"wp-block-image size-large\"><img fetchpriority=\"high\" decoding=\"async\" width=\"1024\" height=\"683\" src=\"https:\/\/cleitonpinheiro.com.br\/site\/wp-content\/uploads\/2025\/07\/Foto-3-1-1024x683.jpg\" alt=\"artesanato\" class=\"wp-image-86249\" srcset=\"https:\/\/cleitonpinheiro.com.br\/site\/wp-content\/uploads\/2025\/07\/Foto-3-1-1024x683.jpg 1024w, https:\/\/cleitonpinheiro.com.br\/site\/wp-content\/uploads\/2025\/07\/Foto-3-1-300x200.jpg 300w, https:\/\/cleitonpinheiro.com.br\/site\/wp-content\/uploads\/2025\/07\/Foto-3-1-768x512.jpg 768w, https:\/\/cleitonpinheiro.com.br\/site\/wp-content\/uploads\/2025\/07\/Foto-3-1-1536x1024.jpg 1536w, https:\/\/cleitonpinheiro.com.br\/site\/wp-content\/uploads\/2025\/07\/Foto-3-1-2048x1365.jpg 2048w\" sizes=\"(max-width: 1024px) 100vw, 1024px\" \/><figcaption class=\"wp-element-caption\">Foto: Paulo Gualberto<\/figcaption><\/figure>\n\n\n\n<p>O Governo do Tocantins, por meio da Secretaria da Cultura (Secult), participa da 25\u00aa edi\u00e7\u00e3o da Feira Nacional de Neg\u00f3cios do Artesanato (Fenearte), em Olinda (PE), com um estande que valoriza a identidade e a criatividade dos artes\u00e3os do estado. A presen\u00e7a tocantinense na feira integra uma estrat\u00e9gia de fortalecimento do artesanato como patrim\u00f4nio cultural e fonte de renda para centenas de fam\u00edlias, aldeias e comunidades. Segundo o secret\u00e1rio Ti\u00e3o Pinheiro, isso atende as diretrizes do Governo Wanderlei Barbosa para fomentar e fortalecer a cultura do Tocantins.<\/p>\n\n\n\n<p>O bom momento do artesanato tocantinense foi reconhecido durante a visita do secret\u00e1rio nacional do Artesanato e do Microempreendedor Individual, Milton Coelho, na sexta-feira, 11, que percorreu a \u00e1rea do Programa do Artesanato Brasileiro (PAB) na feira. \u201cComo secret\u00e1rio nacional do Artesanato, tenho uma alegria imensa de estar aqui no estande do Tocantins. O Estado produz um artesanato de alta qualidade, que expressa com arte a sua identidade. O Governo Estadual tem dado um apoio importante para a participa\u00e7\u00e3o nas feiras nacionais, e isso tamb\u00e9m impacta positivamente a economia brasileira, j\u00e1 que o artesanato gera renda para muitas fam\u00edlias e n\u00facleos produtivos. \u00c9 algo que nos enche de alegria\u201d, afirmou o secret\u00e1rio.<\/p>\n\n\n\n<p>Ainda durante a programa\u00e7\u00e3o do dia, o secret\u00e1rio da Cultura Ti\u00e3o Pinheiro e a secret\u00e1ria-executiva da pasta, Val\u00e9ria Kurovski, receberam no estande tocantinense o presidente da Funda\u00e7\u00e3o de Cultura de Mato Grosso do Sul, Eduardo Mendes. A visita refor\u00e7ou os la\u00e7os institucionais entre os estados e evidenciou o papel da Fenearte como um espa\u00e7o estrat\u00e9gico de articula\u00e7\u00e3o no setor cultural.<\/p>\n\n\n\n<p><strong>Mercado internacional<br><\/strong><br>Entre os destaques do estande est\u00e1 o trabalho da artes\u00e3 Eliene Bispo, representante da Associa\u00e7\u00e3o Dianapolina de Artes\u00e3os. Com mais de duas d\u00e9cadas dedicadas ao capim-dourado, Eliene j\u00e1 exporta para sete pa\u00edses e, este ano, apresentou uma nova cole\u00e7\u00e3o inspirada nas filigranas de Natividade. As pe\u00e7as \u2014 como mandalas, colares de mesa e porta-joias \u2014 foram desenvolvidas com apoio t\u00e9cnico do Sebrae e j\u00e1 tiveram parte da produ\u00e7\u00e3o enviada para a Fran\u00e7a.<\/p>\n\n\n\n<p>\u201cEssa nova cole\u00e7\u00e3o surgiu com o apoio da artes\u00e3 Ana Cl\u00e1udia, contratada pelo Sebrae, e trouxe pe\u00e7as como a mandala, um colar de mesa e um porta-joias. Para mim, estar exportando hoje depois de tantos desafios \u00e9 muito significativo. Participei de uma oficina da ApexBrasil e aprendi, por conta pr\u00f3pria, como fazer todo o processo de exporta\u00e7\u00e3o. Por isso, sempre que posso, ajudo outros artes\u00e3os que est\u00e3o come\u00e7ando\u201d, relata Eliene, emocionada com o reconhecimento alcan\u00e7ado fora do pa\u00eds.<\/p>\n\n\n\n<p>A profissionaliza\u00e7\u00e3o dos artes\u00e3os e o apoio t\u00e9cnico especializado tamb\u00e9m foram destacados pela especialista em competitividade da ApexBrasil, Adamita Mizuno. \u201cPara realizar uma exporta\u00e7\u00e3o, \u00e9 necess\u00e1rio planejamento e prepara\u00e7\u00e3o. Participar da Fenearte j\u00e1 \u00e9 um passo importante nesse caminho, pois permite aos artes\u00e3os desenvolverem compet\u00eancias e fortalecerem sua competitividade para o processo de vendas, inclusive no mercado nacional\u201d, pontua. Segundo ela, a ApexBrasil conta com um programa exclusivo de apoio ao artesanato brasileiro, o Brasil Feito \u00e0 M\u00e3o, que oferece desde cursos gratuitos e consultorias at\u00e9 apoio log\u00edstico e participa\u00e7\u00e3o em rodadas de neg\u00f3cios e feiras nacionais e internacionais.<\/p>\n\n\n\n<p>A visibilidade alcan\u00e7ada no evento refor\u00e7a o potencial do Tocantins em ampliar sua presen\u00e7a nos mercados nacional e internacional.<\/p>\n\n\n\n<p>Texto e fotos: Paulo Gualberto\/Governo do Tocantins<\/p>\n\n\n\n<p><\/p>\n","protected":false},"excerpt":{"rendered":"<p>O Governo do Tocantins, por meio da Secretaria da Cultura (Secult), participa da 25\u00aa edi\u00e7\u00e3o da Feira Nacional de Neg\u00f3cios do Artesanato (Fenearte), em Olinda (PE), com um estande que valoriza a identidade e a criatividade dos artes\u00e3os do estado. A presen\u00e7a tocantinense na feira integra uma estrat\u00e9gia de fortalecimento do artesanato como patrim\u00f4nio cultural [&hellip;]<\/p>\n","protected":false},"author":13,"featured_media":86249,"comment_status":"open","ping_status":"open","sticky":false,"template":"","format":"standard","meta":{"_acf_changed":false,"footnotes":""},"categories":[8,898,21],"tags":[],"class_list":["post-86247","post","type-post","status-publish","format-standard","has-post-thumbnail","hentry","category-estado","category-manchete-segundaria","category-todas-noticias"],"acf":[],"yoast_head":"<!-- This site is optimized with the Yoast SEO plugin v24.4 - https:\/\/yoast.com\/wordpress\/plugins\/seo\/ -->\n<title>Artesanato do Tocantins ganha destaque nacional e internacional na Fenearte 2025 - PORTAL DE NOT\u00cdCIAS CLEITON PINHEIRO<\/title>\n<meta name=\"robots\" content=\"index, follow, max-snippet:-1, max-image-preview:large, max-video-preview:-1\" \/>\n<link rel=\"canonical\" href=\"https:\/\/cleitonpinheiro.com.br\/site\/artesanato-do-tocantins-ganha-destaque-nacional-e-internacional-na-fenearte-2025\/\" \/>\n<meta property=\"og:locale\" content=\"pt_BR\" \/>\n<meta property=\"og:type\" content=\"article\" \/>\n<meta property=\"og:title\" content=\"Artesanato do Tocantins ganha destaque nacional e internacional na Fenearte 2025 - PORTAL DE NOT\u00cdCIAS CLEITON PINHEIRO\" \/>\n<meta property=\"og:description\" content=\"O Governo do Tocantins, por meio da Secretaria da Cultura (Secult), participa da 25\u00aa edi\u00e7\u00e3o da Feira Nacional de Neg\u00f3cios do Artesanato (Fenearte), em Olinda (PE), com um estande que valoriza a identidade e a criatividade dos artes\u00e3os do estado. A presen\u00e7a tocantinense na feira integra uma estrat\u00e9gia de fortalecimento do artesanato como patrim\u00f4nio cultural [&hellip;]\" \/>\n<meta property=\"og:url\" content=\"https:\/\/cleitonpinheiro.com.br\/site\/artesanato-do-tocantins-ganha-destaque-nacional-e-internacional-na-fenearte-2025\/\" \/>\n<meta property=\"og:site_name\" content=\"PORTAL DE NOT\u00cdCIAS CLEITON PINHEIRO\" \/>\n<meta property=\"article:publisher\" content=\"https:\/\/www.facebook.com\/portalcpnoticias\/\" \/>\n<meta property=\"article:published_time\" content=\"2025-07-14T16:16:31+00:00\" \/>\n<meta property=\"article:modified_time\" content=\"2025-07-14T16:26:51+00:00\" \/>\n<meta property=\"og:image\" content=\"https:\/\/cleitonpinheiro.com.br\/site\/wp-content\/uploads\/2025\/07\/Foto-3-1-scaled.jpg\" \/>\n\t<meta property=\"og:image:width\" content=\"2560\" \/>\n\t<meta property=\"og:image:height\" content=\"1707\" \/>\n\t<meta property=\"og:image:type\" content=\"image\/jpeg\" \/>\n<meta name=\"author\" content=\"Reda\u00e7\u00e3o CP\" \/>\n<meta name=\"twitter:card\" content=\"summary_large_image\" \/>\n<meta name=\"twitter:label1\" content=\"Escrito por\" \/>\n\t<meta name=\"twitter:data1\" content=\"Reda\u00e7\u00e3o CP\" \/>\n\t<meta name=\"twitter:label2\" content=\"Est. tempo de leitura\" \/>\n\t<meta name=\"twitter:data2\" content=\"4 minutos\" \/>\n<script type=\"application\/ld+json\" class=\"yoast-schema-graph\">{\"@context\":\"https:\/\/schema.org\",\"@graph\":[{\"@type\":\"Article\",\"@id\":\"https:\/\/cleitonpinheiro.com.br\/site\/artesanato-do-tocantins-ganha-destaque-nacional-e-internacional-na-fenearte-2025\/#article\",\"isPartOf\":{\"@id\":\"https:\/\/cleitonpinheiro.com.br\/site\/artesanato-do-tocantins-ganha-destaque-nacional-e-internacional-na-fenearte-2025\/\"},\"author\":{\"name\":\"Reda\u00e7\u00e3o CP\",\"@id\":\"https:\/\/cleitonpinheiro.com.br\/site\/#\/schema\/person\/8f04544e0bc40a1b68775b08360f87db\"},\"headline\":\"Artesanato do Tocantins ganha destaque nacional e internacional na Fenearte 2025\",\"datePublished\":\"2025-07-14T16:16:31+00:00\",\"dateModified\":\"2025-07-14T16:26:51+00:00\",\"mainEntityOfPage\":{\"@id\":\"https:\/\/cleitonpinheiro.com.br\/site\/artesanato-do-tocantins-ganha-destaque-nacional-e-internacional-na-fenearte-2025\/\"},\"wordCount\":603,\"commentCount\":0,\"publisher\":{\"@id\":\"https:\/\/cleitonpinheiro.com.br\/site\/#organization\"},\"image\":{\"@id\":\"https:\/\/cleitonpinheiro.com.br\/site\/artesanato-do-tocantins-ganha-destaque-nacional-e-internacional-na-fenearte-2025\/#primaryimage\"},\"thumbnailUrl\":\"https:\/\/cleitonpinheiro.com.br\/site\/wp-content\/uploads\/2025\/07\/Foto-3-1-scaled.jpg\",\"articleSection\":[\"ESTADO\",\"MANCHETE SEGUND\u00c1RIA\",\"TODAS NOTICIAS\"],\"inLanguage\":\"pt-BR\",\"potentialAction\":[{\"@type\":\"CommentAction\",\"name\":\"Comment\",\"target\":[\"https:\/\/cleitonpinheiro.com.br\/site\/artesanato-do-tocantins-ganha-destaque-nacional-e-internacional-na-fenearte-2025\/#respond\"]}]},{\"@type\":\"WebPage\",\"@id\":\"https:\/\/cleitonpinheiro.com.br\/site\/artesanato-do-tocantins-ganha-destaque-nacional-e-internacional-na-fenearte-2025\/\",\"url\":\"https:\/\/cleitonpinheiro.com.br\/site\/artesanato-do-tocantins-ganha-destaque-nacional-e-internacional-na-fenearte-2025\/\",\"name\":\"Artesanato do Tocantins ganha destaque nacional e internacional na Fenearte 2025 - PORTAL DE NOT\u00cdCIAS CLEITON PINHEIRO\",\"isPartOf\":{\"@id\":\"https:\/\/cleitonpinheiro.com.br\/site\/#website\"},\"primaryImageOfPage\":{\"@id\":\"https:\/\/cleitonpinheiro.com.br\/site\/artesanato-do-tocantins-ganha-destaque-nacional-e-internacional-na-fenearte-2025\/#primaryimage\"},\"image\":{\"@id\":\"https:\/\/cleitonpinheiro.com.br\/site\/artesanato-do-tocantins-ganha-destaque-nacional-e-internacional-na-fenearte-2025\/#primaryimage\"},\"thumbnailUrl\":\"https:\/\/cleitonpinheiro.com.br\/site\/wp-content\/uploads\/2025\/07\/Foto-3-1-scaled.jpg\",\"datePublished\":\"2025-07-14T16:16:31+00:00\",\"dateModified\":\"2025-07-14T16:26:51+00:00\",\"breadcrumb\":{\"@id\":\"https:\/\/cleitonpinheiro.com.br\/site\/artesanato-do-tocantins-ganha-destaque-nacional-e-internacional-na-fenearte-2025\/#breadcrumb\"},\"inLanguage\":\"pt-BR\",\"potentialAction\":[{\"@type\":\"ReadAction\",\"target\":[\"https:\/\/cleitonpinheiro.com.br\/site\/artesanato-do-tocantins-ganha-destaque-nacional-e-internacional-na-fenearte-2025\/\"]}]},{\"@type\":\"ImageObject\",\"inLanguage\":\"pt-BR\",\"@id\":\"https:\/\/cleitonpinheiro.com.br\/site\/artesanato-do-tocantins-ganha-destaque-nacional-e-internacional-na-fenearte-2025\/#primaryimage\",\"url\":\"https:\/\/cleitonpinheiro.com.br\/site\/wp-content\/uploads\/2025\/07\/Foto-3-1-scaled.jpg\",\"contentUrl\":\"https:\/\/cleitonpinheiro.com.br\/site\/wp-content\/uploads\/2025\/07\/Foto-3-1-scaled.jpg\",\"width\":2560,\"height\":1707,\"caption\":\"Foto: Paulo Gualberto\"},{\"@type\":\"BreadcrumbList\",\"@id\":\"https:\/\/cleitonpinheiro.com.br\/site\/artesanato-do-tocantins-ganha-destaque-nacional-e-internacional-na-fenearte-2025\/#breadcrumb\",\"itemListElement\":[{\"@type\":\"ListItem\",\"position\":1,\"name\":\"In\u00edcio\",\"item\":\"https:\/\/cleitonpinheiro.com.br\/site\/\"},{\"@type\":\"ListItem\",\"position\":2,\"name\":\"Artesanato do Tocantins ganha destaque nacional e internacional na Fenearte 2025\"}]},{\"@type\":\"WebSite\",\"@id\":\"https:\/\/cleitonpinheiro.com.br\/site\/#website\",\"url\":\"https:\/\/cleitonpinheiro.com.br\/site\/\",\"name\":\"PORTAL DE NOT\u00cdCIAS CLEITON PINHEIRO\",\"description\":\"FALANDO A VERDADE\",\"publisher\":{\"@id\":\"https:\/\/cleitonpinheiro.com.br\/site\/#organization\"},\"potentialAction\":[{\"@type\":\"SearchAction\",\"target\":{\"@type\":\"EntryPoint\",\"urlTemplate\":\"https:\/\/cleitonpinheiro.com.br\/site\/?s={search_term_string}\"},\"query-input\":{\"@type\":\"PropertyValueSpecification\",\"valueRequired\":true,\"valueName\":\"search_term_string\"}}],\"inLanguage\":\"pt-BR\"},{\"@type\":\"Organization\",\"@id\":\"https:\/\/cleitonpinheiro.com.br\/site\/#organization\",\"name\":\"CPNOT\u00cdCIAS\",\"url\":\"https:\/\/cleitonpinheiro.com.br\/site\/\",\"logo\":{\"@type\":\"ImageObject\",\"inLanguage\":\"pt-BR\",\"@id\":\"https:\/\/cleitonpinheiro.com.br\/site\/#\/schema\/logo\/image\/\",\"url\":\"https:\/\/cleitonpinheiro.com.br\/site\/wp-content\/uploads\/2022\/08\/Logo-pequena-2.png\",\"contentUrl\":\"https:\/\/cleitonpinheiro.com.br\/site\/wp-content\/uploads\/2022\/08\/Logo-pequena-2.png\",\"width\":500,\"height\":500,\"caption\":\"CPNOT\u00cdCIAS\"},\"image\":{\"@id\":\"https:\/\/cleitonpinheiro.com.br\/site\/#\/schema\/logo\/image\/\"},\"sameAs\":[\"https:\/\/www.facebook.com\/portalcpnoticias\/\"]},{\"@type\":\"Person\",\"@id\":\"https:\/\/cleitonpinheiro.com.br\/site\/#\/schema\/person\/8f04544e0bc40a1b68775b08360f87db\",\"name\":\"Reda\u00e7\u00e3o CP\",\"image\":{\"@type\":\"ImageObject\",\"inLanguage\":\"pt-BR\",\"@id\":\"https:\/\/cleitonpinheiro.com.br\/site\/#\/schema\/person\/image\/\",\"url\":\"https:\/\/secure.gravatar.com\/avatar\/0bcf19cb29fdc8fc588c490c7ae1b3e174dac268586a63fbe1d1893a0f9020cd?s=96&r=g\",\"contentUrl\":\"https:\/\/secure.gravatar.com\/avatar\/0bcf19cb29fdc8fc588c490c7ae1b3e174dac268586a63fbe1d1893a0f9020cd?s=96&r=g\",\"caption\":\"Reda\u00e7\u00e3o CP\"},\"url\":\"https:\/\/cleitonpinheiro.com.br\/site\/author\/redacao\/\"}]}<\/script>\n<!-- \/ Yoast SEO plugin. -->","yoast_head_json":{"title":"Artesanato do Tocantins ganha destaque nacional e internacional na Fenearte 2025 - PORTAL DE NOT\u00cdCIAS CLEITON PINHEIRO","robots":{"index":"index","follow":"follow","max-snippet":"max-snippet:-1","max-image-preview":"max-image-preview:large","max-video-preview":"max-video-preview:-1"},"canonical":"https:\/\/cleitonpinheiro.com.br\/site\/artesanato-do-tocantins-ganha-destaque-nacional-e-internacional-na-fenearte-2025\/","og_locale":"pt_BR","og_type":"article","og_title":"Artesanato do Tocantins ganha destaque nacional e internacional na Fenearte 2025 - PORTAL DE NOT\u00cdCIAS CLEITON PINHEIRO","og_description":"O Governo do Tocantins, por meio da Secretaria da Cultura (Secult), participa da 25\u00aa edi\u00e7\u00e3o da Feira Nacional de Neg\u00f3cios do Artesanato (Fenearte), em Olinda (PE), com um estande que valoriza a identidade e a criatividade dos artes\u00e3os do estado. A presen\u00e7a tocantinense na feira integra uma estrat\u00e9gia de fortalecimento do artesanato como patrim\u00f4nio cultural [&hellip;]","og_url":"https:\/\/cleitonpinheiro.com.br\/site\/artesanato-do-tocantins-ganha-destaque-nacional-e-internacional-na-fenearte-2025\/","og_site_name":"PORTAL DE NOT\u00cdCIAS CLEITON PINHEIRO","article_publisher":"https:\/\/www.facebook.com\/portalcpnoticias\/","article_published_time":"2025-07-14T16:16:31+00:00","article_modified_time":"2025-07-14T16:26:51+00:00","og_image":[{"width":2560,"height":1707,"url":"https:\/\/cleitonpinheiro.com.br\/site\/wp-content\/uploads\/2025\/07\/Foto-3-1-scaled.jpg","type":"image\/jpeg"}],"author":"Reda\u00e7\u00e3o CP","twitter_card":"summary_large_image","twitter_misc":{"Escrito por":"Reda\u00e7\u00e3o CP","Est. tempo de leitura":"4 minutos"},"schema":{"@context":"https:\/\/schema.org","@graph":[{"@type":"Article","@id":"https:\/\/cleitonpinheiro.com.br\/site\/artesanato-do-tocantins-ganha-destaque-nacional-e-internacional-na-fenearte-2025\/#article","isPartOf":{"@id":"https:\/\/cleitonpinheiro.com.br\/site\/artesanato-do-tocantins-ganha-destaque-nacional-e-internacional-na-fenearte-2025\/"},"author":{"name":"Reda\u00e7\u00e3o CP","@id":"https:\/\/cleitonpinheiro.com.br\/site\/#\/schema\/person\/8f04544e0bc40a1b68775b08360f87db"},"headline":"Artesanato do Tocantins ganha destaque nacional e internacional na Fenearte 2025","datePublished":"2025-07-14T16:16:31+00:00","dateModified":"2025-07-14T16:26:51+00:00","mainEntityOfPage":{"@id":"https:\/\/cleitonpinheiro.com.br\/site\/artesanato-do-tocantins-ganha-destaque-nacional-e-internacional-na-fenearte-2025\/"},"wordCount":603,"commentCount":0,"publisher":{"@id":"https:\/\/cleitonpinheiro.com.br\/site\/#organization"},"image":{"@id":"https:\/\/cleitonpinheiro.com.br\/site\/artesanato-do-tocantins-ganha-destaque-nacional-e-internacional-na-fenearte-2025\/#primaryimage"},"thumbnailUrl":"https:\/\/cleitonpinheiro.com.br\/site\/wp-content\/uploads\/2025\/07\/Foto-3-1-scaled.jpg","articleSection":["ESTADO","MANCHETE SEGUND\u00c1RIA","TODAS NOTICIAS"],"inLanguage":"pt-BR","potentialAction":[{"@type":"CommentAction","name":"Comment","target":["https:\/\/cleitonpinheiro.com.br\/site\/artesanato-do-tocantins-ganha-destaque-nacional-e-internacional-na-fenearte-2025\/#respond"]}]},{"@type":"WebPage","@id":"https:\/\/cleitonpinheiro.com.br\/site\/artesanato-do-tocantins-ganha-destaque-nacional-e-internacional-na-fenearte-2025\/","url":"https:\/\/cleitonpinheiro.com.br\/site\/artesanato-do-tocantins-ganha-destaque-nacional-e-internacional-na-fenearte-2025\/","name":"Artesanato do Tocantins ganha destaque nacional e internacional na Fenearte 2025 - PORTAL DE NOT\u00cdCIAS CLEITON PINHEIRO","isPartOf":{"@id":"https:\/\/cleitonpinheiro.com.br\/site\/#website"},"primaryImageOfPage":{"@id":"https:\/\/cleitonpinheiro.com.br\/site\/artesanato-do-tocantins-ganha-destaque-nacional-e-internacional-na-fenearte-2025\/#primaryimage"},"image":{"@id":"https:\/\/cleitonpinheiro.com.br\/site\/artesanato-do-tocantins-ganha-destaque-nacional-e-internacional-na-fenearte-2025\/#primaryimage"},"thumbnailUrl":"https:\/\/cleitonpinheiro.com.br\/site\/wp-content\/uploads\/2025\/07\/Foto-3-1-scaled.jpg","datePublished":"2025-07-14T16:16:31+00:00","dateModified":"2025-07-14T16:26:51+00:00","breadcrumb":{"@id":"https:\/\/cleitonpinheiro.com.br\/site\/artesanato-do-tocantins-ganha-destaque-nacional-e-internacional-na-fenearte-2025\/#breadcrumb"},"inLanguage":"pt-BR","potentialAction":[{"@type":"ReadAction","target":["https:\/\/cleitonpinheiro.com.br\/site\/artesanato-do-tocantins-ganha-destaque-nacional-e-internacional-na-fenearte-2025\/"]}]},{"@type":"ImageObject","inLanguage":"pt-BR","@id":"https:\/\/cleitonpinheiro.com.br\/site\/artesanato-do-tocantins-ganha-destaque-nacional-e-internacional-na-fenearte-2025\/#primaryimage","url":"https:\/\/cleitonpinheiro.com.br\/site\/wp-content\/uploads\/2025\/07\/Foto-3-1-scaled.jpg","contentUrl":"https:\/\/cleitonpinheiro.com.br\/site\/wp-content\/uploads\/2025\/07\/Foto-3-1-scaled.jpg","width":2560,"height":1707,"caption":"Foto: Paulo Gualberto"},{"@type":"BreadcrumbList","@id":"https:\/\/cleitonpinheiro.com.br\/site\/artesanato-do-tocantins-ganha-destaque-nacional-e-internacional-na-fenearte-2025\/#breadcrumb","itemListElement":[{"@type":"ListItem","position":1,"name":"In\u00edcio","item":"https:\/\/cleitonpinheiro.com.br\/site\/"},{"@type":"ListItem","position":2,"name":"Artesanato do Tocantins ganha destaque nacional e internacional na Fenearte 2025"}]},{"@type":"WebSite","@id":"https:\/\/cleitonpinheiro.com.br\/site\/#website","url":"https:\/\/cleitonpinheiro.com.br\/site\/","name":"PORTAL DE NOT\u00cdCIAS CLEITON PINHEIRO","description":"FALANDO A VERDADE","publisher":{"@id":"https:\/\/cleitonpinheiro.com.br\/site\/#organization"},"potentialAction":[{"@type":"SearchAction","target":{"@type":"EntryPoint","urlTemplate":"https:\/\/cleitonpinheiro.com.br\/site\/?s={search_term_string}"},"query-input":{"@type":"PropertyValueSpecification","valueRequired":true,"valueName":"search_term_string"}}],"inLanguage":"pt-BR"},{"@type":"Organization","@id":"https:\/\/cleitonpinheiro.com.br\/site\/#organization","name":"CPNOT\u00cdCIAS","url":"https:\/\/cleitonpinheiro.com.br\/site\/","logo":{"@type":"ImageObject","inLanguage":"pt-BR","@id":"https:\/\/cleitonpinheiro.com.br\/site\/#\/schema\/logo\/image\/","url":"https:\/\/cleitonpinheiro.com.br\/site\/wp-content\/uploads\/2022\/08\/Logo-pequena-2.png","contentUrl":"https:\/\/cleitonpinheiro.com.br\/site\/wp-content\/uploads\/2022\/08\/Logo-pequena-2.png","width":500,"height":500,"caption":"CPNOT\u00cdCIAS"},"image":{"@id":"https:\/\/cleitonpinheiro.com.br\/site\/#\/schema\/logo\/image\/"},"sameAs":["https:\/\/www.facebook.com\/portalcpnoticias\/"]},{"@type":"Person","@id":"https:\/\/cleitonpinheiro.com.br\/site\/#\/schema\/person\/8f04544e0bc40a1b68775b08360f87db","name":"Reda\u00e7\u00e3o CP","image":{"@type":"ImageObject","inLanguage":"pt-BR","@id":"https:\/\/cleitonpinheiro.com.br\/site\/#\/schema\/person\/image\/","url":"https:\/\/secure.gravatar.com\/avatar\/0bcf19cb29fdc8fc588c490c7ae1b3e174dac268586a63fbe1d1893a0f9020cd?s=96&r=g","contentUrl":"https:\/\/secure.gravatar.com\/avatar\/0bcf19cb29fdc8fc588c490c7ae1b3e174dac268586a63fbe1d1893a0f9020cd?s=96&r=g","caption":"Reda\u00e7\u00e3o CP"},"url":"https:\/\/cleitonpinheiro.com.br\/site\/author\/redacao\/"}]}},"views":141,"_links":{"self":[{"href":"https:\/\/cleitonpinheiro.com.br\/site\/wp-json\/wp\/v2\/posts\/86247","targetHints":{"allow":["GET"]}}],"collection":[{"href":"https:\/\/cleitonpinheiro.com.br\/site\/wp-json\/wp\/v2\/posts"}],"about":[{"href":"https:\/\/cleitonpinheiro.com.br\/site\/wp-json\/wp\/v2\/types\/post"}],"author":[{"embeddable":true,"href":"https:\/\/cleitonpinheiro.com.br\/site\/wp-json\/wp\/v2\/users\/13"}],"replies":[{"embeddable":true,"href":"https:\/\/cleitonpinheiro.com.br\/site\/wp-json\/wp\/v2\/comments?post=86247"}],"version-history":[{"count":2,"href":"https:\/\/cleitonpinheiro.com.br\/site\/wp-json\/wp\/v2\/posts\/86247\/revisions"}],"predecessor-version":[{"id":86250,"href":"https:\/\/cleitonpinheiro.com.br\/site\/wp-json\/wp\/v2\/posts\/86247\/revisions\/86250"}],"wp:featuredmedia":[{"embeddable":true,"href":"https:\/\/cleitonpinheiro.com.br\/site\/wp-json\/wp\/v2\/media\/86249"}],"wp:attachment":[{"href":"https:\/\/cleitonpinheiro.com.br\/site\/wp-json\/wp\/v2\/media?parent=86247"}],"wp:term":[{"taxonomy":"category","embeddable":true,"href":"https:\/\/cleitonpinheiro.com.br\/site\/wp-json\/wp\/v2\/categories?post=86247"},{"taxonomy":"post_tag","embeddable":true,"href":"https:\/\/cleitonpinheiro.com.br\/site\/wp-json\/wp\/v2\/tags?post=86247"}],"curies":[{"name":"wp","href":"https:\/\/api.w.org\/{rel}","templated":true}]}}