{"id":86251,"date":"2025-07-14T13:22:39","date_gmt":"2025-07-14T16:22:39","guid":{"rendered":"https:\/\/cleitonpinheiro.com.br\/site\/?p=86251"},"modified":"2025-07-17T15:10:05","modified_gmt":"2025-07-17T18:10:05","slug":"semana-decisiva-para-eduardo-siqueira-campos-no-stf-futuro-de-palmas-em-jogo","status":"publish","type":"post","link":"https:\/\/cleitonpinheiro.com.br\/site\/semana-decisiva-para-eduardo-siqueira-campos-no-stf-futuro-de-palmas-em-jogo\/","title":{"rendered":"Semana decisiva para Eduardo Siqueira Campos no STF; futuro de Palmas em jogo"},"content":{"rendered":"\n<figure class=\"wp-block-image size-large\"><img fetchpriority=\"high\" decoding=\"async\" width=\"1024\" height=\"512\" src=\"https:\/\/cleitonpinheiro.com.br\/site\/wp-content\/uploads\/2025\/06\/F4-Prefeito-Eduardo-Siqueira-Campos-ressalta-o-legado-historico-de-Taquarucu-e-lembra-dos-pioneiros.-Foto-Ademir-dos-Anjos-GovTO-1140x570-1-1024x512.webp\" alt=\"\" class=\"wp-image-86060\" srcset=\"https:\/\/cleitonpinheiro.com.br\/site\/wp-content\/uploads\/2025\/06\/F4-Prefeito-Eduardo-Siqueira-Campos-ressalta-o-legado-historico-de-Taquarucu-e-lembra-dos-pioneiros.-Foto-Ademir-dos-Anjos-GovTO-1140x570-1-1024x512.webp 1024w, https:\/\/cleitonpinheiro.com.br\/site\/wp-content\/uploads\/2025\/06\/F4-Prefeito-Eduardo-Siqueira-Campos-ressalta-o-legado-historico-de-Taquarucu-e-lembra-dos-pioneiros.-Foto-Ademir-dos-Anjos-GovTO-1140x570-1-300x150.webp 300w, https:\/\/cleitonpinheiro.com.br\/site\/wp-content\/uploads\/2025\/06\/F4-Prefeito-Eduardo-Siqueira-Campos-ressalta-o-legado-historico-de-Taquarucu-e-lembra-dos-pioneiros.-Foto-Ademir-dos-Anjos-GovTO-1140x570-1-768x384.webp 768w, https:\/\/cleitonpinheiro.com.br\/site\/wp-content\/uploads\/2025\/06\/F4-Prefeito-Eduardo-Siqueira-Campos-ressalta-o-legado-historico-de-Taquarucu-e-lembra-dos-pioneiros.-Foto-Ademir-dos-Anjos-GovTO-1140x570-1.webp 1140w\" sizes=\"(max-width: 1024px) 100vw, 1024px\" \/><\/figure>\n\n\n\n<p>O futuro pol\u00edtico do prefeito afastado de Palmas, Eduardo Siqueira Campos (Podemos), pode ser definido at\u00e9 a pr\u00f3xima quinta-feira, 17. A expectativa \u00e9 que o ministro Cristiano Zanin, do Supremo Tribunal Federal (STF), avalie os recursos protocolados pela defesa que pedem a revoga\u00e7\u00e3o de sua pris\u00e3o, atualmente em regime domiciliar, e seu retorno imediato ao comando da capital tocantinense. Assim informou o <a href=\"https:\/\/clebertoledo.com.br\/em-off\/em-off-decisao-de-zanin-sobre-recursos-do-prefeito-eduardo-deve-sair-ate-5a-wanderlei-conversa-com-carlos-velozo-cinthia-nega-especulacoes-de-encontro-com-prefeito-em-exercicio\/\">Portal Cleber Toledo<\/a>.<\/p>\n\n\n\n<p>Os recursos teriam sido protocolados na \u00faltima sexta-feira, 11, e o clima entre a defesa e aliados de Siqueira Campos \u00e9 de grande otimismo. A an\u00e1lise desses pedidos pelo ministro Zanin torna esta semana um divisor de \u00e1guas n\u00e3o apenas para o processo enfrentado pelo prefeito, mas tamb\u00e9m para a gest\u00e3o do prefeito em exerc\u00edcio, Carlos Velozo (Agir).<\/p>\n\n\n\n<p>Eduardo Siqueira Campos foi preso preventivamente no final de junho, no \u00e2mbito da Opera\u00e7\u00e3o Sisamnes, que investiga um suposto esquema de vazamento de informa\u00e7\u00f5es sigilosas de investiga\u00e7\u00f5es em andamento no Superior Tribunal de Justi\u00e7a (STJ).<sup><\/sup> A decis\u00e3o partiu do pr\u00f3prio ministro Cristiano Zanin.<\/p>\n\n\n\n<p>No in\u00edcio de julho, ap\u00f3s sofrer um infarto e ser submetido a um procedimento de cateterismo, o prefeito teve a pris\u00e3o preventiva convertida em domiciliar.<sup><\/sup> A decis\u00e3o humanit\u00e1ria, no entanto, manteve as demais medidas cautelares, incluindo o afastamento do cargo.<\/p>\n\n\n\n<p>A defesa de Siqueira Campos busca agora a revoga\u00e7\u00e3o completa da medida restritiva, argumentando a aus\u00eancia dos requisitos para a manuten\u00e7\u00e3o da pris\u00e3o. Embora os detalhes dos argumentos n\u00e3o tenham sido publicamente divulgados, a expectativa \u00e9 de que os advogados reforcem a colabora\u00e7\u00e3o do prefeito com as investiga\u00e7\u00f5es e a fragilidade de sua sa\u00fade como fatores que justificariam a liberdade plena e o retorno \u00e0 fun\u00e7\u00e3o para a qual foi eleito.<\/p>\n\n\n\n<p>Enquanto isso, em Palmas, o prefeito em exerc\u00edcio, Carlos Velozo, tem promovido mudan\u00e7as na equipe de governo, exonerando secret\u00e1rios ligados a Siqueira Campos e nomeando novos titulares para pastas estrat\u00e9gicas. A continuidade dessas altera\u00e7\u00f5es e o ritmo da administra\u00e7\u00e3o municipal est\u00e3o diretamente atrelados \u00e0 decis\u00e3o que vir\u00e1 de Bras\u00edlia.<\/p>\n\n\n\n<p>A iminente avalia\u00e7\u00e3o dos recursos por Cristiano Zanin gera um clima de apreens\u00e3o e expectativa nos meios pol\u00edticos de Palmas e do Tocantins. Uma decis\u00e3o favor\u00e1vel a Eduardo Siqueira Campos poderia reconfigurar o poder na capital, enquanto a manuten\u00e7\u00e3o de seu afastamento consolidaria a posi\u00e7\u00e3o de Carlos Velozo \u00e0 frente da prefeitura, pelo menos por enquanto. A semana, portanto, promete ser de defini\u00e7\u00f5es cruciais para o cen\u00e1rio pol\u00edtico da cidade.<\/p>\n","protected":false},"excerpt":{"rendered":"<p>O futuro pol\u00edtico do prefeito afastado de Palmas, Eduardo Siqueira Campos (Podemos), pode ser definido at\u00e9 a pr\u00f3xima quinta-feira, 17. A expectativa \u00e9 que o ministro Cristiano Zanin, do Supremo Tribunal Federal (STF), avalie os recursos protocolados pela defesa que pedem a revoga\u00e7\u00e3o de sua pris\u00e3o, atualmente em regime domiciliar, e seu retorno imediato ao [&hellip;]<\/p>\n","protected":false},"author":13,"featured_media":86060,"comment_status":"open","ping_status":"open","sticky":false,"template":"","format":"standard","meta":{"_acf_changed":false,"footnotes":""},"categories":[898,23,21],"tags":[],"class_list":["post-86251","post","type-post","status-publish","format-standard","has-post-thumbnail","hentry","category-manchete-segundaria","category-politica","category-todas-noticias"],"acf":[],"yoast_head":"<!-- This site is optimized with the Yoast SEO plugin v24.4 - https:\/\/yoast.com\/wordpress\/plugins\/seo\/ -->\n<title>Semana decisiva para Eduardo Siqueira Campos no STF; futuro de Palmas em jogo - PORTAL DE NOT\u00cdCIAS CLEITON PINHEIRO<\/title>\n<meta name=\"robots\" content=\"index, follow, max-snippet:-1, max-image-preview:large, max-video-preview:-1\" \/>\n<link rel=\"canonical\" href=\"https:\/\/cleitonpinheiro.com.br\/site\/semana-decisiva-para-eduardo-siqueira-campos-no-stf-futuro-de-palmas-em-jogo\/\" \/>\n<meta property=\"og:locale\" content=\"pt_BR\" \/>\n<meta property=\"og:type\" content=\"article\" \/>\n<meta property=\"og:title\" content=\"Semana decisiva para Eduardo Siqueira Campos no STF; futuro de Palmas em jogo - PORTAL DE NOT\u00cdCIAS CLEITON PINHEIRO\" \/>\n<meta property=\"og:description\" content=\"O futuro pol\u00edtico do prefeito afastado de Palmas, Eduardo Siqueira Campos (Podemos), pode ser definido at\u00e9 a pr\u00f3xima quinta-feira, 17. A expectativa \u00e9 que o ministro Cristiano Zanin, do Supremo Tribunal Federal (STF), avalie os recursos protocolados pela defesa que pedem a revoga\u00e7\u00e3o de sua pris\u00e3o, atualmente em regime domiciliar, e seu retorno imediato ao [&hellip;]\" \/>\n<meta property=\"og:url\" content=\"https:\/\/cleitonpinheiro.com.br\/site\/semana-decisiva-para-eduardo-siqueira-campos-no-stf-futuro-de-palmas-em-jogo\/\" \/>\n<meta property=\"og:site_name\" content=\"PORTAL DE NOT\u00cdCIAS CLEITON PINHEIRO\" \/>\n<meta property=\"article:publisher\" content=\"https:\/\/www.facebook.com\/portalcpnoticias\/\" \/>\n<meta property=\"article:published_time\" content=\"2025-07-14T16:22:39+00:00\" \/>\n<meta property=\"article:modified_time\" content=\"2025-07-17T18:10:05+00:00\" \/>\n<meta property=\"og:image\" content=\"https:\/\/cleitonpinheiro.com.br\/site\/wp-content\/uploads\/2025\/06\/F4-Prefeito-Eduardo-Siqueira-Campos-ressalta-o-legado-historico-de-Taquarucu-e-lembra-dos-pioneiros.-Foto-Ademir-dos-Anjos-GovTO-1140x570-1.webp\" \/>\n\t<meta property=\"og:image:width\" content=\"1140\" \/>\n\t<meta property=\"og:image:height\" content=\"570\" \/>\n\t<meta property=\"og:image:type\" content=\"image\/webp\" \/>\n<meta name=\"author\" content=\"Reda\u00e7\u00e3o CP\" \/>\n<meta name=\"twitter:card\" content=\"summary_large_image\" \/>\n<meta name=\"twitter:label1\" content=\"Escrito por\" \/>\n\t<meta name=\"twitter:data1\" content=\"Reda\u00e7\u00e3o CP\" \/>\n\t<meta name=\"twitter:label2\" content=\"Est. tempo de leitura\" \/>\n\t<meta name=\"twitter:data2\" content=\"3 minutos\" \/>\n<script type=\"application\/ld+json\" class=\"yoast-schema-graph\">{\"@context\":\"https:\/\/schema.org\",\"@graph\":[{\"@type\":\"Article\",\"@id\":\"https:\/\/cleitonpinheiro.com.br\/site\/semana-decisiva-para-eduardo-siqueira-campos-no-stf-futuro-de-palmas-em-jogo\/#article\",\"isPartOf\":{\"@id\":\"https:\/\/cleitonpinheiro.com.br\/site\/semana-decisiva-para-eduardo-siqueira-campos-no-stf-futuro-de-palmas-em-jogo\/\"},\"author\":{\"name\":\"Reda\u00e7\u00e3o CP\",\"@id\":\"https:\/\/cleitonpinheiro.com.br\/site\/#\/schema\/person\/8f04544e0bc40a1b68775b08360f87db\"},\"headline\":\"Semana decisiva para Eduardo Siqueira Campos no STF; futuro de Palmas em jogo\",\"datePublished\":\"2025-07-14T16:22:39+00:00\",\"dateModified\":\"2025-07-17T18:10:05+00:00\",\"mainEntityOfPage\":{\"@id\":\"https:\/\/cleitonpinheiro.com.br\/site\/semana-decisiva-para-eduardo-siqueira-campos-no-stf-futuro-de-palmas-em-jogo\/\"},\"wordCount\":449,\"commentCount\":0,\"publisher\":{\"@id\":\"https:\/\/cleitonpinheiro.com.br\/site\/#organization\"},\"image\":{\"@id\":\"https:\/\/cleitonpinheiro.com.br\/site\/semana-decisiva-para-eduardo-siqueira-campos-no-stf-futuro-de-palmas-em-jogo\/#primaryimage\"},\"thumbnailUrl\":\"https:\/\/cleitonpinheiro.com.br\/site\/wp-content\/uploads\/2025\/06\/F4-Prefeito-Eduardo-Siqueira-Campos-ressalta-o-legado-historico-de-Taquarucu-e-lembra-dos-pioneiros.-Foto-Ademir-dos-Anjos-GovTO-1140x570-1.webp\",\"articleSection\":[\"MANCHETE SEGUND\u00c1RIA\",\"POL\u00cdTICA\",\"TODAS NOTICIAS\"],\"inLanguage\":\"pt-BR\",\"potentialAction\":[{\"@type\":\"CommentAction\",\"name\":\"Comment\",\"target\":[\"https:\/\/cleitonpinheiro.com.br\/site\/semana-decisiva-para-eduardo-siqueira-campos-no-stf-futuro-de-palmas-em-jogo\/#respond\"]}]},{\"@type\":\"WebPage\",\"@id\":\"https:\/\/cleitonpinheiro.com.br\/site\/semana-decisiva-para-eduardo-siqueira-campos-no-stf-futuro-de-palmas-em-jogo\/\",\"url\":\"https:\/\/cleitonpinheiro.com.br\/site\/semana-decisiva-para-eduardo-siqueira-campos-no-stf-futuro-de-palmas-em-jogo\/\",\"name\":\"Semana decisiva para Eduardo Siqueira Campos no STF; futuro de Palmas em jogo - PORTAL DE NOT\u00cdCIAS CLEITON PINHEIRO\",\"isPartOf\":{\"@id\":\"https:\/\/cleitonpinheiro.com.br\/site\/#website\"},\"primaryImageOfPage\":{\"@id\":\"https:\/\/cleitonpinheiro.com.br\/site\/semana-decisiva-para-eduardo-siqueira-campos-no-stf-futuro-de-palmas-em-jogo\/#primaryimage\"},\"image\":{\"@id\":\"https:\/\/cleitonpinheiro.com.br\/site\/semana-decisiva-para-eduardo-siqueira-campos-no-stf-futuro-de-palmas-em-jogo\/#primaryimage\"},\"thumbnailUrl\":\"https:\/\/cleitonpinheiro.com.br\/site\/wp-content\/uploads\/2025\/06\/F4-Prefeito-Eduardo-Siqueira-Campos-ressalta-o-legado-historico-de-Taquarucu-e-lembra-dos-pioneiros.-Foto-Ademir-dos-Anjos-GovTO-1140x570-1.webp\",\"datePublished\":\"2025-07-14T16:22:39+00:00\",\"dateModified\":\"2025-07-17T18:10:05+00:00\",\"breadcrumb\":{\"@id\":\"https:\/\/cleitonpinheiro.com.br\/site\/semana-decisiva-para-eduardo-siqueira-campos-no-stf-futuro-de-palmas-em-jogo\/#breadcrumb\"},\"inLanguage\":\"pt-BR\",\"potentialAction\":[{\"@type\":\"ReadAction\",\"target\":[\"https:\/\/cleitonpinheiro.com.br\/site\/semana-decisiva-para-eduardo-siqueira-campos-no-stf-futuro-de-palmas-em-jogo\/\"]}]},{\"@type\":\"ImageObject\",\"inLanguage\":\"pt-BR\",\"@id\":\"https:\/\/cleitonpinheiro.com.br\/site\/semana-decisiva-para-eduardo-siqueira-campos-no-stf-futuro-de-palmas-em-jogo\/#primaryimage\",\"url\":\"https:\/\/cleitonpinheiro.com.br\/site\/wp-content\/uploads\/2025\/06\/F4-Prefeito-Eduardo-Siqueira-Campos-ressalta-o-legado-historico-de-Taquarucu-e-lembra-dos-pioneiros.-Foto-Ademir-dos-Anjos-GovTO-1140x570-1.webp\",\"contentUrl\":\"https:\/\/cleitonpinheiro.com.br\/site\/wp-content\/uploads\/2025\/06\/F4-Prefeito-Eduardo-Siqueira-Campos-ressalta-o-legado-historico-de-Taquarucu-e-lembra-dos-pioneiros.-Foto-Ademir-dos-Anjos-GovTO-1140x570-1.webp\",\"width\":1140,\"height\":570},{\"@type\":\"BreadcrumbList\",\"@id\":\"https:\/\/cleitonpinheiro.com.br\/site\/semana-decisiva-para-eduardo-siqueira-campos-no-stf-futuro-de-palmas-em-jogo\/#breadcrumb\",\"itemListElement\":[{\"@type\":\"ListItem\",\"position\":1,\"name\":\"In\u00edcio\",\"item\":\"https:\/\/cleitonpinheiro.com.br\/site\/\"},{\"@type\":\"ListItem\",\"position\":2,\"name\":\"Semana decisiva para Eduardo Siqueira Campos no STF; futuro de Palmas em jogo\"}]},{\"@type\":\"WebSite\",\"@id\":\"https:\/\/cleitonpinheiro.com.br\/site\/#website\",\"url\":\"https:\/\/cleitonpinheiro.com.br\/site\/\",\"name\":\"PORTAL DE NOT\u00cdCIAS CLEITON PINHEIRO\",\"description\":\"FALANDO A VERDADE\",\"publisher\":{\"@id\":\"https:\/\/cleitonpinheiro.com.br\/site\/#organization\"},\"potentialAction\":[{\"@type\":\"SearchAction\",\"target\":{\"@type\":\"EntryPoint\",\"urlTemplate\":\"https:\/\/cleitonpinheiro.com.br\/site\/?s={search_term_string}\"},\"query-input\":{\"@type\":\"PropertyValueSpecification\",\"valueRequired\":true,\"valueName\":\"search_term_string\"}}],\"inLanguage\":\"pt-BR\"},{\"@type\":\"Organization\",\"@id\":\"https:\/\/cleitonpinheiro.com.br\/site\/#organization\",\"name\":\"CPNOT\u00cdCIAS\",\"url\":\"https:\/\/cleitonpinheiro.com.br\/site\/\",\"logo\":{\"@type\":\"ImageObject\",\"inLanguage\":\"pt-BR\",\"@id\":\"https:\/\/cleitonpinheiro.com.br\/site\/#\/schema\/logo\/image\/\",\"url\":\"https:\/\/cleitonpinheiro.com.br\/site\/wp-content\/uploads\/2022\/08\/Logo-pequena-2.png\",\"contentUrl\":\"https:\/\/cleitonpinheiro.com.br\/site\/wp-content\/uploads\/2022\/08\/Logo-pequena-2.png\",\"width\":500,\"height\":500,\"caption\":\"CPNOT\u00cdCIAS\"},\"image\":{\"@id\":\"https:\/\/cleitonpinheiro.com.br\/site\/#\/schema\/logo\/image\/\"},\"sameAs\":[\"https:\/\/www.facebook.com\/portalcpnoticias\/\"]},{\"@type\":\"Person\",\"@id\":\"https:\/\/cleitonpinheiro.com.br\/site\/#\/schema\/person\/8f04544e0bc40a1b68775b08360f87db\",\"name\":\"Reda\u00e7\u00e3o CP\",\"image\":{\"@type\":\"ImageObject\",\"inLanguage\":\"pt-BR\",\"@id\":\"https:\/\/cleitonpinheiro.com.br\/site\/#\/schema\/person\/image\/\",\"url\":\"https:\/\/secure.gravatar.com\/avatar\/0bcf19cb29fdc8fc588c490c7ae1b3e174dac268586a63fbe1d1893a0f9020cd?s=96&r=g\",\"contentUrl\":\"https:\/\/secure.gravatar.com\/avatar\/0bcf19cb29fdc8fc588c490c7ae1b3e174dac268586a63fbe1d1893a0f9020cd?s=96&r=g\",\"caption\":\"Reda\u00e7\u00e3o CP\"},\"url\":\"https:\/\/cleitonpinheiro.com.br\/site\/author\/redacao\/\"}]}<\/script>\n<!-- \/ Yoast SEO plugin. -->","yoast_head_json":{"title":"Semana decisiva para Eduardo Siqueira Campos no STF; futuro de Palmas em jogo - PORTAL DE NOT\u00cdCIAS CLEITON PINHEIRO","robots":{"index":"index","follow":"follow","max-snippet":"max-snippet:-1","max-image-preview":"max-image-preview:large","max-video-preview":"max-video-preview:-1"},"canonical":"https:\/\/cleitonpinheiro.com.br\/site\/semana-decisiva-para-eduardo-siqueira-campos-no-stf-futuro-de-palmas-em-jogo\/","og_locale":"pt_BR","og_type":"article","og_title":"Semana decisiva para Eduardo Siqueira Campos no STF; futuro de Palmas em jogo - PORTAL DE NOT\u00cdCIAS CLEITON PINHEIRO","og_description":"O futuro pol\u00edtico do prefeito afastado de Palmas, Eduardo Siqueira Campos (Podemos), pode ser definido at\u00e9 a pr\u00f3xima quinta-feira, 17. A expectativa \u00e9 que o ministro Cristiano Zanin, do Supremo Tribunal Federal (STF), avalie os recursos protocolados pela defesa que pedem a revoga\u00e7\u00e3o de sua pris\u00e3o, atualmente em regime domiciliar, e seu retorno imediato ao [&hellip;]","og_url":"https:\/\/cleitonpinheiro.com.br\/site\/semana-decisiva-para-eduardo-siqueira-campos-no-stf-futuro-de-palmas-em-jogo\/","og_site_name":"PORTAL DE NOT\u00cdCIAS CLEITON PINHEIRO","article_publisher":"https:\/\/www.facebook.com\/portalcpnoticias\/","article_published_time":"2025-07-14T16:22:39+00:00","article_modified_time":"2025-07-17T18:10:05+00:00","og_image":[{"width":1140,"height":570,"url":"https:\/\/cleitonpinheiro.com.br\/site\/wp-content\/uploads\/2025\/06\/F4-Prefeito-Eduardo-Siqueira-Campos-ressalta-o-legado-historico-de-Taquarucu-e-lembra-dos-pioneiros.-Foto-Ademir-dos-Anjos-GovTO-1140x570-1.webp","type":"image\/webp"}],"author":"Reda\u00e7\u00e3o CP","twitter_card":"summary_large_image","twitter_misc":{"Escrito por":"Reda\u00e7\u00e3o CP","Est. tempo de leitura":"3 minutos"},"schema":{"@context":"https:\/\/schema.org","@graph":[{"@type":"Article","@id":"https:\/\/cleitonpinheiro.com.br\/site\/semana-decisiva-para-eduardo-siqueira-campos-no-stf-futuro-de-palmas-em-jogo\/#article","isPartOf":{"@id":"https:\/\/cleitonpinheiro.com.br\/site\/semana-decisiva-para-eduardo-siqueira-campos-no-stf-futuro-de-palmas-em-jogo\/"},"author":{"name":"Reda\u00e7\u00e3o CP","@id":"https:\/\/cleitonpinheiro.com.br\/site\/#\/schema\/person\/8f04544e0bc40a1b68775b08360f87db"},"headline":"Semana decisiva para Eduardo Siqueira Campos no STF; futuro de Palmas em jogo","datePublished":"2025-07-14T16:22:39+00:00","dateModified":"2025-07-17T18:10:05+00:00","mainEntityOfPage":{"@id":"https:\/\/cleitonpinheiro.com.br\/site\/semana-decisiva-para-eduardo-siqueira-campos-no-stf-futuro-de-palmas-em-jogo\/"},"wordCount":449,"commentCount":0,"publisher":{"@id":"https:\/\/cleitonpinheiro.com.br\/site\/#organization"},"image":{"@id":"https:\/\/cleitonpinheiro.com.br\/site\/semana-decisiva-para-eduardo-siqueira-campos-no-stf-futuro-de-palmas-em-jogo\/#primaryimage"},"thumbnailUrl":"https:\/\/cleitonpinheiro.com.br\/site\/wp-content\/uploads\/2025\/06\/F4-Prefeito-Eduardo-Siqueira-Campos-ressalta-o-legado-historico-de-Taquarucu-e-lembra-dos-pioneiros.-Foto-Ademir-dos-Anjos-GovTO-1140x570-1.webp","articleSection":["MANCHETE SEGUND\u00c1RIA","POL\u00cdTICA","TODAS NOTICIAS"],"inLanguage":"pt-BR","potentialAction":[{"@type":"CommentAction","name":"Comment","target":["https:\/\/cleitonpinheiro.com.br\/site\/semana-decisiva-para-eduardo-siqueira-campos-no-stf-futuro-de-palmas-em-jogo\/#respond"]}]},{"@type":"WebPage","@id":"https:\/\/cleitonpinheiro.com.br\/site\/semana-decisiva-para-eduardo-siqueira-campos-no-stf-futuro-de-palmas-em-jogo\/","url":"https:\/\/cleitonpinheiro.com.br\/site\/semana-decisiva-para-eduardo-siqueira-campos-no-stf-futuro-de-palmas-em-jogo\/","name":"Semana decisiva para Eduardo Siqueira Campos no STF; futuro de Palmas em jogo - PORTAL DE NOT\u00cdCIAS CLEITON PINHEIRO","isPartOf":{"@id":"https:\/\/cleitonpinheiro.com.br\/site\/#website"},"primaryImageOfPage":{"@id":"https:\/\/cleitonpinheiro.com.br\/site\/semana-decisiva-para-eduardo-siqueira-campos-no-stf-futuro-de-palmas-em-jogo\/#primaryimage"},"image":{"@id":"https:\/\/cleitonpinheiro.com.br\/site\/semana-decisiva-para-eduardo-siqueira-campos-no-stf-futuro-de-palmas-em-jogo\/#primaryimage"},"thumbnailUrl":"https:\/\/cleitonpinheiro.com.br\/site\/wp-content\/uploads\/2025\/06\/F4-Prefeito-Eduardo-Siqueira-Campos-ressalta-o-legado-historico-de-Taquarucu-e-lembra-dos-pioneiros.-Foto-Ademir-dos-Anjos-GovTO-1140x570-1.webp","datePublished":"2025-07-14T16:22:39+00:00","dateModified":"2025-07-17T18:10:05+00:00","breadcrumb":{"@id":"https:\/\/cleitonpinheiro.com.br\/site\/semana-decisiva-para-eduardo-siqueira-campos-no-stf-futuro-de-palmas-em-jogo\/#breadcrumb"},"inLanguage":"pt-BR","potentialAction":[{"@type":"ReadAction","target":["https:\/\/cleitonpinheiro.com.br\/site\/semana-decisiva-para-eduardo-siqueira-campos-no-stf-futuro-de-palmas-em-jogo\/"]}]},{"@type":"ImageObject","inLanguage":"pt-BR","@id":"https:\/\/cleitonpinheiro.com.br\/site\/semana-decisiva-para-eduardo-siqueira-campos-no-stf-futuro-de-palmas-em-jogo\/#primaryimage","url":"https:\/\/cleitonpinheiro.com.br\/site\/wp-content\/uploads\/2025\/06\/F4-Prefeito-Eduardo-Siqueira-Campos-ressalta-o-legado-historico-de-Taquarucu-e-lembra-dos-pioneiros.-Foto-Ademir-dos-Anjos-GovTO-1140x570-1.webp","contentUrl":"https:\/\/cleitonpinheiro.com.br\/site\/wp-content\/uploads\/2025\/06\/F4-Prefeito-Eduardo-Siqueira-Campos-ressalta-o-legado-historico-de-Taquarucu-e-lembra-dos-pioneiros.-Foto-Ademir-dos-Anjos-GovTO-1140x570-1.webp","width":1140,"height":570},{"@type":"BreadcrumbList","@id":"https:\/\/cleitonpinheiro.com.br\/site\/semana-decisiva-para-eduardo-siqueira-campos-no-stf-futuro-de-palmas-em-jogo\/#breadcrumb","itemListElement":[{"@type":"ListItem","position":1,"name":"In\u00edcio","item":"https:\/\/cleitonpinheiro.com.br\/site\/"},{"@type":"ListItem","position":2,"name":"Semana decisiva para Eduardo Siqueira Campos no STF; futuro de Palmas em jogo"}]},{"@type":"WebSite","@id":"https:\/\/cleitonpinheiro.com.br\/site\/#website","url":"https:\/\/cleitonpinheiro.com.br\/site\/","name":"PORTAL DE NOT\u00cdCIAS CLEITON PINHEIRO","description":"FALANDO A VERDADE","publisher":{"@id":"https:\/\/cleitonpinheiro.com.br\/site\/#organization"},"potentialAction":[{"@type":"SearchAction","target":{"@type":"EntryPoint","urlTemplate":"https:\/\/cleitonpinheiro.com.br\/site\/?s={search_term_string}"},"query-input":{"@type":"PropertyValueSpecification","valueRequired":true,"valueName":"search_term_string"}}],"inLanguage":"pt-BR"},{"@type":"Organization","@id":"https:\/\/cleitonpinheiro.com.br\/site\/#organization","name":"CPNOT\u00cdCIAS","url":"https:\/\/cleitonpinheiro.com.br\/site\/","logo":{"@type":"ImageObject","inLanguage":"pt-BR","@id":"https:\/\/cleitonpinheiro.com.br\/site\/#\/schema\/logo\/image\/","url":"https:\/\/cleitonpinheiro.com.br\/site\/wp-content\/uploads\/2022\/08\/Logo-pequena-2.png","contentUrl":"https:\/\/cleitonpinheiro.com.br\/site\/wp-content\/uploads\/2022\/08\/Logo-pequena-2.png","width":500,"height":500,"caption":"CPNOT\u00cdCIAS"},"image":{"@id":"https:\/\/cleitonpinheiro.com.br\/site\/#\/schema\/logo\/image\/"},"sameAs":["https:\/\/www.facebook.com\/portalcpnoticias\/"]},{"@type":"Person","@id":"https:\/\/cleitonpinheiro.com.br\/site\/#\/schema\/person\/8f04544e0bc40a1b68775b08360f87db","name":"Reda\u00e7\u00e3o CP","image":{"@type":"ImageObject","inLanguage":"pt-BR","@id":"https:\/\/cleitonpinheiro.com.br\/site\/#\/schema\/person\/image\/","url":"https:\/\/secure.gravatar.com\/avatar\/0bcf19cb29fdc8fc588c490c7ae1b3e174dac268586a63fbe1d1893a0f9020cd?s=96&r=g","contentUrl":"https:\/\/secure.gravatar.com\/avatar\/0bcf19cb29fdc8fc588c490c7ae1b3e174dac268586a63fbe1d1893a0f9020cd?s=96&r=g","caption":"Reda\u00e7\u00e3o CP"},"url":"https:\/\/cleitonpinheiro.com.br\/site\/author\/redacao\/"}]}},"views":151,"_links":{"self":[{"href":"https:\/\/cleitonpinheiro.com.br\/site\/wp-json\/wp\/v2\/posts\/86251","targetHints":{"allow":["GET"]}}],"collection":[{"href":"https:\/\/cleitonpinheiro.com.br\/site\/wp-json\/wp\/v2\/posts"}],"about":[{"href":"https:\/\/cleitonpinheiro.com.br\/site\/wp-json\/wp\/v2\/types\/post"}],"author":[{"embeddable":true,"href":"https:\/\/cleitonpinheiro.com.br\/site\/wp-json\/wp\/v2\/users\/13"}],"replies":[{"embeddable":true,"href":"https:\/\/cleitonpinheiro.com.br\/site\/wp-json\/wp\/v2\/comments?post=86251"}],"version-history":[{"count":1,"href":"https:\/\/cleitonpinheiro.com.br\/site\/wp-json\/wp\/v2\/posts\/86251\/revisions"}],"predecessor-version":[{"id":86252,"href":"https:\/\/cleitonpinheiro.com.br\/site\/wp-json\/wp\/v2\/posts\/86251\/revisions\/86252"}],"wp:featuredmedia":[{"embeddable":true,"href":"https:\/\/cleitonpinheiro.com.br\/site\/wp-json\/wp\/v2\/media\/86060"}],"wp:attachment":[{"href":"https:\/\/cleitonpinheiro.com.br\/site\/wp-json\/wp\/v2\/media?parent=86251"}],"wp:term":[{"taxonomy":"category","embeddable":true,"href":"https:\/\/cleitonpinheiro.com.br\/site\/wp-json\/wp\/v2\/categories?post=86251"},{"taxonomy":"post_tag","embeddable":true,"href":"https:\/\/cleitonpinheiro.com.br\/site\/wp-json\/wp\/v2\/tags?post=86251"}],"curies":[{"name":"wp","href":"https:\/\/api.w.org\/{rel}","templated":true}]}}