{"id":86259,"date":"2025-07-14T13:39:45","date_gmt":"2025-07-14T16:39:45","guid":{"rendered":"https:\/\/cleitonpinheiro.com.br\/site\/?p=86259"},"modified":"2025-07-14T13:39:59","modified_gmt":"2025-07-14T16:39:59","slug":"governo-vai-trabalhar-para-reverter-taxacao-dos-eua-diz-alckmin","status":"publish","type":"post","link":"https:\/\/cleitonpinheiro.com.br\/site\/governo-vai-trabalhar-para-reverter-taxacao-dos-eua-diz-alckmin\/","title":{"rendered":"Governo vai trabalhar para reverter taxa\u00e7\u00e3o dos EUA, diz Alckmin"},"content":{"rendered":"\n<figure class=\"wp-block-image size-large\"><img fetchpriority=\"high\" decoding=\"async\" width=\"1024\" height=\"613\" src=\"https:\/\/cleitonpinheiro.com.br\/site\/wp-content\/uploads\/2025\/07\/30062025-pzzb3850-1024x613.webp\" alt=\"\" class=\"wp-image-86260\" srcset=\"https:\/\/cleitonpinheiro.com.br\/site\/wp-content\/uploads\/2025\/07\/30062025-pzzb3850-1024x613.webp 1024w, https:\/\/cleitonpinheiro.com.br\/site\/wp-content\/uploads\/2025\/07\/30062025-pzzb3850-300x179.webp 300w, https:\/\/cleitonpinheiro.com.br\/site\/wp-content\/uploads\/2025\/07\/30062025-pzzb3850-768x459.webp 768w, https:\/\/cleitonpinheiro.com.br\/site\/wp-content\/uploads\/2025\/07\/30062025-pzzb3850.webp 1170w\" sizes=\"(max-width: 1024px) 100vw, 1024px\" \/><figcaption class=\"wp-element-caption\">\u00a9 Fabio Rodrigues-Pozzebom\/ Ag\u00eancia Brasil<\/figcaption><\/figure>\n\n\n\n<p>O governo federal vai trabalhar para reverter a imposi\u00e7\u00e3o de tarifas comerciais sobre as exporta\u00e7\u00f5es do Brasil aos Estados Unidos, anunciada na quarta-feira (9) pelo presidente Donald Trump.&nbsp;<img decoding=\"async\" src=\"https:\/\/agenciabrasil.ebc.com.br\/ebc.png?id=1650708&amp;o=node\"><img decoding=\"async\" src=\"https:\/\/agenciabrasil.ebc.com.br\/ebc.gif?id=1650708&amp;o=node\"><\/p>\n\n\n\n<p><strong>\u201cN\u00f3s vamos trabalhar para reverter isso, porque n\u00e3o tem sentido essa tarifa. Ela, inclusive, prejudica tamb\u00e9m o consumidor norte-americano. N\u00f3s entendemos que ela \u00e9 inadequada, ela n\u00e3o se justifica. Vamos recorrer \u00e0 Organiza\u00e7\u00e3o Mundial do Com\u00e9rcio (OMC)\u201d, afirmou o vice-presidente da Rep\u00fablica e ministro do Desenvolvimento, Ind\u00fastria e Com\u00e9rcio, Geraldo Alckmin, ap\u00f3s a inaugura\u00e7\u00e3o do Novo Viaduto de Francisco Morato, em S\u00e3o Paulo, neste domingo (13).<\/strong><\/p>\n\n\n\n<p>Segundo Alckmin, o governo se reunir\u00e1 nos pr\u00f3ximos dias com o setor privado, e tamb\u00e9m est\u00e1 sendo analisada a&nbsp;<a href=\"https:\/\/agenciabrasil.ebc.com.br\/economia\/noticia\/2025-07\/brasil-tem-medidas-de-retaliacao-que-nao-impactam-inflacao-diz-haddad\" target=\"_blank\" rel=\"noreferrer noopener\">aplica\u00e7\u00e3o da Lei de Reciprocidade Econ\u00f4mica<\/a>, sancionada em abril, que estabelece crit\u00e9rios para a suspens\u00e3o de concess\u00f5es comerciais, de investimentos e de obriga\u00e7\u00f5es relativas a direitos de propriedade intelectual, em resposta a medidas unilaterais adotadas por pa\u00eds ou bloco econ\u00f4mico que impactem negativamente a competitividade internacional brasileira.<\/p>\n\n\n\n<blockquote class=\"wp-block-quote is-layout-flow wp-block-quote-is-layout-flow\">\n<p>\u201cOs Estados Unidos t\u00eam conosco super\u00e1vit na balan\u00e7a comercial, tanto de servi\u00e7os quanto de bens. O Brasil n\u00e3o \u00e9 problema para os Estados Unidos. Os Estados Unidos t\u00eam d\u00e9ficit na sua balan\u00e7a. E o Brasil e os Estados Unidos t\u00eam uma integra\u00e7\u00e3o produtiva. N\u00f3s temos 200 anos de amizade com os Estados Unidos. Ent\u00e3o, n\u00e3o se justifica e o mundo econ\u00f4mico precisa de estabilidade e de previsibilidade\u201d, disse Alckmin.<\/p>\n<\/blockquote>\n\n\n\n<p><a href=\"https:\/\/agenciabrasil.ebc.com.br\/internacional\/noticia\/2025-07\/em-carta-lula-trump-anuncia-tarifa-de-50-produtos-brasileiros\" target=\"_blank\" rel=\"noreferrer noopener\">O l\u00edder norte-americano anunciou uma taxa de 50%<\/a>&nbsp;sobre todos os produtos importados dos brasileiros. A informa\u00e7\u00e3o foi feita por meio de uma carta ao presidente Luiz In\u00e1cio Lula da Silva.&nbsp;<strong>As tarifas passam a valer a partir do dia 1\u00ba de agosto.<\/strong><\/p>\n\n\n\n<p><strong>No documento, Trump justifica a medida citando o ex-presidente Jair Bolsonaro, que \u00e9 r\u00e9u no Supremo Tribunal Federal (STF) por tentativa de golpe de Estado.<\/strong>&nbsp;O presidente norte-americano tamb\u00e9m destacou ordens do STF emitidas contra apoiadores do ex-presidente brasileiro que mant\u00eam resid\u00eancia nos Estados Unidos. Trump cita ainda supostos &#8220;ataques insidiosos do Brasil contra elei\u00e7\u00f5es livres e a viola\u00e7\u00e3o fundamental da liberdade de express\u00e3o dos americanos\u201d.<\/p>\n\n\n\n<p>&#8220;A forma como o Brasil tem tratado o ex-presidente Bolsonaro, um l\u00edder altamente respeitado em todo o mundo durante seu mandato, inclusive pelos Estados Unidos, \u00e9 uma vergonha internacional. Esse julgamento n\u00e3o deveria estar ocorrendo. \u00c9 uma Ca\u00e7a \u00e0s Bruxas que deve acabar imediatamente!&#8221;, escreveu Trump.<\/p>\n\n\n\n<h2 class=\"wp-block-heading\">IPI zero<\/h2>\n\n\n\n<p>Alckmin lembrou ainda do in\u00edcio da aplica\u00e7\u00e3o do Imposto sobre Produtos Industrializados (IPI) zero para o carro sustent\u00e1vel, medida anunciada pelo presidente Luiz In\u00e1cio Lula da Silva na \u00faltima semana, que retira o imposto do valor dos carros de entrada, ou seja, torna-os mais baratos.&nbsp;<\/p>\n\n\n\n<blockquote class=\"wp-block-quote is-layout-flow wp-block-quote-is-layout-flow\">\n<p>\u201cIsso pode reduzir o pre\u00e7o do carro de entrada em R$ 10.000, R$ 12.000. \u00c9 uma medida importante que ajuda a popula\u00e7\u00e3o a ter acesso \u00e0quele carro mais barato e sustent\u00e1vel, um carro que n\u00e3o polui. Privilegia a efici\u00eancia energ\u00e9tica, a quest\u00e3o da sustentabilidade e tamb\u00e9m \u00e9 social\u201d, disse Alckmin.<\/p>\n<\/blockquote>\n\n\n\n<p><a href=\"https:\/\/agenciabrasil.ebc.com.br\/economia\/noticia\/2025-07\/governo-cria-ipi-verde-e-zera-imposto-para-carros-sustentaveis\" target=\"_blank\" rel=\"noreferrer noopener\">O decreto assinado pelo presidente Luiz In\u00e1cio Lula da Silva na quinta-feira (10)<\/a>&nbsp;abrange ve\u00edculos compactos produzidos no Brasil e com alta efici\u00eancia ambiental e integra o Programa Nacional de Mobilidade Verde e Inova\u00e7\u00e3o (Mover), lan\u00e7ado no ano passado, visando a descarboniza\u00e7\u00e3o da frota automotiva do pa\u00eds, por meio de incentivos fiscais, especialmente em rela\u00e7\u00e3o \u00e0s al\u00edquotas do (IPI).<\/p>\n\n\n\n<p>Para ter direito ao IPI zero, o carro sustent\u00e1vel deve atender a quatro requisitos: emitir menos de 83 gramas de g\u00e1s carb\u00f4nico (CO\u2082) por quil\u00f4metro, conter mais de 80% de materiais recicl\u00e1veis, ser fabricado no Brasil (etapas como soldagem, pintura, fabrica\u00e7\u00e3o do motor e montagem), se enquadrar em uma das categorias de carro compacto (ve\u00edculo de entrada das marcas).<\/p>\n\n\n\n<p>Texto: Fl\u00e1via Albuquerque &#8211; Rep\u00f3rter da Ag\u00eancia Brasil<\/p>\n\n\n\n<p><\/p>\n","protected":false},"excerpt":{"rendered":"<p>O governo federal vai trabalhar para reverter a imposi\u00e7\u00e3o de tarifas comerciais sobre as exporta\u00e7\u00f5es do Brasil aos Estados Unidos, anunciada na quarta-feira (9) pelo presidente Donald Trump.&nbsp; \u201cN\u00f3s vamos trabalhar para reverter isso, porque n\u00e3o tem sentido essa tarifa. Ela, inclusive, prejudica tamb\u00e9m o consumidor norte-americano. N\u00f3s entendemos que ela \u00e9 inadequada, ela n\u00e3o [&hellip;]<\/p>\n","protected":false},"author":13,"featured_media":86260,"comment_status":"open","ping_status":"open","sticky":false,"template":"","format":"standard","meta":{"_acf_changed":false,"footnotes":""},"categories":[19,898,21],"tags":[],"class_list":["post-86259","post","type-post","status-publish","format-standard","has-post-thumbnail","hentry","category-brasil-mundo","category-manchete-segundaria","category-todas-noticias"],"acf":[],"yoast_head":"<!-- This site is optimized with the Yoast SEO plugin v24.4 - https:\/\/yoast.com\/wordpress\/plugins\/seo\/ -->\n<title>Governo vai trabalhar para reverter taxa\u00e7\u00e3o dos EUA, diz Alckmin - PORTAL DE NOT\u00cdCIAS CLEITON PINHEIRO<\/title>\n<meta name=\"robots\" content=\"index, follow, max-snippet:-1, max-image-preview:large, max-video-preview:-1\" \/>\n<link rel=\"canonical\" href=\"https:\/\/cleitonpinheiro.com.br\/site\/governo-vai-trabalhar-para-reverter-taxacao-dos-eua-diz-alckmin\/\" \/>\n<meta property=\"og:locale\" content=\"pt_BR\" \/>\n<meta property=\"og:type\" content=\"article\" \/>\n<meta property=\"og:title\" content=\"Governo vai trabalhar para reverter taxa\u00e7\u00e3o dos EUA, diz Alckmin - PORTAL DE NOT\u00cdCIAS CLEITON PINHEIRO\" \/>\n<meta property=\"og:description\" content=\"O governo federal vai trabalhar para reverter a imposi\u00e7\u00e3o de tarifas comerciais sobre as exporta\u00e7\u00f5es do Brasil aos Estados Unidos, anunciada na quarta-feira (9) pelo presidente Donald Trump.&nbsp; \u201cN\u00f3s vamos trabalhar para reverter isso, porque n\u00e3o tem sentido essa tarifa. Ela, inclusive, prejudica tamb\u00e9m o consumidor norte-americano. N\u00f3s entendemos que ela \u00e9 inadequada, ela n\u00e3o [&hellip;]\" \/>\n<meta property=\"og:url\" content=\"https:\/\/cleitonpinheiro.com.br\/site\/governo-vai-trabalhar-para-reverter-taxacao-dos-eua-diz-alckmin\/\" \/>\n<meta property=\"og:site_name\" content=\"PORTAL DE NOT\u00cdCIAS CLEITON PINHEIRO\" \/>\n<meta property=\"article:publisher\" content=\"https:\/\/www.facebook.com\/portalcpnoticias\/\" \/>\n<meta property=\"article:published_time\" content=\"2025-07-14T16:39:45+00:00\" \/>\n<meta property=\"article:modified_time\" content=\"2025-07-14T16:39:59+00:00\" \/>\n<meta property=\"og:image\" content=\"https:\/\/cleitonpinheiro.com.br\/site\/wp-content\/uploads\/2025\/07\/30062025-pzzb3850.webp\" \/>\n\t<meta property=\"og:image:width\" content=\"1170\" \/>\n\t<meta property=\"og:image:height\" content=\"700\" \/>\n\t<meta property=\"og:image:type\" content=\"image\/webp\" \/>\n<meta name=\"author\" content=\"Reda\u00e7\u00e3o CP\" \/>\n<meta name=\"twitter:card\" content=\"summary_large_image\" \/>\n<meta name=\"twitter:label1\" content=\"Escrito por\" \/>\n\t<meta name=\"twitter:data1\" content=\"Reda\u00e7\u00e3o CP\" \/>\n\t<meta name=\"twitter:label2\" content=\"Est. tempo de leitura\" \/>\n\t<meta name=\"twitter:data2\" content=\"4 minutos\" \/>\n<script type=\"application\/ld+json\" class=\"yoast-schema-graph\">{\"@context\":\"https:\/\/schema.org\",\"@graph\":[{\"@type\":\"Article\",\"@id\":\"https:\/\/cleitonpinheiro.com.br\/site\/governo-vai-trabalhar-para-reverter-taxacao-dos-eua-diz-alckmin\/#article\",\"isPartOf\":{\"@id\":\"https:\/\/cleitonpinheiro.com.br\/site\/governo-vai-trabalhar-para-reverter-taxacao-dos-eua-diz-alckmin\/\"},\"author\":{\"name\":\"Reda\u00e7\u00e3o CP\",\"@id\":\"https:\/\/cleitonpinheiro.com.br\/site\/#\/schema\/person\/8f04544e0bc40a1b68775b08360f87db\"},\"headline\":\"Governo vai trabalhar para reverter taxa\u00e7\u00e3o dos EUA, diz Alckmin\",\"datePublished\":\"2025-07-14T16:39:45+00:00\",\"dateModified\":\"2025-07-14T16:39:59+00:00\",\"mainEntityOfPage\":{\"@id\":\"https:\/\/cleitonpinheiro.com.br\/site\/governo-vai-trabalhar-para-reverter-taxacao-dos-eua-diz-alckmin\/\"},\"wordCount\":695,\"commentCount\":0,\"publisher\":{\"@id\":\"https:\/\/cleitonpinheiro.com.br\/site\/#organization\"},\"image\":{\"@id\":\"https:\/\/cleitonpinheiro.com.br\/site\/governo-vai-trabalhar-para-reverter-taxacao-dos-eua-diz-alckmin\/#primaryimage\"},\"thumbnailUrl\":\"https:\/\/cleitonpinheiro.com.br\/site\/wp-content\/uploads\/2025\/07\/30062025-pzzb3850.webp\",\"articleSection\":[\"BRASIL \/ MUNDO\",\"MANCHETE SEGUND\u00c1RIA\",\"TODAS NOTICIAS\"],\"inLanguage\":\"pt-BR\",\"potentialAction\":[{\"@type\":\"CommentAction\",\"name\":\"Comment\",\"target\":[\"https:\/\/cleitonpinheiro.com.br\/site\/governo-vai-trabalhar-para-reverter-taxacao-dos-eua-diz-alckmin\/#respond\"]}]},{\"@type\":\"WebPage\",\"@id\":\"https:\/\/cleitonpinheiro.com.br\/site\/governo-vai-trabalhar-para-reverter-taxacao-dos-eua-diz-alckmin\/\",\"url\":\"https:\/\/cleitonpinheiro.com.br\/site\/governo-vai-trabalhar-para-reverter-taxacao-dos-eua-diz-alckmin\/\",\"name\":\"Governo vai trabalhar para reverter taxa\u00e7\u00e3o dos EUA, diz Alckmin - PORTAL DE NOT\u00cdCIAS CLEITON PINHEIRO\",\"isPartOf\":{\"@id\":\"https:\/\/cleitonpinheiro.com.br\/site\/#website\"},\"primaryImageOfPage\":{\"@id\":\"https:\/\/cleitonpinheiro.com.br\/site\/governo-vai-trabalhar-para-reverter-taxacao-dos-eua-diz-alckmin\/#primaryimage\"},\"image\":{\"@id\":\"https:\/\/cleitonpinheiro.com.br\/site\/governo-vai-trabalhar-para-reverter-taxacao-dos-eua-diz-alckmin\/#primaryimage\"},\"thumbnailUrl\":\"https:\/\/cleitonpinheiro.com.br\/site\/wp-content\/uploads\/2025\/07\/30062025-pzzb3850.webp\",\"datePublished\":\"2025-07-14T16:39:45+00:00\",\"dateModified\":\"2025-07-14T16:39:59+00:00\",\"breadcrumb\":{\"@id\":\"https:\/\/cleitonpinheiro.com.br\/site\/governo-vai-trabalhar-para-reverter-taxacao-dos-eua-diz-alckmin\/#breadcrumb\"},\"inLanguage\":\"pt-BR\",\"potentialAction\":[{\"@type\":\"ReadAction\",\"target\":[\"https:\/\/cleitonpinheiro.com.br\/site\/governo-vai-trabalhar-para-reverter-taxacao-dos-eua-diz-alckmin\/\"]}]},{\"@type\":\"ImageObject\",\"inLanguage\":\"pt-BR\",\"@id\":\"https:\/\/cleitonpinheiro.com.br\/site\/governo-vai-trabalhar-para-reverter-taxacao-dos-eua-diz-alckmin\/#primaryimage\",\"url\":\"https:\/\/cleitonpinheiro.com.br\/site\/wp-content\/uploads\/2025\/07\/30062025-pzzb3850.webp\",\"contentUrl\":\"https:\/\/cleitonpinheiro.com.br\/site\/wp-content\/uploads\/2025\/07\/30062025-pzzb3850.webp\",\"width\":1170,\"height\":700,\"caption\":\"\u00a9 Fabio Rodrigues-Pozzebom\/ Ag\u00eancia Brasil\"},{\"@type\":\"BreadcrumbList\",\"@id\":\"https:\/\/cleitonpinheiro.com.br\/site\/governo-vai-trabalhar-para-reverter-taxacao-dos-eua-diz-alckmin\/#breadcrumb\",\"itemListElement\":[{\"@type\":\"ListItem\",\"position\":1,\"name\":\"In\u00edcio\",\"item\":\"https:\/\/cleitonpinheiro.com.br\/site\/\"},{\"@type\":\"ListItem\",\"position\":2,\"name\":\"Governo vai trabalhar para reverter taxa\u00e7\u00e3o dos EUA, diz Alckmin\"}]},{\"@type\":\"WebSite\",\"@id\":\"https:\/\/cleitonpinheiro.com.br\/site\/#website\",\"url\":\"https:\/\/cleitonpinheiro.com.br\/site\/\",\"name\":\"PORTAL DE NOT\u00cdCIAS CLEITON PINHEIRO\",\"description\":\"FALANDO A VERDADE\",\"publisher\":{\"@id\":\"https:\/\/cleitonpinheiro.com.br\/site\/#organization\"},\"potentialAction\":[{\"@type\":\"SearchAction\",\"target\":{\"@type\":\"EntryPoint\",\"urlTemplate\":\"https:\/\/cleitonpinheiro.com.br\/site\/?s={search_term_string}\"},\"query-input\":{\"@type\":\"PropertyValueSpecification\",\"valueRequired\":true,\"valueName\":\"search_term_string\"}}],\"inLanguage\":\"pt-BR\"},{\"@type\":\"Organization\",\"@id\":\"https:\/\/cleitonpinheiro.com.br\/site\/#organization\",\"name\":\"CPNOT\u00cdCIAS\",\"url\":\"https:\/\/cleitonpinheiro.com.br\/site\/\",\"logo\":{\"@type\":\"ImageObject\",\"inLanguage\":\"pt-BR\",\"@id\":\"https:\/\/cleitonpinheiro.com.br\/site\/#\/schema\/logo\/image\/\",\"url\":\"https:\/\/cleitonpinheiro.com.br\/site\/wp-content\/uploads\/2022\/08\/Logo-pequena-2.png\",\"contentUrl\":\"https:\/\/cleitonpinheiro.com.br\/site\/wp-content\/uploads\/2022\/08\/Logo-pequena-2.png\",\"width\":500,\"height\":500,\"caption\":\"CPNOT\u00cdCIAS\"},\"image\":{\"@id\":\"https:\/\/cleitonpinheiro.com.br\/site\/#\/schema\/logo\/image\/\"},\"sameAs\":[\"https:\/\/www.facebook.com\/portalcpnoticias\/\"]},{\"@type\":\"Person\",\"@id\":\"https:\/\/cleitonpinheiro.com.br\/site\/#\/schema\/person\/8f04544e0bc40a1b68775b08360f87db\",\"name\":\"Reda\u00e7\u00e3o CP\",\"image\":{\"@type\":\"ImageObject\",\"inLanguage\":\"pt-BR\",\"@id\":\"https:\/\/cleitonpinheiro.com.br\/site\/#\/schema\/person\/image\/\",\"url\":\"https:\/\/secure.gravatar.com\/avatar\/0bcf19cb29fdc8fc588c490c7ae1b3e174dac268586a63fbe1d1893a0f9020cd?s=96&r=g\",\"contentUrl\":\"https:\/\/secure.gravatar.com\/avatar\/0bcf19cb29fdc8fc588c490c7ae1b3e174dac268586a63fbe1d1893a0f9020cd?s=96&r=g\",\"caption\":\"Reda\u00e7\u00e3o CP\"},\"url\":\"https:\/\/cleitonpinheiro.com.br\/site\/author\/redacao\/\"}]}<\/script>\n<!-- \/ Yoast SEO plugin. -->","yoast_head_json":{"title":"Governo vai trabalhar para reverter taxa\u00e7\u00e3o dos EUA, diz Alckmin - PORTAL DE NOT\u00cdCIAS CLEITON PINHEIRO","robots":{"index":"index","follow":"follow","max-snippet":"max-snippet:-1","max-image-preview":"max-image-preview:large","max-video-preview":"max-video-preview:-1"},"canonical":"https:\/\/cleitonpinheiro.com.br\/site\/governo-vai-trabalhar-para-reverter-taxacao-dos-eua-diz-alckmin\/","og_locale":"pt_BR","og_type":"article","og_title":"Governo vai trabalhar para reverter taxa\u00e7\u00e3o dos EUA, diz Alckmin - PORTAL DE NOT\u00cdCIAS CLEITON PINHEIRO","og_description":"O governo federal vai trabalhar para reverter a imposi\u00e7\u00e3o de tarifas comerciais sobre as exporta\u00e7\u00f5es do Brasil aos Estados Unidos, anunciada na quarta-feira (9) pelo presidente Donald Trump.&nbsp; \u201cN\u00f3s vamos trabalhar para reverter isso, porque n\u00e3o tem sentido essa tarifa. Ela, inclusive, prejudica tamb\u00e9m o consumidor norte-americano. N\u00f3s entendemos que ela \u00e9 inadequada, ela n\u00e3o [&hellip;]","og_url":"https:\/\/cleitonpinheiro.com.br\/site\/governo-vai-trabalhar-para-reverter-taxacao-dos-eua-diz-alckmin\/","og_site_name":"PORTAL DE NOT\u00cdCIAS CLEITON PINHEIRO","article_publisher":"https:\/\/www.facebook.com\/portalcpnoticias\/","article_published_time":"2025-07-14T16:39:45+00:00","article_modified_time":"2025-07-14T16:39:59+00:00","og_image":[{"width":1170,"height":700,"url":"https:\/\/cleitonpinheiro.com.br\/site\/wp-content\/uploads\/2025\/07\/30062025-pzzb3850.webp","type":"image\/webp"}],"author":"Reda\u00e7\u00e3o CP","twitter_card":"summary_large_image","twitter_misc":{"Escrito por":"Reda\u00e7\u00e3o CP","Est. tempo de leitura":"4 minutos"},"schema":{"@context":"https:\/\/schema.org","@graph":[{"@type":"Article","@id":"https:\/\/cleitonpinheiro.com.br\/site\/governo-vai-trabalhar-para-reverter-taxacao-dos-eua-diz-alckmin\/#article","isPartOf":{"@id":"https:\/\/cleitonpinheiro.com.br\/site\/governo-vai-trabalhar-para-reverter-taxacao-dos-eua-diz-alckmin\/"},"author":{"name":"Reda\u00e7\u00e3o CP","@id":"https:\/\/cleitonpinheiro.com.br\/site\/#\/schema\/person\/8f04544e0bc40a1b68775b08360f87db"},"headline":"Governo vai trabalhar para reverter taxa\u00e7\u00e3o dos EUA, diz Alckmin","datePublished":"2025-07-14T16:39:45+00:00","dateModified":"2025-07-14T16:39:59+00:00","mainEntityOfPage":{"@id":"https:\/\/cleitonpinheiro.com.br\/site\/governo-vai-trabalhar-para-reverter-taxacao-dos-eua-diz-alckmin\/"},"wordCount":695,"commentCount":0,"publisher":{"@id":"https:\/\/cleitonpinheiro.com.br\/site\/#organization"},"image":{"@id":"https:\/\/cleitonpinheiro.com.br\/site\/governo-vai-trabalhar-para-reverter-taxacao-dos-eua-diz-alckmin\/#primaryimage"},"thumbnailUrl":"https:\/\/cleitonpinheiro.com.br\/site\/wp-content\/uploads\/2025\/07\/30062025-pzzb3850.webp","articleSection":["BRASIL \/ MUNDO","MANCHETE SEGUND\u00c1RIA","TODAS NOTICIAS"],"inLanguage":"pt-BR","potentialAction":[{"@type":"CommentAction","name":"Comment","target":["https:\/\/cleitonpinheiro.com.br\/site\/governo-vai-trabalhar-para-reverter-taxacao-dos-eua-diz-alckmin\/#respond"]}]},{"@type":"WebPage","@id":"https:\/\/cleitonpinheiro.com.br\/site\/governo-vai-trabalhar-para-reverter-taxacao-dos-eua-diz-alckmin\/","url":"https:\/\/cleitonpinheiro.com.br\/site\/governo-vai-trabalhar-para-reverter-taxacao-dos-eua-diz-alckmin\/","name":"Governo vai trabalhar para reverter taxa\u00e7\u00e3o dos EUA, diz Alckmin - PORTAL DE NOT\u00cdCIAS CLEITON PINHEIRO","isPartOf":{"@id":"https:\/\/cleitonpinheiro.com.br\/site\/#website"},"primaryImageOfPage":{"@id":"https:\/\/cleitonpinheiro.com.br\/site\/governo-vai-trabalhar-para-reverter-taxacao-dos-eua-diz-alckmin\/#primaryimage"},"image":{"@id":"https:\/\/cleitonpinheiro.com.br\/site\/governo-vai-trabalhar-para-reverter-taxacao-dos-eua-diz-alckmin\/#primaryimage"},"thumbnailUrl":"https:\/\/cleitonpinheiro.com.br\/site\/wp-content\/uploads\/2025\/07\/30062025-pzzb3850.webp","datePublished":"2025-07-14T16:39:45+00:00","dateModified":"2025-07-14T16:39:59+00:00","breadcrumb":{"@id":"https:\/\/cleitonpinheiro.com.br\/site\/governo-vai-trabalhar-para-reverter-taxacao-dos-eua-diz-alckmin\/#breadcrumb"},"inLanguage":"pt-BR","potentialAction":[{"@type":"ReadAction","target":["https:\/\/cleitonpinheiro.com.br\/site\/governo-vai-trabalhar-para-reverter-taxacao-dos-eua-diz-alckmin\/"]}]},{"@type":"ImageObject","inLanguage":"pt-BR","@id":"https:\/\/cleitonpinheiro.com.br\/site\/governo-vai-trabalhar-para-reverter-taxacao-dos-eua-diz-alckmin\/#primaryimage","url":"https:\/\/cleitonpinheiro.com.br\/site\/wp-content\/uploads\/2025\/07\/30062025-pzzb3850.webp","contentUrl":"https:\/\/cleitonpinheiro.com.br\/site\/wp-content\/uploads\/2025\/07\/30062025-pzzb3850.webp","width":1170,"height":700,"caption":"\u00a9 Fabio Rodrigues-Pozzebom\/ Ag\u00eancia Brasil"},{"@type":"BreadcrumbList","@id":"https:\/\/cleitonpinheiro.com.br\/site\/governo-vai-trabalhar-para-reverter-taxacao-dos-eua-diz-alckmin\/#breadcrumb","itemListElement":[{"@type":"ListItem","position":1,"name":"In\u00edcio","item":"https:\/\/cleitonpinheiro.com.br\/site\/"},{"@type":"ListItem","position":2,"name":"Governo vai trabalhar para reverter taxa\u00e7\u00e3o dos EUA, diz Alckmin"}]},{"@type":"WebSite","@id":"https:\/\/cleitonpinheiro.com.br\/site\/#website","url":"https:\/\/cleitonpinheiro.com.br\/site\/","name":"PORTAL DE NOT\u00cdCIAS CLEITON PINHEIRO","description":"FALANDO A VERDADE","publisher":{"@id":"https:\/\/cleitonpinheiro.com.br\/site\/#organization"},"potentialAction":[{"@type":"SearchAction","target":{"@type":"EntryPoint","urlTemplate":"https:\/\/cleitonpinheiro.com.br\/site\/?s={search_term_string}"},"query-input":{"@type":"PropertyValueSpecification","valueRequired":true,"valueName":"search_term_string"}}],"inLanguage":"pt-BR"},{"@type":"Organization","@id":"https:\/\/cleitonpinheiro.com.br\/site\/#organization","name":"CPNOT\u00cdCIAS","url":"https:\/\/cleitonpinheiro.com.br\/site\/","logo":{"@type":"ImageObject","inLanguage":"pt-BR","@id":"https:\/\/cleitonpinheiro.com.br\/site\/#\/schema\/logo\/image\/","url":"https:\/\/cleitonpinheiro.com.br\/site\/wp-content\/uploads\/2022\/08\/Logo-pequena-2.png","contentUrl":"https:\/\/cleitonpinheiro.com.br\/site\/wp-content\/uploads\/2022\/08\/Logo-pequena-2.png","width":500,"height":500,"caption":"CPNOT\u00cdCIAS"},"image":{"@id":"https:\/\/cleitonpinheiro.com.br\/site\/#\/schema\/logo\/image\/"},"sameAs":["https:\/\/www.facebook.com\/portalcpnoticias\/"]},{"@type":"Person","@id":"https:\/\/cleitonpinheiro.com.br\/site\/#\/schema\/person\/8f04544e0bc40a1b68775b08360f87db","name":"Reda\u00e7\u00e3o CP","image":{"@type":"ImageObject","inLanguage":"pt-BR","@id":"https:\/\/cleitonpinheiro.com.br\/site\/#\/schema\/person\/image\/","url":"https:\/\/secure.gravatar.com\/avatar\/0bcf19cb29fdc8fc588c490c7ae1b3e174dac268586a63fbe1d1893a0f9020cd?s=96&r=g","contentUrl":"https:\/\/secure.gravatar.com\/avatar\/0bcf19cb29fdc8fc588c490c7ae1b3e174dac268586a63fbe1d1893a0f9020cd?s=96&r=g","caption":"Reda\u00e7\u00e3o CP"},"url":"https:\/\/cleitonpinheiro.com.br\/site\/author\/redacao\/"}]}},"views":156,"_links":{"self":[{"href":"https:\/\/cleitonpinheiro.com.br\/site\/wp-json\/wp\/v2\/posts\/86259","targetHints":{"allow":["GET"]}}],"collection":[{"href":"https:\/\/cleitonpinheiro.com.br\/site\/wp-json\/wp\/v2\/posts"}],"about":[{"href":"https:\/\/cleitonpinheiro.com.br\/site\/wp-json\/wp\/v2\/types\/post"}],"author":[{"embeddable":true,"href":"https:\/\/cleitonpinheiro.com.br\/site\/wp-json\/wp\/v2\/users\/13"}],"replies":[{"embeddable":true,"href":"https:\/\/cleitonpinheiro.com.br\/site\/wp-json\/wp\/v2\/comments?post=86259"}],"version-history":[{"count":1,"href":"https:\/\/cleitonpinheiro.com.br\/site\/wp-json\/wp\/v2\/posts\/86259\/revisions"}],"predecessor-version":[{"id":86261,"href":"https:\/\/cleitonpinheiro.com.br\/site\/wp-json\/wp\/v2\/posts\/86259\/revisions\/86261"}],"wp:featuredmedia":[{"embeddable":true,"href":"https:\/\/cleitonpinheiro.com.br\/site\/wp-json\/wp\/v2\/media\/86260"}],"wp:attachment":[{"href":"https:\/\/cleitonpinheiro.com.br\/site\/wp-json\/wp\/v2\/media?parent=86259"}],"wp:term":[{"taxonomy":"category","embeddable":true,"href":"https:\/\/cleitonpinheiro.com.br\/site\/wp-json\/wp\/v2\/categories?post=86259"},{"taxonomy":"post_tag","embeddable":true,"href":"https:\/\/cleitonpinheiro.com.br\/site\/wp-json\/wp\/v2\/tags?post=86259"}],"curies":[{"name":"wp","href":"https:\/\/api.w.org\/{rel}","templated":true}]}}