{"id":86262,"date":"2025-07-14T13:49:29","date_gmt":"2025-07-14T16:49:29","guid":{"rendered":"https:\/\/cleitonpinheiro.com.br\/site\/?p=86262"},"modified":"2025-07-14T15:18:41","modified_gmt":"2025-07-14T18:18:41","slug":"somos-99-apos-bater-400-mil-assinaturas-campanha-entra-em-nova-fase-e-tem-novidades","status":"publish","type":"post","link":"https:\/\/cleitonpinheiro.com.br\/site\/somos-99-apos-bater-400-mil-assinaturas-campanha-entra-em-nova-fase-e-tem-novidades\/","title":{"rendered":"SOMOS 99%: Ap\u00f3s bater 400 mil assinaturas, campanha entra em nova fase e tem novidades"},"content":{"rendered":"\n<figure class=\"wp-block-image size-full\"><img fetchpriority=\"high\" decoding=\"async\" width=\"960\" height=\"540\" src=\"https:\/\/cleitonpinheiro.com.br\/site\/wp-content\/uploads\/2025\/07\/WhatsApp-Image-2025-07-14-at-08-compressed.jpg\" alt=\"\" class=\"wp-image-86263\" srcset=\"https:\/\/cleitonpinheiro.com.br\/site\/wp-content\/uploads\/2025\/07\/WhatsApp-Image-2025-07-14-at-08-compressed.jpg 960w, https:\/\/cleitonpinheiro.com.br\/site\/wp-content\/uploads\/2025\/07\/WhatsApp-Image-2025-07-14-at-08-compressed-300x169.jpg 300w, https:\/\/cleitonpinheiro.com.br\/site\/wp-content\/uploads\/2025\/07\/WhatsApp-Image-2025-07-14-at-08-compressed-768x432.jpg 768w\" sizes=\"(max-width: 960px) 100vw, 960px\" \/><\/figure>\n\n\n\n<p>Ap\u00f3s ultrapassar as 400 mil assinaturas, o&nbsp;<a href=\"https:\/\/iclnoticias.com.br\/icl-lanca-manifesto\/\" target=\"_blank\" rel=\"noreferrer noopener\">manifesto<\/a>&nbsp;\u201cSomos 99%\u201d, lan\u00e7ado h\u00e1 uma semana pelo fundador do Instituto Conhecimento Liberta (ICL), Eduardo Moreira, entrou em uma nova fase nesta segunda-feira (14). A campanha, a partir de agora, far\u00e1 uma press\u00e3o direta aos deputados e senadores do Congresso Nacional em favor das pautas que constam no texto. A novidade foi anunciada no&nbsp;<a href=\"https:\/\/www.youtube.com\/watch?v=lTVQCTpfcMc\" target=\"_blank\" rel=\"noreferrer noopener\">ICL Not\u00edcias \u2013 1\u00aa edi\u00e7\u00e3o<\/a>.<\/p>\n\n\n\n<p>No site&nbsp;<a href=\"https:\/\/99porcento.com.br\/\" target=\"_blank\" rel=\"noreferrer noopener\">99porcento.com.br<\/a>, onde est\u00e1 dispon\u00edvel o abaixo-assinado, tamb\u00e9m ser\u00e1 poss\u00edvel acompanhar uma lista de todos os congressistas do pa\u00eds (no primeiro momento, os deputados federais), que ser\u00e3o interrogados pelo ICL sobre as propostas do manifesto. Na lista, ser\u00e1 poss\u00edvel conferir o posicionamento dos parlamentares sobre os assuntos.<\/p>\n\n\n\n<p>Os deputados que se manifestarem a favor de todas as propostas receber\u00e3o um selo do \u201cSomos 99%\u201d e os parlamentares que foram contr\u00e1rios tamb\u00e9m ser\u00e3o exibidos no site. Paralelo a isso, ser\u00e3o apresentadas, no Congresso Nacional, propostas para colocar em pr\u00e1tica os pontos apresentados pela campanha. Os congressistas que se manifestaram a favor das ideias e voltarem contra as medidas no Parlamento v\u00e3o receber um selo de \u201ctraidor dos 99%\u201d.<\/p>\n\n\n\n<p>\u201cA gente vai fazer um acompanhamento com mais de 400 mil fiscais pressionando para que as medidas sejam implementadas. Esse \u00e9 o pr\u00f3ximo passo do \u2018somos 99%\u2019, estamos botando dinheiro nisso, mas \u00e9 para transformar ideias e mobiliza\u00e7\u00e3o em pr\u00e1tica pol\u00edtica, em press\u00e3o pol\u00edtica e em mudan\u00e7a efetiva. N\u00f3s vamos comemorar muito quando a primeira proposta passar, e vai passar\u201d, salientou Eduardo Moreira.<\/p>\n\n\n\n<p>\u201cAcho fundamental porque \u00e9 fazer aquilo que voc\u00ea de fato estava falando que ia fazer. Tem uma etapa fundamental de transforma\u00e7\u00e3o social profunda que \u00e9 catalizar o desenvolvimento de uma democracia participativa\u201d, afirmou o jornalista Cesar Calejon, no ICL Not\u00edcias \u2013 1\u00aa edi\u00e7\u00e3o.<\/p>\n\n\n\n<p><img decoding=\"async\" src=\"https:\/\/iclnoticias.com.br\/wp-content\/uploads\/2025\/07\/WhatsApp-Image-2025-07-07-at-13.15.40.webp\" alt=\"MANIFESTO \" width=\"720\" height=\"720\"><\/p>\n\n\n\n<p id=\"caption-attachment-80859\"><em>No site 99porcento.com.br, onde est\u00e1 dispon\u00edvel o abaixo-assinado, tamb\u00e9m ser\u00e1 poss\u00edvel acompanhar o posicionamento de todos os congressistas do pa\u00eds sobre as propostas do manifesto.<\/em><\/p>\n\n\n\n<h2 class=\"wp-block-heading\">Propostas da campanha pelo Manifesto<\/h2>\n\n\n\n<p>A campanha denuncia os privil\u00e9gios do 1% mais rico da popula\u00e7\u00e3o, respons\u00e1vel por concentrar 63% da riqueza nacional, al\u00e9m de criticar os abusos de pol\u00edticos fisiol\u00f3gicos e servidores com supersal\u00e1rios.<\/p>\n\n\n\n<p>Entre as principais reivindica\u00e7\u00f5es est\u00e3o: Fim dos supersal\u00e1rios no setor p\u00fablico; extin\u00e7\u00e3o das emendas secretas; redu\u00e7\u00e3o da carga tribut\u00e1ria sobre os trabalhadores; tributa\u00e7\u00e3o mais justa sobre os mais ricos; combate \u00e0 impunidade entre pol\u00edticos, ju\u00edzes, empres\u00e1rios, banqueiros e militares; divulga\u00e7\u00e3o ampla do Portal da Transpar\u00eancia; Cobran\u00e7a de d\u00edvidas bilion\u00e1rias de grandes latifundi\u00e1rios e empresas; proibi\u00e7\u00e3o de eventos p\u00fablicos considerados \u201cvergonhosos\u201d e sem transpar\u00eancia.<\/p>\n\n\n\n<p>\u201cA gente precisa saber o que vai cobrar. \u00c9 isso que a gente fez dessa vez\u201d, explicou Eduardo Moreira durante o lan\u00e7amento. Moreira destacou dados alarmantes do relat\u00f3rio da Oxfam sobre desigualdade e poder corporativo, al\u00e9m de informa\u00e7\u00f5es da PNAD Cont\u00ednua, do IBGE, que evidenciam a disparidade de renda no Brasil. Segundo o levantamento, o 1% mais rico ganha, em m\u00e9dia, 36,2 vezes mais do que os 40% mais pobres. Em compara\u00e7\u00e3o aos 10% mais ricos, a diferen\u00e7a \u00e9 de 13,4 vezes.<\/p>\n\n\n\n<p><img decoding=\"async\" src=\"https:\/\/iclnoticias.com.br\/wp-content\/uploads\/2025\/07\/WhatsApp-Image-2025-07-07-at-08.38.09.webp\" alt=\"manifesto \" width=\"720\" height=\"402\"><\/p>\n\n\n\n<p id=\"caption-attachment-80803\"><em>O abaixo-assinado est\u00e1 dispon\u00edvel no site 99porcento.com.br<\/em><\/p>\n\n\n\n<p>\u201cN\u00e3o \u00e9 de se estranhar que, com tanta moleza, o 1% mais rico do Brasil tenha quase o dobro da riqueza que os outros 99% somados. D\u00e1 golpes de bilh\u00f5es e n\u00e3o vai preso. Deve bilh\u00f5es e n\u00e3o paga. S\u00e3o donos dos bancos, dos ju\u00edzes, do Congresso, dos jornais e das terras\u201d, afirmou Eduardo em v\u00eddeo nas redes sociais.<\/p>\n\n\n\n<h2 class=\"wp-block-heading\">Leia o manifesto<\/h2>\n\n\n\n<p><em>\u201cPor um Estado \u00c9tico, Justo e Transparente<\/em><\/p>\n\n\n\n<p><em>O Brasil precisa de coragem para romper com os privil\u00e9gios, enfrentar os abusos e devolver o Estado ao povo.<\/em><\/p>\n\n\n\n<p><em>N\u00e3o aceitaremos mais um pa\u00eds em que poucos concentram riquezas e benef\u00edcios, enquanto a maioria paga a conta.<\/em><\/p>\n\n\n\n<p><em>Chegou a hora de moralizar o Judici\u00e1rio, o Legislativo e o Executivo. De construir um Estado \u00e9tico, justo e transparente.<\/em><\/p>\n\n\n\n<p><em>Por isso, propomos as seguintes medidas imediatas e inegoci\u00e1veis:<\/em><\/p>\n\n\n\n<p><strong><em>Fim dos Supersal\u00e1rios<\/em><\/strong><\/p>\n\n\n\n<p><em>Exigimos o cumprimento integral do teto constitucional para todos os servidores p\u00fablicos, sem exce\u00e7\u00f5es ou manobras. Chega de \u201cpenduricalhos\u201d que transformam cargos p\u00fablicos em castas de privil\u00e9gios.<\/em><\/p>\n\n\n\n<p><strong><em>Justi\u00e7a Fiscal para Quem Mais Precisa<\/em><\/strong><\/p>\n\n\n\n<p><em>Isen\u00e7\u00e3o de imposto de renda para quem ganha at\u00e9 5 mil reais.<\/em><\/p>\n\n\n\n<p><em>E que o 1% mais rico finalmente pague sua parte justa, com taxa\u00e7\u00e3o de dividendos milion\u00e1rios e combate \u00e0s estrat\u00e9gias que driblam impostos.<\/em><\/p>\n\n\n\n<p><strong><em>Combate \u00e0 Corrup\u00e7\u00e3o e \u00e0 Impunidade<\/em><\/strong><\/p>\n\n\n\n<p><em>Deputados e senadores que roubam, descumprem a lei ou traem a confian\u00e7a p\u00fablica devem ser julgados e punidos como qualquer cidad\u00e3o.<\/em><br><em>A revis\u00e3o do foro privilegiado para proteger criminosos \u00e9 urgente.<\/em><\/p>\n\n\n\n<p><strong><em>Transpar\u00eancia Radical<\/em><\/strong><\/p>\n\n\n\n<p><em>Fim imediato das emendas secretas, com auditoria completa de tudo o que foi gasto nos \u00faltimos anos.<\/em><br><em>O povo tem direito de saber para onde vai cada centavo do seu dinheiro.<\/em><\/p>\n\n\n\n<p><strong><em>Cobran\u00e7a dos Grandes Devedores<\/em><\/strong><\/p>\n\n\n\n<p><em>Os grandes donos de terras, bancos e empresas que acumulam d\u00edvidas bilion\u00e1rias com a Uni\u00e3o devem pagar j\u00e1 o que devem \u00e0 sociedade.<\/em><br><em>N\u00e3o aceitaremos mais calotes travestidos de \u201cacordos\u201d ou a\u00e7\u00f5es judiciais intermin\u00e1veis.<\/em><\/p>\n\n\n\n<p><strong><em>Chega de Subs\u00eddios aos J\u00e1 Ricos<\/em><\/strong><\/p>\n\n\n\n<p><em>Os subs\u00eddios fiscais bilion\u00e1rios para grandes empresas precisam acabar. \u00c9 hora de investir esses recursos na popula\u00e7\u00e3o, n\u00e3o em privil\u00e9gios.<\/em><\/p>\n\n\n\n<p><strong><em>Independ\u00eancia e Imparcialidade no Judici\u00e1rio<\/em><\/strong><\/p>\n\n\n\n<p><em>Defini\u00e7\u00e3o clara de regras para que magistrados n\u00e3o participem de eventos financiados por entidades privadas que possam comprometer sua imparcialidade. Justi\u00e7a n\u00e3o se vende, n\u00e3o se aluga, n\u00e3o se corrompe.<\/em><\/p>\n\n\n\n<p><strong><em>Fiscaliza\u00e7\u00e3o Popular<\/em><\/strong><\/p>\n\n\n\n<p><em>Uma campanha nacional de divulga\u00e7\u00e3o do Portal da Transpar\u00eancia, para que qualquer cidad\u00e3o possa fiscalizar os gastos, sal\u00e1rios e benef\u00edcios de deputados, senadores e membros do Executivo.<\/em><br><em>O povo fiscaliza. O povo cobra. O povo decide.<\/em><\/p>\n\n\n\n<p><strong><em>O Brasil que Queremos<\/em><\/strong><\/p>\n\n\n\n<p><em>Queremos um Brasil onde os impostos sejam justos, onde os poderosos tamb\u00e9m paguem a conta, onde ningu\u00e9m esteja acima da lei, e onde cada centavo p\u00fablico sirva para melhorar a vida da maioria.<\/em><\/p>\n\n\n\n<p><em>Este manifesto \u00e9 um chamado: para quem n\u00e3o aceita mais a desigualdade, para quem n\u00e3o aguenta mais privil\u00e9gios e corrup\u00e7\u00e3o, para quem acredita que o Estado deve servir ao povo \u2014 e n\u00e3o o contr\u00e1rio\u201d.<\/em><\/p>\n\n\n\n<p><\/p>\n","protected":false},"excerpt":{"rendered":"<p>Ap\u00f3s ultrapassar as 400 mil assinaturas, o&nbsp;manifesto&nbsp;\u201cSomos 99%\u201d, lan\u00e7ado h\u00e1 uma semana pelo fundador do Instituto Conhecimento Liberta (ICL), Eduardo Moreira, entrou em uma nova fase nesta segunda-feira (14). A campanha, a partir de agora, far\u00e1 uma press\u00e3o direta aos deputados e senadores do Congresso Nacional em favor das pautas que constam no texto. A [&hellip;]<\/p>\n","protected":false},"author":13,"featured_media":86263,"comment_status":"open","ping_status":"open","sticky":false,"template":"","format":"standard","meta":{"_acf_changed":false,"footnotes":""},"categories":[19,20,21],"tags":[],"class_list":["post-86262","post","type-post","status-publish","format-standard","has-post-thumbnail","hentry","category-brasil-mundo","category-noticias-em-destaque","category-todas-noticias"],"acf":[],"yoast_head":"<!-- This site is optimized with the Yoast SEO plugin v24.4 - https:\/\/yoast.com\/wordpress\/plugins\/seo\/ -->\n<title>SOMOS 99%: Ap\u00f3s bater 400 mil assinaturas, campanha entra em nova fase e tem novidades - PORTAL DE NOT\u00cdCIAS CLEITON PINHEIRO<\/title>\n<meta name=\"robots\" content=\"index, follow, max-snippet:-1, max-image-preview:large, max-video-preview:-1\" \/>\n<link rel=\"canonical\" href=\"https:\/\/cleitonpinheiro.com.br\/site\/somos-99-apos-bater-400-mil-assinaturas-campanha-entra-em-nova-fase-e-tem-novidades\/\" \/>\n<meta property=\"og:locale\" content=\"pt_BR\" \/>\n<meta property=\"og:type\" content=\"article\" \/>\n<meta property=\"og:title\" content=\"SOMOS 99%: Ap\u00f3s bater 400 mil assinaturas, campanha entra em nova fase e tem novidades - PORTAL DE NOT\u00cdCIAS CLEITON PINHEIRO\" \/>\n<meta property=\"og:description\" content=\"Ap\u00f3s ultrapassar as 400 mil assinaturas, o&nbsp;manifesto&nbsp;\u201cSomos 99%\u201d, lan\u00e7ado h\u00e1 uma semana pelo fundador do Instituto Conhecimento Liberta (ICL), Eduardo Moreira, entrou em uma nova fase nesta segunda-feira (14). A campanha, a partir de agora, far\u00e1 uma press\u00e3o direta aos deputados e senadores do Congresso Nacional em favor das pautas que constam no texto. A [&hellip;]\" \/>\n<meta property=\"og:url\" content=\"https:\/\/cleitonpinheiro.com.br\/site\/somos-99-apos-bater-400-mil-assinaturas-campanha-entra-em-nova-fase-e-tem-novidades\/\" \/>\n<meta property=\"og:site_name\" content=\"PORTAL DE NOT\u00cdCIAS CLEITON PINHEIRO\" \/>\n<meta property=\"article:publisher\" content=\"https:\/\/www.facebook.com\/portalcpnoticias\/\" \/>\n<meta property=\"article:published_time\" content=\"2025-07-14T16:49:29+00:00\" \/>\n<meta property=\"article:modified_time\" content=\"2025-07-14T18:18:41+00:00\" \/>\n<meta property=\"og:image\" content=\"https:\/\/cleitonpinheiro.com.br\/site\/wp-content\/uploads\/2025\/07\/WhatsApp-Image-2025-07-14-at-08-compressed.jpg\" \/>\n\t<meta property=\"og:image:width\" content=\"960\" \/>\n\t<meta property=\"og:image:height\" content=\"540\" \/>\n\t<meta property=\"og:image:type\" content=\"image\/jpeg\" \/>\n<meta name=\"author\" content=\"Reda\u00e7\u00e3o CP\" \/>\n<meta name=\"twitter:card\" content=\"summary_large_image\" \/>\n<meta name=\"twitter:label1\" content=\"Escrito por\" \/>\n\t<meta name=\"twitter:data1\" content=\"Reda\u00e7\u00e3o CP\" \/>\n\t<meta name=\"twitter:label2\" content=\"Est. tempo de leitura\" \/>\n\t<meta name=\"twitter:data2\" content=\"7 minutos\" \/>\n<script type=\"application\/ld+json\" class=\"yoast-schema-graph\">{\"@context\":\"https:\/\/schema.org\",\"@graph\":[{\"@type\":\"Article\",\"@id\":\"https:\/\/cleitonpinheiro.com.br\/site\/somos-99-apos-bater-400-mil-assinaturas-campanha-entra-em-nova-fase-e-tem-novidades\/#article\",\"isPartOf\":{\"@id\":\"https:\/\/cleitonpinheiro.com.br\/site\/somos-99-apos-bater-400-mil-assinaturas-campanha-entra-em-nova-fase-e-tem-novidades\/\"},\"author\":{\"name\":\"Reda\u00e7\u00e3o CP\",\"@id\":\"https:\/\/cleitonpinheiro.com.br\/site\/#\/schema\/person\/8f04544e0bc40a1b68775b08360f87db\"},\"headline\":\"SOMOS 99%: Ap\u00f3s bater 400 mil assinaturas, campanha entra em nova fase e tem novidades\",\"datePublished\":\"2025-07-14T16:49:29+00:00\",\"dateModified\":\"2025-07-14T18:18:41+00:00\",\"mainEntityOfPage\":{\"@id\":\"https:\/\/cleitonpinheiro.com.br\/site\/somos-99-apos-bater-400-mil-assinaturas-campanha-entra-em-nova-fase-e-tem-novidades\/\"},\"wordCount\":1109,\"commentCount\":0,\"publisher\":{\"@id\":\"https:\/\/cleitonpinheiro.com.br\/site\/#organization\"},\"image\":{\"@id\":\"https:\/\/cleitonpinheiro.com.br\/site\/somos-99-apos-bater-400-mil-assinaturas-campanha-entra-em-nova-fase-e-tem-novidades\/#primaryimage\"},\"thumbnailUrl\":\"https:\/\/cleitonpinheiro.com.br\/site\/wp-content\/uploads\/2025\/07\/WhatsApp-Image-2025-07-14-at-08-compressed.jpg\",\"articleSection\":[\"BRASIL \/ MUNDO\",\"NOT\u00cdCIAS EM DESTAQUE\",\"TODAS NOTICIAS\"],\"inLanguage\":\"pt-BR\",\"potentialAction\":[{\"@type\":\"CommentAction\",\"name\":\"Comment\",\"target\":[\"https:\/\/cleitonpinheiro.com.br\/site\/somos-99-apos-bater-400-mil-assinaturas-campanha-entra-em-nova-fase-e-tem-novidades\/#respond\"]}]},{\"@type\":\"WebPage\",\"@id\":\"https:\/\/cleitonpinheiro.com.br\/site\/somos-99-apos-bater-400-mil-assinaturas-campanha-entra-em-nova-fase-e-tem-novidades\/\",\"url\":\"https:\/\/cleitonpinheiro.com.br\/site\/somos-99-apos-bater-400-mil-assinaturas-campanha-entra-em-nova-fase-e-tem-novidades\/\",\"name\":\"SOMOS 99%: Ap\u00f3s bater 400 mil assinaturas, campanha entra em nova fase e tem novidades - PORTAL DE NOT\u00cdCIAS CLEITON PINHEIRO\",\"isPartOf\":{\"@id\":\"https:\/\/cleitonpinheiro.com.br\/site\/#website\"},\"primaryImageOfPage\":{\"@id\":\"https:\/\/cleitonpinheiro.com.br\/site\/somos-99-apos-bater-400-mil-assinaturas-campanha-entra-em-nova-fase-e-tem-novidades\/#primaryimage\"},\"image\":{\"@id\":\"https:\/\/cleitonpinheiro.com.br\/site\/somos-99-apos-bater-400-mil-assinaturas-campanha-entra-em-nova-fase-e-tem-novidades\/#primaryimage\"},\"thumbnailUrl\":\"https:\/\/cleitonpinheiro.com.br\/site\/wp-content\/uploads\/2025\/07\/WhatsApp-Image-2025-07-14-at-08-compressed.jpg\",\"datePublished\":\"2025-07-14T16:49:29+00:00\",\"dateModified\":\"2025-07-14T18:18:41+00:00\",\"breadcrumb\":{\"@id\":\"https:\/\/cleitonpinheiro.com.br\/site\/somos-99-apos-bater-400-mil-assinaturas-campanha-entra-em-nova-fase-e-tem-novidades\/#breadcrumb\"},\"inLanguage\":\"pt-BR\",\"potentialAction\":[{\"@type\":\"ReadAction\",\"target\":[\"https:\/\/cleitonpinheiro.com.br\/site\/somos-99-apos-bater-400-mil-assinaturas-campanha-entra-em-nova-fase-e-tem-novidades\/\"]}]},{\"@type\":\"ImageObject\",\"inLanguage\":\"pt-BR\",\"@id\":\"https:\/\/cleitonpinheiro.com.br\/site\/somos-99-apos-bater-400-mil-assinaturas-campanha-entra-em-nova-fase-e-tem-novidades\/#primaryimage\",\"url\":\"https:\/\/cleitonpinheiro.com.br\/site\/wp-content\/uploads\/2025\/07\/WhatsApp-Image-2025-07-14-at-08-compressed.jpg\",\"contentUrl\":\"https:\/\/cleitonpinheiro.com.br\/site\/wp-content\/uploads\/2025\/07\/WhatsApp-Image-2025-07-14-at-08-compressed.jpg\",\"width\":960,\"height\":540},{\"@type\":\"BreadcrumbList\",\"@id\":\"https:\/\/cleitonpinheiro.com.br\/site\/somos-99-apos-bater-400-mil-assinaturas-campanha-entra-em-nova-fase-e-tem-novidades\/#breadcrumb\",\"itemListElement\":[{\"@type\":\"ListItem\",\"position\":1,\"name\":\"In\u00edcio\",\"item\":\"https:\/\/cleitonpinheiro.com.br\/site\/\"},{\"@type\":\"ListItem\",\"position\":2,\"name\":\"SOMOS 99%: Ap\u00f3s bater 400 mil assinaturas, campanha entra em nova fase e tem novidades\"}]},{\"@type\":\"WebSite\",\"@id\":\"https:\/\/cleitonpinheiro.com.br\/site\/#website\",\"url\":\"https:\/\/cleitonpinheiro.com.br\/site\/\",\"name\":\"PORTAL DE NOT\u00cdCIAS CLEITON PINHEIRO\",\"description\":\"FALANDO A VERDADE\",\"publisher\":{\"@id\":\"https:\/\/cleitonpinheiro.com.br\/site\/#organization\"},\"potentialAction\":[{\"@type\":\"SearchAction\",\"target\":{\"@type\":\"EntryPoint\",\"urlTemplate\":\"https:\/\/cleitonpinheiro.com.br\/site\/?s={search_term_string}\"},\"query-input\":{\"@type\":\"PropertyValueSpecification\",\"valueRequired\":true,\"valueName\":\"search_term_string\"}}],\"inLanguage\":\"pt-BR\"},{\"@type\":\"Organization\",\"@id\":\"https:\/\/cleitonpinheiro.com.br\/site\/#organization\",\"name\":\"CPNOT\u00cdCIAS\",\"url\":\"https:\/\/cleitonpinheiro.com.br\/site\/\",\"logo\":{\"@type\":\"ImageObject\",\"inLanguage\":\"pt-BR\",\"@id\":\"https:\/\/cleitonpinheiro.com.br\/site\/#\/schema\/logo\/image\/\",\"url\":\"https:\/\/cleitonpinheiro.com.br\/site\/wp-content\/uploads\/2022\/08\/Logo-pequena-2.png\",\"contentUrl\":\"https:\/\/cleitonpinheiro.com.br\/site\/wp-content\/uploads\/2022\/08\/Logo-pequena-2.png\",\"width\":500,\"height\":500,\"caption\":\"CPNOT\u00cdCIAS\"},\"image\":{\"@id\":\"https:\/\/cleitonpinheiro.com.br\/site\/#\/schema\/logo\/image\/\"},\"sameAs\":[\"https:\/\/www.facebook.com\/portalcpnoticias\/\"]},{\"@type\":\"Person\",\"@id\":\"https:\/\/cleitonpinheiro.com.br\/site\/#\/schema\/person\/8f04544e0bc40a1b68775b08360f87db\",\"name\":\"Reda\u00e7\u00e3o CP\",\"image\":{\"@type\":\"ImageObject\",\"inLanguage\":\"pt-BR\",\"@id\":\"https:\/\/cleitonpinheiro.com.br\/site\/#\/schema\/person\/image\/\",\"url\":\"https:\/\/secure.gravatar.com\/avatar\/0bcf19cb29fdc8fc588c490c7ae1b3e174dac268586a63fbe1d1893a0f9020cd?s=96&r=g\",\"contentUrl\":\"https:\/\/secure.gravatar.com\/avatar\/0bcf19cb29fdc8fc588c490c7ae1b3e174dac268586a63fbe1d1893a0f9020cd?s=96&r=g\",\"caption\":\"Reda\u00e7\u00e3o CP\"},\"url\":\"https:\/\/cleitonpinheiro.com.br\/site\/author\/redacao\/\"}]}<\/script>\n<!-- \/ Yoast SEO plugin. -->","yoast_head_json":{"title":"SOMOS 99%: Ap\u00f3s bater 400 mil assinaturas, campanha entra em nova fase e tem novidades - PORTAL DE NOT\u00cdCIAS CLEITON PINHEIRO","robots":{"index":"index","follow":"follow","max-snippet":"max-snippet:-1","max-image-preview":"max-image-preview:large","max-video-preview":"max-video-preview:-1"},"canonical":"https:\/\/cleitonpinheiro.com.br\/site\/somos-99-apos-bater-400-mil-assinaturas-campanha-entra-em-nova-fase-e-tem-novidades\/","og_locale":"pt_BR","og_type":"article","og_title":"SOMOS 99%: Ap\u00f3s bater 400 mil assinaturas, campanha entra em nova fase e tem novidades - PORTAL DE NOT\u00cdCIAS CLEITON PINHEIRO","og_description":"Ap\u00f3s ultrapassar as 400 mil assinaturas, o&nbsp;manifesto&nbsp;\u201cSomos 99%\u201d, lan\u00e7ado h\u00e1 uma semana pelo fundador do Instituto Conhecimento Liberta (ICL), Eduardo Moreira, entrou em uma nova fase nesta segunda-feira (14). A campanha, a partir de agora, far\u00e1 uma press\u00e3o direta aos deputados e senadores do Congresso Nacional em favor das pautas que constam no texto. A [&hellip;]","og_url":"https:\/\/cleitonpinheiro.com.br\/site\/somos-99-apos-bater-400-mil-assinaturas-campanha-entra-em-nova-fase-e-tem-novidades\/","og_site_name":"PORTAL DE NOT\u00cdCIAS CLEITON PINHEIRO","article_publisher":"https:\/\/www.facebook.com\/portalcpnoticias\/","article_published_time":"2025-07-14T16:49:29+00:00","article_modified_time":"2025-07-14T18:18:41+00:00","og_image":[{"width":960,"height":540,"url":"https:\/\/cleitonpinheiro.com.br\/site\/wp-content\/uploads\/2025\/07\/WhatsApp-Image-2025-07-14-at-08-compressed.jpg","type":"image\/jpeg"}],"author":"Reda\u00e7\u00e3o CP","twitter_card":"summary_large_image","twitter_misc":{"Escrito por":"Reda\u00e7\u00e3o CP","Est. tempo de leitura":"7 minutos"},"schema":{"@context":"https:\/\/schema.org","@graph":[{"@type":"Article","@id":"https:\/\/cleitonpinheiro.com.br\/site\/somos-99-apos-bater-400-mil-assinaturas-campanha-entra-em-nova-fase-e-tem-novidades\/#article","isPartOf":{"@id":"https:\/\/cleitonpinheiro.com.br\/site\/somos-99-apos-bater-400-mil-assinaturas-campanha-entra-em-nova-fase-e-tem-novidades\/"},"author":{"name":"Reda\u00e7\u00e3o CP","@id":"https:\/\/cleitonpinheiro.com.br\/site\/#\/schema\/person\/8f04544e0bc40a1b68775b08360f87db"},"headline":"SOMOS 99%: Ap\u00f3s bater 400 mil assinaturas, campanha entra em nova fase e tem novidades","datePublished":"2025-07-14T16:49:29+00:00","dateModified":"2025-07-14T18:18:41+00:00","mainEntityOfPage":{"@id":"https:\/\/cleitonpinheiro.com.br\/site\/somos-99-apos-bater-400-mil-assinaturas-campanha-entra-em-nova-fase-e-tem-novidades\/"},"wordCount":1109,"commentCount":0,"publisher":{"@id":"https:\/\/cleitonpinheiro.com.br\/site\/#organization"},"image":{"@id":"https:\/\/cleitonpinheiro.com.br\/site\/somos-99-apos-bater-400-mil-assinaturas-campanha-entra-em-nova-fase-e-tem-novidades\/#primaryimage"},"thumbnailUrl":"https:\/\/cleitonpinheiro.com.br\/site\/wp-content\/uploads\/2025\/07\/WhatsApp-Image-2025-07-14-at-08-compressed.jpg","articleSection":["BRASIL \/ MUNDO","NOT\u00cdCIAS EM DESTAQUE","TODAS NOTICIAS"],"inLanguage":"pt-BR","potentialAction":[{"@type":"CommentAction","name":"Comment","target":["https:\/\/cleitonpinheiro.com.br\/site\/somos-99-apos-bater-400-mil-assinaturas-campanha-entra-em-nova-fase-e-tem-novidades\/#respond"]}]},{"@type":"WebPage","@id":"https:\/\/cleitonpinheiro.com.br\/site\/somos-99-apos-bater-400-mil-assinaturas-campanha-entra-em-nova-fase-e-tem-novidades\/","url":"https:\/\/cleitonpinheiro.com.br\/site\/somos-99-apos-bater-400-mil-assinaturas-campanha-entra-em-nova-fase-e-tem-novidades\/","name":"SOMOS 99%: Ap\u00f3s bater 400 mil assinaturas, campanha entra em nova fase e tem novidades - PORTAL DE NOT\u00cdCIAS CLEITON PINHEIRO","isPartOf":{"@id":"https:\/\/cleitonpinheiro.com.br\/site\/#website"},"primaryImageOfPage":{"@id":"https:\/\/cleitonpinheiro.com.br\/site\/somos-99-apos-bater-400-mil-assinaturas-campanha-entra-em-nova-fase-e-tem-novidades\/#primaryimage"},"image":{"@id":"https:\/\/cleitonpinheiro.com.br\/site\/somos-99-apos-bater-400-mil-assinaturas-campanha-entra-em-nova-fase-e-tem-novidades\/#primaryimage"},"thumbnailUrl":"https:\/\/cleitonpinheiro.com.br\/site\/wp-content\/uploads\/2025\/07\/WhatsApp-Image-2025-07-14-at-08-compressed.jpg","datePublished":"2025-07-14T16:49:29+00:00","dateModified":"2025-07-14T18:18:41+00:00","breadcrumb":{"@id":"https:\/\/cleitonpinheiro.com.br\/site\/somos-99-apos-bater-400-mil-assinaturas-campanha-entra-em-nova-fase-e-tem-novidades\/#breadcrumb"},"inLanguage":"pt-BR","potentialAction":[{"@type":"ReadAction","target":["https:\/\/cleitonpinheiro.com.br\/site\/somos-99-apos-bater-400-mil-assinaturas-campanha-entra-em-nova-fase-e-tem-novidades\/"]}]},{"@type":"ImageObject","inLanguage":"pt-BR","@id":"https:\/\/cleitonpinheiro.com.br\/site\/somos-99-apos-bater-400-mil-assinaturas-campanha-entra-em-nova-fase-e-tem-novidades\/#primaryimage","url":"https:\/\/cleitonpinheiro.com.br\/site\/wp-content\/uploads\/2025\/07\/WhatsApp-Image-2025-07-14-at-08-compressed.jpg","contentUrl":"https:\/\/cleitonpinheiro.com.br\/site\/wp-content\/uploads\/2025\/07\/WhatsApp-Image-2025-07-14-at-08-compressed.jpg","width":960,"height":540},{"@type":"BreadcrumbList","@id":"https:\/\/cleitonpinheiro.com.br\/site\/somos-99-apos-bater-400-mil-assinaturas-campanha-entra-em-nova-fase-e-tem-novidades\/#breadcrumb","itemListElement":[{"@type":"ListItem","position":1,"name":"In\u00edcio","item":"https:\/\/cleitonpinheiro.com.br\/site\/"},{"@type":"ListItem","position":2,"name":"SOMOS 99%: Ap\u00f3s bater 400 mil assinaturas, campanha entra em nova fase e tem novidades"}]},{"@type":"WebSite","@id":"https:\/\/cleitonpinheiro.com.br\/site\/#website","url":"https:\/\/cleitonpinheiro.com.br\/site\/","name":"PORTAL DE NOT\u00cdCIAS CLEITON PINHEIRO","description":"FALANDO A VERDADE","publisher":{"@id":"https:\/\/cleitonpinheiro.com.br\/site\/#organization"},"potentialAction":[{"@type":"SearchAction","target":{"@type":"EntryPoint","urlTemplate":"https:\/\/cleitonpinheiro.com.br\/site\/?s={search_term_string}"},"query-input":{"@type":"PropertyValueSpecification","valueRequired":true,"valueName":"search_term_string"}}],"inLanguage":"pt-BR"},{"@type":"Organization","@id":"https:\/\/cleitonpinheiro.com.br\/site\/#organization","name":"CPNOT\u00cdCIAS","url":"https:\/\/cleitonpinheiro.com.br\/site\/","logo":{"@type":"ImageObject","inLanguage":"pt-BR","@id":"https:\/\/cleitonpinheiro.com.br\/site\/#\/schema\/logo\/image\/","url":"https:\/\/cleitonpinheiro.com.br\/site\/wp-content\/uploads\/2022\/08\/Logo-pequena-2.png","contentUrl":"https:\/\/cleitonpinheiro.com.br\/site\/wp-content\/uploads\/2022\/08\/Logo-pequena-2.png","width":500,"height":500,"caption":"CPNOT\u00cdCIAS"},"image":{"@id":"https:\/\/cleitonpinheiro.com.br\/site\/#\/schema\/logo\/image\/"},"sameAs":["https:\/\/www.facebook.com\/portalcpnoticias\/"]},{"@type":"Person","@id":"https:\/\/cleitonpinheiro.com.br\/site\/#\/schema\/person\/8f04544e0bc40a1b68775b08360f87db","name":"Reda\u00e7\u00e3o CP","image":{"@type":"ImageObject","inLanguage":"pt-BR","@id":"https:\/\/cleitonpinheiro.com.br\/site\/#\/schema\/person\/image\/","url":"https:\/\/secure.gravatar.com\/avatar\/0bcf19cb29fdc8fc588c490c7ae1b3e174dac268586a63fbe1d1893a0f9020cd?s=96&r=g","contentUrl":"https:\/\/secure.gravatar.com\/avatar\/0bcf19cb29fdc8fc588c490c7ae1b3e174dac268586a63fbe1d1893a0f9020cd?s=96&r=g","caption":"Reda\u00e7\u00e3o CP"},"url":"https:\/\/cleitonpinheiro.com.br\/site\/author\/redacao\/"}]}},"views":181,"_links":{"self":[{"href":"https:\/\/cleitonpinheiro.com.br\/site\/wp-json\/wp\/v2\/posts\/86262","targetHints":{"allow":["GET"]}}],"collection":[{"href":"https:\/\/cleitonpinheiro.com.br\/site\/wp-json\/wp\/v2\/posts"}],"about":[{"href":"https:\/\/cleitonpinheiro.com.br\/site\/wp-json\/wp\/v2\/types\/post"}],"author":[{"embeddable":true,"href":"https:\/\/cleitonpinheiro.com.br\/site\/wp-json\/wp\/v2\/users\/13"}],"replies":[{"embeddable":true,"href":"https:\/\/cleitonpinheiro.com.br\/site\/wp-json\/wp\/v2\/comments?post=86262"}],"version-history":[{"count":1,"href":"https:\/\/cleitonpinheiro.com.br\/site\/wp-json\/wp\/v2\/posts\/86262\/revisions"}],"predecessor-version":[{"id":86264,"href":"https:\/\/cleitonpinheiro.com.br\/site\/wp-json\/wp\/v2\/posts\/86262\/revisions\/86264"}],"wp:featuredmedia":[{"embeddable":true,"href":"https:\/\/cleitonpinheiro.com.br\/site\/wp-json\/wp\/v2\/media\/86263"}],"wp:attachment":[{"href":"https:\/\/cleitonpinheiro.com.br\/site\/wp-json\/wp\/v2\/media?parent=86262"}],"wp:term":[{"taxonomy":"category","embeddable":true,"href":"https:\/\/cleitonpinheiro.com.br\/site\/wp-json\/wp\/v2\/categories?post=86262"},{"taxonomy":"post_tag","embeddable":true,"href":"https:\/\/cleitonpinheiro.com.br\/site\/wp-json\/wp\/v2\/tags?post=86262"}],"curies":[{"name":"wp","href":"https:\/\/api.w.org\/{rel}","templated":true}]}}