{"id":86272,"date":"2025-07-15T11:00:57","date_gmt":"2025-07-15T14:00:57","guid":{"rendered":"https:\/\/cleitonpinheiro.com.br\/site\/?p=86272"},"modified":"2025-07-15T11:01:11","modified_gmt":"2025-07-15T14:01:11","slug":"nas-alegacoes-finais-ao-stf-pgr-pede-condencao-do-ex-presidente-bolsonaro-e-de-mais-sete-pessoas","status":"publish","type":"post","link":"https:\/\/cleitonpinheiro.com.br\/site\/nas-alegacoes-finais-ao-stf-pgr-pede-condencao-do-ex-presidente-bolsonaro-e-de-mais-sete-pessoas\/","title":{"rendered":"Nas alega\u00e7\u00f5es finais ao STF, PGR pede conden\u00e7\u00e3o do ex-presidente Bolsonaro e de mais sete pessoas"},"content":{"rendered":"\n<figure class=\"wp-block-image size-full\"><img decoding=\"async\" src=\"https:\/\/cleitonpinheiro.com.br\/site\/wp-content\/uploads\/2023\/04\/bolsonaro-foto-reuters-marco-bello-1hrj6ss9e5gl3.webp\" alt=\"\" class=\"wp-image-69844\"\/><figcaption class=\"wp-element-caption\">Conte\u00fado foi retirado do ar durante as elei\u00e7\u00f5es por decis\u00e3o liminar<\/figcaption><\/figure>\n\n\n\n<p>A Procuradoria-Geral da Rep\u00fablica pediu a condena\u00e7\u00e3o do ex-presidente Jair Bolsonaro (PL) ao STF (Supremo Tribunal Federal) por integrar uma organiza\u00e7\u00e3o criminosa que liderou uma tentativa de golpe de Estado no Brasil ap\u00f3s a sua derrota nas elei\u00e7\u00f5es de 2022. Al\u00e9m do ex-presidente, a PGR pediu a condena\u00e7\u00e3o do general Walter Braga Netto, ex-candidato a vice-presidente na chapa de Bolsonaro, e outros seis integrantes do chamado \u201cn\u00facleo crucial\u201d.<\/p>\n\n\n\n<p>O pedido de condena\u00e7\u00e3o consta das alega\u00e7\u00f5es finais, documento protocolado nesta segunda-feira (14). Bolsonaro foi acusado de tentativa de golpe de Estado, aboli\u00e7\u00e3o violenta do Estado Democr\u00e1tico de Direito, organiza\u00e7\u00e3o criminosa armada, dano qualificado e deteriora\u00e7\u00e3o de patrim\u00f4nio tombado. A PGR pediu a condena\u00e7\u00e3o nos cinco crimes e, com isso, se aplicada a pena m\u00e1xima Bolsonaro pode pegar at\u00e9 43 anos de pris\u00e3o.<\/p>\n\n\n\n<p>\u201cO grupo, liderado por Jair Messias Bolsonaro e composto por figuras-chave do governo, das For\u00e7as Armadas e de \u00f3rg\u00e3os de intelig\u00eancia, desenvolveu e implementou plano progressivo e sistem\u00e1tico de ataque \u00e0s institui\u00e7\u00f5es democr\u00e1ticas, com a finalidade de prejudicar a altern\u00e2ncia leg\u00edtima de poder nas elei\u00e7\u00f5es de 2022 e minar o livre exerc\u00edcio dos demais poderes constitucionais, especialmente do Poder Judici\u00e1rio\u201d, diz o procurador-geral para o STF.<\/p>\n\n\n\n<p>Agora, o STF (Supremo Tribunal Federal) vai abrir 15 dias para que as defesas apresentem suas alega\u00e7\u00f5es finais e os ministros depois ir\u00e3o produzir seus votos para o julgamento das acusa\u00e7\u00f5es.<\/p>\n\n\n\n<p>A PGR decidiu separar os 34 acusados pela tentativa de golpe em cinco documentos de den\u00fancia distintos. Bolsonaro e Braga Netto est\u00e3o no \u201cn\u00facleo principal\u201d. Junto com eles est\u00e3o: os ex-ministros&nbsp; Augusto Heleno (GSI), Paulo S\u00e9rgio Nogueira (Defesa) e Anderson Torres (Justi\u00e7a), assim como o almirante Almir Garnier, comandante da Marinha no governo Bolsonaro, e o deputado federal Alexandre Ramagem (PL-RJ), que chefiou a Abin (Ag\u00eancia Brasileira de Intelig\u00eancia) e Mauro Cid, ex-ajudante de ordens de Bolsonaro.&nbsp; Segundo a PGR, partiram desse grupo \u201cas principais decis\u00f5es e a\u00e7\u00f5es com impacto social\u201d narradas na den\u00fancia.<\/p>\n\n\n\n<p>No caso de Mauro Cid, a PGR entendeu que ele n\u00e3o faz jus ao perd\u00e3o judicial. \u201cDiante do comportamento contradit\u00f3rio, marcado por omiss\u00f5es e resist\u00eancia ao cumprimento integral das obriga\u00e7\u00f5es pactuadas, entende-se que a redu\u00e7\u00e3o da pena deva ser fixada em patamar m\u00ednimo. O Minist\u00e9rio P\u00fablico sugere, na esteira dessa constru\u00e7\u00e3o, a redu\u00e7\u00e3o de 1\/3 da pena imposta pela pr\u00e1tica criminosa como benef\u00edcio premial decorrente de sua colabora\u00e7\u00e3o. Afasta-se, por conseguinte, a concess\u00e3o do perd\u00e3o judicial\u201d, afirma o procurador nas alega\u00e7\u00f5es finais.<\/p>\n\n\n\n<p>Segundo Gonet, o 8 de janeiro de 2023 pode \u201cn\u00e3o ter sido o objetivo principal do grupo, mas passou a ser desejado e incentivado, quando se tornou a derradeira op\u00e7\u00e3o dispon\u00edvel\u201d.<\/p>\n","protected":false},"excerpt":{"rendered":"<p>A Procuradoria-Geral da Rep\u00fablica pediu a condena\u00e7\u00e3o do ex-presidente Jair Bolsonaro (PL) ao STF (Supremo Tribunal Federal) por integrar uma organiza\u00e7\u00e3o criminosa que liderou uma tentativa de golpe de Estado no Brasil ap\u00f3s a sua derrota nas elei\u00e7\u00f5es de 2022. Al\u00e9m do ex-presidente, a PGR pediu a condena\u00e7\u00e3o do general Walter Braga Netto, ex-candidato a [&hellip;]<\/p>\n","protected":false},"author":13,"featured_media":0,"comment_status":"open","ping_status":"open","sticky":false,"template":"","format":"standard","meta":{"_acf_changed":false,"footnotes":""},"categories":[898,23,21],"tags":[],"class_list":["post-86272","post","type-post","status-publish","format-standard","hentry","category-manchete-segundaria","category-politica","category-todas-noticias"],"acf":[],"yoast_head":"<!-- This site is optimized with the Yoast SEO plugin v24.4 - https:\/\/yoast.com\/wordpress\/plugins\/seo\/ -->\n<title>Nas alega\u00e7\u00f5es finais ao STF, PGR pede conden\u00e7\u00e3o do ex-presidente Bolsonaro e de mais sete pessoas - PORTAL DE NOT\u00cdCIAS CLEITON PINHEIRO<\/title>\n<meta name=\"robots\" content=\"index, follow, max-snippet:-1, max-image-preview:large, max-video-preview:-1\" \/>\n<link rel=\"canonical\" href=\"https:\/\/cleitonpinheiro.com.br\/site\/nas-alegacoes-finais-ao-stf-pgr-pede-condencao-do-ex-presidente-bolsonaro-e-de-mais-sete-pessoas\/\" \/>\n<meta property=\"og:locale\" content=\"pt_BR\" \/>\n<meta property=\"og:type\" content=\"article\" \/>\n<meta property=\"og:title\" content=\"Nas alega\u00e7\u00f5es finais ao STF, PGR pede conden\u00e7\u00e3o do ex-presidente Bolsonaro e de mais sete pessoas - PORTAL DE NOT\u00cdCIAS CLEITON PINHEIRO\" \/>\n<meta property=\"og:description\" content=\"A Procuradoria-Geral da Rep\u00fablica pediu a condena\u00e7\u00e3o do ex-presidente Jair Bolsonaro (PL) ao STF (Supremo Tribunal Federal) por integrar uma organiza\u00e7\u00e3o criminosa que liderou uma tentativa de golpe de Estado no Brasil ap\u00f3s a sua derrota nas elei\u00e7\u00f5es de 2022. Al\u00e9m do ex-presidente, a PGR pediu a condena\u00e7\u00e3o do general Walter Braga Netto, ex-candidato a [&hellip;]\" \/>\n<meta property=\"og:url\" content=\"https:\/\/cleitonpinheiro.com.br\/site\/nas-alegacoes-finais-ao-stf-pgr-pede-condencao-do-ex-presidente-bolsonaro-e-de-mais-sete-pessoas\/\" \/>\n<meta property=\"og:site_name\" content=\"PORTAL DE NOT\u00cdCIAS CLEITON PINHEIRO\" \/>\n<meta property=\"article:publisher\" content=\"https:\/\/www.facebook.com\/portalcpnoticias\/\" \/>\n<meta property=\"article:published_time\" content=\"2025-07-15T14:00:57+00:00\" \/>\n<meta property=\"article:modified_time\" content=\"2025-07-15T14:01:11+00:00\" \/>\n<meta property=\"og:image\" content=\"https:\/\/cleitonpinheiro.com.br\/site\/wp-content\/uploads\/2023\/04\/bolsonaro-foto-reuters-marco-bello-1hrj6ss9e5gl3.webp\" \/>\n\t<meta property=\"og:image:width\" content=\"774\" \/>\n\t<meta property=\"og:image:height\" content=\"516\" \/>\n\t<meta property=\"og:image:type\" content=\"image\/webp\" \/>\n<meta name=\"author\" content=\"Reda\u00e7\u00e3o CP\" \/>\n<meta name=\"twitter:card\" content=\"summary_large_image\" \/>\n<meta name=\"twitter:label1\" content=\"Escrito por\" \/>\n\t<meta name=\"twitter:data1\" content=\"Reda\u00e7\u00e3o CP\" \/>\n\t<meta name=\"twitter:label2\" content=\"Est. tempo de leitura\" \/>\n\t<meta name=\"twitter:data2\" content=\"3 minutos\" \/>\n<script type=\"application\/ld+json\" class=\"yoast-schema-graph\">{\"@context\":\"https:\/\/schema.org\",\"@graph\":[{\"@type\":\"Article\",\"@id\":\"https:\/\/cleitonpinheiro.com.br\/site\/nas-alegacoes-finais-ao-stf-pgr-pede-condencao-do-ex-presidente-bolsonaro-e-de-mais-sete-pessoas\/#article\",\"isPartOf\":{\"@id\":\"https:\/\/cleitonpinheiro.com.br\/site\/nas-alegacoes-finais-ao-stf-pgr-pede-condencao-do-ex-presidente-bolsonaro-e-de-mais-sete-pessoas\/\"},\"author\":{\"name\":\"Reda\u00e7\u00e3o CP\",\"@id\":\"https:\/\/cleitonpinheiro.com.br\/site\/#\/schema\/person\/8f04544e0bc40a1b68775b08360f87db\"},\"headline\":\"Nas alega\u00e7\u00f5es finais ao STF, PGR pede conden\u00e7\u00e3o do ex-presidente Bolsonaro e de mais sete pessoas\",\"datePublished\":\"2025-07-15T14:00:57+00:00\",\"dateModified\":\"2025-07-15T14:01:11+00:00\",\"mainEntityOfPage\":{\"@id\":\"https:\/\/cleitonpinheiro.com.br\/site\/nas-alegacoes-finais-ao-stf-pgr-pede-condencao-do-ex-presidente-bolsonaro-e-de-mais-sete-pessoas\/\"},\"wordCount\":524,\"commentCount\":0,\"publisher\":{\"@id\":\"https:\/\/cleitonpinheiro.com.br\/site\/#organization\"},\"image\":{\"@id\":\"https:\/\/cleitonpinheiro.com.br\/site\/nas-alegacoes-finais-ao-stf-pgr-pede-condencao-do-ex-presidente-bolsonaro-e-de-mais-sete-pessoas\/#primaryimage\"},\"thumbnailUrl\":\"https:\/\/cleitonpinheiro.com.br\/site\/wp-content\/uploads\/2023\/04\/bolsonaro-foto-reuters-marco-bello-1hrj6ss9e5gl3.webp\",\"articleSection\":[\"MANCHETE SEGUND\u00c1RIA\",\"POL\u00cdTICA\",\"TODAS NOTICIAS\"],\"inLanguage\":\"pt-BR\",\"potentialAction\":[{\"@type\":\"CommentAction\",\"name\":\"Comment\",\"target\":[\"https:\/\/cleitonpinheiro.com.br\/site\/nas-alegacoes-finais-ao-stf-pgr-pede-condencao-do-ex-presidente-bolsonaro-e-de-mais-sete-pessoas\/#respond\"]}]},{\"@type\":\"WebPage\",\"@id\":\"https:\/\/cleitonpinheiro.com.br\/site\/nas-alegacoes-finais-ao-stf-pgr-pede-condencao-do-ex-presidente-bolsonaro-e-de-mais-sete-pessoas\/\",\"url\":\"https:\/\/cleitonpinheiro.com.br\/site\/nas-alegacoes-finais-ao-stf-pgr-pede-condencao-do-ex-presidente-bolsonaro-e-de-mais-sete-pessoas\/\",\"name\":\"Nas alega\u00e7\u00f5es finais ao STF, PGR pede conden\u00e7\u00e3o do ex-presidente Bolsonaro e de mais sete pessoas - PORTAL DE NOT\u00cdCIAS CLEITON PINHEIRO\",\"isPartOf\":{\"@id\":\"https:\/\/cleitonpinheiro.com.br\/site\/#website\"},\"primaryImageOfPage\":{\"@id\":\"https:\/\/cleitonpinheiro.com.br\/site\/nas-alegacoes-finais-ao-stf-pgr-pede-condencao-do-ex-presidente-bolsonaro-e-de-mais-sete-pessoas\/#primaryimage\"},\"image\":{\"@id\":\"https:\/\/cleitonpinheiro.com.br\/site\/nas-alegacoes-finais-ao-stf-pgr-pede-condencao-do-ex-presidente-bolsonaro-e-de-mais-sete-pessoas\/#primaryimage\"},\"thumbnailUrl\":\"https:\/\/cleitonpinheiro.com.br\/site\/wp-content\/uploads\/2023\/04\/bolsonaro-foto-reuters-marco-bello-1hrj6ss9e5gl3.webp\",\"datePublished\":\"2025-07-15T14:00:57+00:00\",\"dateModified\":\"2025-07-15T14:01:11+00:00\",\"breadcrumb\":{\"@id\":\"https:\/\/cleitonpinheiro.com.br\/site\/nas-alegacoes-finais-ao-stf-pgr-pede-condencao-do-ex-presidente-bolsonaro-e-de-mais-sete-pessoas\/#breadcrumb\"},\"inLanguage\":\"pt-BR\",\"potentialAction\":[{\"@type\":\"ReadAction\",\"target\":[\"https:\/\/cleitonpinheiro.com.br\/site\/nas-alegacoes-finais-ao-stf-pgr-pede-condencao-do-ex-presidente-bolsonaro-e-de-mais-sete-pessoas\/\"]}]},{\"@type\":\"ImageObject\",\"inLanguage\":\"pt-BR\",\"@id\":\"https:\/\/cleitonpinheiro.com.br\/site\/nas-alegacoes-finais-ao-stf-pgr-pede-condencao-do-ex-presidente-bolsonaro-e-de-mais-sete-pessoas\/#primaryimage\",\"url\":\"\",\"contentUrl\":\"\"},{\"@type\":\"BreadcrumbList\",\"@id\":\"https:\/\/cleitonpinheiro.com.br\/site\/nas-alegacoes-finais-ao-stf-pgr-pede-condencao-do-ex-presidente-bolsonaro-e-de-mais-sete-pessoas\/#breadcrumb\",\"itemListElement\":[{\"@type\":\"ListItem\",\"position\":1,\"name\":\"In\u00edcio\",\"item\":\"https:\/\/cleitonpinheiro.com.br\/site\/\"},{\"@type\":\"ListItem\",\"position\":2,\"name\":\"Nas alega\u00e7\u00f5es finais ao STF, PGR pede conden\u00e7\u00e3o do ex-presidente Bolsonaro e de mais sete pessoas\"}]},{\"@type\":\"WebSite\",\"@id\":\"https:\/\/cleitonpinheiro.com.br\/site\/#website\",\"url\":\"https:\/\/cleitonpinheiro.com.br\/site\/\",\"name\":\"PORTAL DE NOT\u00cdCIAS CLEITON PINHEIRO\",\"description\":\"FALANDO A VERDADE\",\"publisher\":{\"@id\":\"https:\/\/cleitonpinheiro.com.br\/site\/#organization\"},\"potentialAction\":[{\"@type\":\"SearchAction\",\"target\":{\"@type\":\"EntryPoint\",\"urlTemplate\":\"https:\/\/cleitonpinheiro.com.br\/site\/?s={search_term_string}\"},\"query-input\":{\"@type\":\"PropertyValueSpecification\",\"valueRequired\":true,\"valueName\":\"search_term_string\"}}],\"inLanguage\":\"pt-BR\"},{\"@type\":\"Organization\",\"@id\":\"https:\/\/cleitonpinheiro.com.br\/site\/#organization\",\"name\":\"CPNOT\u00cdCIAS\",\"url\":\"https:\/\/cleitonpinheiro.com.br\/site\/\",\"logo\":{\"@type\":\"ImageObject\",\"inLanguage\":\"pt-BR\",\"@id\":\"https:\/\/cleitonpinheiro.com.br\/site\/#\/schema\/logo\/image\/\",\"url\":\"https:\/\/cleitonpinheiro.com.br\/site\/wp-content\/uploads\/2022\/08\/Logo-pequena-2.png\",\"contentUrl\":\"https:\/\/cleitonpinheiro.com.br\/site\/wp-content\/uploads\/2022\/08\/Logo-pequena-2.png\",\"width\":500,\"height\":500,\"caption\":\"CPNOT\u00cdCIAS\"},\"image\":{\"@id\":\"https:\/\/cleitonpinheiro.com.br\/site\/#\/schema\/logo\/image\/\"},\"sameAs\":[\"https:\/\/www.facebook.com\/portalcpnoticias\/\"]},{\"@type\":\"Person\",\"@id\":\"https:\/\/cleitonpinheiro.com.br\/site\/#\/schema\/person\/8f04544e0bc40a1b68775b08360f87db\",\"name\":\"Reda\u00e7\u00e3o CP\",\"image\":{\"@type\":\"ImageObject\",\"inLanguage\":\"pt-BR\",\"@id\":\"https:\/\/cleitonpinheiro.com.br\/site\/#\/schema\/person\/image\/\",\"url\":\"https:\/\/secure.gravatar.com\/avatar\/0bcf19cb29fdc8fc588c490c7ae1b3e174dac268586a63fbe1d1893a0f9020cd?s=96&r=g\",\"contentUrl\":\"https:\/\/secure.gravatar.com\/avatar\/0bcf19cb29fdc8fc588c490c7ae1b3e174dac268586a63fbe1d1893a0f9020cd?s=96&r=g\",\"caption\":\"Reda\u00e7\u00e3o CP\"},\"url\":\"https:\/\/cleitonpinheiro.com.br\/site\/author\/redacao\/\"}]}<\/script>\n<!-- \/ Yoast SEO plugin. -->","yoast_head_json":{"title":"Nas alega\u00e7\u00f5es finais ao STF, PGR pede conden\u00e7\u00e3o do ex-presidente Bolsonaro e de mais sete pessoas - PORTAL DE NOT\u00cdCIAS CLEITON PINHEIRO","robots":{"index":"index","follow":"follow","max-snippet":"max-snippet:-1","max-image-preview":"max-image-preview:large","max-video-preview":"max-video-preview:-1"},"canonical":"https:\/\/cleitonpinheiro.com.br\/site\/nas-alegacoes-finais-ao-stf-pgr-pede-condencao-do-ex-presidente-bolsonaro-e-de-mais-sete-pessoas\/","og_locale":"pt_BR","og_type":"article","og_title":"Nas alega\u00e7\u00f5es finais ao STF, PGR pede conden\u00e7\u00e3o do ex-presidente Bolsonaro e de mais sete pessoas - PORTAL DE NOT\u00cdCIAS CLEITON PINHEIRO","og_description":"A Procuradoria-Geral da Rep\u00fablica pediu a condena\u00e7\u00e3o do ex-presidente Jair Bolsonaro (PL) ao STF (Supremo Tribunal Federal) por integrar uma organiza\u00e7\u00e3o criminosa que liderou uma tentativa de golpe de Estado no Brasil ap\u00f3s a sua derrota nas elei\u00e7\u00f5es de 2022. Al\u00e9m do ex-presidente, a PGR pediu a condena\u00e7\u00e3o do general Walter Braga Netto, ex-candidato a [&hellip;]","og_url":"https:\/\/cleitonpinheiro.com.br\/site\/nas-alegacoes-finais-ao-stf-pgr-pede-condencao-do-ex-presidente-bolsonaro-e-de-mais-sete-pessoas\/","og_site_name":"PORTAL DE NOT\u00cdCIAS CLEITON PINHEIRO","article_publisher":"https:\/\/www.facebook.com\/portalcpnoticias\/","article_published_time":"2025-07-15T14:00:57+00:00","article_modified_time":"2025-07-15T14:01:11+00:00","og_image":[{"width":774,"height":516,"url":"https:\/\/cleitonpinheiro.com.br\/site\/wp-content\/uploads\/2023\/04\/bolsonaro-foto-reuters-marco-bello-1hrj6ss9e5gl3.webp","type":"image\/webp"}],"author":"Reda\u00e7\u00e3o CP","twitter_card":"summary_large_image","twitter_misc":{"Escrito por":"Reda\u00e7\u00e3o CP","Est. tempo de leitura":"3 minutos"},"schema":{"@context":"https:\/\/schema.org","@graph":[{"@type":"Article","@id":"https:\/\/cleitonpinheiro.com.br\/site\/nas-alegacoes-finais-ao-stf-pgr-pede-condencao-do-ex-presidente-bolsonaro-e-de-mais-sete-pessoas\/#article","isPartOf":{"@id":"https:\/\/cleitonpinheiro.com.br\/site\/nas-alegacoes-finais-ao-stf-pgr-pede-condencao-do-ex-presidente-bolsonaro-e-de-mais-sete-pessoas\/"},"author":{"name":"Reda\u00e7\u00e3o CP","@id":"https:\/\/cleitonpinheiro.com.br\/site\/#\/schema\/person\/8f04544e0bc40a1b68775b08360f87db"},"headline":"Nas alega\u00e7\u00f5es finais ao STF, PGR pede conden\u00e7\u00e3o do ex-presidente Bolsonaro e de mais sete pessoas","datePublished":"2025-07-15T14:00:57+00:00","dateModified":"2025-07-15T14:01:11+00:00","mainEntityOfPage":{"@id":"https:\/\/cleitonpinheiro.com.br\/site\/nas-alegacoes-finais-ao-stf-pgr-pede-condencao-do-ex-presidente-bolsonaro-e-de-mais-sete-pessoas\/"},"wordCount":524,"commentCount":0,"publisher":{"@id":"https:\/\/cleitonpinheiro.com.br\/site\/#organization"},"image":{"@id":"https:\/\/cleitonpinheiro.com.br\/site\/nas-alegacoes-finais-ao-stf-pgr-pede-condencao-do-ex-presidente-bolsonaro-e-de-mais-sete-pessoas\/#primaryimage"},"thumbnailUrl":"https:\/\/cleitonpinheiro.com.br\/site\/wp-content\/uploads\/2023\/04\/bolsonaro-foto-reuters-marco-bello-1hrj6ss9e5gl3.webp","articleSection":["MANCHETE SEGUND\u00c1RIA","POL\u00cdTICA","TODAS NOTICIAS"],"inLanguage":"pt-BR","potentialAction":[{"@type":"CommentAction","name":"Comment","target":["https:\/\/cleitonpinheiro.com.br\/site\/nas-alegacoes-finais-ao-stf-pgr-pede-condencao-do-ex-presidente-bolsonaro-e-de-mais-sete-pessoas\/#respond"]}]},{"@type":"WebPage","@id":"https:\/\/cleitonpinheiro.com.br\/site\/nas-alegacoes-finais-ao-stf-pgr-pede-condencao-do-ex-presidente-bolsonaro-e-de-mais-sete-pessoas\/","url":"https:\/\/cleitonpinheiro.com.br\/site\/nas-alegacoes-finais-ao-stf-pgr-pede-condencao-do-ex-presidente-bolsonaro-e-de-mais-sete-pessoas\/","name":"Nas alega\u00e7\u00f5es finais ao STF, PGR pede conden\u00e7\u00e3o do ex-presidente Bolsonaro e de mais sete pessoas - PORTAL DE NOT\u00cdCIAS CLEITON PINHEIRO","isPartOf":{"@id":"https:\/\/cleitonpinheiro.com.br\/site\/#website"},"primaryImageOfPage":{"@id":"https:\/\/cleitonpinheiro.com.br\/site\/nas-alegacoes-finais-ao-stf-pgr-pede-condencao-do-ex-presidente-bolsonaro-e-de-mais-sete-pessoas\/#primaryimage"},"image":{"@id":"https:\/\/cleitonpinheiro.com.br\/site\/nas-alegacoes-finais-ao-stf-pgr-pede-condencao-do-ex-presidente-bolsonaro-e-de-mais-sete-pessoas\/#primaryimage"},"thumbnailUrl":"https:\/\/cleitonpinheiro.com.br\/site\/wp-content\/uploads\/2023\/04\/bolsonaro-foto-reuters-marco-bello-1hrj6ss9e5gl3.webp","datePublished":"2025-07-15T14:00:57+00:00","dateModified":"2025-07-15T14:01:11+00:00","breadcrumb":{"@id":"https:\/\/cleitonpinheiro.com.br\/site\/nas-alegacoes-finais-ao-stf-pgr-pede-condencao-do-ex-presidente-bolsonaro-e-de-mais-sete-pessoas\/#breadcrumb"},"inLanguage":"pt-BR","potentialAction":[{"@type":"ReadAction","target":["https:\/\/cleitonpinheiro.com.br\/site\/nas-alegacoes-finais-ao-stf-pgr-pede-condencao-do-ex-presidente-bolsonaro-e-de-mais-sete-pessoas\/"]}]},{"@type":"ImageObject","inLanguage":"pt-BR","@id":"https:\/\/cleitonpinheiro.com.br\/site\/nas-alegacoes-finais-ao-stf-pgr-pede-condencao-do-ex-presidente-bolsonaro-e-de-mais-sete-pessoas\/#primaryimage","url":"","contentUrl":""},{"@type":"BreadcrumbList","@id":"https:\/\/cleitonpinheiro.com.br\/site\/nas-alegacoes-finais-ao-stf-pgr-pede-condencao-do-ex-presidente-bolsonaro-e-de-mais-sete-pessoas\/#breadcrumb","itemListElement":[{"@type":"ListItem","position":1,"name":"In\u00edcio","item":"https:\/\/cleitonpinheiro.com.br\/site\/"},{"@type":"ListItem","position":2,"name":"Nas alega\u00e7\u00f5es finais ao STF, PGR pede conden\u00e7\u00e3o do ex-presidente Bolsonaro e de mais sete pessoas"}]},{"@type":"WebSite","@id":"https:\/\/cleitonpinheiro.com.br\/site\/#website","url":"https:\/\/cleitonpinheiro.com.br\/site\/","name":"PORTAL DE NOT\u00cdCIAS CLEITON PINHEIRO","description":"FALANDO A VERDADE","publisher":{"@id":"https:\/\/cleitonpinheiro.com.br\/site\/#organization"},"potentialAction":[{"@type":"SearchAction","target":{"@type":"EntryPoint","urlTemplate":"https:\/\/cleitonpinheiro.com.br\/site\/?s={search_term_string}"},"query-input":{"@type":"PropertyValueSpecification","valueRequired":true,"valueName":"search_term_string"}}],"inLanguage":"pt-BR"},{"@type":"Organization","@id":"https:\/\/cleitonpinheiro.com.br\/site\/#organization","name":"CPNOT\u00cdCIAS","url":"https:\/\/cleitonpinheiro.com.br\/site\/","logo":{"@type":"ImageObject","inLanguage":"pt-BR","@id":"https:\/\/cleitonpinheiro.com.br\/site\/#\/schema\/logo\/image\/","url":"https:\/\/cleitonpinheiro.com.br\/site\/wp-content\/uploads\/2022\/08\/Logo-pequena-2.png","contentUrl":"https:\/\/cleitonpinheiro.com.br\/site\/wp-content\/uploads\/2022\/08\/Logo-pequena-2.png","width":500,"height":500,"caption":"CPNOT\u00cdCIAS"},"image":{"@id":"https:\/\/cleitonpinheiro.com.br\/site\/#\/schema\/logo\/image\/"},"sameAs":["https:\/\/www.facebook.com\/portalcpnoticias\/"]},{"@type":"Person","@id":"https:\/\/cleitonpinheiro.com.br\/site\/#\/schema\/person\/8f04544e0bc40a1b68775b08360f87db","name":"Reda\u00e7\u00e3o CP","image":{"@type":"ImageObject","inLanguage":"pt-BR","@id":"https:\/\/cleitonpinheiro.com.br\/site\/#\/schema\/person\/image\/","url":"https:\/\/secure.gravatar.com\/avatar\/0bcf19cb29fdc8fc588c490c7ae1b3e174dac268586a63fbe1d1893a0f9020cd?s=96&r=g","contentUrl":"https:\/\/secure.gravatar.com\/avatar\/0bcf19cb29fdc8fc588c490c7ae1b3e174dac268586a63fbe1d1893a0f9020cd?s=96&r=g","caption":"Reda\u00e7\u00e3o CP"},"url":"https:\/\/cleitonpinheiro.com.br\/site\/author\/redacao\/"}]}},"views":114,"_links":{"self":[{"href":"https:\/\/cleitonpinheiro.com.br\/site\/wp-json\/wp\/v2\/posts\/86272","targetHints":{"allow":["GET"]}}],"collection":[{"href":"https:\/\/cleitonpinheiro.com.br\/site\/wp-json\/wp\/v2\/posts"}],"about":[{"href":"https:\/\/cleitonpinheiro.com.br\/site\/wp-json\/wp\/v2\/types\/post"}],"author":[{"embeddable":true,"href":"https:\/\/cleitonpinheiro.com.br\/site\/wp-json\/wp\/v2\/users\/13"}],"replies":[{"embeddable":true,"href":"https:\/\/cleitonpinheiro.com.br\/site\/wp-json\/wp\/v2\/comments?post=86272"}],"version-history":[{"count":1,"href":"https:\/\/cleitonpinheiro.com.br\/site\/wp-json\/wp\/v2\/posts\/86272\/revisions"}],"predecessor-version":[{"id":86273,"href":"https:\/\/cleitonpinheiro.com.br\/site\/wp-json\/wp\/v2\/posts\/86272\/revisions\/86273"}],"wp:attachment":[{"href":"https:\/\/cleitonpinheiro.com.br\/site\/wp-json\/wp\/v2\/media?parent=86272"}],"wp:term":[{"taxonomy":"category","embeddable":true,"href":"https:\/\/cleitonpinheiro.com.br\/site\/wp-json\/wp\/v2\/categories?post=86272"},{"taxonomy":"post_tag","embeddable":true,"href":"https:\/\/cleitonpinheiro.com.br\/site\/wp-json\/wp\/v2\/tags?post=86272"}],"curies":[{"name":"wp","href":"https:\/\/api.w.org\/{rel}","templated":true}]}}