{"id":86278,"date":"2025-07-16T11:28:31","date_gmt":"2025-07-16T14:28:31","guid":{"rendered":"https:\/\/cleitonpinheiro.com.br\/site\/?p=86278"},"modified":"2025-07-16T11:28:36","modified_gmt":"2025-07-16T14:28:36","slug":"atm-participa-de-mobilizacao-em-brasilia-pela-pec-66-trata-do-limitep-para-pagamento-de-precatorios","status":"publish","type":"post","link":"https:\/\/cleitonpinheiro.com.br\/site\/atm-participa-de-mobilizacao-em-brasilia-pela-pec-66-trata-do-limitep-para-pagamento-de-precatorios\/","title":{"rendered":"ATM participa de mobiliza\u00e7\u00e3o em Bras\u00edlia pela PEC 66; trata do limitep para pagamento de precat\u00f3rios"},"content":{"rendered":"\n<figure class=\"wp-block-image aligncenter size-full\"><img fetchpriority=\"high\" decoding=\"async\" width=\"299\" height=\"168\" src=\"https:\/\/cleitonpinheiro.com.br\/site\/wp-content\/uploads\/2025\/07\/images-2.jpeg\" alt=\"\" class=\"wp-image-86279\"\/><\/figure>\n\n\n\n<p>Conforme informado pelo Gazeta do Cerrado, a Associa\u00e7\u00e3o Tocantinense de Munic\u00edpios (ATM) participou de uma importante mobiliza\u00e7\u00e3o municipalista em Bras\u00edlia, na C\u00e2mara dos Deputados, para somar for\u00e7as pela aprova\u00e7\u00e3o da Proposta de Emenda \u00e0 Constitui\u00e7\u00e3o (PEC) 66\/2023. O presidente da ATM e prefeito de Cristal\u00e2ndia, Big Jow, esteve presente no ato nesta ter\u00e7a-feira, 15.<\/p>\n\n\n\n<p>A PEC, que j\u00e1 foi aprovada em primeiro e segundo turno pelos deputados com emendas sugeridas pela Confedera\u00e7\u00e3o Nacional de Munic\u00edpios (CNM), \u00e9 considerada vital para a sa\u00fade financeira das prefeituras. Ela institui um limite para o pagamento de precat\u00f3rios e cria um novo prazo de parcelamento especial para d\u00e9bitos dos munic\u00edpios com seus regimes de previd\u00eancia social. A expectativa \u00e9 que o relat\u00f3rio da mat\u00e9ria seja votado no Senado nesta quarta-feira, 16.<\/p>\n\n\n\n<p>&#8220;Os munic\u00edpios n\u00e3o est\u00e3o abdicando de pagar precat\u00f3rios e previd\u00eancia social, queremos apenas condi\u00e7\u00f5es dignas de honrar com esse compromisso, sem que para isso tenhamos recursos sequestrados ou vindo praticamente zerados&#8221;, destacou Big Jow, classificando a PEC como uma &#8220;salva\u00e7\u00e3o para a esmagadora maioria dos Munic\u00edpios&#8221;.<\/p>\n\n\n\n<p>Apesar do avan\u00e7o, os gestores lamentaram a rejei\u00e7\u00e3o da emenda 05. Se aprovada, a medida estenderia a Reforma da Previd\u00eancia da Uni\u00e3o aos munic\u00edpios com regimes pr\u00f3prios. &#8220;No Tocantins, cerca de 20 munic\u00edpios seriam beneficiados, com economia direta a curto, m\u00e9dio e longo prazo&#8221;, explicou o presidente da ATM.<\/p>\n\n\n\n<p>A mobiliza\u00e7\u00e3o contou com a presen\u00e7a de outros prefeitos do Tocantins, como Dione do Pastel, de Combinado. &#8220;\u00c9 uma luta do Municipalismo, de todos os Munic\u00edpios brasileiros, estamos aqui ao lado do presidente Big Jow, somando for\u00e7as. Nos orgulha muito fazermos parte dessa luta, dessa conquista, desse momento hist\u00f3rico&#8221;, afirmou.<\/p>\n","protected":false},"excerpt":{"rendered":"<p>Conforme informado pelo Gazeta do Cerrado, a Associa\u00e7\u00e3o Tocantinense de Munic\u00edpios (ATM) participou de uma importante mobiliza\u00e7\u00e3o municipalista em Bras\u00edlia, na C\u00e2mara dos Deputados, para somar for\u00e7as pela aprova\u00e7\u00e3o da Proposta de Emenda \u00e0 Constitui\u00e7\u00e3o (PEC) 66\/2023. O presidente da ATM e prefeito de Cristal\u00e2ndia, Big Jow, esteve presente no ato nesta ter\u00e7a-feira, 15. A [&hellip;]<\/p>\n","protected":false},"author":13,"featured_media":86279,"comment_status":"open","ping_status":"open","sticky":false,"template":"","format":"standard","meta":{"_acf_changed":false,"footnotes":""},"categories":[898,23,21],"tags":[],"class_list":["post-86278","post","type-post","status-publish","format-standard","has-post-thumbnail","hentry","category-manchete-segundaria","category-politica","category-todas-noticias"],"acf":[],"yoast_head":"<!-- This site is optimized with the Yoast SEO plugin v24.4 - https:\/\/yoast.com\/wordpress\/plugins\/seo\/ -->\n<title>ATM participa de mobiliza\u00e7\u00e3o em Bras\u00edlia pela PEC 66; trata do limitep para pagamento de precat\u00f3rios - PORTAL DE NOT\u00cdCIAS CLEITON PINHEIRO<\/title>\n<meta name=\"robots\" content=\"index, follow, max-snippet:-1, max-image-preview:large, max-video-preview:-1\" \/>\n<link rel=\"canonical\" href=\"https:\/\/cleitonpinheiro.com.br\/site\/atm-participa-de-mobilizacao-em-brasilia-pela-pec-66-trata-do-limitep-para-pagamento-de-precatorios\/\" \/>\n<meta property=\"og:locale\" content=\"pt_BR\" \/>\n<meta property=\"og:type\" content=\"article\" \/>\n<meta property=\"og:title\" content=\"ATM participa de mobiliza\u00e7\u00e3o em Bras\u00edlia pela PEC 66; trata do limitep para pagamento de precat\u00f3rios - PORTAL DE NOT\u00cdCIAS CLEITON PINHEIRO\" \/>\n<meta property=\"og:description\" content=\"Conforme informado pelo Gazeta do Cerrado, a Associa\u00e7\u00e3o Tocantinense de Munic\u00edpios (ATM) participou de uma importante mobiliza\u00e7\u00e3o municipalista em Bras\u00edlia, na C\u00e2mara dos Deputados, para somar for\u00e7as pela aprova\u00e7\u00e3o da Proposta de Emenda \u00e0 Constitui\u00e7\u00e3o (PEC) 66\/2023. O presidente da ATM e prefeito de Cristal\u00e2ndia, Big Jow, esteve presente no ato nesta ter\u00e7a-feira, 15. A [&hellip;]\" \/>\n<meta property=\"og:url\" content=\"https:\/\/cleitonpinheiro.com.br\/site\/atm-participa-de-mobilizacao-em-brasilia-pela-pec-66-trata-do-limitep-para-pagamento-de-precatorios\/\" \/>\n<meta property=\"og:site_name\" content=\"PORTAL DE NOT\u00cdCIAS CLEITON PINHEIRO\" \/>\n<meta property=\"article:publisher\" content=\"https:\/\/www.facebook.com\/portalcpnoticias\/\" \/>\n<meta property=\"article:published_time\" content=\"2025-07-16T14:28:31+00:00\" \/>\n<meta property=\"article:modified_time\" content=\"2025-07-16T14:28:36+00:00\" \/>\n<meta property=\"og:image\" content=\"https:\/\/cleitonpinheiro.com.br\/site\/wp-content\/uploads\/2025\/07\/images-2.jpeg\" \/>\n\t<meta property=\"og:image:width\" content=\"299\" \/>\n\t<meta property=\"og:image:height\" content=\"168\" \/>\n\t<meta property=\"og:image:type\" content=\"image\/jpeg\" \/>\n<meta name=\"author\" content=\"Reda\u00e7\u00e3o CP\" \/>\n<meta name=\"twitter:card\" content=\"summary_large_image\" \/>\n<meta name=\"twitter:label1\" content=\"Escrito por\" \/>\n\t<meta name=\"twitter:data1\" content=\"Reda\u00e7\u00e3o CP\" \/>\n\t<meta name=\"twitter:label2\" content=\"Est. tempo de leitura\" \/>\n\t<meta name=\"twitter:data2\" content=\"2 minutos\" \/>\n<script type=\"application\/ld+json\" class=\"yoast-schema-graph\">{\"@context\":\"https:\/\/schema.org\",\"@graph\":[{\"@type\":\"Article\",\"@id\":\"https:\/\/cleitonpinheiro.com.br\/site\/atm-participa-de-mobilizacao-em-brasilia-pela-pec-66-trata-do-limitep-para-pagamento-de-precatorios\/#article\",\"isPartOf\":{\"@id\":\"https:\/\/cleitonpinheiro.com.br\/site\/atm-participa-de-mobilizacao-em-brasilia-pela-pec-66-trata-do-limitep-para-pagamento-de-precatorios\/\"},\"author\":{\"name\":\"Reda\u00e7\u00e3o CP\",\"@id\":\"https:\/\/cleitonpinheiro.com.br\/site\/#\/schema\/person\/8f04544e0bc40a1b68775b08360f87db\"},\"headline\":\"ATM participa de mobiliza\u00e7\u00e3o em Bras\u00edlia pela PEC 66; trata do limitep para pagamento de precat\u00f3rios\",\"datePublished\":\"2025-07-16T14:28:31+00:00\",\"dateModified\":\"2025-07-16T14:28:36+00:00\",\"mainEntityOfPage\":{\"@id\":\"https:\/\/cleitonpinheiro.com.br\/site\/atm-participa-de-mobilizacao-em-brasilia-pela-pec-66-trata-do-limitep-para-pagamento-de-precatorios\/\"},\"wordCount\":321,\"commentCount\":0,\"publisher\":{\"@id\":\"https:\/\/cleitonpinheiro.com.br\/site\/#organization\"},\"image\":{\"@id\":\"https:\/\/cleitonpinheiro.com.br\/site\/atm-participa-de-mobilizacao-em-brasilia-pela-pec-66-trata-do-limitep-para-pagamento-de-precatorios\/#primaryimage\"},\"thumbnailUrl\":\"https:\/\/cleitonpinheiro.com.br\/site\/wp-content\/uploads\/2025\/07\/images-2.jpeg\",\"articleSection\":[\"MANCHETE SEGUND\u00c1RIA\",\"POL\u00cdTICA\",\"TODAS NOTICIAS\"],\"inLanguage\":\"pt-BR\",\"potentialAction\":[{\"@type\":\"CommentAction\",\"name\":\"Comment\",\"target\":[\"https:\/\/cleitonpinheiro.com.br\/site\/atm-participa-de-mobilizacao-em-brasilia-pela-pec-66-trata-do-limitep-para-pagamento-de-precatorios\/#respond\"]}]},{\"@type\":\"WebPage\",\"@id\":\"https:\/\/cleitonpinheiro.com.br\/site\/atm-participa-de-mobilizacao-em-brasilia-pela-pec-66-trata-do-limitep-para-pagamento-de-precatorios\/\",\"url\":\"https:\/\/cleitonpinheiro.com.br\/site\/atm-participa-de-mobilizacao-em-brasilia-pela-pec-66-trata-do-limitep-para-pagamento-de-precatorios\/\",\"name\":\"ATM participa de mobiliza\u00e7\u00e3o em Bras\u00edlia pela PEC 66; trata do limitep para pagamento de precat\u00f3rios - PORTAL DE NOT\u00cdCIAS CLEITON PINHEIRO\",\"isPartOf\":{\"@id\":\"https:\/\/cleitonpinheiro.com.br\/site\/#website\"},\"primaryImageOfPage\":{\"@id\":\"https:\/\/cleitonpinheiro.com.br\/site\/atm-participa-de-mobilizacao-em-brasilia-pela-pec-66-trata-do-limitep-para-pagamento-de-precatorios\/#primaryimage\"},\"image\":{\"@id\":\"https:\/\/cleitonpinheiro.com.br\/site\/atm-participa-de-mobilizacao-em-brasilia-pela-pec-66-trata-do-limitep-para-pagamento-de-precatorios\/#primaryimage\"},\"thumbnailUrl\":\"https:\/\/cleitonpinheiro.com.br\/site\/wp-content\/uploads\/2025\/07\/images-2.jpeg\",\"datePublished\":\"2025-07-16T14:28:31+00:00\",\"dateModified\":\"2025-07-16T14:28:36+00:00\",\"breadcrumb\":{\"@id\":\"https:\/\/cleitonpinheiro.com.br\/site\/atm-participa-de-mobilizacao-em-brasilia-pela-pec-66-trata-do-limitep-para-pagamento-de-precatorios\/#breadcrumb\"},\"inLanguage\":\"pt-BR\",\"potentialAction\":[{\"@type\":\"ReadAction\",\"target\":[\"https:\/\/cleitonpinheiro.com.br\/site\/atm-participa-de-mobilizacao-em-brasilia-pela-pec-66-trata-do-limitep-para-pagamento-de-precatorios\/\"]}]},{\"@type\":\"ImageObject\",\"inLanguage\":\"pt-BR\",\"@id\":\"https:\/\/cleitonpinheiro.com.br\/site\/atm-participa-de-mobilizacao-em-brasilia-pela-pec-66-trata-do-limitep-para-pagamento-de-precatorios\/#primaryimage\",\"url\":\"https:\/\/cleitonpinheiro.com.br\/site\/wp-content\/uploads\/2025\/07\/images-2.jpeg\",\"contentUrl\":\"https:\/\/cleitonpinheiro.com.br\/site\/wp-content\/uploads\/2025\/07\/images-2.jpeg\",\"width\":299,\"height\":168},{\"@type\":\"BreadcrumbList\",\"@id\":\"https:\/\/cleitonpinheiro.com.br\/site\/atm-participa-de-mobilizacao-em-brasilia-pela-pec-66-trata-do-limitep-para-pagamento-de-precatorios\/#breadcrumb\",\"itemListElement\":[{\"@type\":\"ListItem\",\"position\":1,\"name\":\"In\u00edcio\",\"item\":\"https:\/\/cleitonpinheiro.com.br\/site\/\"},{\"@type\":\"ListItem\",\"position\":2,\"name\":\"ATM participa de mobiliza\u00e7\u00e3o em Bras\u00edlia pela PEC 66; trata do limitep para pagamento de precat\u00f3rios\"}]},{\"@type\":\"WebSite\",\"@id\":\"https:\/\/cleitonpinheiro.com.br\/site\/#website\",\"url\":\"https:\/\/cleitonpinheiro.com.br\/site\/\",\"name\":\"PORTAL DE NOT\u00cdCIAS CLEITON PINHEIRO\",\"description\":\"FALANDO A VERDADE\",\"publisher\":{\"@id\":\"https:\/\/cleitonpinheiro.com.br\/site\/#organization\"},\"potentialAction\":[{\"@type\":\"SearchAction\",\"target\":{\"@type\":\"EntryPoint\",\"urlTemplate\":\"https:\/\/cleitonpinheiro.com.br\/site\/?s={search_term_string}\"},\"query-input\":{\"@type\":\"PropertyValueSpecification\",\"valueRequired\":true,\"valueName\":\"search_term_string\"}}],\"inLanguage\":\"pt-BR\"},{\"@type\":\"Organization\",\"@id\":\"https:\/\/cleitonpinheiro.com.br\/site\/#organization\",\"name\":\"CPNOT\u00cdCIAS\",\"url\":\"https:\/\/cleitonpinheiro.com.br\/site\/\",\"logo\":{\"@type\":\"ImageObject\",\"inLanguage\":\"pt-BR\",\"@id\":\"https:\/\/cleitonpinheiro.com.br\/site\/#\/schema\/logo\/image\/\",\"url\":\"https:\/\/cleitonpinheiro.com.br\/site\/wp-content\/uploads\/2022\/08\/Logo-pequena-2.png\",\"contentUrl\":\"https:\/\/cleitonpinheiro.com.br\/site\/wp-content\/uploads\/2022\/08\/Logo-pequena-2.png\",\"width\":500,\"height\":500,\"caption\":\"CPNOT\u00cdCIAS\"},\"image\":{\"@id\":\"https:\/\/cleitonpinheiro.com.br\/site\/#\/schema\/logo\/image\/\"},\"sameAs\":[\"https:\/\/www.facebook.com\/portalcpnoticias\/\"]},{\"@type\":\"Person\",\"@id\":\"https:\/\/cleitonpinheiro.com.br\/site\/#\/schema\/person\/8f04544e0bc40a1b68775b08360f87db\",\"name\":\"Reda\u00e7\u00e3o CP\",\"image\":{\"@type\":\"ImageObject\",\"inLanguage\":\"pt-BR\",\"@id\":\"https:\/\/cleitonpinheiro.com.br\/site\/#\/schema\/person\/image\/\",\"url\":\"https:\/\/secure.gravatar.com\/avatar\/0bcf19cb29fdc8fc588c490c7ae1b3e174dac268586a63fbe1d1893a0f9020cd?s=96&r=g\",\"contentUrl\":\"https:\/\/secure.gravatar.com\/avatar\/0bcf19cb29fdc8fc588c490c7ae1b3e174dac268586a63fbe1d1893a0f9020cd?s=96&r=g\",\"caption\":\"Reda\u00e7\u00e3o CP\"},\"url\":\"https:\/\/cleitonpinheiro.com.br\/site\/author\/redacao\/\"}]}<\/script>\n<!-- \/ Yoast SEO plugin. -->","yoast_head_json":{"title":"ATM participa de mobiliza\u00e7\u00e3o em Bras\u00edlia pela PEC 66; trata do limitep para pagamento de precat\u00f3rios - PORTAL DE NOT\u00cdCIAS CLEITON PINHEIRO","robots":{"index":"index","follow":"follow","max-snippet":"max-snippet:-1","max-image-preview":"max-image-preview:large","max-video-preview":"max-video-preview:-1"},"canonical":"https:\/\/cleitonpinheiro.com.br\/site\/atm-participa-de-mobilizacao-em-brasilia-pela-pec-66-trata-do-limitep-para-pagamento-de-precatorios\/","og_locale":"pt_BR","og_type":"article","og_title":"ATM participa de mobiliza\u00e7\u00e3o em Bras\u00edlia pela PEC 66; trata do limitep para pagamento de precat\u00f3rios - PORTAL DE NOT\u00cdCIAS CLEITON PINHEIRO","og_description":"Conforme informado pelo Gazeta do Cerrado, a Associa\u00e7\u00e3o Tocantinense de Munic\u00edpios (ATM) participou de uma importante mobiliza\u00e7\u00e3o municipalista em Bras\u00edlia, na C\u00e2mara dos Deputados, para somar for\u00e7as pela aprova\u00e7\u00e3o da Proposta de Emenda \u00e0 Constitui\u00e7\u00e3o (PEC) 66\/2023. O presidente da ATM e prefeito de Cristal\u00e2ndia, Big Jow, esteve presente no ato nesta ter\u00e7a-feira, 15. A [&hellip;]","og_url":"https:\/\/cleitonpinheiro.com.br\/site\/atm-participa-de-mobilizacao-em-brasilia-pela-pec-66-trata-do-limitep-para-pagamento-de-precatorios\/","og_site_name":"PORTAL DE NOT\u00cdCIAS CLEITON PINHEIRO","article_publisher":"https:\/\/www.facebook.com\/portalcpnoticias\/","article_published_time":"2025-07-16T14:28:31+00:00","article_modified_time":"2025-07-16T14:28:36+00:00","og_image":[{"width":299,"height":168,"url":"https:\/\/cleitonpinheiro.com.br\/site\/wp-content\/uploads\/2025\/07\/images-2.jpeg","type":"image\/jpeg"}],"author":"Reda\u00e7\u00e3o CP","twitter_card":"summary_large_image","twitter_misc":{"Escrito por":"Reda\u00e7\u00e3o CP","Est. tempo de leitura":"2 minutos"},"schema":{"@context":"https:\/\/schema.org","@graph":[{"@type":"Article","@id":"https:\/\/cleitonpinheiro.com.br\/site\/atm-participa-de-mobilizacao-em-brasilia-pela-pec-66-trata-do-limitep-para-pagamento-de-precatorios\/#article","isPartOf":{"@id":"https:\/\/cleitonpinheiro.com.br\/site\/atm-participa-de-mobilizacao-em-brasilia-pela-pec-66-trata-do-limitep-para-pagamento-de-precatorios\/"},"author":{"name":"Reda\u00e7\u00e3o CP","@id":"https:\/\/cleitonpinheiro.com.br\/site\/#\/schema\/person\/8f04544e0bc40a1b68775b08360f87db"},"headline":"ATM participa de mobiliza\u00e7\u00e3o em Bras\u00edlia pela PEC 66; trata do limitep para pagamento de precat\u00f3rios","datePublished":"2025-07-16T14:28:31+00:00","dateModified":"2025-07-16T14:28:36+00:00","mainEntityOfPage":{"@id":"https:\/\/cleitonpinheiro.com.br\/site\/atm-participa-de-mobilizacao-em-brasilia-pela-pec-66-trata-do-limitep-para-pagamento-de-precatorios\/"},"wordCount":321,"commentCount":0,"publisher":{"@id":"https:\/\/cleitonpinheiro.com.br\/site\/#organization"},"image":{"@id":"https:\/\/cleitonpinheiro.com.br\/site\/atm-participa-de-mobilizacao-em-brasilia-pela-pec-66-trata-do-limitep-para-pagamento-de-precatorios\/#primaryimage"},"thumbnailUrl":"https:\/\/cleitonpinheiro.com.br\/site\/wp-content\/uploads\/2025\/07\/images-2.jpeg","articleSection":["MANCHETE SEGUND\u00c1RIA","POL\u00cdTICA","TODAS NOTICIAS"],"inLanguage":"pt-BR","potentialAction":[{"@type":"CommentAction","name":"Comment","target":["https:\/\/cleitonpinheiro.com.br\/site\/atm-participa-de-mobilizacao-em-brasilia-pela-pec-66-trata-do-limitep-para-pagamento-de-precatorios\/#respond"]}]},{"@type":"WebPage","@id":"https:\/\/cleitonpinheiro.com.br\/site\/atm-participa-de-mobilizacao-em-brasilia-pela-pec-66-trata-do-limitep-para-pagamento-de-precatorios\/","url":"https:\/\/cleitonpinheiro.com.br\/site\/atm-participa-de-mobilizacao-em-brasilia-pela-pec-66-trata-do-limitep-para-pagamento-de-precatorios\/","name":"ATM participa de mobiliza\u00e7\u00e3o em Bras\u00edlia pela PEC 66; trata do limitep para pagamento de precat\u00f3rios - PORTAL DE NOT\u00cdCIAS CLEITON PINHEIRO","isPartOf":{"@id":"https:\/\/cleitonpinheiro.com.br\/site\/#website"},"primaryImageOfPage":{"@id":"https:\/\/cleitonpinheiro.com.br\/site\/atm-participa-de-mobilizacao-em-brasilia-pela-pec-66-trata-do-limitep-para-pagamento-de-precatorios\/#primaryimage"},"image":{"@id":"https:\/\/cleitonpinheiro.com.br\/site\/atm-participa-de-mobilizacao-em-brasilia-pela-pec-66-trata-do-limitep-para-pagamento-de-precatorios\/#primaryimage"},"thumbnailUrl":"https:\/\/cleitonpinheiro.com.br\/site\/wp-content\/uploads\/2025\/07\/images-2.jpeg","datePublished":"2025-07-16T14:28:31+00:00","dateModified":"2025-07-16T14:28:36+00:00","breadcrumb":{"@id":"https:\/\/cleitonpinheiro.com.br\/site\/atm-participa-de-mobilizacao-em-brasilia-pela-pec-66-trata-do-limitep-para-pagamento-de-precatorios\/#breadcrumb"},"inLanguage":"pt-BR","potentialAction":[{"@type":"ReadAction","target":["https:\/\/cleitonpinheiro.com.br\/site\/atm-participa-de-mobilizacao-em-brasilia-pela-pec-66-trata-do-limitep-para-pagamento-de-precatorios\/"]}]},{"@type":"ImageObject","inLanguage":"pt-BR","@id":"https:\/\/cleitonpinheiro.com.br\/site\/atm-participa-de-mobilizacao-em-brasilia-pela-pec-66-trata-do-limitep-para-pagamento-de-precatorios\/#primaryimage","url":"https:\/\/cleitonpinheiro.com.br\/site\/wp-content\/uploads\/2025\/07\/images-2.jpeg","contentUrl":"https:\/\/cleitonpinheiro.com.br\/site\/wp-content\/uploads\/2025\/07\/images-2.jpeg","width":299,"height":168},{"@type":"BreadcrumbList","@id":"https:\/\/cleitonpinheiro.com.br\/site\/atm-participa-de-mobilizacao-em-brasilia-pela-pec-66-trata-do-limitep-para-pagamento-de-precatorios\/#breadcrumb","itemListElement":[{"@type":"ListItem","position":1,"name":"In\u00edcio","item":"https:\/\/cleitonpinheiro.com.br\/site\/"},{"@type":"ListItem","position":2,"name":"ATM participa de mobiliza\u00e7\u00e3o em Bras\u00edlia pela PEC 66; trata do limitep para pagamento de precat\u00f3rios"}]},{"@type":"WebSite","@id":"https:\/\/cleitonpinheiro.com.br\/site\/#website","url":"https:\/\/cleitonpinheiro.com.br\/site\/","name":"PORTAL DE NOT\u00cdCIAS CLEITON PINHEIRO","description":"FALANDO A VERDADE","publisher":{"@id":"https:\/\/cleitonpinheiro.com.br\/site\/#organization"},"potentialAction":[{"@type":"SearchAction","target":{"@type":"EntryPoint","urlTemplate":"https:\/\/cleitonpinheiro.com.br\/site\/?s={search_term_string}"},"query-input":{"@type":"PropertyValueSpecification","valueRequired":true,"valueName":"search_term_string"}}],"inLanguage":"pt-BR"},{"@type":"Organization","@id":"https:\/\/cleitonpinheiro.com.br\/site\/#organization","name":"CPNOT\u00cdCIAS","url":"https:\/\/cleitonpinheiro.com.br\/site\/","logo":{"@type":"ImageObject","inLanguage":"pt-BR","@id":"https:\/\/cleitonpinheiro.com.br\/site\/#\/schema\/logo\/image\/","url":"https:\/\/cleitonpinheiro.com.br\/site\/wp-content\/uploads\/2022\/08\/Logo-pequena-2.png","contentUrl":"https:\/\/cleitonpinheiro.com.br\/site\/wp-content\/uploads\/2022\/08\/Logo-pequena-2.png","width":500,"height":500,"caption":"CPNOT\u00cdCIAS"},"image":{"@id":"https:\/\/cleitonpinheiro.com.br\/site\/#\/schema\/logo\/image\/"},"sameAs":["https:\/\/www.facebook.com\/portalcpnoticias\/"]},{"@type":"Person","@id":"https:\/\/cleitonpinheiro.com.br\/site\/#\/schema\/person\/8f04544e0bc40a1b68775b08360f87db","name":"Reda\u00e7\u00e3o CP","image":{"@type":"ImageObject","inLanguage":"pt-BR","@id":"https:\/\/cleitonpinheiro.com.br\/site\/#\/schema\/person\/image\/","url":"https:\/\/secure.gravatar.com\/avatar\/0bcf19cb29fdc8fc588c490c7ae1b3e174dac268586a63fbe1d1893a0f9020cd?s=96&r=g","contentUrl":"https:\/\/secure.gravatar.com\/avatar\/0bcf19cb29fdc8fc588c490c7ae1b3e174dac268586a63fbe1d1893a0f9020cd?s=96&r=g","caption":"Reda\u00e7\u00e3o CP"},"url":"https:\/\/cleitonpinheiro.com.br\/site\/author\/redacao\/"}]}},"views":115,"_links":{"self":[{"href":"https:\/\/cleitonpinheiro.com.br\/site\/wp-json\/wp\/v2\/posts\/86278","targetHints":{"allow":["GET"]}}],"collection":[{"href":"https:\/\/cleitonpinheiro.com.br\/site\/wp-json\/wp\/v2\/posts"}],"about":[{"href":"https:\/\/cleitonpinheiro.com.br\/site\/wp-json\/wp\/v2\/types\/post"}],"author":[{"embeddable":true,"href":"https:\/\/cleitonpinheiro.com.br\/site\/wp-json\/wp\/v2\/users\/13"}],"replies":[{"embeddable":true,"href":"https:\/\/cleitonpinheiro.com.br\/site\/wp-json\/wp\/v2\/comments?post=86278"}],"version-history":[{"count":1,"href":"https:\/\/cleitonpinheiro.com.br\/site\/wp-json\/wp\/v2\/posts\/86278\/revisions"}],"predecessor-version":[{"id":86280,"href":"https:\/\/cleitonpinheiro.com.br\/site\/wp-json\/wp\/v2\/posts\/86278\/revisions\/86280"}],"wp:featuredmedia":[{"embeddable":true,"href":"https:\/\/cleitonpinheiro.com.br\/site\/wp-json\/wp\/v2\/media\/86279"}],"wp:attachment":[{"href":"https:\/\/cleitonpinheiro.com.br\/site\/wp-json\/wp\/v2\/media?parent=86278"}],"wp:term":[{"taxonomy":"category","embeddable":true,"href":"https:\/\/cleitonpinheiro.com.br\/site\/wp-json\/wp\/v2\/categories?post=86278"},{"taxonomy":"post_tag","embeddable":true,"href":"https:\/\/cleitonpinheiro.com.br\/site\/wp-json\/wp\/v2\/tags?post=86278"}],"curies":[{"name":"wp","href":"https:\/\/api.w.org\/{rel}","templated":true}]}}