{"id":86284,"date":"2025-07-16T13:32:52","date_gmt":"2025-07-16T16:32:52","guid":{"rendered":"https:\/\/cleitonpinheiro.com.br\/site\/?p=86284"},"modified":"2025-07-17T15:09:51","modified_gmt":"2025-07-17T18:09:51","slug":"apos-20-anos-brasil-retoma-producao-de-insulina-em-iniciativa-conduzida-pelo-ministerio-da-saude","status":"publish","type":"post","link":"https:\/\/cleitonpinheiro.com.br\/site\/apos-20-anos-brasil-retoma-producao-de-insulina-em-iniciativa-conduzida-pelo-ministerio-da-saude\/","title":{"rendered":"Ap\u00f3s 20 anos, Brasil retoma produ\u00e7\u00e3o de insulina em iniciativa conduzida pelo Minist\u00e9rio da Sa\u00fade"},"content":{"rendered":"\n<figure class=\"wp-block-image size-full\"><img fetchpriority=\"high\" decoding=\"async\" width=\"768\" height=\"354\" src=\"https:\/\/cleitonpinheiro.com.br\/site\/wp-content\/uploads\/2025\/07\/d2e146ac-de9e-4549-a23c-b9e9fb6a5350.jpeg\" alt=\"\" class=\"wp-image-86285\" srcset=\"https:\/\/cleitonpinheiro.com.br\/site\/wp-content\/uploads\/2025\/07\/d2e146ac-de9e-4549-a23c-b9e9fb6a5350.jpeg 768w, https:\/\/cleitonpinheiro.com.br\/site\/wp-content\/uploads\/2025\/07\/d2e146ac-de9e-4549-a23c-b9e9fb6a5350-300x138.jpeg 300w\" sizes=\"(max-width: 768px) 100vw, 768px\" \/><figcaption class=\"wp-element-caption\">Foto: Walterson Rosa\/MS\n\n<\/figcaption><\/figure>\n\n\n\n<p>O ministro da Sa\u00fade, Alexandre Padilha, recebeu nesta sexta-feira (11), na f\u00e1brica da Biomm, em Nova Lima, em Minas Gerais, o primeiro lote de insulinas produzidas por meio de\u00a0<a href=\"https:\/\/www.gov.br\/saude\/pt-br\/composicao\/sectics\/pdp\" target=\"_blank\" rel=\"noreferrer noopener\">Parcerias para o Desenvolvimento Produtivo (PDP)<\/a>. Com a transfer\u00eancia da tecnologia da farmac\u00eautica indiana Wockhardt, o Brasil voltar\u00e1a fabricar o medicamento 100% nacional, sendo viabilizada pelo laborat\u00f3rio p\u00fablico Funda\u00e7\u00e3o Ezequiel Dias (Funed) e pela brasileira Biomm.\u00a0<\/p>\n\n\n\n<p>\u201cHoje \u00e9 um dia hist\u00f3rico para a sa\u00fade p\u00fablica brasileira. Depois de mais de duas d\u00e9cadas sem produzir insulina humana, o Brasil retoma essa fabrica\u00e7\u00e3o para ser entregue ao<a target=\"_blank\" href=\"https:\/\/www.gov.br\/saude\/pt-br\/sus\" rel=\"noreferrer noopener\">&nbsp;Sistema \u00danico de Sa\u00fade<\/a>&nbsp;e contribuir com a sa\u00fade da popula\u00e7\u00e3o. Estamos vivenciando um momento de celebra\u00e7\u00e3o com a entrega da insulina humana recombinante ao Minist\u00e9rio da Sa\u00fade e ao SUS.\u201d, afirmou o ministro da Sa\u00fade, Alexandre Padilha. \u201c\u00c9 o Brics acontecendo na realidade, mudando a vida da popula\u00e7\u00e3o brasileira e gerando emprego, renda e tecnologia aqui em Minas Gerais\u201d, destaca em refer\u00eancia ao bloco econ\u00f4mico.&nbsp;&nbsp;<\/p>\n\n\n\n<p>Na ocasi\u00e3o, foram entregues 207.385 mil unidades do medicamento \u2013 sendo 67.317 frascos de insulina regular e 140.068 de insulina NPH. Ap\u00f3s a transfer\u00eancia total da tecnologia, o Brasil produzir\u00e1 50% da demanda relacionada \u00e0s insulinas NPH e regular no SUS, ou seja, cerca de 45 milh\u00f5es de doses anuais.&nbsp;<\/p>\n\n\n\n<p>&#8220;Uma iniciativa como essa traz seguran\u00e7a aos pacientes de que, independentemente de qualquer crise \u2014 como a que vivemos durante a pandemia \u2014, o pa\u00eds tem soberania na produ\u00e7\u00e3o desse medicamento t\u00e3o importante. Cerca de 10% da popula\u00e7\u00e3o brasileira tem&nbsp;<a target=\"_blank\" href=\"https:\/\/www.gov.br\/saude\/pt-br\/assuntos\/saude-de-a-a-z\/d\/diabetes\" rel=\"noreferrer noopener\">diabetes<\/a>, e parte dessas pessoas precisa usar insulina. Isso garante tranquilidade, seguran\u00e7a e estabilidade tanto para o SUS quanto para os cidad\u00e3os que dependem do medicamento&#8221;, refor\u00e7a Padilha.&nbsp;<\/p>\n\n\n\n<p>Com investimentos de R$ 142 milh\u00f5es na aquisi\u00e7\u00e3o da tecnologia, cerca de 350 mil pessoas com diabetes&nbsp;ser\u00e3o beneficiadas.&nbsp;Os contratos preveem a entrega para a rede p\u00fablica de 8,01 milh\u00f5es de unidades de insulina, entre frascos e canetas, em 2025 e 2026.&nbsp;&nbsp;<\/p>\n\n\n\n<p>A iniciativa integra a Estrat\u00e9gia Nacional para o Desenvolvimento do Complexo Econ\u00f4mico-Industrial da Sa\u00fade. A medida \u00e9 fundamental para reduzir a depend\u00eancia externa na aquisi\u00e7\u00e3o do medicamento essencial ao tratamento de pacientes com diabetes atendidos pela rede p\u00fablica.<\/p>\n\n\n\n<p class=\"has-text-align-center  \"><img decoding=\"async\" src=\"https:\/\/www.gov.br\/saude\/pt-br\/assuntos\/noticias\/2025\/julho\/imagens\/whatsapp-image-2025-07-11-at-17-5.jpg\/@@images\/9de06d1c-2ade-4edc-be53-846cec015a59.jpeg\" alt=\"Foto: Walterson Rosa\/MS\"><br>Foto: Walterson Rosa\/MS<\/p>\n\n\n\n<p><strong>Transfer\u00eancia de tecnologia e fortalecimento do SUS<br><\/strong>A partir dessa aquisi\u00e7\u00e3o inicial, tem in\u00edcio o processo de transfer\u00eancia de tecnologia, conforme previsto nas diretrizes da PDP. Ao final da transfer\u00eancia, a produ\u00e7\u00e3o do medicamento ser\u00e1&nbsp;totalmente&nbsp;brasileira, com a Funed e a Biomm plenamente capacitadas para fabricar o medicamento no pa\u00eds e abastecer o SUS de forma aut\u00f4noma.&nbsp;&nbsp;<\/p>\n\n\n\n<p>Nas PDPs, institui\u00e7\u00f5es p\u00fablicas e empresas privadas compartilham responsabilidades para a produ\u00e7\u00e3o nacional do insumo farmac\u00eautico ativo (IFA) e do produto objeto de PDP, em um processo de transfer\u00eancia de tecnologia reversa. A transfer\u00eancia \u00e9 efetivada por meio de etapas que incluem a realiza\u00e7\u00e3o de embalagens, controle de qualidade dos insumos, produ\u00e7\u00e3o do produto acabado e do Insumo Farmac\u00eautico Ativo no Brasil, possibilitando, assim, a produ\u00e7\u00e3o local do medicamento que ser\u00e1 fornecido ao SUS.&nbsp;&nbsp;<\/p>\n\n\n\n<p><strong>Produ\u00e7\u00e3o nacional de insulina glargina&nbsp;<\/strong>&nbsp;<\/p>\n\n\n\n<p>Al\u00e9m das insulinas NPH e regular, o Minist\u00e9rio da Sa\u00fade aprovou, no in\u00edcio de 2025, uma PDP para a produ\u00e7\u00e3o nacional de insulina glargina. O projeto re\u00fane Bio-Manguinhos (Fiocruz), Biomm e a farmac\u00eautica chinesa Gan &amp; Lee, com previs\u00e3o inicial de produzir 20 milh\u00f5es de frascos, para abastecimento do SUS. O medicamento ser\u00e1 destinado ao tratamento de pacientes com diabetes mellitus tipos 1 e 2.<\/p>\n\n\n\n<p><strong>SUS: refer\u00eancia em tratamento integral<\/strong><\/p>\n\n\n\n<p>O SUS oferece assist\u00eancia integral \u00e0s pessoas com diabetes, desde o diagn\u00f3stico at\u00e9 o tratamento adequado, de acordo com o quadro cl\u00ednico de cada paciente. A porta de entrada para o cuidado \u00e9 a&nbsp;<a href=\"https:\/\/www.gov.br\/saude\/pt-br\/composicao\/saps\" target=\"_blank\" rel=\"noreferrer noopener\">Aten\u00e7\u00e3o Prim\u00e1ria \u00e0 Sa\u00fade<\/a>, que realiza o acompanhamento cont\u00ednuo por meio de equipes multiprofissionais. Atualmente, s\u00e3o ofertados quatro tipos de insulinas: insulinas humanas NPH e regular e insulinas an\u00e1logas de a\u00e7\u00e3o r\u00e1pida e prolongada, al\u00e9m de medicamentos orais e injet\u00e1vel para diabetes mellitus.&nbsp;&nbsp;<\/p>\n","protected":false},"excerpt":{"rendered":"<p>O ministro da Sa\u00fade, Alexandre Padilha, recebeu nesta sexta-feira (11), na f\u00e1brica da Biomm, em Nova Lima, em Minas Gerais, o primeiro lote de insulinas produzidas por meio de\u00a0Parcerias para o Desenvolvimento Produtivo (PDP). Com a transfer\u00eancia da tecnologia da farmac\u00eautica indiana Wockhardt, o Brasil voltar\u00e1a fabricar o medicamento 100% nacional, sendo viabilizada pelo laborat\u00f3rio [&hellip;]<\/p>\n","protected":false},"author":13,"featured_media":86285,"comment_status":"open","ping_status":"open","sticky":false,"template":"","format":"standard","meta":{"_acf_changed":false,"footnotes":""},"categories":[19,898,21],"tags":[],"class_list":["post-86284","post","type-post","status-publish","format-standard","has-post-thumbnail","hentry","category-brasil-mundo","category-manchete-segundaria","category-todas-noticias"],"acf":[],"yoast_head":"<!-- This site is optimized with the Yoast SEO plugin v24.4 - https:\/\/yoast.com\/wordpress\/plugins\/seo\/ -->\n<title>Ap\u00f3s 20 anos, Brasil retoma produ\u00e7\u00e3o de insulina em iniciativa conduzida pelo Minist\u00e9rio da Sa\u00fade - PORTAL DE NOT\u00cdCIAS CLEITON PINHEIRO<\/title>\n<meta name=\"robots\" content=\"index, follow, max-snippet:-1, max-image-preview:large, max-video-preview:-1\" \/>\n<link rel=\"canonical\" href=\"https:\/\/cleitonpinheiro.com.br\/site\/apos-20-anos-brasil-retoma-producao-de-insulina-em-iniciativa-conduzida-pelo-ministerio-da-saude\/\" \/>\n<meta property=\"og:locale\" content=\"pt_BR\" \/>\n<meta property=\"og:type\" content=\"article\" \/>\n<meta property=\"og:title\" content=\"Ap\u00f3s 20 anos, Brasil retoma produ\u00e7\u00e3o de insulina em iniciativa conduzida pelo Minist\u00e9rio da Sa\u00fade - PORTAL DE NOT\u00cdCIAS CLEITON PINHEIRO\" \/>\n<meta property=\"og:description\" content=\"O ministro da Sa\u00fade, Alexandre Padilha, recebeu nesta sexta-feira (11), na f\u00e1brica da Biomm, em Nova Lima, em Minas Gerais, o primeiro lote de insulinas produzidas por meio de\u00a0Parcerias para o Desenvolvimento Produtivo (PDP). Com a transfer\u00eancia da tecnologia da farmac\u00eautica indiana Wockhardt, o Brasil voltar\u00e1a fabricar o medicamento 100% nacional, sendo viabilizada pelo laborat\u00f3rio [&hellip;]\" \/>\n<meta property=\"og:url\" content=\"https:\/\/cleitonpinheiro.com.br\/site\/apos-20-anos-brasil-retoma-producao-de-insulina-em-iniciativa-conduzida-pelo-ministerio-da-saude\/\" \/>\n<meta property=\"og:site_name\" content=\"PORTAL DE NOT\u00cdCIAS CLEITON PINHEIRO\" \/>\n<meta property=\"article:publisher\" content=\"https:\/\/www.facebook.com\/portalcpnoticias\/\" \/>\n<meta property=\"article:published_time\" content=\"2025-07-16T16:32:52+00:00\" \/>\n<meta property=\"article:modified_time\" content=\"2025-07-17T18:09:51+00:00\" \/>\n<meta property=\"og:image\" content=\"https:\/\/cleitonpinheiro.com.br\/site\/wp-content\/uploads\/2025\/07\/d2e146ac-de9e-4549-a23c-b9e9fb6a5350.jpeg\" \/>\n\t<meta property=\"og:image:width\" content=\"768\" \/>\n\t<meta property=\"og:image:height\" content=\"354\" \/>\n\t<meta property=\"og:image:type\" content=\"image\/jpeg\" \/>\n<meta name=\"author\" content=\"Reda\u00e7\u00e3o CP\" \/>\n<meta name=\"twitter:card\" content=\"summary_large_image\" \/>\n<meta name=\"twitter:label1\" content=\"Escrito por\" \/>\n\t<meta name=\"twitter:data1\" content=\"Reda\u00e7\u00e3o CP\" \/>\n\t<meta name=\"twitter:label2\" content=\"Est. tempo de leitura\" \/>\n\t<meta name=\"twitter:data2\" content=\"5 minutos\" \/>\n<script type=\"application\/ld+json\" class=\"yoast-schema-graph\">{\"@context\":\"https:\/\/schema.org\",\"@graph\":[{\"@type\":\"Article\",\"@id\":\"https:\/\/cleitonpinheiro.com.br\/site\/apos-20-anos-brasil-retoma-producao-de-insulina-em-iniciativa-conduzida-pelo-ministerio-da-saude\/#article\",\"isPartOf\":{\"@id\":\"https:\/\/cleitonpinheiro.com.br\/site\/apos-20-anos-brasil-retoma-producao-de-insulina-em-iniciativa-conduzida-pelo-ministerio-da-saude\/\"},\"author\":{\"name\":\"Reda\u00e7\u00e3o CP\",\"@id\":\"https:\/\/cleitonpinheiro.com.br\/site\/#\/schema\/person\/8f04544e0bc40a1b68775b08360f87db\"},\"headline\":\"Ap\u00f3s 20 anos, Brasil retoma produ\u00e7\u00e3o de insulina em iniciativa conduzida pelo Minist\u00e9rio da Sa\u00fade\",\"datePublished\":\"2025-07-16T16:32:52+00:00\",\"dateModified\":\"2025-07-17T18:09:51+00:00\",\"mainEntityOfPage\":{\"@id\":\"https:\/\/cleitonpinheiro.com.br\/site\/apos-20-anos-brasil-retoma-producao-de-insulina-em-iniciativa-conduzida-pelo-ministerio-da-saude\/\"},\"wordCount\":753,\"commentCount\":0,\"publisher\":{\"@id\":\"https:\/\/cleitonpinheiro.com.br\/site\/#organization\"},\"image\":{\"@id\":\"https:\/\/cleitonpinheiro.com.br\/site\/apos-20-anos-brasil-retoma-producao-de-insulina-em-iniciativa-conduzida-pelo-ministerio-da-saude\/#primaryimage\"},\"thumbnailUrl\":\"https:\/\/cleitonpinheiro.com.br\/site\/wp-content\/uploads\/2025\/07\/d2e146ac-de9e-4549-a23c-b9e9fb6a5350.jpeg\",\"articleSection\":[\"BRASIL \/ MUNDO\",\"MANCHETE SEGUND\u00c1RIA\",\"TODAS NOTICIAS\"],\"inLanguage\":\"pt-BR\",\"potentialAction\":[{\"@type\":\"CommentAction\",\"name\":\"Comment\",\"target\":[\"https:\/\/cleitonpinheiro.com.br\/site\/apos-20-anos-brasil-retoma-producao-de-insulina-em-iniciativa-conduzida-pelo-ministerio-da-saude\/#respond\"]}]},{\"@type\":\"WebPage\",\"@id\":\"https:\/\/cleitonpinheiro.com.br\/site\/apos-20-anos-brasil-retoma-producao-de-insulina-em-iniciativa-conduzida-pelo-ministerio-da-saude\/\",\"url\":\"https:\/\/cleitonpinheiro.com.br\/site\/apos-20-anos-brasil-retoma-producao-de-insulina-em-iniciativa-conduzida-pelo-ministerio-da-saude\/\",\"name\":\"Ap\u00f3s 20 anos, Brasil retoma produ\u00e7\u00e3o de insulina em iniciativa conduzida pelo Minist\u00e9rio da Sa\u00fade - PORTAL DE NOT\u00cdCIAS CLEITON PINHEIRO\",\"isPartOf\":{\"@id\":\"https:\/\/cleitonpinheiro.com.br\/site\/#website\"},\"primaryImageOfPage\":{\"@id\":\"https:\/\/cleitonpinheiro.com.br\/site\/apos-20-anos-brasil-retoma-producao-de-insulina-em-iniciativa-conduzida-pelo-ministerio-da-saude\/#primaryimage\"},\"image\":{\"@id\":\"https:\/\/cleitonpinheiro.com.br\/site\/apos-20-anos-brasil-retoma-producao-de-insulina-em-iniciativa-conduzida-pelo-ministerio-da-saude\/#primaryimage\"},\"thumbnailUrl\":\"https:\/\/cleitonpinheiro.com.br\/site\/wp-content\/uploads\/2025\/07\/d2e146ac-de9e-4549-a23c-b9e9fb6a5350.jpeg\",\"datePublished\":\"2025-07-16T16:32:52+00:00\",\"dateModified\":\"2025-07-17T18:09:51+00:00\",\"breadcrumb\":{\"@id\":\"https:\/\/cleitonpinheiro.com.br\/site\/apos-20-anos-brasil-retoma-producao-de-insulina-em-iniciativa-conduzida-pelo-ministerio-da-saude\/#breadcrumb\"},\"inLanguage\":\"pt-BR\",\"potentialAction\":[{\"@type\":\"ReadAction\",\"target\":[\"https:\/\/cleitonpinheiro.com.br\/site\/apos-20-anos-brasil-retoma-producao-de-insulina-em-iniciativa-conduzida-pelo-ministerio-da-saude\/\"]}]},{\"@type\":\"ImageObject\",\"inLanguage\":\"pt-BR\",\"@id\":\"https:\/\/cleitonpinheiro.com.br\/site\/apos-20-anos-brasil-retoma-producao-de-insulina-em-iniciativa-conduzida-pelo-ministerio-da-saude\/#primaryimage\",\"url\":\"https:\/\/cleitonpinheiro.com.br\/site\/wp-content\/uploads\/2025\/07\/d2e146ac-de9e-4549-a23c-b9e9fb6a5350.jpeg\",\"contentUrl\":\"https:\/\/cleitonpinheiro.com.br\/site\/wp-content\/uploads\/2025\/07\/d2e146ac-de9e-4549-a23c-b9e9fb6a5350.jpeg\",\"width\":768,\"height\":354,\"caption\":\"Foto: Walterson Rosa\/MS\"},{\"@type\":\"BreadcrumbList\",\"@id\":\"https:\/\/cleitonpinheiro.com.br\/site\/apos-20-anos-brasil-retoma-producao-de-insulina-em-iniciativa-conduzida-pelo-ministerio-da-saude\/#breadcrumb\",\"itemListElement\":[{\"@type\":\"ListItem\",\"position\":1,\"name\":\"In\u00edcio\",\"item\":\"https:\/\/cleitonpinheiro.com.br\/site\/\"},{\"@type\":\"ListItem\",\"position\":2,\"name\":\"Ap\u00f3s 20 anos, Brasil retoma produ\u00e7\u00e3o de insulina em iniciativa conduzida pelo Minist\u00e9rio da Sa\u00fade\"}]},{\"@type\":\"WebSite\",\"@id\":\"https:\/\/cleitonpinheiro.com.br\/site\/#website\",\"url\":\"https:\/\/cleitonpinheiro.com.br\/site\/\",\"name\":\"PORTAL DE NOT\u00cdCIAS CLEITON PINHEIRO\",\"description\":\"FALANDO A VERDADE\",\"publisher\":{\"@id\":\"https:\/\/cleitonpinheiro.com.br\/site\/#organization\"},\"potentialAction\":[{\"@type\":\"SearchAction\",\"target\":{\"@type\":\"EntryPoint\",\"urlTemplate\":\"https:\/\/cleitonpinheiro.com.br\/site\/?s={search_term_string}\"},\"query-input\":{\"@type\":\"PropertyValueSpecification\",\"valueRequired\":true,\"valueName\":\"search_term_string\"}}],\"inLanguage\":\"pt-BR\"},{\"@type\":\"Organization\",\"@id\":\"https:\/\/cleitonpinheiro.com.br\/site\/#organization\",\"name\":\"CPNOT\u00cdCIAS\",\"url\":\"https:\/\/cleitonpinheiro.com.br\/site\/\",\"logo\":{\"@type\":\"ImageObject\",\"inLanguage\":\"pt-BR\",\"@id\":\"https:\/\/cleitonpinheiro.com.br\/site\/#\/schema\/logo\/image\/\",\"url\":\"https:\/\/cleitonpinheiro.com.br\/site\/wp-content\/uploads\/2022\/08\/Logo-pequena-2.png\",\"contentUrl\":\"https:\/\/cleitonpinheiro.com.br\/site\/wp-content\/uploads\/2022\/08\/Logo-pequena-2.png\",\"width\":500,\"height\":500,\"caption\":\"CPNOT\u00cdCIAS\"},\"image\":{\"@id\":\"https:\/\/cleitonpinheiro.com.br\/site\/#\/schema\/logo\/image\/\"},\"sameAs\":[\"https:\/\/www.facebook.com\/portalcpnoticias\/\"]},{\"@type\":\"Person\",\"@id\":\"https:\/\/cleitonpinheiro.com.br\/site\/#\/schema\/person\/8f04544e0bc40a1b68775b08360f87db\",\"name\":\"Reda\u00e7\u00e3o CP\",\"image\":{\"@type\":\"ImageObject\",\"inLanguage\":\"pt-BR\",\"@id\":\"https:\/\/cleitonpinheiro.com.br\/site\/#\/schema\/person\/image\/\",\"url\":\"https:\/\/secure.gravatar.com\/avatar\/0bcf19cb29fdc8fc588c490c7ae1b3e174dac268586a63fbe1d1893a0f9020cd?s=96&r=g\",\"contentUrl\":\"https:\/\/secure.gravatar.com\/avatar\/0bcf19cb29fdc8fc588c490c7ae1b3e174dac268586a63fbe1d1893a0f9020cd?s=96&r=g\",\"caption\":\"Reda\u00e7\u00e3o CP\"},\"url\":\"https:\/\/cleitonpinheiro.com.br\/site\/author\/redacao\/\"}]}<\/script>\n<!-- \/ Yoast SEO plugin. -->","yoast_head_json":{"title":"Ap\u00f3s 20 anos, Brasil retoma produ\u00e7\u00e3o de insulina em iniciativa conduzida pelo Minist\u00e9rio da Sa\u00fade - PORTAL DE NOT\u00cdCIAS CLEITON PINHEIRO","robots":{"index":"index","follow":"follow","max-snippet":"max-snippet:-1","max-image-preview":"max-image-preview:large","max-video-preview":"max-video-preview:-1"},"canonical":"https:\/\/cleitonpinheiro.com.br\/site\/apos-20-anos-brasil-retoma-producao-de-insulina-em-iniciativa-conduzida-pelo-ministerio-da-saude\/","og_locale":"pt_BR","og_type":"article","og_title":"Ap\u00f3s 20 anos, Brasil retoma produ\u00e7\u00e3o de insulina em iniciativa conduzida pelo Minist\u00e9rio da Sa\u00fade - PORTAL DE NOT\u00cdCIAS CLEITON PINHEIRO","og_description":"O ministro da Sa\u00fade, Alexandre Padilha, recebeu nesta sexta-feira (11), na f\u00e1brica da Biomm, em Nova Lima, em Minas Gerais, o primeiro lote de insulinas produzidas por meio de\u00a0Parcerias para o Desenvolvimento Produtivo (PDP). Com a transfer\u00eancia da tecnologia da farmac\u00eautica indiana Wockhardt, o Brasil voltar\u00e1a fabricar o medicamento 100% nacional, sendo viabilizada pelo laborat\u00f3rio [&hellip;]","og_url":"https:\/\/cleitonpinheiro.com.br\/site\/apos-20-anos-brasil-retoma-producao-de-insulina-em-iniciativa-conduzida-pelo-ministerio-da-saude\/","og_site_name":"PORTAL DE NOT\u00cdCIAS CLEITON PINHEIRO","article_publisher":"https:\/\/www.facebook.com\/portalcpnoticias\/","article_published_time":"2025-07-16T16:32:52+00:00","article_modified_time":"2025-07-17T18:09:51+00:00","og_image":[{"width":768,"height":354,"url":"https:\/\/cleitonpinheiro.com.br\/site\/wp-content\/uploads\/2025\/07\/d2e146ac-de9e-4549-a23c-b9e9fb6a5350.jpeg","type":"image\/jpeg"}],"author":"Reda\u00e7\u00e3o CP","twitter_card":"summary_large_image","twitter_misc":{"Escrito por":"Reda\u00e7\u00e3o CP","Est. tempo de leitura":"5 minutos"},"schema":{"@context":"https:\/\/schema.org","@graph":[{"@type":"Article","@id":"https:\/\/cleitonpinheiro.com.br\/site\/apos-20-anos-brasil-retoma-producao-de-insulina-em-iniciativa-conduzida-pelo-ministerio-da-saude\/#article","isPartOf":{"@id":"https:\/\/cleitonpinheiro.com.br\/site\/apos-20-anos-brasil-retoma-producao-de-insulina-em-iniciativa-conduzida-pelo-ministerio-da-saude\/"},"author":{"name":"Reda\u00e7\u00e3o CP","@id":"https:\/\/cleitonpinheiro.com.br\/site\/#\/schema\/person\/8f04544e0bc40a1b68775b08360f87db"},"headline":"Ap\u00f3s 20 anos, Brasil retoma produ\u00e7\u00e3o de insulina em iniciativa conduzida pelo Minist\u00e9rio da Sa\u00fade","datePublished":"2025-07-16T16:32:52+00:00","dateModified":"2025-07-17T18:09:51+00:00","mainEntityOfPage":{"@id":"https:\/\/cleitonpinheiro.com.br\/site\/apos-20-anos-brasil-retoma-producao-de-insulina-em-iniciativa-conduzida-pelo-ministerio-da-saude\/"},"wordCount":753,"commentCount":0,"publisher":{"@id":"https:\/\/cleitonpinheiro.com.br\/site\/#organization"},"image":{"@id":"https:\/\/cleitonpinheiro.com.br\/site\/apos-20-anos-brasil-retoma-producao-de-insulina-em-iniciativa-conduzida-pelo-ministerio-da-saude\/#primaryimage"},"thumbnailUrl":"https:\/\/cleitonpinheiro.com.br\/site\/wp-content\/uploads\/2025\/07\/d2e146ac-de9e-4549-a23c-b9e9fb6a5350.jpeg","articleSection":["BRASIL \/ MUNDO","MANCHETE SEGUND\u00c1RIA","TODAS NOTICIAS"],"inLanguage":"pt-BR","potentialAction":[{"@type":"CommentAction","name":"Comment","target":["https:\/\/cleitonpinheiro.com.br\/site\/apos-20-anos-brasil-retoma-producao-de-insulina-em-iniciativa-conduzida-pelo-ministerio-da-saude\/#respond"]}]},{"@type":"WebPage","@id":"https:\/\/cleitonpinheiro.com.br\/site\/apos-20-anos-brasil-retoma-producao-de-insulina-em-iniciativa-conduzida-pelo-ministerio-da-saude\/","url":"https:\/\/cleitonpinheiro.com.br\/site\/apos-20-anos-brasil-retoma-producao-de-insulina-em-iniciativa-conduzida-pelo-ministerio-da-saude\/","name":"Ap\u00f3s 20 anos, Brasil retoma produ\u00e7\u00e3o de insulina em iniciativa conduzida pelo Minist\u00e9rio da Sa\u00fade - PORTAL DE NOT\u00cdCIAS CLEITON PINHEIRO","isPartOf":{"@id":"https:\/\/cleitonpinheiro.com.br\/site\/#website"},"primaryImageOfPage":{"@id":"https:\/\/cleitonpinheiro.com.br\/site\/apos-20-anos-brasil-retoma-producao-de-insulina-em-iniciativa-conduzida-pelo-ministerio-da-saude\/#primaryimage"},"image":{"@id":"https:\/\/cleitonpinheiro.com.br\/site\/apos-20-anos-brasil-retoma-producao-de-insulina-em-iniciativa-conduzida-pelo-ministerio-da-saude\/#primaryimage"},"thumbnailUrl":"https:\/\/cleitonpinheiro.com.br\/site\/wp-content\/uploads\/2025\/07\/d2e146ac-de9e-4549-a23c-b9e9fb6a5350.jpeg","datePublished":"2025-07-16T16:32:52+00:00","dateModified":"2025-07-17T18:09:51+00:00","breadcrumb":{"@id":"https:\/\/cleitonpinheiro.com.br\/site\/apos-20-anos-brasil-retoma-producao-de-insulina-em-iniciativa-conduzida-pelo-ministerio-da-saude\/#breadcrumb"},"inLanguage":"pt-BR","potentialAction":[{"@type":"ReadAction","target":["https:\/\/cleitonpinheiro.com.br\/site\/apos-20-anos-brasil-retoma-producao-de-insulina-em-iniciativa-conduzida-pelo-ministerio-da-saude\/"]}]},{"@type":"ImageObject","inLanguage":"pt-BR","@id":"https:\/\/cleitonpinheiro.com.br\/site\/apos-20-anos-brasil-retoma-producao-de-insulina-em-iniciativa-conduzida-pelo-ministerio-da-saude\/#primaryimage","url":"https:\/\/cleitonpinheiro.com.br\/site\/wp-content\/uploads\/2025\/07\/d2e146ac-de9e-4549-a23c-b9e9fb6a5350.jpeg","contentUrl":"https:\/\/cleitonpinheiro.com.br\/site\/wp-content\/uploads\/2025\/07\/d2e146ac-de9e-4549-a23c-b9e9fb6a5350.jpeg","width":768,"height":354,"caption":"Foto: Walterson Rosa\/MS"},{"@type":"BreadcrumbList","@id":"https:\/\/cleitonpinheiro.com.br\/site\/apos-20-anos-brasil-retoma-producao-de-insulina-em-iniciativa-conduzida-pelo-ministerio-da-saude\/#breadcrumb","itemListElement":[{"@type":"ListItem","position":1,"name":"In\u00edcio","item":"https:\/\/cleitonpinheiro.com.br\/site\/"},{"@type":"ListItem","position":2,"name":"Ap\u00f3s 20 anos, Brasil retoma produ\u00e7\u00e3o de insulina em iniciativa conduzida pelo Minist\u00e9rio da Sa\u00fade"}]},{"@type":"WebSite","@id":"https:\/\/cleitonpinheiro.com.br\/site\/#website","url":"https:\/\/cleitonpinheiro.com.br\/site\/","name":"PORTAL DE NOT\u00cdCIAS CLEITON PINHEIRO","description":"FALANDO A VERDADE","publisher":{"@id":"https:\/\/cleitonpinheiro.com.br\/site\/#organization"},"potentialAction":[{"@type":"SearchAction","target":{"@type":"EntryPoint","urlTemplate":"https:\/\/cleitonpinheiro.com.br\/site\/?s={search_term_string}"},"query-input":{"@type":"PropertyValueSpecification","valueRequired":true,"valueName":"search_term_string"}}],"inLanguage":"pt-BR"},{"@type":"Organization","@id":"https:\/\/cleitonpinheiro.com.br\/site\/#organization","name":"CPNOT\u00cdCIAS","url":"https:\/\/cleitonpinheiro.com.br\/site\/","logo":{"@type":"ImageObject","inLanguage":"pt-BR","@id":"https:\/\/cleitonpinheiro.com.br\/site\/#\/schema\/logo\/image\/","url":"https:\/\/cleitonpinheiro.com.br\/site\/wp-content\/uploads\/2022\/08\/Logo-pequena-2.png","contentUrl":"https:\/\/cleitonpinheiro.com.br\/site\/wp-content\/uploads\/2022\/08\/Logo-pequena-2.png","width":500,"height":500,"caption":"CPNOT\u00cdCIAS"},"image":{"@id":"https:\/\/cleitonpinheiro.com.br\/site\/#\/schema\/logo\/image\/"},"sameAs":["https:\/\/www.facebook.com\/portalcpnoticias\/"]},{"@type":"Person","@id":"https:\/\/cleitonpinheiro.com.br\/site\/#\/schema\/person\/8f04544e0bc40a1b68775b08360f87db","name":"Reda\u00e7\u00e3o CP","image":{"@type":"ImageObject","inLanguage":"pt-BR","@id":"https:\/\/cleitonpinheiro.com.br\/site\/#\/schema\/person\/image\/","url":"https:\/\/secure.gravatar.com\/avatar\/0bcf19cb29fdc8fc588c490c7ae1b3e174dac268586a63fbe1d1893a0f9020cd?s=96&r=g","contentUrl":"https:\/\/secure.gravatar.com\/avatar\/0bcf19cb29fdc8fc588c490c7ae1b3e174dac268586a63fbe1d1893a0f9020cd?s=96&r=g","caption":"Reda\u00e7\u00e3o CP"},"url":"https:\/\/cleitonpinheiro.com.br\/site\/author\/redacao\/"}]}},"views":112,"_links":{"self":[{"href":"https:\/\/cleitonpinheiro.com.br\/site\/wp-json\/wp\/v2\/posts\/86284","targetHints":{"allow":["GET"]}}],"collection":[{"href":"https:\/\/cleitonpinheiro.com.br\/site\/wp-json\/wp\/v2\/posts"}],"about":[{"href":"https:\/\/cleitonpinheiro.com.br\/site\/wp-json\/wp\/v2\/types\/post"}],"author":[{"embeddable":true,"href":"https:\/\/cleitonpinheiro.com.br\/site\/wp-json\/wp\/v2\/users\/13"}],"replies":[{"embeddable":true,"href":"https:\/\/cleitonpinheiro.com.br\/site\/wp-json\/wp\/v2\/comments?post=86284"}],"version-history":[{"count":1,"href":"https:\/\/cleitonpinheiro.com.br\/site\/wp-json\/wp\/v2\/posts\/86284\/revisions"}],"predecessor-version":[{"id":86286,"href":"https:\/\/cleitonpinheiro.com.br\/site\/wp-json\/wp\/v2\/posts\/86284\/revisions\/86286"}],"wp:featuredmedia":[{"embeddable":true,"href":"https:\/\/cleitonpinheiro.com.br\/site\/wp-json\/wp\/v2\/media\/86285"}],"wp:attachment":[{"href":"https:\/\/cleitonpinheiro.com.br\/site\/wp-json\/wp\/v2\/media?parent=86284"}],"wp:term":[{"taxonomy":"category","embeddable":true,"href":"https:\/\/cleitonpinheiro.com.br\/site\/wp-json\/wp\/v2\/categories?post=86284"},{"taxonomy":"post_tag","embeddable":true,"href":"https:\/\/cleitonpinheiro.com.br\/site\/wp-json\/wp\/v2\/tags?post=86284"}],"curies":[{"name":"wp","href":"https:\/\/api.w.org\/{rel}","templated":true}]}}