{"id":86289,"date":"2025-07-17T14:09:51","date_gmt":"2025-07-17T17:09:51","guid":{"rendered":"https:\/\/cleitonpinheiro.com.br\/site\/?p=86289"},"modified":"2025-07-17T14:09:55","modified_gmt":"2025-07-17T17:09:55","slug":"deputados-do-tocantins-votam-a-favor-do-pl-da-devastacao-durante-a-madrugada","status":"publish","type":"post","link":"https:\/\/cleitonpinheiro.com.br\/site\/deputados-do-tocantins-votam-a-favor-do-pl-da-devastacao-durante-a-madrugada\/","title":{"rendered":"Deputados do Tocantins votam a favor do PL da Devasta\u00e7\u00e3o durante a madrugada"},"content":{"rendered":"\n<figure class=\"wp-block-image size-large\"><img fetchpriority=\"high\" decoding=\"async\" width=\"1024\" height=\"576\" src=\"https:\/\/cleitonpinheiro.com.br\/site\/wp-content\/uploads\/2025\/07\/SIM-PARA-O-PL-DA-DEVASTACAO-1024x576.png\" alt=\"\" class=\"wp-image-86290\" srcset=\"https:\/\/cleitonpinheiro.com.br\/site\/wp-content\/uploads\/2025\/07\/SIM-PARA-O-PL-DA-DEVASTACAO-1024x576.png 1024w, https:\/\/cleitonpinheiro.com.br\/site\/wp-content\/uploads\/2025\/07\/SIM-PARA-O-PL-DA-DEVASTACAO-300x169.png 300w, https:\/\/cleitonpinheiro.com.br\/site\/wp-content\/uploads\/2025\/07\/SIM-PARA-O-PL-DA-DEVASTACAO-768x432.png 768w, https:\/\/cleitonpinheiro.com.br\/site\/wp-content\/uploads\/2025\/07\/SIM-PARA-O-PL-DA-DEVASTACAO-1536x864.png 1536w, https:\/\/cleitonpinheiro.com.br\/site\/wp-content\/uploads\/2025\/07\/SIM-PARA-O-PL-DA-DEVASTACAO.png 1920w\" sizes=\"(max-width: 1024px) 100vw, 1024px\" \/><\/figure>\n\n\n\n<p>Em uma vota\u00e7\u00e3o h\u00edbrida que se estendeu pela madrugada desta quinta-feira, 17, a C\u00e2mara dos Deputados aprovou o Projeto de Lei 2159\/21, que flexibiliza as regras do licenciamento ambiental no Brasil. Considerado por cr\u00edticos como um dos maiores retrocessos socioambientais das \u00faltimas quatro d\u00e9cadas, o texto foi aprovado por 267 votos a 116 no \u00faltimo dia \u00fatil antes do recesso parlamentar.<\/p>\n\n\n\n<p>A bancada do Tocantins votou em peso a favor da proposta. Os deputados Alexandre Guimar\u00e3es (MDB), Antonio Andrade (Republicanos), Carlos Gaguim (Uni\u00e3o Brasil), Eli Borges (PL), Filipe Martins (PL), L\u00e1zaro Botelho (PP), Ricardo Ayres (Republicanos) e Vicentinho J\u00fanior (PP) apoiaram o projeto, que, segundo especialistas, ignora a urg\u00eancia da crise clim\u00e1tica global.<\/p>\n\n\n\n<p><strong>O que muda com o novo PL?<\/strong><\/p>\n\n\n\n<p>A principal e mais criticada altera\u00e7\u00e3o \u00e9 a substitui\u00e7\u00e3o do licenciamento tradicional por um sistema online e autodeclarat\u00f3rio, chamado Licen\u00e7a por Ades\u00e3o e Compromisso (LAC). Com a LAC, atividades de grande impacto poder\u00e3o ser autorizadas sem a necessidade de estudos pr\u00e9vios ou an\u00e1lises t\u00e9cnicas detalhadas, inclusive em \u00e1reas sens\u00edveis como territ\u00f3rios ind\u00edgenas, comunidades tradicionais e Unidades de Conserva\u00e7\u00e3o.<\/p>\n\n\n\n<p>Al\u00e9m disso, o projeto dispensa a outorga para o uso de recursos h\u00eddricos em certos casos, o que pode agravar conflitos pela \u00e1gua j\u00e1 existentes no Tocantins, como na bacia do Rio Formoso.<\/p>\n\n\n\n<p><strong>Cr\u00edticas e Consequ\u00eancias<\/strong><\/p>\n\n\n\n<p>Para a Coaliz\u00e3o Vozes do Tocantins por Justi\u00e7a Clim\u00e1tica, a aprova\u00e7\u00e3o demonstra uma grave desconex\u00e3o com os riscos de desastres que o licenciamento visa prevenir. &#8220;Estamos em ano de COP30, com o Brasil podendo liderar uma transi\u00e7\u00e3o justa. O Tocantins \u00e9 destaque nacional em desmatamento e essa vota\u00e7\u00e3o atende a interesses de uma minoria, com potencial para devastar o Cerrado tocantinense sem a devida responsabiliza\u00e7\u00e3o&#8221;, declarou a rede, que re\u00fane 15 organiza\u00e7\u00f5es da sociedade civil.<\/p>\n\n\n\n<p>Juridicamente, o texto \u00e9 visto como uma afronta \u00e0 Constitui\u00e7\u00e3o Federal, que assegura o direito a um meio ambiente equilibrado e exige estudos de impacto para obras potencialmente danosas. A proposta tamb\u00e9m viola o princ\u00edpio da proibi\u00e7\u00e3o do retrocesso ambiental, j\u00e1 consolidado na jurisprud\u00eancia brasileira.<\/p>\n\n\n\n<p>O projeto segue agora para san\u00e7\u00e3o ou veto do presidente Luiz In\u00e1cio Lula da Silva (PT).<\/p>\n","protected":false},"excerpt":{"rendered":"<p>Em uma vota\u00e7\u00e3o h\u00edbrida que se estendeu pela madrugada desta quinta-feira, 17, a C\u00e2mara dos Deputados aprovou o Projeto de Lei 2159\/21, que flexibiliza as regras do licenciamento ambiental no Brasil. Considerado por cr\u00edticos como um dos maiores retrocessos socioambientais das \u00faltimas quatro d\u00e9cadas, o texto foi aprovado por 267 votos a 116 no \u00faltimo [&hellip;]<\/p>\n","protected":false},"author":13,"featured_media":86290,"comment_status":"open","ping_status":"open","sticky":false,"template":"","format":"standard","meta":{"_acf_changed":false,"footnotes":""},"categories":[898,23,21],"tags":[],"class_list":["post-86289","post","type-post","status-publish","format-standard","has-post-thumbnail","hentry","category-manchete-segundaria","category-politica","category-todas-noticias"],"acf":[],"yoast_head":"<!-- This site is optimized with the Yoast SEO plugin v24.4 - https:\/\/yoast.com\/wordpress\/plugins\/seo\/ -->\n<title>Deputados do Tocantins votam a favor do PL da Devasta\u00e7\u00e3o durante a madrugada - PORTAL DE NOT\u00cdCIAS CLEITON PINHEIRO<\/title>\n<meta name=\"robots\" content=\"index, follow, max-snippet:-1, max-image-preview:large, max-video-preview:-1\" \/>\n<link rel=\"canonical\" href=\"https:\/\/cleitonpinheiro.com.br\/site\/deputados-do-tocantins-votam-a-favor-do-pl-da-devastacao-durante-a-madrugada\/\" \/>\n<meta property=\"og:locale\" content=\"pt_BR\" \/>\n<meta property=\"og:type\" content=\"article\" \/>\n<meta property=\"og:title\" content=\"Deputados do Tocantins votam a favor do PL da Devasta\u00e7\u00e3o durante a madrugada - PORTAL DE NOT\u00cdCIAS CLEITON PINHEIRO\" \/>\n<meta property=\"og:description\" content=\"Em uma vota\u00e7\u00e3o h\u00edbrida que se estendeu pela madrugada desta quinta-feira, 17, a C\u00e2mara dos Deputados aprovou o Projeto de Lei 2159\/21, que flexibiliza as regras do licenciamento ambiental no Brasil. Considerado por cr\u00edticos como um dos maiores retrocessos socioambientais das \u00faltimas quatro d\u00e9cadas, o texto foi aprovado por 267 votos a 116 no \u00faltimo [&hellip;]\" \/>\n<meta property=\"og:url\" content=\"https:\/\/cleitonpinheiro.com.br\/site\/deputados-do-tocantins-votam-a-favor-do-pl-da-devastacao-durante-a-madrugada\/\" \/>\n<meta property=\"og:site_name\" content=\"PORTAL DE NOT\u00cdCIAS CLEITON PINHEIRO\" \/>\n<meta property=\"article:publisher\" content=\"https:\/\/www.facebook.com\/portalcpnoticias\/\" \/>\n<meta property=\"article:published_time\" content=\"2025-07-17T17:09:51+00:00\" \/>\n<meta property=\"article:modified_time\" content=\"2025-07-17T17:09:55+00:00\" \/>\n<meta property=\"og:image\" content=\"https:\/\/cleitonpinheiro.com.br\/site\/wp-content\/uploads\/2025\/07\/SIM-PARA-O-PL-DA-DEVASTACAO-1024x576.png\" \/>\n\t<meta property=\"og:image:width\" content=\"1024\" \/>\n\t<meta property=\"og:image:height\" content=\"576\" \/>\n\t<meta property=\"og:image:type\" content=\"image\/png\" \/>\n<meta name=\"author\" content=\"Reda\u00e7\u00e3o CP\" \/>\n<meta name=\"twitter:card\" content=\"summary_large_image\" \/>\n<meta name=\"twitter:label1\" content=\"Escrito por\" \/>\n\t<meta name=\"twitter:data1\" content=\"Reda\u00e7\u00e3o CP\" \/>\n\t<meta name=\"twitter:label2\" content=\"Est. tempo de leitura\" \/>\n\t<meta name=\"twitter:data2\" content=\"3 minutos\" \/>\n<script type=\"application\/ld+json\" class=\"yoast-schema-graph\">{\"@context\":\"https:\/\/schema.org\",\"@graph\":[{\"@type\":\"Article\",\"@id\":\"https:\/\/cleitonpinheiro.com.br\/site\/deputados-do-tocantins-votam-a-favor-do-pl-da-devastacao-durante-a-madrugada\/#article\",\"isPartOf\":{\"@id\":\"https:\/\/cleitonpinheiro.com.br\/site\/deputados-do-tocantins-votam-a-favor-do-pl-da-devastacao-durante-a-madrugada\/\"},\"author\":{\"name\":\"Reda\u00e7\u00e3o CP\",\"@id\":\"https:\/\/cleitonpinheiro.com.br\/site\/#\/schema\/person\/8f04544e0bc40a1b68775b08360f87db\"},\"headline\":\"Deputados do Tocantins votam a favor do PL da Devasta\u00e7\u00e3o durante a madrugada\",\"datePublished\":\"2025-07-17T17:09:51+00:00\",\"dateModified\":\"2025-07-17T17:09:55+00:00\",\"mainEntityOfPage\":{\"@id\":\"https:\/\/cleitonpinheiro.com.br\/site\/deputados-do-tocantins-votam-a-favor-do-pl-da-devastacao-durante-a-madrugada\/\"},\"wordCount\":400,\"commentCount\":0,\"publisher\":{\"@id\":\"https:\/\/cleitonpinheiro.com.br\/site\/#organization\"},\"image\":{\"@id\":\"https:\/\/cleitonpinheiro.com.br\/site\/deputados-do-tocantins-votam-a-favor-do-pl-da-devastacao-durante-a-madrugada\/#primaryimage\"},\"thumbnailUrl\":\"https:\/\/cleitonpinheiro.com.br\/site\/wp-content\/uploads\/2025\/07\/SIM-PARA-O-PL-DA-DEVASTACAO.png\",\"articleSection\":[\"MANCHETE SEGUND\u00c1RIA\",\"POL\u00cdTICA\",\"TODAS NOTICIAS\"],\"inLanguage\":\"pt-BR\",\"potentialAction\":[{\"@type\":\"CommentAction\",\"name\":\"Comment\",\"target\":[\"https:\/\/cleitonpinheiro.com.br\/site\/deputados-do-tocantins-votam-a-favor-do-pl-da-devastacao-durante-a-madrugada\/#respond\"]}]},{\"@type\":\"WebPage\",\"@id\":\"https:\/\/cleitonpinheiro.com.br\/site\/deputados-do-tocantins-votam-a-favor-do-pl-da-devastacao-durante-a-madrugada\/\",\"url\":\"https:\/\/cleitonpinheiro.com.br\/site\/deputados-do-tocantins-votam-a-favor-do-pl-da-devastacao-durante-a-madrugada\/\",\"name\":\"Deputados do Tocantins votam a favor do PL da Devasta\u00e7\u00e3o durante a madrugada - PORTAL DE NOT\u00cdCIAS CLEITON PINHEIRO\",\"isPartOf\":{\"@id\":\"https:\/\/cleitonpinheiro.com.br\/site\/#website\"},\"primaryImageOfPage\":{\"@id\":\"https:\/\/cleitonpinheiro.com.br\/site\/deputados-do-tocantins-votam-a-favor-do-pl-da-devastacao-durante-a-madrugada\/#primaryimage\"},\"image\":{\"@id\":\"https:\/\/cleitonpinheiro.com.br\/site\/deputados-do-tocantins-votam-a-favor-do-pl-da-devastacao-durante-a-madrugada\/#primaryimage\"},\"thumbnailUrl\":\"https:\/\/cleitonpinheiro.com.br\/site\/wp-content\/uploads\/2025\/07\/SIM-PARA-O-PL-DA-DEVASTACAO.png\",\"datePublished\":\"2025-07-17T17:09:51+00:00\",\"dateModified\":\"2025-07-17T17:09:55+00:00\",\"breadcrumb\":{\"@id\":\"https:\/\/cleitonpinheiro.com.br\/site\/deputados-do-tocantins-votam-a-favor-do-pl-da-devastacao-durante-a-madrugada\/#breadcrumb\"},\"inLanguage\":\"pt-BR\",\"potentialAction\":[{\"@type\":\"ReadAction\",\"target\":[\"https:\/\/cleitonpinheiro.com.br\/site\/deputados-do-tocantins-votam-a-favor-do-pl-da-devastacao-durante-a-madrugada\/\"]}]},{\"@type\":\"ImageObject\",\"inLanguage\":\"pt-BR\",\"@id\":\"https:\/\/cleitonpinheiro.com.br\/site\/deputados-do-tocantins-votam-a-favor-do-pl-da-devastacao-durante-a-madrugada\/#primaryimage\",\"url\":\"https:\/\/cleitonpinheiro.com.br\/site\/wp-content\/uploads\/2025\/07\/SIM-PARA-O-PL-DA-DEVASTACAO.png\",\"contentUrl\":\"https:\/\/cleitonpinheiro.com.br\/site\/wp-content\/uploads\/2025\/07\/SIM-PARA-O-PL-DA-DEVASTACAO.png\",\"width\":1920,\"height\":1080},{\"@type\":\"BreadcrumbList\",\"@id\":\"https:\/\/cleitonpinheiro.com.br\/site\/deputados-do-tocantins-votam-a-favor-do-pl-da-devastacao-durante-a-madrugada\/#breadcrumb\",\"itemListElement\":[{\"@type\":\"ListItem\",\"position\":1,\"name\":\"In\u00edcio\",\"item\":\"https:\/\/cleitonpinheiro.com.br\/site\/\"},{\"@type\":\"ListItem\",\"position\":2,\"name\":\"Deputados do Tocantins votam a favor do PL da Devasta\u00e7\u00e3o durante a madrugada\"}]},{\"@type\":\"WebSite\",\"@id\":\"https:\/\/cleitonpinheiro.com.br\/site\/#website\",\"url\":\"https:\/\/cleitonpinheiro.com.br\/site\/\",\"name\":\"PORTAL DE NOT\u00cdCIAS CLEITON PINHEIRO\",\"description\":\"FALANDO A VERDADE\",\"publisher\":{\"@id\":\"https:\/\/cleitonpinheiro.com.br\/site\/#organization\"},\"potentialAction\":[{\"@type\":\"SearchAction\",\"target\":{\"@type\":\"EntryPoint\",\"urlTemplate\":\"https:\/\/cleitonpinheiro.com.br\/site\/?s={search_term_string}\"},\"query-input\":{\"@type\":\"PropertyValueSpecification\",\"valueRequired\":true,\"valueName\":\"search_term_string\"}}],\"inLanguage\":\"pt-BR\"},{\"@type\":\"Organization\",\"@id\":\"https:\/\/cleitonpinheiro.com.br\/site\/#organization\",\"name\":\"CPNOT\u00cdCIAS\",\"url\":\"https:\/\/cleitonpinheiro.com.br\/site\/\",\"logo\":{\"@type\":\"ImageObject\",\"inLanguage\":\"pt-BR\",\"@id\":\"https:\/\/cleitonpinheiro.com.br\/site\/#\/schema\/logo\/image\/\",\"url\":\"https:\/\/cleitonpinheiro.com.br\/site\/wp-content\/uploads\/2022\/08\/Logo-pequena-2.png\",\"contentUrl\":\"https:\/\/cleitonpinheiro.com.br\/site\/wp-content\/uploads\/2022\/08\/Logo-pequena-2.png\",\"width\":500,\"height\":500,\"caption\":\"CPNOT\u00cdCIAS\"},\"image\":{\"@id\":\"https:\/\/cleitonpinheiro.com.br\/site\/#\/schema\/logo\/image\/\"},\"sameAs\":[\"https:\/\/www.facebook.com\/portalcpnoticias\/\"]},{\"@type\":\"Person\",\"@id\":\"https:\/\/cleitonpinheiro.com.br\/site\/#\/schema\/person\/8f04544e0bc40a1b68775b08360f87db\",\"name\":\"Reda\u00e7\u00e3o CP\",\"image\":{\"@type\":\"ImageObject\",\"inLanguage\":\"pt-BR\",\"@id\":\"https:\/\/cleitonpinheiro.com.br\/site\/#\/schema\/person\/image\/\",\"url\":\"https:\/\/secure.gravatar.com\/avatar\/0bcf19cb29fdc8fc588c490c7ae1b3e174dac268586a63fbe1d1893a0f9020cd?s=96&r=g\",\"contentUrl\":\"https:\/\/secure.gravatar.com\/avatar\/0bcf19cb29fdc8fc588c490c7ae1b3e174dac268586a63fbe1d1893a0f9020cd?s=96&r=g\",\"caption\":\"Reda\u00e7\u00e3o CP\"},\"url\":\"https:\/\/cleitonpinheiro.com.br\/site\/author\/redacao\/\"}]}<\/script>\n<!-- \/ Yoast SEO plugin. -->","yoast_head_json":{"title":"Deputados do Tocantins votam a favor do PL da Devasta\u00e7\u00e3o durante a madrugada - PORTAL DE NOT\u00cdCIAS CLEITON PINHEIRO","robots":{"index":"index","follow":"follow","max-snippet":"max-snippet:-1","max-image-preview":"max-image-preview:large","max-video-preview":"max-video-preview:-1"},"canonical":"https:\/\/cleitonpinheiro.com.br\/site\/deputados-do-tocantins-votam-a-favor-do-pl-da-devastacao-durante-a-madrugada\/","og_locale":"pt_BR","og_type":"article","og_title":"Deputados do Tocantins votam a favor do PL da Devasta\u00e7\u00e3o durante a madrugada - PORTAL DE NOT\u00cdCIAS CLEITON PINHEIRO","og_description":"Em uma vota\u00e7\u00e3o h\u00edbrida que se estendeu pela madrugada desta quinta-feira, 17, a C\u00e2mara dos Deputados aprovou o Projeto de Lei 2159\/21, que flexibiliza as regras do licenciamento ambiental no Brasil. Considerado por cr\u00edticos como um dos maiores retrocessos socioambientais das \u00faltimas quatro d\u00e9cadas, o texto foi aprovado por 267 votos a 116 no \u00faltimo [&hellip;]","og_url":"https:\/\/cleitonpinheiro.com.br\/site\/deputados-do-tocantins-votam-a-favor-do-pl-da-devastacao-durante-a-madrugada\/","og_site_name":"PORTAL DE NOT\u00cdCIAS CLEITON PINHEIRO","article_publisher":"https:\/\/www.facebook.com\/portalcpnoticias\/","article_published_time":"2025-07-17T17:09:51+00:00","article_modified_time":"2025-07-17T17:09:55+00:00","og_image":[{"width":1024,"height":576,"url":"https:\/\/cleitonpinheiro.com.br\/site\/wp-content\/uploads\/2025\/07\/SIM-PARA-O-PL-DA-DEVASTACAO-1024x576.png","type":"image\/png"}],"author":"Reda\u00e7\u00e3o CP","twitter_card":"summary_large_image","twitter_misc":{"Escrito por":"Reda\u00e7\u00e3o CP","Est. tempo de leitura":"3 minutos"},"schema":{"@context":"https:\/\/schema.org","@graph":[{"@type":"Article","@id":"https:\/\/cleitonpinheiro.com.br\/site\/deputados-do-tocantins-votam-a-favor-do-pl-da-devastacao-durante-a-madrugada\/#article","isPartOf":{"@id":"https:\/\/cleitonpinheiro.com.br\/site\/deputados-do-tocantins-votam-a-favor-do-pl-da-devastacao-durante-a-madrugada\/"},"author":{"name":"Reda\u00e7\u00e3o CP","@id":"https:\/\/cleitonpinheiro.com.br\/site\/#\/schema\/person\/8f04544e0bc40a1b68775b08360f87db"},"headline":"Deputados do Tocantins votam a favor do PL da Devasta\u00e7\u00e3o durante a madrugada","datePublished":"2025-07-17T17:09:51+00:00","dateModified":"2025-07-17T17:09:55+00:00","mainEntityOfPage":{"@id":"https:\/\/cleitonpinheiro.com.br\/site\/deputados-do-tocantins-votam-a-favor-do-pl-da-devastacao-durante-a-madrugada\/"},"wordCount":400,"commentCount":0,"publisher":{"@id":"https:\/\/cleitonpinheiro.com.br\/site\/#organization"},"image":{"@id":"https:\/\/cleitonpinheiro.com.br\/site\/deputados-do-tocantins-votam-a-favor-do-pl-da-devastacao-durante-a-madrugada\/#primaryimage"},"thumbnailUrl":"https:\/\/cleitonpinheiro.com.br\/site\/wp-content\/uploads\/2025\/07\/SIM-PARA-O-PL-DA-DEVASTACAO.png","articleSection":["MANCHETE SEGUND\u00c1RIA","POL\u00cdTICA","TODAS NOTICIAS"],"inLanguage":"pt-BR","potentialAction":[{"@type":"CommentAction","name":"Comment","target":["https:\/\/cleitonpinheiro.com.br\/site\/deputados-do-tocantins-votam-a-favor-do-pl-da-devastacao-durante-a-madrugada\/#respond"]}]},{"@type":"WebPage","@id":"https:\/\/cleitonpinheiro.com.br\/site\/deputados-do-tocantins-votam-a-favor-do-pl-da-devastacao-durante-a-madrugada\/","url":"https:\/\/cleitonpinheiro.com.br\/site\/deputados-do-tocantins-votam-a-favor-do-pl-da-devastacao-durante-a-madrugada\/","name":"Deputados do Tocantins votam a favor do PL da Devasta\u00e7\u00e3o durante a madrugada - PORTAL DE NOT\u00cdCIAS CLEITON PINHEIRO","isPartOf":{"@id":"https:\/\/cleitonpinheiro.com.br\/site\/#website"},"primaryImageOfPage":{"@id":"https:\/\/cleitonpinheiro.com.br\/site\/deputados-do-tocantins-votam-a-favor-do-pl-da-devastacao-durante-a-madrugada\/#primaryimage"},"image":{"@id":"https:\/\/cleitonpinheiro.com.br\/site\/deputados-do-tocantins-votam-a-favor-do-pl-da-devastacao-durante-a-madrugada\/#primaryimage"},"thumbnailUrl":"https:\/\/cleitonpinheiro.com.br\/site\/wp-content\/uploads\/2025\/07\/SIM-PARA-O-PL-DA-DEVASTACAO.png","datePublished":"2025-07-17T17:09:51+00:00","dateModified":"2025-07-17T17:09:55+00:00","breadcrumb":{"@id":"https:\/\/cleitonpinheiro.com.br\/site\/deputados-do-tocantins-votam-a-favor-do-pl-da-devastacao-durante-a-madrugada\/#breadcrumb"},"inLanguage":"pt-BR","potentialAction":[{"@type":"ReadAction","target":["https:\/\/cleitonpinheiro.com.br\/site\/deputados-do-tocantins-votam-a-favor-do-pl-da-devastacao-durante-a-madrugada\/"]}]},{"@type":"ImageObject","inLanguage":"pt-BR","@id":"https:\/\/cleitonpinheiro.com.br\/site\/deputados-do-tocantins-votam-a-favor-do-pl-da-devastacao-durante-a-madrugada\/#primaryimage","url":"https:\/\/cleitonpinheiro.com.br\/site\/wp-content\/uploads\/2025\/07\/SIM-PARA-O-PL-DA-DEVASTACAO.png","contentUrl":"https:\/\/cleitonpinheiro.com.br\/site\/wp-content\/uploads\/2025\/07\/SIM-PARA-O-PL-DA-DEVASTACAO.png","width":1920,"height":1080},{"@type":"BreadcrumbList","@id":"https:\/\/cleitonpinheiro.com.br\/site\/deputados-do-tocantins-votam-a-favor-do-pl-da-devastacao-durante-a-madrugada\/#breadcrumb","itemListElement":[{"@type":"ListItem","position":1,"name":"In\u00edcio","item":"https:\/\/cleitonpinheiro.com.br\/site\/"},{"@type":"ListItem","position":2,"name":"Deputados do Tocantins votam a favor do PL da Devasta\u00e7\u00e3o durante a madrugada"}]},{"@type":"WebSite","@id":"https:\/\/cleitonpinheiro.com.br\/site\/#website","url":"https:\/\/cleitonpinheiro.com.br\/site\/","name":"PORTAL DE NOT\u00cdCIAS CLEITON PINHEIRO","description":"FALANDO A VERDADE","publisher":{"@id":"https:\/\/cleitonpinheiro.com.br\/site\/#organization"},"potentialAction":[{"@type":"SearchAction","target":{"@type":"EntryPoint","urlTemplate":"https:\/\/cleitonpinheiro.com.br\/site\/?s={search_term_string}"},"query-input":{"@type":"PropertyValueSpecification","valueRequired":true,"valueName":"search_term_string"}}],"inLanguage":"pt-BR"},{"@type":"Organization","@id":"https:\/\/cleitonpinheiro.com.br\/site\/#organization","name":"CPNOT\u00cdCIAS","url":"https:\/\/cleitonpinheiro.com.br\/site\/","logo":{"@type":"ImageObject","inLanguage":"pt-BR","@id":"https:\/\/cleitonpinheiro.com.br\/site\/#\/schema\/logo\/image\/","url":"https:\/\/cleitonpinheiro.com.br\/site\/wp-content\/uploads\/2022\/08\/Logo-pequena-2.png","contentUrl":"https:\/\/cleitonpinheiro.com.br\/site\/wp-content\/uploads\/2022\/08\/Logo-pequena-2.png","width":500,"height":500,"caption":"CPNOT\u00cdCIAS"},"image":{"@id":"https:\/\/cleitonpinheiro.com.br\/site\/#\/schema\/logo\/image\/"},"sameAs":["https:\/\/www.facebook.com\/portalcpnoticias\/"]},{"@type":"Person","@id":"https:\/\/cleitonpinheiro.com.br\/site\/#\/schema\/person\/8f04544e0bc40a1b68775b08360f87db","name":"Reda\u00e7\u00e3o CP","image":{"@type":"ImageObject","inLanguage":"pt-BR","@id":"https:\/\/cleitonpinheiro.com.br\/site\/#\/schema\/person\/image\/","url":"https:\/\/secure.gravatar.com\/avatar\/0bcf19cb29fdc8fc588c490c7ae1b3e174dac268586a63fbe1d1893a0f9020cd?s=96&r=g","contentUrl":"https:\/\/secure.gravatar.com\/avatar\/0bcf19cb29fdc8fc588c490c7ae1b3e174dac268586a63fbe1d1893a0f9020cd?s=96&r=g","caption":"Reda\u00e7\u00e3o CP"},"url":"https:\/\/cleitonpinheiro.com.br\/site\/author\/redacao\/"}]}},"views":109,"_links":{"self":[{"href":"https:\/\/cleitonpinheiro.com.br\/site\/wp-json\/wp\/v2\/posts\/86289","targetHints":{"allow":["GET"]}}],"collection":[{"href":"https:\/\/cleitonpinheiro.com.br\/site\/wp-json\/wp\/v2\/posts"}],"about":[{"href":"https:\/\/cleitonpinheiro.com.br\/site\/wp-json\/wp\/v2\/types\/post"}],"author":[{"embeddable":true,"href":"https:\/\/cleitonpinheiro.com.br\/site\/wp-json\/wp\/v2\/users\/13"}],"replies":[{"embeddable":true,"href":"https:\/\/cleitonpinheiro.com.br\/site\/wp-json\/wp\/v2\/comments?post=86289"}],"version-history":[{"count":1,"href":"https:\/\/cleitonpinheiro.com.br\/site\/wp-json\/wp\/v2\/posts\/86289\/revisions"}],"predecessor-version":[{"id":86291,"href":"https:\/\/cleitonpinheiro.com.br\/site\/wp-json\/wp\/v2\/posts\/86289\/revisions\/86291"}],"wp:featuredmedia":[{"embeddable":true,"href":"https:\/\/cleitonpinheiro.com.br\/site\/wp-json\/wp\/v2\/media\/86290"}],"wp:attachment":[{"href":"https:\/\/cleitonpinheiro.com.br\/site\/wp-json\/wp\/v2\/media?parent=86289"}],"wp:term":[{"taxonomy":"category","embeddable":true,"href":"https:\/\/cleitonpinheiro.com.br\/site\/wp-json\/wp\/v2\/categories?post=86289"},{"taxonomy":"post_tag","embeddable":true,"href":"https:\/\/cleitonpinheiro.com.br\/site\/wp-json\/wp\/v2\/tags?post=86289"}],"curies":[{"name":"wp","href":"https:\/\/api.w.org\/{rel}","templated":true}]}}