{"id":86302,"date":"2025-07-17T15:03:20","date_gmt":"2025-07-17T18:03:20","guid":{"rendered":"https:\/\/cleitonpinheiro.com.br\/site\/?p=86302"},"modified":"2025-07-17T15:03:25","modified_gmt":"2025-07-17T18:03:25","slug":"aposentados-tem-ate-14-de-novembro-para-aderir-ao-plano-de-devolucao","status":"publish","type":"post","link":"https:\/\/cleitonpinheiro.com.br\/site\/aposentados-tem-ate-14-de-novembro-para-aderir-ao-plano-de-devolucao\/","title":{"rendered":"Aposentados t\u00eam at\u00e9 14 de novembro para aderir ao plano de devolu\u00e7\u00e3o"},"content":{"rendered":"\n<figure class=\"wp-block-image size-large\"><img fetchpriority=\"high\" decoding=\"async\" width=\"1024\" height=\"613\" src=\"https:\/\/cleitonpinheiro.com.br\/site\/wp-content\/uploads\/2025\/01\/mc_previdencia_socialsantos_fc2108200888-1-1024x613.webp\" alt=\"\" class=\"wp-image-83985\" srcset=\"https:\/\/cleitonpinheiro.com.br\/site\/wp-content\/uploads\/2025\/01\/mc_previdencia_socialsantos_fc2108200888-1-1024x613.webp 1024w, https:\/\/cleitonpinheiro.com.br\/site\/wp-content\/uploads\/2025\/01\/mc_previdencia_socialsantos_fc2108200888-1-300x179.webp 300w, https:\/\/cleitonpinheiro.com.br\/site\/wp-content\/uploads\/2025\/01\/mc_previdencia_socialsantos_fc2108200888-1-768x459.webp 768w, https:\/\/cleitonpinheiro.com.br\/site\/wp-content\/uploads\/2025\/01\/mc_previdencia_socialsantos_fc2108200888-1.webp 1170w\" sizes=\"(max-width: 1024px) 100vw, 1024px\" \/><figcaption class=\"wp-element-caption\">\u00a9 Marcello Casal JrAg\u00eancia Brasil\n<\/figcaption><\/figure>\n\n\n\n<p><strong>Os aposentados e pensionistas do Instituto Nacional do Seguro Social (INSS) que tiveram descontos indevidos por entidades associativas t\u00eam at\u00e9 o dia 14 de novembro&nbsp;para aderir ao acordo de devolu\u00e7\u00e3o dos recursos oferecido pelo governo federal.<\/strong><img decoding=\"async\" src=\"https:\/\/agenciabrasil.ebc.com.br\/ebc.png?id=1650882&amp;o=node\"><img decoding=\"async\" src=\"https:\/\/agenciabrasil.ebc.com.br\/ebc.gif?id=1650882&amp;o=node\"><\/p>\n\n\n\n<p>O benefici\u00e1rio que aderir \u00e0 proposta do Minist\u00e9rio da Previd\u00eancia Social vai come\u00e7ar a&nbsp;receber o pagamento dos valores descontados a partir do dia 24 de julho.&nbsp;<strong>Quem&nbsp;aderir ao acordo at\u00e9 segunda-feira, 21 de julho, j\u00e1 vai receber os valores na mesma semana.<\/strong><\/p>\n\n\n\n<p>O acordo diz respeito aos valores descontados entre mar\u00e7o de 2020 e mar\u00e7o de 2025. Assim, o benefici\u00e1rio n\u00e3o precisa recorrer \u00e0 Justi\u00e7a. Para tanto,&nbsp;<strong>aqueles que foram lesados podem acessar ao aplicativo Meu INSS ou ir a uma ag\u00eancia dos Correios. A ades\u00e3o \u00e9 gratuita e n\u00e3o exige envio de documentos.<\/strong><\/p>\n\n\n\n<p>Os recursos ser\u00e3o pagos aos pensionistas e aposentados que j\u00e1 questionaram os valores transferidos pelas associa\u00e7\u00f5es e, ap\u00f3s o prazo de 15 dias \u00fateis, n\u00e3o receberam retorno das entidades.<\/p>\n\n\n\n<p><a href=\"https:\/\/www.whatsapp.com\/channel\/0029VaoRTgrInlqYLSk59B2M\" target=\"_blank\" rel=\"noreferrer noopener\">&gt;&gt; Siga o canal da&nbsp;<strong>Ag\u00eancia Brasil&nbsp;<\/strong>no WhatsApp<\/a><\/p>\n\n\n\n<p>O INSS recebeu cerca de 3,8 milh\u00f5es de contesta\u00e7\u00f5es, sendo que tr\u00eas milh\u00f5es delas n\u00e3o receberam respostas de seus questionamentos por parte das entidades.<\/p>\n\n\n\n<p><strong>Os valores ser\u00e3o depositados na mesma conta onde o aposentado ou pensionista j\u00e1 recebe normalmente seu benef\u00edcio.<\/strong><\/p>\n\n\n\n<p>A partir do dia 24, ser\u00e3o processados diversos lotes di\u00e1rios de recursos com os repasses de modo que todos aqueles prejudicados sejam ressarcidos.<\/p>\n\n\n\n<p><strong>Os pensionistas e aposentados que ainda n\u00e3o contestaram os descontos ainda pode faz\u00ea-lo no aplicativo MEU INSS, pelo telefone 135, do Minist\u00e9rio da Previd\u00eancia Social, ou presencialmente nas ag\u00eancias dos Correios.&nbsp;<\/strong><\/p>\n\n\n\n<p>O acordo de devolu\u00e7\u00e3o dos valores foi homologado pelo Supremo Tribunal Federal (STF), resultado de um acordo entre o Minist\u00e9rio da Previd\u00eancia Social, o INSS, a Advocacia-Geral da Uni\u00e3o (AGU), o Minist\u00e9rio P\u00fablico Federal (MPF) e o Conselho Federal da Ordem dos Advogados do Brasil (OAB).<\/p>\n\n\n\n<p>Ag\u00eancia Brasil<br><\/p>\n","protected":false},"excerpt":{"rendered":"<p>Os aposentados e pensionistas do Instituto Nacional do Seguro Social (INSS) que tiveram descontos indevidos por entidades associativas t\u00eam at\u00e9 o dia 14 de novembro&nbsp;para aderir ao acordo de devolu\u00e7\u00e3o dos recursos oferecido pelo governo federal. O benefici\u00e1rio que aderir \u00e0 proposta do Minist\u00e9rio da Previd\u00eancia Social vai come\u00e7ar a&nbsp;receber o pagamento dos valores descontados [&hellip;]<\/p>\n","protected":false},"author":13,"featured_media":83985,"comment_status":"open","ping_status":"open","sticky":false,"template":"","format":"standard","meta":{"_acf_changed":false,"footnotes":""},"categories":[19,898,21],"tags":[],"class_list":["post-86302","post","type-post","status-publish","format-standard","has-post-thumbnail","hentry","category-brasil-mundo","category-manchete-segundaria","category-todas-noticias"],"acf":[],"yoast_head":"<!-- This site is optimized with the Yoast SEO plugin v24.4 - https:\/\/yoast.com\/wordpress\/plugins\/seo\/ -->\n<title>Aposentados t\u00eam at\u00e9 14 de novembro para aderir ao plano de devolu\u00e7\u00e3o - PORTAL DE NOT\u00cdCIAS CLEITON PINHEIRO<\/title>\n<meta name=\"robots\" content=\"index, follow, max-snippet:-1, max-image-preview:large, max-video-preview:-1\" \/>\n<link rel=\"canonical\" href=\"https:\/\/cleitonpinheiro.com.br\/site\/aposentados-tem-ate-14-de-novembro-para-aderir-ao-plano-de-devolucao\/\" \/>\n<meta property=\"og:locale\" content=\"pt_BR\" \/>\n<meta property=\"og:type\" content=\"article\" \/>\n<meta property=\"og:title\" content=\"Aposentados t\u00eam at\u00e9 14 de novembro para aderir ao plano de devolu\u00e7\u00e3o - PORTAL DE NOT\u00cdCIAS CLEITON PINHEIRO\" \/>\n<meta property=\"og:description\" content=\"Os aposentados e pensionistas do Instituto Nacional do Seguro Social (INSS) que tiveram descontos indevidos por entidades associativas t\u00eam at\u00e9 o dia 14 de novembro&nbsp;para aderir ao acordo de devolu\u00e7\u00e3o dos recursos oferecido pelo governo federal. O benefici\u00e1rio que aderir \u00e0 proposta do Minist\u00e9rio da Previd\u00eancia Social vai come\u00e7ar a&nbsp;receber o pagamento dos valores descontados [&hellip;]\" \/>\n<meta property=\"og:url\" content=\"https:\/\/cleitonpinheiro.com.br\/site\/aposentados-tem-ate-14-de-novembro-para-aderir-ao-plano-de-devolucao\/\" \/>\n<meta property=\"og:site_name\" content=\"PORTAL DE NOT\u00cdCIAS CLEITON PINHEIRO\" \/>\n<meta property=\"article:publisher\" content=\"https:\/\/www.facebook.com\/portalcpnoticias\/\" \/>\n<meta property=\"article:published_time\" content=\"2025-07-17T18:03:20+00:00\" \/>\n<meta property=\"article:modified_time\" content=\"2025-07-17T18:03:25+00:00\" \/>\n<meta property=\"og:image\" content=\"https:\/\/cleitonpinheiro.com.br\/site\/wp-content\/uploads\/2025\/01\/mc_previdencia_socialsantos_fc2108200888-1.webp\" \/>\n\t<meta property=\"og:image:width\" content=\"1170\" \/>\n\t<meta property=\"og:image:height\" content=\"700\" \/>\n\t<meta property=\"og:image:type\" content=\"image\/webp\" \/>\n<meta name=\"author\" content=\"Reda\u00e7\u00e3o CP\" \/>\n<meta name=\"twitter:card\" content=\"summary_large_image\" \/>\n<meta name=\"twitter:label1\" content=\"Escrito por\" \/>\n\t<meta name=\"twitter:data1\" content=\"Reda\u00e7\u00e3o CP\" \/>\n\t<meta name=\"twitter:label2\" content=\"Est. tempo de leitura\" \/>\n\t<meta name=\"twitter:data2\" content=\"3 minutos\" \/>\n<script type=\"application\/ld+json\" class=\"yoast-schema-graph\">{\"@context\":\"https:\/\/schema.org\",\"@graph\":[{\"@type\":\"Article\",\"@id\":\"https:\/\/cleitonpinheiro.com.br\/site\/aposentados-tem-ate-14-de-novembro-para-aderir-ao-plano-de-devolucao\/#article\",\"isPartOf\":{\"@id\":\"https:\/\/cleitonpinheiro.com.br\/site\/aposentados-tem-ate-14-de-novembro-para-aderir-ao-plano-de-devolucao\/\"},\"author\":{\"name\":\"Reda\u00e7\u00e3o CP\",\"@id\":\"https:\/\/cleitonpinheiro.com.br\/site\/#\/schema\/person\/8f04544e0bc40a1b68775b08360f87db\"},\"headline\":\"Aposentados t\u00eam at\u00e9 14 de novembro para aderir ao plano de devolu\u00e7\u00e3o\",\"datePublished\":\"2025-07-17T18:03:20+00:00\",\"dateModified\":\"2025-07-17T18:03:25+00:00\",\"mainEntityOfPage\":{\"@id\":\"https:\/\/cleitonpinheiro.com.br\/site\/aposentados-tem-ate-14-de-novembro-para-aderir-ao-plano-de-devolucao\/\"},\"wordCount\":369,\"commentCount\":0,\"publisher\":{\"@id\":\"https:\/\/cleitonpinheiro.com.br\/site\/#organization\"},\"image\":{\"@id\":\"https:\/\/cleitonpinheiro.com.br\/site\/aposentados-tem-ate-14-de-novembro-para-aderir-ao-plano-de-devolucao\/#primaryimage\"},\"thumbnailUrl\":\"https:\/\/cleitonpinheiro.com.br\/site\/wp-content\/uploads\/2025\/01\/mc_previdencia_socialsantos_fc2108200888-1.webp\",\"articleSection\":[\"BRASIL \/ MUNDO\",\"MANCHETE SEGUND\u00c1RIA\",\"TODAS NOTICIAS\"],\"inLanguage\":\"pt-BR\",\"potentialAction\":[{\"@type\":\"CommentAction\",\"name\":\"Comment\",\"target\":[\"https:\/\/cleitonpinheiro.com.br\/site\/aposentados-tem-ate-14-de-novembro-para-aderir-ao-plano-de-devolucao\/#respond\"]}]},{\"@type\":\"WebPage\",\"@id\":\"https:\/\/cleitonpinheiro.com.br\/site\/aposentados-tem-ate-14-de-novembro-para-aderir-ao-plano-de-devolucao\/\",\"url\":\"https:\/\/cleitonpinheiro.com.br\/site\/aposentados-tem-ate-14-de-novembro-para-aderir-ao-plano-de-devolucao\/\",\"name\":\"Aposentados t\u00eam at\u00e9 14 de novembro para aderir ao plano de devolu\u00e7\u00e3o - PORTAL DE NOT\u00cdCIAS CLEITON PINHEIRO\",\"isPartOf\":{\"@id\":\"https:\/\/cleitonpinheiro.com.br\/site\/#website\"},\"primaryImageOfPage\":{\"@id\":\"https:\/\/cleitonpinheiro.com.br\/site\/aposentados-tem-ate-14-de-novembro-para-aderir-ao-plano-de-devolucao\/#primaryimage\"},\"image\":{\"@id\":\"https:\/\/cleitonpinheiro.com.br\/site\/aposentados-tem-ate-14-de-novembro-para-aderir-ao-plano-de-devolucao\/#primaryimage\"},\"thumbnailUrl\":\"https:\/\/cleitonpinheiro.com.br\/site\/wp-content\/uploads\/2025\/01\/mc_previdencia_socialsantos_fc2108200888-1.webp\",\"datePublished\":\"2025-07-17T18:03:20+00:00\",\"dateModified\":\"2025-07-17T18:03:25+00:00\",\"breadcrumb\":{\"@id\":\"https:\/\/cleitonpinheiro.com.br\/site\/aposentados-tem-ate-14-de-novembro-para-aderir-ao-plano-de-devolucao\/#breadcrumb\"},\"inLanguage\":\"pt-BR\",\"potentialAction\":[{\"@type\":\"ReadAction\",\"target\":[\"https:\/\/cleitonpinheiro.com.br\/site\/aposentados-tem-ate-14-de-novembro-para-aderir-ao-plano-de-devolucao\/\"]}]},{\"@type\":\"ImageObject\",\"inLanguage\":\"pt-BR\",\"@id\":\"https:\/\/cleitonpinheiro.com.br\/site\/aposentados-tem-ate-14-de-novembro-para-aderir-ao-plano-de-devolucao\/#primaryimage\",\"url\":\"https:\/\/cleitonpinheiro.com.br\/site\/wp-content\/uploads\/2025\/01\/mc_previdencia_socialsantos_fc2108200888-1.webp\",\"contentUrl\":\"https:\/\/cleitonpinheiro.com.br\/site\/wp-content\/uploads\/2025\/01\/mc_previdencia_socialsantos_fc2108200888-1.webp\",\"width\":1170,\"height\":700,\"caption\":\"\u00a9 Marcello Casal JrAg\u00eancia Brasil\"},{\"@type\":\"BreadcrumbList\",\"@id\":\"https:\/\/cleitonpinheiro.com.br\/site\/aposentados-tem-ate-14-de-novembro-para-aderir-ao-plano-de-devolucao\/#breadcrumb\",\"itemListElement\":[{\"@type\":\"ListItem\",\"position\":1,\"name\":\"In\u00edcio\",\"item\":\"https:\/\/cleitonpinheiro.com.br\/site\/\"},{\"@type\":\"ListItem\",\"position\":2,\"name\":\"Aposentados t\u00eam at\u00e9 14 de novembro para aderir ao plano de devolu\u00e7\u00e3o\"}]},{\"@type\":\"WebSite\",\"@id\":\"https:\/\/cleitonpinheiro.com.br\/site\/#website\",\"url\":\"https:\/\/cleitonpinheiro.com.br\/site\/\",\"name\":\"PORTAL DE NOT\u00cdCIAS CLEITON PINHEIRO\",\"description\":\"FALANDO A VERDADE\",\"publisher\":{\"@id\":\"https:\/\/cleitonpinheiro.com.br\/site\/#organization\"},\"potentialAction\":[{\"@type\":\"SearchAction\",\"target\":{\"@type\":\"EntryPoint\",\"urlTemplate\":\"https:\/\/cleitonpinheiro.com.br\/site\/?s={search_term_string}\"},\"query-input\":{\"@type\":\"PropertyValueSpecification\",\"valueRequired\":true,\"valueName\":\"search_term_string\"}}],\"inLanguage\":\"pt-BR\"},{\"@type\":\"Organization\",\"@id\":\"https:\/\/cleitonpinheiro.com.br\/site\/#organization\",\"name\":\"CPNOT\u00cdCIAS\",\"url\":\"https:\/\/cleitonpinheiro.com.br\/site\/\",\"logo\":{\"@type\":\"ImageObject\",\"inLanguage\":\"pt-BR\",\"@id\":\"https:\/\/cleitonpinheiro.com.br\/site\/#\/schema\/logo\/image\/\",\"url\":\"https:\/\/cleitonpinheiro.com.br\/site\/wp-content\/uploads\/2022\/08\/Logo-pequena-2.png\",\"contentUrl\":\"https:\/\/cleitonpinheiro.com.br\/site\/wp-content\/uploads\/2022\/08\/Logo-pequena-2.png\",\"width\":500,\"height\":500,\"caption\":\"CPNOT\u00cdCIAS\"},\"image\":{\"@id\":\"https:\/\/cleitonpinheiro.com.br\/site\/#\/schema\/logo\/image\/\"},\"sameAs\":[\"https:\/\/www.facebook.com\/portalcpnoticias\/\"]},{\"@type\":\"Person\",\"@id\":\"https:\/\/cleitonpinheiro.com.br\/site\/#\/schema\/person\/8f04544e0bc40a1b68775b08360f87db\",\"name\":\"Reda\u00e7\u00e3o CP\",\"image\":{\"@type\":\"ImageObject\",\"inLanguage\":\"pt-BR\",\"@id\":\"https:\/\/cleitonpinheiro.com.br\/site\/#\/schema\/person\/image\/\",\"url\":\"https:\/\/secure.gravatar.com\/avatar\/0bcf19cb29fdc8fc588c490c7ae1b3e174dac268586a63fbe1d1893a0f9020cd?s=96&r=g\",\"contentUrl\":\"https:\/\/secure.gravatar.com\/avatar\/0bcf19cb29fdc8fc588c490c7ae1b3e174dac268586a63fbe1d1893a0f9020cd?s=96&r=g\",\"caption\":\"Reda\u00e7\u00e3o CP\"},\"url\":\"https:\/\/cleitonpinheiro.com.br\/site\/author\/redacao\/\"}]}<\/script>\n<!-- \/ Yoast SEO plugin. -->","yoast_head_json":{"title":"Aposentados t\u00eam at\u00e9 14 de novembro para aderir ao plano de devolu\u00e7\u00e3o - PORTAL DE NOT\u00cdCIAS CLEITON PINHEIRO","robots":{"index":"index","follow":"follow","max-snippet":"max-snippet:-1","max-image-preview":"max-image-preview:large","max-video-preview":"max-video-preview:-1"},"canonical":"https:\/\/cleitonpinheiro.com.br\/site\/aposentados-tem-ate-14-de-novembro-para-aderir-ao-plano-de-devolucao\/","og_locale":"pt_BR","og_type":"article","og_title":"Aposentados t\u00eam at\u00e9 14 de novembro para aderir ao plano de devolu\u00e7\u00e3o - PORTAL DE NOT\u00cdCIAS CLEITON PINHEIRO","og_description":"Os aposentados e pensionistas do Instituto Nacional do Seguro Social (INSS) que tiveram descontos indevidos por entidades associativas t\u00eam at\u00e9 o dia 14 de novembro&nbsp;para aderir ao acordo de devolu\u00e7\u00e3o dos recursos oferecido pelo governo federal. O benefici\u00e1rio que aderir \u00e0 proposta do Minist\u00e9rio da Previd\u00eancia Social vai come\u00e7ar a&nbsp;receber o pagamento dos valores descontados [&hellip;]","og_url":"https:\/\/cleitonpinheiro.com.br\/site\/aposentados-tem-ate-14-de-novembro-para-aderir-ao-plano-de-devolucao\/","og_site_name":"PORTAL DE NOT\u00cdCIAS CLEITON PINHEIRO","article_publisher":"https:\/\/www.facebook.com\/portalcpnoticias\/","article_published_time":"2025-07-17T18:03:20+00:00","article_modified_time":"2025-07-17T18:03:25+00:00","og_image":[{"width":1170,"height":700,"url":"https:\/\/cleitonpinheiro.com.br\/site\/wp-content\/uploads\/2025\/01\/mc_previdencia_socialsantos_fc2108200888-1.webp","type":"image\/webp"}],"author":"Reda\u00e7\u00e3o CP","twitter_card":"summary_large_image","twitter_misc":{"Escrito por":"Reda\u00e7\u00e3o CP","Est. tempo de leitura":"3 minutos"},"schema":{"@context":"https:\/\/schema.org","@graph":[{"@type":"Article","@id":"https:\/\/cleitonpinheiro.com.br\/site\/aposentados-tem-ate-14-de-novembro-para-aderir-ao-plano-de-devolucao\/#article","isPartOf":{"@id":"https:\/\/cleitonpinheiro.com.br\/site\/aposentados-tem-ate-14-de-novembro-para-aderir-ao-plano-de-devolucao\/"},"author":{"name":"Reda\u00e7\u00e3o CP","@id":"https:\/\/cleitonpinheiro.com.br\/site\/#\/schema\/person\/8f04544e0bc40a1b68775b08360f87db"},"headline":"Aposentados t\u00eam at\u00e9 14 de novembro para aderir ao plano de devolu\u00e7\u00e3o","datePublished":"2025-07-17T18:03:20+00:00","dateModified":"2025-07-17T18:03:25+00:00","mainEntityOfPage":{"@id":"https:\/\/cleitonpinheiro.com.br\/site\/aposentados-tem-ate-14-de-novembro-para-aderir-ao-plano-de-devolucao\/"},"wordCount":369,"commentCount":0,"publisher":{"@id":"https:\/\/cleitonpinheiro.com.br\/site\/#organization"},"image":{"@id":"https:\/\/cleitonpinheiro.com.br\/site\/aposentados-tem-ate-14-de-novembro-para-aderir-ao-plano-de-devolucao\/#primaryimage"},"thumbnailUrl":"https:\/\/cleitonpinheiro.com.br\/site\/wp-content\/uploads\/2025\/01\/mc_previdencia_socialsantos_fc2108200888-1.webp","articleSection":["BRASIL \/ MUNDO","MANCHETE SEGUND\u00c1RIA","TODAS NOTICIAS"],"inLanguage":"pt-BR","potentialAction":[{"@type":"CommentAction","name":"Comment","target":["https:\/\/cleitonpinheiro.com.br\/site\/aposentados-tem-ate-14-de-novembro-para-aderir-ao-plano-de-devolucao\/#respond"]}]},{"@type":"WebPage","@id":"https:\/\/cleitonpinheiro.com.br\/site\/aposentados-tem-ate-14-de-novembro-para-aderir-ao-plano-de-devolucao\/","url":"https:\/\/cleitonpinheiro.com.br\/site\/aposentados-tem-ate-14-de-novembro-para-aderir-ao-plano-de-devolucao\/","name":"Aposentados t\u00eam at\u00e9 14 de novembro para aderir ao plano de devolu\u00e7\u00e3o - PORTAL DE NOT\u00cdCIAS CLEITON PINHEIRO","isPartOf":{"@id":"https:\/\/cleitonpinheiro.com.br\/site\/#website"},"primaryImageOfPage":{"@id":"https:\/\/cleitonpinheiro.com.br\/site\/aposentados-tem-ate-14-de-novembro-para-aderir-ao-plano-de-devolucao\/#primaryimage"},"image":{"@id":"https:\/\/cleitonpinheiro.com.br\/site\/aposentados-tem-ate-14-de-novembro-para-aderir-ao-plano-de-devolucao\/#primaryimage"},"thumbnailUrl":"https:\/\/cleitonpinheiro.com.br\/site\/wp-content\/uploads\/2025\/01\/mc_previdencia_socialsantos_fc2108200888-1.webp","datePublished":"2025-07-17T18:03:20+00:00","dateModified":"2025-07-17T18:03:25+00:00","breadcrumb":{"@id":"https:\/\/cleitonpinheiro.com.br\/site\/aposentados-tem-ate-14-de-novembro-para-aderir-ao-plano-de-devolucao\/#breadcrumb"},"inLanguage":"pt-BR","potentialAction":[{"@type":"ReadAction","target":["https:\/\/cleitonpinheiro.com.br\/site\/aposentados-tem-ate-14-de-novembro-para-aderir-ao-plano-de-devolucao\/"]}]},{"@type":"ImageObject","inLanguage":"pt-BR","@id":"https:\/\/cleitonpinheiro.com.br\/site\/aposentados-tem-ate-14-de-novembro-para-aderir-ao-plano-de-devolucao\/#primaryimage","url":"https:\/\/cleitonpinheiro.com.br\/site\/wp-content\/uploads\/2025\/01\/mc_previdencia_socialsantos_fc2108200888-1.webp","contentUrl":"https:\/\/cleitonpinheiro.com.br\/site\/wp-content\/uploads\/2025\/01\/mc_previdencia_socialsantos_fc2108200888-1.webp","width":1170,"height":700,"caption":"\u00a9 Marcello Casal JrAg\u00eancia Brasil"},{"@type":"BreadcrumbList","@id":"https:\/\/cleitonpinheiro.com.br\/site\/aposentados-tem-ate-14-de-novembro-para-aderir-ao-plano-de-devolucao\/#breadcrumb","itemListElement":[{"@type":"ListItem","position":1,"name":"In\u00edcio","item":"https:\/\/cleitonpinheiro.com.br\/site\/"},{"@type":"ListItem","position":2,"name":"Aposentados t\u00eam at\u00e9 14 de novembro para aderir ao plano de devolu\u00e7\u00e3o"}]},{"@type":"WebSite","@id":"https:\/\/cleitonpinheiro.com.br\/site\/#website","url":"https:\/\/cleitonpinheiro.com.br\/site\/","name":"PORTAL DE NOT\u00cdCIAS CLEITON PINHEIRO","description":"FALANDO A VERDADE","publisher":{"@id":"https:\/\/cleitonpinheiro.com.br\/site\/#organization"},"potentialAction":[{"@type":"SearchAction","target":{"@type":"EntryPoint","urlTemplate":"https:\/\/cleitonpinheiro.com.br\/site\/?s={search_term_string}"},"query-input":{"@type":"PropertyValueSpecification","valueRequired":true,"valueName":"search_term_string"}}],"inLanguage":"pt-BR"},{"@type":"Organization","@id":"https:\/\/cleitonpinheiro.com.br\/site\/#organization","name":"CPNOT\u00cdCIAS","url":"https:\/\/cleitonpinheiro.com.br\/site\/","logo":{"@type":"ImageObject","inLanguage":"pt-BR","@id":"https:\/\/cleitonpinheiro.com.br\/site\/#\/schema\/logo\/image\/","url":"https:\/\/cleitonpinheiro.com.br\/site\/wp-content\/uploads\/2022\/08\/Logo-pequena-2.png","contentUrl":"https:\/\/cleitonpinheiro.com.br\/site\/wp-content\/uploads\/2022\/08\/Logo-pequena-2.png","width":500,"height":500,"caption":"CPNOT\u00cdCIAS"},"image":{"@id":"https:\/\/cleitonpinheiro.com.br\/site\/#\/schema\/logo\/image\/"},"sameAs":["https:\/\/www.facebook.com\/portalcpnoticias\/"]},{"@type":"Person","@id":"https:\/\/cleitonpinheiro.com.br\/site\/#\/schema\/person\/8f04544e0bc40a1b68775b08360f87db","name":"Reda\u00e7\u00e3o CP","image":{"@type":"ImageObject","inLanguage":"pt-BR","@id":"https:\/\/cleitonpinheiro.com.br\/site\/#\/schema\/person\/image\/","url":"https:\/\/secure.gravatar.com\/avatar\/0bcf19cb29fdc8fc588c490c7ae1b3e174dac268586a63fbe1d1893a0f9020cd?s=96&r=g","contentUrl":"https:\/\/secure.gravatar.com\/avatar\/0bcf19cb29fdc8fc588c490c7ae1b3e174dac268586a63fbe1d1893a0f9020cd?s=96&r=g","caption":"Reda\u00e7\u00e3o CP"},"url":"https:\/\/cleitonpinheiro.com.br\/site\/author\/redacao\/"}]}},"views":131,"_links":{"self":[{"href":"https:\/\/cleitonpinheiro.com.br\/site\/wp-json\/wp\/v2\/posts\/86302","targetHints":{"allow":["GET"]}}],"collection":[{"href":"https:\/\/cleitonpinheiro.com.br\/site\/wp-json\/wp\/v2\/posts"}],"about":[{"href":"https:\/\/cleitonpinheiro.com.br\/site\/wp-json\/wp\/v2\/types\/post"}],"author":[{"embeddable":true,"href":"https:\/\/cleitonpinheiro.com.br\/site\/wp-json\/wp\/v2\/users\/13"}],"replies":[{"embeddable":true,"href":"https:\/\/cleitonpinheiro.com.br\/site\/wp-json\/wp\/v2\/comments?post=86302"}],"version-history":[{"count":1,"href":"https:\/\/cleitonpinheiro.com.br\/site\/wp-json\/wp\/v2\/posts\/86302\/revisions"}],"predecessor-version":[{"id":86303,"href":"https:\/\/cleitonpinheiro.com.br\/site\/wp-json\/wp\/v2\/posts\/86302\/revisions\/86303"}],"wp:featuredmedia":[{"embeddable":true,"href":"https:\/\/cleitonpinheiro.com.br\/site\/wp-json\/wp\/v2\/media\/83985"}],"wp:attachment":[{"href":"https:\/\/cleitonpinheiro.com.br\/site\/wp-json\/wp\/v2\/media?parent=86302"}],"wp:term":[{"taxonomy":"category","embeddable":true,"href":"https:\/\/cleitonpinheiro.com.br\/site\/wp-json\/wp\/v2\/categories?post=86302"},{"taxonomy":"post_tag","embeddable":true,"href":"https:\/\/cleitonpinheiro.com.br\/site\/wp-json\/wp\/v2\/tags?post=86302"}],"curies":[{"name":"wp","href":"https:\/\/api.w.org\/{rel}","templated":true}]}}