{"id":86304,"date":"2025-07-17T15:05:51","date_gmt":"2025-07-17T18:05:51","guid":{"rendered":"https:\/\/cleitonpinheiro.com.br\/site\/?p=86304"},"modified":"2025-07-17T15:05:55","modified_gmt":"2025-07-17T18:05:55","slug":"lideres-do-pt-pedem-prisao-de-eduardo-bolsonaro-ao-stf","status":"publish","type":"post","link":"https:\/\/cleitonpinheiro.com.br\/site\/lideres-do-pt-pedem-prisao-de-eduardo-bolsonaro-ao-stf\/","title":{"rendered":"L\u00edderes do PT pedem pris\u00e3o de Eduardo Bolsonaro ao STF"},"content":{"rendered":"\n<figure class=\"wp-block-image size-large\"><img fetchpriority=\"high\" decoding=\"async\" width=\"1024\" height=\"613\" src=\"https:\/\/cleitonpinheiro.com.br\/site\/wp-content\/uploads\/2025\/07\/lula6792-1024x613.webp\" alt=\"\" class=\"wp-image-86305\" srcset=\"https:\/\/cleitonpinheiro.com.br\/site\/wp-content\/uploads\/2025\/07\/lula6792-1024x613.webp 1024w, https:\/\/cleitonpinheiro.com.br\/site\/wp-content\/uploads\/2025\/07\/lula6792-300x179.webp 300w, https:\/\/cleitonpinheiro.com.br\/site\/wp-content\/uploads\/2025\/07\/lula6792-768x459.webp 768w, https:\/\/cleitonpinheiro.com.br\/site\/wp-content\/uploads\/2025\/07\/lula6792.webp 1170w\" sizes=\"(max-width: 1024px) 100vw, 1024px\" \/><figcaption class=\"wp-element-caption\">\u00a9 Lula Marques\/ Ag\u00eancia Brasil\n<\/figcaption><\/figure>\n\n\n\n<p>Os l\u00edderes do PT no Congresso pediram nesta quinta-feira (17) ao ministro Alexandre de Moraes, do Supremo Tribunal Federal (STF), a pris\u00e3o do deputado federal licenciado Eduardo Bolsonaro (PL-SP).<img decoding=\"async\" src=\"https:\/\/agenciabrasil.ebc.com.br\/ebc.png?id=1651132&amp;o=node\"><img decoding=\"async\" src=\"https:\/\/agenciabrasil.ebc.com.br\/ebc.gif?id=1651132&amp;o=node\"><\/p>\n\n\n\n<p><strong>O pedido \u00e9 assinado pelo deputado Lindbergh Farias (RJ) e pelo&nbsp;senador Randolfe Rodrigues (AP).&nbsp;<\/strong>O documento&nbsp;foi anexado ao inqu\u00e9rito no qual o filho do ex-presidente Jair Bolsonaro \u00e9 investigado pela sua atua\u00e7\u00e3o junto ao governo do presidente dos Estados Unidos, Donald Trump, para promover medidas de retalia\u00e7\u00e3o contra o governo brasileiro e ministros do Supremo.<\/p>\n\n\n\n<p>Em mar\u00e7o deste ano, Eduardo pediu licen\u00e7a do mandato parlamentar e foi morar nos Estados Unidos, sob a alega\u00e7\u00e3o de persegui\u00e7\u00e3o pol\u00edtica.<strong>&nbsp;A licen\u00e7a termina no pr\u00f3ximo domingo (20).<\/strong><\/p>\n\n\n\n<p><strong>Os parlamentares sustentam que a decreta\u00e7\u00e3o da pris\u00e3o \u00e9 necess\u00e1ria para manter a ordem p\u00fablica diante de condutas antidemocr\u00e1ticas e de est\u00edmulo a \u201catos atentat\u00f3rios \u00e0 soberania nacional\u201d.<\/strong><\/p>\n\n\n\n<p><a href=\"https:\/\/www.whatsapp.com\/channel\/0029VaoRTgrInlqYLSk59B2M\" target=\"_blank\" rel=\"noreferrer noopener\">&gt;&gt; Siga o canal da&nbsp;<strong>Ag\u00eancia Brasil&nbsp;<\/strong>no WhatsApp<\/a><\/p>\n\n\n\n<p>\u201cNo caso concreto, os elementos j\u00e1 constantes nos autos, acrescidos dos novos documentos e manifesta\u00e7\u00f5es p\u00fablicas de Eduardo Bolsonaro, consubstanciam quadro robusto de ind\u00edcios de autoria e materialidade delitiva\u201d, afirmam os l\u00edderes.<\/p>\n\n\n\n<p><strong>Lindbergh e Randolfe tamb\u00e9m pediram a inclus\u00e3o de Jair Bolsonaro e do blogueiro Paulo Figueiredo nas investiga\u00e7\u00f5es pelo apoio \u00e0s medidas decretadas por Trump, como a taxa\u00e7\u00e3o de 50% das exporta\u00e7\u00f5es brasileiras.<\/strong><\/p>\n\n\n\n<p>\u201cAcresce-se aos fundamentos j\u00e1 expostos a revela\u00e7\u00e3o de novos atos e manifesta\u00e7\u00f5es que indicam a continuidade e a escalada da conduta criminosa perpetrada por Eduardo Bolsonaro, agora com ind\u00edcios claros de coautoria e associa\u00e7\u00e3o com Jair Bolsonaro e o influenciador Paulo Figueiredo em estrat\u00e9gias de press\u00e3o internacional contra o Supremo Tribunal Federal\u201d, disseram os parlamentares.<\/p>\n\n\n\n<p>Na semana passada, o inqu\u00e9rito que investiga Eduardo Bolsonaro&nbsp;<a href=\"https:\/\/agenciabrasil.ebc.com.br\/justica\/noticia\/2025-07\/moraes-prorroga-inquerito-que-investiga-eduardo-bolsonaro\" target=\"_blank\" rel=\"noreferrer noopener\">foi prorrogado por&nbsp;60 dias<\/a>. Na decis\u00e3o, Alexandre de Moraes disse que o&nbsp;<a href=\"https:\/\/agenciabrasil.ebc.com.br\/justica\/noticia\/2025-07\/moraes-diz-que-eduardo-bolsonaro-interfere-em-processo-na-corte\" target=\"_blank\" rel=\"noreferrer noopener\">deputado continua interferindo<\/a>&nbsp;no andamento da a\u00e7\u00e3o penal da trama golpista.<\/p>\n\n\n\n<p>Andr\u00e9 Richter &#8211; Rep\u00f3rter da Ag\u00eancia Brasil<br><\/p>\n","protected":false},"excerpt":{"rendered":"<p>Os l\u00edderes do PT no Congresso pediram nesta quinta-feira (17) ao ministro Alexandre de Moraes, do Supremo Tribunal Federal (STF), a pris\u00e3o do deputado federal licenciado Eduardo Bolsonaro (PL-SP). O pedido \u00e9 assinado pelo deputado Lindbergh Farias (RJ) e pelo&nbsp;senador Randolfe Rodrigues (AP).&nbsp;O documento&nbsp;foi anexado ao inqu\u00e9rito no qual o filho do ex-presidente Jair Bolsonaro [&hellip;]<\/p>\n","protected":false},"author":13,"featured_media":86305,"comment_status":"open","ping_status":"open","sticky":false,"template":"","format":"standard","meta":{"_acf_changed":false,"footnotes":""},"categories":[898,23,21],"tags":[],"class_list":["post-86304","post","type-post","status-publish","format-standard","has-post-thumbnail","hentry","category-manchete-segundaria","category-politica","category-todas-noticias"],"acf":[],"yoast_head":"<!-- This site is optimized with the Yoast SEO plugin v24.4 - https:\/\/yoast.com\/wordpress\/plugins\/seo\/ -->\n<title>L\u00edderes do PT pedem pris\u00e3o de Eduardo Bolsonaro ao STF - PORTAL DE NOT\u00cdCIAS CLEITON PINHEIRO<\/title>\n<meta name=\"robots\" content=\"index, follow, max-snippet:-1, max-image-preview:large, max-video-preview:-1\" \/>\n<link rel=\"canonical\" href=\"https:\/\/cleitonpinheiro.com.br\/site\/lideres-do-pt-pedem-prisao-de-eduardo-bolsonaro-ao-stf\/\" \/>\n<meta property=\"og:locale\" content=\"pt_BR\" \/>\n<meta property=\"og:type\" content=\"article\" \/>\n<meta property=\"og:title\" content=\"L\u00edderes do PT pedem pris\u00e3o de Eduardo Bolsonaro ao STF - PORTAL DE NOT\u00cdCIAS CLEITON PINHEIRO\" \/>\n<meta property=\"og:description\" content=\"Os l\u00edderes do PT no Congresso pediram nesta quinta-feira (17) ao ministro Alexandre de Moraes, do Supremo Tribunal Federal (STF), a pris\u00e3o do deputado federal licenciado Eduardo Bolsonaro (PL-SP). O pedido \u00e9 assinado pelo deputado Lindbergh Farias (RJ) e pelo&nbsp;senador Randolfe Rodrigues (AP).&nbsp;O documento&nbsp;foi anexado ao inqu\u00e9rito no qual o filho do ex-presidente Jair Bolsonaro [&hellip;]\" \/>\n<meta property=\"og:url\" content=\"https:\/\/cleitonpinheiro.com.br\/site\/lideres-do-pt-pedem-prisao-de-eduardo-bolsonaro-ao-stf\/\" \/>\n<meta property=\"og:site_name\" content=\"PORTAL DE NOT\u00cdCIAS CLEITON PINHEIRO\" \/>\n<meta property=\"article:publisher\" content=\"https:\/\/www.facebook.com\/portalcpnoticias\/\" \/>\n<meta property=\"article:published_time\" content=\"2025-07-17T18:05:51+00:00\" \/>\n<meta property=\"article:modified_time\" content=\"2025-07-17T18:05:55+00:00\" \/>\n<meta property=\"og:image\" content=\"https:\/\/cleitonpinheiro.com.br\/site\/wp-content\/uploads\/2025\/07\/lula6792.webp\" \/>\n\t<meta property=\"og:image:width\" content=\"1170\" \/>\n\t<meta property=\"og:image:height\" content=\"700\" \/>\n\t<meta property=\"og:image:type\" content=\"image\/webp\" \/>\n<meta name=\"author\" content=\"Reda\u00e7\u00e3o CP\" \/>\n<meta name=\"twitter:card\" content=\"summary_large_image\" \/>\n<meta name=\"twitter:label1\" content=\"Escrito por\" \/>\n\t<meta name=\"twitter:data1\" content=\"Reda\u00e7\u00e3o CP\" \/>\n\t<meta name=\"twitter:label2\" content=\"Est. tempo de leitura\" \/>\n\t<meta name=\"twitter:data2\" content=\"3 minutos\" \/>\n<script type=\"application\/ld+json\" class=\"yoast-schema-graph\">{\"@context\":\"https:\/\/schema.org\",\"@graph\":[{\"@type\":\"Article\",\"@id\":\"https:\/\/cleitonpinheiro.com.br\/site\/lideres-do-pt-pedem-prisao-de-eduardo-bolsonaro-ao-stf\/#article\",\"isPartOf\":{\"@id\":\"https:\/\/cleitonpinheiro.com.br\/site\/lideres-do-pt-pedem-prisao-de-eduardo-bolsonaro-ao-stf\/\"},\"author\":{\"name\":\"Reda\u00e7\u00e3o CP\",\"@id\":\"https:\/\/cleitonpinheiro.com.br\/site\/#\/schema\/person\/8f04544e0bc40a1b68775b08360f87db\"},\"headline\":\"L\u00edderes do PT pedem pris\u00e3o de Eduardo Bolsonaro ao STF\",\"datePublished\":\"2025-07-17T18:05:51+00:00\",\"dateModified\":\"2025-07-17T18:05:55+00:00\",\"mainEntityOfPage\":{\"@id\":\"https:\/\/cleitonpinheiro.com.br\/site\/lideres-do-pt-pedem-prisao-de-eduardo-bolsonaro-ao-stf\/\"},\"wordCount\":371,\"commentCount\":0,\"publisher\":{\"@id\":\"https:\/\/cleitonpinheiro.com.br\/site\/#organization\"},\"image\":{\"@id\":\"https:\/\/cleitonpinheiro.com.br\/site\/lideres-do-pt-pedem-prisao-de-eduardo-bolsonaro-ao-stf\/#primaryimage\"},\"thumbnailUrl\":\"https:\/\/cleitonpinheiro.com.br\/site\/wp-content\/uploads\/2025\/07\/lula6792.webp\",\"articleSection\":[\"MANCHETE SEGUND\u00c1RIA\",\"POL\u00cdTICA\",\"TODAS NOTICIAS\"],\"inLanguage\":\"pt-BR\",\"potentialAction\":[{\"@type\":\"CommentAction\",\"name\":\"Comment\",\"target\":[\"https:\/\/cleitonpinheiro.com.br\/site\/lideres-do-pt-pedem-prisao-de-eduardo-bolsonaro-ao-stf\/#respond\"]}]},{\"@type\":\"WebPage\",\"@id\":\"https:\/\/cleitonpinheiro.com.br\/site\/lideres-do-pt-pedem-prisao-de-eduardo-bolsonaro-ao-stf\/\",\"url\":\"https:\/\/cleitonpinheiro.com.br\/site\/lideres-do-pt-pedem-prisao-de-eduardo-bolsonaro-ao-stf\/\",\"name\":\"L\u00edderes do PT pedem pris\u00e3o de Eduardo Bolsonaro ao STF - PORTAL DE NOT\u00cdCIAS CLEITON PINHEIRO\",\"isPartOf\":{\"@id\":\"https:\/\/cleitonpinheiro.com.br\/site\/#website\"},\"primaryImageOfPage\":{\"@id\":\"https:\/\/cleitonpinheiro.com.br\/site\/lideres-do-pt-pedem-prisao-de-eduardo-bolsonaro-ao-stf\/#primaryimage\"},\"image\":{\"@id\":\"https:\/\/cleitonpinheiro.com.br\/site\/lideres-do-pt-pedem-prisao-de-eduardo-bolsonaro-ao-stf\/#primaryimage\"},\"thumbnailUrl\":\"https:\/\/cleitonpinheiro.com.br\/site\/wp-content\/uploads\/2025\/07\/lula6792.webp\",\"datePublished\":\"2025-07-17T18:05:51+00:00\",\"dateModified\":\"2025-07-17T18:05:55+00:00\",\"breadcrumb\":{\"@id\":\"https:\/\/cleitonpinheiro.com.br\/site\/lideres-do-pt-pedem-prisao-de-eduardo-bolsonaro-ao-stf\/#breadcrumb\"},\"inLanguage\":\"pt-BR\",\"potentialAction\":[{\"@type\":\"ReadAction\",\"target\":[\"https:\/\/cleitonpinheiro.com.br\/site\/lideres-do-pt-pedem-prisao-de-eduardo-bolsonaro-ao-stf\/\"]}]},{\"@type\":\"ImageObject\",\"inLanguage\":\"pt-BR\",\"@id\":\"https:\/\/cleitonpinheiro.com.br\/site\/lideres-do-pt-pedem-prisao-de-eduardo-bolsonaro-ao-stf\/#primaryimage\",\"url\":\"https:\/\/cleitonpinheiro.com.br\/site\/wp-content\/uploads\/2025\/07\/lula6792.webp\",\"contentUrl\":\"https:\/\/cleitonpinheiro.com.br\/site\/wp-content\/uploads\/2025\/07\/lula6792.webp\",\"width\":1170,\"height\":700,\"caption\":\"\u00a9 Lula Marques\/ Ag\u00eancia Brasil\"},{\"@type\":\"BreadcrumbList\",\"@id\":\"https:\/\/cleitonpinheiro.com.br\/site\/lideres-do-pt-pedem-prisao-de-eduardo-bolsonaro-ao-stf\/#breadcrumb\",\"itemListElement\":[{\"@type\":\"ListItem\",\"position\":1,\"name\":\"In\u00edcio\",\"item\":\"https:\/\/cleitonpinheiro.com.br\/site\/\"},{\"@type\":\"ListItem\",\"position\":2,\"name\":\"L\u00edderes do PT pedem pris\u00e3o de Eduardo Bolsonaro ao STF\"}]},{\"@type\":\"WebSite\",\"@id\":\"https:\/\/cleitonpinheiro.com.br\/site\/#website\",\"url\":\"https:\/\/cleitonpinheiro.com.br\/site\/\",\"name\":\"PORTAL DE NOT\u00cdCIAS CLEITON PINHEIRO\",\"description\":\"FALANDO A VERDADE\",\"publisher\":{\"@id\":\"https:\/\/cleitonpinheiro.com.br\/site\/#organization\"},\"potentialAction\":[{\"@type\":\"SearchAction\",\"target\":{\"@type\":\"EntryPoint\",\"urlTemplate\":\"https:\/\/cleitonpinheiro.com.br\/site\/?s={search_term_string}\"},\"query-input\":{\"@type\":\"PropertyValueSpecification\",\"valueRequired\":true,\"valueName\":\"search_term_string\"}}],\"inLanguage\":\"pt-BR\"},{\"@type\":\"Organization\",\"@id\":\"https:\/\/cleitonpinheiro.com.br\/site\/#organization\",\"name\":\"CPNOT\u00cdCIAS\",\"url\":\"https:\/\/cleitonpinheiro.com.br\/site\/\",\"logo\":{\"@type\":\"ImageObject\",\"inLanguage\":\"pt-BR\",\"@id\":\"https:\/\/cleitonpinheiro.com.br\/site\/#\/schema\/logo\/image\/\",\"url\":\"https:\/\/cleitonpinheiro.com.br\/site\/wp-content\/uploads\/2022\/08\/Logo-pequena-2.png\",\"contentUrl\":\"https:\/\/cleitonpinheiro.com.br\/site\/wp-content\/uploads\/2022\/08\/Logo-pequena-2.png\",\"width\":500,\"height\":500,\"caption\":\"CPNOT\u00cdCIAS\"},\"image\":{\"@id\":\"https:\/\/cleitonpinheiro.com.br\/site\/#\/schema\/logo\/image\/\"},\"sameAs\":[\"https:\/\/www.facebook.com\/portalcpnoticias\/\"]},{\"@type\":\"Person\",\"@id\":\"https:\/\/cleitonpinheiro.com.br\/site\/#\/schema\/person\/8f04544e0bc40a1b68775b08360f87db\",\"name\":\"Reda\u00e7\u00e3o CP\",\"image\":{\"@type\":\"ImageObject\",\"inLanguage\":\"pt-BR\",\"@id\":\"https:\/\/cleitonpinheiro.com.br\/site\/#\/schema\/person\/image\/\",\"url\":\"https:\/\/secure.gravatar.com\/avatar\/0bcf19cb29fdc8fc588c490c7ae1b3e174dac268586a63fbe1d1893a0f9020cd?s=96&r=g\",\"contentUrl\":\"https:\/\/secure.gravatar.com\/avatar\/0bcf19cb29fdc8fc588c490c7ae1b3e174dac268586a63fbe1d1893a0f9020cd?s=96&r=g\",\"caption\":\"Reda\u00e7\u00e3o CP\"},\"url\":\"https:\/\/cleitonpinheiro.com.br\/site\/author\/redacao\/\"}]}<\/script>\n<!-- \/ Yoast SEO plugin. -->","yoast_head_json":{"title":"L\u00edderes do PT pedem pris\u00e3o de Eduardo Bolsonaro ao STF - PORTAL DE NOT\u00cdCIAS CLEITON PINHEIRO","robots":{"index":"index","follow":"follow","max-snippet":"max-snippet:-1","max-image-preview":"max-image-preview:large","max-video-preview":"max-video-preview:-1"},"canonical":"https:\/\/cleitonpinheiro.com.br\/site\/lideres-do-pt-pedem-prisao-de-eduardo-bolsonaro-ao-stf\/","og_locale":"pt_BR","og_type":"article","og_title":"L\u00edderes do PT pedem pris\u00e3o de Eduardo Bolsonaro ao STF - PORTAL DE NOT\u00cdCIAS CLEITON PINHEIRO","og_description":"Os l\u00edderes do PT no Congresso pediram nesta quinta-feira (17) ao ministro Alexandre de Moraes, do Supremo Tribunal Federal (STF), a pris\u00e3o do deputado federal licenciado Eduardo Bolsonaro (PL-SP). O pedido \u00e9 assinado pelo deputado Lindbergh Farias (RJ) e pelo&nbsp;senador Randolfe Rodrigues (AP).&nbsp;O documento&nbsp;foi anexado ao inqu\u00e9rito no qual o filho do ex-presidente Jair Bolsonaro [&hellip;]","og_url":"https:\/\/cleitonpinheiro.com.br\/site\/lideres-do-pt-pedem-prisao-de-eduardo-bolsonaro-ao-stf\/","og_site_name":"PORTAL DE NOT\u00cdCIAS CLEITON PINHEIRO","article_publisher":"https:\/\/www.facebook.com\/portalcpnoticias\/","article_published_time":"2025-07-17T18:05:51+00:00","article_modified_time":"2025-07-17T18:05:55+00:00","og_image":[{"width":1170,"height":700,"url":"https:\/\/cleitonpinheiro.com.br\/site\/wp-content\/uploads\/2025\/07\/lula6792.webp","type":"image\/webp"}],"author":"Reda\u00e7\u00e3o CP","twitter_card":"summary_large_image","twitter_misc":{"Escrito por":"Reda\u00e7\u00e3o CP","Est. tempo de leitura":"3 minutos"},"schema":{"@context":"https:\/\/schema.org","@graph":[{"@type":"Article","@id":"https:\/\/cleitonpinheiro.com.br\/site\/lideres-do-pt-pedem-prisao-de-eduardo-bolsonaro-ao-stf\/#article","isPartOf":{"@id":"https:\/\/cleitonpinheiro.com.br\/site\/lideres-do-pt-pedem-prisao-de-eduardo-bolsonaro-ao-stf\/"},"author":{"name":"Reda\u00e7\u00e3o CP","@id":"https:\/\/cleitonpinheiro.com.br\/site\/#\/schema\/person\/8f04544e0bc40a1b68775b08360f87db"},"headline":"L\u00edderes do PT pedem pris\u00e3o de Eduardo Bolsonaro ao STF","datePublished":"2025-07-17T18:05:51+00:00","dateModified":"2025-07-17T18:05:55+00:00","mainEntityOfPage":{"@id":"https:\/\/cleitonpinheiro.com.br\/site\/lideres-do-pt-pedem-prisao-de-eduardo-bolsonaro-ao-stf\/"},"wordCount":371,"commentCount":0,"publisher":{"@id":"https:\/\/cleitonpinheiro.com.br\/site\/#organization"},"image":{"@id":"https:\/\/cleitonpinheiro.com.br\/site\/lideres-do-pt-pedem-prisao-de-eduardo-bolsonaro-ao-stf\/#primaryimage"},"thumbnailUrl":"https:\/\/cleitonpinheiro.com.br\/site\/wp-content\/uploads\/2025\/07\/lula6792.webp","articleSection":["MANCHETE SEGUND\u00c1RIA","POL\u00cdTICA","TODAS NOTICIAS"],"inLanguage":"pt-BR","potentialAction":[{"@type":"CommentAction","name":"Comment","target":["https:\/\/cleitonpinheiro.com.br\/site\/lideres-do-pt-pedem-prisao-de-eduardo-bolsonaro-ao-stf\/#respond"]}]},{"@type":"WebPage","@id":"https:\/\/cleitonpinheiro.com.br\/site\/lideres-do-pt-pedem-prisao-de-eduardo-bolsonaro-ao-stf\/","url":"https:\/\/cleitonpinheiro.com.br\/site\/lideres-do-pt-pedem-prisao-de-eduardo-bolsonaro-ao-stf\/","name":"L\u00edderes do PT pedem pris\u00e3o de Eduardo Bolsonaro ao STF - PORTAL DE NOT\u00cdCIAS CLEITON PINHEIRO","isPartOf":{"@id":"https:\/\/cleitonpinheiro.com.br\/site\/#website"},"primaryImageOfPage":{"@id":"https:\/\/cleitonpinheiro.com.br\/site\/lideres-do-pt-pedem-prisao-de-eduardo-bolsonaro-ao-stf\/#primaryimage"},"image":{"@id":"https:\/\/cleitonpinheiro.com.br\/site\/lideres-do-pt-pedem-prisao-de-eduardo-bolsonaro-ao-stf\/#primaryimage"},"thumbnailUrl":"https:\/\/cleitonpinheiro.com.br\/site\/wp-content\/uploads\/2025\/07\/lula6792.webp","datePublished":"2025-07-17T18:05:51+00:00","dateModified":"2025-07-17T18:05:55+00:00","breadcrumb":{"@id":"https:\/\/cleitonpinheiro.com.br\/site\/lideres-do-pt-pedem-prisao-de-eduardo-bolsonaro-ao-stf\/#breadcrumb"},"inLanguage":"pt-BR","potentialAction":[{"@type":"ReadAction","target":["https:\/\/cleitonpinheiro.com.br\/site\/lideres-do-pt-pedem-prisao-de-eduardo-bolsonaro-ao-stf\/"]}]},{"@type":"ImageObject","inLanguage":"pt-BR","@id":"https:\/\/cleitonpinheiro.com.br\/site\/lideres-do-pt-pedem-prisao-de-eduardo-bolsonaro-ao-stf\/#primaryimage","url":"https:\/\/cleitonpinheiro.com.br\/site\/wp-content\/uploads\/2025\/07\/lula6792.webp","contentUrl":"https:\/\/cleitonpinheiro.com.br\/site\/wp-content\/uploads\/2025\/07\/lula6792.webp","width":1170,"height":700,"caption":"\u00a9 Lula Marques\/ Ag\u00eancia Brasil"},{"@type":"BreadcrumbList","@id":"https:\/\/cleitonpinheiro.com.br\/site\/lideres-do-pt-pedem-prisao-de-eduardo-bolsonaro-ao-stf\/#breadcrumb","itemListElement":[{"@type":"ListItem","position":1,"name":"In\u00edcio","item":"https:\/\/cleitonpinheiro.com.br\/site\/"},{"@type":"ListItem","position":2,"name":"L\u00edderes do PT pedem pris\u00e3o de Eduardo Bolsonaro ao STF"}]},{"@type":"WebSite","@id":"https:\/\/cleitonpinheiro.com.br\/site\/#website","url":"https:\/\/cleitonpinheiro.com.br\/site\/","name":"PORTAL DE NOT\u00cdCIAS CLEITON PINHEIRO","description":"FALANDO A VERDADE","publisher":{"@id":"https:\/\/cleitonpinheiro.com.br\/site\/#organization"},"potentialAction":[{"@type":"SearchAction","target":{"@type":"EntryPoint","urlTemplate":"https:\/\/cleitonpinheiro.com.br\/site\/?s={search_term_string}"},"query-input":{"@type":"PropertyValueSpecification","valueRequired":true,"valueName":"search_term_string"}}],"inLanguage":"pt-BR"},{"@type":"Organization","@id":"https:\/\/cleitonpinheiro.com.br\/site\/#organization","name":"CPNOT\u00cdCIAS","url":"https:\/\/cleitonpinheiro.com.br\/site\/","logo":{"@type":"ImageObject","inLanguage":"pt-BR","@id":"https:\/\/cleitonpinheiro.com.br\/site\/#\/schema\/logo\/image\/","url":"https:\/\/cleitonpinheiro.com.br\/site\/wp-content\/uploads\/2022\/08\/Logo-pequena-2.png","contentUrl":"https:\/\/cleitonpinheiro.com.br\/site\/wp-content\/uploads\/2022\/08\/Logo-pequena-2.png","width":500,"height":500,"caption":"CPNOT\u00cdCIAS"},"image":{"@id":"https:\/\/cleitonpinheiro.com.br\/site\/#\/schema\/logo\/image\/"},"sameAs":["https:\/\/www.facebook.com\/portalcpnoticias\/"]},{"@type":"Person","@id":"https:\/\/cleitonpinheiro.com.br\/site\/#\/schema\/person\/8f04544e0bc40a1b68775b08360f87db","name":"Reda\u00e7\u00e3o CP","image":{"@type":"ImageObject","inLanguage":"pt-BR","@id":"https:\/\/cleitonpinheiro.com.br\/site\/#\/schema\/person\/image\/","url":"https:\/\/secure.gravatar.com\/avatar\/0bcf19cb29fdc8fc588c490c7ae1b3e174dac268586a63fbe1d1893a0f9020cd?s=96&r=g","contentUrl":"https:\/\/secure.gravatar.com\/avatar\/0bcf19cb29fdc8fc588c490c7ae1b3e174dac268586a63fbe1d1893a0f9020cd?s=96&r=g","caption":"Reda\u00e7\u00e3o CP"},"url":"https:\/\/cleitonpinheiro.com.br\/site\/author\/redacao\/"}]}},"views":111,"_links":{"self":[{"href":"https:\/\/cleitonpinheiro.com.br\/site\/wp-json\/wp\/v2\/posts\/86304","targetHints":{"allow":["GET"]}}],"collection":[{"href":"https:\/\/cleitonpinheiro.com.br\/site\/wp-json\/wp\/v2\/posts"}],"about":[{"href":"https:\/\/cleitonpinheiro.com.br\/site\/wp-json\/wp\/v2\/types\/post"}],"author":[{"embeddable":true,"href":"https:\/\/cleitonpinheiro.com.br\/site\/wp-json\/wp\/v2\/users\/13"}],"replies":[{"embeddable":true,"href":"https:\/\/cleitonpinheiro.com.br\/site\/wp-json\/wp\/v2\/comments?post=86304"}],"version-history":[{"count":1,"href":"https:\/\/cleitonpinheiro.com.br\/site\/wp-json\/wp\/v2\/posts\/86304\/revisions"}],"predecessor-version":[{"id":86306,"href":"https:\/\/cleitonpinheiro.com.br\/site\/wp-json\/wp\/v2\/posts\/86304\/revisions\/86306"}],"wp:featuredmedia":[{"embeddable":true,"href":"https:\/\/cleitonpinheiro.com.br\/site\/wp-json\/wp\/v2\/media\/86305"}],"wp:attachment":[{"href":"https:\/\/cleitonpinheiro.com.br\/site\/wp-json\/wp\/v2\/media?parent=86304"}],"wp:term":[{"taxonomy":"category","embeddable":true,"href":"https:\/\/cleitonpinheiro.com.br\/site\/wp-json\/wp\/v2\/categories?post=86304"},{"taxonomy":"post_tag","embeddable":true,"href":"https:\/\/cleitonpinheiro.com.br\/site\/wp-json\/wp\/v2\/tags?post=86304"}],"curies":[{"name":"wp","href":"https:\/\/api.w.org\/{rel}","templated":true}]}}