{"id":86307,"date":"2025-07-17T15:08:08","date_gmt":"2025-07-17T18:08:08","guid":{"rendered":"https:\/\/cleitonpinheiro.com.br\/site\/?p=86307"},"modified":"2025-07-17T15:50:25","modified_gmt":"2025-07-17T18:50:25","slug":"peru-jordania-e-hong-kong-retomam-compra-de-carne-de-frango-do-brasil","status":"publish","type":"post","link":"https:\/\/cleitonpinheiro.com.br\/site\/peru-jordania-e-hong-kong-retomam-compra-de-carne-de-frango-do-brasil\/","title":{"rendered":"Peru, Jord\u00e2nia e Hong Kong retomam compra de carne de frango do Brasil"},"content":{"rendered":"\n<figure class=\"wp-block-image size-large\"><img fetchpriority=\"high\" decoding=\"async\" width=\"1024\" height=\"613\" src=\"https:\/\/cleitonpinheiro.com.br\/site\/wp-content\/uploads\/2025\/07\/frangos1ana-1024x613.webp\" alt=\"\" class=\"wp-image-86308\" srcset=\"https:\/\/cleitonpinheiro.com.br\/site\/wp-content\/uploads\/2025\/07\/frangos1ana-1024x613.webp 1024w, https:\/\/cleitonpinheiro.com.br\/site\/wp-content\/uploads\/2025\/07\/frangos1ana-300x179.webp 300w, https:\/\/cleitonpinheiro.com.br\/site\/wp-content\/uploads\/2025\/07\/frangos1ana-768x459.webp 768w, https:\/\/cleitonpinheiro.com.br\/site\/wp-content\/uploads\/2025\/07\/frangos1ana.webp 1170w\" sizes=\"(max-width: 1024px) 100vw, 1024px\" \/><\/figure>\n\n\n\n<p><strong>Peru, Jord\u00e2nia e Hong Kong retiraram as restri\u00e7\u00f5es \u00e0s carnes de frango do Brasil, informou o Minist\u00e9rio da Agricultura e Pecu\u00e1ria. Agora, 30 pa\u00edses j\u00e1 liberaram as compras do produto brasileiro<\/strong>.<br>&nbsp;<br>O Kuwait tamb\u00e9m reduziu as restri\u00e7\u00f5es ao produto proveniente&nbsp;do Rio Grande do Sul e do&nbsp;munic\u00edpio ga\u00facho de Montenegro,&nbsp;local onde foi registrado o primeiro e \u00fanico caso confirmado de gripe avi\u00e1ria em granja comercial no pa\u00eds, em maio.<br>&nbsp;<br><strong>China, Uni\u00e3o Europeia, Canad\u00e1, Chile e mais&nbsp;cinco pa\u00edses mant\u00eam as importa\u00e7\u00f5es suspensas<\/strong>. Outros 22 adotaram&nbsp;restri\u00e7\u00f5es limitadas ao estado do Rio Grande do Sul, ao munic\u00edpio de Montenegro ou outras \u00e1reas.<br>&nbsp;<br>O&nbsp;<a href=\"https:\/\/agenciabrasil.ebc.com.br\/economia\/noticia\/2025-06\/brasil-se-declara-pais-livre-da-gripe-aviaria\" target=\"_blank\" rel=\"noreferrer noopener\">Brasil se declarou&nbsp;livre da gripe avi\u00e1ria no dia 18 de junho<\/a>, ap\u00f3s a desinfec\u00e7\u00e3o da granja afetada e n\u00e3o ter registrado nenhum outro caso pelo prazo de 28 dias.<img decoding=\"async\" src=\"https:\/\/agenciabrasil.ebc.com.br\/ebc.png?id=1651019&amp;o=node\"><img decoding=\"async\" src=\"https:\/\/agenciabrasil.ebc.com.br\/ebc.gif?id=1651019&amp;o=node\"><\/p>\n\n\n\n<h2 class=\"wp-block-heading\">O que \u00e9 a gripe avi\u00e1ria?<\/h2>\n\n\n\n<p>A influenza avi\u00e1ria, comumente conhecida como gripe avi\u00e1ria, afeta principalmente aves, mas tamb\u00e9m foi detectada em mam\u00edferos, incluindo bovinos.<\/p>\n\n\n\n<p>A transmiss\u00e3o ocorre pelo contato com aves doentes e tamb\u00e9m por meio da \u00e1gua e de materiais contaminados.<\/p>\n\n\n\n<p>A doen\u00e7a raramente afeta humanos, e a orienta\u00e7\u00e3o \u00e9 que as pessoas se mantenham informadas e adotem as medidas preventivas recomendadas.<\/p>\n\n\n\n<p>Segundo o Minist\u00e9rio da Agricultura, carnes e ovos podem ser consumidos com seguran\u00e7a, desde que preparados adequadamente.<\/p>\n\n\n\n<p>Gabriel Brum &#8211; Rep\u00f3rter da R\u00e1dio Nacional<br><\/p>\n","protected":false},"excerpt":{"rendered":"<p>Peru, Jord\u00e2nia e Hong Kong retiraram as restri\u00e7\u00f5es \u00e0s carnes de frango do Brasil, informou o Minist\u00e9rio da Agricultura e Pecu\u00e1ria. Agora, 30 pa\u00edses j\u00e1 liberaram as compras do produto brasileiro.&nbsp;O Kuwait tamb\u00e9m reduziu as restri\u00e7\u00f5es ao produto proveniente&nbsp;do Rio Grande do Sul e do&nbsp;munic\u00edpio ga\u00facho de Montenegro,&nbsp;local onde foi registrado o primeiro e \u00fanico [&hellip;]<\/p>\n","protected":false},"author":13,"featured_media":86308,"comment_status":"open","ping_status":"open","sticky":false,"template":"","format":"standard","meta":{"_acf_changed":false,"footnotes":""},"categories":[19,20,21],"tags":[],"class_list":["post-86307","post","type-post","status-publish","format-standard","has-post-thumbnail","hentry","category-brasil-mundo","category-noticias-em-destaque","category-todas-noticias"],"acf":[],"yoast_head":"<!-- This site is optimized with the Yoast SEO plugin v24.4 - https:\/\/yoast.com\/wordpress\/plugins\/seo\/ -->\n<title>Peru, Jord\u00e2nia e Hong Kong retomam compra de carne de frango do Brasil - PORTAL DE NOT\u00cdCIAS CLEITON PINHEIRO<\/title>\n<meta name=\"robots\" content=\"index, follow, max-snippet:-1, max-image-preview:large, max-video-preview:-1\" \/>\n<link rel=\"canonical\" href=\"https:\/\/cleitonpinheiro.com.br\/site\/peru-jordania-e-hong-kong-retomam-compra-de-carne-de-frango-do-brasil\/\" \/>\n<meta property=\"og:locale\" content=\"pt_BR\" \/>\n<meta property=\"og:type\" content=\"article\" \/>\n<meta property=\"og:title\" content=\"Peru, Jord\u00e2nia e Hong Kong retomam compra de carne de frango do Brasil - PORTAL DE NOT\u00cdCIAS CLEITON PINHEIRO\" \/>\n<meta property=\"og:description\" content=\"Peru, Jord\u00e2nia e Hong Kong retiraram as restri\u00e7\u00f5es \u00e0s carnes de frango do Brasil, informou o Minist\u00e9rio da Agricultura e Pecu\u00e1ria. Agora, 30 pa\u00edses j\u00e1 liberaram as compras do produto brasileiro.&nbsp;O Kuwait tamb\u00e9m reduziu as restri\u00e7\u00f5es ao produto proveniente&nbsp;do Rio Grande do Sul e do&nbsp;munic\u00edpio ga\u00facho de Montenegro,&nbsp;local onde foi registrado o primeiro e \u00fanico [&hellip;]\" \/>\n<meta property=\"og:url\" content=\"https:\/\/cleitonpinheiro.com.br\/site\/peru-jordania-e-hong-kong-retomam-compra-de-carne-de-frango-do-brasil\/\" \/>\n<meta property=\"og:site_name\" content=\"PORTAL DE NOT\u00cdCIAS CLEITON PINHEIRO\" \/>\n<meta property=\"article:publisher\" content=\"https:\/\/www.facebook.com\/portalcpnoticias\/\" \/>\n<meta property=\"article:published_time\" content=\"2025-07-17T18:08:08+00:00\" \/>\n<meta property=\"article:modified_time\" content=\"2025-07-17T18:50:25+00:00\" \/>\n<meta property=\"og:image\" content=\"https:\/\/cleitonpinheiro.com.br\/site\/wp-content\/uploads\/2025\/07\/frangos1ana.webp\" \/>\n\t<meta property=\"og:image:width\" content=\"1170\" \/>\n\t<meta property=\"og:image:height\" content=\"700\" \/>\n\t<meta property=\"og:image:type\" content=\"image\/webp\" \/>\n<meta name=\"author\" content=\"Reda\u00e7\u00e3o CP\" \/>\n<meta name=\"twitter:card\" content=\"summary_large_image\" \/>\n<meta name=\"twitter:label1\" content=\"Escrito por\" \/>\n\t<meta name=\"twitter:data1\" content=\"Reda\u00e7\u00e3o CP\" \/>\n\t<meta name=\"twitter:label2\" content=\"Est. tempo de leitura\" \/>\n\t<meta name=\"twitter:data2\" content=\"3 minutos\" \/>\n<script type=\"application\/ld+json\" class=\"yoast-schema-graph\">{\"@context\":\"https:\/\/schema.org\",\"@graph\":[{\"@type\":\"Article\",\"@id\":\"https:\/\/cleitonpinheiro.com.br\/site\/peru-jordania-e-hong-kong-retomam-compra-de-carne-de-frango-do-brasil\/#article\",\"isPartOf\":{\"@id\":\"https:\/\/cleitonpinheiro.com.br\/site\/peru-jordania-e-hong-kong-retomam-compra-de-carne-de-frango-do-brasil\/\"},\"author\":{\"name\":\"Reda\u00e7\u00e3o CP\",\"@id\":\"https:\/\/cleitonpinheiro.com.br\/site\/#\/schema\/person\/8f04544e0bc40a1b68775b08360f87db\"},\"headline\":\"Peru, Jord\u00e2nia e Hong Kong retomam compra de carne de frango do Brasil\",\"datePublished\":\"2025-07-17T18:08:08+00:00\",\"dateModified\":\"2025-07-17T18:50:25+00:00\",\"mainEntityOfPage\":{\"@id\":\"https:\/\/cleitonpinheiro.com.br\/site\/peru-jordania-e-hong-kong-retomam-compra-de-carne-de-frango-do-brasil\/\"},\"wordCount\":274,\"commentCount\":0,\"publisher\":{\"@id\":\"https:\/\/cleitonpinheiro.com.br\/site\/#organization\"},\"image\":{\"@id\":\"https:\/\/cleitonpinheiro.com.br\/site\/peru-jordania-e-hong-kong-retomam-compra-de-carne-de-frango-do-brasil\/#primaryimage\"},\"thumbnailUrl\":\"https:\/\/cleitonpinheiro.com.br\/site\/wp-content\/uploads\/2025\/07\/frangos1ana.webp\",\"articleSection\":[\"BRASIL \/ MUNDO\",\"NOT\u00cdCIAS EM DESTAQUE\",\"TODAS NOTICIAS\"],\"inLanguage\":\"pt-BR\",\"potentialAction\":[{\"@type\":\"CommentAction\",\"name\":\"Comment\",\"target\":[\"https:\/\/cleitonpinheiro.com.br\/site\/peru-jordania-e-hong-kong-retomam-compra-de-carne-de-frango-do-brasil\/#respond\"]}]},{\"@type\":\"WebPage\",\"@id\":\"https:\/\/cleitonpinheiro.com.br\/site\/peru-jordania-e-hong-kong-retomam-compra-de-carne-de-frango-do-brasil\/\",\"url\":\"https:\/\/cleitonpinheiro.com.br\/site\/peru-jordania-e-hong-kong-retomam-compra-de-carne-de-frango-do-brasil\/\",\"name\":\"Peru, Jord\u00e2nia e Hong Kong retomam compra de carne de frango do Brasil - PORTAL DE NOT\u00cdCIAS CLEITON PINHEIRO\",\"isPartOf\":{\"@id\":\"https:\/\/cleitonpinheiro.com.br\/site\/#website\"},\"primaryImageOfPage\":{\"@id\":\"https:\/\/cleitonpinheiro.com.br\/site\/peru-jordania-e-hong-kong-retomam-compra-de-carne-de-frango-do-brasil\/#primaryimage\"},\"image\":{\"@id\":\"https:\/\/cleitonpinheiro.com.br\/site\/peru-jordania-e-hong-kong-retomam-compra-de-carne-de-frango-do-brasil\/#primaryimage\"},\"thumbnailUrl\":\"https:\/\/cleitonpinheiro.com.br\/site\/wp-content\/uploads\/2025\/07\/frangos1ana.webp\",\"datePublished\":\"2025-07-17T18:08:08+00:00\",\"dateModified\":\"2025-07-17T18:50:25+00:00\",\"breadcrumb\":{\"@id\":\"https:\/\/cleitonpinheiro.com.br\/site\/peru-jordania-e-hong-kong-retomam-compra-de-carne-de-frango-do-brasil\/#breadcrumb\"},\"inLanguage\":\"pt-BR\",\"potentialAction\":[{\"@type\":\"ReadAction\",\"target\":[\"https:\/\/cleitonpinheiro.com.br\/site\/peru-jordania-e-hong-kong-retomam-compra-de-carne-de-frango-do-brasil\/\"]}]},{\"@type\":\"ImageObject\",\"inLanguage\":\"pt-BR\",\"@id\":\"https:\/\/cleitonpinheiro.com.br\/site\/peru-jordania-e-hong-kong-retomam-compra-de-carne-de-frango-do-brasil\/#primaryimage\",\"url\":\"https:\/\/cleitonpinheiro.com.br\/site\/wp-content\/uploads\/2025\/07\/frangos1ana.webp\",\"contentUrl\":\"https:\/\/cleitonpinheiro.com.br\/site\/wp-content\/uploads\/2025\/07\/frangos1ana.webp\",\"width\":1170,\"height\":700},{\"@type\":\"BreadcrumbList\",\"@id\":\"https:\/\/cleitonpinheiro.com.br\/site\/peru-jordania-e-hong-kong-retomam-compra-de-carne-de-frango-do-brasil\/#breadcrumb\",\"itemListElement\":[{\"@type\":\"ListItem\",\"position\":1,\"name\":\"In\u00edcio\",\"item\":\"https:\/\/cleitonpinheiro.com.br\/site\/\"},{\"@type\":\"ListItem\",\"position\":2,\"name\":\"Peru, Jord\u00e2nia e Hong Kong retomam compra de carne de frango do Brasil\"}]},{\"@type\":\"WebSite\",\"@id\":\"https:\/\/cleitonpinheiro.com.br\/site\/#website\",\"url\":\"https:\/\/cleitonpinheiro.com.br\/site\/\",\"name\":\"PORTAL DE NOT\u00cdCIAS CLEITON PINHEIRO\",\"description\":\"FALANDO A VERDADE\",\"publisher\":{\"@id\":\"https:\/\/cleitonpinheiro.com.br\/site\/#organization\"},\"potentialAction\":[{\"@type\":\"SearchAction\",\"target\":{\"@type\":\"EntryPoint\",\"urlTemplate\":\"https:\/\/cleitonpinheiro.com.br\/site\/?s={search_term_string}\"},\"query-input\":{\"@type\":\"PropertyValueSpecification\",\"valueRequired\":true,\"valueName\":\"search_term_string\"}}],\"inLanguage\":\"pt-BR\"},{\"@type\":\"Organization\",\"@id\":\"https:\/\/cleitonpinheiro.com.br\/site\/#organization\",\"name\":\"CPNOT\u00cdCIAS\",\"url\":\"https:\/\/cleitonpinheiro.com.br\/site\/\",\"logo\":{\"@type\":\"ImageObject\",\"inLanguage\":\"pt-BR\",\"@id\":\"https:\/\/cleitonpinheiro.com.br\/site\/#\/schema\/logo\/image\/\",\"url\":\"https:\/\/cleitonpinheiro.com.br\/site\/wp-content\/uploads\/2022\/08\/Logo-pequena-2.png\",\"contentUrl\":\"https:\/\/cleitonpinheiro.com.br\/site\/wp-content\/uploads\/2022\/08\/Logo-pequena-2.png\",\"width\":500,\"height\":500,\"caption\":\"CPNOT\u00cdCIAS\"},\"image\":{\"@id\":\"https:\/\/cleitonpinheiro.com.br\/site\/#\/schema\/logo\/image\/\"},\"sameAs\":[\"https:\/\/www.facebook.com\/portalcpnoticias\/\"]},{\"@type\":\"Person\",\"@id\":\"https:\/\/cleitonpinheiro.com.br\/site\/#\/schema\/person\/8f04544e0bc40a1b68775b08360f87db\",\"name\":\"Reda\u00e7\u00e3o CP\",\"image\":{\"@type\":\"ImageObject\",\"inLanguage\":\"pt-BR\",\"@id\":\"https:\/\/cleitonpinheiro.com.br\/site\/#\/schema\/person\/image\/\",\"url\":\"https:\/\/secure.gravatar.com\/avatar\/0bcf19cb29fdc8fc588c490c7ae1b3e174dac268586a63fbe1d1893a0f9020cd?s=96&r=g\",\"contentUrl\":\"https:\/\/secure.gravatar.com\/avatar\/0bcf19cb29fdc8fc588c490c7ae1b3e174dac268586a63fbe1d1893a0f9020cd?s=96&r=g\",\"caption\":\"Reda\u00e7\u00e3o CP\"},\"url\":\"https:\/\/cleitonpinheiro.com.br\/site\/author\/redacao\/\"}]}<\/script>\n<!-- \/ Yoast SEO plugin. -->","yoast_head_json":{"title":"Peru, Jord\u00e2nia e Hong Kong retomam compra de carne de frango do Brasil - PORTAL DE NOT\u00cdCIAS CLEITON PINHEIRO","robots":{"index":"index","follow":"follow","max-snippet":"max-snippet:-1","max-image-preview":"max-image-preview:large","max-video-preview":"max-video-preview:-1"},"canonical":"https:\/\/cleitonpinheiro.com.br\/site\/peru-jordania-e-hong-kong-retomam-compra-de-carne-de-frango-do-brasil\/","og_locale":"pt_BR","og_type":"article","og_title":"Peru, Jord\u00e2nia e Hong Kong retomam compra de carne de frango do Brasil - PORTAL DE NOT\u00cdCIAS CLEITON PINHEIRO","og_description":"Peru, Jord\u00e2nia e Hong Kong retiraram as restri\u00e7\u00f5es \u00e0s carnes de frango do Brasil, informou o Minist\u00e9rio da Agricultura e Pecu\u00e1ria. Agora, 30 pa\u00edses j\u00e1 liberaram as compras do produto brasileiro.&nbsp;O Kuwait tamb\u00e9m reduziu as restri\u00e7\u00f5es ao produto proveniente&nbsp;do Rio Grande do Sul e do&nbsp;munic\u00edpio ga\u00facho de Montenegro,&nbsp;local onde foi registrado o primeiro e \u00fanico [&hellip;]","og_url":"https:\/\/cleitonpinheiro.com.br\/site\/peru-jordania-e-hong-kong-retomam-compra-de-carne-de-frango-do-brasil\/","og_site_name":"PORTAL DE NOT\u00cdCIAS CLEITON PINHEIRO","article_publisher":"https:\/\/www.facebook.com\/portalcpnoticias\/","article_published_time":"2025-07-17T18:08:08+00:00","article_modified_time":"2025-07-17T18:50:25+00:00","og_image":[{"width":1170,"height":700,"url":"https:\/\/cleitonpinheiro.com.br\/site\/wp-content\/uploads\/2025\/07\/frangos1ana.webp","type":"image\/webp"}],"author":"Reda\u00e7\u00e3o CP","twitter_card":"summary_large_image","twitter_misc":{"Escrito por":"Reda\u00e7\u00e3o CP","Est. tempo de leitura":"3 minutos"},"schema":{"@context":"https:\/\/schema.org","@graph":[{"@type":"Article","@id":"https:\/\/cleitonpinheiro.com.br\/site\/peru-jordania-e-hong-kong-retomam-compra-de-carne-de-frango-do-brasil\/#article","isPartOf":{"@id":"https:\/\/cleitonpinheiro.com.br\/site\/peru-jordania-e-hong-kong-retomam-compra-de-carne-de-frango-do-brasil\/"},"author":{"name":"Reda\u00e7\u00e3o CP","@id":"https:\/\/cleitonpinheiro.com.br\/site\/#\/schema\/person\/8f04544e0bc40a1b68775b08360f87db"},"headline":"Peru, Jord\u00e2nia e Hong Kong retomam compra de carne de frango do Brasil","datePublished":"2025-07-17T18:08:08+00:00","dateModified":"2025-07-17T18:50:25+00:00","mainEntityOfPage":{"@id":"https:\/\/cleitonpinheiro.com.br\/site\/peru-jordania-e-hong-kong-retomam-compra-de-carne-de-frango-do-brasil\/"},"wordCount":274,"commentCount":0,"publisher":{"@id":"https:\/\/cleitonpinheiro.com.br\/site\/#organization"},"image":{"@id":"https:\/\/cleitonpinheiro.com.br\/site\/peru-jordania-e-hong-kong-retomam-compra-de-carne-de-frango-do-brasil\/#primaryimage"},"thumbnailUrl":"https:\/\/cleitonpinheiro.com.br\/site\/wp-content\/uploads\/2025\/07\/frangos1ana.webp","articleSection":["BRASIL \/ MUNDO","NOT\u00cdCIAS EM DESTAQUE","TODAS NOTICIAS"],"inLanguage":"pt-BR","potentialAction":[{"@type":"CommentAction","name":"Comment","target":["https:\/\/cleitonpinheiro.com.br\/site\/peru-jordania-e-hong-kong-retomam-compra-de-carne-de-frango-do-brasil\/#respond"]}]},{"@type":"WebPage","@id":"https:\/\/cleitonpinheiro.com.br\/site\/peru-jordania-e-hong-kong-retomam-compra-de-carne-de-frango-do-brasil\/","url":"https:\/\/cleitonpinheiro.com.br\/site\/peru-jordania-e-hong-kong-retomam-compra-de-carne-de-frango-do-brasil\/","name":"Peru, Jord\u00e2nia e Hong Kong retomam compra de carne de frango do Brasil - PORTAL DE NOT\u00cdCIAS CLEITON PINHEIRO","isPartOf":{"@id":"https:\/\/cleitonpinheiro.com.br\/site\/#website"},"primaryImageOfPage":{"@id":"https:\/\/cleitonpinheiro.com.br\/site\/peru-jordania-e-hong-kong-retomam-compra-de-carne-de-frango-do-brasil\/#primaryimage"},"image":{"@id":"https:\/\/cleitonpinheiro.com.br\/site\/peru-jordania-e-hong-kong-retomam-compra-de-carne-de-frango-do-brasil\/#primaryimage"},"thumbnailUrl":"https:\/\/cleitonpinheiro.com.br\/site\/wp-content\/uploads\/2025\/07\/frangos1ana.webp","datePublished":"2025-07-17T18:08:08+00:00","dateModified":"2025-07-17T18:50:25+00:00","breadcrumb":{"@id":"https:\/\/cleitonpinheiro.com.br\/site\/peru-jordania-e-hong-kong-retomam-compra-de-carne-de-frango-do-brasil\/#breadcrumb"},"inLanguage":"pt-BR","potentialAction":[{"@type":"ReadAction","target":["https:\/\/cleitonpinheiro.com.br\/site\/peru-jordania-e-hong-kong-retomam-compra-de-carne-de-frango-do-brasil\/"]}]},{"@type":"ImageObject","inLanguage":"pt-BR","@id":"https:\/\/cleitonpinheiro.com.br\/site\/peru-jordania-e-hong-kong-retomam-compra-de-carne-de-frango-do-brasil\/#primaryimage","url":"https:\/\/cleitonpinheiro.com.br\/site\/wp-content\/uploads\/2025\/07\/frangos1ana.webp","contentUrl":"https:\/\/cleitonpinheiro.com.br\/site\/wp-content\/uploads\/2025\/07\/frangos1ana.webp","width":1170,"height":700},{"@type":"BreadcrumbList","@id":"https:\/\/cleitonpinheiro.com.br\/site\/peru-jordania-e-hong-kong-retomam-compra-de-carne-de-frango-do-brasil\/#breadcrumb","itemListElement":[{"@type":"ListItem","position":1,"name":"In\u00edcio","item":"https:\/\/cleitonpinheiro.com.br\/site\/"},{"@type":"ListItem","position":2,"name":"Peru, Jord\u00e2nia e Hong Kong retomam compra de carne de frango do Brasil"}]},{"@type":"WebSite","@id":"https:\/\/cleitonpinheiro.com.br\/site\/#website","url":"https:\/\/cleitonpinheiro.com.br\/site\/","name":"PORTAL DE NOT\u00cdCIAS CLEITON PINHEIRO","description":"FALANDO A VERDADE","publisher":{"@id":"https:\/\/cleitonpinheiro.com.br\/site\/#organization"},"potentialAction":[{"@type":"SearchAction","target":{"@type":"EntryPoint","urlTemplate":"https:\/\/cleitonpinheiro.com.br\/site\/?s={search_term_string}"},"query-input":{"@type":"PropertyValueSpecification","valueRequired":true,"valueName":"search_term_string"}}],"inLanguage":"pt-BR"},{"@type":"Organization","@id":"https:\/\/cleitonpinheiro.com.br\/site\/#organization","name":"CPNOT\u00cdCIAS","url":"https:\/\/cleitonpinheiro.com.br\/site\/","logo":{"@type":"ImageObject","inLanguage":"pt-BR","@id":"https:\/\/cleitonpinheiro.com.br\/site\/#\/schema\/logo\/image\/","url":"https:\/\/cleitonpinheiro.com.br\/site\/wp-content\/uploads\/2022\/08\/Logo-pequena-2.png","contentUrl":"https:\/\/cleitonpinheiro.com.br\/site\/wp-content\/uploads\/2022\/08\/Logo-pequena-2.png","width":500,"height":500,"caption":"CPNOT\u00cdCIAS"},"image":{"@id":"https:\/\/cleitonpinheiro.com.br\/site\/#\/schema\/logo\/image\/"},"sameAs":["https:\/\/www.facebook.com\/portalcpnoticias\/"]},{"@type":"Person","@id":"https:\/\/cleitonpinheiro.com.br\/site\/#\/schema\/person\/8f04544e0bc40a1b68775b08360f87db","name":"Reda\u00e7\u00e3o CP","image":{"@type":"ImageObject","inLanguage":"pt-BR","@id":"https:\/\/cleitonpinheiro.com.br\/site\/#\/schema\/person\/image\/","url":"https:\/\/secure.gravatar.com\/avatar\/0bcf19cb29fdc8fc588c490c7ae1b3e174dac268586a63fbe1d1893a0f9020cd?s=96&r=g","contentUrl":"https:\/\/secure.gravatar.com\/avatar\/0bcf19cb29fdc8fc588c490c7ae1b3e174dac268586a63fbe1d1893a0f9020cd?s=96&r=g","caption":"Reda\u00e7\u00e3o CP"},"url":"https:\/\/cleitonpinheiro.com.br\/site\/author\/redacao\/"}]}},"views":141,"_links":{"self":[{"href":"https:\/\/cleitonpinheiro.com.br\/site\/wp-json\/wp\/v2\/posts\/86307","targetHints":{"allow":["GET"]}}],"collection":[{"href":"https:\/\/cleitonpinheiro.com.br\/site\/wp-json\/wp\/v2\/posts"}],"about":[{"href":"https:\/\/cleitonpinheiro.com.br\/site\/wp-json\/wp\/v2\/types\/post"}],"author":[{"embeddable":true,"href":"https:\/\/cleitonpinheiro.com.br\/site\/wp-json\/wp\/v2\/users\/13"}],"replies":[{"embeddable":true,"href":"https:\/\/cleitonpinheiro.com.br\/site\/wp-json\/wp\/v2\/comments?post=86307"}],"version-history":[{"count":1,"href":"https:\/\/cleitonpinheiro.com.br\/site\/wp-json\/wp\/v2\/posts\/86307\/revisions"}],"predecessor-version":[{"id":86309,"href":"https:\/\/cleitonpinheiro.com.br\/site\/wp-json\/wp\/v2\/posts\/86307\/revisions\/86309"}],"wp:featuredmedia":[{"embeddable":true,"href":"https:\/\/cleitonpinheiro.com.br\/site\/wp-json\/wp\/v2\/media\/86308"}],"wp:attachment":[{"href":"https:\/\/cleitonpinheiro.com.br\/site\/wp-json\/wp\/v2\/media?parent=86307"}],"wp:term":[{"taxonomy":"category","embeddable":true,"href":"https:\/\/cleitonpinheiro.com.br\/site\/wp-json\/wp\/v2\/categories?post=86307"},{"taxonomy":"post_tag","embeddable":true,"href":"https:\/\/cleitonpinheiro.com.br\/site\/wp-json\/wp\/v2\/tags?post=86307"}],"curies":[{"name":"wp","href":"https:\/\/api.w.org\/{rel}","templated":true}]}}