{"id":86310,"date":"2025-07-17T15:16:02","date_gmt":"2025-07-17T18:16:02","guid":{"rendered":"https:\/\/cleitonpinheiro.com.br\/site\/?p=86310"},"modified":"2025-07-17T15:16:06","modified_gmt":"2025-07-17T18:16:06","slug":"prefeitura-de-palmas-doa-nova-area-para-projeto-habitacional-do-minha-casa-minha-vida","status":"publish","type":"post","link":"https:\/\/cleitonpinheiro.com.br\/site\/prefeitura-de-palmas-doa-nova-area-para-projeto-habitacional-do-minha-casa-minha-vida\/","title":{"rendered":"Prefeitura de Palmas doa nova \u00e1rea para projeto habitacional do Minha Casa Minha Vida"},"content":{"rendered":"\n<figure class=\"wp-block-image size-large\"><img decoding=\"async\" src=\"https:\/\/cleitonpinheiro.com.br\/site\/wp-content\/uploads\/2024\/12\/29164e0489b04d5db3b107933d326a51-2048x1367-1-1024x684.jpg\" alt=\"prefeitura de palmas sede jk\" class=\"wp-image-83804\"\/><\/figure>\n\n\n\n<p>A Prefeitura de Palmas enviou \u00e0 C\u00e2mara Municipal, em regime de urg\u00eancia, o Projeto de Lei Complementar n\u00ba 6, de 11 de julho de 2025, referente \u00e0 doa\u00e7\u00e3o de \u00e1rea destinada \u00e0 constru\u00e7\u00e3o do projeto habitacional Residencial Juriti, que beneficiar\u00e1 192 fam\u00edlias atrav\u00e9s do programa Minha Casa Minha Vida-entidades. O novo terreno foi avaliado e aprovado pela Funda\u00e7\u00e3o Municipal de Meio Ambiente de Palmas, garantindo seguran\u00e7a jur\u00eddica e respeito \u00e0s normas ambientais.<\/p>\n\n\n\n<p>O prefeito, Pastor Carlos Velozo, destaca que a iniciativa refor\u00e7a o compromisso da gest\u00e3o com a justi\u00e7a social e o desenvolvimento urbano sustent\u00e1vel. \u201cNosso objetivo \u00e9 assegurar que projetos habitacionais como este avancem com responsabilidade t\u00e9cnica e legal, levando moradia de qualidade para quem mais precisa\u201d, destacou.<\/p>\n\n\n\n<p>A \u00e1rea, com 9.588,63 m\u00b2, est\u00e1 localizada na Rua 03 do Loteamento Jardim Laila e ser\u00e1 doada ao Instituto Beneficente Xambio\u00e1, organiza\u00e7\u00e3o respons\u00e1vel pela execu\u00e7\u00e3o do projeto. A doa\u00e7\u00e3o substitui o im\u00f3vel doado anteriormente, que, por estar localizado em \u00c1rea de Preserva\u00e7\u00e3o Permanente (APP), teria a constru\u00e7\u00e3o dos empreendimentos inviabilizada, conforme a legisla\u00e7\u00e3o ambiental vigente.<\/p>\n\n\n\n<p>A expectativa \u00e9 que, com a aprova\u00e7\u00e3o do projeto pela C\u00e2mara Municipal, o Instituto Xambio\u00e1 possa iniciar as obras o quanto antes, beneficiando dezenas de fam\u00edlias palmenses com a casa pr\u00f3pria.<\/p>\n\n\n\n<p><strong>Residencial Juriti<\/strong><\/p>\n\n\n\n<p>O Residencial Juriti contar\u00e1 com 192 apartamentos. O empreendimento tamb\u00e9m oferecer\u00e1 uma estrutura de lazer e conviv\u00eancia, incluindo: espa\u00e7o de conviv\u00eancia, parque infantil\/playground, sala para biblioteca e biciclet\u00e1rio. S\u00e3o apartamentos de dois quartos, sala, cozinha e sacada. Um projeto de qualidade que vai incluir fam\u00edlias que n\u00e3o teriam condi\u00e7\u00f5es de financiar uma casa, por causa da renda.<\/p>\n\n\n\n<p><strong>Minha Casa Minha Vida- Entidades<\/strong><\/p>\n\n\n\n<p>A modalidade Minha Casa Minha Vida-Entidades tem como objetivo conceder financiamento subsidiado a fam\u00edlias organizadas por meio de entidades privadas sem fins lucrativos, utilizando recursos do Fundo de Desenvolvimento Social (FDS). O programa atende fam\u00edlias com renda mensal de at\u00e9 R$ 2.850,00, permitindo que at\u00e9 10% dos beneficiados tenham uma renda bruta de at\u00e9 R$ 4.700,00.<\/p>\n\n\n\n<p>Texto: Samara Martins &#8211; Prefeitura de Palmas<\/p>\n","protected":false},"excerpt":{"rendered":"<p>A Prefeitura de Palmas enviou \u00e0 C\u00e2mara Municipal, em regime de urg\u00eancia, o Projeto de Lei Complementar n\u00ba 6, de 11 de julho de 2025, referente \u00e0 doa\u00e7\u00e3o de \u00e1rea destinada \u00e0 constru\u00e7\u00e3o do projeto habitacional Residencial Juriti, que beneficiar\u00e1 192 fam\u00edlias atrav\u00e9s do programa Minha Casa Minha Vida-entidades. O novo terreno foi avaliado e [&hellip;]<\/p>\n","protected":false},"author":13,"featured_media":0,"comment_status":"open","ping_status":"open","sticky":false,"template":"","format":"standard","meta":{"_acf_changed":false,"footnotes":""},"categories":[22,898,21],"tags":[],"class_list":["post-86310","post","type-post","status-publish","format-standard","hentry","category-cidades","category-manchete-segundaria","category-todas-noticias"],"acf":[],"yoast_head":"<!-- This site is optimized with the Yoast SEO plugin v24.4 - https:\/\/yoast.com\/wordpress\/plugins\/seo\/ -->\n<title>Prefeitura de Palmas doa nova \u00e1rea para projeto habitacional do Minha Casa Minha Vida - PORTAL DE NOT\u00cdCIAS CLEITON PINHEIRO<\/title>\n<meta name=\"robots\" content=\"index, follow, max-snippet:-1, max-image-preview:large, max-video-preview:-1\" \/>\n<link rel=\"canonical\" href=\"https:\/\/cleitonpinheiro.com.br\/site\/prefeitura-de-palmas-doa-nova-area-para-projeto-habitacional-do-minha-casa-minha-vida\/\" \/>\n<meta property=\"og:locale\" content=\"pt_BR\" \/>\n<meta property=\"og:type\" content=\"article\" \/>\n<meta property=\"og:title\" content=\"Prefeitura de Palmas doa nova \u00e1rea para projeto habitacional do Minha Casa Minha Vida - PORTAL DE NOT\u00cdCIAS CLEITON PINHEIRO\" \/>\n<meta property=\"og:description\" content=\"A Prefeitura de Palmas enviou \u00e0 C\u00e2mara Municipal, em regime de urg\u00eancia, o Projeto de Lei Complementar n\u00ba 6, de 11 de julho de 2025, referente \u00e0 doa\u00e7\u00e3o de \u00e1rea destinada \u00e0 constru\u00e7\u00e3o do projeto habitacional Residencial Juriti, que beneficiar\u00e1 192 fam\u00edlias atrav\u00e9s do programa Minha Casa Minha Vida-entidades. O novo terreno foi avaliado e [&hellip;]\" \/>\n<meta property=\"og:url\" content=\"https:\/\/cleitonpinheiro.com.br\/site\/prefeitura-de-palmas-doa-nova-area-para-projeto-habitacional-do-minha-casa-minha-vida\/\" \/>\n<meta property=\"og:site_name\" content=\"PORTAL DE NOT\u00cdCIAS CLEITON PINHEIRO\" \/>\n<meta property=\"article:publisher\" content=\"https:\/\/www.facebook.com\/portalcpnoticias\/\" \/>\n<meta property=\"article:published_time\" content=\"2025-07-17T18:16:02+00:00\" \/>\n<meta property=\"article:modified_time\" content=\"2025-07-17T18:16:06+00:00\" \/>\n<meta property=\"og:image\" content=\"https:\/\/cleitonpinheiro.com.br\/site\/wp-content\/uploads\/2024\/12\/29164e0489b04d5db3b107933d326a51-2048x1367-1.jpg\" \/>\n\t<meta property=\"og:image:width\" content=\"2048\" \/>\n\t<meta property=\"og:image:height\" content=\"1367\" \/>\n\t<meta property=\"og:image:type\" content=\"image\/jpeg\" \/>\n<meta name=\"author\" content=\"Reda\u00e7\u00e3o CP\" \/>\n<meta name=\"twitter:card\" content=\"summary_large_image\" \/>\n<meta name=\"twitter:label1\" content=\"Escrito por\" \/>\n\t<meta name=\"twitter:data1\" content=\"Reda\u00e7\u00e3o CP\" \/>\n\t<meta name=\"twitter:label2\" content=\"Est. tempo de leitura\" \/>\n\t<meta name=\"twitter:data2\" content=\"3 minutos\" \/>\n<script type=\"application\/ld+json\" class=\"yoast-schema-graph\">{\"@context\":\"https:\/\/schema.org\",\"@graph\":[{\"@type\":\"Article\",\"@id\":\"https:\/\/cleitonpinheiro.com.br\/site\/prefeitura-de-palmas-doa-nova-area-para-projeto-habitacional-do-minha-casa-minha-vida\/#article\",\"isPartOf\":{\"@id\":\"https:\/\/cleitonpinheiro.com.br\/site\/prefeitura-de-palmas-doa-nova-area-para-projeto-habitacional-do-minha-casa-minha-vida\/\"},\"author\":{\"name\":\"Reda\u00e7\u00e3o CP\",\"@id\":\"https:\/\/cleitonpinheiro.com.br\/site\/#\/schema\/person\/8f04544e0bc40a1b68775b08360f87db\"},\"headline\":\"Prefeitura de Palmas doa nova \u00e1rea para projeto habitacional do Minha Casa Minha Vida\",\"datePublished\":\"2025-07-17T18:16:02+00:00\",\"dateModified\":\"2025-07-17T18:16:06+00:00\",\"mainEntityOfPage\":{\"@id\":\"https:\/\/cleitonpinheiro.com.br\/site\/prefeitura-de-palmas-doa-nova-area-para-projeto-habitacional-do-minha-casa-minha-vida\/\"},\"wordCount\":369,\"commentCount\":0,\"publisher\":{\"@id\":\"https:\/\/cleitonpinheiro.com.br\/site\/#organization\"},\"image\":{\"@id\":\"https:\/\/cleitonpinheiro.com.br\/site\/prefeitura-de-palmas-doa-nova-area-para-projeto-habitacional-do-minha-casa-minha-vida\/#primaryimage\"},\"thumbnailUrl\":\"https:\/\/cleitonpinheiro.com.br\/site\/wp-content\/uploads\/2024\/12\/29164e0489b04d5db3b107933d326a51-2048x1367-1-1024x684.jpg\",\"articleSection\":[\"CIDADES\",\"MANCHETE SEGUND\u00c1RIA\",\"TODAS NOTICIAS\"],\"inLanguage\":\"pt-BR\",\"potentialAction\":[{\"@type\":\"CommentAction\",\"name\":\"Comment\",\"target\":[\"https:\/\/cleitonpinheiro.com.br\/site\/prefeitura-de-palmas-doa-nova-area-para-projeto-habitacional-do-minha-casa-minha-vida\/#respond\"]}]},{\"@type\":\"WebPage\",\"@id\":\"https:\/\/cleitonpinheiro.com.br\/site\/prefeitura-de-palmas-doa-nova-area-para-projeto-habitacional-do-minha-casa-minha-vida\/\",\"url\":\"https:\/\/cleitonpinheiro.com.br\/site\/prefeitura-de-palmas-doa-nova-area-para-projeto-habitacional-do-minha-casa-minha-vida\/\",\"name\":\"Prefeitura de Palmas doa nova \u00e1rea para projeto habitacional do Minha Casa Minha Vida - PORTAL DE NOT\u00cdCIAS CLEITON PINHEIRO\",\"isPartOf\":{\"@id\":\"https:\/\/cleitonpinheiro.com.br\/site\/#website\"},\"primaryImageOfPage\":{\"@id\":\"https:\/\/cleitonpinheiro.com.br\/site\/prefeitura-de-palmas-doa-nova-area-para-projeto-habitacional-do-minha-casa-minha-vida\/#primaryimage\"},\"image\":{\"@id\":\"https:\/\/cleitonpinheiro.com.br\/site\/prefeitura-de-palmas-doa-nova-area-para-projeto-habitacional-do-minha-casa-minha-vida\/#primaryimage\"},\"thumbnailUrl\":\"https:\/\/cleitonpinheiro.com.br\/site\/wp-content\/uploads\/2024\/12\/29164e0489b04d5db3b107933d326a51-2048x1367-1-1024x684.jpg\",\"datePublished\":\"2025-07-17T18:16:02+00:00\",\"dateModified\":\"2025-07-17T18:16:06+00:00\",\"breadcrumb\":{\"@id\":\"https:\/\/cleitonpinheiro.com.br\/site\/prefeitura-de-palmas-doa-nova-area-para-projeto-habitacional-do-minha-casa-minha-vida\/#breadcrumb\"},\"inLanguage\":\"pt-BR\",\"potentialAction\":[{\"@type\":\"ReadAction\",\"target\":[\"https:\/\/cleitonpinheiro.com.br\/site\/prefeitura-de-palmas-doa-nova-area-para-projeto-habitacional-do-minha-casa-minha-vida\/\"]}]},{\"@type\":\"ImageObject\",\"inLanguage\":\"pt-BR\",\"@id\":\"https:\/\/cleitonpinheiro.com.br\/site\/prefeitura-de-palmas-doa-nova-area-para-projeto-habitacional-do-minha-casa-minha-vida\/#primaryimage\",\"url\":\"\",\"contentUrl\":\"\"},{\"@type\":\"BreadcrumbList\",\"@id\":\"https:\/\/cleitonpinheiro.com.br\/site\/prefeitura-de-palmas-doa-nova-area-para-projeto-habitacional-do-minha-casa-minha-vida\/#breadcrumb\",\"itemListElement\":[{\"@type\":\"ListItem\",\"position\":1,\"name\":\"In\u00edcio\",\"item\":\"https:\/\/cleitonpinheiro.com.br\/site\/\"},{\"@type\":\"ListItem\",\"position\":2,\"name\":\"Prefeitura de Palmas doa nova \u00e1rea para projeto habitacional do Minha Casa Minha Vida\"}]},{\"@type\":\"WebSite\",\"@id\":\"https:\/\/cleitonpinheiro.com.br\/site\/#website\",\"url\":\"https:\/\/cleitonpinheiro.com.br\/site\/\",\"name\":\"PORTAL DE NOT\u00cdCIAS CLEITON PINHEIRO\",\"description\":\"FALANDO A VERDADE\",\"publisher\":{\"@id\":\"https:\/\/cleitonpinheiro.com.br\/site\/#organization\"},\"potentialAction\":[{\"@type\":\"SearchAction\",\"target\":{\"@type\":\"EntryPoint\",\"urlTemplate\":\"https:\/\/cleitonpinheiro.com.br\/site\/?s={search_term_string}\"},\"query-input\":{\"@type\":\"PropertyValueSpecification\",\"valueRequired\":true,\"valueName\":\"search_term_string\"}}],\"inLanguage\":\"pt-BR\"},{\"@type\":\"Organization\",\"@id\":\"https:\/\/cleitonpinheiro.com.br\/site\/#organization\",\"name\":\"CPNOT\u00cdCIAS\",\"url\":\"https:\/\/cleitonpinheiro.com.br\/site\/\",\"logo\":{\"@type\":\"ImageObject\",\"inLanguage\":\"pt-BR\",\"@id\":\"https:\/\/cleitonpinheiro.com.br\/site\/#\/schema\/logo\/image\/\",\"url\":\"https:\/\/cleitonpinheiro.com.br\/site\/wp-content\/uploads\/2022\/08\/Logo-pequena-2.png\",\"contentUrl\":\"https:\/\/cleitonpinheiro.com.br\/site\/wp-content\/uploads\/2022\/08\/Logo-pequena-2.png\",\"width\":500,\"height\":500,\"caption\":\"CPNOT\u00cdCIAS\"},\"image\":{\"@id\":\"https:\/\/cleitonpinheiro.com.br\/site\/#\/schema\/logo\/image\/\"},\"sameAs\":[\"https:\/\/www.facebook.com\/portalcpnoticias\/\"]},{\"@type\":\"Person\",\"@id\":\"https:\/\/cleitonpinheiro.com.br\/site\/#\/schema\/person\/8f04544e0bc40a1b68775b08360f87db\",\"name\":\"Reda\u00e7\u00e3o CP\",\"image\":{\"@type\":\"ImageObject\",\"inLanguage\":\"pt-BR\",\"@id\":\"https:\/\/cleitonpinheiro.com.br\/site\/#\/schema\/person\/image\/\",\"url\":\"https:\/\/secure.gravatar.com\/avatar\/0bcf19cb29fdc8fc588c490c7ae1b3e174dac268586a63fbe1d1893a0f9020cd?s=96&r=g\",\"contentUrl\":\"https:\/\/secure.gravatar.com\/avatar\/0bcf19cb29fdc8fc588c490c7ae1b3e174dac268586a63fbe1d1893a0f9020cd?s=96&r=g\",\"caption\":\"Reda\u00e7\u00e3o CP\"},\"url\":\"https:\/\/cleitonpinheiro.com.br\/site\/author\/redacao\/\"}]}<\/script>\n<!-- \/ Yoast SEO plugin. -->","yoast_head_json":{"title":"Prefeitura de Palmas doa nova \u00e1rea para projeto habitacional do Minha Casa Minha Vida - PORTAL DE NOT\u00cdCIAS CLEITON PINHEIRO","robots":{"index":"index","follow":"follow","max-snippet":"max-snippet:-1","max-image-preview":"max-image-preview:large","max-video-preview":"max-video-preview:-1"},"canonical":"https:\/\/cleitonpinheiro.com.br\/site\/prefeitura-de-palmas-doa-nova-area-para-projeto-habitacional-do-minha-casa-minha-vida\/","og_locale":"pt_BR","og_type":"article","og_title":"Prefeitura de Palmas doa nova \u00e1rea para projeto habitacional do Minha Casa Minha Vida - PORTAL DE NOT\u00cdCIAS CLEITON PINHEIRO","og_description":"A Prefeitura de Palmas enviou \u00e0 C\u00e2mara Municipal, em regime de urg\u00eancia, o Projeto de Lei Complementar n\u00ba 6, de 11 de julho de 2025, referente \u00e0 doa\u00e7\u00e3o de \u00e1rea destinada \u00e0 constru\u00e7\u00e3o do projeto habitacional Residencial Juriti, que beneficiar\u00e1 192 fam\u00edlias atrav\u00e9s do programa Minha Casa Minha Vida-entidades. O novo terreno foi avaliado e [&hellip;]","og_url":"https:\/\/cleitonpinheiro.com.br\/site\/prefeitura-de-palmas-doa-nova-area-para-projeto-habitacional-do-minha-casa-minha-vida\/","og_site_name":"PORTAL DE NOT\u00cdCIAS CLEITON PINHEIRO","article_publisher":"https:\/\/www.facebook.com\/portalcpnoticias\/","article_published_time":"2025-07-17T18:16:02+00:00","article_modified_time":"2025-07-17T18:16:06+00:00","og_image":[{"width":2048,"height":1367,"url":"https:\/\/cleitonpinheiro.com.br\/site\/wp-content\/uploads\/2024\/12\/29164e0489b04d5db3b107933d326a51-2048x1367-1.jpg","type":"image\/jpeg"}],"author":"Reda\u00e7\u00e3o CP","twitter_card":"summary_large_image","twitter_misc":{"Escrito por":"Reda\u00e7\u00e3o CP","Est. tempo de leitura":"3 minutos"},"schema":{"@context":"https:\/\/schema.org","@graph":[{"@type":"Article","@id":"https:\/\/cleitonpinheiro.com.br\/site\/prefeitura-de-palmas-doa-nova-area-para-projeto-habitacional-do-minha-casa-minha-vida\/#article","isPartOf":{"@id":"https:\/\/cleitonpinheiro.com.br\/site\/prefeitura-de-palmas-doa-nova-area-para-projeto-habitacional-do-minha-casa-minha-vida\/"},"author":{"name":"Reda\u00e7\u00e3o CP","@id":"https:\/\/cleitonpinheiro.com.br\/site\/#\/schema\/person\/8f04544e0bc40a1b68775b08360f87db"},"headline":"Prefeitura de Palmas doa nova \u00e1rea para projeto habitacional do Minha Casa Minha Vida","datePublished":"2025-07-17T18:16:02+00:00","dateModified":"2025-07-17T18:16:06+00:00","mainEntityOfPage":{"@id":"https:\/\/cleitonpinheiro.com.br\/site\/prefeitura-de-palmas-doa-nova-area-para-projeto-habitacional-do-minha-casa-minha-vida\/"},"wordCount":369,"commentCount":0,"publisher":{"@id":"https:\/\/cleitonpinheiro.com.br\/site\/#organization"},"image":{"@id":"https:\/\/cleitonpinheiro.com.br\/site\/prefeitura-de-palmas-doa-nova-area-para-projeto-habitacional-do-minha-casa-minha-vida\/#primaryimage"},"thumbnailUrl":"https:\/\/cleitonpinheiro.com.br\/site\/wp-content\/uploads\/2024\/12\/29164e0489b04d5db3b107933d326a51-2048x1367-1-1024x684.jpg","articleSection":["CIDADES","MANCHETE SEGUND\u00c1RIA","TODAS NOTICIAS"],"inLanguage":"pt-BR","potentialAction":[{"@type":"CommentAction","name":"Comment","target":["https:\/\/cleitonpinheiro.com.br\/site\/prefeitura-de-palmas-doa-nova-area-para-projeto-habitacional-do-minha-casa-minha-vida\/#respond"]}]},{"@type":"WebPage","@id":"https:\/\/cleitonpinheiro.com.br\/site\/prefeitura-de-palmas-doa-nova-area-para-projeto-habitacional-do-minha-casa-minha-vida\/","url":"https:\/\/cleitonpinheiro.com.br\/site\/prefeitura-de-palmas-doa-nova-area-para-projeto-habitacional-do-minha-casa-minha-vida\/","name":"Prefeitura de Palmas doa nova \u00e1rea para projeto habitacional do Minha Casa Minha Vida - PORTAL DE NOT\u00cdCIAS CLEITON PINHEIRO","isPartOf":{"@id":"https:\/\/cleitonpinheiro.com.br\/site\/#website"},"primaryImageOfPage":{"@id":"https:\/\/cleitonpinheiro.com.br\/site\/prefeitura-de-palmas-doa-nova-area-para-projeto-habitacional-do-minha-casa-minha-vida\/#primaryimage"},"image":{"@id":"https:\/\/cleitonpinheiro.com.br\/site\/prefeitura-de-palmas-doa-nova-area-para-projeto-habitacional-do-minha-casa-minha-vida\/#primaryimage"},"thumbnailUrl":"https:\/\/cleitonpinheiro.com.br\/site\/wp-content\/uploads\/2024\/12\/29164e0489b04d5db3b107933d326a51-2048x1367-1-1024x684.jpg","datePublished":"2025-07-17T18:16:02+00:00","dateModified":"2025-07-17T18:16:06+00:00","breadcrumb":{"@id":"https:\/\/cleitonpinheiro.com.br\/site\/prefeitura-de-palmas-doa-nova-area-para-projeto-habitacional-do-minha-casa-minha-vida\/#breadcrumb"},"inLanguage":"pt-BR","potentialAction":[{"@type":"ReadAction","target":["https:\/\/cleitonpinheiro.com.br\/site\/prefeitura-de-palmas-doa-nova-area-para-projeto-habitacional-do-minha-casa-minha-vida\/"]}]},{"@type":"ImageObject","inLanguage":"pt-BR","@id":"https:\/\/cleitonpinheiro.com.br\/site\/prefeitura-de-palmas-doa-nova-area-para-projeto-habitacional-do-minha-casa-minha-vida\/#primaryimage","url":"","contentUrl":""},{"@type":"BreadcrumbList","@id":"https:\/\/cleitonpinheiro.com.br\/site\/prefeitura-de-palmas-doa-nova-area-para-projeto-habitacional-do-minha-casa-minha-vida\/#breadcrumb","itemListElement":[{"@type":"ListItem","position":1,"name":"In\u00edcio","item":"https:\/\/cleitonpinheiro.com.br\/site\/"},{"@type":"ListItem","position":2,"name":"Prefeitura de Palmas doa nova \u00e1rea para projeto habitacional do Minha Casa Minha Vida"}]},{"@type":"WebSite","@id":"https:\/\/cleitonpinheiro.com.br\/site\/#website","url":"https:\/\/cleitonpinheiro.com.br\/site\/","name":"PORTAL DE NOT\u00cdCIAS CLEITON PINHEIRO","description":"FALANDO A VERDADE","publisher":{"@id":"https:\/\/cleitonpinheiro.com.br\/site\/#organization"},"potentialAction":[{"@type":"SearchAction","target":{"@type":"EntryPoint","urlTemplate":"https:\/\/cleitonpinheiro.com.br\/site\/?s={search_term_string}"},"query-input":{"@type":"PropertyValueSpecification","valueRequired":true,"valueName":"search_term_string"}}],"inLanguage":"pt-BR"},{"@type":"Organization","@id":"https:\/\/cleitonpinheiro.com.br\/site\/#organization","name":"CPNOT\u00cdCIAS","url":"https:\/\/cleitonpinheiro.com.br\/site\/","logo":{"@type":"ImageObject","inLanguage":"pt-BR","@id":"https:\/\/cleitonpinheiro.com.br\/site\/#\/schema\/logo\/image\/","url":"https:\/\/cleitonpinheiro.com.br\/site\/wp-content\/uploads\/2022\/08\/Logo-pequena-2.png","contentUrl":"https:\/\/cleitonpinheiro.com.br\/site\/wp-content\/uploads\/2022\/08\/Logo-pequena-2.png","width":500,"height":500,"caption":"CPNOT\u00cdCIAS"},"image":{"@id":"https:\/\/cleitonpinheiro.com.br\/site\/#\/schema\/logo\/image\/"},"sameAs":["https:\/\/www.facebook.com\/portalcpnoticias\/"]},{"@type":"Person","@id":"https:\/\/cleitonpinheiro.com.br\/site\/#\/schema\/person\/8f04544e0bc40a1b68775b08360f87db","name":"Reda\u00e7\u00e3o CP","image":{"@type":"ImageObject","inLanguage":"pt-BR","@id":"https:\/\/cleitonpinheiro.com.br\/site\/#\/schema\/person\/image\/","url":"https:\/\/secure.gravatar.com\/avatar\/0bcf19cb29fdc8fc588c490c7ae1b3e174dac268586a63fbe1d1893a0f9020cd?s=96&r=g","contentUrl":"https:\/\/secure.gravatar.com\/avatar\/0bcf19cb29fdc8fc588c490c7ae1b3e174dac268586a63fbe1d1893a0f9020cd?s=96&r=g","caption":"Reda\u00e7\u00e3o CP"},"url":"https:\/\/cleitonpinheiro.com.br\/site\/author\/redacao\/"}]}},"views":121,"_links":{"self":[{"href":"https:\/\/cleitonpinheiro.com.br\/site\/wp-json\/wp\/v2\/posts\/86310","targetHints":{"allow":["GET"]}}],"collection":[{"href":"https:\/\/cleitonpinheiro.com.br\/site\/wp-json\/wp\/v2\/posts"}],"about":[{"href":"https:\/\/cleitonpinheiro.com.br\/site\/wp-json\/wp\/v2\/types\/post"}],"author":[{"embeddable":true,"href":"https:\/\/cleitonpinheiro.com.br\/site\/wp-json\/wp\/v2\/users\/13"}],"replies":[{"embeddable":true,"href":"https:\/\/cleitonpinheiro.com.br\/site\/wp-json\/wp\/v2\/comments?post=86310"}],"version-history":[{"count":1,"href":"https:\/\/cleitonpinheiro.com.br\/site\/wp-json\/wp\/v2\/posts\/86310\/revisions"}],"predecessor-version":[{"id":86311,"href":"https:\/\/cleitonpinheiro.com.br\/site\/wp-json\/wp\/v2\/posts\/86310\/revisions\/86311"}],"wp:attachment":[{"href":"https:\/\/cleitonpinheiro.com.br\/site\/wp-json\/wp\/v2\/media?parent=86310"}],"wp:term":[{"taxonomy":"category","embeddable":true,"href":"https:\/\/cleitonpinheiro.com.br\/site\/wp-json\/wp\/v2\/categories?post=86310"},{"taxonomy":"post_tag","embeddable":true,"href":"https:\/\/cleitonpinheiro.com.br\/site\/wp-json\/wp\/v2\/tags?post=86310"}],"curies":[{"name":"wp","href":"https:\/\/api.w.org\/{rel}","templated":true}]}}