{"id":86315,"date":"2025-07-17T15:23:08","date_gmt":"2025-07-17T18:23:08","guid":{"rendered":"https:\/\/cleitonpinheiro.com.br\/site\/?p=86315"},"modified":"2025-07-17T15:23:12","modified_gmt":"2025-07-17T18:23:12","slug":"lula-se-reune-com-estudantes-vitimas-de-acidente-na-br-153","status":"publish","type":"post","link":"https:\/\/cleitonpinheiro.com.br\/site\/lula-se-reune-com-estudantes-vitimas-de-acidente-na-br-153\/","title":{"rendered":"Lula se re\u00fane com estudantes v\u00edtimas de acidente na BR-153"},"content":{"rendered":"\n<figure class=\"wp-block-image size-large\"><img fetchpriority=\"high\" decoding=\"async\" width=\"1024\" height=\"613\" src=\"https:\/\/cleitonpinheiro.com.br\/site\/wp-content\/uploads\/2025\/07\/vitimas_de_acidente_na_br-153-1024x613.webp\" alt=\"\" class=\"wp-image-86316\" srcset=\"https:\/\/cleitonpinheiro.com.br\/site\/wp-content\/uploads\/2025\/07\/vitimas_de_acidente_na_br-153-1024x613.webp 1024w, https:\/\/cleitonpinheiro.com.br\/site\/wp-content\/uploads\/2025\/07\/vitimas_de_acidente_na_br-153-300x179.webp 300w, https:\/\/cleitonpinheiro.com.br\/site\/wp-content\/uploads\/2025\/07\/vitimas_de_acidente_na_br-153-768x459.webp 768w, https:\/\/cleitonpinheiro.com.br\/site\/wp-content\/uploads\/2025\/07\/vitimas_de_acidente_na_br-153.webp 1170w\" sizes=\"(max-width: 1024px) 100vw, 1024px\" \/><figcaption class=\"wp-element-caption\">\u00a9 Bombeiros-GO\n<\/figcaption><\/figure>\n\n\n\n<p>O presidente Luiz In\u00e1cio Lula da Silva se reuniu nesta quinta-feira (17), de forma reservada,&nbsp;em Goi\u00e2nia, com um grupo de universit\u00e1rios&nbsp;que sobreviveu a&nbsp;<a href=\"https:\/\/agenciabrasil.ebc.com.br\/geral\/noticia\/2025-07\/colisao-envolvendo-onibus-de-universitarios-deixa-cinco-mortos-em-go\" target=\"_blank\" rel=\"noreferrer noopener\">um grave acidente de tr\u00e2nsito na rodovia BR-153<\/a>, em Porangatu, norte de Goi\u00e1s. Da Universidade Federal do Par\u00e1 (UFPA), em Bel\u00e9m, eles estavam a caminho do&nbsp;<a href=\"https:\/\/agenciabrasil.ebc.com.br\/radioagencia-nacional\/educacao\/audio\/2025-07\/congresso-da-une-deve-reunir-15-mil-universitarios-de-todo-o-brasil\" target=\"_blank\" rel=\"noreferrer noopener\">60\u00ba congresso nacional da Uni\u00e3o Nacional dos Estudantes (UNE)<\/a>, realizado na capital goiana.<img decoding=\"async\" src=\"https:\/\/agenciabrasil.ebc.com.br\/ebc.png?id=1651127&amp;o=node\"><img decoding=\"async\" src=\"https:\/\/agenciabrasil.ebc.com.br\/ebc.gif?id=1651127&amp;o=node\"><\/p>\n\n\n\n<p><strong>No encontro, Lula determinou o apoio da For\u00e7a Nacional do SUS para prestar assist\u00eancia m\u00e9dica necess\u00e1ria e tamb\u00e9m ofereceu transporte para que os estudantes possam retornar \u00e0 Bel\u00e9m em seguran\u00e7a.<\/strong><\/p>\n\n\n\n<p>A colis\u00e3o entre um \u00f4nibus, uma carreta e um micro-\u00f4nibus aconteceu na madrugada de quarta-feira (16) e deixou ao menos cinco mortos. Segundo o Corpo de Bombeiros de Goi\u00e1s, houve ainda&nbsp;cerca 70 feridos e&nbsp;alguns ainda seguem internados.<\/p>\n\n\n\n<p>Testemunhas afirmaram, preliminarmente, que a carreta invadiu a pista contr\u00e1ria no KM-2 da BR-153 e se chocou&nbsp;de frente com um dos \u00f4nibus que faziam parte do comboio de estudantes da UFPA.<\/p>\n\n\n\n<h2 class=\"wp-block-heading\">V\u00edtimas<\/h2>\n\n\n\n<p><strong>Das cinco mortes, tr\u00eas foram de estudantes da UFPA<\/strong>. S\u00e3o eles: Leandro Souza Dias, estudante de farm\u00e1cia; Ana Let\u00edcia Ara\u00fajo Cordeiro, aluna de pedagogia; e Welfesom Campos Alves, estudante do curso de produ\u00e7\u00e3o e multim\u00eddia.&nbsp;A institui\u00e7\u00e3o decretou luto oficial de tr\u00eas dias.<\/p>\n\n\n\n<p>As outras v\u00edtimas foram o motorista do micro-\u00f4nibus, Ademilson Milit\u00e3o de Oliveira, e o motorista do caminh\u00e3o, Keyne Laurentino de Oliveira. Ap\u00f3s as investiga\u00e7\u00f5es, os corpos foram levados ao Instituto M\u00e9dico Legal (IML) de Porangatu.<\/p>\n\n\n\n<p>Segundo a assessoria do Pal\u00e1cio do Planalto, o encontro de Lula com parte da delega\u00e7\u00e3o de estudantes paraenses ocorreu em \u00e1rea reservada, de forma respeitosa, pouco antes da cerim\u00f4nia oficial de abertura do congresso, realizado no centro de eventos da Universidade Federal de Goi\u00e1s (UFG). Um dos presentes no encontro com Lula foi o irm\u00e3o de Welfsom, uma das v\u00edtimas.<\/p>\n\n\n\n<h2 class=\"wp-block-heading\">Homenagem \u00e0s v\u00edtimas<\/h2>\n\n\n\n<p>Cerca de 100 dos 180 estudantes que vinham em cinco \u00f4nibus do Par\u00e1 decidiram prosseguir at\u00e9 Goi\u00e2nia&nbsp;e foram acolhidos de forma especial pela organiza\u00e7\u00e3o do evento.<\/p>\n\n\n\n<p>Na cerim\u00f4nia de abertura, os milhares de estudantes presentes fizeram um minuto de aplausos em homenagem \u00e0s v\u00edtimas. Entre os presentes, estavam os ministros Camilo Santana (Educa\u00e7\u00e3o), M\u00e1rcio Mac\u00eado (Secretaria-Geral), Rui Costa (Casa Civil), Luciana Santos (Ci\u00eancia e Tecnologia), Margareth Menezes (Cultura), o l\u00edder do governo no Senado, Jaques Wagner, o l\u00edder do PT na C\u00e2mara, deputado federal Lindbergh Farias (RJ), a reitora da UFG, Angelita Lima, entre outros. O congresso nacional da UNE prossegue at\u00e9 domingo (20).<\/p>\n","protected":false},"excerpt":{"rendered":"<p>O presidente Luiz In\u00e1cio Lula da Silva se reuniu nesta quinta-feira (17), de forma reservada,&nbsp;em Goi\u00e2nia, com um grupo de universit\u00e1rios&nbsp;que sobreviveu a&nbsp;um grave acidente de tr\u00e2nsito na rodovia BR-153, em Porangatu, norte de Goi\u00e1s. Da Universidade Federal do Par\u00e1 (UFPA), em Bel\u00e9m, eles estavam a caminho do&nbsp;60\u00ba congresso nacional da Uni\u00e3o Nacional dos Estudantes [&hellip;]<\/p>\n","protected":false},"author":13,"featured_media":86316,"comment_status":"open","ping_status":"open","sticky":false,"template":"","format":"standard","meta":{"_acf_changed":false,"footnotes":""},"categories":[19,20,21],"tags":[],"class_list":["post-86315","post","type-post","status-publish","format-standard","has-post-thumbnail","hentry","category-brasil-mundo","category-noticias-em-destaque","category-todas-noticias"],"acf":[],"yoast_head":"<!-- This site is optimized with the Yoast SEO plugin v24.4 - https:\/\/yoast.com\/wordpress\/plugins\/seo\/ -->\n<title>Lula se re\u00fane com estudantes v\u00edtimas de acidente na BR-153 - PORTAL DE NOT\u00cdCIAS CLEITON PINHEIRO<\/title>\n<meta name=\"robots\" content=\"index, follow, max-snippet:-1, max-image-preview:large, max-video-preview:-1\" \/>\n<link rel=\"canonical\" href=\"https:\/\/cleitonpinheiro.com.br\/site\/lula-se-reune-com-estudantes-vitimas-de-acidente-na-br-153\/\" \/>\n<meta property=\"og:locale\" content=\"pt_BR\" \/>\n<meta property=\"og:type\" content=\"article\" \/>\n<meta property=\"og:title\" content=\"Lula se re\u00fane com estudantes v\u00edtimas de acidente na BR-153 - PORTAL DE NOT\u00cdCIAS CLEITON PINHEIRO\" \/>\n<meta property=\"og:description\" content=\"O presidente Luiz In\u00e1cio Lula da Silva se reuniu nesta quinta-feira (17), de forma reservada,&nbsp;em Goi\u00e2nia, com um grupo de universit\u00e1rios&nbsp;que sobreviveu a&nbsp;um grave acidente de tr\u00e2nsito na rodovia BR-153, em Porangatu, norte de Goi\u00e1s. Da Universidade Federal do Par\u00e1 (UFPA), em Bel\u00e9m, eles estavam a caminho do&nbsp;60\u00ba congresso nacional da Uni\u00e3o Nacional dos Estudantes [&hellip;]\" \/>\n<meta property=\"og:url\" content=\"https:\/\/cleitonpinheiro.com.br\/site\/lula-se-reune-com-estudantes-vitimas-de-acidente-na-br-153\/\" \/>\n<meta property=\"og:site_name\" content=\"PORTAL DE NOT\u00cdCIAS CLEITON PINHEIRO\" \/>\n<meta property=\"article:publisher\" content=\"https:\/\/www.facebook.com\/portalcpnoticias\/\" \/>\n<meta property=\"article:published_time\" content=\"2025-07-17T18:23:08+00:00\" \/>\n<meta property=\"article:modified_time\" content=\"2025-07-17T18:23:12+00:00\" \/>\n<meta property=\"og:image\" content=\"https:\/\/cleitonpinheiro.com.br\/site\/wp-content\/uploads\/2025\/07\/vitimas_de_acidente_na_br-153.webp\" \/>\n\t<meta property=\"og:image:width\" content=\"1170\" \/>\n\t<meta property=\"og:image:height\" content=\"700\" \/>\n\t<meta property=\"og:image:type\" content=\"image\/webp\" \/>\n<meta name=\"author\" content=\"Reda\u00e7\u00e3o CP\" \/>\n<meta name=\"twitter:card\" content=\"summary_large_image\" \/>\n<meta name=\"twitter:label1\" content=\"Escrito por\" \/>\n\t<meta name=\"twitter:data1\" content=\"Reda\u00e7\u00e3o CP\" \/>\n\t<meta name=\"twitter:label2\" content=\"Est. tempo de leitura\" \/>\n\t<meta name=\"twitter:data2\" content=\"4 minutos\" \/>\n<script type=\"application\/ld+json\" class=\"yoast-schema-graph\">{\"@context\":\"https:\/\/schema.org\",\"@graph\":[{\"@type\":\"Article\",\"@id\":\"https:\/\/cleitonpinheiro.com.br\/site\/lula-se-reune-com-estudantes-vitimas-de-acidente-na-br-153\/#article\",\"isPartOf\":{\"@id\":\"https:\/\/cleitonpinheiro.com.br\/site\/lula-se-reune-com-estudantes-vitimas-de-acidente-na-br-153\/\"},\"author\":{\"name\":\"Reda\u00e7\u00e3o CP\",\"@id\":\"https:\/\/cleitonpinheiro.com.br\/site\/#\/schema\/person\/8f04544e0bc40a1b68775b08360f87db\"},\"headline\":\"Lula se re\u00fane com estudantes v\u00edtimas de acidente na BR-153\",\"datePublished\":\"2025-07-17T18:23:08+00:00\",\"dateModified\":\"2025-07-17T18:23:12+00:00\",\"mainEntityOfPage\":{\"@id\":\"https:\/\/cleitonpinheiro.com.br\/site\/lula-se-reune-com-estudantes-vitimas-de-acidente-na-br-153\/\"},\"wordCount\":479,\"commentCount\":0,\"publisher\":{\"@id\":\"https:\/\/cleitonpinheiro.com.br\/site\/#organization\"},\"image\":{\"@id\":\"https:\/\/cleitonpinheiro.com.br\/site\/lula-se-reune-com-estudantes-vitimas-de-acidente-na-br-153\/#primaryimage\"},\"thumbnailUrl\":\"https:\/\/cleitonpinheiro.com.br\/site\/wp-content\/uploads\/2025\/07\/vitimas_de_acidente_na_br-153.webp\",\"articleSection\":[\"BRASIL \/ MUNDO\",\"NOT\u00cdCIAS EM DESTAQUE\",\"TODAS NOTICIAS\"],\"inLanguage\":\"pt-BR\",\"potentialAction\":[{\"@type\":\"CommentAction\",\"name\":\"Comment\",\"target\":[\"https:\/\/cleitonpinheiro.com.br\/site\/lula-se-reune-com-estudantes-vitimas-de-acidente-na-br-153\/#respond\"]}]},{\"@type\":\"WebPage\",\"@id\":\"https:\/\/cleitonpinheiro.com.br\/site\/lula-se-reune-com-estudantes-vitimas-de-acidente-na-br-153\/\",\"url\":\"https:\/\/cleitonpinheiro.com.br\/site\/lula-se-reune-com-estudantes-vitimas-de-acidente-na-br-153\/\",\"name\":\"Lula se re\u00fane com estudantes v\u00edtimas de acidente na BR-153 - PORTAL DE NOT\u00cdCIAS CLEITON PINHEIRO\",\"isPartOf\":{\"@id\":\"https:\/\/cleitonpinheiro.com.br\/site\/#website\"},\"primaryImageOfPage\":{\"@id\":\"https:\/\/cleitonpinheiro.com.br\/site\/lula-se-reune-com-estudantes-vitimas-de-acidente-na-br-153\/#primaryimage\"},\"image\":{\"@id\":\"https:\/\/cleitonpinheiro.com.br\/site\/lula-se-reune-com-estudantes-vitimas-de-acidente-na-br-153\/#primaryimage\"},\"thumbnailUrl\":\"https:\/\/cleitonpinheiro.com.br\/site\/wp-content\/uploads\/2025\/07\/vitimas_de_acidente_na_br-153.webp\",\"datePublished\":\"2025-07-17T18:23:08+00:00\",\"dateModified\":\"2025-07-17T18:23:12+00:00\",\"breadcrumb\":{\"@id\":\"https:\/\/cleitonpinheiro.com.br\/site\/lula-se-reune-com-estudantes-vitimas-de-acidente-na-br-153\/#breadcrumb\"},\"inLanguage\":\"pt-BR\",\"potentialAction\":[{\"@type\":\"ReadAction\",\"target\":[\"https:\/\/cleitonpinheiro.com.br\/site\/lula-se-reune-com-estudantes-vitimas-de-acidente-na-br-153\/\"]}]},{\"@type\":\"ImageObject\",\"inLanguage\":\"pt-BR\",\"@id\":\"https:\/\/cleitonpinheiro.com.br\/site\/lula-se-reune-com-estudantes-vitimas-de-acidente-na-br-153\/#primaryimage\",\"url\":\"https:\/\/cleitonpinheiro.com.br\/site\/wp-content\/uploads\/2025\/07\/vitimas_de_acidente_na_br-153.webp\",\"contentUrl\":\"https:\/\/cleitonpinheiro.com.br\/site\/wp-content\/uploads\/2025\/07\/vitimas_de_acidente_na_br-153.webp\",\"width\":1170,\"height\":700,\"caption\":\"\u00a9 Bombeiros-GO\"},{\"@type\":\"BreadcrumbList\",\"@id\":\"https:\/\/cleitonpinheiro.com.br\/site\/lula-se-reune-com-estudantes-vitimas-de-acidente-na-br-153\/#breadcrumb\",\"itemListElement\":[{\"@type\":\"ListItem\",\"position\":1,\"name\":\"In\u00edcio\",\"item\":\"https:\/\/cleitonpinheiro.com.br\/site\/\"},{\"@type\":\"ListItem\",\"position\":2,\"name\":\"Lula se re\u00fane com estudantes v\u00edtimas de acidente na BR-153\"}]},{\"@type\":\"WebSite\",\"@id\":\"https:\/\/cleitonpinheiro.com.br\/site\/#website\",\"url\":\"https:\/\/cleitonpinheiro.com.br\/site\/\",\"name\":\"PORTAL DE NOT\u00cdCIAS CLEITON PINHEIRO\",\"description\":\"FALANDO A VERDADE\",\"publisher\":{\"@id\":\"https:\/\/cleitonpinheiro.com.br\/site\/#organization\"},\"potentialAction\":[{\"@type\":\"SearchAction\",\"target\":{\"@type\":\"EntryPoint\",\"urlTemplate\":\"https:\/\/cleitonpinheiro.com.br\/site\/?s={search_term_string}\"},\"query-input\":{\"@type\":\"PropertyValueSpecification\",\"valueRequired\":true,\"valueName\":\"search_term_string\"}}],\"inLanguage\":\"pt-BR\"},{\"@type\":\"Organization\",\"@id\":\"https:\/\/cleitonpinheiro.com.br\/site\/#organization\",\"name\":\"CPNOT\u00cdCIAS\",\"url\":\"https:\/\/cleitonpinheiro.com.br\/site\/\",\"logo\":{\"@type\":\"ImageObject\",\"inLanguage\":\"pt-BR\",\"@id\":\"https:\/\/cleitonpinheiro.com.br\/site\/#\/schema\/logo\/image\/\",\"url\":\"https:\/\/cleitonpinheiro.com.br\/site\/wp-content\/uploads\/2022\/08\/Logo-pequena-2.png\",\"contentUrl\":\"https:\/\/cleitonpinheiro.com.br\/site\/wp-content\/uploads\/2022\/08\/Logo-pequena-2.png\",\"width\":500,\"height\":500,\"caption\":\"CPNOT\u00cdCIAS\"},\"image\":{\"@id\":\"https:\/\/cleitonpinheiro.com.br\/site\/#\/schema\/logo\/image\/\"},\"sameAs\":[\"https:\/\/www.facebook.com\/portalcpnoticias\/\"]},{\"@type\":\"Person\",\"@id\":\"https:\/\/cleitonpinheiro.com.br\/site\/#\/schema\/person\/8f04544e0bc40a1b68775b08360f87db\",\"name\":\"Reda\u00e7\u00e3o CP\",\"image\":{\"@type\":\"ImageObject\",\"inLanguage\":\"pt-BR\",\"@id\":\"https:\/\/cleitonpinheiro.com.br\/site\/#\/schema\/person\/image\/\",\"url\":\"https:\/\/secure.gravatar.com\/avatar\/0bcf19cb29fdc8fc588c490c7ae1b3e174dac268586a63fbe1d1893a0f9020cd?s=96&r=g\",\"contentUrl\":\"https:\/\/secure.gravatar.com\/avatar\/0bcf19cb29fdc8fc588c490c7ae1b3e174dac268586a63fbe1d1893a0f9020cd?s=96&r=g\",\"caption\":\"Reda\u00e7\u00e3o CP\"},\"url\":\"https:\/\/cleitonpinheiro.com.br\/site\/author\/redacao\/\"}]}<\/script>\n<!-- \/ Yoast SEO plugin. -->","yoast_head_json":{"title":"Lula se re\u00fane com estudantes v\u00edtimas de acidente na BR-153 - PORTAL DE NOT\u00cdCIAS CLEITON PINHEIRO","robots":{"index":"index","follow":"follow","max-snippet":"max-snippet:-1","max-image-preview":"max-image-preview:large","max-video-preview":"max-video-preview:-1"},"canonical":"https:\/\/cleitonpinheiro.com.br\/site\/lula-se-reune-com-estudantes-vitimas-de-acidente-na-br-153\/","og_locale":"pt_BR","og_type":"article","og_title":"Lula se re\u00fane com estudantes v\u00edtimas de acidente na BR-153 - PORTAL DE NOT\u00cdCIAS CLEITON PINHEIRO","og_description":"O presidente Luiz In\u00e1cio Lula da Silva se reuniu nesta quinta-feira (17), de forma reservada,&nbsp;em Goi\u00e2nia, com um grupo de universit\u00e1rios&nbsp;que sobreviveu a&nbsp;um grave acidente de tr\u00e2nsito na rodovia BR-153, em Porangatu, norte de Goi\u00e1s. Da Universidade Federal do Par\u00e1 (UFPA), em Bel\u00e9m, eles estavam a caminho do&nbsp;60\u00ba congresso nacional da Uni\u00e3o Nacional dos Estudantes [&hellip;]","og_url":"https:\/\/cleitonpinheiro.com.br\/site\/lula-se-reune-com-estudantes-vitimas-de-acidente-na-br-153\/","og_site_name":"PORTAL DE NOT\u00cdCIAS CLEITON PINHEIRO","article_publisher":"https:\/\/www.facebook.com\/portalcpnoticias\/","article_published_time":"2025-07-17T18:23:08+00:00","article_modified_time":"2025-07-17T18:23:12+00:00","og_image":[{"width":1170,"height":700,"url":"https:\/\/cleitonpinheiro.com.br\/site\/wp-content\/uploads\/2025\/07\/vitimas_de_acidente_na_br-153.webp","type":"image\/webp"}],"author":"Reda\u00e7\u00e3o CP","twitter_card":"summary_large_image","twitter_misc":{"Escrito por":"Reda\u00e7\u00e3o CP","Est. tempo de leitura":"4 minutos"},"schema":{"@context":"https:\/\/schema.org","@graph":[{"@type":"Article","@id":"https:\/\/cleitonpinheiro.com.br\/site\/lula-se-reune-com-estudantes-vitimas-de-acidente-na-br-153\/#article","isPartOf":{"@id":"https:\/\/cleitonpinheiro.com.br\/site\/lula-se-reune-com-estudantes-vitimas-de-acidente-na-br-153\/"},"author":{"name":"Reda\u00e7\u00e3o CP","@id":"https:\/\/cleitonpinheiro.com.br\/site\/#\/schema\/person\/8f04544e0bc40a1b68775b08360f87db"},"headline":"Lula se re\u00fane com estudantes v\u00edtimas de acidente na BR-153","datePublished":"2025-07-17T18:23:08+00:00","dateModified":"2025-07-17T18:23:12+00:00","mainEntityOfPage":{"@id":"https:\/\/cleitonpinheiro.com.br\/site\/lula-se-reune-com-estudantes-vitimas-de-acidente-na-br-153\/"},"wordCount":479,"commentCount":0,"publisher":{"@id":"https:\/\/cleitonpinheiro.com.br\/site\/#organization"},"image":{"@id":"https:\/\/cleitonpinheiro.com.br\/site\/lula-se-reune-com-estudantes-vitimas-de-acidente-na-br-153\/#primaryimage"},"thumbnailUrl":"https:\/\/cleitonpinheiro.com.br\/site\/wp-content\/uploads\/2025\/07\/vitimas_de_acidente_na_br-153.webp","articleSection":["BRASIL \/ MUNDO","NOT\u00cdCIAS EM DESTAQUE","TODAS NOTICIAS"],"inLanguage":"pt-BR","potentialAction":[{"@type":"CommentAction","name":"Comment","target":["https:\/\/cleitonpinheiro.com.br\/site\/lula-se-reune-com-estudantes-vitimas-de-acidente-na-br-153\/#respond"]}]},{"@type":"WebPage","@id":"https:\/\/cleitonpinheiro.com.br\/site\/lula-se-reune-com-estudantes-vitimas-de-acidente-na-br-153\/","url":"https:\/\/cleitonpinheiro.com.br\/site\/lula-se-reune-com-estudantes-vitimas-de-acidente-na-br-153\/","name":"Lula se re\u00fane com estudantes v\u00edtimas de acidente na BR-153 - PORTAL DE NOT\u00cdCIAS CLEITON PINHEIRO","isPartOf":{"@id":"https:\/\/cleitonpinheiro.com.br\/site\/#website"},"primaryImageOfPage":{"@id":"https:\/\/cleitonpinheiro.com.br\/site\/lula-se-reune-com-estudantes-vitimas-de-acidente-na-br-153\/#primaryimage"},"image":{"@id":"https:\/\/cleitonpinheiro.com.br\/site\/lula-se-reune-com-estudantes-vitimas-de-acidente-na-br-153\/#primaryimage"},"thumbnailUrl":"https:\/\/cleitonpinheiro.com.br\/site\/wp-content\/uploads\/2025\/07\/vitimas_de_acidente_na_br-153.webp","datePublished":"2025-07-17T18:23:08+00:00","dateModified":"2025-07-17T18:23:12+00:00","breadcrumb":{"@id":"https:\/\/cleitonpinheiro.com.br\/site\/lula-se-reune-com-estudantes-vitimas-de-acidente-na-br-153\/#breadcrumb"},"inLanguage":"pt-BR","potentialAction":[{"@type":"ReadAction","target":["https:\/\/cleitonpinheiro.com.br\/site\/lula-se-reune-com-estudantes-vitimas-de-acidente-na-br-153\/"]}]},{"@type":"ImageObject","inLanguage":"pt-BR","@id":"https:\/\/cleitonpinheiro.com.br\/site\/lula-se-reune-com-estudantes-vitimas-de-acidente-na-br-153\/#primaryimage","url":"https:\/\/cleitonpinheiro.com.br\/site\/wp-content\/uploads\/2025\/07\/vitimas_de_acidente_na_br-153.webp","contentUrl":"https:\/\/cleitonpinheiro.com.br\/site\/wp-content\/uploads\/2025\/07\/vitimas_de_acidente_na_br-153.webp","width":1170,"height":700,"caption":"\u00a9 Bombeiros-GO"},{"@type":"BreadcrumbList","@id":"https:\/\/cleitonpinheiro.com.br\/site\/lula-se-reune-com-estudantes-vitimas-de-acidente-na-br-153\/#breadcrumb","itemListElement":[{"@type":"ListItem","position":1,"name":"In\u00edcio","item":"https:\/\/cleitonpinheiro.com.br\/site\/"},{"@type":"ListItem","position":2,"name":"Lula se re\u00fane com estudantes v\u00edtimas de acidente na BR-153"}]},{"@type":"WebSite","@id":"https:\/\/cleitonpinheiro.com.br\/site\/#website","url":"https:\/\/cleitonpinheiro.com.br\/site\/","name":"PORTAL DE NOT\u00cdCIAS CLEITON PINHEIRO","description":"FALANDO A VERDADE","publisher":{"@id":"https:\/\/cleitonpinheiro.com.br\/site\/#organization"},"potentialAction":[{"@type":"SearchAction","target":{"@type":"EntryPoint","urlTemplate":"https:\/\/cleitonpinheiro.com.br\/site\/?s={search_term_string}"},"query-input":{"@type":"PropertyValueSpecification","valueRequired":true,"valueName":"search_term_string"}}],"inLanguage":"pt-BR"},{"@type":"Organization","@id":"https:\/\/cleitonpinheiro.com.br\/site\/#organization","name":"CPNOT\u00cdCIAS","url":"https:\/\/cleitonpinheiro.com.br\/site\/","logo":{"@type":"ImageObject","inLanguage":"pt-BR","@id":"https:\/\/cleitonpinheiro.com.br\/site\/#\/schema\/logo\/image\/","url":"https:\/\/cleitonpinheiro.com.br\/site\/wp-content\/uploads\/2022\/08\/Logo-pequena-2.png","contentUrl":"https:\/\/cleitonpinheiro.com.br\/site\/wp-content\/uploads\/2022\/08\/Logo-pequena-2.png","width":500,"height":500,"caption":"CPNOT\u00cdCIAS"},"image":{"@id":"https:\/\/cleitonpinheiro.com.br\/site\/#\/schema\/logo\/image\/"},"sameAs":["https:\/\/www.facebook.com\/portalcpnoticias\/"]},{"@type":"Person","@id":"https:\/\/cleitonpinheiro.com.br\/site\/#\/schema\/person\/8f04544e0bc40a1b68775b08360f87db","name":"Reda\u00e7\u00e3o CP","image":{"@type":"ImageObject","inLanguage":"pt-BR","@id":"https:\/\/cleitonpinheiro.com.br\/site\/#\/schema\/person\/image\/","url":"https:\/\/secure.gravatar.com\/avatar\/0bcf19cb29fdc8fc588c490c7ae1b3e174dac268586a63fbe1d1893a0f9020cd?s=96&r=g","contentUrl":"https:\/\/secure.gravatar.com\/avatar\/0bcf19cb29fdc8fc588c490c7ae1b3e174dac268586a63fbe1d1893a0f9020cd?s=96&r=g","caption":"Reda\u00e7\u00e3o CP"},"url":"https:\/\/cleitonpinheiro.com.br\/site\/author\/redacao\/"}]}},"views":145,"_links":{"self":[{"href":"https:\/\/cleitonpinheiro.com.br\/site\/wp-json\/wp\/v2\/posts\/86315","targetHints":{"allow":["GET"]}}],"collection":[{"href":"https:\/\/cleitonpinheiro.com.br\/site\/wp-json\/wp\/v2\/posts"}],"about":[{"href":"https:\/\/cleitonpinheiro.com.br\/site\/wp-json\/wp\/v2\/types\/post"}],"author":[{"embeddable":true,"href":"https:\/\/cleitonpinheiro.com.br\/site\/wp-json\/wp\/v2\/users\/13"}],"replies":[{"embeddable":true,"href":"https:\/\/cleitonpinheiro.com.br\/site\/wp-json\/wp\/v2\/comments?post=86315"}],"version-history":[{"count":1,"href":"https:\/\/cleitonpinheiro.com.br\/site\/wp-json\/wp\/v2\/posts\/86315\/revisions"}],"predecessor-version":[{"id":86317,"href":"https:\/\/cleitonpinheiro.com.br\/site\/wp-json\/wp\/v2\/posts\/86315\/revisions\/86317"}],"wp:featuredmedia":[{"embeddable":true,"href":"https:\/\/cleitonpinheiro.com.br\/site\/wp-json\/wp\/v2\/media\/86316"}],"wp:attachment":[{"href":"https:\/\/cleitonpinheiro.com.br\/site\/wp-json\/wp\/v2\/media?parent=86315"}],"wp:term":[{"taxonomy":"category","embeddable":true,"href":"https:\/\/cleitonpinheiro.com.br\/site\/wp-json\/wp\/v2\/categories?post=86315"},{"taxonomy":"post_tag","embeddable":true,"href":"https:\/\/cleitonpinheiro.com.br\/site\/wp-json\/wp\/v2\/tags?post=86315"}],"curies":[{"name":"wp","href":"https:\/\/api.w.org\/{rel}","templated":true}]}}