{"id":86321,"date":"2025-07-18T10:18:57","date_gmt":"2025-07-18T13:18:57","guid":{"rendered":"https:\/\/cleitonpinheiro.com.br\/site\/?p=86321"},"modified":"2025-07-21T13:12:16","modified_gmt":"2025-07-21T16:12:16","slug":"eduardo-siqueira-campos-reassume-a-prefeitura-de-palmas-e-anuncia-reversao-de-atos-do-vice","status":"publish","type":"post","link":"https:\/\/cleitonpinheiro.com.br\/site\/eduardo-siqueira-campos-reassume-a-prefeitura-de-palmas-e-anuncia-reversao-de-atos-do-vice\/","title":{"rendered":"Eduardo Siqueira Campos reassume a Prefeitura de Palmas e anuncia revers\u00e3o de atos do vice"},"content":{"rendered":"\n<figure class=\"wp-block-image size-full\"><img fetchpriority=\"high\" decoding=\"async\" width=\"1024\" height=\"768\" src=\"https:\/\/cleitonpinheiro.com.br\/site\/wp-content\/uploads\/2025\/07\/d3ff3c4c-9ed0-4eee-a9b9-6aa1463239f8-1024x768-1.jpeg\" alt=\"\" class=\"wp-image-86322\" srcset=\"https:\/\/cleitonpinheiro.com.br\/site\/wp-content\/uploads\/2025\/07\/d3ff3c4c-9ed0-4eee-a9b9-6aa1463239f8-1024x768-1.jpeg 1024w, https:\/\/cleitonpinheiro.com.br\/site\/wp-content\/uploads\/2025\/07\/d3ff3c4c-9ed0-4eee-a9b9-6aa1463239f8-1024x768-1-300x225.jpeg 300w, https:\/\/cleitonpinheiro.com.br\/site\/wp-content\/uploads\/2025\/07\/d3ff3c4c-9ed0-4eee-a9b9-6aa1463239f8-1024x768-1-768x576.jpeg 768w\" sizes=\"(max-width: 1024px) 100vw, 1024px\" \/><\/figure>\n\n\n\n<p>Ap\u00f3s uma decis\u00e3o judicial que determinou seu retorno ao comando da Prefeitura de Palmas, o prefeito Eduardo Siqueira Campos (Podemos) reassumiu oficialmente o cargo na noite desta quinta-feira, 17. O ato, marcado por uma entrevista coletiva simb\u00f3lica no Orquid\u00e1rio Municipal, sinalizou o tom de sua nova gest\u00e3o: mudan\u00e7as e a revers\u00e3o de atos do per\u00edodo de interinidade.<\/p>\n\n\n\n<p>Ainda em recupera\u00e7\u00e3o de uma angioplastia, Eduardo Siqueira Campos compareceu ao evento acompanhado por secret\u00e1rios e aliados pol\u00edticos. Sua condi\u00e7\u00e3o de sa\u00fade exige cuidados, e foi ressaltado que ele n\u00e3o pode falar alto, se exaltar ou receber contatos f\u00edsicos mais bruscos, como &#8220;tapas no peito&#8221;.<\/p>\n\n\n\n<p>Com um discurso firme, o prefeito n\u00e3o escondeu seu desconforto com as altera\u00e7\u00f5es promovidas pelo vice-prefeito Carlos Eduardo Velozo (Agir) nos \u00faltimos 20 dias em que esteve como interino. Eduardo Siqueira Campos anunciou que ir\u00e1 reverter nomea\u00e7\u00f5es e exonera\u00e7\u00f5es feitas no per\u00edodo.<\/p>\n\n\n\n<p>\u201cSer\u00e3o exonerados secret\u00e1rios que substitu\u00edram aqueles que foram demitidos e outros secret\u00e1rios que passam a n\u00e3o mais integrar a minha gest\u00e3o\u201d, declarou, confirmando que uma edi\u00e7\u00e3o extra do Di\u00e1rio Oficial ser\u00e1 publicada para formalizar as mudan\u00e7as.<\/p>\n\n\n\n<p>Demonstrando um claro inc\u00f4modo com a forma como as trocas foram conduzidas, o prefeito fez quest\u00e3o de destacar que far\u00e1 as dispensas de maneira respeitosa, em contraste com o que, segundo ele, ocorreu em sua aus\u00eancia. \u201cN\u00e3o deixarei que ningu\u00e9m saiba da sua exonera\u00e7\u00e3o pelo Di\u00e1rio Oficial. Quem foi nomeado com dignidade, deve ser dispensado com respeito\u201d, enfatizou.<\/p>\n\n\n\n<p>Ao final, Eduardo Siqueira Campos deixou um recado direto sobre os crit\u00e9rios de lealdade e compromisso que nortear\u00e3o sua equipe a partir de agora: \u201cHonrei todos os meus compromissos e s\u00f3 n\u00e3o estar\u00e1 na minha gest\u00e3o quem n\u00e3o o fez\u201d.<\/p>\n","protected":false},"excerpt":{"rendered":"<p>Ap\u00f3s uma decis\u00e3o judicial que determinou seu retorno ao comando da Prefeitura de Palmas, o prefeito Eduardo Siqueira Campos (Podemos) reassumiu oficialmente o cargo na noite desta quinta-feira, 17. O ato, marcado por uma entrevista coletiva simb\u00f3lica no Orquid\u00e1rio Municipal, sinalizou o tom de sua nova gest\u00e3o: mudan\u00e7as e a revers\u00e3o de atos do per\u00edodo [&hellip;]<\/p>\n","protected":false},"author":13,"featured_media":86322,"comment_status":"open","ping_status":"open","sticky":false,"template":"","format":"standard","meta":{"_acf_changed":false,"footnotes":""},"categories":[898,23,21],"tags":[],"class_list":["post-86321","post","type-post","status-publish","format-standard","has-post-thumbnail","hentry","category-manchete-segundaria","category-politica","category-todas-noticias"],"acf":[],"yoast_head":"<!-- This site is optimized with the Yoast SEO plugin v24.4 - https:\/\/yoast.com\/wordpress\/plugins\/seo\/ -->\n<title>Eduardo Siqueira Campos reassume a Prefeitura de Palmas e anuncia revers\u00e3o de atos do vice - PORTAL DE NOT\u00cdCIAS CLEITON PINHEIRO<\/title>\n<meta name=\"robots\" content=\"index, follow, max-snippet:-1, max-image-preview:large, max-video-preview:-1\" \/>\n<link rel=\"canonical\" href=\"https:\/\/cleitonpinheiro.com.br\/site\/eduardo-siqueira-campos-reassume-a-prefeitura-de-palmas-e-anuncia-reversao-de-atos-do-vice\/\" \/>\n<meta property=\"og:locale\" content=\"pt_BR\" \/>\n<meta property=\"og:type\" content=\"article\" \/>\n<meta property=\"og:title\" content=\"Eduardo Siqueira Campos reassume a Prefeitura de Palmas e anuncia revers\u00e3o de atos do vice - PORTAL DE NOT\u00cdCIAS CLEITON PINHEIRO\" \/>\n<meta property=\"og:description\" content=\"Ap\u00f3s uma decis\u00e3o judicial que determinou seu retorno ao comando da Prefeitura de Palmas, o prefeito Eduardo Siqueira Campos (Podemos) reassumiu oficialmente o cargo na noite desta quinta-feira, 17. O ato, marcado por uma entrevista coletiva simb\u00f3lica no Orquid\u00e1rio Municipal, sinalizou o tom de sua nova gest\u00e3o: mudan\u00e7as e a revers\u00e3o de atos do per\u00edodo [&hellip;]\" \/>\n<meta property=\"og:url\" content=\"https:\/\/cleitonpinheiro.com.br\/site\/eduardo-siqueira-campos-reassume-a-prefeitura-de-palmas-e-anuncia-reversao-de-atos-do-vice\/\" \/>\n<meta property=\"og:site_name\" content=\"PORTAL DE NOT\u00cdCIAS CLEITON PINHEIRO\" \/>\n<meta property=\"article:publisher\" content=\"https:\/\/www.facebook.com\/portalcpnoticias\/\" \/>\n<meta property=\"article:published_time\" content=\"2025-07-18T13:18:57+00:00\" \/>\n<meta property=\"article:modified_time\" content=\"2025-07-21T16:12:16+00:00\" \/>\n<meta property=\"og:image\" content=\"https:\/\/cleitonpinheiro.com.br\/site\/wp-content\/uploads\/2025\/07\/d3ff3c4c-9ed0-4eee-a9b9-6aa1463239f8-1024x768-1.jpeg\" \/>\n\t<meta property=\"og:image:width\" content=\"1024\" \/>\n\t<meta property=\"og:image:height\" content=\"768\" \/>\n\t<meta property=\"og:image:type\" content=\"image\/jpeg\" \/>\n<meta name=\"author\" content=\"Reda\u00e7\u00e3o CP\" \/>\n<meta name=\"twitter:card\" content=\"summary_large_image\" \/>\n<meta name=\"twitter:label1\" content=\"Escrito por\" \/>\n\t<meta name=\"twitter:data1\" content=\"Reda\u00e7\u00e3o CP\" \/>\n\t<meta name=\"twitter:label2\" content=\"Est. tempo de leitura\" \/>\n\t<meta name=\"twitter:data2\" content=\"2 minutos\" \/>\n<script type=\"application\/ld+json\" class=\"yoast-schema-graph\">{\"@context\":\"https:\/\/schema.org\",\"@graph\":[{\"@type\":\"Article\",\"@id\":\"https:\/\/cleitonpinheiro.com.br\/site\/eduardo-siqueira-campos-reassume-a-prefeitura-de-palmas-e-anuncia-reversao-de-atos-do-vice\/#article\",\"isPartOf\":{\"@id\":\"https:\/\/cleitonpinheiro.com.br\/site\/eduardo-siqueira-campos-reassume-a-prefeitura-de-palmas-e-anuncia-reversao-de-atos-do-vice\/\"},\"author\":{\"name\":\"Reda\u00e7\u00e3o CP\",\"@id\":\"https:\/\/cleitonpinheiro.com.br\/site\/#\/schema\/person\/8f04544e0bc40a1b68775b08360f87db\"},\"headline\":\"Eduardo Siqueira Campos reassume a Prefeitura de Palmas e anuncia revers\u00e3o de atos do vice\",\"datePublished\":\"2025-07-18T13:18:57+00:00\",\"dateModified\":\"2025-07-21T16:12:16+00:00\",\"mainEntityOfPage\":{\"@id\":\"https:\/\/cleitonpinheiro.com.br\/site\/eduardo-siqueira-campos-reassume-a-prefeitura-de-palmas-e-anuncia-reversao-de-atos-do-vice\/\"},\"wordCount\":333,\"commentCount\":0,\"publisher\":{\"@id\":\"https:\/\/cleitonpinheiro.com.br\/site\/#organization\"},\"image\":{\"@id\":\"https:\/\/cleitonpinheiro.com.br\/site\/eduardo-siqueira-campos-reassume-a-prefeitura-de-palmas-e-anuncia-reversao-de-atos-do-vice\/#primaryimage\"},\"thumbnailUrl\":\"https:\/\/cleitonpinheiro.com.br\/site\/wp-content\/uploads\/2025\/07\/d3ff3c4c-9ed0-4eee-a9b9-6aa1463239f8-1024x768-1.jpeg\",\"articleSection\":[\"MANCHETE SEGUND\u00c1RIA\",\"POL\u00cdTICA\",\"TODAS NOTICIAS\"],\"inLanguage\":\"pt-BR\",\"potentialAction\":[{\"@type\":\"CommentAction\",\"name\":\"Comment\",\"target\":[\"https:\/\/cleitonpinheiro.com.br\/site\/eduardo-siqueira-campos-reassume-a-prefeitura-de-palmas-e-anuncia-reversao-de-atos-do-vice\/#respond\"]}]},{\"@type\":\"WebPage\",\"@id\":\"https:\/\/cleitonpinheiro.com.br\/site\/eduardo-siqueira-campos-reassume-a-prefeitura-de-palmas-e-anuncia-reversao-de-atos-do-vice\/\",\"url\":\"https:\/\/cleitonpinheiro.com.br\/site\/eduardo-siqueira-campos-reassume-a-prefeitura-de-palmas-e-anuncia-reversao-de-atos-do-vice\/\",\"name\":\"Eduardo Siqueira Campos reassume a Prefeitura de Palmas e anuncia revers\u00e3o de atos do vice - PORTAL DE NOT\u00cdCIAS CLEITON PINHEIRO\",\"isPartOf\":{\"@id\":\"https:\/\/cleitonpinheiro.com.br\/site\/#website\"},\"primaryImageOfPage\":{\"@id\":\"https:\/\/cleitonpinheiro.com.br\/site\/eduardo-siqueira-campos-reassume-a-prefeitura-de-palmas-e-anuncia-reversao-de-atos-do-vice\/#primaryimage\"},\"image\":{\"@id\":\"https:\/\/cleitonpinheiro.com.br\/site\/eduardo-siqueira-campos-reassume-a-prefeitura-de-palmas-e-anuncia-reversao-de-atos-do-vice\/#primaryimage\"},\"thumbnailUrl\":\"https:\/\/cleitonpinheiro.com.br\/site\/wp-content\/uploads\/2025\/07\/d3ff3c4c-9ed0-4eee-a9b9-6aa1463239f8-1024x768-1.jpeg\",\"datePublished\":\"2025-07-18T13:18:57+00:00\",\"dateModified\":\"2025-07-21T16:12:16+00:00\",\"breadcrumb\":{\"@id\":\"https:\/\/cleitonpinheiro.com.br\/site\/eduardo-siqueira-campos-reassume-a-prefeitura-de-palmas-e-anuncia-reversao-de-atos-do-vice\/#breadcrumb\"},\"inLanguage\":\"pt-BR\",\"potentialAction\":[{\"@type\":\"ReadAction\",\"target\":[\"https:\/\/cleitonpinheiro.com.br\/site\/eduardo-siqueira-campos-reassume-a-prefeitura-de-palmas-e-anuncia-reversao-de-atos-do-vice\/\"]}]},{\"@type\":\"ImageObject\",\"inLanguage\":\"pt-BR\",\"@id\":\"https:\/\/cleitonpinheiro.com.br\/site\/eduardo-siqueira-campos-reassume-a-prefeitura-de-palmas-e-anuncia-reversao-de-atos-do-vice\/#primaryimage\",\"url\":\"https:\/\/cleitonpinheiro.com.br\/site\/wp-content\/uploads\/2025\/07\/d3ff3c4c-9ed0-4eee-a9b9-6aa1463239f8-1024x768-1.jpeg\",\"contentUrl\":\"https:\/\/cleitonpinheiro.com.br\/site\/wp-content\/uploads\/2025\/07\/d3ff3c4c-9ed0-4eee-a9b9-6aa1463239f8-1024x768-1.jpeg\",\"width\":1024,\"height\":768},{\"@type\":\"BreadcrumbList\",\"@id\":\"https:\/\/cleitonpinheiro.com.br\/site\/eduardo-siqueira-campos-reassume-a-prefeitura-de-palmas-e-anuncia-reversao-de-atos-do-vice\/#breadcrumb\",\"itemListElement\":[{\"@type\":\"ListItem\",\"position\":1,\"name\":\"In\u00edcio\",\"item\":\"https:\/\/cleitonpinheiro.com.br\/site\/\"},{\"@type\":\"ListItem\",\"position\":2,\"name\":\"Eduardo Siqueira Campos reassume a Prefeitura de Palmas e anuncia revers\u00e3o de atos do vice\"}]},{\"@type\":\"WebSite\",\"@id\":\"https:\/\/cleitonpinheiro.com.br\/site\/#website\",\"url\":\"https:\/\/cleitonpinheiro.com.br\/site\/\",\"name\":\"PORTAL DE NOT\u00cdCIAS CLEITON PINHEIRO\",\"description\":\"FALANDO A VERDADE\",\"publisher\":{\"@id\":\"https:\/\/cleitonpinheiro.com.br\/site\/#organization\"},\"potentialAction\":[{\"@type\":\"SearchAction\",\"target\":{\"@type\":\"EntryPoint\",\"urlTemplate\":\"https:\/\/cleitonpinheiro.com.br\/site\/?s={search_term_string}\"},\"query-input\":{\"@type\":\"PropertyValueSpecification\",\"valueRequired\":true,\"valueName\":\"search_term_string\"}}],\"inLanguage\":\"pt-BR\"},{\"@type\":\"Organization\",\"@id\":\"https:\/\/cleitonpinheiro.com.br\/site\/#organization\",\"name\":\"CPNOT\u00cdCIAS\",\"url\":\"https:\/\/cleitonpinheiro.com.br\/site\/\",\"logo\":{\"@type\":\"ImageObject\",\"inLanguage\":\"pt-BR\",\"@id\":\"https:\/\/cleitonpinheiro.com.br\/site\/#\/schema\/logo\/image\/\",\"url\":\"https:\/\/cleitonpinheiro.com.br\/site\/wp-content\/uploads\/2022\/08\/Logo-pequena-2.png\",\"contentUrl\":\"https:\/\/cleitonpinheiro.com.br\/site\/wp-content\/uploads\/2022\/08\/Logo-pequena-2.png\",\"width\":500,\"height\":500,\"caption\":\"CPNOT\u00cdCIAS\"},\"image\":{\"@id\":\"https:\/\/cleitonpinheiro.com.br\/site\/#\/schema\/logo\/image\/\"},\"sameAs\":[\"https:\/\/www.facebook.com\/portalcpnoticias\/\"]},{\"@type\":\"Person\",\"@id\":\"https:\/\/cleitonpinheiro.com.br\/site\/#\/schema\/person\/8f04544e0bc40a1b68775b08360f87db\",\"name\":\"Reda\u00e7\u00e3o CP\",\"image\":{\"@type\":\"ImageObject\",\"inLanguage\":\"pt-BR\",\"@id\":\"https:\/\/cleitonpinheiro.com.br\/site\/#\/schema\/person\/image\/\",\"url\":\"https:\/\/secure.gravatar.com\/avatar\/0bcf19cb29fdc8fc588c490c7ae1b3e174dac268586a63fbe1d1893a0f9020cd?s=96&r=g\",\"contentUrl\":\"https:\/\/secure.gravatar.com\/avatar\/0bcf19cb29fdc8fc588c490c7ae1b3e174dac268586a63fbe1d1893a0f9020cd?s=96&r=g\",\"caption\":\"Reda\u00e7\u00e3o CP\"},\"url\":\"https:\/\/cleitonpinheiro.com.br\/site\/author\/redacao\/\"}]}<\/script>\n<!-- \/ Yoast SEO plugin. -->","yoast_head_json":{"title":"Eduardo Siqueira Campos reassume a Prefeitura de Palmas e anuncia revers\u00e3o de atos do vice - PORTAL DE NOT\u00cdCIAS CLEITON PINHEIRO","robots":{"index":"index","follow":"follow","max-snippet":"max-snippet:-1","max-image-preview":"max-image-preview:large","max-video-preview":"max-video-preview:-1"},"canonical":"https:\/\/cleitonpinheiro.com.br\/site\/eduardo-siqueira-campos-reassume-a-prefeitura-de-palmas-e-anuncia-reversao-de-atos-do-vice\/","og_locale":"pt_BR","og_type":"article","og_title":"Eduardo Siqueira Campos reassume a Prefeitura de Palmas e anuncia revers\u00e3o de atos do vice - PORTAL DE NOT\u00cdCIAS CLEITON PINHEIRO","og_description":"Ap\u00f3s uma decis\u00e3o judicial que determinou seu retorno ao comando da Prefeitura de Palmas, o prefeito Eduardo Siqueira Campos (Podemos) reassumiu oficialmente o cargo na noite desta quinta-feira, 17. O ato, marcado por uma entrevista coletiva simb\u00f3lica no Orquid\u00e1rio Municipal, sinalizou o tom de sua nova gest\u00e3o: mudan\u00e7as e a revers\u00e3o de atos do per\u00edodo [&hellip;]","og_url":"https:\/\/cleitonpinheiro.com.br\/site\/eduardo-siqueira-campos-reassume-a-prefeitura-de-palmas-e-anuncia-reversao-de-atos-do-vice\/","og_site_name":"PORTAL DE NOT\u00cdCIAS CLEITON PINHEIRO","article_publisher":"https:\/\/www.facebook.com\/portalcpnoticias\/","article_published_time":"2025-07-18T13:18:57+00:00","article_modified_time":"2025-07-21T16:12:16+00:00","og_image":[{"width":1024,"height":768,"url":"https:\/\/cleitonpinheiro.com.br\/site\/wp-content\/uploads\/2025\/07\/d3ff3c4c-9ed0-4eee-a9b9-6aa1463239f8-1024x768-1.jpeg","type":"image\/jpeg"}],"author":"Reda\u00e7\u00e3o CP","twitter_card":"summary_large_image","twitter_misc":{"Escrito por":"Reda\u00e7\u00e3o CP","Est. tempo de leitura":"2 minutos"},"schema":{"@context":"https:\/\/schema.org","@graph":[{"@type":"Article","@id":"https:\/\/cleitonpinheiro.com.br\/site\/eduardo-siqueira-campos-reassume-a-prefeitura-de-palmas-e-anuncia-reversao-de-atos-do-vice\/#article","isPartOf":{"@id":"https:\/\/cleitonpinheiro.com.br\/site\/eduardo-siqueira-campos-reassume-a-prefeitura-de-palmas-e-anuncia-reversao-de-atos-do-vice\/"},"author":{"name":"Reda\u00e7\u00e3o CP","@id":"https:\/\/cleitonpinheiro.com.br\/site\/#\/schema\/person\/8f04544e0bc40a1b68775b08360f87db"},"headline":"Eduardo Siqueira Campos reassume a Prefeitura de Palmas e anuncia revers\u00e3o de atos do vice","datePublished":"2025-07-18T13:18:57+00:00","dateModified":"2025-07-21T16:12:16+00:00","mainEntityOfPage":{"@id":"https:\/\/cleitonpinheiro.com.br\/site\/eduardo-siqueira-campos-reassume-a-prefeitura-de-palmas-e-anuncia-reversao-de-atos-do-vice\/"},"wordCount":333,"commentCount":0,"publisher":{"@id":"https:\/\/cleitonpinheiro.com.br\/site\/#organization"},"image":{"@id":"https:\/\/cleitonpinheiro.com.br\/site\/eduardo-siqueira-campos-reassume-a-prefeitura-de-palmas-e-anuncia-reversao-de-atos-do-vice\/#primaryimage"},"thumbnailUrl":"https:\/\/cleitonpinheiro.com.br\/site\/wp-content\/uploads\/2025\/07\/d3ff3c4c-9ed0-4eee-a9b9-6aa1463239f8-1024x768-1.jpeg","articleSection":["MANCHETE SEGUND\u00c1RIA","POL\u00cdTICA","TODAS NOTICIAS"],"inLanguage":"pt-BR","potentialAction":[{"@type":"CommentAction","name":"Comment","target":["https:\/\/cleitonpinheiro.com.br\/site\/eduardo-siqueira-campos-reassume-a-prefeitura-de-palmas-e-anuncia-reversao-de-atos-do-vice\/#respond"]}]},{"@type":"WebPage","@id":"https:\/\/cleitonpinheiro.com.br\/site\/eduardo-siqueira-campos-reassume-a-prefeitura-de-palmas-e-anuncia-reversao-de-atos-do-vice\/","url":"https:\/\/cleitonpinheiro.com.br\/site\/eduardo-siqueira-campos-reassume-a-prefeitura-de-palmas-e-anuncia-reversao-de-atos-do-vice\/","name":"Eduardo Siqueira Campos reassume a Prefeitura de Palmas e anuncia revers\u00e3o de atos do vice - PORTAL DE NOT\u00cdCIAS CLEITON PINHEIRO","isPartOf":{"@id":"https:\/\/cleitonpinheiro.com.br\/site\/#website"},"primaryImageOfPage":{"@id":"https:\/\/cleitonpinheiro.com.br\/site\/eduardo-siqueira-campos-reassume-a-prefeitura-de-palmas-e-anuncia-reversao-de-atos-do-vice\/#primaryimage"},"image":{"@id":"https:\/\/cleitonpinheiro.com.br\/site\/eduardo-siqueira-campos-reassume-a-prefeitura-de-palmas-e-anuncia-reversao-de-atos-do-vice\/#primaryimage"},"thumbnailUrl":"https:\/\/cleitonpinheiro.com.br\/site\/wp-content\/uploads\/2025\/07\/d3ff3c4c-9ed0-4eee-a9b9-6aa1463239f8-1024x768-1.jpeg","datePublished":"2025-07-18T13:18:57+00:00","dateModified":"2025-07-21T16:12:16+00:00","breadcrumb":{"@id":"https:\/\/cleitonpinheiro.com.br\/site\/eduardo-siqueira-campos-reassume-a-prefeitura-de-palmas-e-anuncia-reversao-de-atos-do-vice\/#breadcrumb"},"inLanguage":"pt-BR","potentialAction":[{"@type":"ReadAction","target":["https:\/\/cleitonpinheiro.com.br\/site\/eduardo-siqueira-campos-reassume-a-prefeitura-de-palmas-e-anuncia-reversao-de-atos-do-vice\/"]}]},{"@type":"ImageObject","inLanguage":"pt-BR","@id":"https:\/\/cleitonpinheiro.com.br\/site\/eduardo-siqueira-campos-reassume-a-prefeitura-de-palmas-e-anuncia-reversao-de-atos-do-vice\/#primaryimage","url":"https:\/\/cleitonpinheiro.com.br\/site\/wp-content\/uploads\/2025\/07\/d3ff3c4c-9ed0-4eee-a9b9-6aa1463239f8-1024x768-1.jpeg","contentUrl":"https:\/\/cleitonpinheiro.com.br\/site\/wp-content\/uploads\/2025\/07\/d3ff3c4c-9ed0-4eee-a9b9-6aa1463239f8-1024x768-1.jpeg","width":1024,"height":768},{"@type":"BreadcrumbList","@id":"https:\/\/cleitonpinheiro.com.br\/site\/eduardo-siqueira-campos-reassume-a-prefeitura-de-palmas-e-anuncia-reversao-de-atos-do-vice\/#breadcrumb","itemListElement":[{"@type":"ListItem","position":1,"name":"In\u00edcio","item":"https:\/\/cleitonpinheiro.com.br\/site\/"},{"@type":"ListItem","position":2,"name":"Eduardo Siqueira Campos reassume a Prefeitura de Palmas e anuncia revers\u00e3o de atos do vice"}]},{"@type":"WebSite","@id":"https:\/\/cleitonpinheiro.com.br\/site\/#website","url":"https:\/\/cleitonpinheiro.com.br\/site\/","name":"PORTAL DE NOT\u00cdCIAS CLEITON PINHEIRO","description":"FALANDO A VERDADE","publisher":{"@id":"https:\/\/cleitonpinheiro.com.br\/site\/#organization"},"potentialAction":[{"@type":"SearchAction","target":{"@type":"EntryPoint","urlTemplate":"https:\/\/cleitonpinheiro.com.br\/site\/?s={search_term_string}"},"query-input":{"@type":"PropertyValueSpecification","valueRequired":true,"valueName":"search_term_string"}}],"inLanguage":"pt-BR"},{"@type":"Organization","@id":"https:\/\/cleitonpinheiro.com.br\/site\/#organization","name":"CPNOT\u00cdCIAS","url":"https:\/\/cleitonpinheiro.com.br\/site\/","logo":{"@type":"ImageObject","inLanguage":"pt-BR","@id":"https:\/\/cleitonpinheiro.com.br\/site\/#\/schema\/logo\/image\/","url":"https:\/\/cleitonpinheiro.com.br\/site\/wp-content\/uploads\/2022\/08\/Logo-pequena-2.png","contentUrl":"https:\/\/cleitonpinheiro.com.br\/site\/wp-content\/uploads\/2022\/08\/Logo-pequena-2.png","width":500,"height":500,"caption":"CPNOT\u00cdCIAS"},"image":{"@id":"https:\/\/cleitonpinheiro.com.br\/site\/#\/schema\/logo\/image\/"},"sameAs":["https:\/\/www.facebook.com\/portalcpnoticias\/"]},{"@type":"Person","@id":"https:\/\/cleitonpinheiro.com.br\/site\/#\/schema\/person\/8f04544e0bc40a1b68775b08360f87db","name":"Reda\u00e7\u00e3o CP","image":{"@type":"ImageObject","inLanguage":"pt-BR","@id":"https:\/\/cleitonpinheiro.com.br\/site\/#\/schema\/person\/image\/","url":"https:\/\/secure.gravatar.com\/avatar\/0bcf19cb29fdc8fc588c490c7ae1b3e174dac268586a63fbe1d1893a0f9020cd?s=96&r=g","contentUrl":"https:\/\/secure.gravatar.com\/avatar\/0bcf19cb29fdc8fc588c490c7ae1b3e174dac268586a63fbe1d1893a0f9020cd?s=96&r=g","caption":"Reda\u00e7\u00e3o CP"},"url":"https:\/\/cleitonpinheiro.com.br\/site\/author\/redacao\/"}]}},"views":142,"_links":{"self":[{"href":"https:\/\/cleitonpinheiro.com.br\/site\/wp-json\/wp\/v2\/posts\/86321","targetHints":{"allow":["GET"]}}],"collection":[{"href":"https:\/\/cleitonpinheiro.com.br\/site\/wp-json\/wp\/v2\/posts"}],"about":[{"href":"https:\/\/cleitonpinheiro.com.br\/site\/wp-json\/wp\/v2\/types\/post"}],"author":[{"embeddable":true,"href":"https:\/\/cleitonpinheiro.com.br\/site\/wp-json\/wp\/v2\/users\/13"}],"replies":[{"embeddable":true,"href":"https:\/\/cleitonpinheiro.com.br\/site\/wp-json\/wp\/v2\/comments?post=86321"}],"version-history":[{"count":1,"href":"https:\/\/cleitonpinheiro.com.br\/site\/wp-json\/wp\/v2\/posts\/86321\/revisions"}],"predecessor-version":[{"id":86323,"href":"https:\/\/cleitonpinheiro.com.br\/site\/wp-json\/wp\/v2\/posts\/86321\/revisions\/86323"}],"wp:featuredmedia":[{"embeddable":true,"href":"https:\/\/cleitonpinheiro.com.br\/site\/wp-json\/wp\/v2\/media\/86322"}],"wp:attachment":[{"href":"https:\/\/cleitonpinheiro.com.br\/site\/wp-json\/wp\/v2\/media?parent=86321"}],"wp:term":[{"taxonomy":"category","embeddable":true,"href":"https:\/\/cleitonpinheiro.com.br\/site\/wp-json\/wp\/v2\/categories?post=86321"},{"taxonomy":"post_tag","embeddable":true,"href":"https:\/\/cleitonpinheiro.com.br\/site\/wp-json\/wp\/v2\/tags?post=86321"}],"curies":[{"name":"wp","href":"https:\/\/api.w.org\/{rel}","templated":true}]}}