{"id":86324,"date":"2025-07-18T10:36:47","date_gmt":"2025-07-18T13:36:47","guid":{"rendered":"https:\/\/cleitonpinheiro.com.br\/site\/?p=86324"},"modified":"2025-07-18T10:36:54","modified_gmt":"2025-07-18T13:36:54","slug":"pf-cumpre-mandados-na-casa-de-jair-bolsonaro-que-usara-tornozeleira","status":"publish","type":"post","link":"https:\/\/cleitonpinheiro.com.br\/site\/pf-cumpre-mandados-na-casa-de-jair-bolsonaro-que-usara-tornozeleira\/","title":{"rendered":"PF cumpre mandados na casa de Jair Bolsonaro, que usar\u00e1 tornozeleira"},"content":{"rendered":"\n<figure class=\"wp-block-image size-full\"><img decoding=\"async\" src=\"https:\/\/cleitonpinheiro.com.br\/site\/wp-content\/uploads\/2023\/04\/bolsonaro-foto-reuters-marco-bello-1hrj6ss9e5gl3.webp\" alt=\"\" class=\"wp-image-69844\"\/><figcaption class=\"wp-element-caption\">Conte\u00fado foi retirado do ar durante as elei\u00e7\u00f5es por decis\u00e3o liminar<\/figcaption><\/figure>\n\n\n\n<p>A Pol\u00edcia Federal cumpre na manh\u00e3 desta sexta-feira (18)\u00a0dois mandados de busca e apreens\u00e3o em endere\u00e7os relacionados ao ex-presidente Jair Bolsonaro.<img decoding=\"async\" src=\"https:\/\/agenciabrasil.ebc.com.br\/ebc.png?id=1651224&amp;o=node\"><img decoding=\"async\" src=\"https:\/\/agenciabrasil.ebc.com.br\/ebc.gif?id=1651224&amp;o=node\"><\/p>\n\n\n\n<p>Ele foi conduzido \u00e0\u00a0Secretaria de Estado de Administra\u00e7\u00e3o Penitenci\u00e1ria para colocar tornozeleira eletr\u00f4nica.<\/p>\n\n\n\n<p>Pela decis\u00e3o,\u00a0Bolsonaro, al\u00e9m de precisar usar tornozeleira, est\u00e1 proibido de utilizar as redes sociais.<\/p>\n\n\n\n<p>Ele precisar\u00e1 ficar em casa entre as 19h e as 7h, al\u00e9m de estar proibido de se comunicar com outros r\u00e9us ou com embaixadores e diplomatas de outros pa\u00edses.\u00a0Al\u00e9m disso, n\u00e3o poder\u00e1 se ausentar da comarca do DF.<\/p>\n\n\n\n<p>O ex-presidente j\u00e1 teve o passaporte apreendido em fevereiro de 2024.<\/p>\n\n\n\n<h2 class=\"wp-block-heading\">Defesa<\/h2>\n\n\n\n<p>Em nota, a\u00a0defesa do ex-presidente afirmou ter recebido &#8220;com surpresa e indigna\u00e7\u00e3o&#8221; a aplica\u00e7\u00e3o de tais medidas cautelares.<\/p>\n\n\n\n<p>&#8220;A defesa do ex-Presidente Jair Bolsonaro recebeu com surpresa e indigna\u00e7\u00e3o a imposi\u00e7\u00e3o de medidas cautelares severas contra ele, que at\u00e9 o presente momento sempre cumpriu com todas as determina\u00e7\u00f5es do Poder Judici\u00e1rio. A defesa ir\u00e1 se manifestar oportunamente, ap\u00f3s conhecer a decis\u00e3o judicial&#8221;.<\/p>\n\n\n\n<p>Em&nbsp;<em>post<\/em>&nbsp;publicado nas redes sociais o Partido Liberal (PL) na C\u00e2mara, deputado S\u00f3stenes Cavalcante, lamentou a decis\u00e3o da Justi\u00e7a que determina o uso da&nbsp;tornozeleira eletr\u00f4nica.<strong><\/strong><\/p>\n\n\n\n<p>O PL tamb\u00e9m divulgou nota e manifestou &#8220;estranheza e rep\u00fadio&#8221; diante da opera\u00e7\u00e3o da PF. Segundo a nota, assinada pelo presidente do partido, Valdemar Costa Neto, Jair Bolsonaro &#8220;sempre esteve \u00e0 disposi\u00e7\u00e3o das autoridades&#8221;.<\/p>\n\n\n\n<p>A deflagra\u00e7\u00e3o da opera\u00e7\u00e3o foi informada em uma nota curta pela PF, divulgada nesta sexta-feira (18).<\/p>\n\n\n\n<p>De acordo com a nota, \u201cdois mandados de busca e apreens\u00e3o, al\u00e9m de medidas cautelares diversas da pris\u00e3o, em cumprimento a decis\u00e3o do Supremo Tribunal Federal, no \u00e2mbito da PET n.\u00ba 14129\u201d.<\/p>\n\n\n\n<p>Pedro Peduzzi e Felipe Pontes \u2013 Rep\u00f3rteres da Ag\u00eancia Brasil<br><\/p>\n","protected":false},"excerpt":{"rendered":"<p>A Pol\u00edcia Federal cumpre na manh\u00e3 desta sexta-feira (18)\u00a0dois mandados de busca e apreens\u00e3o em endere\u00e7os relacionados ao ex-presidente Jair Bolsonaro. Ele foi conduzido \u00e0\u00a0Secretaria de Estado de Administra\u00e7\u00e3o Penitenci\u00e1ria para colocar tornozeleira eletr\u00f4nica. Pela decis\u00e3o,\u00a0Bolsonaro, al\u00e9m de precisar usar tornozeleira, est\u00e1 proibido de utilizar as redes sociais. Ele precisar\u00e1 ficar em casa entre as [&hellip;]<\/p>\n","protected":false},"author":13,"featured_media":0,"comment_status":"open","ping_status":"open","sticky":false,"template":"","format":"standard","meta":{"_acf_changed":false,"footnotes":""},"categories":[898,23,21],"tags":[],"class_list":["post-86324","post","type-post","status-publish","format-standard","hentry","category-manchete-segundaria","category-politica","category-todas-noticias"],"acf":[],"yoast_head":"<!-- This site is optimized with the Yoast SEO plugin v24.4 - https:\/\/yoast.com\/wordpress\/plugins\/seo\/ -->\n<title>PF cumpre mandados na casa de Jair Bolsonaro, que usar\u00e1 tornozeleira - PORTAL DE NOT\u00cdCIAS CLEITON PINHEIRO<\/title>\n<meta name=\"robots\" content=\"index, follow, max-snippet:-1, max-image-preview:large, max-video-preview:-1\" \/>\n<link rel=\"canonical\" href=\"https:\/\/cleitonpinheiro.com.br\/site\/pf-cumpre-mandados-na-casa-de-jair-bolsonaro-que-usara-tornozeleira\/\" \/>\n<meta property=\"og:locale\" content=\"pt_BR\" \/>\n<meta property=\"og:type\" content=\"article\" \/>\n<meta property=\"og:title\" content=\"PF cumpre mandados na casa de Jair Bolsonaro, que usar\u00e1 tornozeleira - PORTAL DE NOT\u00cdCIAS CLEITON PINHEIRO\" \/>\n<meta property=\"og:description\" content=\"A Pol\u00edcia Federal cumpre na manh\u00e3 desta sexta-feira (18)\u00a0dois mandados de busca e apreens\u00e3o em endere\u00e7os relacionados ao ex-presidente Jair Bolsonaro. Ele foi conduzido \u00e0\u00a0Secretaria de Estado de Administra\u00e7\u00e3o Penitenci\u00e1ria para colocar tornozeleira eletr\u00f4nica. Pela decis\u00e3o,\u00a0Bolsonaro, al\u00e9m de precisar usar tornozeleira, est\u00e1 proibido de utilizar as redes sociais. Ele precisar\u00e1 ficar em casa entre as [&hellip;]\" \/>\n<meta property=\"og:url\" content=\"https:\/\/cleitonpinheiro.com.br\/site\/pf-cumpre-mandados-na-casa-de-jair-bolsonaro-que-usara-tornozeleira\/\" \/>\n<meta property=\"og:site_name\" content=\"PORTAL DE NOT\u00cdCIAS CLEITON PINHEIRO\" \/>\n<meta property=\"article:publisher\" content=\"https:\/\/www.facebook.com\/portalcpnoticias\/\" \/>\n<meta property=\"article:published_time\" content=\"2025-07-18T13:36:47+00:00\" \/>\n<meta property=\"article:modified_time\" content=\"2025-07-18T13:36:54+00:00\" \/>\n<meta property=\"og:image\" content=\"https:\/\/cleitonpinheiro.com.br\/site\/wp-content\/uploads\/2023\/04\/bolsonaro-foto-reuters-marco-bello-1hrj6ss9e5gl3.webp\" \/>\n\t<meta property=\"og:image:width\" content=\"774\" \/>\n\t<meta property=\"og:image:height\" content=\"516\" \/>\n\t<meta property=\"og:image:type\" content=\"image\/webp\" \/>\n<meta name=\"author\" content=\"Reda\u00e7\u00e3o CP\" \/>\n<meta name=\"twitter:card\" content=\"summary_large_image\" \/>\n<meta name=\"twitter:label1\" content=\"Escrito por\" \/>\n\t<meta name=\"twitter:data1\" content=\"Reda\u00e7\u00e3o CP\" \/>\n\t<meta name=\"twitter:label2\" content=\"Est. tempo de leitura\" \/>\n\t<meta name=\"twitter:data2\" content=\"3 minutos\" \/>\n<script type=\"application\/ld+json\" class=\"yoast-schema-graph\">{\"@context\":\"https:\/\/schema.org\",\"@graph\":[{\"@type\":\"Article\",\"@id\":\"https:\/\/cleitonpinheiro.com.br\/site\/pf-cumpre-mandados-na-casa-de-jair-bolsonaro-que-usara-tornozeleira\/#article\",\"isPartOf\":{\"@id\":\"https:\/\/cleitonpinheiro.com.br\/site\/pf-cumpre-mandados-na-casa-de-jair-bolsonaro-que-usara-tornozeleira\/\"},\"author\":{\"name\":\"Reda\u00e7\u00e3o CP\",\"@id\":\"https:\/\/cleitonpinheiro.com.br\/site\/#\/schema\/person\/8f04544e0bc40a1b68775b08360f87db\"},\"headline\":\"PF cumpre mandados na casa de Jair Bolsonaro, que usar\u00e1 tornozeleira\",\"datePublished\":\"2025-07-18T13:36:47+00:00\",\"dateModified\":\"2025-07-18T13:36:54+00:00\",\"mainEntityOfPage\":{\"@id\":\"https:\/\/cleitonpinheiro.com.br\/site\/pf-cumpre-mandados-na-casa-de-jair-bolsonaro-que-usara-tornozeleira\/\"},\"wordCount\":343,\"commentCount\":0,\"publisher\":{\"@id\":\"https:\/\/cleitonpinheiro.com.br\/site\/#organization\"},\"image\":{\"@id\":\"https:\/\/cleitonpinheiro.com.br\/site\/pf-cumpre-mandados-na-casa-de-jair-bolsonaro-que-usara-tornozeleira\/#primaryimage\"},\"thumbnailUrl\":\"https:\/\/cleitonpinheiro.com.br\/site\/wp-content\/uploads\/2023\/04\/bolsonaro-foto-reuters-marco-bello-1hrj6ss9e5gl3.webp\",\"articleSection\":[\"MANCHETE SEGUND\u00c1RIA\",\"POL\u00cdTICA\",\"TODAS NOTICIAS\"],\"inLanguage\":\"pt-BR\",\"potentialAction\":[{\"@type\":\"CommentAction\",\"name\":\"Comment\",\"target\":[\"https:\/\/cleitonpinheiro.com.br\/site\/pf-cumpre-mandados-na-casa-de-jair-bolsonaro-que-usara-tornozeleira\/#respond\"]}]},{\"@type\":\"WebPage\",\"@id\":\"https:\/\/cleitonpinheiro.com.br\/site\/pf-cumpre-mandados-na-casa-de-jair-bolsonaro-que-usara-tornozeleira\/\",\"url\":\"https:\/\/cleitonpinheiro.com.br\/site\/pf-cumpre-mandados-na-casa-de-jair-bolsonaro-que-usara-tornozeleira\/\",\"name\":\"PF cumpre mandados na casa de Jair Bolsonaro, que usar\u00e1 tornozeleira - PORTAL DE NOT\u00cdCIAS CLEITON PINHEIRO\",\"isPartOf\":{\"@id\":\"https:\/\/cleitonpinheiro.com.br\/site\/#website\"},\"primaryImageOfPage\":{\"@id\":\"https:\/\/cleitonpinheiro.com.br\/site\/pf-cumpre-mandados-na-casa-de-jair-bolsonaro-que-usara-tornozeleira\/#primaryimage\"},\"image\":{\"@id\":\"https:\/\/cleitonpinheiro.com.br\/site\/pf-cumpre-mandados-na-casa-de-jair-bolsonaro-que-usara-tornozeleira\/#primaryimage\"},\"thumbnailUrl\":\"https:\/\/cleitonpinheiro.com.br\/site\/wp-content\/uploads\/2023\/04\/bolsonaro-foto-reuters-marco-bello-1hrj6ss9e5gl3.webp\",\"datePublished\":\"2025-07-18T13:36:47+00:00\",\"dateModified\":\"2025-07-18T13:36:54+00:00\",\"breadcrumb\":{\"@id\":\"https:\/\/cleitonpinheiro.com.br\/site\/pf-cumpre-mandados-na-casa-de-jair-bolsonaro-que-usara-tornozeleira\/#breadcrumb\"},\"inLanguage\":\"pt-BR\",\"potentialAction\":[{\"@type\":\"ReadAction\",\"target\":[\"https:\/\/cleitonpinheiro.com.br\/site\/pf-cumpre-mandados-na-casa-de-jair-bolsonaro-que-usara-tornozeleira\/\"]}]},{\"@type\":\"ImageObject\",\"inLanguage\":\"pt-BR\",\"@id\":\"https:\/\/cleitonpinheiro.com.br\/site\/pf-cumpre-mandados-na-casa-de-jair-bolsonaro-que-usara-tornozeleira\/#primaryimage\",\"url\":\"\",\"contentUrl\":\"\"},{\"@type\":\"BreadcrumbList\",\"@id\":\"https:\/\/cleitonpinheiro.com.br\/site\/pf-cumpre-mandados-na-casa-de-jair-bolsonaro-que-usara-tornozeleira\/#breadcrumb\",\"itemListElement\":[{\"@type\":\"ListItem\",\"position\":1,\"name\":\"In\u00edcio\",\"item\":\"https:\/\/cleitonpinheiro.com.br\/site\/\"},{\"@type\":\"ListItem\",\"position\":2,\"name\":\"PF cumpre mandados na casa de Jair Bolsonaro, que usar\u00e1 tornozeleira\"}]},{\"@type\":\"WebSite\",\"@id\":\"https:\/\/cleitonpinheiro.com.br\/site\/#website\",\"url\":\"https:\/\/cleitonpinheiro.com.br\/site\/\",\"name\":\"PORTAL DE NOT\u00cdCIAS CLEITON PINHEIRO\",\"description\":\"FALANDO A VERDADE\",\"publisher\":{\"@id\":\"https:\/\/cleitonpinheiro.com.br\/site\/#organization\"},\"potentialAction\":[{\"@type\":\"SearchAction\",\"target\":{\"@type\":\"EntryPoint\",\"urlTemplate\":\"https:\/\/cleitonpinheiro.com.br\/site\/?s={search_term_string}\"},\"query-input\":{\"@type\":\"PropertyValueSpecification\",\"valueRequired\":true,\"valueName\":\"search_term_string\"}}],\"inLanguage\":\"pt-BR\"},{\"@type\":\"Organization\",\"@id\":\"https:\/\/cleitonpinheiro.com.br\/site\/#organization\",\"name\":\"CPNOT\u00cdCIAS\",\"url\":\"https:\/\/cleitonpinheiro.com.br\/site\/\",\"logo\":{\"@type\":\"ImageObject\",\"inLanguage\":\"pt-BR\",\"@id\":\"https:\/\/cleitonpinheiro.com.br\/site\/#\/schema\/logo\/image\/\",\"url\":\"https:\/\/cleitonpinheiro.com.br\/site\/wp-content\/uploads\/2022\/08\/Logo-pequena-2.png\",\"contentUrl\":\"https:\/\/cleitonpinheiro.com.br\/site\/wp-content\/uploads\/2022\/08\/Logo-pequena-2.png\",\"width\":500,\"height\":500,\"caption\":\"CPNOT\u00cdCIAS\"},\"image\":{\"@id\":\"https:\/\/cleitonpinheiro.com.br\/site\/#\/schema\/logo\/image\/\"},\"sameAs\":[\"https:\/\/www.facebook.com\/portalcpnoticias\/\"]},{\"@type\":\"Person\",\"@id\":\"https:\/\/cleitonpinheiro.com.br\/site\/#\/schema\/person\/8f04544e0bc40a1b68775b08360f87db\",\"name\":\"Reda\u00e7\u00e3o CP\",\"image\":{\"@type\":\"ImageObject\",\"inLanguage\":\"pt-BR\",\"@id\":\"https:\/\/cleitonpinheiro.com.br\/site\/#\/schema\/person\/image\/\",\"url\":\"https:\/\/secure.gravatar.com\/avatar\/0bcf19cb29fdc8fc588c490c7ae1b3e174dac268586a63fbe1d1893a0f9020cd?s=96&r=g\",\"contentUrl\":\"https:\/\/secure.gravatar.com\/avatar\/0bcf19cb29fdc8fc588c490c7ae1b3e174dac268586a63fbe1d1893a0f9020cd?s=96&r=g\",\"caption\":\"Reda\u00e7\u00e3o CP\"},\"url\":\"https:\/\/cleitonpinheiro.com.br\/site\/author\/redacao\/\"}]}<\/script>\n<!-- \/ Yoast SEO plugin. -->","yoast_head_json":{"title":"PF cumpre mandados na casa de Jair Bolsonaro, que usar\u00e1 tornozeleira - PORTAL DE NOT\u00cdCIAS CLEITON PINHEIRO","robots":{"index":"index","follow":"follow","max-snippet":"max-snippet:-1","max-image-preview":"max-image-preview:large","max-video-preview":"max-video-preview:-1"},"canonical":"https:\/\/cleitonpinheiro.com.br\/site\/pf-cumpre-mandados-na-casa-de-jair-bolsonaro-que-usara-tornozeleira\/","og_locale":"pt_BR","og_type":"article","og_title":"PF cumpre mandados na casa de Jair Bolsonaro, que usar\u00e1 tornozeleira - PORTAL DE NOT\u00cdCIAS CLEITON PINHEIRO","og_description":"A Pol\u00edcia Federal cumpre na manh\u00e3 desta sexta-feira (18)\u00a0dois mandados de busca e apreens\u00e3o em endere\u00e7os relacionados ao ex-presidente Jair Bolsonaro. Ele foi conduzido \u00e0\u00a0Secretaria de Estado de Administra\u00e7\u00e3o Penitenci\u00e1ria para colocar tornozeleira eletr\u00f4nica. Pela decis\u00e3o,\u00a0Bolsonaro, al\u00e9m de precisar usar tornozeleira, est\u00e1 proibido de utilizar as redes sociais. Ele precisar\u00e1 ficar em casa entre as [&hellip;]","og_url":"https:\/\/cleitonpinheiro.com.br\/site\/pf-cumpre-mandados-na-casa-de-jair-bolsonaro-que-usara-tornozeleira\/","og_site_name":"PORTAL DE NOT\u00cdCIAS CLEITON PINHEIRO","article_publisher":"https:\/\/www.facebook.com\/portalcpnoticias\/","article_published_time":"2025-07-18T13:36:47+00:00","article_modified_time":"2025-07-18T13:36:54+00:00","og_image":[{"width":774,"height":516,"url":"https:\/\/cleitonpinheiro.com.br\/site\/wp-content\/uploads\/2023\/04\/bolsonaro-foto-reuters-marco-bello-1hrj6ss9e5gl3.webp","type":"image\/webp"}],"author":"Reda\u00e7\u00e3o CP","twitter_card":"summary_large_image","twitter_misc":{"Escrito por":"Reda\u00e7\u00e3o CP","Est. tempo de leitura":"3 minutos"},"schema":{"@context":"https:\/\/schema.org","@graph":[{"@type":"Article","@id":"https:\/\/cleitonpinheiro.com.br\/site\/pf-cumpre-mandados-na-casa-de-jair-bolsonaro-que-usara-tornozeleira\/#article","isPartOf":{"@id":"https:\/\/cleitonpinheiro.com.br\/site\/pf-cumpre-mandados-na-casa-de-jair-bolsonaro-que-usara-tornozeleira\/"},"author":{"name":"Reda\u00e7\u00e3o CP","@id":"https:\/\/cleitonpinheiro.com.br\/site\/#\/schema\/person\/8f04544e0bc40a1b68775b08360f87db"},"headline":"PF cumpre mandados na casa de Jair Bolsonaro, que usar\u00e1 tornozeleira","datePublished":"2025-07-18T13:36:47+00:00","dateModified":"2025-07-18T13:36:54+00:00","mainEntityOfPage":{"@id":"https:\/\/cleitonpinheiro.com.br\/site\/pf-cumpre-mandados-na-casa-de-jair-bolsonaro-que-usara-tornozeleira\/"},"wordCount":343,"commentCount":0,"publisher":{"@id":"https:\/\/cleitonpinheiro.com.br\/site\/#organization"},"image":{"@id":"https:\/\/cleitonpinheiro.com.br\/site\/pf-cumpre-mandados-na-casa-de-jair-bolsonaro-que-usara-tornozeleira\/#primaryimage"},"thumbnailUrl":"https:\/\/cleitonpinheiro.com.br\/site\/wp-content\/uploads\/2023\/04\/bolsonaro-foto-reuters-marco-bello-1hrj6ss9e5gl3.webp","articleSection":["MANCHETE SEGUND\u00c1RIA","POL\u00cdTICA","TODAS NOTICIAS"],"inLanguage":"pt-BR","potentialAction":[{"@type":"CommentAction","name":"Comment","target":["https:\/\/cleitonpinheiro.com.br\/site\/pf-cumpre-mandados-na-casa-de-jair-bolsonaro-que-usara-tornozeleira\/#respond"]}]},{"@type":"WebPage","@id":"https:\/\/cleitonpinheiro.com.br\/site\/pf-cumpre-mandados-na-casa-de-jair-bolsonaro-que-usara-tornozeleira\/","url":"https:\/\/cleitonpinheiro.com.br\/site\/pf-cumpre-mandados-na-casa-de-jair-bolsonaro-que-usara-tornozeleira\/","name":"PF cumpre mandados na casa de Jair Bolsonaro, que usar\u00e1 tornozeleira - PORTAL DE NOT\u00cdCIAS CLEITON PINHEIRO","isPartOf":{"@id":"https:\/\/cleitonpinheiro.com.br\/site\/#website"},"primaryImageOfPage":{"@id":"https:\/\/cleitonpinheiro.com.br\/site\/pf-cumpre-mandados-na-casa-de-jair-bolsonaro-que-usara-tornozeleira\/#primaryimage"},"image":{"@id":"https:\/\/cleitonpinheiro.com.br\/site\/pf-cumpre-mandados-na-casa-de-jair-bolsonaro-que-usara-tornozeleira\/#primaryimage"},"thumbnailUrl":"https:\/\/cleitonpinheiro.com.br\/site\/wp-content\/uploads\/2023\/04\/bolsonaro-foto-reuters-marco-bello-1hrj6ss9e5gl3.webp","datePublished":"2025-07-18T13:36:47+00:00","dateModified":"2025-07-18T13:36:54+00:00","breadcrumb":{"@id":"https:\/\/cleitonpinheiro.com.br\/site\/pf-cumpre-mandados-na-casa-de-jair-bolsonaro-que-usara-tornozeleira\/#breadcrumb"},"inLanguage":"pt-BR","potentialAction":[{"@type":"ReadAction","target":["https:\/\/cleitonpinheiro.com.br\/site\/pf-cumpre-mandados-na-casa-de-jair-bolsonaro-que-usara-tornozeleira\/"]}]},{"@type":"ImageObject","inLanguage":"pt-BR","@id":"https:\/\/cleitonpinheiro.com.br\/site\/pf-cumpre-mandados-na-casa-de-jair-bolsonaro-que-usara-tornozeleira\/#primaryimage","url":"","contentUrl":""},{"@type":"BreadcrumbList","@id":"https:\/\/cleitonpinheiro.com.br\/site\/pf-cumpre-mandados-na-casa-de-jair-bolsonaro-que-usara-tornozeleira\/#breadcrumb","itemListElement":[{"@type":"ListItem","position":1,"name":"In\u00edcio","item":"https:\/\/cleitonpinheiro.com.br\/site\/"},{"@type":"ListItem","position":2,"name":"PF cumpre mandados na casa de Jair Bolsonaro, que usar\u00e1 tornozeleira"}]},{"@type":"WebSite","@id":"https:\/\/cleitonpinheiro.com.br\/site\/#website","url":"https:\/\/cleitonpinheiro.com.br\/site\/","name":"PORTAL DE NOT\u00cdCIAS CLEITON PINHEIRO","description":"FALANDO A VERDADE","publisher":{"@id":"https:\/\/cleitonpinheiro.com.br\/site\/#organization"},"potentialAction":[{"@type":"SearchAction","target":{"@type":"EntryPoint","urlTemplate":"https:\/\/cleitonpinheiro.com.br\/site\/?s={search_term_string}"},"query-input":{"@type":"PropertyValueSpecification","valueRequired":true,"valueName":"search_term_string"}}],"inLanguage":"pt-BR"},{"@type":"Organization","@id":"https:\/\/cleitonpinheiro.com.br\/site\/#organization","name":"CPNOT\u00cdCIAS","url":"https:\/\/cleitonpinheiro.com.br\/site\/","logo":{"@type":"ImageObject","inLanguage":"pt-BR","@id":"https:\/\/cleitonpinheiro.com.br\/site\/#\/schema\/logo\/image\/","url":"https:\/\/cleitonpinheiro.com.br\/site\/wp-content\/uploads\/2022\/08\/Logo-pequena-2.png","contentUrl":"https:\/\/cleitonpinheiro.com.br\/site\/wp-content\/uploads\/2022\/08\/Logo-pequena-2.png","width":500,"height":500,"caption":"CPNOT\u00cdCIAS"},"image":{"@id":"https:\/\/cleitonpinheiro.com.br\/site\/#\/schema\/logo\/image\/"},"sameAs":["https:\/\/www.facebook.com\/portalcpnoticias\/"]},{"@type":"Person","@id":"https:\/\/cleitonpinheiro.com.br\/site\/#\/schema\/person\/8f04544e0bc40a1b68775b08360f87db","name":"Reda\u00e7\u00e3o CP","image":{"@type":"ImageObject","inLanguage":"pt-BR","@id":"https:\/\/cleitonpinheiro.com.br\/site\/#\/schema\/person\/image\/","url":"https:\/\/secure.gravatar.com\/avatar\/0bcf19cb29fdc8fc588c490c7ae1b3e174dac268586a63fbe1d1893a0f9020cd?s=96&r=g","contentUrl":"https:\/\/secure.gravatar.com\/avatar\/0bcf19cb29fdc8fc588c490c7ae1b3e174dac268586a63fbe1d1893a0f9020cd?s=96&r=g","caption":"Reda\u00e7\u00e3o CP"},"url":"https:\/\/cleitonpinheiro.com.br\/site\/author\/redacao\/"}]}},"views":194,"_links":{"self":[{"href":"https:\/\/cleitonpinheiro.com.br\/site\/wp-json\/wp\/v2\/posts\/86324","targetHints":{"allow":["GET"]}}],"collection":[{"href":"https:\/\/cleitonpinheiro.com.br\/site\/wp-json\/wp\/v2\/posts"}],"about":[{"href":"https:\/\/cleitonpinheiro.com.br\/site\/wp-json\/wp\/v2\/types\/post"}],"author":[{"embeddable":true,"href":"https:\/\/cleitonpinheiro.com.br\/site\/wp-json\/wp\/v2\/users\/13"}],"replies":[{"embeddable":true,"href":"https:\/\/cleitonpinheiro.com.br\/site\/wp-json\/wp\/v2\/comments?post=86324"}],"version-history":[{"count":1,"href":"https:\/\/cleitonpinheiro.com.br\/site\/wp-json\/wp\/v2\/posts\/86324\/revisions"}],"predecessor-version":[{"id":86325,"href":"https:\/\/cleitonpinheiro.com.br\/site\/wp-json\/wp\/v2\/posts\/86324\/revisions\/86325"}],"wp:attachment":[{"href":"https:\/\/cleitonpinheiro.com.br\/site\/wp-json\/wp\/v2\/media?parent=86324"}],"wp:term":[{"taxonomy":"category","embeddable":true,"href":"https:\/\/cleitonpinheiro.com.br\/site\/wp-json\/wp\/v2\/categories?post=86324"},{"taxonomy":"post_tag","embeddable":true,"href":"https:\/\/cleitonpinheiro.com.br\/site\/wp-json\/wp\/v2\/tags?post=86324"}],"curies":[{"name":"wp","href":"https:\/\/api.w.org\/{rel}","templated":true}]}}