{"id":86326,"date":"2025-07-18T10:40:18","date_gmt":"2025-07-18T13:40:18","guid":{"rendered":"https:\/\/cleitonpinheiro.com.br\/site\/?p=86326"},"modified":"2025-07-18T10:40:23","modified_gmt":"2025-07-18T13:40:23","slug":"em-pronunciamento-lula-diz-que-tarifaco-e-chantagem-inaceitavel","status":"publish","type":"post","link":"https:\/\/cleitonpinheiro.com.br\/site\/em-pronunciamento-lula-diz-que-tarifaco-e-chantagem-inaceitavel\/","title":{"rendered":"Em pronunciamento, Lula diz que tarifa\u00e7o \u00e9 &#8220;chantagem inaceit\u00e1vel&#8221;"},"content":{"rendered":"\n<figure class=\"wp-block-image size-large\"><img fetchpriority=\"high\" decoding=\"async\" width=\"1024\" height=\"613\" src=\"https:\/\/cleitonpinheiro.com.br\/site\/wp-content\/uploads\/2025\/07\/lula_pronunciamento_-_divulgacao_palacio_do_planalto-1024x613.webp\" alt=\"\" class=\"wp-image-86327\" srcset=\"https:\/\/cleitonpinheiro.com.br\/site\/wp-content\/uploads\/2025\/07\/lula_pronunciamento_-_divulgacao_palacio_do_planalto-1024x613.webp 1024w, https:\/\/cleitonpinheiro.com.br\/site\/wp-content\/uploads\/2025\/07\/lula_pronunciamento_-_divulgacao_palacio_do_planalto-300x179.webp 300w, https:\/\/cleitonpinheiro.com.br\/site\/wp-content\/uploads\/2025\/07\/lula_pronunciamento_-_divulgacao_palacio_do_planalto-768x459.webp 768w, https:\/\/cleitonpinheiro.com.br\/site\/wp-content\/uploads\/2025\/07\/lula_pronunciamento_-_divulgacao_palacio_do_planalto.webp 1170w\" sizes=\"(max-width: 1024px) 100vw, 1024px\" \/><\/figure>\n\n\n\n<p>O presidente Luiz In\u00e1cio Lula da Silva ressaltou a separa\u00e7\u00e3o dos Poderes e disse que ningu\u00e9m est\u00e1 acima da lei, em pronunciamento em cadeia nacional de r\u00e1dio e televis\u00e3o. Em discurso de cinco minutos, o presidente afirmou que responder\u00e1 com diplomacia e multilateralismo \u00e0s amea\u00e7as do governo de Donald Trump de impor uma tarifa de 50% a produtos brasileiros nos Estados Unidos, que classificou de &#8220;chantagem inaceit\u00e1vel&#8221;.<\/p>\n\n\n\n<p>Sem citar diretamente o ex-presidente Jair Bolsonaro, cujo julgamento foi citado nas cartas recentes de Trump para justificar o tarifa\u00e7o, Lula disse que as institui\u00e7\u00f5es agem para proteger a sociedade da amea\u00e7a de discursos de \u00f3dio e antici\u00eancia difundidos pelas redes digitais.<\/p>\n\n\n\n<p>\u201cNo Brasil, ningu\u00e9m \u2014 ningu\u00e9m \u2014 est\u00e1 acima da lei. \u00c9 preciso proteger as fam\u00edlias brasileiras de indiv\u00edduos e organiza\u00e7\u00f5es que se utilizam das redes digitais para promover golpes e fraudes, cometer crime de racismo, incentivar a viol\u00eancia contra as mulheres e atacar a democracia, al\u00e9m de alimentar o \u00f3dio, viol\u00eancia e bullying entre crian\u00e7as e adolescentes, em alguns casos levando \u00e0 morte, e desacreditar as vacinas, trazendo de volta doen\u00e7as h\u00e1 muito tempo erradicadas\u201d, declarou o presidente.<\/p>\n\n\n\n<p>Destacando a independ\u00eancia do Judici\u00e1rio, o presidente disse que n\u00e3o pode interferir em decis\u00f5es de outros Poderes.<\/p>\n\n\n\n<p>\u201cContamos com um Poder Judici\u00e1rio independente. No Brasil, respeitamos o devido processo legal, os princ\u00edpios da presun\u00e7\u00e3o da inoc\u00eancia, do contradit\u00f3rio e da ampla defesa. Tentar interferir na justi\u00e7a brasileira \u00e9 um grave atentado \u00e0 soberania nacional\u201d, acrescentou.<\/p>\n\n\n\n<p>&#8220;Chantagem inaceit\u00e1vel&#8221;<br>Lula ressaltou que o Brasil sempre esteve aberto ao di\u00e1logo e tenta negociar com os Estados Unidos desde maio, quando o governo Donald Trump imp\u00f4s uma tarifa de 10% aos produtos brasileiros. O presidente classificou de \u201cchantagem\u201d o uso de informa\u00e7\u00f5es econ\u00f4micas falsas para justificar as amea\u00e7as do governo estadunidense.<\/p>\n\n\n\n<p>\u201cFizemos mais de 10 reuni\u00f5es com o governo dos Estados Unidos, e encaminhamos, em 16 de maio, uma proposta de negocia\u00e7\u00e3o. Esper\u00e1vamos uma resposta, e o que veio foi uma chantagem inaceit\u00e1vel, em forma de amea\u00e7as \u00e0s institui\u00e7\u00f5es brasileiras, e com informa\u00e7\u00f5es falsas sobre o com\u00e9rcio entre o Brasil e os Estados Unidos\u201d, declarou.<\/p>\n\n\n\n<p>Afirmou que o governo est\u00e1 se reunindo com representantes dos setores produtivos, da sociedade civil e dos sindicatos para tentar negociar com os Estados Unidos. Segundo Lula, essa \u00e9 uma grande a\u00e7\u00e3o que diversos segmentos da economia, como a ind\u00fastria, o com\u00e9rcio, o setor de servi\u00e7os, o setor agr\u00edcola e os trabalhadores.<\/p>\n\n\n\n<p>Lula destacou que o Brasil responder\u00e1 aos ataques do governo Trump por meio da diplomacia, do com\u00e9rcio e do multilateralismo. \u201cEstamos juntos na defesa do Brasil. E faremos isso de cabe\u00e7a erguida, seguindo o exemplo de cada brasileiro e cada brasileira que acorda cedo, e vai \u00e0 luta para trabalhar, cuidar da fam\u00edlia e ajudar o Brasil a crescer. Seguiremos apostando nas boas rela\u00e7\u00f5es diplom\u00e1ticas e comerciais, n\u00e3o apenas com os Estados Unidos, mas com todos os pa\u00edses do mundo\u201d, acrescentou.<\/p>\n\n\n\n<p>Lula lembrou que, em dois anos e meio de governo, o Brasil abriu 379 novos mercados para os produtos brasileiros no exterior. Reafirmou que o governo pode usar todos os instrumentos legais para defender a economia, como recursos \u00e0 Organiza\u00e7\u00e3o Mundial do Com\u00e9rcio at\u00e9 a Lei da Reciprocidade, aprovada pelo Congresso Nacional.<\/p>\n\n\n\n<p>&#8220;Traidores da p\u00e1tria&#8221;<br>O presidente manifestou indigna\u00e7\u00e3o pelo apoio de alguns grupos pol\u00edticos ao ataque tarif\u00e1rio do governo Trump.<\/p>\n\n\n\n<p>\u201cMinha indigna\u00e7\u00e3o \u00e9 ainda maior por saber que esse ataque ao Brasil tem o apoio de alguns pol\u00edticos brasileiros. S\u00e3o verdadeiros traidores da p\u00e1tria. Apostam no quanto pior, melhor. N\u00e3o se importam com a economia do pa\u00eds e os danos causados ao nosso povo\u201d, declarou.<\/p>\n\n\n\n<p>Big techs<br>O presidente acrescentou que a fiscaliza\u00e7\u00e3o das plataformas digitais estrangeiras, um dos itens citados por Trump para justificar a imposi\u00e7\u00e3o da tarifa, tem como objetivo defender a soberania nacional. Ele ressaltou que todas as empresas que operam no Brasil s\u00e3o obrigadas a cumprir a legisla\u00e7\u00e3o brasileira.<\/p>\n\n\n\n<p>\u201cA defesa da nossa soberania tamb\u00e9m se aplica \u00e0 atua\u00e7\u00e3o das plataformas digitais estrangeiras no Brasil. Para operar no nosso pa\u00eds, todas as empresas nacionais e estrangeiras s\u00e3o obrigadas a cumprir as regras\u201d, destacou.<\/p>\n\n\n\n<p>Pix<br>Sobre as reclama\u00e7\u00f5es do governo de Trump ao Pix, Lula disse que o governo n\u00e3o aceitar\u00e1 ataques ao sistema de transfer\u00eancias instant\u00e2neas, que classificou como um patrim\u00f4nio do pa\u00eds.<\/p>\n\n\n\n<p>\u201cO Pix \u00e9 do Brasil. N\u00e3o aceitaremos ataques ao Pix, que \u00e9 um patrim\u00f4nio do nosso povo. Temos um dos sistemas de pagamento mais avan\u00e7ados do mundo, e vamos proteg\u00ea-lo\u201d, comentou.<\/p>\n\n\n\n<p>N\u00fameros<br>O presidente apresentou n\u00fameros para desmentir as alega\u00e7\u00f5es do governo norte-americano sobre supostas pr\u00e1ticas comerciais desleais por parte do Brasil.<\/p>\n\n\n\n<p>\u201cA primeira v\u00edtima de um mundo sem regras \u00e9 a verdade. S\u00e3o falsas as alega\u00e7\u00f5es sobre pr\u00e1ticas comerciais desleais brasileiras. Os Estados Unidos acumulam, h\u00e1 mais de 15 anos, robusto super\u00e1vit comercial de US$ 410 bilh\u00f5es [com o Brasil]\u201d, declarou.<\/p>\n\n\n\n<p>Em rela\u00e7\u00e3o ao desmatamento, usado nas alega\u00e7\u00f5es de Trump para amea\u00e7ar o pa\u00eds, Lula lembrou que o Brasil atualmente \u00e9 refer\u00eancia mundial na defesa do meio ambiente. \u201cEm dois anos, j\u00e1 reduzimos pela metade o desmatamento da Amaz\u00f4nia. E estamos trabalhando para zerar o desmatamento at\u00e9 2030\u201d, afirmou.<\/p>\n\n\n\n<p>\u201cN\u00e3o h\u00e1 vencedores em guerras tarif\u00e1rias. Somos um pa\u00eds de paz, sem inimigos. Acreditamos no multilateralismo e na coopera\u00e7\u00e3o entre as na\u00e7\u00f5es. Mas que ningu\u00e9m se esque\u00e7a: o Brasil tem um \u00fanico dono: o povo brasileiro\u201d, concluiu Lula, ao terminar o pronunciamento.<\/p>\n\n\n\n<p>Wellton M\u00e1ximo \u2013 Rep\u00f3rter da Ag\u00eancia Brasil<br><\/p>\n","protected":false},"excerpt":{"rendered":"<p>O presidente Luiz In\u00e1cio Lula da Silva ressaltou a separa\u00e7\u00e3o dos Poderes e disse que ningu\u00e9m est\u00e1 acima da lei, em pronunciamento em cadeia nacional de r\u00e1dio e televis\u00e3o. Em discurso de cinco minutos, o presidente afirmou que responder\u00e1 com diplomacia e multilateralismo \u00e0s amea\u00e7as do governo de Donald Trump de impor uma tarifa de [&hellip;]<\/p>\n","protected":false},"author":13,"featured_media":86327,"comment_status":"open","ping_status":"open","sticky":false,"template":"","format":"standard","meta":{"_acf_changed":false,"footnotes":""},"categories":[898,23,21],"tags":[],"class_list":["post-86326","post","type-post","status-publish","format-standard","has-post-thumbnail","hentry","category-manchete-segundaria","category-politica","category-todas-noticias"],"acf":[],"yoast_head":"<!-- This site is optimized with the Yoast SEO plugin v24.4 - https:\/\/yoast.com\/wordpress\/plugins\/seo\/ -->\n<title>Em pronunciamento, Lula diz que tarifa\u00e7o \u00e9 &quot;chantagem inaceit\u00e1vel&quot; - PORTAL DE NOT\u00cdCIAS CLEITON PINHEIRO<\/title>\n<meta name=\"robots\" content=\"index, follow, max-snippet:-1, max-image-preview:large, max-video-preview:-1\" \/>\n<link rel=\"canonical\" href=\"https:\/\/cleitonpinheiro.com.br\/site\/em-pronunciamento-lula-diz-que-tarifaco-e-chantagem-inaceitavel\/\" \/>\n<meta property=\"og:locale\" content=\"pt_BR\" \/>\n<meta property=\"og:type\" content=\"article\" \/>\n<meta property=\"og:title\" content=\"Em pronunciamento, Lula diz que tarifa\u00e7o \u00e9 &quot;chantagem inaceit\u00e1vel&quot; - PORTAL DE NOT\u00cdCIAS CLEITON PINHEIRO\" \/>\n<meta property=\"og:description\" content=\"O presidente Luiz In\u00e1cio Lula da Silva ressaltou a separa\u00e7\u00e3o dos Poderes e disse que ningu\u00e9m est\u00e1 acima da lei, em pronunciamento em cadeia nacional de r\u00e1dio e televis\u00e3o. Em discurso de cinco minutos, o presidente afirmou que responder\u00e1 com diplomacia e multilateralismo \u00e0s amea\u00e7as do governo de Donald Trump de impor uma tarifa de [&hellip;]\" \/>\n<meta property=\"og:url\" content=\"https:\/\/cleitonpinheiro.com.br\/site\/em-pronunciamento-lula-diz-que-tarifaco-e-chantagem-inaceitavel\/\" \/>\n<meta property=\"og:site_name\" content=\"PORTAL DE NOT\u00cdCIAS CLEITON PINHEIRO\" \/>\n<meta property=\"article:publisher\" content=\"https:\/\/www.facebook.com\/portalcpnoticias\/\" \/>\n<meta property=\"article:published_time\" content=\"2025-07-18T13:40:18+00:00\" \/>\n<meta property=\"article:modified_time\" content=\"2025-07-18T13:40:23+00:00\" \/>\n<meta property=\"og:image\" content=\"https:\/\/cleitonpinheiro.com.br\/site\/wp-content\/uploads\/2025\/07\/lula_pronunciamento_-_divulgacao_palacio_do_planalto.webp\" \/>\n\t<meta property=\"og:image:width\" content=\"1170\" \/>\n\t<meta property=\"og:image:height\" content=\"700\" \/>\n\t<meta property=\"og:image:type\" content=\"image\/webp\" \/>\n<meta name=\"author\" content=\"Reda\u00e7\u00e3o CP\" \/>\n<meta name=\"twitter:card\" content=\"summary_large_image\" \/>\n<meta name=\"twitter:label1\" content=\"Escrito por\" \/>\n\t<meta name=\"twitter:data1\" content=\"Reda\u00e7\u00e3o CP\" \/>\n\t<meta name=\"twitter:label2\" content=\"Est. tempo de leitura\" \/>\n\t<meta name=\"twitter:data2\" content=\"6 minutos\" \/>\n<script type=\"application\/ld+json\" class=\"yoast-schema-graph\">{\"@context\":\"https:\/\/schema.org\",\"@graph\":[{\"@type\":\"Article\",\"@id\":\"https:\/\/cleitonpinheiro.com.br\/site\/em-pronunciamento-lula-diz-que-tarifaco-e-chantagem-inaceitavel\/#article\",\"isPartOf\":{\"@id\":\"https:\/\/cleitonpinheiro.com.br\/site\/em-pronunciamento-lula-diz-que-tarifaco-e-chantagem-inaceitavel\/\"},\"author\":{\"name\":\"Reda\u00e7\u00e3o CP\",\"@id\":\"https:\/\/cleitonpinheiro.com.br\/site\/#\/schema\/person\/8f04544e0bc40a1b68775b08360f87db\"},\"headline\":\"Em pronunciamento, Lula diz que tarifa\u00e7o \u00e9 &#8220;chantagem inaceit\u00e1vel&#8221;\",\"datePublished\":\"2025-07-18T13:40:18+00:00\",\"dateModified\":\"2025-07-18T13:40:23+00:00\",\"mainEntityOfPage\":{\"@id\":\"https:\/\/cleitonpinheiro.com.br\/site\/em-pronunciamento-lula-diz-que-tarifaco-e-chantagem-inaceitavel\/\"},\"wordCount\":994,\"commentCount\":0,\"publisher\":{\"@id\":\"https:\/\/cleitonpinheiro.com.br\/site\/#organization\"},\"image\":{\"@id\":\"https:\/\/cleitonpinheiro.com.br\/site\/em-pronunciamento-lula-diz-que-tarifaco-e-chantagem-inaceitavel\/#primaryimage\"},\"thumbnailUrl\":\"https:\/\/cleitonpinheiro.com.br\/site\/wp-content\/uploads\/2025\/07\/lula_pronunciamento_-_divulgacao_palacio_do_planalto.webp\",\"articleSection\":[\"MANCHETE SEGUND\u00c1RIA\",\"POL\u00cdTICA\",\"TODAS NOTICIAS\"],\"inLanguage\":\"pt-BR\",\"potentialAction\":[{\"@type\":\"CommentAction\",\"name\":\"Comment\",\"target\":[\"https:\/\/cleitonpinheiro.com.br\/site\/em-pronunciamento-lula-diz-que-tarifaco-e-chantagem-inaceitavel\/#respond\"]}]},{\"@type\":\"WebPage\",\"@id\":\"https:\/\/cleitonpinheiro.com.br\/site\/em-pronunciamento-lula-diz-que-tarifaco-e-chantagem-inaceitavel\/\",\"url\":\"https:\/\/cleitonpinheiro.com.br\/site\/em-pronunciamento-lula-diz-que-tarifaco-e-chantagem-inaceitavel\/\",\"name\":\"Em pronunciamento, Lula diz que tarifa\u00e7o \u00e9 \\\"chantagem inaceit\u00e1vel\\\" - PORTAL DE NOT\u00cdCIAS CLEITON PINHEIRO\",\"isPartOf\":{\"@id\":\"https:\/\/cleitonpinheiro.com.br\/site\/#website\"},\"primaryImageOfPage\":{\"@id\":\"https:\/\/cleitonpinheiro.com.br\/site\/em-pronunciamento-lula-diz-que-tarifaco-e-chantagem-inaceitavel\/#primaryimage\"},\"image\":{\"@id\":\"https:\/\/cleitonpinheiro.com.br\/site\/em-pronunciamento-lula-diz-que-tarifaco-e-chantagem-inaceitavel\/#primaryimage\"},\"thumbnailUrl\":\"https:\/\/cleitonpinheiro.com.br\/site\/wp-content\/uploads\/2025\/07\/lula_pronunciamento_-_divulgacao_palacio_do_planalto.webp\",\"datePublished\":\"2025-07-18T13:40:18+00:00\",\"dateModified\":\"2025-07-18T13:40:23+00:00\",\"breadcrumb\":{\"@id\":\"https:\/\/cleitonpinheiro.com.br\/site\/em-pronunciamento-lula-diz-que-tarifaco-e-chantagem-inaceitavel\/#breadcrumb\"},\"inLanguage\":\"pt-BR\",\"potentialAction\":[{\"@type\":\"ReadAction\",\"target\":[\"https:\/\/cleitonpinheiro.com.br\/site\/em-pronunciamento-lula-diz-que-tarifaco-e-chantagem-inaceitavel\/\"]}]},{\"@type\":\"ImageObject\",\"inLanguage\":\"pt-BR\",\"@id\":\"https:\/\/cleitonpinheiro.com.br\/site\/em-pronunciamento-lula-diz-que-tarifaco-e-chantagem-inaceitavel\/#primaryimage\",\"url\":\"https:\/\/cleitonpinheiro.com.br\/site\/wp-content\/uploads\/2025\/07\/lula_pronunciamento_-_divulgacao_palacio_do_planalto.webp\",\"contentUrl\":\"https:\/\/cleitonpinheiro.com.br\/site\/wp-content\/uploads\/2025\/07\/lula_pronunciamento_-_divulgacao_palacio_do_planalto.webp\",\"width\":1170,\"height\":700},{\"@type\":\"BreadcrumbList\",\"@id\":\"https:\/\/cleitonpinheiro.com.br\/site\/em-pronunciamento-lula-diz-que-tarifaco-e-chantagem-inaceitavel\/#breadcrumb\",\"itemListElement\":[{\"@type\":\"ListItem\",\"position\":1,\"name\":\"In\u00edcio\",\"item\":\"https:\/\/cleitonpinheiro.com.br\/site\/\"},{\"@type\":\"ListItem\",\"position\":2,\"name\":\"Em pronunciamento, Lula diz que tarifa\u00e7o \u00e9 &#8220;chantagem inaceit\u00e1vel&#8221;\"}]},{\"@type\":\"WebSite\",\"@id\":\"https:\/\/cleitonpinheiro.com.br\/site\/#website\",\"url\":\"https:\/\/cleitonpinheiro.com.br\/site\/\",\"name\":\"PORTAL DE NOT\u00cdCIAS CLEITON PINHEIRO\",\"description\":\"FALANDO A VERDADE\",\"publisher\":{\"@id\":\"https:\/\/cleitonpinheiro.com.br\/site\/#organization\"},\"potentialAction\":[{\"@type\":\"SearchAction\",\"target\":{\"@type\":\"EntryPoint\",\"urlTemplate\":\"https:\/\/cleitonpinheiro.com.br\/site\/?s={search_term_string}\"},\"query-input\":{\"@type\":\"PropertyValueSpecification\",\"valueRequired\":true,\"valueName\":\"search_term_string\"}}],\"inLanguage\":\"pt-BR\"},{\"@type\":\"Organization\",\"@id\":\"https:\/\/cleitonpinheiro.com.br\/site\/#organization\",\"name\":\"CPNOT\u00cdCIAS\",\"url\":\"https:\/\/cleitonpinheiro.com.br\/site\/\",\"logo\":{\"@type\":\"ImageObject\",\"inLanguage\":\"pt-BR\",\"@id\":\"https:\/\/cleitonpinheiro.com.br\/site\/#\/schema\/logo\/image\/\",\"url\":\"https:\/\/cleitonpinheiro.com.br\/site\/wp-content\/uploads\/2022\/08\/Logo-pequena-2.png\",\"contentUrl\":\"https:\/\/cleitonpinheiro.com.br\/site\/wp-content\/uploads\/2022\/08\/Logo-pequena-2.png\",\"width\":500,\"height\":500,\"caption\":\"CPNOT\u00cdCIAS\"},\"image\":{\"@id\":\"https:\/\/cleitonpinheiro.com.br\/site\/#\/schema\/logo\/image\/\"},\"sameAs\":[\"https:\/\/www.facebook.com\/portalcpnoticias\/\"]},{\"@type\":\"Person\",\"@id\":\"https:\/\/cleitonpinheiro.com.br\/site\/#\/schema\/person\/8f04544e0bc40a1b68775b08360f87db\",\"name\":\"Reda\u00e7\u00e3o CP\",\"image\":{\"@type\":\"ImageObject\",\"inLanguage\":\"pt-BR\",\"@id\":\"https:\/\/cleitonpinheiro.com.br\/site\/#\/schema\/person\/image\/\",\"url\":\"https:\/\/secure.gravatar.com\/avatar\/0bcf19cb29fdc8fc588c490c7ae1b3e174dac268586a63fbe1d1893a0f9020cd?s=96&r=g\",\"contentUrl\":\"https:\/\/secure.gravatar.com\/avatar\/0bcf19cb29fdc8fc588c490c7ae1b3e174dac268586a63fbe1d1893a0f9020cd?s=96&r=g\",\"caption\":\"Reda\u00e7\u00e3o CP\"},\"url\":\"https:\/\/cleitonpinheiro.com.br\/site\/author\/redacao\/\"}]}<\/script>\n<!-- \/ Yoast SEO plugin. -->","yoast_head_json":{"title":"Em pronunciamento, Lula diz que tarifa\u00e7o \u00e9 \"chantagem inaceit\u00e1vel\" - PORTAL DE NOT\u00cdCIAS CLEITON PINHEIRO","robots":{"index":"index","follow":"follow","max-snippet":"max-snippet:-1","max-image-preview":"max-image-preview:large","max-video-preview":"max-video-preview:-1"},"canonical":"https:\/\/cleitonpinheiro.com.br\/site\/em-pronunciamento-lula-diz-que-tarifaco-e-chantagem-inaceitavel\/","og_locale":"pt_BR","og_type":"article","og_title":"Em pronunciamento, Lula diz que tarifa\u00e7o \u00e9 \"chantagem inaceit\u00e1vel\" - PORTAL DE NOT\u00cdCIAS CLEITON PINHEIRO","og_description":"O presidente Luiz In\u00e1cio Lula da Silva ressaltou a separa\u00e7\u00e3o dos Poderes e disse que ningu\u00e9m est\u00e1 acima da lei, em pronunciamento em cadeia nacional de r\u00e1dio e televis\u00e3o. Em discurso de cinco minutos, o presidente afirmou que responder\u00e1 com diplomacia e multilateralismo \u00e0s amea\u00e7as do governo de Donald Trump de impor uma tarifa de [&hellip;]","og_url":"https:\/\/cleitonpinheiro.com.br\/site\/em-pronunciamento-lula-diz-que-tarifaco-e-chantagem-inaceitavel\/","og_site_name":"PORTAL DE NOT\u00cdCIAS CLEITON PINHEIRO","article_publisher":"https:\/\/www.facebook.com\/portalcpnoticias\/","article_published_time":"2025-07-18T13:40:18+00:00","article_modified_time":"2025-07-18T13:40:23+00:00","og_image":[{"width":1170,"height":700,"url":"https:\/\/cleitonpinheiro.com.br\/site\/wp-content\/uploads\/2025\/07\/lula_pronunciamento_-_divulgacao_palacio_do_planalto.webp","type":"image\/webp"}],"author":"Reda\u00e7\u00e3o CP","twitter_card":"summary_large_image","twitter_misc":{"Escrito por":"Reda\u00e7\u00e3o CP","Est. tempo de leitura":"6 minutos"},"schema":{"@context":"https:\/\/schema.org","@graph":[{"@type":"Article","@id":"https:\/\/cleitonpinheiro.com.br\/site\/em-pronunciamento-lula-diz-que-tarifaco-e-chantagem-inaceitavel\/#article","isPartOf":{"@id":"https:\/\/cleitonpinheiro.com.br\/site\/em-pronunciamento-lula-diz-que-tarifaco-e-chantagem-inaceitavel\/"},"author":{"name":"Reda\u00e7\u00e3o CP","@id":"https:\/\/cleitonpinheiro.com.br\/site\/#\/schema\/person\/8f04544e0bc40a1b68775b08360f87db"},"headline":"Em pronunciamento, Lula diz que tarifa\u00e7o \u00e9 &#8220;chantagem inaceit\u00e1vel&#8221;","datePublished":"2025-07-18T13:40:18+00:00","dateModified":"2025-07-18T13:40:23+00:00","mainEntityOfPage":{"@id":"https:\/\/cleitonpinheiro.com.br\/site\/em-pronunciamento-lula-diz-que-tarifaco-e-chantagem-inaceitavel\/"},"wordCount":994,"commentCount":0,"publisher":{"@id":"https:\/\/cleitonpinheiro.com.br\/site\/#organization"},"image":{"@id":"https:\/\/cleitonpinheiro.com.br\/site\/em-pronunciamento-lula-diz-que-tarifaco-e-chantagem-inaceitavel\/#primaryimage"},"thumbnailUrl":"https:\/\/cleitonpinheiro.com.br\/site\/wp-content\/uploads\/2025\/07\/lula_pronunciamento_-_divulgacao_palacio_do_planalto.webp","articleSection":["MANCHETE SEGUND\u00c1RIA","POL\u00cdTICA","TODAS NOTICIAS"],"inLanguage":"pt-BR","potentialAction":[{"@type":"CommentAction","name":"Comment","target":["https:\/\/cleitonpinheiro.com.br\/site\/em-pronunciamento-lula-diz-que-tarifaco-e-chantagem-inaceitavel\/#respond"]}]},{"@type":"WebPage","@id":"https:\/\/cleitonpinheiro.com.br\/site\/em-pronunciamento-lula-diz-que-tarifaco-e-chantagem-inaceitavel\/","url":"https:\/\/cleitonpinheiro.com.br\/site\/em-pronunciamento-lula-diz-que-tarifaco-e-chantagem-inaceitavel\/","name":"Em pronunciamento, Lula diz que tarifa\u00e7o \u00e9 \"chantagem inaceit\u00e1vel\" - PORTAL DE NOT\u00cdCIAS CLEITON PINHEIRO","isPartOf":{"@id":"https:\/\/cleitonpinheiro.com.br\/site\/#website"},"primaryImageOfPage":{"@id":"https:\/\/cleitonpinheiro.com.br\/site\/em-pronunciamento-lula-diz-que-tarifaco-e-chantagem-inaceitavel\/#primaryimage"},"image":{"@id":"https:\/\/cleitonpinheiro.com.br\/site\/em-pronunciamento-lula-diz-que-tarifaco-e-chantagem-inaceitavel\/#primaryimage"},"thumbnailUrl":"https:\/\/cleitonpinheiro.com.br\/site\/wp-content\/uploads\/2025\/07\/lula_pronunciamento_-_divulgacao_palacio_do_planalto.webp","datePublished":"2025-07-18T13:40:18+00:00","dateModified":"2025-07-18T13:40:23+00:00","breadcrumb":{"@id":"https:\/\/cleitonpinheiro.com.br\/site\/em-pronunciamento-lula-diz-que-tarifaco-e-chantagem-inaceitavel\/#breadcrumb"},"inLanguage":"pt-BR","potentialAction":[{"@type":"ReadAction","target":["https:\/\/cleitonpinheiro.com.br\/site\/em-pronunciamento-lula-diz-que-tarifaco-e-chantagem-inaceitavel\/"]}]},{"@type":"ImageObject","inLanguage":"pt-BR","@id":"https:\/\/cleitonpinheiro.com.br\/site\/em-pronunciamento-lula-diz-que-tarifaco-e-chantagem-inaceitavel\/#primaryimage","url":"https:\/\/cleitonpinheiro.com.br\/site\/wp-content\/uploads\/2025\/07\/lula_pronunciamento_-_divulgacao_palacio_do_planalto.webp","contentUrl":"https:\/\/cleitonpinheiro.com.br\/site\/wp-content\/uploads\/2025\/07\/lula_pronunciamento_-_divulgacao_palacio_do_planalto.webp","width":1170,"height":700},{"@type":"BreadcrumbList","@id":"https:\/\/cleitonpinheiro.com.br\/site\/em-pronunciamento-lula-diz-que-tarifaco-e-chantagem-inaceitavel\/#breadcrumb","itemListElement":[{"@type":"ListItem","position":1,"name":"In\u00edcio","item":"https:\/\/cleitonpinheiro.com.br\/site\/"},{"@type":"ListItem","position":2,"name":"Em pronunciamento, Lula diz que tarifa\u00e7o \u00e9 &#8220;chantagem inaceit\u00e1vel&#8221;"}]},{"@type":"WebSite","@id":"https:\/\/cleitonpinheiro.com.br\/site\/#website","url":"https:\/\/cleitonpinheiro.com.br\/site\/","name":"PORTAL DE NOT\u00cdCIAS CLEITON PINHEIRO","description":"FALANDO A VERDADE","publisher":{"@id":"https:\/\/cleitonpinheiro.com.br\/site\/#organization"},"potentialAction":[{"@type":"SearchAction","target":{"@type":"EntryPoint","urlTemplate":"https:\/\/cleitonpinheiro.com.br\/site\/?s={search_term_string}"},"query-input":{"@type":"PropertyValueSpecification","valueRequired":true,"valueName":"search_term_string"}}],"inLanguage":"pt-BR"},{"@type":"Organization","@id":"https:\/\/cleitonpinheiro.com.br\/site\/#organization","name":"CPNOT\u00cdCIAS","url":"https:\/\/cleitonpinheiro.com.br\/site\/","logo":{"@type":"ImageObject","inLanguage":"pt-BR","@id":"https:\/\/cleitonpinheiro.com.br\/site\/#\/schema\/logo\/image\/","url":"https:\/\/cleitonpinheiro.com.br\/site\/wp-content\/uploads\/2022\/08\/Logo-pequena-2.png","contentUrl":"https:\/\/cleitonpinheiro.com.br\/site\/wp-content\/uploads\/2022\/08\/Logo-pequena-2.png","width":500,"height":500,"caption":"CPNOT\u00cdCIAS"},"image":{"@id":"https:\/\/cleitonpinheiro.com.br\/site\/#\/schema\/logo\/image\/"},"sameAs":["https:\/\/www.facebook.com\/portalcpnoticias\/"]},{"@type":"Person","@id":"https:\/\/cleitonpinheiro.com.br\/site\/#\/schema\/person\/8f04544e0bc40a1b68775b08360f87db","name":"Reda\u00e7\u00e3o CP","image":{"@type":"ImageObject","inLanguage":"pt-BR","@id":"https:\/\/cleitonpinheiro.com.br\/site\/#\/schema\/person\/image\/","url":"https:\/\/secure.gravatar.com\/avatar\/0bcf19cb29fdc8fc588c490c7ae1b3e174dac268586a63fbe1d1893a0f9020cd?s=96&r=g","contentUrl":"https:\/\/secure.gravatar.com\/avatar\/0bcf19cb29fdc8fc588c490c7ae1b3e174dac268586a63fbe1d1893a0f9020cd?s=96&r=g","caption":"Reda\u00e7\u00e3o CP"},"url":"https:\/\/cleitonpinheiro.com.br\/site\/author\/redacao\/"}]}},"views":151,"_links":{"self":[{"href":"https:\/\/cleitonpinheiro.com.br\/site\/wp-json\/wp\/v2\/posts\/86326","targetHints":{"allow":["GET"]}}],"collection":[{"href":"https:\/\/cleitonpinheiro.com.br\/site\/wp-json\/wp\/v2\/posts"}],"about":[{"href":"https:\/\/cleitonpinheiro.com.br\/site\/wp-json\/wp\/v2\/types\/post"}],"author":[{"embeddable":true,"href":"https:\/\/cleitonpinheiro.com.br\/site\/wp-json\/wp\/v2\/users\/13"}],"replies":[{"embeddable":true,"href":"https:\/\/cleitonpinheiro.com.br\/site\/wp-json\/wp\/v2\/comments?post=86326"}],"version-history":[{"count":1,"href":"https:\/\/cleitonpinheiro.com.br\/site\/wp-json\/wp\/v2\/posts\/86326\/revisions"}],"predecessor-version":[{"id":86328,"href":"https:\/\/cleitonpinheiro.com.br\/site\/wp-json\/wp\/v2\/posts\/86326\/revisions\/86328"}],"wp:featuredmedia":[{"embeddable":true,"href":"https:\/\/cleitonpinheiro.com.br\/site\/wp-json\/wp\/v2\/media\/86327"}],"wp:attachment":[{"href":"https:\/\/cleitonpinheiro.com.br\/site\/wp-json\/wp\/v2\/media?parent=86326"}],"wp:term":[{"taxonomy":"category","embeddable":true,"href":"https:\/\/cleitonpinheiro.com.br\/site\/wp-json\/wp\/v2\/categories?post=86326"},{"taxonomy":"post_tag","embeddable":true,"href":"https:\/\/cleitonpinheiro.com.br\/site\/wp-json\/wp\/v2\/tags?post=86326"}],"curies":[{"name":"wp","href":"https:\/\/api.w.org\/{rel}","templated":true}]}}