{"id":86331,"date":"2025-07-18T11:20:30","date_gmt":"2025-07-18T14:20:30","guid":{"rendered":"https:\/\/cleitonpinheiro.com.br\/site\/?p=86331"},"modified":"2025-07-18T11:20:35","modified_gmt":"2025-07-18T14:20:35","slug":"bolsonaro-fez-flagrante-confissao-de-obstrucao-de-justica-diz-moraes","status":"publish","type":"post","link":"https:\/\/cleitonpinheiro.com.br\/site\/bolsonaro-fez-flagrante-confissao-de-obstrucao-de-justica-diz-moraes\/","title":{"rendered":"Bolsonaro fez flagrante confiss\u00e3o de obstru\u00e7\u00e3o de Justi\u00e7a, diz Moraes"},"content":{"rendered":"\n<figure class=\"wp-block-image size-large\"><img fetchpriority=\"high\" decoding=\"async\" width=\"1024\" height=\"613\" src=\"https:\/\/cleitonpinheiro.com.br\/site\/wp-content\/uploads\/2025\/07\/1068302-1-07.03.2017_pzzb-1393-1024x613.webp\" alt=\"\" class=\"wp-image-86332\" srcset=\"https:\/\/cleitonpinheiro.com.br\/site\/wp-content\/uploads\/2025\/07\/1068302-1-07.03.2017_pzzb-1393-1024x613.webp 1024w, https:\/\/cleitonpinheiro.com.br\/site\/wp-content\/uploads\/2025\/07\/1068302-1-07.03.2017_pzzb-1393-300x179.webp 300w, https:\/\/cleitonpinheiro.com.br\/site\/wp-content\/uploads\/2025\/07\/1068302-1-07.03.2017_pzzb-1393-768x459.webp 768w, https:\/\/cleitonpinheiro.com.br\/site\/wp-content\/uploads\/2025\/07\/1068302-1-07.03.2017_pzzb-1393.webp 1170w\" sizes=\"(max-width: 1024px) 100vw, 1024px\" \/><figcaption class=\"wp-element-caption\">\u00a9 Fabio Rodrigues Pozzebom\/Ag\u00eancia Brasil\n<\/figcaption><\/figure>\n\n\n\n<p>Em decis\u00e3o\u00a0divulgada h\u00e1 pouco pelo Supremo Tribunal Federal, o\u00a0ministro Alexandre de Moraes escreveu que o ex-presidente Jair Bolsonaro e seu filho Eduardo fizeram uma \u201cconfiss\u00e3o flagrante\u201d de atos criminosos para coagir e obstruir a Justi\u00e7a brasileira, motivo pelo qual decidiu impor medidas cautelares contra Bolsonaro.\u00a0<img decoding=\"async\" src=\"https:\/\/agenciabrasil.ebc.com.br\/ebc.png?id=1651232&amp;o=node\"><img decoding=\"async\" src=\"https:\/\/agenciabrasil.ebc.com.br\/ebc.gif?id=1651232&amp;o=node\"><\/p>\n\n\n\n<p>Eles respondem pelos crimes de crimes de coa\u00e7\u00e3o no curso do processo (Art. 344 do C\u00f3digo Penal), obstru\u00e7\u00e3o de investiga\u00e7\u00e3o de infra\u00e7\u00e3o penal que envolva organiza\u00e7\u00e3o criminosa (Art. 2\u00ba, \u00a7 1 \u00ba, da Lei 12.850\/13) e aboli\u00e7\u00e3o violenta do Estado Democr\u00e1tico de Direito (Art. 359-L do C\u00f3digo Penal).<\/p>\n\n\n\n<p>Pela decis\u00e3o, Bolsonaro dever\u00e1 cumprir recolhimento domiciliar entre 19h e 6h de segunda a sexta-feira e em tempo integral nos fins de semana e feriados; ser monitorado com tornozeleira eletr\u00f4nica; n\u00e3o manter contato com embaixadores, autoridades estrangeiras e nem se aproximar de sedes de embaixadas e consulados.\u00a0<\/p>\n\n\n\n<p>As medidas foram solicitadas pela Pol\u00edcia Federal (PF), com parecer favor\u00e1vel da Procuradoria-Geral da Rep\u00fablica (PGR).<\/p>\n\n\n\n<p>Para o ministro, as condutas de Bolsonaro e filho caracterizam \u201cCLAROS e EXPRESSOS ATOS EXECUT\u00d3RIOS e FLAGRANTES CONFISS\u00d5ES DA PR\u00c1TICA DOS ATOS CRIMINOSOS, em especial dos crimes de coa\u00e7\u00e3o no curso do processo, obstru\u00e7\u00e3o de investiga\u00e7\u00e3o de infra\u00e7\u00e3o penal que envolva organiza\u00e7\u00e3o criminosa e atentado \u00e0 soberania\u201d.&nbsp;<\/p>\n\n\n\n<p>O ministro salientou que as condutas criminosas ocorrem \u00e0 luz do dia, em publica\u00e7\u00f5es em redes sociais e entrevistas e pronunciamentos a ve\u00edculos de m\u00eddia.<\/p>\n\n\n\n<p>A decis\u00e3o traz imagens de&nbsp;<em>posts<\/em>&nbsp;de Eduardo na rede social X e de entrevistas a canais de TV como CNN em que o filho do presidente defende a taxa\u00e7\u00e3o anunciada pelo presidente dos Estados Unidos, Donald Trump, de 50% sobre produtos brasileiros.&nbsp;<\/p>\n\n\n\n<p>Ao anunciar a medida, Trump deu entre as justificativas o que chamou de &#8220;ca\u00e7a \u00e0s bruxas&#8221; contra Bolsonaro.&nbsp;<\/p>\n\n\n\n<blockquote class=\"wp-block-quote is-layout-flow wp-block-quote-is-layout-flow\">\n<p>\u201cAs a\u00e7\u00f5es de JAIR MESSIAS BOLSONARO demonstram que o r\u00e9u est\u00e1 atuando dolosa e conscientemente de forma il\u00edcita, conjuntamente com o seu filho, EDUARDO NANTES BOLSONARO, com a finalidade de tentar submeter o funcionamento do Supremo Tribunal Federal ao crivo de outro Estado estrangeiro, por meio de atos hostis derivados negocia\u00e7\u00f5es esp\u00farias e criminosas com patente obstru\u00e7\u00e3o \u00e0 Justi\u00e7a e clara finalidade de coagir essa CORTE no julgamento da AP 2.668\/DF.\u201d&nbsp;<\/p>\n<\/blockquote>\n\n\n\n<p>A a\u00e7\u00e3o penal 2668 tem como alvo Bolsonaro e mais sete aliados, entre militares e civis, todos acusados pela PGR de ter encabe\u00e7ado uma tentativa fracassada de golpe de Estado, cujo objetivo seria manter o ex-presidente no poder mesmo ap\u00f3s derrota eleitoral.\u00a0<\/p>\n\n\n\n<p>Felipe Pontes \u2013 rep\u00f3rter da Ag\u00eancia Brasil<br><\/p>\n\n\n\n<p><\/p>\n","protected":false},"excerpt":{"rendered":"<p>Em decis\u00e3o\u00a0divulgada h\u00e1 pouco pelo Supremo Tribunal Federal, o\u00a0ministro Alexandre de Moraes escreveu que o ex-presidente Jair Bolsonaro e seu filho Eduardo fizeram uma \u201cconfiss\u00e3o flagrante\u201d de atos criminosos para coagir e obstruir a Justi\u00e7a brasileira, motivo pelo qual decidiu impor medidas cautelares contra Bolsonaro.\u00a0 Eles respondem pelos crimes de crimes de coa\u00e7\u00e3o no curso [&hellip;]<\/p>\n","protected":false},"author":13,"featured_media":86332,"comment_status":"open","ping_status":"open","sticky":false,"template":"","format":"standard","meta":{"_acf_changed":false,"footnotes":""},"categories":[898,23,21],"tags":[],"class_list":["post-86331","post","type-post","status-publish","format-standard","has-post-thumbnail","hentry","category-manchete-segundaria","category-politica","category-todas-noticias"],"acf":[],"yoast_head":"<!-- This site is optimized with the Yoast SEO plugin v24.4 - https:\/\/yoast.com\/wordpress\/plugins\/seo\/ -->\n<title>Bolsonaro fez flagrante confiss\u00e3o de obstru\u00e7\u00e3o de Justi\u00e7a, diz Moraes - PORTAL DE NOT\u00cdCIAS CLEITON PINHEIRO<\/title>\n<meta name=\"robots\" content=\"index, follow, max-snippet:-1, max-image-preview:large, max-video-preview:-1\" \/>\n<link rel=\"canonical\" href=\"https:\/\/cleitonpinheiro.com.br\/site\/bolsonaro-fez-flagrante-confissao-de-obstrucao-de-justica-diz-moraes\/\" \/>\n<meta property=\"og:locale\" content=\"pt_BR\" \/>\n<meta property=\"og:type\" content=\"article\" \/>\n<meta property=\"og:title\" content=\"Bolsonaro fez flagrante confiss\u00e3o de obstru\u00e7\u00e3o de Justi\u00e7a, diz Moraes - PORTAL DE NOT\u00cdCIAS CLEITON PINHEIRO\" \/>\n<meta property=\"og:description\" content=\"Em decis\u00e3o\u00a0divulgada h\u00e1 pouco pelo Supremo Tribunal Federal, o\u00a0ministro Alexandre de Moraes escreveu que o ex-presidente Jair Bolsonaro e seu filho Eduardo fizeram uma \u201cconfiss\u00e3o flagrante\u201d de atos criminosos para coagir e obstruir a Justi\u00e7a brasileira, motivo pelo qual decidiu impor medidas cautelares contra Bolsonaro.\u00a0 Eles respondem pelos crimes de crimes de coa\u00e7\u00e3o no curso [&hellip;]\" \/>\n<meta property=\"og:url\" content=\"https:\/\/cleitonpinheiro.com.br\/site\/bolsonaro-fez-flagrante-confissao-de-obstrucao-de-justica-diz-moraes\/\" \/>\n<meta property=\"og:site_name\" content=\"PORTAL DE NOT\u00cdCIAS CLEITON PINHEIRO\" \/>\n<meta property=\"article:publisher\" content=\"https:\/\/www.facebook.com\/portalcpnoticias\/\" \/>\n<meta property=\"article:published_time\" content=\"2025-07-18T14:20:30+00:00\" \/>\n<meta property=\"article:modified_time\" content=\"2025-07-18T14:20:35+00:00\" \/>\n<meta property=\"og:image\" content=\"https:\/\/cleitonpinheiro.com.br\/site\/wp-content\/uploads\/2025\/07\/1068302-1-07.03.2017_pzzb-1393.webp\" \/>\n\t<meta property=\"og:image:width\" content=\"1170\" \/>\n\t<meta property=\"og:image:height\" content=\"700\" \/>\n\t<meta property=\"og:image:type\" content=\"image\/webp\" \/>\n<meta name=\"author\" content=\"Reda\u00e7\u00e3o CP\" \/>\n<meta name=\"twitter:card\" content=\"summary_large_image\" \/>\n<meta name=\"twitter:label1\" content=\"Escrito por\" \/>\n\t<meta name=\"twitter:data1\" content=\"Reda\u00e7\u00e3o CP\" \/>\n\t<meta name=\"twitter:label2\" content=\"Est. tempo de leitura\" \/>\n\t<meta name=\"twitter:data2\" content=\"3 minutos\" \/>\n<script type=\"application\/ld+json\" class=\"yoast-schema-graph\">{\"@context\":\"https:\/\/schema.org\",\"@graph\":[{\"@type\":\"Article\",\"@id\":\"https:\/\/cleitonpinheiro.com.br\/site\/bolsonaro-fez-flagrante-confissao-de-obstrucao-de-justica-diz-moraes\/#article\",\"isPartOf\":{\"@id\":\"https:\/\/cleitonpinheiro.com.br\/site\/bolsonaro-fez-flagrante-confissao-de-obstrucao-de-justica-diz-moraes\/\"},\"author\":{\"name\":\"Reda\u00e7\u00e3o CP\",\"@id\":\"https:\/\/cleitonpinheiro.com.br\/site\/#\/schema\/person\/8f04544e0bc40a1b68775b08360f87db\"},\"headline\":\"Bolsonaro fez flagrante confiss\u00e3o de obstru\u00e7\u00e3o de Justi\u00e7a, diz Moraes\",\"datePublished\":\"2025-07-18T14:20:30+00:00\",\"dateModified\":\"2025-07-18T14:20:35+00:00\",\"mainEntityOfPage\":{\"@id\":\"https:\/\/cleitonpinheiro.com.br\/site\/bolsonaro-fez-flagrante-confissao-de-obstrucao-de-justica-diz-moraes\/\"},\"wordCount\":468,\"commentCount\":0,\"publisher\":{\"@id\":\"https:\/\/cleitonpinheiro.com.br\/site\/#organization\"},\"image\":{\"@id\":\"https:\/\/cleitonpinheiro.com.br\/site\/bolsonaro-fez-flagrante-confissao-de-obstrucao-de-justica-diz-moraes\/#primaryimage\"},\"thumbnailUrl\":\"https:\/\/cleitonpinheiro.com.br\/site\/wp-content\/uploads\/2025\/07\/1068302-1-07.03.2017_pzzb-1393.webp\",\"articleSection\":[\"MANCHETE SEGUND\u00c1RIA\",\"POL\u00cdTICA\",\"TODAS NOTICIAS\"],\"inLanguage\":\"pt-BR\",\"potentialAction\":[{\"@type\":\"CommentAction\",\"name\":\"Comment\",\"target\":[\"https:\/\/cleitonpinheiro.com.br\/site\/bolsonaro-fez-flagrante-confissao-de-obstrucao-de-justica-diz-moraes\/#respond\"]}]},{\"@type\":\"WebPage\",\"@id\":\"https:\/\/cleitonpinheiro.com.br\/site\/bolsonaro-fez-flagrante-confissao-de-obstrucao-de-justica-diz-moraes\/\",\"url\":\"https:\/\/cleitonpinheiro.com.br\/site\/bolsonaro-fez-flagrante-confissao-de-obstrucao-de-justica-diz-moraes\/\",\"name\":\"Bolsonaro fez flagrante confiss\u00e3o de obstru\u00e7\u00e3o de Justi\u00e7a, diz Moraes - PORTAL DE NOT\u00cdCIAS CLEITON PINHEIRO\",\"isPartOf\":{\"@id\":\"https:\/\/cleitonpinheiro.com.br\/site\/#website\"},\"primaryImageOfPage\":{\"@id\":\"https:\/\/cleitonpinheiro.com.br\/site\/bolsonaro-fez-flagrante-confissao-de-obstrucao-de-justica-diz-moraes\/#primaryimage\"},\"image\":{\"@id\":\"https:\/\/cleitonpinheiro.com.br\/site\/bolsonaro-fez-flagrante-confissao-de-obstrucao-de-justica-diz-moraes\/#primaryimage\"},\"thumbnailUrl\":\"https:\/\/cleitonpinheiro.com.br\/site\/wp-content\/uploads\/2025\/07\/1068302-1-07.03.2017_pzzb-1393.webp\",\"datePublished\":\"2025-07-18T14:20:30+00:00\",\"dateModified\":\"2025-07-18T14:20:35+00:00\",\"breadcrumb\":{\"@id\":\"https:\/\/cleitonpinheiro.com.br\/site\/bolsonaro-fez-flagrante-confissao-de-obstrucao-de-justica-diz-moraes\/#breadcrumb\"},\"inLanguage\":\"pt-BR\",\"potentialAction\":[{\"@type\":\"ReadAction\",\"target\":[\"https:\/\/cleitonpinheiro.com.br\/site\/bolsonaro-fez-flagrante-confissao-de-obstrucao-de-justica-diz-moraes\/\"]}]},{\"@type\":\"ImageObject\",\"inLanguage\":\"pt-BR\",\"@id\":\"https:\/\/cleitonpinheiro.com.br\/site\/bolsonaro-fez-flagrante-confissao-de-obstrucao-de-justica-diz-moraes\/#primaryimage\",\"url\":\"https:\/\/cleitonpinheiro.com.br\/site\/wp-content\/uploads\/2025\/07\/1068302-1-07.03.2017_pzzb-1393.webp\",\"contentUrl\":\"https:\/\/cleitonpinheiro.com.br\/site\/wp-content\/uploads\/2025\/07\/1068302-1-07.03.2017_pzzb-1393.webp\",\"width\":1170,\"height\":700,\"caption\":\"\u00a9 Fabio Rodrigues Pozzebom\/Ag\u00eancia Brasil\"},{\"@type\":\"BreadcrumbList\",\"@id\":\"https:\/\/cleitonpinheiro.com.br\/site\/bolsonaro-fez-flagrante-confissao-de-obstrucao-de-justica-diz-moraes\/#breadcrumb\",\"itemListElement\":[{\"@type\":\"ListItem\",\"position\":1,\"name\":\"In\u00edcio\",\"item\":\"https:\/\/cleitonpinheiro.com.br\/site\/\"},{\"@type\":\"ListItem\",\"position\":2,\"name\":\"Bolsonaro fez flagrante confiss\u00e3o de obstru\u00e7\u00e3o de Justi\u00e7a, diz Moraes\"}]},{\"@type\":\"WebSite\",\"@id\":\"https:\/\/cleitonpinheiro.com.br\/site\/#website\",\"url\":\"https:\/\/cleitonpinheiro.com.br\/site\/\",\"name\":\"PORTAL DE NOT\u00cdCIAS CLEITON PINHEIRO\",\"description\":\"FALANDO A VERDADE\",\"publisher\":{\"@id\":\"https:\/\/cleitonpinheiro.com.br\/site\/#organization\"},\"potentialAction\":[{\"@type\":\"SearchAction\",\"target\":{\"@type\":\"EntryPoint\",\"urlTemplate\":\"https:\/\/cleitonpinheiro.com.br\/site\/?s={search_term_string}\"},\"query-input\":{\"@type\":\"PropertyValueSpecification\",\"valueRequired\":true,\"valueName\":\"search_term_string\"}}],\"inLanguage\":\"pt-BR\"},{\"@type\":\"Organization\",\"@id\":\"https:\/\/cleitonpinheiro.com.br\/site\/#organization\",\"name\":\"CPNOT\u00cdCIAS\",\"url\":\"https:\/\/cleitonpinheiro.com.br\/site\/\",\"logo\":{\"@type\":\"ImageObject\",\"inLanguage\":\"pt-BR\",\"@id\":\"https:\/\/cleitonpinheiro.com.br\/site\/#\/schema\/logo\/image\/\",\"url\":\"https:\/\/cleitonpinheiro.com.br\/site\/wp-content\/uploads\/2022\/08\/Logo-pequena-2.png\",\"contentUrl\":\"https:\/\/cleitonpinheiro.com.br\/site\/wp-content\/uploads\/2022\/08\/Logo-pequena-2.png\",\"width\":500,\"height\":500,\"caption\":\"CPNOT\u00cdCIAS\"},\"image\":{\"@id\":\"https:\/\/cleitonpinheiro.com.br\/site\/#\/schema\/logo\/image\/\"},\"sameAs\":[\"https:\/\/www.facebook.com\/portalcpnoticias\/\"]},{\"@type\":\"Person\",\"@id\":\"https:\/\/cleitonpinheiro.com.br\/site\/#\/schema\/person\/8f04544e0bc40a1b68775b08360f87db\",\"name\":\"Reda\u00e7\u00e3o CP\",\"image\":{\"@type\":\"ImageObject\",\"inLanguage\":\"pt-BR\",\"@id\":\"https:\/\/cleitonpinheiro.com.br\/site\/#\/schema\/person\/image\/\",\"url\":\"https:\/\/secure.gravatar.com\/avatar\/0bcf19cb29fdc8fc588c490c7ae1b3e174dac268586a63fbe1d1893a0f9020cd?s=96&r=g\",\"contentUrl\":\"https:\/\/secure.gravatar.com\/avatar\/0bcf19cb29fdc8fc588c490c7ae1b3e174dac268586a63fbe1d1893a0f9020cd?s=96&r=g\",\"caption\":\"Reda\u00e7\u00e3o CP\"},\"url\":\"https:\/\/cleitonpinheiro.com.br\/site\/author\/redacao\/\"}]}<\/script>\n<!-- \/ Yoast SEO plugin. -->","yoast_head_json":{"title":"Bolsonaro fez flagrante confiss\u00e3o de obstru\u00e7\u00e3o de Justi\u00e7a, diz Moraes - PORTAL DE NOT\u00cdCIAS CLEITON PINHEIRO","robots":{"index":"index","follow":"follow","max-snippet":"max-snippet:-1","max-image-preview":"max-image-preview:large","max-video-preview":"max-video-preview:-1"},"canonical":"https:\/\/cleitonpinheiro.com.br\/site\/bolsonaro-fez-flagrante-confissao-de-obstrucao-de-justica-diz-moraes\/","og_locale":"pt_BR","og_type":"article","og_title":"Bolsonaro fez flagrante confiss\u00e3o de obstru\u00e7\u00e3o de Justi\u00e7a, diz Moraes - PORTAL DE NOT\u00cdCIAS CLEITON PINHEIRO","og_description":"Em decis\u00e3o\u00a0divulgada h\u00e1 pouco pelo Supremo Tribunal Federal, o\u00a0ministro Alexandre de Moraes escreveu que o ex-presidente Jair Bolsonaro e seu filho Eduardo fizeram uma \u201cconfiss\u00e3o flagrante\u201d de atos criminosos para coagir e obstruir a Justi\u00e7a brasileira, motivo pelo qual decidiu impor medidas cautelares contra Bolsonaro.\u00a0 Eles respondem pelos crimes de crimes de coa\u00e7\u00e3o no curso [&hellip;]","og_url":"https:\/\/cleitonpinheiro.com.br\/site\/bolsonaro-fez-flagrante-confissao-de-obstrucao-de-justica-diz-moraes\/","og_site_name":"PORTAL DE NOT\u00cdCIAS CLEITON PINHEIRO","article_publisher":"https:\/\/www.facebook.com\/portalcpnoticias\/","article_published_time":"2025-07-18T14:20:30+00:00","article_modified_time":"2025-07-18T14:20:35+00:00","og_image":[{"width":1170,"height":700,"url":"https:\/\/cleitonpinheiro.com.br\/site\/wp-content\/uploads\/2025\/07\/1068302-1-07.03.2017_pzzb-1393.webp","type":"image\/webp"}],"author":"Reda\u00e7\u00e3o CP","twitter_card":"summary_large_image","twitter_misc":{"Escrito por":"Reda\u00e7\u00e3o CP","Est. tempo de leitura":"3 minutos"},"schema":{"@context":"https:\/\/schema.org","@graph":[{"@type":"Article","@id":"https:\/\/cleitonpinheiro.com.br\/site\/bolsonaro-fez-flagrante-confissao-de-obstrucao-de-justica-diz-moraes\/#article","isPartOf":{"@id":"https:\/\/cleitonpinheiro.com.br\/site\/bolsonaro-fez-flagrante-confissao-de-obstrucao-de-justica-diz-moraes\/"},"author":{"name":"Reda\u00e7\u00e3o CP","@id":"https:\/\/cleitonpinheiro.com.br\/site\/#\/schema\/person\/8f04544e0bc40a1b68775b08360f87db"},"headline":"Bolsonaro fez flagrante confiss\u00e3o de obstru\u00e7\u00e3o de Justi\u00e7a, diz Moraes","datePublished":"2025-07-18T14:20:30+00:00","dateModified":"2025-07-18T14:20:35+00:00","mainEntityOfPage":{"@id":"https:\/\/cleitonpinheiro.com.br\/site\/bolsonaro-fez-flagrante-confissao-de-obstrucao-de-justica-diz-moraes\/"},"wordCount":468,"commentCount":0,"publisher":{"@id":"https:\/\/cleitonpinheiro.com.br\/site\/#organization"},"image":{"@id":"https:\/\/cleitonpinheiro.com.br\/site\/bolsonaro-fez-flagrante-confissao-de-obstrucao-de-justica-diz-moraes\/#primaryimage"},"thumbnailUrl":"https:\/\/cleitonpinheiro.com.br\/site\/wp-content\/uploads\/2025\/07\/1068302-1-07.03.2017_pzzb-1393.webp","articleSection":["MANCHETE SEGUND\u00c1RIA","POL\u00cdTICA","TODAS NOTICIAS"],"inLanguage":"pt-BR","potentialAction":[{"@type":"CommentAction","name":"Comment","target":["https:\/\/cleitonpinheiro.com.br\/site\/bolsonaro-fez-flagrante-confissao-de-obstrucao-de-justica-diz-moraes\/#respond"]}]},{"@type":"WebPage","@id":"https:\/\/cleitonpinheiro.com.br\/site\/bolsonaro-fez-flagrante-confissao-de-obstrucao-de-justica-diz-moraes\/","url":"https:\/\/cleitonpinheiro.com.br\/site\/bolsonaro-fez-flagrante-confissao-de-obstrucao-de-justica-diz-moraes\/","name":"Bolsonaro fez flagrante confiss\u00e3o de obstru\u00e7\u00e3o de Justi\u00e7a, diz Moraes - PORTAL DE NOT\u00cdCIAS CLEITON PINHEIRO","isPartOf":{"@id":"https:\/\/cleitonpinheiro.com.br\/site\/#website"},"primaryImageOfPage":{"@id":"https:\/\/cleitonpinheiro.com.br\/site\/bolsonaro-fez-flagrante-confissao-de-obstrucao-de-justica-diz-moraes\/#primaryimage"},"image":{"@id":"https:\/\/cleitonpinheiro.com.br\/site\/bolsonaro-fez-flagrante-confissao-de-obstrucao-de-justica-diz-moraes\/#primaryimage"},"thumbnailUrl":"https:\/\/cleitonpinheiro.com.br\/site\/wp-content\/uploads\/2025\/07\/1068302-1-07.03.2017_pzzb-1393.webp","datePublished":"2025-07-18T14:20:30+00:00","dateModified":"2025-07-18T14:20:35+00:00","breadcrumb":{"@id":"https:\/\/cleitonpinheiro.com.br\/site\/bolsonaro-fez-flagrante-confissao-de-obstrucao-de-justica-diz-moraes\/#breadcrumb"},"inLanguage":"pt-BR","potentialAction":[{"@type":"ReadAction","target":["https:\/\/cleitonpinheiro.com.br\/site\/bolsonaro-fez-flagrante-confissao-de-obstrucao-de-justica-diz-moraes\/"]}]},{"@type":"ImageObject","inLanguage":"pt-BR","@id":"https:\/\/cleitonpinheiro.com.br\/site\/bolsonaro-fez-flagrante-confissao-de-obstrucao-de-justica-diz-moraes\/#primaryimage","url":"https:\/\/cleitonpinheiro.com.br\/site\/wp-content\/uploads\/2025\/07\/1068302-1-07.03.2017_pzzb-1393.webp","contentUrl":"https:\/\/cleitonpinheiro.com.br\/site\/wp-content\/uploads\/2025\/07\/1068302-1-07.03.2017_pzzb-1393.webp","width":1170,"height":700,"caption":"\u00a9 Fabio Rodrigues Pozzebom\/Ag\u00eancia Brasil"},{"@type":"BreadcrumbList","@id":"https:\/\/cleitonpinheiro.com.br\/site\/bolsonaro-fez-flagrante-confissao-de-obstrucao-de-justica-diz-moraes\/#breadcrumb","itemListElement":[{"@type":"ListItem","position":1,"name":"In\u00edcio","item":"https:\/\/cleitonpinheiro.com.br\/site\/"},{"@type":"ListItem","position":2,"name":"Bolsonaro fez flagrante confiss\u00e3o de obstru\u00e7\u00e3o de Justi\u00e7a, diz Moraes"}]},{"@type":"WebSite","@id":"https:\/\/cleitonpinheiro.com.br\/site\/#website","url":"https:\/\/cleitonpinheiro.com.br\/site\/","name":"PORTAL DE NOT\u00cdCIAS CLEITON PINHEIRO","description":"FALANDO A VERDADE","publisher":{"@id":"https:\/\/cleitonpinheiro.com.br\/site\/#organization"},"potentialAction":[{"@type":"SearchAction","target":{"@type":"EntryPoint","urlTemplate":"https:\/\/cleitonpinheiro.com.br\/site\/?s={search_term_string}"},"query-input":{"@type":"PropertyValueSpecification","valueRequired":true,"valueName":"search_term_string"}}],"inLanguage":"pt-BR"},{"@type":"Organization","@id":"https:\/\/cleitonpinheiro.com.br\/site\/#organization","name":"CPNOT\u00cdCIAS","url":"https:\/\/cleitonpinheiro.com.br\/site\/","logo":{"@type":"ImageObject","inLanguage":"pt-BR","@id":"https:\/\/cleitonpinheiro.com.br\/site\/#\/schema\/logo\/image\/","url":"https:\/\/cleitonpinheiro.com.br\/site\/wp-content\/uploads\/2022\/08\/Logo-pequena-2.png","contentUrl":"https:\/\/cleitonpinheiro.com.br\/site\/wp-content\/uploads\/2022\/08\/Logo-pequena-2.png","width":500,"height":500,"caption":"CPNOT\u00cdCIAS"},"image":{"@id":"https:\/\/cleitonpinheiro.com.br\/site\/#\/schema\/logo\/image\/"},"sameAs":["https:\/\/www.facebook.com\/portalcpnoticias\/"]},{"@type":"Person","@id":"https:\/\/cleitonpinheiro.com.br\/site\/#\/schema\/person\/8f04544e0bc40a1b68775b08360f87db","name":"Reda\u00e7\u00e3o CP","image":{"@type":"ImageObject","inLanguage":"pt-BR","@id":"https:\/\/cleitonpinheiro.com.br\/site\/#\/schema\/person\/image\/","url":"https:\/\/secure.gravatar.com\/avatar\/0bcf19cb29fdc8fc588c490c7ae1b3e174dac268586a63fbe1d1893a0f9020cd?s=96&r=g","contentUrl":"https:\/\/secure.gravatar.com\/avatar\/0bcf19cb29fdc8fc588c490c7ae1b3e174dac268586a63fbe1d1893a0f9020cd?s=96&r=g","caption":"Reda\u00e7\u00e3o CP"},"url":"https:\/\/cleitonpinheiro.com.br\/site\/author\/redacao\/"}]}},"views":128,"_links":{"self":[{"href":"https:\/\/cleitonpinheiro.com.br\/site\/wp-json\/wp\/v2\/posts\/86331","targetHints":{"allow":["GET"]}}],"collection":[{"href":"https:\/\/cleitonpinheiro.com.br\/site\/wp-json\/wp\/v2\/posts"}],"about":[{"href":"https:\/\/cleitonpinheiro.com.br\/site\/wp-json\/wp\/v2\/types\/post"}],"author":[{"embeddable":true,"href":"https:\/\/cleitonpinheiro.com.br\/site\/wp-json\/wp\/v2\/users\/13"}],"replies":[{"embeddable":true,"href":"https:\/\/cleitonpinheiro.com.br\/site\/wp-json\/wp\/v2\/comments?post=86331"}],"version-history":[{"count":1,"href":"https:\/\/cleitonpinheiro.com.br\/site\/wp-json\/wp\/v2\/posts\/86331\/revisions"}],"predecessor-version":[{"id":86333,"href":"https:\/\/cleitonpinheiro.com.br\/site\/wp-json\/wp\/v2\/posts\/86331\/revisions\/86333"}],"wp:featuredmedia":[{"embeddable":true,"href":"https:\/\/cleitonpinheiro.com.br\/site\/wp-json\/wp\/v2\/media\/86332"}],"wp:attachment":[{"href":"https:\/\/cleitonpinheiro.com.br\/site\/wp-json\/wp\/v2\/media?parent=86331"}],"wp:term":[{"taxonomy":"category","embeddable":true,"href":"https:\/\/cleitonpinheiro.com.br\/site\/wp-json\/wp\/v2\/categories?post=86331"},{"taxonomy":"post_tag","embeddable":true,"href":"https:\/\/cleitonpinheiro.com.br\/site\/wp-json\/wp\/v2\/tags?post=86331"}],"curies":[{"name":"wp","href":"https:\/\/api.w.org\/{rel}","templated":true}]}}