{"id":86334,"date":"2025-07-18T12:01:13","date_gmt":"2025-07-18T15:01:13","guid":{"rendered":"https:\/\/cleitonpinheiro.com.br\/site\/?p=86334"},"modified":"2025-07-18T12:01:17","modified_gmt":"2025-07-18T15:01:17","slug":"suprema-humilhacao-diz-bolsonaro-sobre-tornozeleira-eletronica","status":"publish","type":"post","link":"https:\/\/cleitonpinheiro.com.br\/site\/suprema-humilhacao-diz-bolsonaro-sobre-tornozeleira-eletronica\/","title":{"rendered":"\u201cSuprema humilha\u00e7\u00e3o\u201d, diz Bolsonaro sobre tornozeleira eletr\u00f4nica"},"content":{"rendered":"\n<figure class=\"wp-block-image size-large\"><img fetchpriority=\"high\" decoding=\"async\" width=\"1024\" height=\"613\" src=\"https:\/\/cleitonpinheiro.com.br\/site\/wp-content\/uploads\/2025\/07\/0d4a1938-1024x613.webp\" alt=\"\" class=\"wp-image-86335\" srcset=\"https:\/\/cleitonpinheiro.com.br\/site\/wp-content\/uploads\/2025\/07\/0d4a1938-1024x613.webp 1024w, https:\/\/cleitonpinheiro.com.br\/site\/wp-content\/uploads\/2025\/07\/0d4a1938-300x179.webp 300w, https:\/\/cleitonpinheiro.com.br\/site\/wp-content\/uploads\/2025\/07\/0d4a1938-768x459.webp 768w, https:\/\/cleitonpinheiro.com.br\/site\/wp-content\/uploads\/2025\/07\/0d4a1938.webp 1170w\" sizes=\"(max-width: 1024px) 100vw, 1024px\" \/><\/figure>\n\n\n\n<p>Em entrevista ap\u00f3s a instala\u00e7\u00e3o de uma tornozeleira eletr\u00f4nica, na Secretaria de Administra\u00e7\u00e3o Penitenci\u00e1ria do Distrito Federal, o ex-presidente Jair Bolsonaro disse que as medidas cautelares impostas pelo Supremo Tribunal Federal (STF) contra ele s\u00e3o uma \u201csuprema humilha\u00e7\u00e3o\u201d.&nbsp;<img decoding=\"async\" src=\"https:\/\/agenciabrasil.ebc.com.br\/ebc.png?id=1651234&amp;o=node\"><img decoding=\"async\" src=\"https:\/\/agenciabrasil.ebc.com.br\/ebc.gif?id=1651234&amp;o=node\"><\/p>\n\n\n\n<p>Bolsonaro desceu do carro para falar com jornalistas ao deixar o local, ap\u00f3s ter o equipamento colocado.\u00a0Ele afirmou que nunca pensou em sair do pa\u00eds ou se asilar em alguma embaixada de Bras\u00edlia, acrescentando ainda que \u201csair do pa\u00eds \u00e9 a coisa mais f\u00e1cil que tem\u201d.\u00a0<\/p>\n\n\n\n<p>Ao impor as medidas, o ministro&nbsp;<a href=\"https:\/\/agenciabrasil.ebc.com.br\/justica\/noticia\/2025-07\/bolsonaro-fez-flagrante-confissao-de-obstrucao-de-justica-diz-moraes\" target=\"_blank\" rel=\"noreferrer noopener\">Alexandre de Moraes deu como uma das justificativas<\/a>&nbsp;o risco de fuga do ex-presidente, que teve seu passaporte apreendido em fevereiro de 2024, em raz\u00e3o do avan\u00e7o da a\u00e7\u00e3o penal sobre uma tentativa de golpe de Estado que teria sido liderada por ele.&nbsp;<\/p>\n\n\n\n<p>\u201cA suspeita [de fuga] \u00e9 um exagero\u201d, afirmou Bolsonaro. \u201cO inqu\u00e9rito do golpe \u00e9 um inqu\u00e9rito pol\u00edtico, nada de concreto existe ali\u201d, acrescentou.<\/p>\n\n\n\n<blockquote class=\"wp-block-quote is-layout-flow wp-block-quote-is-layout-flow\">\n<p>\u201cO julgamento espero que seja t\u00e9cnico e n\u00e3o pol\u00edtico, no mais nunca pensei em sair do Brasil , nunca pensei em ir para embaixada.\u201d&nbsp;<\/p>\n<\/blockquote>\n\n\n\n<p>Questionado sobre os motivos para a imposi\u00e7\u00e3o de medidas cautelares contra ele, Bolsonaro respondeu que \u201cno meu entender o objetivo \u00e9 a suprema humilha\u00e7\u00e3o\u201d.\u00a0<\/p>\n\n\n\n<p>Sobre a apreens\u00e3o de US$ 14 mil e R$ 8 mil em esp\u00e9cie na sua casa, no bairro do Jardim Bot\u00e2nico, em Bras\u00edlia, Bolsonaro disse que sempre guardou d\u00f3lar em casa, e que pode comprovar a origem de todo o dinheiro.<\/p>\n\n\n\n<p>Ele n\u00e3o respondeu a respeito de um pen drive apreendido em um banheiro de sua casa: \u201cN\u00e3o tenho conhecimento.\u201d&nbsp;<\/p>\n\n\n\n<p>Pelas medidas impostas por Moraes, al\u00e9m da tornozeleira eletr\u00f4nica,\u00a0Bolsonaro est\u00e1 proibido de deixar a comarca do Distrito Federal, deve ficar em recolhimento domiciliar entre as 19h e as 6h, e integralmente nos finais de semana. Ele tamb\u00e9m n\u00e3o pode acessar as redes sociais ou se comunicar com seu filho Eduardo ou embaixadores e diplomatas de outros pa\u00edses.\u00a0<\/p>\n","protected":false},"excerpt":{"rendered":"<p>Em entrevista ap\u00f3s a instala\u00e7\u00e3o de uma tornozeleira eletr\u00f4nica, na Secretaria de Administra\u00e7\u00e3o Penitenci\u00e1ria do Distrito Federal, o ex-presidente Jair Bolsonaro disse que as medidas cautelares impostas pelo Supremo Tribunal Federal (STF) contra ele s\u00e3o uma \u201csuprema humilha\u00e7\u00e3o\u201d.&nbsp; Bolsonaro desceu do carro para falar com jornalistas ao deixar o local, ap\u00f3s ter o equipamento colocado.\u00a0Ele [&hellip;]<\/p>\n","protected":false},"author":13,"featured_media":86335,"comment_status":"open","ping_status":"open","sticky":false,"template":"","format":"standard","meta":{"_acf_changed":false,"footnotes":""},"categories":[898,23,21],"tags":[],"class_list":["post-86334","post","type-post","status-publish","format-standard","has-post-thumbnail","hentry","category-manchete-segundaria","category-politica","category-todas-noticias"],"acf":[],"yoast_head":"<!-- This site is optimized with the Yoast SEO plugin v24.4 - https:\/\/yoast.com\/wordpress\/plugins\/seo\/ -->\n<title>\u201cSuprema humilha\u00e7\u00e3o\u201d, diz Bolsonaro sobre tornozeleira eletr\u00f4nica - PORTAL DE NOT\u00cdCIAS CLEITON PINHEIRO<\/title>\n<meta name=\"robots\" content=\"index, follow, max-snippet:-1, max-image-preview:large, max-video-preview:-1\" \/>\n<link rel=\"canonical\" href=\"https:\/\/cleitonpinheiro.com.br\/site\/suprema-humilhacao-diz-bolsonaro-sobre-tornozeleira-eletronica\/\" \/>\n<meta property=\"og:locale\" content=\"pt_BR\" \/>\n<meta property=\"og:type\" content=\"article\" \/>\n<meta property=\"og:title\" content=\"\u201cSuprema humilha\u00e7\u00e3o\u201d, diz Bolsonaro sobre tornozeleira eletr\u00f4nica - PORTAL DE NOT\u00cdCIAS CLEITON PINHEIRO\" \/>\n<meta property=\"og:description\" content=\"Em entrevista ap\u00f3s a instala\u00e7\u00e3o de uma tornozeleira eletr\u00f4nica, na Secretaria de Administra\u00e7\u00e3o Penitenci\u00e1ria do Distrito Federal, o ex-presidente Jair Bolsonaro disse que as medidas cautelares impostas pelo Supremo Tribunal Federal (STF) contra ele s\u00e3o uma \u201csuprema humilha\u00e7\u00e3o\u201d.&nbsp; Bolsonaro desceu do carro para falar com jornalistas ao deixar o local, ap\u00f3s ter o equipamento colocado.\u00a0Ele [&hellip;]\" \/>\n<meta property=\"og:url\" content=\"https:\/\/cleitonpinheiro.com.br\/site\/suprema-humilhacao-diz-bolsonaro-sobre-tornozeleira-eletronica\/\" \/>\n<meta property=\"og:site_name\" content=\"PORTAL DE NOT\u00cdCIAS CLEITON PINHEIRO\" \/>\n<meta property=\"article:publisher\" content=\"https:\/\/www.facebook.com\/portalcpnoticias\/\" \/>\n<meta property=\"article:published_time\" content=\"2025-07-18T15:01:13+00:00\" \/>\n<meta property=\"article:modified_time\" content=\"2025-07-18T15:01:17+00:00\" \/>\n<meta property=\"og:image\" content=\"https:\/\/cleitonpinheiro.com.br\/site\/wp-content\/uploads\/2025\/07\/0d4a1938.webp\" \/>\n\t<meta property=\"og:image:width\" content=\"1170\" \/>\n\t<meta property=\"og:image:height\" content=\"700\" \/>\n\t<meta property=\"og:image:type\" content=\"image\/webp\" \/>\n<meta name=\"author\" content=\"Reda\u00e7\u00e3o CP\" \/>\n<meta name=\"twitter:card\" content=\"summary_large_image\" \/>\n<meta name=\"twitter:label1\" content=\"Escrito por\" \/>\n\t<meta name=\"twitter:data1\" content=\"Reda\u00e7\u00e3o CP\" \/>\n\t<meta name=\"twitter:label2\" content=\"Est. tempo de leitura\" \/>\n\t<meta name=\"twitter:data2\" content=\"3 minutos\" \/>\n<script type=\"application\/ld+json\" class=\"yoast-schema-graph\">{\"@context\":\"https:\/\/schema.org\",\"@graph\":[{\"@type\":\"Article\",\"@id\":\"https:\/\/cleitonpinheiro.com.br\/site\/suprema-humilhacao-diz-bolsonaro-sobre-tornozeleira-eletronica\/#article\",\"isPartOf\":{\"@id\":\"https:\/\/cleitonpinheiro.com.br\/site\/suprema-humilhacao-diz-bolsonaro-sobre-tornozeleira-eletronica\/\"},\"author\":{\"name\":\"Reda\u00e7\u00e3o CP\",\"@id\":\"https:\/\/cleitonpinheiro.com.br\/site\/#\/schema\/person\/8f04544e0bc40a1b68775b08360f87db\"},\"headline\":\"\u201cSuprema humilha\u00e7\u00e3o\u201d, diz Bolsonaro sobre tornozeleira eletr\u00f4nica\",\"datePublished\":\"2025-07-18T15:01:13+00:00\",\"dateModified\":\"2025-07-18T15:01:17+00:00\",\"mainEntityOfPage\":{\"@id\":\"https:\/\/cleitonpinheiro.com.br\/site\/suprema-humilhacao-diz-bolsonaro-sobre-tornozeleira-eletronica\/\"},\"wordCount\":365,\"commentCount\":0,\"publisher\":{\"@id\":\"https:\/\/cleitonpinheiro.com.br\/site\/#organization\"},\"image\":{\"@id\":\"https:\/\/cleitonpinheiro.com.br\/site\/suprema-humilhacao-diz-bolsonaro-sobre-tornozeleira-eletronica\/#primaryimage\"},\"thumbnailUrl\":\"https:\/\/cleitonpinheiro.com.br\/site\/wp-content\/uploads\/2025\/07\/0d4a1938.webp\",\"articleSection\":[\"MANCHETE SEGUND\u00c1RIA\",\"POL\u00cdTICA\",\"TODAS NOTICIAS\"],\"inLanguage\":\"pt-BR\",\"potentialAction\":[{\"@type\":\"CommentAction\",\"name\":\"Comment\",\"target\":[\"https:\/\/cleitonpinheiro.com.br\/site\/suprema-humilhacao-diz-bolsonaro-sobre-tornozeleira-eletronica\/#respond\"]}]},{\"@type\":\"WebPage\",\"@id\":\"https:\/\/cleitonpinheiro.com.br\/site\/suprema-humilhacao-diz-bolsonaro-sobre-tornozeleira-eletronica\/\",\"url\":\"https:\/\/cleitonpinheiro.com.br\/site\/suprema-humilhacao-diz-bolsonaro-sobre-tornozeleira-eletronica\/\",\"name\":\"\u201cSuprema humilha\u00e7\u00e3o\u201d, diz Bolsonaro sobre tornozeleira eletr\u00f4nica - PORTAL DE NOT\u00cdCIAS CLEITON PINHEIRO\",\"isPartOf\":{\"@id\":\"https:\/\/cleitonpinheiro.com.br\/site\/#website\"},\"primaryImageOfPage\":{\"@id\":\"https:\/\/cleitonpinheiro.com.br\/site\/suprema-humilhacao-diz-bolsonaro-sobre-tornozeleira-eletronica\/#primaryimage\"},\"image\":{\"@id\":\"https:\/\/cleitonpinheiro.com.br\/site\/suprema-humilhacao-diz-bolsonaro-sobre-tornozeleira-eletronica\/#primaryimage\"},\"thumbnailUrl\":\"https:\/\/cleitonpinheiro.com.br\/site\/wp-content\/uploads\/2025\/07\/0d4a1938.webp\",\"datePublished\":\"2025-07-18T15:01:13+00:00\",\"dateModified\":\"2025-07-18T15:01:17+00:00\",\"breadcrumb\":{\"@id\":\"https:\/\/cleitonpinheiro.com.br\/site\/suprema-humilhacao-diz-bolsonaro-sobre-tornozeleira-eletronica\/#breadcrumb\"},\"inLanguage\":\"pt-BR\",\"potentialAction\":[{\"@type\":\"ReadAction\",\"target\":[\"https:\/\/cleitonpinheiro.com.br\/site\/suprema-humilhacao-diz-bolsonaro-sobre-tornozeleira-eletronica\/\"]}]},{\"@type\":\"ImageObject\",\"inLanguage\":\"pt-BR\",\"@id\":\"https:\/\/cleitonpinheiro.com.br\/site\/suprema-humilhacao-diz-bolsonaro-sobre-tornozeleira-eletronica\/#primaryimage\",\"url\":\"https:\/\/cleitonpinheiro.com.br\/site\/wp-content\/uploads\/2025\/07\/0d4a1938.webp\",\"contentUrl\":\"https:\/\/cleitonpinheiro.com.br\/site\/wp-content\/uploads\/2025\/07\/0d4a1938.webp\",\"width\":1170,\"height\":700},{\"@type\":\"BreadcrumbList\",\"@id\":\"https:\/\/cleitonpinheiro.com.br\/site\/suprema-humilhacao-diz-bolsonaro-sobre-tornozeleira-eletronica\/#breadcrumb\",\"itemListElement\":[{\"@type\":\"ListItem\",\"position\":1,\"name\":\"In\u00edcio\",\"item\":\"https:\/\/cleitonpinheiro.com.br\/site\/\"},{\"@type\":\"ListItem\",\"position\":2,\"name\":\"\u201cSuprema humilha\u00e7\u00e3o\u201d, diz Bolsonaro sobre tornozeleira eletr\u00f4nica\"}]},{\"@type\":\"WebSite\",\"@id\":\"https:\/\/cleitonpinheiro.com.br\/site\/#website\",\"url\":\"https:\/\/cleitonpinheiro.com.br\/site\/\",\"name\":\"PORTAL DE NOT\u00cdCIAS CLEITON PINHEIRO\",\"description\":\"FALANDO A VERDADE\",\"publisher\":{\"@id\":\"https:\/\/cleitonpinheiro.com.br\/site\/#organization\"},\"potentialAction\":[{\"@type\":\"SearchAction\",\"target\":{\"@type\":\"EntryPoint\",\"urlTemplate\":\"https:\/\/cleitonpinheiro.com.br\/site\/?s={search_term_string}\"},\"query-input\":{\"@type\":\"PropertyValueSpecification\",\"valueRequired\":true,\"valueName\":\"search_term_string\"}}],\"inLanguage\":\"pt-BR\"},{\"@type\":\"Organization\",\"@id\":\"https:\/\/cleitonpinheiro.com.br\/site\/#organization\",\"name\":\"CPNOT\u00cdCIAS\",\"url\":\"https:\/\/cleitonpinheiro.com.br\/site\/\",\"logo\":{\"@type\":\"ImageObject\",\"inLanguage\":\"pt-BR\",\"@id\":\"https:\/\/cleitonpinheiro.com.br\/site\/#\/schema\/logo\/image\/\",\"url\":\"https:\/\/cleitonpinheiro.com.br\/site\/wp-content\/uploads\/2022\/08\/Logo-pequena-2.png\",\"contentUrl\":\"https:\/\/cleitonpinheiro.com.br\/site\/wp-content\/uploads\/2022\/08\/Logo-pequena-2.png\",\"width\":500,\"height\":500,\"caption\":\"CPNOT\u00cdCIAS\"},\"image\":{\"@id\":\"https:\/\/cleitonpinheiro.com.br\/site\/#\/schema\/logo\/image\/\"},\"sameAs\":[\"https:\/\/www.facebook.com\/portalcpnoticias\/\"]},{\"@type\":\"Person\",\"@id\":\"https:\/\/cleitonpinheiro.com.br\/site\/#\/schema\/person\/8f04544e0bc40a1b68775b08360f87db\",\"name\":\"Reda\u00e7\u00e3o CP\",\"image\":{\"@type\":\"ImageObject\",\"inLanguage\":\"pt-BR\",\"@id\":\"https:\/\/cleitonpinheiro.com.br\/site\/#\/schema\/person\/image\/\",\"url\":\"https:\/\/secure.gravatar.com\/avatar\/0bcf19cb29fdc8fc588c490c7ae1b3e174dac268586a63fbe1d1893a0f9020cd?s=96&r=g\",\"contentUrl\":\"https:\/\/secure.gravatar.com\/avatar\/0bcf19cb29fdc8fc588c490c7ae1b3e174dac268586a63fbe1d1893a0f9020cd?s=96&r=g\",\"caption\":\"Reda\u00e7\u00e3o CP\"},\"url\":\"https:\/\/cleitonpinheiro.com.br\/site\/author\/redacao\/\"}]}<\/script>\n<!-- \/ Yoast SEO plugin. -->","yoast_head_json":{"title":"\u201cSuprema humilha\u00e7\u00e3o\u201d, diz Bolsonaro sobre tornozeleira eletr\u00f4nica - PORTAL DE NOT\u00cdCIAS CLEITON PINHEIRO","robots":{"index":"index","follow":"follow","max-snippet":"max-snippet:-1","max-image-preview":"max-image-preview:large","max-video-preview":"max-video-preview:-1"},"canonical":"https:\/\/cleitonpinheiro.com.br\/site\/suprema-humilhacao-diz-bolsonaro-sobre-tornozeleira-eletronica\/","og_locale":"pt_BR","og_type":"article","og_title":"\u201cSuprema humilha\u00e7\u00e3o\u201d, diz Bolsonaro sobre tornozeleira eletr\u00f4nica - PORTAL DE NOT\u00cdCIAS CLEITON PINHEIRO","og_description":"Em entrevista ap\u00f3s a instala\u00e7\u00e3o de uma tornozeleira eletr\u00f4nica, na Secretaria de Administra\u00e7\u00e3o Penitenci\u00e1ria do Distrito Federal, o ex-presidente Jair Bolsonaro disse que as medidas cautelares impostas pelo Supremo Tribunal Federal (STF) contra ele s\u00e3o uma \u201csuprema humilha\u00e7\u00e3o\u201d.&nbsp; Bolsonaro desceu do carro para falar com jornalistas ao deixar o local, ap\u00f3s ter o equipamento colocado.\u00a0Ele [&hellip;]","og_url":"https:\/\/cleitonpinheiro.com.br\/site\/suprema-humilhacao-diz-bolsonaro-sobre-tornozeleira-eletronica\/","og_site_name":"PORTAL DE NOT\u00cdCIAS CLEITON PINHEIRO","article_publisher":"https:\/\/www.facebook.com\/portalcpnoticias\/","article_published_time":"2025-07-18T15:01:13+00:00","article_modified_time":"2025-07-18T15:01:17+00:00","og_image":[{"width":1170,"height":700,"url":"https:\/\/cleitonpinheiro.com.br\/site\/wp-content\/uploads\/2025\/07\/0d4a1938.webp","type":"image\/webp"}],"author":"Reda\u00e7\u00e3o CP","twitter_card":"summary_large_image","twitter_misc":{"Escrito por":"Reda\u00e7\u00e3o CP","Est. tempo de leitura":"3 minutos"},"schema":{"@context":"https:\/\/schema.org","@graph":[{"@type":"Article","@id":"https:\/\/cleitonpinheiro.com.br\/site\/suprema-humilhacao-diz-bolsonaro-sobre-tornozeleira-eletronica\/#article","isPartOf":{"@id":"https:\/\/cleitonpinheiro.com.br\/site\/suprema-humilhacao-diz-bolsonaro-sobre-tornozeleira-eletronica\/"},"author":{"name":"Reda\u00e7\u00e3o CP","@id":"https:\/\/cleitonpinheiro.com.br\/site\/#\/schema\/person\/8f04544e0bc40a1b68775b08360f87db"},"headline":"\u201cSuprema humilha\u00e7\u00e3o\u201d, diz Bolsonaro sobre tornozeleira eletr\u00f4nica","datePublished":"2025-07-18T15:01:13+00:00","dateModified":"2025-07-18T15:01:17+00:00","mainEntityOfPage":{"@id":"https:\/\/cleitonpinheiro.com.br\/site\/suprema-humilhacao-diz-bolsonaro-sobre-tornozeleira-eletronica\/"},"wordCount":365,"commentCount":0,"publisher":{"@id":"https:\/\/cleitonpinheiro.com.br\/site\/#organization"},"image":{"@id":"https:\/\/cleitonpinheiro.com.br\/site\/suprema-humilhacao-diz-bolsonaro-sobre-tornozeleira-eletronica\/#primaryimage"},"thumbnailUrl":"https:\/\/cleitonpinheiro.com.br\/site\/wp-content\/uploads\/2025\/07\/0d4a1938.webp","articleSection":["MANCHETE SEGUND\u00c1RIA","POL\u00cdTICA","TODAS NOTICIAS"],"inLanguage":"pt-BR","potentialAction":[{"@type":"CommentAction","name":"Comment","target":["https:\/\/cleitonpinheiro.com.br\/site\/suprema-humilhacao-diz-bolsonaro-sobre-tornozeleira-eletronica\/#respond"]}]},{"@type":"WebPage","@id":"https:\/\/cleitonpinheiro.com.br\/site\/suprema-humilhacao-diz-bolsonaro-sobre-tornozeleira-eletronica\/","url":"https:\/\/cleitonpinheiro.com.br\/site\/suprema-humilhacao-diz-bolsonaro-sobre-tornozeleira-eletronica\/","name":"\u201cSuprema humilha\u00e7\u00e3o\u201d, diz Bolsonaro sobre tornozeleira eletr\u00f4nica - PORTAL DE NOT\u00cdCIAS CLEITON PINHEIRO","isPartOf":{"@id":"https:\/\/cleitonpinheiro.com.br\/site\/#website"},"primaryImageOfPage":{"@id":"https:\/\/cleitonpinheiro.com.br\/site\/suprema-humilhacao-diz-bolsonaro-sobre-tornozeleira-eletronica\/#primaryimage"},"image":{"@id":"https:\/\/cleitonpinheiro.com.br\/site\/suprema-humilhacao-diz-bolsonaro-sobre-tornozeleira-eletronica\/#primaryimage"},"thumbnailUrl":"https:\/\/cleitonpinheiro.com.br\/site\/wp-content\/uploads\/2025\/07\/0d4a1938.webp","datePublished":"2025-07-18T15:01:13+00:00","dateModified":"2025-07-18T15:01:17+00:00","breadcrumb":{"@id":"https:\/\/cleitonpinheiro.com.br\/site\/suprema-humilhacao-diz-bolsonaro-sobre-tornozeleira-eletronica\/#breadcrumb"},"inLanguage":"pt-BR","potentialAction":[{"@type":"ReadAction","target":["https:\/\/cleitonpinheiro.com.br\/site\/suprema-humilhacao-diz-bolsonaro-sobre-tornozeleira-eletronica\/"]}]},{"@type":"ImageObject","inLanguage":"pt-BR","@id":"https:\/\/cleitonpinheiro.com.br\/site\/suprema-humilhacao-diz-bolsonaro-sobre-tornozeleira-eletronica\/#primaryimage","url":"https:\/\/cleitonpinheiro.com.br\/site\/wp-content\/uploads\/2025\/07\/0d4a1938.webp","contentUrl":"https:\/\/cleitonpinheiro.com.br\/site\/wp-content\/uploads\/2025\/07\/0d4a1938.webp","width":1170,"height":700},{"@type":"BreadcrumbList","@id":"https:\/\/cleitonpinheiro.com.br\/site\/suprema-humilhacao-diz-bolsonaro-sobre-tornozeleira-eletronica\/#breadcrumb","itemListElement":[{"@type":"ListItem","position":1,"name":"In\u00edcio","item":"https:\/\/cleitonpinheiro.com.br\/site\/"},{"@type":"ListItem","position":2,"name":"\u201cSuprema humilha\u00e7\u00e3o\u201d, diz Bolsonaro sobre tornozeleira eletr\u00f4nica"}]},{"@type":"WebSite","@id":"https:\/\/cleitonpinheiro.com.br\/site\/#website","url":"https:\/\/cleitonpinheiro.com.br\/site\/","name":"PORTAL DE NOT\u00cdCIAS CLEITON PINHEIRO","description":"FALANDO A VERDADE","publisher":{"@id":"https:\/\/cleitonpinheiro.com.br\/site\/#organization"},"potentialAction":[{"@type":"SearchAction","target":{"@type":"EntryPoint","urlTemplate":"https:\/\/cleitonpinheiro.com.br\/site\/?s={search_term_string}"},"query-input":{"@type":"PropertyValueSpecification","valueRequired":true,"valueName":"search_term_string"}}],"inLanguage":"pt-BR"},{"@type":"Organization","@id":"https:\/\/cleitonpinheiro.com.br\/site\/#organization","name":"CPNOT\u00cdCIAS","url":"https:\/\/cleitonpinheiro.com.br\/site\/","logo":{"@type":"ImageObject","inLanguage":"pt-BR","@id":"https:\/\/cleitonpinheiro.com.br\/site\/#\/schema\/logo\/image\/","url":"https:\/\/cleitonpinheiro.com.br\/site\/wp-content\/uploads\/2022\/08\/Logo-pequena-2.png","contentUrl":"https:\/\/cleitonpinheiro.com.br\/site\/wp-content\/uploads\/2022\/08\/Logo-pequena-2.png","width":500,"height":500,"caption":"CPNOT\u00cdCIAS"},"image":{"@id":"https:\/\/cleitonpinheiro.com.br\/site\/#\/schema\/logo\/image\/"},"sameAs":["https:\/\/www.facebook.com\/portalcpnoticias\/"]},{"@type":"Person","@id":"https:\/\/cleitonpinheiro.com.br\/site\/#\/schema\/person\/8f04544e0bc40a1b68775b08360f87db","name":"Reda\u00e7\u00e3o CP","image":{"@type":"ImageObject","inLanguage":"pt-BR","@id":"https:\/\/cleitonpinheiro.com.br\/site\/#\/schema\/person\/image\/","url":"https:\/\/secure.gravatar.com\/avatar\/0bcf19cb29fdc8fc588c490c7ae1b3e174dac268586a63fbe1d1893a0f9020cd?s=96&r=g","contentUrl":"https:\/\/secure.gravatar.com\/avatar\/0bcf19cb29fdc8fc588c490c7ae1b3e174dac268586a63fbe1d1893a0f9020cd?s=96&r=g","caption":"Reda\u00e7\u00e3o CP"},"url":"https:\/\/cleitonpinheiro.com.br\/site\/author\/redacao\/"}]}},"views":149,"_links":{"self":[{"href":"https:\/\/cleitonpinheiro.com.br\/site\/wp-json\/wp\/v2\/posts\/86334","targetHints":{"allow":["GET"]}}],"collection":[{"href":"https:\/\/cleitonpinheiro.com.br\/site\/wp-json\/wp\/v2\/posts"}],"about":[{"href":"https:\/\/cleitonpinheiro.com.br\/site\/wp-json\/wp\/v2\/types\/post"}],"author":[{"embeddable":true,"href":"https:\/\/cleitonpinheiro.com.br\/site\/wp-json\/wp\/v2\/users\/13"}],"replies":[{"embeddable":true,"href":"https:\/\/cleitonpinheiro.com.br\/site\/wp-json\/wp\/v2\/comments?post=86334"}],"version-history":[{"count":1,"href":"https:\/\/cleitonpinheiro.com.br\/site\/wp-json\/wp\/v2\/posts\/86334\/revisions"}],"predecessor-version":[{"id":86336,"href":"https:\/\/cleitonpinheiro.com.br\/site\/wp-json\/wp\/v2\/posts\/86334\/revisions\/86336"}],"wp:featuredmedia":[{"embeddable":true,"href":"https:\/\/cleitonpinheiro.com.br\/site\/wp-json\/wp\/v2\/media\/86335"}],"wp:attachment":[{"href":"https:\/\/cleitonpinheiro.com.br\/site\/wp-json\/wp\/v2\/media?parent=86334"}],"wp:term":[{"taxonomy":"category","embeddable":true,"href":"https:\/\/cleitonpinheiro.com.br\/site\/wp-json\/wp\/v2\/categories?post=86334"},{"taxonomy":"post_tag","embeddable":true,"href":"https:\/\/cleitonpinheiro.com.br\/site\/wp-json\/wp\/v2\/tags?post=86334"}],"curies":[{"name":"wp","href":"https:\/\/api.w.org\/{rel}","templated":true}]}}