{"id":86339,"date":"2025-07-19T14:42:28","date_gmt":"2025-07-19T17:42:28","guid":{"rendered":"https:\/\/cleitonpinheiro.com.br\/site\/?p=86339"},"modified":"2025-07-21T13:11:31","modified_gmt":"2025-07-21T16:11:31","slug":"prefeito-eduardo-siqueira-campos-nomeia-robson-vila-nova-secretario-de-educacao-de-palmas","status":"publish","type":"post","link":"https:\/\/cleitonpinheiro.com.br\/site\/prefeito-eduardo-siqueira-campos-nomeia-robson-vila-nova-secretario-de-educacao-de-palmas\/","title":{"rendered":"Prefeito Eduardo Siqueira Campos nomeia Robson Vila Nova secret\u00e1rio de Educa\u00e7\u00e3o de Palmas"},"content":{"rendered":"\n<figure class=\"wp-block-image size-full\"><img fetchpriority=\"high\" decoding=\"async\" width=\"768\" height=\"475\" src=\"https:\/\/cleitonpinheiro.com.br\/site\/wp-content\/uploads\/2025\/07\/199333-768x475-1.jpg\" alt=\"\" class=\"wp-image-86340\" srcset=\"https:\/\/cleitonpinheiro.com.br\/site\/wp-content\/uploads\/2025\/07\/199333-768x475-1.jpg 768w, https:\/\/cleitonpinheiro.com.br\/site\/wp-content\/uploads\/2025\/07\/199333-768x475-1-300x186.jpg 300w\" sizes=\"(max-width: 768px) 100vw, 768px\" \/><\/figure>\n\n\n\n<p>P\u00f3s-doutorando, doutor e mestre em Educa\u00e7\u00e3o, com foco de atua\u00e7\u00e3o na \u00e1rea de Pol\u00edticas P\u00fablicas e Gest\u00e3o da Educa\u00e7\u00e3o, o pedagogo Robson Vila Nova Lopes \u00e9 o novo titular da Secretaria Municipal de Educa\u00e7\u00e3o de Palmas (Semed). O prefeito Eduardo Siqueira Campos nomeou o secret\u00e1rio, que \u00e9 servidor efetivo do Munic\u00edpio, atrav\u00e9s da edi\u00e7\u00e3o suplementar do&nbsp;<a href=\"http:\/\/chrome-extension\/\/efaidnbmnnnibpcajpcglclefindmkaj\/http:\/\/diariooficial.palmas.to.gov.br\/media\/diario\/3756-suplemento-1-18-7-2025-21-44-13.pdf\">Di\u00e1rio Oficial (n\u00ba 356)<\/a>&nbsp;desta sexta-feira, 18.<\/p>\n\n\n\n<p>Com a sinaliza\u00e7\u00e3o de uma atua\u00e7\u00e3o pr\u00f3xima dos educadores e comunidade, o novo secret\u00e1rio de Educa\u00e7\u00e3o de Palmas assume o cargo com foco na gest\u00e3o democr\u00e1tica, na garantia do direito \u00e0 educa\u00e7\u00e3o e na promo\u00e7\u00e3o de uma qualidade socialmente referenciada. \u201cCom essa nomea\u00e7\u00e3o, refor\u00e7o nosso compromisso com o di\u00e1logo, a valoriza\u00e7\u00e3o da escola p\u00fablica e a constru\u00e7\u00e3o coletiva das pol\u00edticas educacionais\u201d, destacou o prefeito Eduardo Siqueira Campos.<\/p>\n\n\n\n<p>O novo titular traz em seu hist\u00f3rico uma atua\u00e7\u00e3o na educa\u00e7\u00e3o b\u00e1sica, foi Secret\u00e1rio Municipal de Educa\u00e7\u00e3o em Miracema (2013\/2016), subsecret\u00e1rio estadual e secret\u00e1rio-executivo estadual de Educa\u00e7\u00e3o, Juventude e Esportes (2018\/2021). Al\u00e9m disso, j\u00e1 exerceu a fun\u00e7\u00e3o de presidente do Conselho Estadual de Educa\u00e7\u00e3o (CEE-TO) entre os anos de 2019 e 2021 e vice-presidente deste conselho entre 2021 e 2023. Enquanto presidente do CEE-TO, Robson Vila Nova Lopes, foi o Conselheiro Relator do processo de transforma\u00e7\u00e3o da UnirG de Centro Universit\u00e1rio para Universidade; Respons\u00e1vel pelos Processos de Cria\u00e7\u00e3o do Curso de Medicina (UnirG-Para\u00edso) e Medicina (Unitins-Augustin\u00f3polis). Tamb\u00e9m destaca-se como primeiro tocantinense indicado para compor o Conselho Nacional de Educa\u00e7\u00e3o, em 2022.<\/p>\n\n\n\n<p>No Munic\u00edpio de Palmas j\u00e1 foi presidente da Funda\u00e7\u00e3o Escola de Sa\u00fade P\u00fablica de Palmas (Fesp), em 2022; atuou no ent\u00e3o Instituto Vinte de Maio, em 2024, e foi professor efetivo da educa\u00e7\u00e3o b\u00e1sica entre 2010 e 2011.<\/p>\n","protected":false},"excerpt":{"rendered":"<p>P\u00f3s-doutorando, doutor e mestre em Educa\u00e7\u00e3o, com foco de atua\u00e7\u00e3o na \u00e1rea de Pol\u00edticas P\u00fablicas e Gest\u00e3o da Educa\u00e7\u00e3o, o pedagogo Robson Vila Nova Lopes \u00e9 o novo titular da Secretaria Municipal de Educa\u00e7\u00e3o de Palmas (Semed). O prefeito Eduardo Siqueira Campos nomeou o secret\u00e1rio, que \u00e9 servidor efetivo do Munic\u00edpio, atrav\u00e9s da edi\u00e7\u00e3o suplementar [&hellip;]<\/p>\n","protected":false},"author":13,"featured_media":86340,"comment_status":"open","ping_status":"open","sticky":false,"template":"","format":"standard","meta":{"_acf_changed":false,"footnotes":""},"categories":[898,23,21],"tags":[],"class_list":["post-86339","post","type-post","status-publish","format-standard","has-post-thumbnail","hentry","category-manchete-segundaria","category-politica","category-todas-noticias"],"acf":[],"yoast_head":"<!-- This site is optimized with the Yoast SEO plugin v24.4 - https:\/\/yoast.com\/wordpress\/plugins\/seo\/ -->\n<title>Prefeito Eduardo Siqueira Campos nomeia Robson Vila Nova secret\u00e1rio de Educa\u00e7\u00e3o de Palmas - PORTAL DE NOT\u00cdCIAS CLEITON PINHEIRO<\/title>\n<meta name=\"robots\" content=\"index, follow, max-snippet:-1, max-image-preview:large, max-video-preview:-1\" \/>\n<link rel=\"canonical\" href=\"https:\/\/cleitonpinheiro.com.br\/site\/prefeito-eduardo-siqueira-campos-nomeia-robson-vila-nova-secretario-de-educacao-de-palmas\/\" \/>\n<meta property=\"og:locale\" content=\"pt_BR\" \/>\n<meta property=\"og:type\" content=\"article\" \/>\n<meta property=\"og:title\" content=\"Prefeito Eduardo Siqueira Campos nomeia Robson Vila Nova secret\u00e1rio de Educa\u00e7\u00e3o de Palmas - PORTAL DE NOT\u00cdCIAS CLEITON PINHEIRO\" \/>\n<meta property=\"og:description\" content=\"P\u00f3s-doutorando, doutor e mestre em Educa\u00e7\u00e3o, com foco de atua\u00e7\u00e3o na \u00e1rea de Pol\u00edticas P\u00fablicas e Gest\u00e3o da Educa\u00e7\u00e3o, o pedagogo Robson Vila Nova Lopes \u00e9 o novo titular da Secretaria Municipal de Educa\u00e7\u00e3o de Palmas (Semed). O prefeito Eduardo Siqueira Campos nomeou o secret\u00e1rio, que \u00e9 servidor efetivo do Munic\u00edpio, atrav\u00e9s da edi\u00e7\u00e3o suplementar [&hellip;]\" \/>\n<meta property=\"og:url\" content=\"https:\/\/cleitonpinheiro.com.br\/site\/prefeito-eduardo-siqueira-campos-nomeia-robson-vila-nova-secretario-de-educacao-de-palmas\/\" \/>\n<meta property=\"og:site_name\" content=\"PORTAL DE NOT\u00cdCIAS CLEITON PINHEIRO\" \/>\n<meta property=\"article:publisher\" content=\"https:\/\/www.facebook.com\/portalcpnoticias\/\" \/>\n<meta property=\"article:published_time\" content=\"2025-07-19T17:42:28+00:00\" \/>\n<meta property=\"article:modified_time\" content=\"2025-07-21T16:11:31+00:00\" \/>\n<meta property=\"og:image\" content=\"https:\/\/cleitonpinheiro.com.br\/site\/wp-content\/uploads\/2025\/07\/199333-768x475-1.jpg\" \/>\n\t<meta property=\"og:image:width\" content=\"768\" \/>\n\t<meta property=\"og:image:height\" content=\"475\" \/>\n\t<meta property=\"og:image:type\" content=\"image\/jpeg\" \/>\n<meta name=\"author\" content=\"Reda\u00e7\u00e3o CP\" \/>\n<meta name=\"twitter:card\" content=\"summary_large_image\" \/>\n<meta name=\"twitter:label1\" content=\"Escrito por\" \/>\n\t<meta name=\"twitter:data1\" content=\"Reda\u00e7\u00e3o CP\" \/>\n\t<meta name=\"twitter:label2\" content=\"Est. tempo de leitura\" \/>\n\t<meta name=\"twitter:data2\" content=\"2 minutos\" \/>\n<script type=\"application\/ld+json\" class=\"yoast-schema-graph\">{\"@context\":\"https:\/\/schema.org\",\"@graph\":[{\"@type\":\"Article\",\"@id\":\"https:\/\/cleitonpinheiro.com.br\/site\/prefeito-eduardo-siqueira-campos-nomeia-robson-vila-nova-secretario-de-educacao-de-palmas\/#article\",\"isPartOf\":{\"@id\":\"https:\/\/cleitonpinheiro.com.br\/site\/prefeito-eduardo-siqueira-campos-nomeia-robson-vila-nova-secretario-de-educacao-de-palmas\/\"},\"author\":{\"name\":\"Reda\u00e7\u00e3o CP\",\"@id\":\"https:\/\/cleitonpinheiro.com.br\/site\/#\/schema\/person\/8f04544e0bc40a1b68775b08360f87db\"},\"headline\":\"Prefeito Eduardo Siqueira Campos nomeia Robson Vila Nova secret\u00e1rio de Educa\u00e7\u00e3o de Palmas\",\"datePublished\":\"2025-07-19T17:42:28+00:00\",\"dateModified\":\"2025-07-21T16:11:31+00:00\",\"mainEntityOfPage\":{\"@id\":\"https:\/\/cleitonpinheiro.com.br\/site\/prefeito-eduardo-siqueira-campos-nomeia-robson-vila-nova-secretario-de-educacao-de-palmas\/\"},\"wordCount\":336,\"commentCount\":0,\"publisher\":{\"@id\":\"https:\/\/cleitonpinheiro.com.br\/site\/#organization\"},\"image\":{\"@id\":\"https:\/\/cleitonpinheiro.com.br\/site\/prefeito-eduardo-siqueira-campos-nomeia-robson-vila-nova-secretario-de-educacao-de-palmas\/#primaryimage\"},\"thumbnailUrl\":\"https:\/\/cleitonpinheiro.com.br\/site\/wp-content\/uploads\/2025\/07\/199333-768x475-1.jpg\",\"articleSection\":[\"MANCHETE SEGUND\u00c1RIA\",\"POL\u00cdTICA\",\"TODAS NOTICIAS\"],\"inLanguage\":\"pt-BR\",\"potentialAction\":[{\"@type\":\"CommentAction\",\"name\":\"Comment\",\"target\":[\"https:\/\/cleitonpinheiro.com.br\/site\/prefeito-eduardo-siqueira-campos-nomeia-robson-vila-nova-secretario-de-educacao-de-palmas\/#respond\"]}]},{\"@type\":\"WebPage\",\"@id\":\"https:\/\/cleitonpinheiro.com.br\/site\/prefeito-eduardo-siqueira-campos-nomeia-robson-vila-nova-secretario-de-educacao-de-palmas\/\",\"url\":\"https:\/\/cleitonpinheiro.com.br\/site\/prefeito-eduardo-siqueira-campos-nomeia-robson-vila-nova-secretario-de-educacao-de-palmas\/\",\"name\":\"Prefeito Eduardo Siqueira Campos nomeia Robson Vila Nova secret\u00e1rio de Educa\u00e7\u00e3o de Palmas - PORTAL DE NOT\u00cdCIAS CLEITON PINHEIRO\",\"isPartOf\":{\"@id\":\"https:\/\/cleitonpinheiro.com.br\/site\/#website\"},\"primaryImageOfPage\":{\"@id\":\"https:\/\/cleitonpinheiro.com.br\/site\/prefeito-eduardo-siqueira-campos-nomeia-robson-vila-nova-secretario-de-educacao-de-palmas\/#primaryimage\"},\"image\":{\"@id\":\"https:\/\/cleitonpinheiro.com.br\/site\/prefeito-eduardo-siqueira-campos-nomeia-robson-vila-nova-secretario-de-educacao-de-palmas\/#primaryimage\"},\"thumbnailUrl\":\"https:\/\/cleitonpinheiro.com.br\/site\/wp-content\/uploads\/2025\/07\/199333-768x475-1.jpg\",\"datePublished\":\"2025-07-19T17:42:28+00:00\",\"dateModified\":\"2025-07-21T16:11:31+00:00\",\"breadcrumb\":{\"@id\":\"https:\/\/cleitonpinheiro.com.br\/site\/prefeito-eduardo-siqueira-campos-nomeia-robson-vila-nova-secretario-de-educacao-de-palmas\/#breadcrumb\"},\"inLanguage\":\"pt-BR\",\"potentialAction\":[{\"@type\":\"ReadAction\",\"target\":[\"https:\/\/cleitonpinheiro.com.br\/site\/prefeito-eduardo-siqueira-campos-nomeia-robson-vila-nova-secretario-de-educacao-de-palmas\/\"]}]},{\"@type\":\"ImageObject\",\"inLanguage\":\"pt-BR\",\"@id\":\"https:\/\/cleitonpinheiro.com.br\/site\/prefeito-eduardo-siqueira-campos-nomeia-robson-vila-nova-secretario-de-educacao-de-palmas\/#primaryimage\",\"url\":\"https:\/\/cleitonpinheiro.com.br\/site\/wp-content\/uploads\/2025\/07\/199333-768x475-1.jpg\",\"contentUrl\":\"https:\/\/cleitonpinheiro.com.br\/site\/wp-content\/uploads\/2025\/07\/199333-768x475-1.jpg\",\"width\":768,\"height\":475},{\"@type\":\"BreadcrumbList\",\"@id\":\"https:\/\/cleitonpinheiro.com.br\/site\/prefeito-eduardo-siqueira-campos-nomeia-robson-vila-nova-secretario-de-educacao-de-palmas\/#breadcrumb\",\"itemListElement\":[{\"@type\":\"ListItem\",\"position\":1,\"name\":\"In\u00edcio\",\"item\":\"https:\/\/cleitonpinheiro.com.br\/site\/\"},{\"@type\":\"ListItem\",\"position\":2,\"name\":\"Prefeito Eduardo Siqueira Campos nomeia Robson Vila Nova secret\u00e1rio de Educa\u00e7\u00e3o de Palmas\"}]},{\"@type\":\"WebSite\",\"@id\":\"https:\/\/cleitonpinheiro.com.br\/site\/#website\",\"url\":\"https:\/\/cleitonpinheiro.com.br\/site\/\",\"name\":\"PORTAL DE NOT\u00cdCIAS CLEITON PINHEIRO\",\"description\":\"FALANDO A VERDADE\",\"publisher\":{\"@id\":\"https:\/\/cleitonpinheiro.com.br\/site\/#organization\"},\"potentialAction\":[{\"@type\":\"SearchAction\",\"target\":{\"@type\":\"EntryPoint\",\"urlTemplate\":\"https:\/\/cleitonpinheiro.com.br\/site\/?s={search_term_string}\"},\"query-input\":{\"@type\":\"PropertyValueSpecification\",\"valueRequired\":true,\"valueName\":\"search_term_string\"}}],\"inLanguage\":\"pt-BR\"},{\"@type\":\"Organization\",\"@id\":\"https:\/\/cleitonpinheiro.com.br\/site\/#organization\",\"name\":\"CPNOT\u00cdCIAS\",\"url\":\"https:\/\/cleitonpinheiro.com.br\/site\/\",\"logo\":{\"@type\":\"ImageObject\",\"inLanguage\":\"pt-BR\",\"@id\":\"https:\/\/cleitonpinheiro.com.br\/site\/#\/schema\/logo\/image\/\",\"url\":\"https:\/\/cleitonpinheiro.com.br\/site\/wp-content\/uploads\/2022\/08\/Logo-pequena-2.png\",\"contentUrl\":\"https:\/\/cleitonpinheiro.com.br\/site\/wp-content\/uploads\/2022\/08\/Logo-pequena-2.png\",\"width\":500,\"height\":500,\"caption\":\"CPNOT\u00cdCIAS\"},\"image\":{\"@id\":\"https:\/\/cleitonpinheiro.com.br\/site\/#\/schema\/logo\/image\/\"},\"sameAs\":[\"https:\/\/www.facebook.com\/portalcpnoticias\/\"]},{\"@type\":\"Person\",\"@id\":\"https:\/\/cleitonpinheiro.com.br\/site\/#\/schema\/person\/8f04544e0bc40a1b68775b08360f87db\",\"name\":\"Reda\u00e7\u00e3o CP\",\"image\":{\"@type\":\"ImageObject\",\"inLanguage\":\"pt-BR\",\"@id\":\"https:\/\/cleitonpinheiro.com.br\/site\/#\/schema\/person\/image\/\",\"url\":\"https:\/\/secure.gravatar.com\/avatar\/0bcf19cb29fdc8fc588c490c7ae1b3e174dac268586a63fbe1d1893a0f9020cd?s=96&r=g\",\"contentUrl\":\"https:\/\/secure.gravatar.com\/avatar\/0bcf19cb29fdc8fc588c490c7ae1b3e174dac268586a63fbe1d1893a0f9020cd?s=96&r=g\",\"caption\":\"Reda\u00e7\u00e3o CP\"},\"url\":\"https:\/\/cleitonpinheiro.com.br\/site\/author\/redacao\/\"}]}<\/script>\n<!-- \/ Yoast SEO plugin. -->","yoast_head_json":{"title":"Prefeito Eduardo Siqueira Campos nomeia Robson Vila Nova secret\u00e1rio de Educa\u00e7\u00e3o de Palmas - PORTAL DE NOT\u00cdCIAS CLEITON PINHEIRO","robots":{"index":"index","follow":"follow","max-snippet":"max-snippet:-1","max-image-preview":"max-image-preview:large","max-video-preview":"max-video-preview:-1"},"canonical":"https:\/\/cleitonpinheiro.com.br\/site\/prefeito-eduardo-siqueira-campos-nomeia-robson-vila-nova-secretario-de-educacao-de-palmas\/","og_locale":"pt_BR","og_type":"article","og_title":"Prefeito Eduardo Siqueira Campos nomeia Robson Vila Nova secret\u00e1rio de Educa\u00e7\u00e3o de Palmas - PORTAL DE NOT\u00cdCIAS CLEITON PINHEIRO","og_description":"P\u00f3s-doutorando, doutor e mestre em Educa\u00e7\u00e3o, com foco de atua\u00e7\u00e3o na \u00e1rea de Pol\u00edticas P\u00fablicas e Gest\u00e3o da Educa\u00e7\u00e3o, o pedagogo Robson Vila Nova Lopes \u00e9 o novo titular da Secretaria Municipal de Educa\u00e7\u00e3o de Palmas (Semed). O prefeito Eduardo Siqueira Campos nomeou o secret\u00e1rio, que \u00e9 servidor efetivo do Munic\u00edpio, atrav\u00e9s da edi\u00e7\u00e3o suplementar [&hellip;]","og_url":"https:\/\/cleitonpinheiro.com.br\/site\/prefeito-eduardo-siqueira-campos-nomeia-robson-vila-nova-secretario-de-educacao-de-palmas\/","og_site_name":"PORTAL DE NOT\u00cdCIAS CLEITON PINHEIRO","article_publisher":"https:\/\/www.facebook.com\/portalcpnoticias\/","article_published_time":"2025-07-19T17:42:28+00:00","article_modified_time":"2025-07-21T16:11:31+00:00","og_image":[{"width":768,"height":475,"url":"https:\/\/cleitonpinheiro.com.br\/site\/wp-content\/uploads\/2025\/07\/199333-768x475-1.jpg","type":"image\/jpeg"}],"author":"Reda\u00e7\u00e3o CP","twitter_card":"summary_large_image","twitter_misc":{"Escrito por":"Reda\u00e7\u00e3o CP","Est. tempo de leitura":"2 minutos"},"schema":{"@context":"https:\/\/schema.org","@graph":[{"@type":"Article","@id":"https:\/\/cleitonpinheiro.com.br\/site\/prefeito-eduardo-siqueira-campos-nomeia-robson-vila-nova-secretario-de-educacao-de-palmas\/#article","isPartOf":{"@id":"https:\/\/cleitonpinheiro.com.br\/site\/prefeito-eduardo-siqueira-campos-nomeia-robson-vila-nova-secretario-de-educacao-de-palmas\/"},"author":{"name":"Reda\u00e7\u00e3o CP","@id":"https:\/\/cleitonpinheiro.com.br\/site\/#\/schema\/person\/8f04544e0bc40a1b68775b08360f87db"},"headline":"Prefeito Eduardo Siqueira Campos nomeia Robson Vila Nova secret\u00e1rio de Educa\u00e7\u00e3o de Palmas","datePublished":"2025-07-19T17:42:28+00:00","dateModified":"2025-07-21T16:11:31+00:00","mainEntityOfPage":{"@id":"https:\/\/cleitonpinheiro.com.br\/site\/prefeito-eduardo-siqueira-campos-nomeia-robson-vila-nova-secretario-de-educacao-de-palmas\/"},"wordCount":336,"commentCount":0,"publisher":{"@id":"https:\/\/cleitonpinheiro.com.br\/site\/#organization"},"image":{"@id":"https:\/\/cleitonpinheiro.com.br\/site\/prefeito-eduardo-siqueira-campos-nomeia-robson-vila-nova-secretario-de-educacao-de-palmas\/#primaryimage"},"thumbnailUrl":"https:\/\/cleitonpinheiro.com.br\/site\/wp-content\/uploads\/2025\/07\/199333-768x475-1.jpg","articleSection":["MANCHETE SEGUND\u00c1RIA","POL\u00cdTICA","TODAS NOTICIAS"],"inLanguage":"pt-BR","potentialAction":[{"@type":"CommentAction","name":"Comment","target":["https:\/\/cleitonpinheiro.com.br\/site\/prefeito-eduardo-siqueira-campos-nomeia-robson-vila-nova-secretario-de-educacao-de-palmas\/#respond"]}]},{"@type":"WebPage","@id":"https:\/\/cleitonpinheiro.com.br\/site\/prefeito-eduardo-siqueira-campos-nomeia-robson-vila-nova-secretario-de-educacao-de-palmas\/","url":"https:\/\/cleitonpinheiro.com.br\/site\/prefeito-eduardo-siqueira-campos-nomeia-robson-vila-nova-secretario-de-educacao-de-palmas\/","name":"Prefeito Eduardo Siqueira Campos nomeia Robson Vila Nova secret\u00e1rio de Educa\u00e7\u00e3o de Palmas - PORTAL DE NOT\u00cdCIAS CLEITON PINHEIRO","isPartOf":{"@id":"https:\/\/cleitonpinheiro.com.br\/site\/#website"},"primaryImageOfPage":{"@id":"https:\/\/cleitonpinheiro.com.br\/site\/prefeito-eduardo-siqueira-campos-nomeia-robson-vila-nova-secretario-de-educacao-de-palmas\/#primaryimage"},"image":{"@id":"https:\/\/cleitonpinheiro.com.br\/site\/prefeito-eduardo-siqueira-campos-nomeia-robson-vila-nova-secretario-de-educacao-de-palmas\/#primaryimage"},"thumbnailUrl":"https:\/\/cleitonpinheiro.com.br\/site\/wp-content\/uploads\/2025\/07\/199333-768x475-1.jpg","datePublished":"2025-07-19T17:42:28+00:00","dateModified":"2025-07-21T16:11:31+00:00","breadcrumb":{"@id":"https:\/\/cleitonpinheiro.com.br\/site\/prefeito-eduardo-siqueira-campos-nomeia-robson-vila-nova-secretario-de-educacao-de-palmas\/#breadcrumb"},"inLanguage":"pt-BR","potentialAction":[{"@type":"ReadAction","target":["https:\/\/cleitonpinheiro.com.br\/site\/prefeito-eduardo-siqueira-campos-nomeia-robson-vila-nova-secretario-de-educacao-de-palmas\/"]}]},{"@type":"ImageObject","inLanguage":"pt-BR","@id":"https:\/\/cleitonpinheiro.com.br\/site\/prefeito-eduardo-siqueira-campos-nomeia-robson-vila-nova-secretario-de-educacao-de-palmas\/#primaryimage","url":"https:\/\/cleitonpinheiro.com.br\/site\/wp-content\/uploads\/2025\/07\/199333-768x475-1.jpg","contentUrl":"https:\/\/cleitonpinheiro.com.br\/site\/wp-content\/uploads\/2025\/07\/199333-768x475-1.jpg","width":768,"height":475},{"@type":"BreadcrumbList","@id":"https:\/\/cleitonpinheiro.com.br\/site\/prefeito-eduardo-siqueira-campos-nomeia-robson-vila-nova-secretario-de-educacao-de-palmas\/#breadcrumb","itemListElement":[{"@type":"ListItem","position":1,"name":"In\u00edcio","item":"https:\/\/cleitonpinheiro.com.br\/site\/"},{"@type":"ListItem","position":2,"name":"Prefeito Eduardo Siqueira Campos nomeia Robson Vila Nova secret\u00e1rio de Educa\u00e7\u00e3o de Palmas"}]},{"@type":"WebSite","@id":"https:\/\/cleitonpinheiro.com.br\/site\/#website","url":"https:\/\/cleitonpinheiro.com.br\/site\/","name":"PORTAL DE NOT\u00cdCIAS CLEITON PINHEIRO","description":"FALANDO A VERDADE","publisher":{"@id":"https:\/\/cleitonpinheiro.com.br\/site\/#organization"},"potentialAction":[{"@type":"SearchAction","target":{"@type":"EntryPoint","urlTemplate":"https:\/\/cleitonpinheiro.com.br\/site\/?s={search_term_string}"},"query-input":{"@type":"PropertyValueSpecification","valueRequired":true,"valueName":"search_term_string"}}],"inLanguage":"pt-BR"},{"@type":"Organization","@id":"https:\/\/cleitonpinheiro.com.br\/site\/#organization","name":"CPNOT\u00cdCIAS","url":"https:\/\/cleitonpinheiro.com.br\/site\/","logo":{"@type":"ImageObject","inLanguage":"pt-BR","@id":"https:\/\/cleitonpinheiro.com.br\/site\/#\/schema\/logo\/image\/","url":"https:\/\/cleitonpinheiro.com.br\/site\/wp-content\/uploads\/2022\/08\/Logo-pequena-2.png","contentUrl":"https:\/\/cleitonpinheiro.com.br\/site\/wp-content\/uploads\/2022\/08\/Logo-pequena-2.png","width":500,"height":500,"caption":"CPNOT\u00cdCIAS"},"image":{"@id":"https:\/\/cleitonpinheiro.com.br\/site\/#\/schema\/logo\/image\/"},"sameAs":["https:\/\/www.facebook.com\/portalcpnoticias\/"]},{"@type":"Person","@id":"https:\/\/cleitonpinheiro.com.br\/site\/#\/schema\/person\/8f04544e0bc40a1b68775b08360f87db","name":"Reda\u00e7\u00e3o CP","image":{"@type":"ImageObject","inLanguage":"pt-BR","@id":"https:\/\/cleitonpinheiro.com.br\/site\/#\/schema\/person\/image\/","url":"https:\/\/secure.gravatar.com\/avatar\/0bcf19cb29fdc8fc588c490c7ae1b3e174dac268586a63fbe1d1893a0f9020cd?s=96&r=g","contentUrl":"https:\/\/secure.gravatar.com\/avatar\/0bcf19cb29fdc8fc588c490c7ae1b3e174dac268586a63fbe1d1893a0f9020cd?s=96&r=g","caption":"Reda\u00e7\u00e3o CP"},"url":"https:\/\/cleitonpinheiro.com.br\/site\/author\/redacao\/"}]}},"views":128,"_links":{"self":[{"href":"https:\/\/cleitonpinheiro.com.br\/site\/wp-json\/wp\/v2\/posts\/86339","targetHints":{"allow":["GET"]}}],"collection":[{"href":"https:\/\/cleitonpinheiro.com.br\/site\/wp-json\/wp\/v2\/posts"}],"about":[{"href":"https:\/\/cleitonpinheiro.com.br\/site\/wp-json\/wp\/v2\/types\/post"}],"author":[{"embeddable":true,"href":"https:\/\/cleitonpinheiro.com.br\/site\/wp-json\/wp\/v2\/users\/13"}],"replies":[{"embeddable":true,"href":"https:\/\/cleitonpinheiro.com.br\/site\/wp-json\/wp\/v2\/comments?post=86339"}],"version-history":[{"count":1,"href":"https:\/\/cleitonpinheiro.com.br\/site\/wp-json\/wp\/v2\/posts\/86339\/revisions"}],"predecessor-version":[{"id":86341,"href":"https:\/\/cleitonpinheiro.com.br\/site\/wp-json\/wp\/v2\/posts\/86339\/revisions\/86341"}],"wp:featuredmedia":[{"embeddable":true,"href":"https:\/\/cleitonpinheiro.com.br\/site\/wp-json\/wp\/v2\/media\/86340"}],"wp:attachment":[{"href":"https:\/\/cleitonpinheiro.com.br\/site\/wp-json\/wp\/v2\/media?parent=86339"}],"wp:term":[{"taxonomy":"category","embeddable":true,"href":"https:\/\/cleitonpinheiro.com.br\/site\/wp-json\/wp\/v2\/categories?post=86339"},{"taxonomy":"post_tag","embeddable":true,"href":"https:\/\/cleitonpinheiro.com.br\/site\/wp-json\/wp\/v2\/tags?post=86339"}],"curies":[{"name":"wp","href":"https:\/\/api.w.org\/{rel}","templated":true}]}}