{"id":86342,"date":"2025-07-19T14:47:42","date_gmt":"2025-07-19T17:47:42","guid":{"rendered":"https:\/\/cleitonpinheiro.com.br\/site\/?p=86342"},"modified":"2025-07-19T14:47:46","modified_gmt":"2025-07-19T17:47:46","slug":"eua-revogam-visto-de-moraes-familiares-e-aliados-na-corte","status":"publish","type":"post","link":"https:\/\/cleitonpinheiro.com.br\/site\/eua-revogam-visto-de-moraes-familiares-e-aliados-na-corte\/","title":{"rendered":"EUA revogam visto de Moraes, familiares e &#8220;aliados na Corte&#8221;"},"content":{"rendered":"\n<figure class=\"wp-block-image size-large\"><img decoding=\"async\" src=\"https:\/\/cleitonpinheiro.com.br\/site\/wp-content\/uploads\/2024\/04\/posse-diretor-pf_mcamgo_abr_100120231818-13-1024x613.webp\" alt=\"stf alexandre moraes\" class=\"wp-image-76982\"\/><figcaption class=\"wp-element-caption\">Foto: Marcelo Camargo\/Ag\u00eancia Brasil<\/figcaption><\/figure>\n\n\n\n<p>O\u00a0secret\u00e1rio de Estado dos Estados Unidos, Marco Rubio, anunciou nesta sexta-feira (18) que determinou a revoga\u00e7\u00e3o dos vistos do ministro Alexandre de Moraes, seus familiares e \u201caliados na Corte\u201d.<img decoding=\"async\" src=\"https:\/\/agenciabrasil.ebc.com.br\/ebc.png?id=1651338&amp;o=node\"><img decoding=\"async\" src=\"https:\/\/agenciabrasil.ebc.com.br\/ebc.gif?id=1651338&amp;o=node\"><\/p>\n\n\n\n<p>O\u00a0an\u00fancio n\u00e3o deixa claro quais ministros do Supremo Tribunal Federal (STF) devem ser atingidos.\u00a0\u00a0<\/p>\n\n\n\n<p>A\u00a0medida foi anunciada horas ap\u00f3s o ex-presidente Jair Bolsonaro ser alvo de uma opera\u00e7\u00e3o da Policia Federal (PF), que realizou buscas e apreens\u00f5es e\u00a0determinou a utiliza\u00e7\u00e3o de tornozeleira eletr\u00f4nica e recolhimento noturno entre 19h e 6h.<\/p>\n\n\n\n<p>Rubio escreveu que Moraes tem perseguido Bolsonaro e promovido censura.<\/p>\n\n\n\n<blockquote class=\"wp-block-quote is-layout-flow wp-block-quote-is-layout-flow\">\n<p>\u201cA pol\u00edtica de ca\u00e7a \u00e0s bruxas de Alexandre de Moraes contra Jair Bolsonaro criou um complexo de persegui\u00e7\u00e3o e censura que viola os direitos dos brasileiros e tamb\u00e9m atinge os americanos. Ordenei a revoga\u00e7\u00e3o dos vistos de Moraes, seus aliados na corte, e seus familiares, de forma imediata\u201d, declarou.<\/p>\n<\/blockquote>\n\n\n\n<p>Procurada pela\u00a0Ag\u00eancia Brasil, o STF ainda n\u00e3o se manifestou sobre a revoga\u00e7\u00e3o dos vistos.<\/p>\n\n\n\n<h2 class=\"wp-block-heading\">Medidas cautelares<\/h2>\n\n\n\n<p>As<a href=\"https:\/\/agenciabrasil.ebc.com.br\/justica\/noticia\/2025-07\/entenda-os-motivos-para-decretacao-de-cautelares-contra-bolsonaro\" target=\"_blank\" rel=\"noreferrer noopener\">&nbsp;medidas cautelares foram determinadas no inqu\u00e9rito no qual o filho do ex-presidente<\/a>, Eduardo Bolsonaro, deputado federal, \u00e9 investigado pela sua atua\u00e7\u00e3o junto ao governo do presidente dos Estados Unidos, Donald Trump, para promover medidas de retalia\u00e7\u00e3o contra o governo brasileiro e ministros do Supremo e tentar barrar o andamento da a\u00e7\u00e3o penal sobre a trama golpista.<\/p>\n\n\n\n<p>Em mar\u00e7o deste ano, Eduardo&nbsp;pediu licen\u00e7a do mandato parlamentar e foi morar nos Estados Unidos, sob a alega\u00e7\u00e3o de persegui\u00e7\u00e3o pol\u00edtica. A licen\u00e7a termina no pr\u00f3ximo domingo (20).<\/p>\n\n\n\n<p><\/p>\n","protected":false},"excerpt":{"rendered":"<p>O\u00a0secret\u00e1rio de Estado dos Estados Unidos, Marco Rubio, anunciou nesta sexta-feira (18) que determinou a revoga\u00e7\u00e3o dos vistos do ministro Alexandre de Moraes, seus familiares e \u201caliados na Corte\u201d. O\u00a0an\u00fancio n\u00e3o deixa claro quais ministros do Supremo Tribunal Federal (STF) devem ser atingidos.\u00a0\u00a0 A\u00a0medida foi anunciada horas ap\u00f3s o ex-presidente Jair Bolsonaro ser alvo de [&hellip;]<\/p>\n","protected":false},"author":13,"featured_media":0,"comment_status":"open","ping_status":"open","sticky":false,"template":"","format":"standard","meta":{"_acf_changed":false,"footnotes":""},"categories":[19,898,21],"tags":[],"class_list":["post-86342","post","type-post","status-publish","format-standard","hentry","category-brasil-mundo","category-manchete-segundaria","category-todas-noticias"],"acf":[],"yoast_head":"<!-- This site is optimized with the Yoast SEO plugin v24.4 - https:\/\/yoast.com\/wordpress\/plugins\/seo\/ -->\n<title>EUA revogam visto de Moraes, familiares e &quot;aliados na Corte&quot; - PORTAL DE NOT\u00cdCIAS CLEITON PINHEIRO<\/title>\n<meta name=\"robots\" content=\"index, follow, max-snippet:-1, max-image-preview:large, max-video-preview:-1\" \/>\n<link rel=\"canonical\" href=\"https:\/\/cleitonpinheiro.com.br\/site\/eua-revogam-visto-de-moraes-familiares-e-aliados-na-corte\/\" \/>\n<meta property=\"og:locale\" content=\"pt_BR\" \/>\n<meta property=\"og:type\" content=\"article\" \/>\n<meta property=\"og:title\" content=\"EUA revogam visto de Moraes, familiares e &quot;aliados na Corte&quot; - PORTAL DE NOT\u00cdCIAS CLEITON PINHEIRO\" \/>\n<meta property=\"og:description\" content=\"O\u00a0secret\u00e1rio de Estado dos Estados Unidos, Marco Rubio, anunciou nesta sexta-feira (18) que determinou a revoga\u00e7\u00e3o dos vistos do ministro Alexandre de Moraes, seus familiares e \u201caliados na Corte\u201d. O\u00a0an\u00fancio n\u00e3o deixa claro quais ministros do Supremo Tribunal Federal (STF) devem ser atingidos.\u00a0\u00a0 A\u00a0medida foi anunciada horas ap\u00f3s o ex-presidente Jair Bolsonaro ser alvo de [&hellip;]\" \/>\n<meta property=\"og:url\" content=\"https:\/\/cleitonpinheiro.com.br\/site\/eua-revogam-visto-de-moraes-familiares-e-aliados-na-corte\/\" \/>\n<meta property=\"og:site_name\" content=\"PORTAL DE NOT\u00cdCIAS CLEITON PINHEIRO\" \/>\n<meta property=\"article:publisher\" content=\"https:\/\/www.facebook.com\/portalcpnoticias\/\" \/>\n<meta property=\"article:published_time\" content=\"2025-07-19T17:47:42+00:00\" \/>\n<meta property=\"article:modified_time\" content=\"2025-07-19T17:47:46+00:00\" \/>\n<meta property=\"og:image\" content=\"https:\/\/cleitonpinheiro.com.br\/site\/wp-content\/uploads\/2024\/04\/posse-diretor-pf_mcamgo_abr_100120231818-13.webp\" \/>\n\t<meta property=\"og:image:width\" content=\"1170\" \/>\n\t<meta property=\"og:image:height\" content=\"700\" \/>\n\t<meta property=\"og:image:type\" content=\"image\/webp\" \/>\n<meta name=\"author\" content=\"Reda\u00e7\u00e3o CP\" \/>\n<meta name=\"twitter:card\" content=\"summary_large_image\" \/>\n<meta name=\"twitter:label1\" content=\"Escrito por\" \/>\n\t<meta name=\"twitter:data1\" content=\"Reda\u00e7\u00e3o CP\" \/>\n\t<meta name=\"twitter:label2\" content=\"Est. tempo de leitura\" \/>\n\t<meta name=\"twitter:data2\" content=\"2 minutos\" \/>\n<script type=\"application\/ld+json\" class=\"yoast-schema-graph\">{\"@context\":\"https:\/\/schema.org\",\"@graph\":[{\"@type\":\"Article\",\"@id\":\"https:\/\/cleitonpinheiro.com.br\/site\/eua-revogam-visto-de-moraes-familiares-e-aliados-na-corte\/#article\",\"isPartOf\":{\"@id\":\"https:\/\/cleitonpinheiro.com.br\/site\/eua-revogam-visto-de-moraes-familiares-e-aliados-na-corte\/\"},\"author\":{\"name\":\"Reda\u00e7\u00e3o CP\",\"@id\":\"https:\/\/cleitonpinheiro.com.br\/site\/#\/schema\/person\/8f04544e0bc40a1b68775b08360f87db\"},\"headline\":\"EUA revogam visto de Moraes, familiares e &#8220;aliados na Corte&#8221;\",\"datePublished\":\"2025-07-19T17:47:42+00:00\",\"dateModified\":\"2025-07-19T17:47:46+00:00\",\"mainEntityOfPage\":{\"@id\":\"https:\/\/cleitonpinheiro.com.br\/site\/eua-revogam-visto-de-moraes-familiares-e-aliados-na-corte\/\"},\"wordCount\":288,\"commentCount\":0,\"publisher\":{\"@id\":\"https:\/\/cleitonpinheiro.com.br\/site\/#organization\"},\"image\":{\"@id\":\"https:\/\/cleitonpinheiro.com.br\/site\/eua-revogam-visto-de-moraes-familiares-e-aliados-na-corte\/#primaryimage\"},\"thumbnailUrl\":\"https:\/\/cleitonpinheiro.com.br\/site\/wp-content\/uploads\/2024\/04\/posse-diretor-pf_mcamgo_abr_100120231818-13-1024x613.webp\",\"articleSection\":[\"BRASIL \/ MUNDO\",\"MANCHETE SEGUND\u00c1RIA\",\"TODAS NOTICIAS\"],\"inLanguage\":\"pt-BR\",\"potentialAction\":[{\"@type\":\"CommentAction\",\"name\":\"Comment\",\"target\":[\"https:\/\/cleitonpinheiro.com.br\/site\/eua-revogam-visto-de-moraes-familiares-e-aliados-na-corte\/#respond\"]}]},{\"@type\":\"WebPage\",\"@id\":\"https:\/\/cleitonpinheiro.com.br\/site\/eua-revogam-visto-de-moraes-familiares-e-aliados-na-corte\/\",\"url\":\"https:\/\/cleitonpinheiro.com.br\/site\/eua-revogam-visto-de-moraes-familiares-e-aliados-na-corte\/\",\"name\":\"EUA revogam visto de Moraes, familiares e \\\"aliados na Corte\\\" - PORTAL DE NOT\u00cdCIAS CLEITON PINHEIRO\",\"isPartOf\":{\"@id\":\"https:\/\/cleitonpinheiro.com.br\/site\/#website\"},\"primaryImageOfPage\":{\"@id\":\"https:\/\/cleitonpinheiro.com.br\/site\/eua-revogam-visto-de-moraes-familiares-e-aliados-na-corte\/#primaryimage\"},\"image\":{\"@id\":\"https:\/\/cleitonpinheiro.com.br\/site\/eua-revogam-visto-de-moraes-familiares-e-aliados-na-corte\/#primaryimage\"},\"thumbnailUrl\":\"https:\/\/cleitonpinheiro.com.br\/site\/wp-content\/uploads\/2024\/04\/posse-diretor-pf_mcamgo_abr_100120231818-13-1024x613.webp\",\"datePublished\":\"2025-07-19T17:47:42+00:00\",\"dateModified\":\"2025-07-19T17:47:46+00:00\",\"breadcrumb\":{\"@id\":\"https:\/\/cleitonpinheiro.com.br\/site\/eua-revogam-visto-de-moraes-familiares-e-aliados-na-corte\/#breadcrumb\"},\"inLanguage\":\"pt-BR\",\"potentialAction\":[{\"@type\":\"ReadAction\",\"target\":[\"https:\/\/cleitonpinheiro.com.br\/site\/eua-revogam-visto-de-moraes-familiares-e-aliados-na-corte\/\"]}]},{\"@type\":\"ImageObject\",\"inLanguage\":\"pt-BR\",\"@id\":\"https:\/\/cleitonpinheiro.com.br\/site\/eua-revogam-visto-de-moraes-familiares-e-aliados-na-corte\/#primaryimage\",\"url\":\"\",\"contentUrl\":\"\"},{\"@type\":\"BreadcrumbList\",\"@id\":\"https:\/\/cleitonpinheiro.com.br\/site\/eua-revogam-visto-de-moraes-familiares-e-aliados-na-corte\/#breadcrumb\",\"itemListElement\":[{\"@type\":\"ListItem\",\"position\":1,\"name\":\"In\u00edcio\",\"item\":\"https:\/\/cleitonpinheiro.com.br\/site\/\"},{\"@type\":\"ListItem\",\"position\":2,\"name\":\"EUA revogam visto de Moraes, familiares e &#8220;aliados na Corte&#8221;\"}]},{\"@type\":\"WebSite\",\"@id\":\"https:\/\/cleitonpinheiro.com.br\/site\/#website\",\"url\":\"https:\/\/cleitonpinheiro.com.br\/site\/\",\"name\":\"PORTAL DE NOT\u00cdCIAS CLEITON PINHEIRO\",\"description\":\"FALANDO A VERDADE\",\"publisher\":{\"@id\":\"https:\/\/cleitonpinheiro.com.br\/site\/#organization\"},\"potentialAction\":[{\"@type\":\"SearchAction\",\"target\":{\"@type\":\"EntryPoint\",\"urlTemplate\":\"https:\/\/cleitonpinheiro.com.br\/site\/?s={search_term_string}\"},\"query-input\":{\"@type\":\"PropertyValueSpecification\",\"valueRequired\":true,\"valueName\":\"search_term_string\"}}],\"inLanguage\":\"pt-BR\"},{\"@type\":\"Organization\",\"@id\":\"https:\/\/cleitonpinheiro.com.br\/site\/#organization\",\"name\":\"CPNOT\u00cdCIAS\",\"url\":\"https:\/\/cleitonpinheiro.com.br\/site\/\",\"logo\":{\"@type\":\"ImageObject\",\"inLanguage\":\"pt-BR\",\"@id\":\"https:\/\/cleitonpinheiro.com.br\/site\/#\/schema\/logo\/image\/\",\"url\":\"https:\/\/cleitonpinheiro.com.br\/site\/wp-content\/uploads\/2022\/08\/Logo-pequena-2.png\",\"contentUrl\":\"https:\/\/cleitonpinheiro.com.br\/site\/wp-content\/uploads\/2022\/08\/Logo-pequena-2.png\",\"width\":500,\"height\":500,\"caption\":\"CPNOT\u00cdCIAS\"},\"image\":{\"@id\":\"https:\/\/cleitonpinheiro.com.br\/site\/#\/schema\/logo\/image\/\"},\"sameAs\":[\"https:\/\/www.facebook.com\/portalcpnoticias\/\"]},{\"@type\":\"Person\",\"@id\":\"https:\/\/cleitonpinheiro.com.br\/site\/#\/schema\/person\/8f04544e0bc40a1b68775b08360f87db\",\"name\":\"Reda\u00e7\u00e3o CP\",\"image\":{\"@type\":\"ImageObject\",\"inLanguage\":\"pt-BR\",\"@id\":\"https:\/\/cleitonpinheiro.com.br\/site\/#\/schema\/person\/image\/\",\"url\":\"https:\/\/secure.gravatar.com\/avatar\/0bcf19cb29fdc8fc588c490c7ae1b3e174dac268586a63fbe1d1893a0f9020cd?s=96&r=g\",\"contentUrl\":\"https:\/\/secure.gravatar.com\/avatar\/0bcf19cb29fdc8fc588c490c7ae1b3e174dac268586a63fbe1d1893a0f9020cd?s=96&r=g\",\"caption\":\"Reda\u00e7\u00e3o CP\"},\"url\":\"https:\/\/cleitonpinheiro.com.br\/site\/author\/redacao\/\"}]}<\/script>\n<!-- \/ Yoast SEO plugin. -->","yoast_head_json":{"title":"EUA revogam visto de Moraes, familiares e \"aliados na Corte\" - PORTAL DE NOT\u00cdCIAS CLEITON PINHEIRO","robots":{"index":"index","follow":"follow","max-snippet":"max-snippet:-1","max-image-preview":"max-image-preview:large","max-video-preview":"max-video-preview:-1"},"canonical":"https:\/\/cleitonpinheiro.com.br\/site\/eua-revogam-visto-de-moraes-familiares-e-aliados-na-corte\/","og_locale":"pt_BR","og_type":"article","og_title":"EUA revogam visto de Moraes, familiares e \"aliados na Corte\" - PORTAL DE NOT\u00cdCIAS CLEITON PINHEIRO","og_description":"O\u00a0secret\u00e1rio de Estado dos Estados Unidos, Marco Rubio, anunciou nesta sexta-feira (18) que determinou a revoga\u00e7\u00e3o dos vistos do ministro Alexandre de Moraes, seus familiares e \u201caliados na Corte\u201d. O\u00a0an\u00fancio n\u00e3o deixa claro quais ministros do Supremo Tribunal Federal (STF) devem ser atingidos.\u00a0\u00a0 A\u00a0medida foi anunciada horas ap\u00f3s o ex-presidente Jair Bolsonaro ser alvo de [&hellip;]","og_url":"https:\/\/cleitonpinheiro.com.br\/site\/eua-revogam-visto-de-moraes-familiares-e-aliados-na-corte\/","og_site_name":"PORTAL DE NOT\u00cdCIAS CLEITON PINHEIRO","article_publisher":"https:\/\/www.facebook.com\/portalcpnoticias\/","article_published_time":"2025-07-19T17:47:42+00:00","article_modified_time":"2025-07-19T17:47:46+00:00","og_image":[{"width":1170,"height":700,"url":"https:\/\/cleitonpinheiro.com.br\/site\/wp-content\/uploads\/2024\/04\/posse-diretor-pf_mcamgo_abr_100120231818-13.webp","type":"image\/webp"}],"author":"Reda\u00e7\u00e3o CP","twitter_card":"summary_large_image","twitter_misc":{"Escrito por":"Reda\u00e7\u00e3o CP","Est. tempo de leitura":"2 minutos"},"schema":{"@context":"https:\/\/schema.org","@graph":[{"@type":"Article","@id":"https:\/\/cleitonpinheiro.com.br\/site\/eua-revogam-visto-de-moraes-familiares-e-aliados-na-corte\/#article","isPartOf":{"@id":"https:\/\/cleitonpinheiro.com.br\/site\/eua-revogam-visto-de-moraes-familiares-e-aliados-na-corte\/"},"author":{"name":"Reda\u00e7\u00e3o CP","@id":"https:\/\/cleitonpinheiro.com.br\/site\/#\/schema\/person\/8f04544e0bc40a1b68775b08360f87db"},"headline":"EUA revogam visto de Moraes, familiares e &#8220;aliados na Corte&#8221;","datePublished":"2025-07-19T17:47:42+00:00","dateModified":"2025-07-19T17:47:46+00:00","mainEntityOfPage":{"@id":"https:\/\/cleitonpinheiro.com.br\/site\/eua-revogam-visto-de-moraes-familiares-e-aliados-na-corte\/"},"wordCount":288,"commentCount":0,"publisher":{"@id":"https:\/\/cleitonpinheiro.com.br\/site\/#organization"},"image":{"@id":"https:\/\/cleitonpinheiro.com.br\/site\/eua-revogam-visto-de-moraes-familiares-e-aliados-na-corte\/#primaryimage"},"thumbnailUrl":"https:\/\/cleitonpinheiro.com.br\/site\/wp-content\/uploads\/2024\/04\/posse-diretor-pf_mcamgo_abr_100120231818-13-1024x613.webp","articleSection":["BRASIL \/ MUNDO","MANCHETE SEGUND\u00c1RIA","TODAS NOTICIAS"],"inLanguage":"pt-BR","potentialAction":[{"@type":"CommentAction","name":"Comment","target":["https:\/\/cleitonpinheiro.com.br\/site\/eua-revogam-visto-de-moraes-familiares-e-aliados-na-corte\/#respond"]}]},{"@type":"WebPage","@id":"https:\/\/cleitonpinheiro.com.br\/site\/eua-revogam-visto-de-moraes-familiares-e-aliados-na-corte\/","url":"https:\/\/cleitonpinheiro.com.br\/site\/eua-revogam-visto-de-moraes-familiares-e-aliados-na-corte\/","name":"EUA revogam visto de Moraes, familiares e \"aliados na Corte\" - PORTAL DE NOT\u00cdCIAS CLEITON PINHEIRO","isPartOf":{"@id":"https:\/\/cleitonpinheiro.com.br\/site\/#website"},"primaryImageOfPage":{"@id":"https:\/\/cleitonpinheiro.com.br\/site\/eua-revogam-visto-de-moraes-familiares-e-aliados-na-corte\/#primaryimage"},"image":{"@id":"https:\/\/cleitonpinheiro.com.br\/site\/eua-revogam-visto-de-moraes-familiares-e-aliados-na-corte\/#primaryimage"},"thumbnailUrl":"https:\/\/cleitonpinheiro.com.br\/site\/wp-content\/uploads\/2024\/04\/posse-diretor-pf_mcamgo_abr_100120231818-13-1024x613.webp","datePublished":"2025-07-19T17:47:42+00:00","dateModified":"2025-07-19T17:47:46+00:00","breadcrumb":{"@id":"https:\/\/cleitonpinheiro.com.br\/site\/eua-revogam-visto-de-moraes-familiares-e-aliados-na-corte\/#breadcrumb"},"inLanguage":"pt-BR","potentialAction":[{"@type":"ReadAction","target":["https:\/\/cleitonpinheiro.com.br\/site\/eua-revogam-visto-de-moraes-familiares-e-aliados-na-corte\/"]}]},{"@type":"ImageObject","inLanguage":"pt-BR","@id":"https:\/\/cleitonpinheiro.com.br\/site\/eua-revogam-visto-de-moraes-familiares-e-aliados-na-corte\/#primaryimage","url":"","contentUrl":""},{"@type":"BreadcrumbList","@id":"https:\/\/cleitonpinheiro.com.br\/site\/eua-revogam-visto-de-moraes-familiares-e-aliados-na-corte\/#breadcrumb","itemListElement":[{"@type":"ListItem","position":1,"name":"In\u00edcio","item":"https:\/\/cleitonpinheiro.com.br\/site\/"},{"@type":"ListItem","position":2,"name":"EUA revogam visto de Moraes, familiares e &#8220;aliados na Corte&#8221;"}]},{"@type":"WebSite","@id":"https:\/\/cleitonpinheiro.com.br\/site\/#website","url":"https:\/\/cleitonpinheiro.com.br\/site\/","name":"PORTAL DE NOT\u00cdCIAS CLEITON PINHEIRO","description":"FALANDO A VERDADE","publisher":{"@id":"https:\/\/cleitonpinheiro.com.br\/site\/#organization"},"potentialAction":[{"@type":"SearchAction","target":{"@type":"EntryPoint","urlTemplate":"https:\/\/cleitonpinheiro.com.br\/site\/?s={search_term_string}"},"query-input":{"@type":"PropertyValueSpecification","valueRequired":true,"valueName":"search_term_string"}}],"inLanguage":"pt-BR"},{"@type":"Organization","@id":"https:\/\/cleitonpinheiro.com.br\/site\/#organization","name":"CPNOT\u00cdCIAS","url":"https:\/\/cleitonpinheiro.com.br\/site\/","logo":{"@type":"ImageObject","inLanguage":"pt-BR","@id":"https:\/\/cleitonpinheiro.com.br\/site\/#\/schema\/logo\/image\/","url":"https:\/\/cleitonpinheiro.com.br\/site\/wp-content\/uploads\/2022\/08\/Logo-pequena-2.png","contentUrl":"https:\/\/cleitonpinheiro.com.br\/site\/wp-content\/uploads\/2022\/08\/Logo-pequena-2.png","width":500,"height":500,"caption":"CPNOT\u00cdCIAS"},"image":{"@id":"https:\/\/cleitonpinheiro.com.br\/site\/#\/schema\/logo\/image\/"},"sameAs":["https:\/\/www.facebook.com\/portalcpnoticias\/"]},{"@type":"Person","@id":"https:\/\/cleitonpinheiro.com.br\/site\/#\/schema\/person\/8f04544e0bc40a1b68775b08360f87db","name":"Reda\u00e7\u00e3o CP","image":{"@type":"ImageObject","inLanguage":"pt-BR","@id":"https:\/\/cleitonpinheiro.com.br\/site\/#\/schema\/person\/image\/","url":"https:\/\/secure.gravatar.com\/avatar\/0bcf19cb29fdc8fc588c490c7ae1b3e174dac268586a63fbe1d1893a0f9020cd?s=96&r=g","contentUrl":"https:\/\/secure.gravatar.com\/avatar\/0bcf19cb29fdc8fc588c490c7ae1b3e174dac268586a63fbe1d1893a0f9020cd?s=96&r=g","caption":"Reda\u00e7\u00e3o CP"},"url":"https:\/\/cleitonpinheiro.com.br\/site\/author\/redacao\/"}]}},"views":129,"_links":{"self":[{"href":"https:\/\/cleitonpinheiro.com.br\/site\/wp-json\/wp\/v2\/posts\/86342","targetHints":{"allow":["GET"]}}],"collection":[{"href":"https:\/\/cleitonpinheiro.com.br\/site\/wp-json\/wp\/v2\/posts"}],"about":[{"href":"https:\/\/cleitonpinheiro.com.br\/site\/wp-json\/wp\/v2\/types\/post"}],"author":[{"embeddable":true,"href":"https:\/\/cleitonpinheiro.com.br\/site\/wp-json\/wp\/v2\/users\/13"}],"replies":[{"embeddable":true,"href":"https:\/\/cleitonpinheiro.com.br\/site\/wp-json\/wp\/v2\/comments?post=86342"}],"version-history":[{"count":1,"href":"https:\/\/cleitonpinheiro.com.br\/site\/wp-json\/wp\/v2\/posts\/86342\/revisions"}],"predecessor-version":[{"id":86343,"href":"https:\/\/cleitonpinheiro.com.br\/site\/wp-json\/wp\/v2\/posts\/86342\/revisions\/86343"}],"wp:attachment":[{"href":"https:\/\/cleitonpinheiro.com.br\/site\/wp-json\/wp\/v2\/media?parent=86342"}],"wp:term":[{"taxonomy":"category","embeddable":true,"href":"https:\/\/cleitonpinheiro.com.br\/site\/wp-json\/wp\/v2\/categories?post=86342"},{"taxonomy":"post_tag","embeddable":true,"href":"https:\/\/cleitonpinheiro.com.br\/site\/wp-json\/wp\/v2\/tags?post=86342"}],"curies":[{"name":"wp","href":"https:\/\/api.w.org\/{rel}","templated":true}]}}