{"id":86371,"date":"2025-07-22T10:23:48","date_gmt":"2025-07-22T13:23:48","guid":{"rendered":"https:\/\/cleitonpinheiro.com.br\/site\/?p=86371"},"modified":"2025-07-22T10:23:52","modified_gmt":"2025-07-22T13:23:52","slug":"prefeitura-de-palmas-inicia-recapeamento-em-importante-avenida-comercial-de-taquaralto","status":"publish","type":"post","link":"https:\/\/cleitonpinheiro.com.br\/site\/prefeitura-de-palmas-inicia-recapeamento-em-importante-avenida-comercial-de-taquaralto\/","title":{"rendered":"Prefeitura de Palmas inicia recapeamento em importante avenida comercial de Taquaralto"},"content":{"rendered":"\n<figure class=\"wp-block-image size-large\"><img fetchpriority=\"high\" decoding=\"async\" width=\"1024\" height=\"769\" src=\"https:\/\/cleitonpinheiro.com.br\/site\/wp-content\/uploads\/2025\/07\/WhatsApp-Image-2025-07-21-at-10.47.05-1536x1153-1-1024x769.jpeg\" alt=\"\" class=\"wp-image-86372\" srcset=\"https:\/\/cleitonpinheiro.com.br\/site\/wp-content\/uploads\/2025\/07\/WhatsApp-Image-2025-07-21-at-10.47.05-1536x1153-1-1024x769.jpeg 1024w, https:\/\/cleitonpinheiro.com.br\/site\/wp-content\/uploads\/2025\/07\/WhatsApp-Image-2025-07-21-at-10.47.05-1536x1153-1-300x225.jpeg 300w, https:\/\/cleitonpinheiro.com.br\/site\/wp-content\/uploads\/2025\/07\/WhatsApp-Image-2025-07-21-at-10.47.05-1536x1153-1-768x577.jpeg 768w, https:\/\/cleitonpinheiro.com.br\/site\/wp-content\/uploads\/2025\/07\/WhatsApp-Image-2025-07-21-at-10.47.05-1536x1153-1.jpeg 1536w\" sizes=\"(max-width: 1024px) 100vw, 1024px\" \/><\/figure>\n\n\n\n<p>Mais um investimento da Prefeitura de Palmas em infraestrutura vi\u00e1ria ganha ritmo acelerado. Nesta segunda-feira, 21, as equipes da Secretaria Municipal de Infraestrutura e Obras P\u00fablicas (Seiop) t\u00eam intensificado os servi\u00e7os na avenida comercial Francisco Galv\u00e3o da Cruz, em Taquaralto, regi\u00e3o sul da capital, onde est\u00e1 sendo executada a obra de recapeamento asf\u00e1ltico em Concreto Betuminoso Usinado \u00e0 Quente (CBUQ).<\/p>\n\n\n\n<p>Nesta etapa da obra, os trabalhos se concentram na prepara\u00e7\u00e3o da base asf\u00e1ltica para receber o novo pavimento e sinaliza\u00e7\u00e3o vi\u00e1ria. A interven\u00e7\u00e3o visa melhorar as condi\u00e7\u00f5es de tr\u00e1fego na via, que al\u00e9m de ser um polo de atividade comercial, tamb\u00e9m \u00e9 rota de acesso \u00e0 Escola Municipal de Tempo Integral Luiz Rodrigues Monteiro, o que refor\u00e7a a import\u00e2ncia da obra para a mobilidade e seguran\u00e7a de estudantes, moradores e comerciantes da regi\u00e3o.<\/p>\n\n\n\n<p>Esta \u00e9 a segunda avenida comercial de Taquaralto a receber o recapeamento em CBUQ neste ano. No primeiro semestre, a mesma melhoria foi realizada na Avenida Taquaru\u00e7u, via de acesso ao distrito de Taquaru\u00e7u, um dos pontos tur\u00edsticos mais visitados de Palmas.<\/p>\n\n\n\n<p>O secret\u00e1rio municipal de Infraestrutura e Obras P\u00fablicas, Paulo Cezar Monteiro, destacou que a agilidade nos servi\u00e7os atende ao cronograma de trabalho da gest\u00e3o. \u201cEstamos executando essa obra com total celeridade, por determina\u00e7\u00e3o do prefeito Eduardo Siqueira, que tem como prioridade atender aos anseios da comunidade e melhorar as condi\u00e7\u00f5es de tr\u00e1fego em \u00e1reas estrat\u00e9gicas da cidade. Sabemos da import\u00e2ncia dessa avenida para o fortalecimento do com\u00e9rcio local e para o dia a dia da popula\u00e7\u00e3o, por isso, nosso compromisso \u00e9 entregar um servi\u00e7o de qualidade no menor tempo poss\u00edvel\u201d, pontuou.<\/p>\n\n\n\n<p>Texto: Alcione Luz &#8211; Prefeitura de Palmas<\/p>\n\n\n\n<p><\/p>\n","protected":false},"excerpt":{"rendered":"<p>Mais um investimento da Prefeitura de Palmas em infraestrutura vi\u00e1ria ganha ritmo acelerado. Nesta segunda-feira, 21, as equipes da Secretaria Municipal de Infraestrutura e Obras P\u00fablicas (Seiop) t\u00eam intensificado os servi\u00e7os na avenida comercial Francisco Galv\u00e3o da Cruz, em Taquaralto, regi\u00e3o sul da capital, onde est\u00e1 sendo executada a obra de recapeamento asf\u00e1ltico em Concreto [&hellip;]<\/p>\n","protected":false},"author":13,"featured_media":86372,"comment_status":"open","ping_status":"open","sticky":false,"template":"","format":"standard","meta":{"_acf_changed":false,"footnotes":""},"categories":[22,898,21],"tags":[],"class_list":["post-86371","post","type-post","status-publish","format-standard","has-post-thumbnail","hentry","category-cidades","category-manchete-segundaria","category-todas-noticias"],"acf":[],"yoast_head":"<!-- This site is optimized with the Yoast SEO plugin v24.4 - https:\/\/yoast.com\/wordpress\/plugins\/seo\/ -->\n<title>Prefeitura de Palmas inicia recapeamento em importante avenida comercial de Taquaralto - PORTAL DE NOT\u00cdCIAS CLEITON PINHEIRO<\/title>\n<meta name=\"robots\" content=\"index, follow, max-snippet:-1, max-image-preview:large, max-video-preview:-1\" \/>\n<link rel=\"canonical\" href=\"https:\/\/cleitonpinheiro.com.br\/site\/prefeitura-de-palmas-inicia-recapeamento-em-importante-avenida-comercial-de-taquaralto\/\" \/>\n<meta property=\"og:locale\" content=\"pt_BR\" \/>\n<meta property=\"og:type\" content=\"article\" \/>\n<meta property=\"og:title\" content=\"Prefeitura de Palmas inicia recapeamento em importante avenida comercial de Taquaralto - PORTAL DE NOT\u00cdCIAS CLEITON PINHEIRO\" \/>\n<meta property=\"og:description\" content=\"Mais um investimento da Prefeitura de Palmas em infraestrutura vi\u00e1ria ganha ritmo acelerado. Nesta segunda-feira, 21, as equipes da Secretaria Municipal de Infraestrutura e Obras P\u00fablicas (Seiop) t\u00eam intensificado os servi\u00e7os na avenida comercial Francisco Galv\u00e3o da Cruz, em Taquaralto, regi\u00e3o sul da capital, onde est\u00e1 sendo executada a obra de recapeamento asf\u00e1ltico em Concreto [&hellip;]\" \/>\n<meta property=\"og:url\" content=\"https:\/\/cleitonpinheiro.com.br\/site\/prefeitura-de-palmas-inicia-recapeamento-em-importante-avenida-comercial-de-taquaralto\/\" \/>\n<meta property=\"og:site_name\" content=\"PORTAL DE NOT\u00cdCIAS CLEITON PINHEIRO\" \/>\n<meta property=\"article:publisher\" content=\"https:\/\/www.facebook.com\/portalcpnoticias\/\" \/>\n<meta property=\"article:published_time\" content=\"2025-07-22T13:23:48+00:00\" \/>\n<meta property=\"article:modified_time\" content=\"2025-07-22T13:23:52+00:00\" \/>\n<meta property=\"og:image\" content=\"https:\/\/cleitonpinheiro.com.br\/site\/wp-content\/uploads\/2025\/07\/WhatsApp-Image-2025-07-21-at-10.47.05-1536x1153-1.jpeg\" \/>\n\t<meta property=\"og:image:width\" content=\"1536\" \/>\n\t<meta property=\"og:image:height\" content=\"1153\" \/>\n\t<meta property=\"og:image:type\" content=\"image\/jpeg\" \/>\n<meta name=\"author\" content=\"Reda\u00e7\u00e3o CP\" \/>\n<meta name=\"twitter:card\" content=\"summary_large_image\" \/>\n<meta name=\"twitter:label1\" content=\"Escrito por\" \/>\n\t<meta name=\"twitter:data1\" content=\"Reda\u00e7\u00e3o CP\" \/>\n\t<meta name=\"twitter:label2\" content=\"Est. tempo de leitura\" \/>\n\t<meta name=\"twitter:data2\" content=\"2 minutos\" \/>\n<script type=\"application\/ld+json\" class=\"yoast-schema-graph\">{\"@context\":\"https:\/\/schema.org\",\"@graph\":[{\"@type\":\"Article\",\"@id\":\"https:\/\/cleitonpinheiro.com.br\/site\/prefeitura-de-palmas-inicia-recapeamento-em-importante-avenida-comercial-de-taquaralto\/#article\",\"isPartOf\":{\"@id\":\"https:\/\/cleitonpinheiro.com.br\/site\/prefeitura-de-palmas-inicia-recapeamento-em-importante-avenida-comercial-de-taquaralto\/\"},\"author\":{\"name\":\"Reda\u00e7\u00e3o CP\",\"@id\":\"https:\/\/cleitonpinheiro.com.br\/site\/#\/schema\/person\/8f04544e0bc40a1b68775b08360f87db\"},\"headline\":\"Prefeitura de Palmas inicia recapeamento em importante avenida comercial de Taquaralto\",\"datePublished\":\"2025-07-22T13:23:48+00:00\",\"dateModified\":\"2025-07-22T13:23:52+00:00\",\"mainEntityOfPage\":{\"@id\":\"https:\/\/cleitonpinheiro.com.br\/site\/prefeitura-de-palmas-inicia-recapeamento-em-importante-avenida-comercial-de-taquaralto\/\"},\"wordCount\":314,\"commentCount\":0,\"publisher\":{\"@id\":\"https:\/\/cleitonpinheiro.com.br\/site\/#organization\"},\"image\":{\"@id\":\"https:\/\/cleitonpinheiro.com.br\/site\/prefeitura-de-palmas-inicia-recapeamento-em-importante-avenida-comercial-de-taquaralto\/#primaryimage\"},\"thumbnailUrl\":\"https:\/\/cleitonpinheiro.com.br\/site\/wp-content\/uploads\/2025\/07\/WhatsApp-Image-2025-07-21-at-10.47.05-1536x1153-1.jpeg\",\"articleSection\":[\"CIDADES\",\"MANCHETE SEGUND\u00c1RIA\",\"TODAS NOTICIAS\"],\"inLanguage\":\"pt-BR\",\"potentialAction\":[{\"@type\":\"CommentAction\",\"name\":\"Comment\",\"target\":[\"https:\/\/cleitonpinheiro.com.br\/site\/prefeitura-de-palmas-inicia-recapeamento-em-importante-avenida-comercial-de-taquaralto\/#respond\"]}]},{\"@type\":\"WebPage\",\"@id\":\"https:\/\/cleitonpinheiro.com.br\/site\/prefeitura-de-palmas-inicia-recapeamento-em-importante-avenida-comercial-de-taquaralto\/\",\"url\":\"https:\/\/cleitonpinheiro.com.br\/site\/prefeitura-de-palmas-inicia-recapeamento-em-importante-avenida-comercial-de-taquaralto\/\",\"name\":\"Prefeitura de Palmas inicia recapeamento em importante avenida comercial de Taquaralto - PORTAL DE NOT\u00cdCIAS CLEITON PINHEIRO\",\"isPartOf\":{\"@id\":\"https:\/\/cleitonpinheiro.com.br\/site\/#website\"},\"primaryImageOfPage\":{\"@id\":\"https:\/\/cleitonpinheiro.com.br\/site\/prefeitura-de-palmas-inicia-recapeamento-em-importante-avenida-comercial-de-taquaralto\/#primaryimage\"},\"image\":{\"@id\":\"https:\/\/cleitonpinheiro.com.br\/site\/prefeitura-de-palmas-inicia-recapeamento-em-importante-avenida-comercial-de-taquaralto\/#primaryimage\"},\"thumbnailUrl\":\"https:\/\/cleitonpinheiro.com.br\/site\/wp-content\/uploads\/2025\/07\/WhatsApp-Image-2025-07-21-at-10.47.05-1536x1153-1.jpeg\",\"datePublished\":\"2025-07-22T13:23:48+00:00\",\"dateModified\":\"2025-07-22T13:23:52+00:00\",\"breadcrumb\":{\"@id\":\"https:\/\/cleitonpinheiro.com.br\/site\/prefeitura-de-palmas-inicia-recapeamento-em-importante-avenida-comercial-de-taquaralto\/#breadcrumb\"},\"inLanguage\":\"pt-BR\",\"potentialAction\":[{\"@type\":\"ReadAction\",\"target\":[\"https:\/\/cleitonpinheiro.com.br\/site\/prefeitura-de-palmas-inicia-recapeamento-em-importante-avenida-comercial-de-taquaralto\/\"]}]},{\"@type\":\"ImageObject\",\"inLanguage\":\"pt-BR\",\"@id\":\"https:\/\/cleitonpinheiro.com.br\/site\/prefeitura-de-palmas-inicia-recapeamento-em-importante-avenida-comercial-de-taquaralto\/#primaryimage\",\"url\":\"https:\/\/cleitonpinheiro.com.br\/site\/wp-content\/uploads\/2025\/07\/WhatsApp-Image-2025-07-21-at-10.47.05-1536x1153-1.jpeg\",\"contentUrl\":\"https:\/\/cleitonpinheiro.com.br\/site\/wp-content\/uploads\/2025\/07\/WhatsApp-Image-2025-07-21-at-10.47.05-1536x1153-1.jpeg\",\"width\":1536,\"height\":1153},{\"@type\":\"BreadcrumbList\",\"@id\":\"https:\/\/cleitonpinheiro.com.br\/site\/prefeitura-de-palmas-inicia-recapeamento-em-importante-avenida-comercial-de-taquaralto\/#breadcrumb\",\"itemListElement\":[{\"@type\":\"ListItem\",\"position\":1,\"name\":\"In\u00edcio\",\"item\":\"https:\/\/cleitonpinheiro.com.br\/site\/\"},{\"@type\":\"ListItem\",\"position\":2,\"name\":\"Prefeitura de Palmas inicia recapeamento em importante avenida comercial de Taquaralto\"}]},{\"@type\":\"WebSite\",\"@id\":\"https:\/\/cleitonpinheiro.com.br\/site\/#website\",\"url\":\"https:\/\/cleitonpinheiro.com.br\/site\/\",\"name\":\"PORTAL DE NOT\u00cdCIAS CLEITON PINHEIRO\",\"description\":\"FALANDO A VERDADE\",\"publisher\":{\"@id\":\"https:\/\/cleitonpinheiro.com.br\/site\/#organization\"},\"potentialAction\":[{\"@type\":\"SearchAction\",\"target\":{\"@type\":\"EntryPoint\",\"urlTemplate\":\"https:\/\/cleitonpinheiro.com.br\/site\/?s={search_term_string}\"},\"query-input\":{\"@type\":\"PropertyValueSpecification\",\"valueRequired\":true,\"valueName\":\"search_term_string\"}}],\"inLanguage\":\"pt-BR\"},{\"@type\":\"Organization\",\"@id\":\"https:\/\/cleitonpinheiro.com.br\/site\/#organization\",\"name\":\"CPNOT\u00cdCIAS\",\"url\":\"https:\/\/cleitonpinheiro.com.br\/site\/\",\"logo\":{\"@type\":\"ImageObject\",\"inLanguage\":\"pt-BR\",\"@id\":\"https:\/\/cleitonpinheiro.com.br\/site\/#\/schema\/logo\/image\/\",\"url\":\"https:\/\/cleitonpinheiro.com.br\/site\/wp-content\/uploads\/2022\/08\/Logo-pequena-2.png\",\"contentUrl\":\"https:\/\/cleitonpinheiro.com.br\/site\/wp-content\/uploads\/2022\/08\/Logo-pequena-2.png\",\"width\":500,\"height\":500,\"caption\":\"CPNOT\u00cdCIAS\"},\"image\":{\"@id\":\"https:\/\/cleitonpinheiro.com.br\/site\/#\/schema\/logo\/image\/\"},\"sameAs\":[\"https:\/\/www.facebook.com\/portalcpnoticias\/\"]},{\"@type\":\"Person\",\"@id\":\"https:\/\/cleitonpinheiro.com.br\/site\/#\/schema\/person\/8f04544e0bc40a1b68775b08360f87db\",\"name\":\"Reda\u00e7\u00e3o CP\",\"image\":{\"@type\":\"ImageObject\",\"inLanguage\":\"pt-BR\",\"@id\":\"https:\/\/cleitonpinheiro.com.br\/site\/#\/schema\/person\/image\/\",\"url\":\"https:\/\/secure.gravatar.com\/avatar\/0bcf19cb29fdc8fc588c490c7ae1b3e174dac268586a63fbe1d1893a0f9020cd?s=96&r=g\",\"contentUrl\":\"https:\/\/secure.gravatar.com\/avatar\/0bcf19cb29fdc8fc588c490c7ae1b3e174dac268586a63fbe1d1893a0f9020cd?s=96&r=g\",\"caption\":\"Reda\u00e7\u00e3o CP\"},\"url\":\"https:\/\/cleitonpinheiro.com.br\/site\/author\/redacao\/\"}]}<\/script>\n<!-- \/ Yoast SEO plugin. -->","yoast_head_json":{"title":"Prefeitura de Palmas inicia recapeamento em importante avenida comercial de Taquaralto - PORTAL DE NOT\u00cdCIAS CLEITON PINHEIRO","robots":{"index":"index","follow":"follow","max-snippet":"max-snippet:-1","max-image-preview":"max-image-preview:large","max-video-preview":"max-video-preview:-1"},"canonical":"https:\/\/cleitonpinheiro.com.br\/site\/prefeitura-de-palmas-inicia-recapeamento-em-importante-avenida-comercial-de-taquaralto\/","og_locale":"pt_BR","og_type":"article","og_title":"Prefeitura de Palmas inicia recapeamento em importante avenida comercial de Taquaralto - PORTAL DE NOT\u00cdCIAS CLEITON PINHEIRO","og_description":"Mais um investimento da Prefeitura de Palmas em infraestrutura vi\u00e1ria ganha ritmo acelerado. Nesta segunda-feira, 21, as equipes da Secretaria Municipal de Infraestrutura e Obras P\u00fablicas (Seiop) t\u00eam intensificado os servi\u00e7os na avenida comercial Francisco Galv\u00e3o da Cruz, em Taquaralto, regi\u00e3o sul da capital, onde est\u00e1 sendo executada a obra de recapeamento asf\u00e1ltico em Concreto [&hellip;]","og_url":"https:\/\/cleitonpinheiro.com.br\/site\/prefeitura-de-palmas-inicia-recapeamento-em-importante-avenida-comercial-de-taquaralto\/","og_site_name":"PORTAL DE NOT\u00cdCIAS CLEITON PINHEIRO","article_publisher":"https:\/\/www.facebook.com\/portalcpnoticias\/","article_published_time":"2025-07-22T13:23:48+00:00","article_modified_time":"2025-07-22T13:23:52+00:00","og_image":[{"width":1536,"height":1153,"url":"https:\/\/cleitonpinheiro.com.br\/site\/wp-content\/uploads\/2025\/07\/WhatsApp-Image-2025-07-21-at-10.47.05-1536x1153-1.jpeg","type":"image\/jpeg"}],"author":"Reda\u00e7\u00e3o CP","twitter_card":"summary_large_image","twitter_misc":{"Escrito por":"Reda\u00e7\u00e3o CP","Est. tempo de leitura":"2 minutos"},"schema":{"@context":"https:\/\/schema.org","@graph":[{"@type":"Article","@id":"https:\/\/cleitonpinheiro.com.br\/site\/prefeitura-de-palmas-inicia-recapeamento-em-importante-avenida-comercial-de-taquaralto\/#article","isPartOf":{"@id":"https:\/\/cleitonpinheiro.com.br\/site\/prefeitura-de-palmas-inicia-recapeamento-em-importante-avenida-comercial-de-taquaralto\/"},"author":{"name":"Reda\u00e7\u00e3o CP","@id":"https:\/\/cleitonpinheiro.com.br\/site\/#\/schema\/person\/8f04544e0bc40a1b68775b08360f87db"},"headline":"Prefeitura de Palmas inicia recapeamento em importante avenida comercial de Taquaralto","datePublished":"2025-07-22T13:23:48+00:00","dateModified":"2025-07-22T13:23:52+00:00","mainEntityOfPage":{"@id":"https:\/\/cleitonpinheiro.com.br\/site\/prefeitura-de-palmas-inicia-recapeamento-em-importante-avenida-comercial-de-taquaralto\/"},"wordCount":314,"commentCount":0,"publisher":{"@id":"https:\/\/cleitonpinheiro.com.br\/site\/#organization"},"image":{"@id":"https:\/\/cleitonpinheiro.com.br\/site\/prefeitura-de-palmas-inicia-recapeamento-em-importante-avenida-comercial-de-taquaralto\/#primaryimage"},"thumbnailUrl":"https:\/\/cleitonpinheiro.com.br\/site\/wp-content\/uploads\/2025\/07\/WhatsApp-Image-2025-07-21-at-10.47.05-1536x1153-1.jpeg","articleSection":["CIDADES","MANCHETE SEGUND\u00c1RIA","TODAS NOTICIAS"],"inLanguage":"pt-BR","potentialAction":[{"@type":"CommentAction","name":"Comment","target":["https:\/\/cleitonpinheiro.com.br\/site\/prefeitura-de-palmas-inicia-recapeamento-em-importante-avenida-comercial-de-taquaralto\/#respond"]}]},{"@type":"WebPage","@id":"https:\/\/cleitonpinheiro.com.br\/site\/prefeitura-de-palmas-inicia-recapeamento-em-importante-avenida-comercial-de-taquaralto\/","url":"https:\/\/cleitonpinheiro.com.br\/site\/prefeitura-de-palmas-inicia-recapeamento-em-importante-avenida-comercial-de-taquaralto\/","name":"Prefeitura de Palmas inicia recapeamento em importante avenida comercial de Taquaralto - PORTAL DE NOT\u00cdCIAS CLEITON PINHEIRO","isPartOf":{"@id":"https:\/\/cleitonpinheiro.com.br\/site\/#website"},"primaryImageOfPage":{"@id":"https:\/\/cleitonpinheiro.com.br\/site\/prefeitura-de-palmas-inicia-recapeamento-em-importante-avenida-comercial-de-taquaralto\/#primaryimage"},"image":{"@id":"https:\/\/cleitonpinheiro.com.br\/site\/prefeitura-de-palmas-inicia-recapeamento-em-importante-avenida-comercial-de-taquaralto\/#primaryimage"},"thumbnailUrl":"https:\/\/cleitonpinheiro.com.br\/site\/wp-content\/uploads\/2025\/07\/WhatsApp-Image-2025-07-21-at-10.47.05-1536x1153-1.jpeg","datePublished":"2025-07-22T13:23:48+00:00","dateModified":"2025-07-22T13:23:52+00:00","breadcrumb":{"@id":"https:\/\/cleitonpinheiro.com.br\/site\/prefeitura-de-palmas-inicia-recapeamento-em-importante-avenida-comercial-de-taquaralto\/#breadcrumb"},"inLanguage":"pt-BR","potentialAction":[{"@type":"ReadAction","target":["https:\/\/cleitonpinheiro.com.br\/site\/prefeitura-de-palmas-inicia-recapeamento-em-importante-avenida-comercial-de-taquaralto\/"]}]},{"@type":"ImageObject","inLanguage":"pt-BR","@id":"https:\/\/cleitonpinheiro.com.br\/site\/prefeitura-de-palmas-inicia-recapeamento-em-importante-avenida-comercial-de-taquaralto\/#primaryimage","url":"https:\/\/cleitonpinheiro.com.br\/site\/wp-content\/uploads\/2025\/07\/WhatsApp-Image-2025-07-21-at-10.47.05-1536x1153-1.jpeg","contentUrl":"https:\/\/cleitonpinheiro.com.br\/site\/wp-content\/uploads\/2025\/07\/WhatsApp-Image-2025-07-21-at-10.47.05-1536x1153-1.jpeg","width":1536,"height":1153},{"@type":"BreadcrumbList","@id":"https:\/\/cleitonpinheiro.com.br\/site\/prefeitura-de-palmas-inicia-recapeamento-em-importante-avenida-comercial-de-taquaralto\/#breadcrumb","itemListElement":[{"@type":"ListItem","position":1,"name":"In\u00edcio","item":"https:\/\/cleitonpinheiro.com.br\/site\/"},{"@type":"ListItem","position":2,"name":"Prefeitura de Palmas inicia recapeamento em importante avenida comercial de Taquaralto"}]},{"@type":"WebSite","@id":"https:\/\/cleitonpinheiro.com.br\/site\/#website","url":"https:\/\/cleitonpinheiro.com.br\/site\/","name":"PORTAL DE NOT\u00cdCIAS CLEITON PINHEIRO","description":"FALANDO A VERDADE","publisher":{"@id":"https:\/\/cleitonpinheiro.com.br\/site\/#organization"},"potentialAction":[{"@type":"SearchAction","target":{"@type":"EntryPoint","urlTemplate":"https:\/\/cleitonpinheiro.com.br\/site\/?s={search_term_string}"},"query-input":{"@type":"PropertyValueSpecification","valueRequired":true,"valueName":"search_term_string"}}],"inLanguage":"pt-BR"},{"@type":"Organization","@id":"https:\/\/cleitonpinheiro.com.br\/site\/#organization","name":"CPNOT\u00cdCIAS","url":"https:\/\/cleitonpinheiro.com.br\/site\/","logo":{"@type":"ImageObject","inLanguage":"pt-BR","@id":"https:\/\/cleitonpinheiro.com.br\/site\/#\/schema\/logo\/image\/","url":"https:\/\/cleitonpinheiro.com.br\/site\/wp-content\/uploads\/2022\/08\/Logo-pequena-2.png","contentUrl":"https:\/\/cleitonpinheiro.com.br\/site\/wp-content\/uploads\/2022\/08\/Logo-pequena-2.png","width":500,"height":500,"caption":"CPNOT\u00cdCIAS"},"image":{"@id":"https:\/\/cleitonpinheiro.com.br\/site\/#\/schema\/logo\/image\/"},"sameAs":["https:\/\/www.facebook.com\/portalcpnoticias\/"]},{"@type":"Person","@id":"https:\/\/cleitonpinheiro.com.br\/site\/#\/schema\/person\/8f04544e0bc40a1b68775b08360f87db","name":"Reda\u00e7\u00e3o CP","image":{"@type":"ImageObject","inLanguage":"pt-BR","@id":"https:\/\/cleitonpinheiro.com.br\/site\/#\/schema\/person\/image\/","url":"https:\/\/secure.gravatar.com\/avatar\/0bcf19cb29fdc8fc588c490c7ae1b3e174dac268586a63fbe1d1893a0f9020cd?s=96&r=g","contentUrl":"https:\/\/secure.gravatar.com\/avatar\/0bcf19cb29fdc8fc588c490c7ae1b3e174dac268586a63fbe1d1893a0f9020cd?s=96&r=g","caption":"Reda\u00e7\u00e3o CP"},"url":"https:\/\/cleitonpinheiro.com.br\/site\/author\/redacao\/"}]}},"views":145,"_links":{"self":[{"href":"https:\/\/cleitonpinheiro.com.br\/site\/wp-json\/wp\/v2\/posts\/86371","targetHints":{"allow":["GET"]}}],"collection":[{"href":"https:\/\/cleitonpinheiro.com.br\/site\/wp-json\/wp\/v2\/posts"}],"about":[{"href":"https:\/\/cleitonpinheiro.com.br\/site\/wp-json\/wp\/v2\/types\/post"}],"author":[{"embeddable":true,"href":"https:\/\/cleitonpinheiro.com.br\/site\/wp-json\/wp\/v2\/users\/13"}],"replies":[{"embeddable":true,"href":"https:\/\/cleitonpinheiro.com.br\/site\/wp-json\/wp\/v2\/comments?post=86371"}],"version-history":[{"count":1,"href":"https:\/\/cleitonpinheiro.com.br\/site\/wp-json\/wp\/v2\/posts\/86371\/revisions"}],"predecessor-version":[{"id":86373,"href":"https:\/\/cleitonpinheiro.com.br\/site\/wp-json\/wp\/v2\/posts\/86371\/revisions\/86373"}],"wp:featuredmedia":[{"embeddable":true,"href":"https:\/\/cleitonpinheiro.com.br\/site\/wp-json\/wp\/v2\/media\/86372"}],"wp:attachment":[{"href":"https:\/\/cleitonpinheiro.com.br\/site\/wp-json\/wp\/v2\/media?parent=86371"}],"wp:term":[{"taxonomy":"category","embeddable":true,"href":"https:\/\/cleitonpinheiro.com.br\/site\/wp-json\/wp\/v2\/categories?post=86371"},{"taxonomy":"post_tag","embeddable":true,"href":"https:\/\/cleitonpinheiro.com.br\/site\/wp-json\/wp\/v2\/tags?post=86371"}],"curies":[{"name":"wp","href":"https:\/\/api.w.org\/{rel}","templated":true}]}}